{"id":21071,"date":"2024-11-11T19:01:06","date_gmt":"2024-11-11T19:01:06","guid":{"rendered":"https:\/\/www.valparaisocreativo.cl\/?p=21071"},"modified":"2024-11-11T19:01:22","modified_gmt":"2024-11-11T19:01:22","slug":"una-artista-del-hambre-ensamble-especifico-reversiona-a-kafka-a-cien-anos-de-su-muerte","status":"publish","type":"post","link":"https:\/\/dev.antudigital.cl\/sites\/vc\/una-artista-del-hambre-ensamble-especifico-reversiona-a-kafka-a-cien-anos-de-su-muerte\/","title":{"rendered":"\u201cUNA ARTISTA DEL HAMBRE\u201d: Ensamble Espec\u00edfico reversiona a Kafka a cien a\u00f1os de su muerte"},"content":{"rendered":"\n<p>Ensamble Espec\u00edfico, compa\u00f1\u00eda esc\u00e9nica dirigida por el Actor y Director Claudio Mar\u00edn, estrena en noviembre su m\u00e1s reciente creaci\u00f3n, inspirada en un cuento de Franz Kafka. Un cartel publicitario, una mujer ayunando a la vista de todos. Hacer del hambre un arte que inquieta, cuerpo expuesto, el menor desperdicio de energ\u00eda posible. \u00bfEs verdad que no come nada? \u00bfCu\u00e1nto tiempo lleva as\u00ed? Se preguntan los personajes que la circundan.<\/p>\n\n\n\n<p>El viernes 8 y s\u00e1bado 9 de noviembre habr\u00e1 funciones en F\u00e1brica Costa. Mi\u00e9rcoles 13, jueves 14 y viernes 15 en el Parque Cultural de Valpara\u00edso \u2013 Ex C\u00e1rcel.&nbsp; La temporada de estreno cierra el 29 de noviembre en el Centro Cultural Pedro Aguirre Cerda, de Calle Larga.<\/p>\n\n\n\n<p>Proyecto financiado por el Fondo Nacional de Artes Esc\u00e9nicas, L\u00ednea Creaci\u00f3n y\/o Producci\u00f3n de Montajes Esc\u00e9nicos, Modalidad Trayectoria, Teatro, del Ministerio de las Culturas, las Artes y el Patrimonio.<\/p>\n\n\n\n<p><strong>Claudio Mar\u00edn, director de la puesta en escena<\/strong>, se\u00f1ala: \u201cEsta es la segunda obra que abordamos desde un cuento de Kafka, siendo la primera \u2018Informe para una academia\u2019. Me llam\u00f3 mucho la atenci\u00f3n que en el cuento de Kafka existieran artistas que se dedicaban a ayunar, como los ascetas en el desierto, los monjes tibetanos, una acci\u00f3n que suele estar m\u00e1s relacionada a la meditaci\u00f3n y purificaci\u00f3n del cuerpo, un \u00e1mbito espiritual. Hoy el ayuno est\u00e1 espectacularizado en redes sociales, tensiones intr\u00ednsecas que se desprenden de la literatura kafkiana\u201d.<\/p>\n\n\n\n<figure class=\"wp-block-image size-large\"><img fetchpriority=\"high\" decoding=\"async\" width=\"1024\" height=\"575\" src=\"https:\/\/www.valparaisocreativo.cl\/wp-content\/uploads\/2024\/11\/Hambre-05-1024x575.jpg\" alt=\"\" class=\"wp-image-21072\" srcset=\"https:\/\/dev.antudigital.cl\/sites\/vc\/wp-content\/uploads\/2024\/11\/Hambre-05-1024x575.jpg 1024w, https:\/\/dev.antudigital.cl\/sites\/vc\/wp-content\/uploads\/2024\/11\/Hambre-05-300x169.jpg 300w, https:\/\/dev.antudigital.cl\/sites\/vc\/wp-content\/uploads\/2024\/11\/Hambre-05-768x432.jpg 768w, https:\/\/dev.antudigital.cl\/sites\/vc\/wp-content\/uploads\/2024\/11\/Hambre-05-1536x863.jpg 1536w, https:\/\/dev.antudigital.cl\/sites\/vc\/wp-content\/uploads\/2024\/11\/Hambre-05-1080x607.jpg 1080w, https:\/\/dev.antudigital.cl\/sites\/vc\/wp-content\/uploads\/2024\/11\/Hambre-05-1280x719.jpg 1280w, https:\/\/dev.antudigital.cl\/sites\/vc\/wp-content\/uploads\/2024\/11\/Hambre-05-980x551.jpg 980w, https:\/\/dev.antudigital.cl\/sites\/vc\/wp-content\/uploads\/2024\/11\/Hambre-05-480x270.jpg 480w, https:\/\/dev.antudigital.cl\/sites\/vc\/wp-content\/uploads\/2024\/11\/Hambre-05-24x13.jpg 24w, https:\/\/dev.antudigital.cl\/sites\/vc\/wp-content\/uploads\/2024\/11\/Hambre-05-36x20.jpg 36w, https:\/\/dev.antudigital.cl\/sites\/vc\/wp-content\/uploads\/2024\/11\/Hambre-05-48x27.jpg 48w, https:\/\/dev.antudigital.cl\/sites\/vc\/wp-content\/uploads\/2024\/11\/Hambre-05.jpg 1689w\" sizes=\"(max-width: 1024px) 100vw, 1024px\" \/><\/figure>\n\n\n\n<p>\u201cSeg\u00fan la definici\u00f3n etimol\u00f3gica de <em>performance<\/em>, donde el accionar es tan importante como la palabra o los discursos, los ayunadores ser\u00edan los primeros <em>performers <\/em>de la historia de finales de 1800.&nbsp; Su propuesta consist\u00eda en no comer, y eso conllevaba una puesta en escena. Se confinaban para demostrarle al p\u00fablico que no pod\u00edan romper ese ayuno, y la gente se agolpaba a mirarles, en c\u00e1psulas de vidrio o camillas verticales, una est\u00e9tica bastante espacial, poniendo el cuerpo a disposici\u00f3n del espect\u00e1culo, \u00bfy qu\u00e9 es lo que hace el artista? Nada, incluso no comer\u201d.<\/p>\n\n\n\n<p>\u201cEsa pasividad me parece muy revolucionaria, por eso acudimos a referentes como Marion Wallace Dunlop, una de las primeras mujeres sufragistas que a comienzos del siglo XX ocup\u00f3 el ayuno como signo pol\u00edtico. Estando presa protest\u00f3 contra el dominio brit\u00e1nico a trav\u00e9s de la huelga de hambre, consiguiendo as\u00ed ser reconocida como presa pol\u00edtica y luego liberada\u201d, a\u00f1ade Claudio.<\/p>\n\n\n\n<p><strong>Maritza Far\u00edas, actriz y performer<\/strong>, comparte: \u201cPara m\u00ed esta obra significa un gran desaf\u00edo actoral. Tengo dos roles, con dos vestuarios y peinados distintos. Para m\u00ed la obra habla sobre el vac\u00edo humano, esa sensaci\u00f3n que muchas veces nos inunda y no sabemos c\u00f3mo abarcar. Habla de una b\u00fasqueda, la desesperaci\u00f3n por algo que no llega, no logramos entender. Nos remitimos a Kafka y las angustias humanas, a trav\u00e9s de la dramaturgia de Carla Z\u00fa\u00f1iga, que construye un universo donde los personajes se vac\u00edan mostrando su interior desde adentro hacia afuera, con la palabra, la gestualidad, los roles\u201d.<\/p>\n\n\n\n<p>\u201cPerformo a La Mujer Que Est\u00e1 A Punto De Morir, un personaje que hace una revisi\u00f3n de su vida con todos sus fantasmas, pas\u00f3 de ser una propuesta delirante a una mucho m\u00e1s sinuosa, una templanza, una calma con destellos y estacatos, y La Mujer Que Quiere Dejar De Existir, donde hay un ritmo m\u00e1s r\u00e1pido, ahogado por la ansiedad. Ambas admiran a la ayunadora, la primera la conoci\u00f3 cuando ni\u00f1a, o tal vez era otra ayunadora, y la segunda le habla y la ayunadora le contesta, siendo que trata de bajar todos sus niveles corporales a la m\u00ednima expresi\u00f3n\u201d.<\/p>\n\n\n\n<p>Las funciones adem\u00e1s tienen la particularidad de realizarse en espacios de alta carga hist\u00f3rica y en un formato inmersivo, invitando a los espectadores a escuchar las voces del elenco por medio de aud\u00edfonos y un dispositivo de sonido que se entrega al inicio de cada funci\u00f3n.<\/p>\n\n\n\n<p><strong>FICHA ART\u00cdSTICA<\/strong><\/p>\n\n\n\n<p>Direcci\u00f3n: Claudio Mar\u00edn Echeverr\u00eda&nbsp;<\/p>\n\n\n\n<p>Dramaturgia: Carla Z\u00fa\u00f1iga Morales&nbsp;<\/p>\n\n\n\n<p>Asistencia de direcci\u00f3n: Juan Esteban Meza Cartes&nbsp;<\/p>\n\n\n\n<p>Elenco:<\/p>\n\n\n\n<p>Juliana da Silva Martins&nbsp;<\/p>\n\n\n\n<p>Cristi\u00e1n Lagreze del Solar<\/p>\n\n\n\n<p>Maritza Far\u00edas Cerpa&nbsp;<\/p>\n\n\n\n<p>Dise\u00f1o escenogr\u00e1fico: Daniela Zorra Vargas y Jose Peligrx Far\u00edas<\/p>\n\n\n\n<p>Dise\u00f1o Multimedia: Keka Tauc\u00e1n Castro&nbsp;<\/p>\n\n\n\n<p>Dise\u00f1o Sonoro: Marcello Mart\u00ednez Zu\u00f1iga<\/p>\n\n\n\n<p>Dise\u00f1o gr\u00e1fico: Ver\u00f3nica Garay Reyes<\/p>\n\n\n\n<p>Jefatura t\u00e9cnica: Kevin Morizur<\/p>\n\n\n\n<p>T\u00e9cnico de sonido: Rodrigo Estay Guzm\u00e1n<\/p>\n\n\n\n<p>Realizaci\u00f3n escenogr\u00e1fica: Williams Luttgue (Taller El Litre)<\/p>\n\n\n\n<p>Registro audiovisual y teaser: Ameba Estudio<\/p>\n\n\n\n<p>Comunicaciones: Mat\u00edas Salinas Valenzuela<\/p>\n\n\n\n<p>Producci\u00f3n general: Christopher Ortega Silva<\/p>\n\n\n\n<p><strong>Coordenadas<\/strong><\/p>\n\n\n\n<p><strong>FUNCIONES F\u00c1BRICA COSTA<\/strong><\/p>\n\n\n\n<p>AGOTADAS<\/p>\n\n\n\n<p><strong>FUNCIONES PARQUE CULTURAL DE VALPARA\u00cdSO<\/strong><\/p>\n\n\n\n<p>13, 14 y 15 de noviembre 20:30 HRS<\/p>\n\n\n\n<p>PARQUE CULTURAL DE VALPARA\u00cdSO (Edificio de Transmisi\u00f3n)&nbsp;<\/p>\n\n\n\n<p>Direcci\u00f3n Calle C\u00e1rcel 471, Valpara\u00edso.<\/p>\n\n\n\n<p>ADHESI\u00d3N GENERAL $5000<\/p>\n\n\n\n<p>ESTUDIANTES Y PERSONAS MAYORES $4000<\/p>\n\n\n\n<p>Reservas a <a href=\"mailto:ensambleespecifico@gmail.com\" target=\"_blank\" rel=\"noreferrer noopener\">ensambleespecifico@gmail.com<\/a><\/p>\n\n\n\n<p>IG: @ensambleespecifico<\/p>\n","protected":false},"excerpt":{"rendered":"<p>Ensamble Espec\u00edfico, compa\u00f1\u00eda esc\u00e9nica dirigida por el Actor y Director Claudio Mar\u00edn, estrena en noviembre su m\u00e1s reciente creaci\u00f3n, inspirada en un cuento de Franz Kafka. Un cartel publicitario, una mujer ayunando a la vista de todos. Hacer del hambre un arte que inquieta, cuerpo expuesto, el menor desperdicio de energ\u00eda posible. \u00bfEs verdad que [&hellip;]<\/p>\n","protected":false},"author":1,"featured_media":21073,"comment_status":"closed","ping_status":"closed","sticky":false,"template":"","format":"standard","meta":{"_acf_changed":false,"footnotes":""},"categories":[8],"tags":[],"class_list":["post-21071","post","type-post","status-publish","format-standard","has-post-thumbnail","hentry","category-noticia"],"acf":[],"yoast_head":"<!-- This site is optimized with the Yoast SEO plugin v27.1.1 - https:\/\/yoast.com\/product\/yoast-seo-wordpress\/ -->\n<title>\u201cUNA ARTISTA DEL HAMBRE\u201d: Ensamble Espec\u00edfico reversiona a Kafka a cien a\u00f1os de su muerte - Valpara\u00ed\u00adso Creativo<\/title>\n<meta name=\"robots\" content=\"index, follow, max-snippet:-1, max-image-preview:large, max-video-preview:-1\" \/>\n<link rel=\"canonical\" href=\"https:\/\/dev.antudigital.cl\/sites\/vc\/una-artista-del-hambre-ensamble-especifico-reversiona-a-kafka-a-cien-anos-de-su-muerte\/\" \/>\n<meta property=\"og:locale\" content=\"es_ES\" \/>\n<meta property=\"og:type\" content=\"article\" \/>\n<meta property=\"og:title\" content=\"\u201cUNA ARTISTA DEL HAMBRE\u201d: Ensamble Espec\u00edfico reversiona a Kafka a cien a\u00f1os de su muerte - Valpara\u00ed\u00adso Creativo\" \/>\n<meta property=\"og:description\" content=\"Ensamble Espec\u00edfico, compa\u00f1\u00eda esc\u00e9nica dirigida por el Actor y Director Claudio Mar\u00edn, estrena en noviembre su m\u00e1s reciente creaci\u00f3n, inspirada en un cuento de Franz Kafka. Un cartel publicitario, una mujer ayunando a la vista de todos. Hacer del hambre un arte que inquieta, cuerpo expuesto, el menor desperdicio de energ\u00eda posible. \u00bfEs verdad que [&hellip;]\" \/>\n<meta property=\"og:url\" content=\"https:\/\/dev.antudigital.cl\/sites\/vc\/una-artista-del-hambre-ensamble-especifico-reversiona-a-kafka-a-cien-anos-de-su-muerte\/\" \/>\n<meta property=\"og:site_name\" content=\"Valpara\u00ed\u00adso Creativo\" \/>\n<meta property=\"article:published_time\" content=\"2024-11-11T19:01:06+00:00\" \/>\n<meta property=\"article:modified_time\" content=\"2024-11-11T19:01:22+00:00\" \/>\n<meta property=\"og:image\" content=\"https:\/\/dev.antudigital.cl\/sites\/vc\/wp-content\/uploads\/2024\/11\/Hambre-09.jpg\" \/>\n\t<meta property=\"og:image:width\" content=\"1696\" \/>\n\t<meta property=\"og:image:height\" content=\"953\" \/>\n\t<meta property=\"og:image:type\" content=\"image\/jpeg\" \/>\n<meta name=\"author\" content=\"Valpara\u00edso Creativo\" \/>\n<meta name=\"twitter:card\" content=\"summary_large_image\" \/>\n<meta name=\"twitter:label1\" content=\"Escrito por\" \/>\n\t<meta name=\"twitter:data1\" content=\"Valpara\u00edso Creativo\" \/>\n\t<meta name=\"twitter:label2\" content=\"Tiempo de lectura\" \/>\n\t<meta name=\"twitter:data2\" content=\"4 minutos\" \/>\n<script type=\"application\/ld+json\" class=\"yoast-schema-graph\">{\"@context\":\"https:\/\/schema.org\",\"@graph\":[{\"@type\":\"Article\",\"@id\":\"https:\/\/dev.antudigital.cl\/sites\/vc\/una-artista-del-hambre-ensamble-especifico-reversiona-a-kafka-a-cien-anos-de-su-muerte\/#article\",\"isPartOf\":{\"@id\":\"https:\/\/dev.antudigital.cl\/sites\/vc\/una-artista-del-hambre-ensamble-especifico-reversiona-a-kafka-a-cien-anos-de-su-muerte\/\"},\"author\":{\"name\":\"Valpara\u00edso Creativo\",\"@id\":\"https:\/\/dev.antudigital.cl\/sites\/vc\/#\/schema\/person\/c2b9da8dd545e27166fc5ab232837318\"},\"headline\":\"\u201cUNA ARTISTA DEL HAMBRE\u201d: Ensamble Espec\u00edfico reversiona a Kafka a cien a\u00f1os de su muerte\",\"datePublished\":\"2024-11-11T19:01:06+00:00\",\"dateModified\":\"2024-11-11T19:01:22+00:00\",\"mainEntityOfPage\":{\"@id\":\"https:\/\/dev.antudigital.cl\/sites\/vc\/una-artista-del-hambre-ensamble-especifico-reversiona-a-kafka-a-cien-anos-de-su-muerte\/\"},\"wordCount\":870,\"image\":{\"@id\":\"https:\/\/dev.antudigital.cl\/sites\/vc\/una-artista-del-hambre-ensamble-especifico-reversiona-a-kafka-a-cien-anos-de-su-muerte\/#primaryimage\"},\"thumbnailUrl\":\"https:\/\/dev.antudigital.cl\/sites\/vc\/wp-content\/uploads\/2024\/11\/Hambre-09.jpg\",\"articleSection\":[\"Noticia\"],\"inLanguage\":\"es\"},{\"@type\":\"WebPage\",\"@id\":\"https:\/\/dev.antudigital.cl\/sites\/vc\/una-artista-del-hambre-ensamble-especifico-reversiona-a-kafka-a-cien-anos-de-su-muerte\/\",\"url\":\"https:\/\/dev.antudigital.cl\/sites\/vc\/una-artista-del-hambre-ensamble-especifico-reversiona-a-kafka-a-cien-anos-de-su-muerte\/\",\"name\":\"\u201cUNA ARTISTA DEL HAMBRE\u201d: Ensamble Espec\u00edfico reversiona a Kafka a cien a\u00f1os de su muerte - Valpara\u00ed\u00adso Creativo\",\"isPartOf\":{\"@id\":\"https:\/\/dev.antudigital.cl\/sites\/vc\/#website\"},\"primaryImageOfPage\":{\"@id\":\"https:\/\/dev.antudigital.cl\/sites\/vc\/una-artista-del-hambre-ensamble-especifico-reversiona-a-kafka-a-cien-anos-de-su-muerte\/#primaryimage\"},\"image\":{\"@id\":\"https:\/\/dev.antudigital.cl\/sites\/vc\/una-artista-del-hambre-ensamble-especifico-reversiona-a-kafka-a-cien-anos-de-su-muerte\/#primaryimage\"},\"thumbnailUrl\":\"https:\/\/dev.antudigital.cl\/sites\/vc\/wp-content\/uploads\/2024\/11\/Hambre-09.jpg\",\"datePublished\":\"2024-11-11T19:01:06+00:00\",\"dateModified\":\"2024-11-11T19:01:22+00:00\",\"author\":{\"@id\":\"https:\/\/dev.antudigital.cl\/sites\/vc\/#\/schema\/person\/c2b9da8dd545e27166fc5ab232837318\"},\"breadcrumb\":{\"@id\":\"https:\/\/dev.antudigital.cl\/sites\/vc\/una-artista-del-hambre-ensamble-especifico-reversiona-a-kafka-a-cien-anos-de-su-muerte\/#breadcrumb\"},\"inLanguage\":\"es\",\"potentialAction\":[{\"@type\":\"ReadAction\",\"target\":[\"https:\/\/dev.antudigital.cl\/sites\/vc\/una-artista-del-hambre-ensamble-especifico-reversiona-a-kafka-a-cien-anos-de-su-muerte\/\"]}]},{\"@type\":\"ImageObject\",\"inLanguage\":\"es\",\"@id\":\"https:\/\/dev.antudigital.cl\/sites\/vc\/una-artista-del-hambre-ensamble-especifico-reversiona-a-kafka-a-cien-anos-de-su-muerte\/#primaryimage\",\"url\":\"https:\/\/dev.antudigital.cl\/sites\/vc\/wp-content\/uploads\/2024\/11\/Hambre-09.jpg\",\"contentUrl\":\"https:\/\/dev.antudigital.cl\/sites\/vc\/wp-content\/uploads\/2024\/11\/Hambre-09.jpg\",\"width\":1696,\"height\":953},{\"@type\":\"BreadcrumbList\",\"@id\":\"https:\/\/dev.antudigital.cl\/sites\/vc\/una-artista-del-hambre-ensamble-especifico-reversiona-a-kafka-a-cien-anos-de-su-muerte\/#breadcrumb\",\"itemListElement\":[{\"@type\":\"ListItem\",\"position\":1,\"name\":\"Home\",\"item\":\"https:\/\/dev.antudigital.cl\/sites\/vc\/\"},{\"@type\":\"ListItem\",\"position\":2,\"name\":\"\u201cUNA ARTISTA DEL HAMBRE\u201d: Ensamble Espec\u00edfico reversiona a Kafka a cien a\u00f1os de su muerte\"}]},{\"@type\":\"WebSite\",\"@id\":\"https:\/\/dev.antudigital.cl\/sites\/vc\/#website\",\"url\":\"https:\/\/dev.antudigital.cl\/sites\/vc\/\",\"name\":\"Valpara\u00ed\u00adso Creativo\",\"description\":\"\",\"potentialAction\":[{\"@type\":\"SearchAction\",\"target\":{\"@type\":\"EntryPoint\",\"urlTemplate\":\"https:\/\/dev.antudigital.cl\/sites\/vc\/?s={search_term_string}\"},\"query-input\":{\"@type\":\"PropertyValueSpecification\",\"valueRequired\":true,\"valueName\":\"search_term_string\"}}],\"inLanguage\":\"es\"},{\"@type\":\"Person\",\"@id\":\"https:\/\/dev.antudigital.cl\/sites\/vc\/#\/schema\/person\/c2b9da8dd545e27166fc5ab232837318\",\"name\":\"Valpara\u00edso Creativo\",\"description\":\"Periodista de cultura en la Regi\u00f3n de Valpara\u00edso.\",\"url\":\"https:\/\/dev.antudigital.cl\/sites\/vc\/author\/valpoadmin\/\"}]}<\/script>\n<!-- \/ Yoast SEO plugin. -->","yoast_head_json":{"title":"\u201cUNA ARTISTA DEL HAMBRE\u201d: Ensamble Espec\u00edfico reversiona a Kafka a cien a\u00f1os de su muerte - Valpara\u00ed\u00adso Creativo","robots":{"index":"index","follow":"follow","max-snippet":"max-snippet:-1","max-image-preview":"max-image-preview:large","max-video-preview":"max-video-preview:-1"},"canonical":"https:\/\/dev.antudigital.cl\/sites\/vc\/una-artista-del-hambre-ensamble-especifico-reversiona-a-kafka-a-cien-anos-de-su-muerte\/","og_locale":"es_ES","og_type":"article","og_title":"\u201cUNA ARTISTA DEL HAMBRE\u201d: Ensamble Espec\u00edfico reversiona a Kafka a cien a\u00f1os de su muerte - Valpara\u00ed\u00adso Creativo","og_description":"Ensamble Espec\u00edfico, compa\u00f1\u00eda esc\u00e9nica dirigida por el Actor y Director Claudio Mar\u00edn, estrena en noviembre su m\u00e1s reciente creaci\u00f3n, inspirada en un cuento de Franz Kafka. Un cartel publicitario, una mujer ayunando a la vista de todos. Hacer del hambre un arte que inquieta, cuerpo expuesto, el menor desperdicio de energ\u00eda posible. \u00bfEs verdad que [&hellip;]","og_url":"https:\/\/dev.antudigital.cl\/sites\/vc\/una-artista-del-hambre-ensamble-especifico-reversiona-a-kafka-a-cien-anos-de-su-muerte\/","og_site_name":"Valpara\u00ed\u00adso Creativo","article_published_time":"2024-11-11T19:01:06+00:00","article_modified_time":"2024-11-11T19:01:22+00:00","og_image":[{"width":1696,"height":953,"url":"https:\/\/dev.antudigital.cl\/sites\/vc\/wp-content\/uploads\/2024\/11\/Hambre-09.jpg","type":"image\/jpeg"}],"author":"Valpara\u00edso Creativo","twitter_card":"summary_large_image","twitter_misc":{"Escrito por":"Valpara\u00edso Creativo","Tiempo de lectura":"4 minutos"},"schema":{"@context":"https:\/\/schema.org","@graph":[{"@type":"Article","@id":"https:\/\/dev.antudigital.cl\/sites\/vc\/una-artista-del-hambre-ensamble-especifico-reversiona-a-kafka-a-cien-anos-de-su-muerte\/#article","isPartOf":{"@id":"https:\/\/dev.antudigital.cl\/sites\/vc\/una-artista-del-hambre-ensamble-especifico-reversiona-a-kafka-a-cien-anos-de-su-muerte\/"},"author":{"name":"Valpara\u00edso Creativo","@id":"https:\/\/dev.antudigital.cl\/sites\/vc\/#\/schema\/person\/c2b9da8dd545e27166fc5ab232837318"},"headline":"\u201cUNA ARTISTA DEL HAMBRE\u201d: Ensamble Espec\u00edfico reversiona a Kafka a cien a\u00f1os de su muerte","datePublished":"2024-11-11T19:01:06+00:00","dateModified":"2024-11-11T19:01:22+00:00","mainEntityOfPage":{"@id":"https:\/\/dev.antudigital.cl\/sites\/vc\/una-artista-del-hambre-ensamble-especifico-reversiona-a-kafka-a-cien-anos-de-su-muerte\/"},"wordCount":870,"image":{"@id":"https:\/\/dev.antudigital.cl\/sites\/vc\/una-artista-del-hambre-ensamble-especifico-reversiona-a-kafka-a-cien-anos-de-su-muerte\/#primaryimage"},"thumbnailUrl":"https:\/\/dev.antudigital.cl\/sites\/vc\/wp-content\/uploads\/2024\/11\/Hambre-09.jpg","articleSection":["Noticia"],"inLanguage":"es"},{"@type":"WebPage","@id":"https:\/\/dev.antudigital.cl\/sites\/vc\/una-artista-del-hambre-ensamble-especifico-reversiona-a-kafka-a-cien-anos-de-su-muerte\/","url":"https:\/\/dev.antudigital.cl\/sites\/vc\/una-artista-del-hambre-ensamble-especifico-reversiona-a-kafka-a-cien-anos-de-su-muerte\/","name":"\u201cUNA ARTISTA DEL HAMBRE\u201d: Ensamble Espec\u00edfico reversiona a Kafka a cien a\u00f1os de su muerte - Valpara\u00ed\u00adso Creativo","isPartOf":{"@id":"https:\/\/dev.antudigital.cl\/sites\/vc\/#website"},"primaryImageOfPage":{"@id":"https:\/\/dev.antudigital.cl\/sites\/vc\/una-artista-del-hambre-ensamble-especifico-reversiona-a-kafka-a-cien-anos-de-su-muerte\/#primaryimage"},"image":{"@id":"https:\/\/dev.antudigital.cl\/sites\/vc\/una-artista-del-hambre-ensamble-especifico-reversiona-a-kafka-a-cien-anos-de-su-muerte\/#primaryimage"},"thumbnailUrl":"https:\/\/dev.antudigital.cl\/sites\/vc\/wp-content\/uploads\/2024\/11\/Hambre-09.jpg","datePublished":"2024-11-11T19:01:06+00:00","dateModified":"2024-11-11T19:01:22+00:00","author":{"@id":"https:\/\/dev.antudigital.cl\/sites\/vc\/#\/schema\/person\/c2b9da8dd545e27166fc5ab232837318"},"breadcrumb":{"@id":"https:\/\/dev.antudigital.cl\/sites\/vc\/una-artista-del-hambre-ensamble-especifico-reversiona-a-kafka-a-cien-anos-de-su-muerte\/#breadcrumb"},"inLanguage":"es","potentialAction":[{"@type":"ReadAction","target":["https:\/\/dev.antudigital.cl\/sites\/vc\/una-artista-del-hambre-ensamble-especifico-reversiona-a-kafka-a-cien-anos-de-su-muerte\/"]}]},{"@type":"ImageObject","inLanguage":"es","@id":"https:\/\/dev.antudigital.cl\/sites\/vc\/una-artista-del-hambre-ensamble-especifico-reversiona-a-kafka-a-cien-anos-de-su-muerte\/#primaryimage","url":"https:\/\/dev.antudigital.cl\/sites\/vc\/wp-content\/uploads\/2024\/11\/Hambre-09.jpg","contentUrl":"https:\/\/dev.antudigital.cl\/sites\/vc\/wp-content\/uploads\/2024\/11\/Hambre-09.jpg","width":1696,"height":953},{"@type":"BreadcrumbList","@id":"https:\/\/dev.antudigital.cl\/sites\/vc\/una-artista-del-hambre-ensamble-especifico-reversiona-a-kafka-a-cien-anos-de-su-muerte\/#breadcrumb","itemListElement":[{"@type":"ListItem","position":1,"name":"Home","item":"https:\/\/dev.antudigital.cl\/sites\/vc\/"},{"@type":"ListItem","position":2,"name":"\u201cUNA ARTISTA DEL HAMBRE\u201d: Ensamble Espec\u00edfico reversiona a Kafka a cien a\u00f1os de su muerte"}]},{"@type":"WebSite","@id":"https:\/\/dev.antudigital.cl\/sites\/vc\/#website","url":"https:\/\/dev.antudigital.cl\/sites\/vc\/","name":"Valpara\u00ed\u00adso Creativo","description":"","potentialAction":[{"@type":"SearchAction","target":{"@type":"EntryPoint","urlTemplate":"https:\/\/dev.antudigital.cl\/sites\/vc\/?s={search_term_string}"},"query-input":{"@type":"PropertyValueSpecification","valueRequired":true,"valueName":"search_term_string"}}],"inLanguage":"es"},{"@type":"Person","@id":"https:\/\/dev.antudigital.cl\/sites\/vc\/#\/schema\/person\/c2b9da8dd545e27166fc5ab232837318","name":"Valpara\u00edso Creativo","description":"Periodista de cultura en la Regi\u00f3n de Valpara\u00edso.","url":"https:\/\/dev.antudigital.cl\/sites\/vc\/author\/valpoadmin\/"}]}},"_links":{"self":[{"href":"https:\/\/dev.antudigital.cl\/sites\/vc\/wp-json\/wp\/v2\/posts\/21071","targetHints":{"allow":["GET"]}}],"collection":[{"href":"https:\/\/dev.antudigital.cl\/sites\/vc\/wp-json\/wp\/v2\/posts"}],"about":[{"href":"https:\/\/dev.antudigital.cl\/sites\/vc\/wp-json\/wp\/v2\/types\/post"}],"author":[{"embeddable":true,"href":"https:\/\/dev.antudigital.cl\/sites\/vc\/wp-json\/wp\/v2\/users\/1"}],"replies":[{"embeddable":true,"href":"https:\/\/dev.antudigital.cl\/sites\/vc\/wp-json\/wp\/v2\/comments?post=21071"}],"version-history":[{"count":1,"href":"https:\/\/dev.antudigital.cl\/sites\/vc\/wp-json\/wp\/v2\/posts\/21071\/revisions"}],"predecessor-version":[{"id":21074,"href":"https:\/\/dev.antudigital.cl\/sites\/vc\/wp-json\/wp\/v2\/posts\/21071\/revisions\/21074"}],"wp:featuredmedia":[{"embeddable":true,"href":"https:\/\/dev.antudigital.cl\/sites\/vc\/wp-json\/wp\/v2\/media\/21073"}],"wp:attachment":[{"href":"https:\/\/dev.antudigital.cl\/sites\/vc\/wp-json\/wp\/v2\/media?parent=21071"}],"wp:term":[{"taxonomy":"category","embeddable":true,"href":"https:\/\/dev.antudigital.cl\/sites\/vc\/wp-json\/wp\/v2\/categories?post=21071"},{"taxonomy":"post_tag","embeddable":true,"href":"https:\/\/dev.antudigital.cl\/sites\/vc\/wp-json\/wp\/v2\/tags?post=21071"}],"curies":[{"name":"wp","href":"https:\/\/api.w.org\/{rel}","templated":true}]}}