{"id":21079,"date":"2024-11-11T19:32:08","date_gmt":"2024-11-11T19:32:08","guid":{"rendered":"https:\/\/www.valparaisocreativo.cl\/?p=21079"},"modified":"2024-11-11T19:32:24","modified_gmt":"2024-11-11T19:32:24","slug":"baj-valpo-abre-convocatoria-de-galeria-de-artes-para-el-2025","status":"publish","type":"post","link":"https:\/\/dev.antudigital.cl\/sites\/vc\/baj-valpo-abre-convocatoria-de-galeria-de-artes-para-el-2025\/","title":{"rendered":"BAJ Valpo abre convocatoria de\u00a0Galer\u00eda de Artes\u00a0para el 2025"},"content":{"rendered":"\n<p><strong>Balmaceda Arte Joven Valpara\u00edso invita a j\u00f3venes artistas de la regi\u00f3n a presentar proyectos individuales o colectivos para el Ciclo 2025 de su Galer\u00eda de Artes. Se buscan obras alineadas con la L\u00ednea Curatorial propuesta y que incluyan actividades de mediaci\u00f3n durante el per\u00edodo de exposici\u00f3n, fomentando una interacci\u00f3n directa entre las obras y el p\u00fablico.<\/strong><\/p>\n\n\n\n<p>La <strong>Galer\u00eda BAJ Valpo<\/strong> es un espacio de exposici\u00f3n dedicado a j\u00f3venes creadores y colectivos emergentes, quienes representan el estado actual de la producci\u00f3n art\u00edstica en Chile, con un enfoque en la creaci\u00f3n local, pero siempre abierta al di\u00e1logo con otras geograf\u00edas y culturas. Este espacio destaca por promover nuevas formas expositivas y experimentales que van m\u00e1s all\u00e1 de los m\u00e1rgenes acad\u00e9micos, impulsando una curator\u00eda centrada en contenidos cr\u00edticos y reflexivos. Adem\u00e1s, ofrece actividades que invitan a los espectadores a involucrarse activamente con las obras mediante la mediaci\u00f3n y la formaci\u00f3n de audiencias, fortaleciendo as\u00ed el v\u00ednculo entre artistas y p\u00fablico.&nbsp;<\/p>\n\n\n\n<p>La convocatoria est\u00e1 abierta a diversas disciplinas sin restricciones t\u00e9cnicas ni de formato (como artes visuales, fotograf\u00eda, arte sonoro, y nuevos medios), dentro de las posibilidades del espacio expositivo. Se valorar\u00e1n propuestas innovadoras que exploren nuevas formas de montaje y fomenten la reflexi\u00f3n sobre el territorio y el pensamiento cr\u00edtico.<\/p>\n\n\n\n<p>Para el <strong>Ciclo 2025<\/strong>, la galer\u00eda ha planificado tres per\u00edodos de exposici\u00f3n: enero, marzo \u2013 mayo, y agosto \u2013 octubre, cada uno con una tem\u00e1tica espec\u00edfica que las obras seleccionadas deber\u00e1n abordar. Los artistas ser\u00e1n seleccionados a trav\u00e9s de una convocatoria abierta que permanecer\u00e1 vigente hasta el <strong>15 de noviembre de 2024<\/strong>.<br>Para m\u00e1s detalles y bases de postulaci\u00f3n, visita <a href=\"http:\/\/www.baj.cl\">www.baj.cl<\/a>.<\/p>\n\n\n\n<figure class=\"wp-block-image size-large\"><img fetchpriority=\"high\" decoding=\"async\" width=\"1024\" height=\"1024\" src=\"https:\/\/www.valparaisocreativo.cl\/wp-content\/uploads\/2024\/11\/AFICHE-1024x1024.png\" alt=\"\" class=\"wp-image-21080\" srcset=\"https:\/\/dev.antudigital.cl\/sites\/vc\/wp-content\/uploads\/2024\/11\/AFICHE-1024x1024.png 1024w, https:\/\/dev.antudigital.cl\/sites\/vc\/wp-content\/uploads\/2024\/11\/AFICHE-300x300.png 300w, https:\/\/dev.antudigital.cl\/sites\/vc\/wp-content\/uploads\/2024\/11\/AFICHE-150x150.png 150w, https:\/\/dev.antudigital.cl\/sites\/vc\/wp-content\/uploads\/2024\/11\/AFICHE-768x768.png 768w, https:\/\/dev.antudigital.cl\/sites\/vc\/wp-content\/uploads\/2024\/11\/AFICHE-980x980.png 980w, https:\/\/dev.antudigital.cl\/sites\/vc\/wp-content\/uploads\/2024\/11\/AFICHE-480x480.png 480w, https:\/\/dev.antudigital.cl\/sites\/vc\/wp-content\/uploads\/2024\/11\/AFICHE-24x24.png 24w, https:\/\/dev.antudigital.cl\/sites\/vc\/wp-content\/uploads\/2024\/11\/AFICHE-36x36.png 36w, https:\/\/dev.antudigital.cl\/sites\/vc\/wp-content\/uploads\/2024\/11\/AFICHE-48x48.png 48w, https:\/\/dev.antudigital.cl\/sites\/vc\/wp-content\/uploads\/2024\/11\/AFICHE.png 1080w\" sizes=\"(max-width: 1024px) 100vw, 1024px\" \/><\/figure>\n","protected":false},"excerpt":{"rendered":"<p>Balmaceda Arte Joven Valpara\u00edso invita a j\u00f3venes artistas de la regi\u00f3n a presentar proyectos individuales o colectivos para el Ciclo 2025 de su Galer\u00eda de Artes. Se buscan obras alineadas con la L\u00ednea Curatorial propuesta y que incluyan actividades de mediaci\u00f3n durante el per\u00edodo de exposici\u00f3n, fomentando una interacci\u00f3n directa entre las obras y el [&hellip;]<\/p>\n","protected":false},"author":1,"featured_media":21081,"comment_status":"closed","ping_status":"closed","sticky":false,"template":"","format":"standard","meta":{"_acf_changed":false,"footnotes":""},"categories":[8],"tags":[],"class_list":["post-21079","post","type-post","status-publish","format-standard","has-post-thumbnail","hentry","category-noticia"],"acf":[],"yoast_head":"<!-- This site is optimized with the Yoast SEO plugin v27.1.1 - https:\/\/yoast.com\/product\/yoast-seo-wordpress\/ -->\n<title>BAJ Valpo abre convocatoria de\u00a0Galer\u00eda de Artes\u00a0para el 2025 - Valpara\u00ed\u00adso Creativo<\/title>\n<meta name=\"robots\" content=\"index, follow, max-snippet:-1, max-image-preview:large, max-video-preview:-1\" \/>\n<link rel=\"canonical\" href=\"https:\/\/dev.antudigital.cl\/sites\/vc\/baj-valpo-abre-convocatoria-de-galeria-de-artes-para-el-2025\/\" \/>\n<meta property=\"og:locale\" content=\"es_ES\" \/>\n<meta property=\"og:type\" content=\"article\" \/>\n<meta property=\"og:title\" content=\"BAJ Valpo abre convocatoria de\u00a0Galer\u00eda de Artes\u00a0para el 2025 - Valpara\u00ed\u00adso Creativo\" \/>\n<meta property=\"og:description\" content=\"Balmaceda Arte Joven Valpara\u00edso invita a j\u00f3venes artistas de la regi\u00f3n a presentar proyectos individuales o colectivos para el Ciclo 2025 de su Galer\u00eda de Artes. Se buscan obras alineadas con la L\u00ednea Curatorial propuesta y que incluyan actividades de mediaci\u00f3n durante el per\u00edodo de exposici\u00f3n, fomentando una interacci\u00f3n directa entre las obras y el [&hellip;]\" \/>\n<meta property=\"og:url\" content=\"https:\/\/dev.antudigital.cl\/sites\/vc\/baj-valpo-abre-convocatoria-de-galeria-de-artes-para-el-2025\/\" \/>\n<meta property=\"og:site_name\" content=\"Valpara\u00ed\u00adso Creativo\" \/>\n<meta property=\"article:published_time\" content=\"2024-11-11T19:32:08+00:00\" \/>\n<meta property=\"article:modified_time\" content=\"2024-11-11T19:32:24+00:00\" \/>\n<meta property=\"og:image\" content=\"https:\/\/dev.antudigital.cl\/sites\/vc\/wp-content\/uploads\/2024\/11\/BAJ-VALPO-scaled.jpg\" \/>\n\t<meta property=\"og:image:width\" content=\"2560\" \/>\n\t<meta property=\"og:image:height\" content=\"1707\" \/>\n\t<meta property=\"og:image:type\" content=\"image\/jpeg\" \/>\n<meta name=\"author\" content=\"Valpara\u00edso Creativo\" \/>\n<meta name=\"twitter:card\" content=\"summary_large_image\" \/>\n<meta name=\"twitter:label1\" content=\"Escrito por\" \/>\n\t<meta name=\"twitter:data1\" content=\"Valpara\u00edso Creativo\" \/>\n\t<meta name=\"twitter:label2\" content=\"Tiempo de lectura\" \/>\n\t<meta name=\"twitter:data2\" content=\"2 minutos\" \/>\n<script type=\"application\/ld+json\" class=\"yoast-schema-graph\">{\"@context\":\"https:\/\/schema.org\",\"@graph\":[{\"@type\":\"Article\",\"@id\":\"https:\/\/dev.antudigital.cl\/sites\/vc\/baj-valpo-abre-convocatoria-de-galeria-de-artes-para-el-2025\/#article\",\"isPartOf\":{\"@id\":\"https:\/\/dev.antudigital.cl\/sites\/vc\/baj-valpo-abre-convocatoria-de-galeria-de-artes-para-el-2025\/\"},\"author\":{\"name\":\"Valpara\u00edso Creativo\",\"@id\":\"https:\/\/dev.antudigital.cl\/sites\/vc\/#\/schema\/person\/c2b9da8dd545e27166fc5ab232837318\"},\"headline\":\"BAJ Valpo abre convocatoria de\u00a0Galer\u00eda de Artes\u00a0para el 2025\",\"datePublished\":\"2024-11-11T19:32:08+00:00\",\"dateModified\":\"2024-11-11T19:32:24+00:00\",\"mainEntityOfPage\":{\"@id\":\"https:\/\/dev.antudigital.cl\/sites\/vc\/baj-valpo-abre-convocatoria-de-galeria-de-artes-para-el-2025\/\"},\"wordCount\":319,\"image\":{\"@id\":\"https:\/\/dev.antudigital.cl\/sites\/vc\/baj-valpo-abre-convocatoria-de-galeria-de-artes-para-el-2025\/#primaryimage\"},\"thumbnailUrl\":\"https:\/\/dev.antudigital.cl\/sites\/vc\/wp-content\/uploads\/2024\/11\/BAJ-VALPO-scaled.jpg\",\"articleSection\":[\"Noticia\"],\"inLanguage\":\"es\"},{\"@type\":\"WebPage\",\"@id\":\"https:\/\/dev.antudigital.cl\/sites\/vc\/baj-valpo-abre-convocatoria-de-galeria-de-artes-para-el-2025\/\",\"url\":\"https:\/\/dev.antudigital.cl\/sites\/vc\/baj-valpo-abre-convocatoria-de-galeria-de-artes-para-el-2025\/\",\"name\":\"BAJ Valpo abre convocatoria de\u00a0Galer\u00eda de Artes\u00a0para el 2025 - Valpara\u00ed\u00adso Creativo\",\"isPartOf\":{\"@id\":\"https:\/\/dev.antudigital.cl\/sites\/vc\/#website\"},\"primaryImageOfPage\":{\"@id\":\"https:\/\/dev.antudigital.cl\/sites\/vc\/baj-valpo-abre-convocatoria-de-galeria-de-artes-para-el-2025\/#primaryimage\"},\"image\":{\"@id\":\"https:\/\/dev.antudigital.cl\/sites\/vc\/baj-valpo-abre-convocatoria-de-galeria-de-artes-para-el-2025\/#primaryimage\"},\"thumbnailUrl\":\"https:\/\/dev.antudigital.cl\/sites\/vc\/wp-content\/uploads\/2024\/11\/BAJ-VALPO-scaled.jpg\",\"datePublished\":\"2024-11-11T19:32:08+00:00\",\"dateModified\":\"2024-11-11T19:32:24+00:00\",\"author\":{\"@id\":\"https:\/\/dev.antudigital.cl\/sites\/vc\/#\/schema\/person\/c2b9da8dd545e27166fc5ab232837318\"},\"breadcrumb\":{\"@id\":\"https:\/\/dev.antudigital.cl\/sites\/vc\/baj-valpo-abre-convocatoria-de-galeria-de-artes-para-el-2025\/#breadcrumb\"},\"inLanguage\":\"es\",\"potentialAction\":[{\"@type\":\"ReadAction\",\"target\":[\"https:\/\/dev.antudigital.cl\/sites\/vc\/baj-valpo-abre-convocatoria-de-galeria-de-artes-para-el-2025\/\"]}]},{\"@type\":\"ImageObject\",\"inLanguage\":\"es\",\"@id\":\"https:\/\/dev.antudigital.cl\/sites\/vc\/baj-valpo-abre-convocatoria-de-galeria-de-artes-para-el-2025\/#primaryimage\",\"url\":\"https:\/\/dev.antudigital.cl\/sites\/vc\/wp-content\/uploads\/2024\/11\/BAJ-VALPO-scaled.jpg\",\"contentUrl\":\"https:\/\/dev.antudigital.cl\/sites\/vc\/wp-content\/uploads\/2024\/11\/BAJ-VALPO-scaled.jpg\",\"width\":2560,\"height\":1707},{\"@type\":\"BreadcrumbList\",\"@id\":\"https:\/\/dev.antudigital.cl\/sites\/vc\/baj-valpo-abre-convocatoria-de-galeria-de-artes-para-el-2025\/#breadcrumb\",\"itemListElement\":[{\"@type\":\"ListItem\",\"position\":1,\"name\":\"Home\",\"item\":\"https:\/\/dev.antudigital.cl\/sites\/vc\/\"},{\"@type\":\"ListItem\",\"position\":2,\"name\":\"BAJ Valpo abre convocatoria de\u00a0Galer\u00eda de Artes\u00a0para el 2025\"}]},{\"@type\":\"WebSite\",\"@id\":\"https:\/\/dev.antudigital.cl\/sites\/vc\/#website\",\"url\":\"https:\/\/dev.antudigital.cl\/sites\/vc\/\",\"name\":\"Valpara\u00ed\u00adso Creativo\",\"description\":\"\",\"potentialAction\":[{\"@type\":\"SearchAction\",\"target\":{\"@type\":\"EntryPoint\",\"urlTemplate\":\"https:\/\/dev.antudigital.cl\/sites\/vc\/?s={search_term_string}\"},\"query-input\":{\"@type\":\"PropertyValueSpecification\",\"valueRequired\":true,\"valueName\":\"search_term_string\"}}],\"inLanguage\":\"es\"},{\"@type\":\"Person\",\"@id\":\"https:\/\/dev.antudigital.cl\/sites\/vc\/#\/schema\/person\/c2b9da8dd545e27166fc5ab232837318\",\"name\":\"Valpara\u00edso Creativo\",\"description\":\"Periodista de cultura en la Regi\u00f3n de Valpara\u00edso.\",\"url\":\"https:\/\/dev.antudigital.cl\/sites\/vc\/author\/valpoadmin\/\"}]}<\/script>\n<!-- \/ Yoast SEO plugin. -->","yoast_head_json":{"title":"BAJ Valpo abre convocatoria de\u00a0Galer\u00eda de Artes\u00a0para el 2025 - Valpara\u00ed\u00adso Creativo","robots":{"index":"index","follow":"follow","max-snippet":"max-snippet:-1","max-image-preview":"max-image-preview:large","max-video-preview":"max-video-preview:-1"},"canonical":"https:\/\/dev.antudigital.cl\/sites\/vc\/baj-valpo-abre-convocatoria-de-galeria-de-artes-para-el-2025\/","og_locale":"es_ES","og_type":"article","og_title":"BAJ Valpo abre convocatoria de\u00a0Galer\u00eda de Artes\u00a0para el 2025 - Valpara\u00ed\u00adso Creativo","og_description":"Balmaceda Arte Joven Valpara\u00edso invita a j\u00f3venes artistas de la regi\u00f3n a presentar proyectos individuales o colectivos para el Ciclo 2025 de su Galer\u00eda de Artes. Se buscan obras alineadas con la L\u00ednea Curatorial propuesta y que incluyan actividades de mediaci\u00f3n durante el per\u00edodo de exposici\u00f3n, fomentando una interacci\u00f3n directa entre las obras y el [&hellip;]","og_url":"https:\/\/dev.antudigital.cl\/sites\/vc\/baj-valpo-abre-convocatoria-de-galeria-de-artes-para-el-2025\/","og_site_name":"Valpara\u00ed\u00adso Creativo","article_published_time":"2024-11-11T19:32:08+00:00","article_modified_time":"2024-11-11T19:32:24+00:00","og_image":[{"width":2560,"height":1707,"url":"https:\/\/dev.antudigital.cl\/sites\/vc\/wp-content\/uploads\/2024\/11\/BAJ-VALPO-scaled.jpg","type":"image\/jpeg"}],"author":"Valpara\u00edso Creativo","twitter_card":"summary_large_image","twitter_misc":{"Escrito por":"Valpara\u00edso Creativo","Tiempo de lectura":"2 minutos"},"schema":{"@context":"https:\/\/schema.org","@graph":[{"@type":"Article","@id":"https:\/\/dev.antudigital.cl\/sites\/vc\/baj-valpo-abre-convocatoria-de-galeria-de-artes-para-el-2025\/#article","isPartOf":{"@id":"https:\/\/dev.antudigital.cl\/sites\/vc\/baj-valpo-abre-convocatoria-de-galeria-de-artes-para-el-2025\/"},"author":{"name":"Valpara\u00edso Creativo","@id":"https:\/\/dev.antudigital.cl\/sites\/vc\/#\/schema\/person\/c2b9da8dd545e27166fc5ab232837318"},"headline":"BAJ Valpo abre convocatoria de\u00a0Galer\u00eda de Artes\u00a0para el 2025","datePublished":"2024-11-11T19:32:08+00:00","dateModified":"2024-11-11T19:32:24+00:00","mainEntityOfPage":{"@id":"https:\/\/dev.antudigital.cl\/sites\/vc\/baj-valpo-abre-convocatoria-de-galeria-de-artes-para-el-2025\/"},"wordCount":319,"image":{"@id":"https:\/\/dev.antudigital.cl\/sites\/vc\/baj-valpo-abre-convocatoria-de-galeria-de-artes-para-el-2025\/#primaryimage"},"thumbnailUrl":"https:\/\/dev.antudigital.cl\/sites\/vc\/wp-content\/uploads\/2024\/11\/BAJ-VALPO-scaled.jpg","articleSection":["Noticia"],"inLanguage":"es"},{"@type":"WebPage","@id":"https:\/\/dev.antudigital.cl\/sites\/vc\/baj-valpo-abre-convocatoria-de-galeria-de-artes-para-el-2025\/","url":"https:\/\/dev.antudigital.cl\/sites\/vc\/baj-valpo-abre-convocatoria-de-galeria-de-artes-para-el-2025\/","name":"BAJ Valpo abre convocatoria de\u00a0Galer\u00eda de Artes\u00a0para el 2025 - Valpara\u00ed\u00adso Creativo","isPartOf":{"@id":"https:\/\/dev.antudigital.cl\/sites\/vc\/#website"},"primaryImageOfPage":{"@id":"https:\/\/dev.antudigital.cl\/sites\/vc\/baj-valpo-abre-convocatoria-de-galeria-de-artes-para-el-2025\/#primaryimage"},"image":{"@id":"https:\/\/dev.antudigital.cl\/sites\/vc\/baj-valpo-abre-convocatoria-de-galeria-de-artes-para-el-2025\/#primaryimage"},"thumbnailUrl":"https:\/\/dev.antudigital.cl\/sites\/vc\/wp-content\/uploads\/2024\/11\/BAJ-VALPO-scaled.jpg","datePublished":"2024-11-11T19:32:08+00:00","dateModified":"2024-11-11T19:32:24+00:00","author":{"@id":"https:\/\/dev.antudigital.cl\/sites\/vc\/#\/schema\/person\/c2b9da8dd545e27166fc5ab232837318"},"breadcrumb":{"@id":"https:\/\/dev.antudigital.cl\/sites\/vc\/baj-valpo-abre-convocatoria-de-galeria-de-artes-para-el-2025\/#breadcrumb"},"inLanguage":"es","potentialAction":[{"@type":"ReadAction","target":["https:\/\/dev.antudigital.cl\/sites\/vc\/baj-valpo-abre-convocatoria-de-galeria-de-artes-para-el-2025\/"]}]},{"@type":"ImageObject","inLanguage":"es","@id":"https:\/\/dev.antudigital.cl\/sites\/vc\/baj-valpo-abre-convocatoria-de-galeria-de-artes-para-el-2025\/#primaryimage","url":"https:\/\/dev.antudigital.cl\/sites\/vc\/wp-content\/uploads\/2024\/11\/BAJ-VALPO-scaled.jpg","contentUrl":"https:\/\/dev.antudigital.cl\/sites\/vc\/wp-content\/uploads\/2024\/11\/BAJ-VALPO-scaled.jpg","width":2560,"height":1707},{"@type":"BreadcrumbList","@id":"https:\/\/dev.antudigital.cl\/sites\/vc\/baj-valpo-abre-convocatoria-de-galeria-de-artes-para-el-2025\/#breadcrumb","itemListElement":[{"@type":"ListItem","position":1,"name":"Home","item":"https:\/\/dev.antudigital.cl\/sites\/vc\/"},{"@type":"ListItem","position":2,"name":"BAJ Valpo abre convocatoria de\u00a0Galer\u00eda de Artes\u00a0para el 2025"}]},{"@type":"WebSite","@id":"https:\/\/dev.antudigital.cl\/sites\/vc\/#website","url":"https:\/\/dev.antudigital.cl\/sites\/vc\/","name":"Valpara\u00ed\u00adso Creativo","description":"","potentialAction":[{"@type":"SearchAction","target":{"@type":"EntryPoint","urlTemplate":"https:\/\/dev.antudigital.cl\/sites\/vc\/?s={search_term_string}"},"query-input":{"@type":"PropertyValueSpecification","valueRequired":true,"valueName":"search_term_string"}}],"inLanguage":"es"},{"@type":"Person","@id":"https:\/\/dev.antudigital.cl\/sites\/vc\/#\/schema\/person\/c2b9da8dd545e27166fc5ab232837318","name":"Valpara\u00edso Creativo","description":"Periodista de cultura en la Regi\u00f3n de Valpara\u00edso.","url":"https:\/\/dev.antudigital.cl\/sites\/vc\/author\/valpoadmin\/"}]}},"_links":{"self":[{"href":"https:\/\/dev.antudigital.cl\/sites\/vc\/wp-json\/wp\/v2\/posts\/21079","targetHints":{"allow":["GET"]}}],"collection":[{"href":"https:\/\/dev.antudigital.cl\/sites\/vc\/wp-json\/wp\/v2\/posts"}],"about":[{"href":"https:\/\/dev.antudigital.cl\/sites\/vc\/wp-json\/wp\/v2\/types\/post"}],"author":[{"embeddable":true,"href":"https:\/\/dev.antudigital.cl\/sites\/vc\/wp-json\/wp\/v2\/users\/1"}],"replies":[{"embeddable":true,"href":"https:\/\/dev.antudigital.cl\/sites\/vc\/wp-json\/wp\/v2\/comments?post=21079"}],"version-history":[{"count":1,"href":"https:\/\/dev.antudigital.cl\/sites\/vc\/wp-json\/wp\/v2\/posts\/21079\/revisions"}],"predecessor-version":[{"id":21082,"href":"https:\/\/dev.antudigital.cl\/sites\/vc\/wp-json\/wp\/v2\/posts\/21079\/revisions\/21082"}],"wp:featuredmedia":[{"embeddable":true,"href":"https:\/\/dev.antudigital.cl\/sites\/vc\/wp-json\/wp\/v2\/media\/21081"}],"wp:attachment":[{"href":"https:\/\/dev.antudigital.cl\/sites\/vc\/wp-json\/wp\/v2\/media?parent=21079"}],"wp:term":[{"taxonomy":"category","embeddable":true,"href":"https:\/\/dev.antudigital.cl\/sites\/vc\/wp-json\/wp\/v2\/categories?post=21079"},{"taxonomy":"post_tag","embeddable":true,"href":"https:\/\/dev.antudigital.cl\/sites\/vc\/wp-json\/wp\/v2\/tags?post=21079"}],"curies":[{"name":"wp","href":"https:\/\/api.w.org\/{rel}","templated":true}]}}