{"id":21086,"date":"2024-11-11T19:41:34","date_gmt":"2024-11-11T19:41:34","guid":{"rendered":"https:\/\/www.valparaisocreativo.cl\/?p=21086"},"modified":"2024-11-11T19:41:52","modified_gmt":"2024-11-11T19:41:52","slug":"se-acerca-masterclass-vera-passos-en-diciembre-2024","status":"publish","type":"post","link":"https:\/\/dev.antudigital.cl\/sites\/vc\/se-acerca-masterclass-vera-passos-en-diciembre-2024\/","title":{"rendered":"Se acerca Masterclass Vera Passos en diciembre 2024"},"content":{"rendered":"\n<p>Vera Passos es hoy en d\u00eda una de las referencias y maestras m\u00e1s importante de danza en Brasil, tiene una amplia formaci\u00f3n y trayectoria la cual la hace estar constantemente formando a personas en todo el mundo. Esta vez tendremos el privilegio de tenerla con una clase magistral con m\u00fasica en vivo en Valpara\u00edso, el d\u00eda 8 de diciembre, en donde ser\u00e1 un encuentro de dos clases: T\u00e9cnica Silvestre y Simbolog\u00eda de los Orix\u00e1s.<\/p>\n\n\n\n<ul class=\"wp-block-list\">\n<li>La T\u00e9cnica Silvestre es una propuesta de danza que busca conectar el cuerpo, es una t\u00e9cnica creada en Salvador de Bah\u00eda en donde se mezcla y se entiende la t\u00e9cnica desde tres tri\u00e1ngulos y a su vez los cuatros elementos, para el entendimiento de movimientos fusionados a la danza moderna y contempor\u00e1nea.<\/li>\n<\/ul>\n\n\n\n<ul class=\"wp-block-list\">\n<li>Danza de Orix\u00e1s: Esta propuesta proviene de un estudio de las conexiones entre los ritmos y el movimiento tradicional, arquetipo e historia de los bailes de Orix\u00e1s, interpretados como una forma de arte. Se concibe a los Orix\u00e1s como la esencia del Pluriverso. Cada uno es una energ\u00eda fundamental para el desenvolvimiento del movimiento. Aportando tonos, densidades y conexiones a nuestro cuerpo.<\/li>\n<\/ul>\n\n\n\n<p>Lugar: @salasantodomingo<\/p>\n\n\n\n<p>Domingo 8 de diciembre<\/p>\n\n\n\n<p>De 18:00 a 22:00 hrs<\/p>\n\n\n\n<p>NO SE NECESITA EXPERIENCIA PREVIA<\/p>\n\n\n\n<p>INSCRIPCIONES Y M\u00c1S INFORMACI\u00d3N EN EL LINK DE LA BIO<\/p>\n\n\n\n<p>CUALQUIER DUDA ENVIAR MENSAJE<\/p>\n\n\n\n<p>Les esperamos, no se pierdan esta gran oportunidad.<\/p>\n\n\n\n<p><strong>link de inscripci\u00f3n:<\/strong><a href=\"https:\/\/forms.gle\/pTKFyN3t1rEjESWeA\" target=\"_blank\" rel=\"noreferrer noopener\">https:\/\/forms.gle\/pTKFyN3t1rEjESWeA<\/a><\/p>\n\n\n\n<figure class=\"wp-block-image size-large\"><img fetchpriority=\"high\" decoding=\"async\" width=\"819\" height=\"1024\" src=\"https:\/\/www.valparaisocreativo.cl\/wp-content\/uploads\/2024\/11\/WhatsApp-Image-2024-10-23-at-06.09.31-819x1024.jpeg\" alt=\"\" class=\"wp-image-21088\" srcset=\"https:\/\/dev.antudigital.cl\/sites\/vc\/wp-content\/uploads\/2024\/11\/WhatsApp-Image-2024-10-23-at-06.09.31-819x1024.jpeg 819w, https:\/\/dev.antudigital.cl\/sites\/vc\/wp-content\/uploads\/2024\/11\/WhatsApp-Image-2024-10-23-at-06.09.31-240x300.jpeg 240w, https:\/\/dev.antudigital.cl\/sites\/vc\/wp-content\/uploads\/2024\/11\/WhatsApp-Image-2024-10-23-at-06.09.31-768x960.jpeg 768w, https:\/\/dev.antudigital.cl\/sites\/vc\/wp-content\/uploads\/2024\/11\/WhatsApp-Image-2024-10-23-at-06.09.31-980x1225.jpeg 980w, https:\/\/dev.antudigital.cl\/sites\/vc\/wp-content\/uploads\/2024\/11\/WhatsApp-Image-2024-10-23-at-06.09.31-480x600.jpeg 480w, https:\/\/dev.antudigital.cl\/sites\/vc\/wp-content\/uploads\/2024\/11\/WhatsApp-Image-2024-10-23-at-06.09.31-19x24.jpeg 19w, https:\/\/dev.antudigital.cl\/sites\/vc\/wp-content\/uploads\/2024\/11\/WhatsApp-Image-2024-10-23-at-06.09.31-29x36.jpeg 29w, https:\/\/dev.antudigital.cl\/sites\/vc\/wp-content\/uploads\/2024\/11\/WhatsApp-Image-2024-10-23-at-06.09.31-38x48.jpeg 38w, https:\/\/dev.antudigital.cl\/sites\/vc\/wp-content\/uploads\/2024\/11\/WhatsApp-Image-2024-10-23-at-06.09.31.jpeg 1024w\" sizes=\"(max-width: 819px) 100vw, 819px\" \/><\/figure>\n","protected":false},"excerpt":{"rendered":"<p>Vera Passos es hoy en d\u00eda una de las referencias y maestras m\u00e1s importante de danza en Brasil, tiene una amplia formaci\u00f3n y trayectoria la cual la hace estar constantemente formando a personas en todo el mundo. Esta vez tendremos el privilegio de tenerla con una clase magistral con m\u00fasica en vivo en Valpara\u00edso, el [&hellip;]<\/p>\n","protected":false},"author":1,"featured_media":21087,"comment_status":"closed","ping_status":"closed","sticky":false,"template":"","format":"standard","meta":{"_acf_changed":false,"footnotes":""},"categories":[8],"tags":[],"class_list":["post-21086","post","type-post","status-publish","format-standard","has-post-thumbnail","hentry","category-noticia"],"acf":[],"yoast_head":"<!-- This site is optimized with the Yoast SEO plugin v27.1.1 - https:\/\/yoast.com\/product\/yoast-seo-wordpress\/ -->\n<title>Se acerca Masterclass Vera Passos en diciembre 2024 - Valpara\u00ed\u00adso Creativo<\/title>\n<meta name=\"robots\" content=\"index, follow, max-snippet:-1, max-image-preview:large, max-video-preview:-1\" \/>\n<link rel=\"canonical\" href=\"https:\/\/dev.antudigital.cl\/sites\/vc\/se-acerca-masterclass-vera-passos-en-diciembre-2024\/\" \/>\n<meta property=\"og:locale\" content=\"es_ES\" \/>\n<meta property=\"og:type\" content=\"article\" \/>\n<meta property=\"og:title\" content=\"Se acerca Masterclass Vera Passos en diciembre 2024 - Valpara\u00ed\u00adso Creativo\" \/>\n<meta property=\"og:description\" content=\"Vera Passos es hoy en d\u00eda una de las referencias y maestras m\u00e1s importante de danza en Brasil, tiene una amplia formaci\u00f3n y trayectoria la cual la hace estar constantemente formando a personas en todo el mundo. Esta vez tendremos el privilegio de tenerla con una clase magistral con m\u00fasica en vivo en Valpara\u00edso, el [&hellip;]\" \/>\n<meta property=\"og:url\" content=\"https:\/\/dev.antudigital.cl\/sites\/vc\/se-acerca-masterclass-vera-passos-en-diciembre-2024\/\" \/>\n<meta property=\"og:site_name\" content=\"Valpara\u00ed\u00adso Creativo\" \/>\n<meta property=\"article:published_time\" content=\"2024-11-11T19:41:34+00:00\" \/>\n<meta property=\"article:modified_time\" content=\"2024-11-11T19:41:52+00:00\" \/>\n<meta property=\"og:image\" content=\"https:\/\/dev.antudigital.cl\/sites\/vc\/wp-content\/uploads\/2024\/11\/Captura-de-Pantalla-2024-11-11-a-las-16.40.53.png\" \/>\n\t<meta property=\"og:image:width\" content=\"906\" \/>\n\t<meta property=\"og:image:height\" content=\"222\" \/>\n\t<meta property=\"og:image:type\" content=\"image\/png\" \/>\n<meta name=\"author\" content=\"Valpara\u00edso Creativo\" \/>\n<meta name=\"twitter:card\" content=\"summary_large_image\" \/>\n<meta name=\"twitter:label1\" content=\"Escrito por\" \/>\n\t<meta name=\"twitter:data1\" content=\"Valpara\u00edso Creativo\" \/>\n\t<meta name=\"twitter:label2\" content=\"Tiempo de lectura\" \/>\n\t<meta name=\"twitter:data2\" content=\"2 minutos\" \/>\n<script type=\"application\/ld+json\" class=\"yoast-schema-graph\">{\"@context\":\"https:\/\/schema.org\",\"@graph\":[{\"@type\":\"Article\",\"@id\":\"https:\/\/dev.antudigital.cl\/sites\/vc\/se-acerca-masterclass-vera-passos-en-diciembre-2024\/#article\",\"isPartOf\":{\"@id\":\"https:\/\/dev.antudigital.cl\/sites\/vc\/se-acerca-masterclass-vera-passos-en-diciembre-2024\/\"},\"author\":{\"name\":\"Valpara\u00edso Creativo\",\"@id\":\"https:\/\/dev.antudigital.cl\/sites\/vc\/#\/schema\/person\/c2b9da8dd545e27166fc5ab232837318\"},\"headline\":\"Se acerca Masterclass Vera Passos en diciembre 2024\",\"datePublished\":\"2024-11-11T19:41:34+00:00\",\"dateModified\":\"2024-11-11T19:41:52+00:00\",\"mainEntityOfPage\":{\"@id\":\"https:\/\/dev.antudigital.cl\/sites\/vc\/se-acerca-masterclass-vera-passos-en-diciembre-2024\/\"},\"wordCount\":260,\"image\":{\"@id\":\"https:\/\/dev.antudigital.cl\/sites\/vc\/se-acerca-masterclass-vera-passos-en-diciembre-2024\/#primaryimage\"},\"thumbnailUrl\":\"https:\/\/dev.antudigital.cl\/sites\/vc\/wp-content\/uploads\/2024\/11\/Captura-de-Pantalla-2024-11-11-a-las-16.40.53.png\",\"articleSection\":[\"Noticia\"],\"inLanguage\":\"es\"},{\"@type\":\"WebPage\",\"@id\":\"https:\/\/dev.antudigital.cl\/sites\/vc\/se-acerca-masterclass-vera-passos-en-diciembre-2024\/\",\"url\":\"https:\/\/dev.antudigital.cl\/sites\/vc\/se-acerca-masterclass-vera-passos-en-diciembre-2024\/\",\"name\":\"Se acerca Masterclass Vera Passos en diciembre 2024 - Valpara\u00ed\u00adso Creativo\",\"isPartOf\":{\"@id\":\"https:\/\/dev.antudigital.cl\/sites\/vc\/#website\"},\"primaryImageOfPage\":{\"@id\":\"https:\/\/dev.antudigital.cl\/sites\/vc\/se-acerca-masterclass-vera-passos-en-diciembre-2024\/#primaryimage\"},\"image\":{\"@id\":\"https:\/\/dev.antudigital.cl\/sites\/vc\/se-acerca-masterclass-vera-passos-en-diciembre-2024\/#primaryimage\"},\"thumbnailUrl\":\"https:\/\/dev.antudigital.cl\/sites\/vc\/wp-content\/uploads\/2024\/11\/Captura-de-Pantalla-2024-11-11-a-las-16.40.53.png\",\"datePublished\":\"2024-11-11T19:41:34+00:00\",\"dateModified\":\"2024-11-11T19:41:52+00:00\",\"author\":{\"@id\":\"https:\/\/dev.antudigital.cl\/sites\/vc\/#\/schema\/person\/c2b9da8dd545e27166fc5ab232837318\"},\"breadcrumb\":{\"@id\":\"https:\/\/dev.antudigital.cl\/sites\/vc\/se-acerca-masterclass-vera-passos-en-diciembre-2024\/#breadcrumb\"},\"inLanguage\":\"es\",\"potentialAction\":[{\"@type\":\"ReadAction\",\"target\":[\"https:\/\/dev.antudigital.cl\/sites\/vc\/se-acerca-masterclass-vera-passos-en-diciembre-2024\/\"]}]},{\"@type\":\"ImageObject\",\"inLanguage\":\"es\",\"@id\":\"https:\/\/dev.antudigital.cl\/sites\/vc\/se-acerca-masterclass-vera-passos-en-diciembre-2024\/#primaryimage\",\"url\":\"https:\/\/dev.antudigital.cl\/sites\/vc\/wp-content\/uploads\/2024\/11\/Captura-de-Pantalla-2024-11-11-a-las-16.40.53.png\",\"contentUrl\":\"https:\/\/dev.antudigital.cl\/sites\/vc\/wp-content\/uploads\/2024\/11\/Captura-de-Pantalla-2024-11-11-a-las-16.40.53.png\",\"width\":906,\"height\":222},{\"@type\":\"BreadcrumbList\",\"@id\":\"https:\/\/dev.antudigital.cl\/sites\/vc\/se-acerca-masterclass-vera-passos-en-diciembre-2024\/#breadcrumb\",\"itemListElement\":[{\"@type\":\"ListItem\",\"position\":1,\"name\":\"Home\",\"item\":\"https:\/\/dev.antudigital.cl\/sites\/vc\/\"},{\"@type\":\"ListItem\",\"position\":2,\"name\":\"Se acerca Masterclass Vera Passos en diciembre 2024\"}]},{\"@type\":\"WebSite\",\"@id\":\"https:\/\/dev.antudigital.cl\/sites\/vc\/#website\",\"url\":\"https:\/\/dev.antudigital.cl\/sites\/vc\/\",\"name\":\"Valpara\u00ed\u00adso Creativo\",\"description\":\"\",\"potentialAction\":[{\"@type\":\"SearchAction\",\"target\":{\"@type\":\"EntryPoint\",\"urlTemplate\":\"https:\/\/dev.antudigital.cl\/sites\/vc\/?s={search_term_string}\"},\"query-input\":{\"@type\":\"PropertyValueSpecification\",\"valueRequired\":true,\"valueName\":\"search_term_string\"}}],\"inLanguage\":\"es\"},{\"@type\":\"Person\",\"@id\":\"https:\/\/dev.antudigital.cl\/sites\/vc\/#\/schema\/person\/c2b9da8dd545e27166fc5ab232837318\",\"name\":\"Valpara\u00edso Creativo\",\"description\":\"Periodista de cultura en la Regi\u00f3n de Valpara\u00edso.\",\"url\":\"https:\/\/dev.antudigital.cl\/sites\/vc\/author\/valpoadmin\/\"}]}<\/script>\n<!-- \/ Yoast SEO plugin. -->","yoast_head_json":{"title":"Se acerca Masterclass Vera Passos en diciembre 2024 - Valpara\u00ed\u00adso Creativo","robots":{"index":"index","follow":"follow","max-snippet":"max-snippet:-1","max-image-preview":"max-image-preview:large","max-video-preview":"max-video-preview:-1"},"canonical":"https:\/\/dev.antudigital.cl\/sites\/vc\/se-acerca-masterclass-vera-passos-en-diciembre-2024\/","og_locale":"es_ES","og_type":"article","og_title":"Se acerca Masterclass Vera Passos en diciembre 2024 - Valpara\u00ed\u00adso Creativo","og_description":"Vera Passos es hoy en d\u00eda una de las referencias y maestras m\u00e1s importante de danza en Brasil, tiene una amplia formaci\u00f3n y trayectoria la cual la hace estar constantemente formando a personas en todo el mundo. Esta vez tendremos el privilegio de tenerla con una clase magistral con m\u00fasica en vivo en Valpara\u00edso, el [&hellip;]","og_url":"https:\/\/dev.antudigital.cl\/sites\/vc\/se-acerca-masterclass-vera-passos-en-diciembre-2024\/","og_site_name":"Valpara\u00ed\u00adso Creativo","article_published_time":"2024-11-11T19:41:34+00:00","article_modified_time":"2024-11-11T19:41:52+00:00","og_image":[{"width":906,"height":222,"url":"https:\/\/dev.antudigital.cl\/sites\/vc\/wp-content\/uploads\/2024\/11\/Captura-de-Pantalla-2024-11-11-a-las-16.40.53.png","type":"image\/png"}],"author":"Valpara\u00edso Creativo","twitter_card":"summary_large_image","twitter_misc":{"Escrito por":"Valpara\u00edso Creativo","Tiempo de lectura":"2 minutos"},"schema":{"@context":"https:\/\/schema.org","@graph":[{"@type":"Article","@id":"https:\/\/dev.antudigital.cl\/sites\/vc\/se-acerca-masterclass-vera-passos-en-diciembre-2024\/#article","isPartOf":{"@id":"https:\/\/dev.antudigital.cl\/sites\/vc\/se-acerca-masterclass-vera-passos-en-diciembre-2024\/"},"author":{"name":"Valpara\u00edso Creativo","@id":"https:\/\/dev.antudigital.cl\/sites\/vc\/#\/schema\/person\/c2b9da8dd545e27166fc5ab232837318"},"headline":"Se acerca Masterclass Vera Passos en diciembre 2024","datePublished":"2024-11-11T19:41:34+00:00","dateModified":"2024-11-11T19:41:52+00:00","mainEntityOfPage":{"@id":"https:\/\/dev.antudigital.cl\/sites\/vc\/se-acerca-masterclass-vera-passos-en-diciembre-2024\/"},"wordCount":260,"image":{"@id":"https:\/\/dev.antudigital.cl\/sites\/vc\/se-acerca-masterclass-vera-passos-en-diciembre-2024\/#primaryimage"},"thumbnailUrl":"https:\/\/dev.antudigital.cl\/sites\/vc\/wp-content\/uploads\/2024\/11\/Captura-de-Pantalla-2024-11-11-a-las-16.40.53.png","articleSection":["Noticia"],"inLanguage":"es"},{"@type":"WebPage","@id":"https:\/\/dev.antudigital.cl\/sites\/vc\/se-acerca-masterclass-vera-passos-en-diciembre-2024\/","url":"https:\/\/dev.antudigital.cl\/sites\/vc\/se-acerca-masterclass-vera-passos-en-diciembre-2024\/","name":"Se acerca Masterclass Vera Passos en diciembre 2024 - Valpara\u00ed\u00adso Creativo","isPartOf":{"@id":"https:\/\/dev.antudigital.cl\/sites\/vc\/#website"},"primaryImageOfPage":{"@id":"https:\/\/dev.antudigital.cl\/sites\/vc\/se-acerca-masterclass-vera-passos-en-diciembre-2024\/#primaryimage"},"image":{"@id":"https:\/\/dev.antudigital.cl\/sites\/vc\/se-acerca-masterclass-vera-passos-en-diciembre-2024\/#primaryimage"},"thumbnailUrl":"https:\/\/dev.antudigital.cl\/sites\/vc\/wp-content\/uploads\/2024\/11\/Captura-de-Pantalla-2024-11-11-a-las-16.40.53.png","datePublished":"2024-11-11T19:41:34+00:00","dateModified":"2024-11-11T19:41:52+00:00","author":{"@id":"https:\/\/dev.antudigital.cl\/sites\/vc\/#\/schema\/person\/c2b9da8dd545e27166fc5ab232837318"},"breadcrumb":{"@id":"https:\/\/dev.antudigital.cl\/sites\/vc\/se-acerca-masterclass-vera-passos-en-diciembre-2024\/#breadcrumb"},"inLanguage":"es","potentialAction":[{"@type":"ReadAction","target":["https:\/\/dev.antudigital.cl\/sites\/vc\/se-acerca-masterclass-vera-passos-en-diciembre-2024\/"]}]},{"@type":"ImageObject","inLanguage":"es","@id":"https:\/\/dev.antudigital.cl\/sites\/vc\/se-acerca-masterclass-vera-passos-en-diciembre-2024\/#primaryimage","url":"https:\/\/dev.antudigital.cl\/sites\/vc\/wp-content\/uploads\/2024\/11\/Captura-de-Pantalla-2024-11-11-a-las-16.40.53.png","contentUrl":"https:\/\/dev.antudigital.cl\/sites\/vc\/wp-content\/uploads\/2024\/11\/Captura-de-Pantalla-2024-11-11-a-las-16.40.53.png","width":906,"height":222},{"@type":"BreadcrumbList","@id":"https:\/\/dev.antudigital.cl\/sites\/vc\/se-acerca-masterclass-vera-passos-en-diciembre-2024\/#breadcrumb","itemListElement":[{"@type":"ListItem","position":1,"name":"Home","item":"https:\/\/dev.antudigital.cl\/sites\/vc\/"},{"@type":"ListItem","position":2,"name":"Se acerca Masterclass Vera Passos en diciembre 2024"}]},{"@type":"WebSite","@id":"https:\/\/dev.antudigital.cl\/sites\/vc\/#website","url":"https:\/\/dev.antudigital.cl\/sites\/vc\/","name":"Valpara\u00ed\u00adso Creativo","description":"","potentialAction":[{"@type":"SearchAction","target":{"@type":"EntryPoint","urlTemplate":"https:\/\/dev.antudigital.cl\/sites\/vc\/?s={search_term_string}"},"query-input":{"@type":"PropertyValueSpecification","valueRequired":true,"valueName":"search_term_string"}}],"inLanguage":"es"},{"@type":"Person","@id":"https:\/\/dev.antudigital.cl\/sites\/vc\/#\/schema\/person\/c2b9da8dd545e27166fc5ab232837318","name":"Valpara\u00edso Creativo","description":"Periodista de cultura en la Regi\u00f3n de Valpara\u00edso.","url":"https:\/\/dev.antudigital.cl\/sites\/vc\/author\/valpoadmin\/"}]}},"_links":{"self":[{"href":"https:\/\/dev.antudigital.cl\/sites\/vc\/wp-json\/wp\/v2\/posts\/21086","targetHints":{"allow":["GET"]}}],"collection":[{"href":"https:\/\/dev.antudigital.cl\/sites\/vc\/wp-json\/wp\/v2\/posts"}],"about":[{"href":"https:\/\/dev.antudigital.cl\/sites\/vc\/wp-json\/wp\/v2\/types\/post"}],"author":[{"embeddable":true,"href":"https:\/\/dev.antudigital.cl\/sites\/vc\/wp-json\/wp\/v2\/users\/1"}],"replies":[{"embeddable":true,"href":"https:\/\/dev.antudigital.cl\/sites\/vc\/wp-json\/wp\/v2\/comments?post=21086"}],"version-history":[{"count":1,"href":"https:\/\/dev.antudigital.cl\/sites\/vc\/wp-json\/wp\/v2\/posts\/21086\/revisions"}],"predecessor-version":[{"id":21089,"href":"https:\/\/dev.antudigital.cl\/sites\/vc\/wp-json\/wp\/v2\/posts\/21086\/revisions\/21089"}],"wp:featuredmedia":[{"embeddable":true,"href":"https:\/\/dev.antudigital.cl\/sites\/vc\/wp-json\/wp\/v2\/media\/21087"}],"wp:attachment":[{"href":"https:\/\/dev.antudigital.cl\/sites\/vc\/wp-json\/wp\/v2\/media?parent=21086"}],"wp:term":[{"taxonomy":"category","embeddable":true,"href":"https:\/\/dev.antudigital.cl\/sites\/vc\/wp-json\/wp\/v2\/categories?post=21086"},{"taxonomy":"post_tag","embeddable":true,"href":"https:\/\/dev.antudigital.cl\/sites\/vc\/wp-json\/wp\/v2\/tags?post=21086"}],"curies":[{"name":"wp","href":"https:\/\/api.w.org\/{rel}","templated":true}]}}