{"id":21096,"date":"2024-11-11T20:03:17","date_gmt":"2024-11-11T20:03:17","guid":{"rendered":"https:\/\/www.valparaisocreativo.cl\/?p=21096"},"modified":"2024-11-11T20:03:33","modified_gmt":"2024-11-11T20:03:33","slug":"nueva-convocatoria-consolida-y-expande-de-corfo","status":"publish","type":"post","link":"https:\/\/dev.antudigital.cl\/sites\/vc\/nueva-convocatoria-consolida-y-expande-de-corfo\/","title":{"rendered":"Nueva convocatoria Consolida y Expande de CORFO"},"content":{"rendered":"\n<p>Hasta el 15 de enero del 2025.<\/p>\n\n\n\n<p>\u00bfDe qu\u00e9 trata?<\/p>\n\n\n\n<p>Apoyar el escalamiento nacional y\/o internacional, a nivel comercial y\/o productivo, y la validaci\u00f3n y empaquetamiento t\u00e9cnicos en los mercados de destino, de un nuevo o mejorado producto (bien o servicio) y\/o proceso, que haya requerido I+D, desde su fase de validaci\u00f3n t\u00e9cnica a escala industrial productiva y\/o validaci\u00f3n comercial.\u00a0<\/p>\n\n\n\n<p>Te invitamos a participar en las siguientes instancias de orientaci\u00f3n:<\/p>\n\n\n\n<p>12\/11\/2024 &#8211;&nbsp;<a href=\"https:\/\/us02web.zoom.us\/meeting\/register\/tZAscOCuqj8qHNflheu_g966E0_ByBcqTWtO\" target=\"_blank\" rel=\"noreferrer noopener\">Charla \u00abConoce el instrumento\u00bb<\/a>.<\/p>\n\n\n\n<p>26\/11\/2024 &#8211;&nbsp;<a href=\"https:\/\/us02web.zoom.us\/meeting\/register\/tZwrd-yrrTooHtTkAw9Je1ev22y2zlwa-GWN\" target=\"_blank\" rel=\"noreferrer noopener\">Charla \u00abFormula tu proyecto\u00bb<\/a>.<\/p>\n\n\n\n<p>07\/01\/2025&nbsp;&#8211;&nbsp;<a href=\"https:\/\/us02web.zoom.us\/meeting\/register\/tZUtc-qsqjgiHtJAErTAoJTKmYVz4k68a0dU\" target=\"_blank\" rel=\"noreferrer noopener\">Charla \u00abAclara dudas SOS\u00bb<\/a><\/p>\n\n\n\n<h2 class=\"wp-block-heading\"><a href=\"https:\/\/www.corfo.cl\/sites\/cpp\/convocatorias\/movil\/consolida_y_expande_innova\">Conoce todos los detalles y env\u00eda tu postulaci\u00f3n aqu\u00ed.<\/a><\/h2>\n","protected":false},"excerpt":{"rendered":"<p>Hasta el 15 de enero del 2025. \u00bfDe qu\u00e9 trata? Apoyar el escalamiento nacional y\/o internacional, a nivel comercial y\/o productivo, y la validaci\u00f3n y empaquetamiento t\u00e9cnicos en los mercados de destino, de un nuevo o mejorado producto (bien o servicio) y\/o proceso, que haya requerido I+D, desde su fase de validaci\u00f3n t\u00e9cnica a escala [&hellip;]<\/p>\n","protected":false},"author":1,"featured_media":20775,"comment_status":"closed","ping_status":"closed","sticky":false,"template":"","format":"standard","meta":{"_acf_changed":false,"footnotes":""},"categories":[8],"tags":[],"class_list":["post-21096","post","type-post","status-publish","format-standard","has-post-thumbnail","hentry","category-noticia"],"acf":[],"yoast_head":"<!-- This site is optimized with the Yoast SEO plugin v27.1.1 - https:\/\/yoast.com\/product\/yoast-seo-wordpress\/ -->\n<title>Nueva convocatoria Consolida y Expande de CORFO - Valpara\u00ed\u00adso Creativo<\/title>\n<meta name=\"robots\" content=\"index, follow, max-snippet:-1, max-image-preview:large, max-video-preview:-1\" \/>\n<link rel=\"canonical\" href=\"https:\/\/dev.antudigital.cl\/sites\/vc\/nueva-convocatoria-consolida-y-expande-de-corfo\/\" \/>\n<meta property=\"og:locale\" content=\"es_ES\" \/>\n<meta property=\"og:type\" content=\"article\" \/>\n<meta property=\"og:title\" content=\"Nueva convocatoria Consolida y Expande de CORFO - Valpara\u00ed\u00adso Creativo\" \/>\n<meta property=\"og:description\" content=\"Hasta el 15 de enero del 2025. \u00bfDe qu\u00e9 trata? Apoyar el escalamiento nacional y\/o internacional, a nivel comercial y\/o productivo, y la validaci\u00f3n y empaquetamiento t\u00e9cnicos en los mercados de destino, de un nuevo o mejorado producto (bien o servicio) y\/o proceso, que haya requerido I+D, desde su fase de validaci\u00f3n t\u00e9cnica a escala [&hellip;]\" \/>\n<meta property=\"og:url\" content=\"https:\/\/dev.antudigital.cl\/sites\/vc\/nueva-convocatoria-consolida-y-expande-de-corfo\/\" \/>\n<meta property=\"og:site_name\" content=\"Valpara\u00ed\u00adso Creativo\" \/>\n<meta property=\"article:published_time\" content=\"2024-11-11T20:03:17+00:00\" \/>\n<meta property=\"article:modified_time\" content=\"2024-11-11T20:03:33+00:00\" \/>\n<meta property=\"og:image\" content=\"https:\/\/dev.antudigital.cl\/sites\/vc\/wp-content\/uploads\/2024\/10\/CORFO-LOGO.png\" \/>\n\t<meta property=\"og:image:width\" content=\"340\" \/>\n\t<meta property=\"og:image:height\" content=\"191\" \/>\n\t<meta property=\"og:image:type\" content=\"image\/png\" \/>\n<meta name=\"author\" content=\"Valpara\u00edso Creativo\" \/>\n<meta name=\"twitter:card\" content=\"summary_large_image\" \/>\n<meta name=\"twitter:label1\" content=\"Escrito por\" \/>\n\t<meta name=\"twitter:data1\" content=\"Valpara\u00edso Creativo\" \/>\n\t<meta name=\"twitter:label2\" content=\"Tiempo de lectura\" \/>\n\t<meta name=\"twitter:data2\" content=\"1 minuto\" \/>\n<script type=\"application\/ld+json\" class=\"yoast-schema-graph\">{\"@context\":\"https:\/\/schema.org\",\"@graph\":[{\"@type\":\"Article\",\"@id\":\"https:\/\/dev.antudigital.cl\/sites\/vc\/nueva-convocatoria-consolida-y-expande-de-corfo\/#article\",\"isPartOf\":{\"@id\":\"https:\/\/dev.antudigital.cl\/sites\/vc\/nueva-convocatoria-consolida-y-expande-de-corfo\/\"},\"author\":{\"name\":\"Valpara\u00edso Creativo\",\"@id\":\"https:\/\/dev.antudigital.cl\/sites\/vc\/#\/schema\/person\/c2b9da8dd545e27166fc5ab232837318\"},\"headline\":\"Nueva convocatoria Consolida y Expande de CORFO\",\"datePublished\":\"2024-11-11T20:03:17+00:00\",\"dateModified\":\"2024-11-11T20:03:33+00:00\",\"mainEntityOfPage\":{\"@id\":\"https:\/\/dev.antudigital.cl\/sites\/vc\/nueva-convocatoria-consolida-y-expande-de-corfo\/\"},\"wordCount\":116,\"image\":{\"@id\":\"https:\/\/dev.antudigital.cl\/sites\/vc\/nueva-convocatoria-consolida-y-expande-de-corfo\/#primaryimage\"},\"thumbnailUrl\":\"https:\/\/dev.antudigital.cl\/sites\/vc\/wp-content\/uploads\/2024\/10\/CORFO-LOGO.png\",\"articleSection\":[\"Noticia\"],\"inLanguage\":\"es\"},{\"@type\":\"WebPage\",\"@id\":\"https:\/\/dev.antudigital.cl\/sites\/vc\/nueva-convocatoria-consolida-y-expande-de-corfo\/\",\"url\":\"https:\/\/dev.antudigital.cl\/sites\/vc\/nueva-convocatoria-consolida-y-expande-de-corfo\/\",\"name\":\"Nueva convocatoria Consolida y Expande de CORFO - Valpara\u00ed\u00adso Creativo\",\"isPartOf\":{\"@id\":\"https:\/\/dev.antudigital.cl\/sites\/vc\/#website\"},\"primaryImageOfPage\":{\"@id\":\"https:\/\/dev.antudigital.cl\/sites\/vc\/nueva-convocatoria-consolida-y-expande-de-corfo\/#primaryimage\"},\"image\":{\"@id\":\"https:\/\/dev.antudigital.cl\/sites\/vc\/nueva-convocatoria-consolida-y-expande-de-corfo\/#primaryimage\"},\"thumbnailUrl\":\"https:\/\/dev.antudigital.cl\/sites\/vc\/wp-content\/uploads\/2024\/10\/CORFO-LOGO.png\",\"datePublished\":\"2024-11-11T20:03:17+00:00\",\"dateModified\":\"2024-11-11T20:03:33+00:00\",\"author\":{\"@id\":\"https:\/\/dev.antudigital.cl\/sites\/vc\/#\/schema\/person\/c2b9da8dd545e27166fc5ab232837318\"},\"breadcrumb\":{\"@id\":\"https:\/\/dev.antudigital.cl\/sites\/vc\/nueva-convocatoria-consolida-y-expande-de-corfo\/#breadcrumb\"},\"inLanguage\":\"es\",\"potentialAction\":[{\"@type\":\"ReadAction\",\"target\":[\"https:\/\/dev.antudigital.cl\/sites\/vc\/nueva-convocatoria-consolida-y-expande-de-corfo\/\"]}]},{\"@type\":\"ImageObject\",\"inLanguage\":\"es\",\"@id\":\"https:\/\/dev.antudigital.cl\/sites\/vc\/nueva-convocatoria-consolida-y-expande-de-corfo\/#primaryimage\",\"url\":\"https:\/\/dev.antudigital.cl\/sites\/vc\/wp-content\/uploads\/2024\/10\/CORFO-LOGO.png\",\"contentUrl\":\"https:\/\/dev.antudigital.cl\/sites\/vc\/wp-content\/uploads\/2024\/10\/CORFO-LOGO.png\",\"width\":340,\"height\":191},{\"@type\":\"BreadcrumbList\",\"@id\":\"https:\/\/dev.antudigital.cl\/sites\/vc\/nueva-convocatoria-consolida-y-expande-de-corfo\/#breadcrumb\",\"itemListElement\":[{\"@type\":\"ListItem\",\"position\":1,\"name\":\"Home\",\"item\":\"https:\/\/dev.antudigital.cl\/sites\/vc\/\"},{\"@type\":\"ListItem\",\"position\":2,\"name\":\"Nueva convocatoria Consolida y Expande de CORFO\"}]},{\"@type\":\"WebSite\",\"@id\":\"https:\/\/dev.antudigital.cl\/sites\/vc\/#website\",\"url\":\"https:\/\/dev.antudigital.cl\/sites\/vc\/\",\"name\":\"Valpara\u00ed\u00adso Creativo\",\"description\":\"\",\"potentialAction\":[{\"@type\":\"SearchAction\",\"target\":{\"@type\":\"EntryPoint\",\"urlTemplate\":\"https:\/\/dev.antudigital.cl\/sites\/vc\/?s={search_term_string}\"},\"query-input\":{\"@type\":\"PropertyValueSpecification\",\"valueRequired\":true,\"valueName\":\"search_term_string\"}}],\"inLanguage\":\"es\"},{\"@type\":\"Person\",\"@id\":\"https:\/\/dev.antudigital.cl\/sites\/vc\/#\/schema\/person\/c2b9da8dd545e27166fc5ab232837318\",\"name\":\"Valpara\u00edso Creativo\",\"description\":\"Periodista de cultura en la Regi\u00f3n de Valpara\u00edso.\",\"url\":\"https:\/\/dev.antudigital.cl\/sites\/vc\/author\/valpoadmin\/\"}]}<\/script>\n<!-- \/ Yoast SEO plugin. -->","yoast_head_json":{"title":"Nueva convocatoria Consolida y Expande de CORFO - Valpara\u00ed\u00adso Creativo","robots":{"index":"index","follow":"follow","max-snippet":"max-snippet:-1","max-image-preview":"max-image-preview:large","max-video-preview":"max-video-preview:-1"},"canonical":"https:\/\/dev.antudigital.cl\/sites\/vc\/nueva-convocatoria-consolida-y-expande-de-corfo\/","og_locale":"es_ES","og_type":"article","og_title":"Nueva convocatoria Consolida y Expande de CORFO - Valpara\u00ed\u00adso Creativo","og_description":"Hasta el 15 de enero del 2025. \u00bfDe qu\u00e9 trata? Apoyar el escalamiento nacional y\/o internacional, a nivel comercial y\/o productivo, y la validaci\u00f3n y empaquetamiento t\u00e9cnicos en los mercados de destino, de un nuevo o mejorado producto (bien o servicio) y\/o proceso, que haya requerido I+D, desde su fase de validaci\u00f3n t\u00e9cnica a escala [&hellip;]","og_url":"https:\/\/dev.antudigital.cl\/sites\/vc\/nueva-convocatoria-consolida-y-expande-de-corfo\/","og_site_name":"Valpara\u00ed\u00adso Creativo","article_published_time":"2024-11-11T20:03:17+00:00","article_modified_time":"2024-11-11T20:03:33+00:00","og_image":[{"width":340,"height":191,"url":"https:\/\/dev.antudigital.cl\/sites\/vc\/wp-content\/uploads\/2024\/10\/CORFO-LOGO.png","type":"image\/png"}],"author":"Valpara\u00edso Creativo","twitter_card":"summary_large_image","twitter_misc":{"Escrito por":"Valpara\u00edso Creativo","Tiempo de lectura":"1 minuto"},"schema":{"@context":"https:\/\/schema.org","@graph":[{"@type":"Article","@id":"https:\/\/dev.antudigital.cl\/sites\/vc\/nueva-convocatoria-consolida-y-expande-de-corfo\/#article","isPartOf":{"@id":"https:\/\/dev.antudigital.cl\/sites\/vc\/nueva-convocatoria-consolida-y-expande-de-corfo\/"},"author":{"name":"Valpara\u00edso Creativo","@id":"https:\/\/dev.antudigital.cl\/sites\/vc\/#\/schema\/person\/c2b9da8dd545e27166fc5ab232837318"},"headline":"Nueva convocatoria Consolida y Expande de CORFO","datePublished":"2024-11-11T20:03:17+00:00","dateModified":"2024-11-11T20:03:33+00:00","mainEntityOfPage":{"@id":"https:\/\/dev.antudigital.cl\/sites\/vc\/nueva-convocatoria-consolida-y-expande-de-corfo\/"},"wordCount":116,"image":{"@id":"https:\/\/dev.antudigital.cl\/sites\/vc\/nueva-convocatoria-consolida-y-expande-de-corfo\/#primaryimage"},"thumbnailUrl":"https:\/\/dev.antudigital.cl\/sites\/vc\/wp-content\/uploads\/2024\/10\/CORFO-LOGO.png","articleSection":["Noticia"],"inLanguage":"es"},{"@type":"WebPage","@id":"https:\/\/dev.antudigital.cl\/sites\/vc\/nueva-convocatoria-consolida-y-expande-de-corfo\/","url":"https:\/\/dev.antudigital.cl\/sites\/vc\/nueva-convocatoria-consolida-y-expande-de-corfo\/","name":"Nueva convocatoria Consolida y Expande de CORFO - Valpara\u00ed\u00adso Creativo","isPartOf":{"@id":"https:\/\/dev.antudigital.cl\/sites\/vc\/#website"},"primaryImageOfPage":{"@id":"https:\/\/dev.antudigital.cl\/sites\/vc\/nueva-convocatoria-consolida-y-expande-de-corfo\/#primaryimage"},"image":{"@id":"https:\/\/dev.antudigital.cl\/sites\/vc\/nueva-convocatoria-consolida-y-expande-de-corfo\/#primaryimage"},"thumbnailUrl":"https:\/\/dev.antudigital.cl\/sites\/vc\/wp-content\/uploads\/2024\/10\/CORFO-LOGO.png","datePublished":"2024-11-11T20:03:17+00:00","dateModified":"2024-11-11T20:03:33+00:00","author":{"@id":"https:\/\/dev.antudigital.cl\/sites\/vc\/#\/schema\/person\/c2b9da8dd545e27166fc5ab232837318"},"breadcrumb":{"@id":"https:\/\/dev.antudigital.cl\/sites\/vc\/nueva-convocatoria-consolida-y-expande-de-corfo\/#breadcrumb"},"inLanguage":"es","potentialAction":[{"@type":"ReadAction","target":["https:\/\/dev.antudigital.cl\/sites\/vc\/nueva-convocatoria-consolida-y-expande-de-corfo\/"]}]},{"@type":"ImageObject","inLanguage":"es","@id":"https:\/\/dev.antudigital.cl\/sites\/vc\/nueva-convocatoria-consolida-y-expande-de-corfo\/#primaryimage","url":"https:\/\/dev.antudigital.cl\/sites\/vc\/wp-content\/uploads\/2024\/10\/CORFO-LOGO.png","contentUrl":"https:\/\/dev.antudigital.cl\/sites\/vc\/wp-content\/uploads\/2024\/10\/CORFO-LOGO.png","width":340,"height":191},{"@type":"BreadcrumbList","@id":"https:\/\/dev.antudigital.cl\/sites\/vc\/nueva-convocatoria-consolida-y-expande-de-corfo\/#breadcrumb","itemListElement":[{"@type":"ListItem","position":1,"name":"Home","item":"https:\/\/dev.antudigital.cl\/sites\/vc\/"},{"@type":"ListItem","position":2,"name":"Nueva convocatoria Consolida y Expande de CORFO"}]},{"@type":"WebSite","@id":"https:\/\/dev.antudigital.cl\/sites\/vc\/#website","url":"https:\/\/dev.antudigital.cl\/sites\/vc\/","name":"Valpara\u00ed\u00adso Creativo","description":"","potentialAction":[{"@type":"SearchAction","target":{"@type":"EntryPoint","urlTemplate":"https:\/\/dev.antudigital.cl\/sites\/vc\/?s={search_term_string}"},"query-input":{"@type":"PropertyValueSpecification","valueRequired":true,"valueName":"search_term_string"}}],"inLanguage":"es"},{"@type":"Person","@id":"https:\/\/dev.antudigital.cl\/sites\/vc\/#\/schema\/person\/c2b9da8dd545e27166fc5ab232837318","name":"Valpara\u00edso Creativo","description":"Periodista de cultura en la Regi\u00f3n de Valpara\u00edso.","url":"https:\/\/dev.antudigital.cl\/sites\/vc\/author\/valpoadmin\/"}]}},"_links":{"self":[{"href":"https:\/\/dev.antudigital.cl\/sites\/vc\/wp-json\/wp\/v2\/posts\/21096","targetHints":{"allow":["GET"]}}],"collection":[{"href":"https:\/\/dev.antudigital.cl\/sites\/vc\/wp-json\/wp\/v2\/posts"}],"about":[{"href":"https:\/\/dev.antudigital.cl\/sites\/vc\/wp-json\/wp\/v2\/types\/post"}],"author":[{"embeddable":true,"href":"https:\/\/dev.antudigital.cl\/sites\/vc\/wp-json\/wp\/v2\/users\/1"}],"replies":[{"embeddable":true,"href":"https:\/\/dev.antudigital.cl\/sites\/vc\/wp-json\/wp\/v2\/comments?post=21096"}],"version-history":[{"count":1,"href":"https:\/\/dev.antudigital.cl\/sites\/vc\/wp-json\/wp\/v2\/posts\/21096\/revisions"}],"predecessor-version":[{"id":21097,"href":"https:\/\/dev.antudigital.cl\/sites\/vc\/wp-json\/wp\/v2\/posts\/21096\/revisions\/21097"}],"wp:featuredmedia":[{"embeddable":true,"href":"https:\/\/dev.antudigital.cl\/sites\/vc\/wp-json\/wp\/v2\/media\/20775"}],"wp:attachment":[{"href":"https:\/\/dev.antudigital.cl\/sites\/vc\/wp-json\/wp\/v2\/media?parent=21096"}],"wp:term":[{"taxonomy":"category","embeddable":true,"href":"https:\/\/dev.antudigital.cl\/sites\/vc\/wp-json\/wp\/v2\/categories?post=21096"},{"taxonomy":"post_tag","embeddable":true,"href":"https:\/\/dev.antudigital.cl\/sites\/vc\/wp-json\/wp\/v2\/tags?post=21096"}],"curies":[{"name":"wp","href":"https:\/\/api.w.org\/{rel}","templated":true}]}}