{"id":21104,"date":"2024-11-11T20:23:59","date_gmt":"2024-11-11T20:23:59","guid":{"rendered":"https:\/\/www.valparaisocreativo.cl\/?p=21104"},"modified":"2024-11-11T20:24:28","modified_gmt":"2024-11-11T20:24:28","slug":"convocatoria-fondo-de-inversion-audiovisual-2025","status":"publish","type":"post","link":"https:\/\/dev.antudigital.cl\/sites\/vc\/convocatoria-fondo-de-inversion-audiovisual-2025\/","title":{"rendered":"Convocatoria Fondo de Inversi\u00f3n Audiovisual 2025"},"content":{"rendered":"\n<p><strong>Plazo:<\/strong>\u00a0lunes 23 de diciembre de 2024, 17:00 hrs.<\/p>\n\n\n\n<p>Esta convocatoria tiene por objetivo fomentar la inversi\u00f3n internacional en producciones audiovisuales nacionales de car\u00e1cter asociativo, a trav\u00e9s de la asignaci\u00f3n de recursos parciales para etapas de preproducci\u00f3n, producci\u00f3n y\/o post producci\u00f3n en Chile, a fin de impulsar la reactivaci\u00f3n del sector. \u200b<\/p>\n\n\n\n<p>Para estos efectos, financiaremos hasta el 35% del total del costo de los servicios&nbsp;que se ejecutar\u00e1n en Chile. El resto del financiamiento debe estar comprometido por una productora extranjera. \u200b<\/p>\n\n\n\n<p><strong>Esta convocatoria cuenta con una modalidad \u00fanica.<\/strong><\/p>\n\n\n\n<ul class=\"wp-block-list\">\n<li><em>Presupuesto disponible: $800.000.000.-<\/em><\/li>\n\n\n\n<li><em>Monto m\u00e1ximo por proyecto: $200.000.000.-<\/em><\/li>\n<\/ul>\n\n\n\n<h2 class=\"wp-block-heading\"><em><strong><a href=\"https:\/\/www.fondosdecultura.cl\/convocatoria-fondo-de-inversion-audiovisual-fia-2025\/\">Descarga las bases y postula aqu\u00ed.<\/a><\/strong><\/em><\/h2>\n","protected":false},"excerpt":{"rendered":"<p>Plazo:\u00a0lunes 23 de diciembre de 2024, 17:00 hrs. Esta convocatoria tiene por objetivo fomentar la inversi\u00f3n internacional en producciones audiovisuales nacionales de car\u00e1cter asociativo, a trav\u00e9s de la asignaci\u00f3n de recursos parciales para etapas de preproducci\u00f3n, producci\u00f3n y\/o post producci\u00f3n en Chile, a fin de impulsar la reactivaci\u00f3n del sector. \u200b Para estos efectos, financiaremos [&hellip;]<\/p>\n","protected":false},"author":1,"featured_media":19599,"comment_status":"closed","ping_status":"closed","sticky":false,"template":"","format":"standard","meta":{"_acf_changed":false,"footnotes":""},"categories":[8],"tags":[],"class_list":["post-21104","post","type-post","status-publish","format-standard","has-post-thumbnail","hentry","category-noticia"],"acf":[],"yoast_head":"<!-- This site is optimized with the Yoast SEO plugin v27.1.1 - https:\/\/yoast.com\/product\/yoast-seo-wordpress\/ -->\n<title>Convocatoria Fondo de Inversi\u00f3n Audiovisual 2025 - Valpara\u00ed\u00adso Creativo<\/title>\n<meta name=\"robots\" content=\"index, follow, max-snippet:-1, max-image-preview:large, max-video-preview:-1\" \/>\n<link rel=\"canonical\" href=\"https:\/\/dev.antudigital.cl\/sites\/vc\/convocatoria-fondo-de-inversion-audiovisual-2025\/\" \/>\n<meta property=\"og:locale\" content=\"es_ES\" \/>\n<meta property=\"og:type\" content=\"article\" \/>\n<meta property=\"og:title\" content=\"Convocatoria Fondo de Inversi\u00f3n Audiovisual 2025 - Valpara\u00ed\u00adso Creativo\" \/>\n<meta property=\"og:description\" content=\"Plazo:\u00a0lunes 23 de diciembre de 2024, 17:00 hrs. Esta convocatoria tiene por objetivo fomentar la inversi\u00f3n internacional en producciones audiovisuales nacionales de car\u00e1cter asociativo, a trav\u00e9s de la asignaci\u00f3n de recursos parciales para etapas de preproducci\u00f3n, producci\u00f3n y\/o post producci\u00f3n en Chile, a fin de impulsar la reactivaci\u00f3n del sector. \u200b Para estos efectos, financiaremos [&hellip;]\" \/>\n<meta property=\"og:url\" content=\"https:\/\/dev.antudigital.cl\/sites\/vc\/convocatoria-fondo-de-inversion-audiovisual-2025\/\" \/>\n<meta property=\"og:site_name\" content=\"Valpara\u00ed\u00adso Creativo\" \/>\n<meta property=\"article:published_time\" content=\"2024-11-11T20:23:59+00:00\" \/>\n<meta property=\"article:modified_time\" content=\"2024-11-11T20:24:28+00:00\" \/>\n<meta property=\"og:image\" content=\"https:\/\/dev.antudigital.cl\/sites\/vc\/wp-content\/uploads\/2024\/07\/Captura-de-Pantalla-2024-07-01-a-las-22.42.03.png\" \/>\n\t<meta property=\"og:image:width\" content=\"889\" \/>\n\t<meta property=\"og:image:height\" content=\"197\" \/>\n\t<meta property=\"og:image:type\" content=\"image\/png\" \/>\n<meta name=\"author\" content=\"Valpara\u00edso Creativo\" \/>\n<meta name=\"twitter:card\" content=\"summary_large_image\" \/>\n<meta name=\"twitter:label1\" content=\"Escrito por\" \/>\n\t<meta name=\"twitter:data1\" content=\"Valpara\u00edso Creativo\" \/>\n\t<meta name=\"twitter:label2\" content=\"Tiempo de lectura\" \/>\n\t<meta name=\"twitter:data2\" content=\"1 minuto\" \/>\n<script type=\"application\/ld+json\" class=\"yoast-schema-graph\">{\"@context\":\"https:\/\/schema.org\",\"@graph\":[{\"@type\":\"Article\",\"@id\":\"https:\/\/dev.antudigital.cl\/sites\/vc\/convocatoria-fondo-de-inversion-audiovisual-2025\/#article\",\"isPartOf\":{\"@id\":\"https:\/\/dev.antudigital.cl\/sites\/vc\/convocatoria-fondo-de-inversion-audiovisual-2025\/\"},\"author\":{\"name\":\"Valpara\u00edso Creativo\",\"@id\":\"https:\/\/dev.antudigital.cl\/sites\/vc\/#\/schema\/person\/c2b9da8dd545e27166fc5ab232837318\"},\"headline\":\"Convocatoria Fondo de Inversi\u00f3n Audiovisual 2025\",\"datePublished\":\"2024-11-11T20:23:59+00:00\",\"dateModified\":\"2024-11-11T20:24:28+00:00\",\"mainEntityOfPage\":{\"@id\":\"https:\/\/dev.antudigital.cl\/sites\/vc\/convocatoria-fondo-de-inversion-audiovisual-2025\/\"},\"wordCount\":116,\"image\":{\"@id\":\"https:\/\/dev.antudigital.cl\/sites\/vc\/convocatoria-fondo-de-inversion-audiovisual-2025\/#primaryimage\"},\"thumbnailUrl\":\"https:\/\/dev.antudigital.cl\/sites\/vc\/wp-content\/uploads\/2024\/07\/Captura-de-Pantalla-2024-07-01-a-las-22.42.03.png\",\"articleSection\":[\"Noticia\"],\"inLanguage\":\"es\"},{\"@type\":\"WebPage\",\"@id\":\"https:\/\/dev.antudigital.cl\/sites\/vc\/convocatoria-fondo-de-inversion-audiovisual-2025\/\",\"url\":\"https:\/\/dev.antudigital.cl\/sites\/vc\/convocatoria-fondo-de-inversion-audiovisual-2025\/\",\"name\":\"Convocatoria Fondo de Inversi\u00f3n Audiovisual 2025 - Valpara\u00ed\u00adso Creativo\",\"isPartOf\":{\"@id\":\"https:\/\/dev.antudigital.cl\/sites\/vc\/#website\"},\"primaryImageOfPage\":{\"@id\":\"https:\/\/dev.antudigital.cl\/sites\/vc\/convocatoria-fondo-de-inversion-audiovisual-2025\/#primaryimage\"},\"image\":{\"@id\":\"https:\/\/dev.antudigital.cl\/sites\/vc\/convocatoria-fondo-de-inversion-audiovisual-2025\/#primaryimage\"},\"thumbnailUrl\":\"https:\/\/dev.antudigital.cl\/sites\/vc\/wp-content\/uploads\/2024\/07\/Captura-de-Pantalla-2024-07-01-a-las-22.42.03.png\",\"datePublished\":\"2024-11-11T20:23:59+00:00\",\"dateModified\":\"2024-11-11T20:24:28+00:00\",\"author\":{\"@id\":\"https:\/\/dev.antudigital.cl\/sites\/vc\/#\/schema\/person\/c2b9da8dd545e27166fc5ab232837318\"},\"breadcrumb\":{\"@id\":\"https:\/\/dev.antudigital.cl\/sites\/vc\/convocatoria-fondo-de-inversion-audiovisual-2025\/#breadcrumb\"},\"inLanguage\":\"es\",\"potentialAction\":[{\"@type\":\"ReadAction\",\"target\":[\"https:\/\/dev.antudigital.cl\/sites\/vc\/convocatoria-fondo-de-inversion-audiovisual-2025\/\"]}]},{\"@type\":\"ImageObject\",\"inLanguage\":\"es\",\"@id\":\"https:\/\/dev.antudigital.cl\/sites\/vc\/convocatoria-fondo-de-inversion-audiovisual-2025\/#primaryimage\",\"url\":\"https:\/\/dev.antudigital.cl\/sites\/vc\/wp-content\/uploads\/2024\/07\/Captura-de-Pantalla-2024-07-01-a-las-22.42.03.png\",\"contentUrl\":\"https:\/\/dev.antudigital.cl\/sites\/vc\/wp-content\/uploads\/2024\/07\/Captura-de-Pantalla-2024-07-01-a-las-22.42.03.png\",\"width\":889,\"height\":197},{\"@type\":\"BreadcrumbList\",\"@id\":\"https:\/\/dev.antudigital.cl\/sites\/vc\/convocatoria-fondo-de-inversion-audiovisual-2025\/#breadcrumb\",\"itemListElement\":[{\"@type\":\"ListItem\",\"position\":1,\"name\":\"Home\",\"item\":\"https:\/\/dev.antudigital.cl\/sites\/vc\/\"},{\"@type\":\"ListItem\",\"position\":2,\"name\":\"Convocatoria Fondo de Inversi\u00f3n Audiovisual 2025\"}]},{\"@type\":\"WebSite\",\"@id\":\"https:\/\/dev.antudigital.cl\/sites\/vc\/#website\",\"url\":\"https:\/\/dev.antudigital.cl\/sites\/vc\/\",\"name\":\"Valpara\u00ed\u00adso Creativo\",\"description\":\"\",\"potentialAction\":[{\"@type\":\"SearchAction\",\"target\":{\"@type\":\"EntryPoint\",\"urlTemplate\":\"https:\/\/dev.antudigital.cl\/sites\/vc\/?s={search_term_string}\"},\"query-input\":{\"@type\":\"PropertyValueSpecification\",\"valueRequired\":true,\"valueName\":\"search_term_string\"}}],\"inLanguage\":\"es\"},{\"@type\":\"Person\",\"@id\":\"https:\/\/dev.antudigital.cl\/sites\/vc\/#\/schema\/person\/c2b9da8dd545e27166fc5ab232837318\",\"name\":\"Valpara\u00edso Creativo\",\"description\":\"Periodista de cultura en la Regi\u00f3n de Valpara\u00edso.\",\"url\":\"https:\/\/dev.antudigital.cl\/sites\/vc\/author\/valpoadmin\/\"}]}<\/script>\n<!-- \/ Yoast SEO plugin. -->","yoast_head_json":{"title":"Convocatoria Fondo de Inversi\u00f3n Audiovisual 2025 - Valpara\u00ed\u00adso Creativo","robots":{"index":"index","follow":"follow","max-snippet":"max-snippet:-1","max-image-preview":"max-image-preview:large","max-video-preview":"max-video-preview:-1"},"canonical":"https:\/\/dev.antudigital.cl\/sites\/vc\/convocatoria-fondo-de-inversion-audiovisual-2025\/","og_locale":"es_ES","og_type":"article","og_title":"Convocatoria Fondo de Inversi\u00f3n Audiovisual 2025 - Valpara\u00ed\u00adso Creativo","og_description":"Plazo:\u00a0lunes 23 de diciembre de 2024, 17:00 hrs. Esta convocatoria tiene por objetivo fomentar la inversi\u00f3n internacional en producciones audiovisuales nacionales de car\u00e1cter asociativo, a trav\u00e9s de la asignaci\u00f3n de recursos parciales para etapas de preproducci\u00f3n, producci\u00f3n y\/o post producci\u00f3n en Chile, a fin de impulsar la reactivaci\u00f3n del sector. \u200b Para estos efectos, financiaremos [&hellip;]","og_url":"https:\/\/dev.antudigital.cl\/sites\/vc\/convocatoria-fondo-de-inversion-audiovisual-2025\/","og_site_name":"Valpara\u00ed\u00adso Creativo","article_published_time":"2024-11-11T20:23:59+00:00","article_modified_time":"2024-11-11T20:24:28+00:00","og_image":[{"width":889,"height":197,"url":"https:\/\/dev.antudigital.cl\/sites\/vc\/wp-content\/uploads\/2024\/07\/Captura-de-Pantalla-2024-07-01-a-las-22.42.03.png","type":"image\/png"}],"author":"Valpara\u00edso Creativo","twitter_card":"summary_large_image","twitter_misc":{"Escrito por":"Valpara\u00edso Creativo","Tiempo de lectura":"1 minuto"},"schema":{"@context":"https:\/\/schema.org","@graph":[{"@type":"Article","@id":"https:\/\/dev.antudigital.cl\/sites\/vc\/convocatoria-fondo-de-inversion-audiovisual-2025\/#article","isPartOf":{"@id":"https:\/\/dev.antudigital.cl\/sites\/vc\/convocatoria-fondo-de-inversion-audiovisual-2025\/"},"author":{"name":"Valpara\u00edso Creativo","@id":"https:\/\/dev.antudigital.cl\/sites\/vc\/#\/schema\/person\/c2b9da8dd545e27166fc5ab232837318"},"headline":"Convocatoria Fondo de Inversi\u00f3n Audiovisual 2025","datePublished":"2024-11-11T20:23:59+00:00","dateModified":"2024-11-11T20:24:28+00:00","mainEntityOfPage":{"@id":"https:\/\/dev.antudigital.cl\/sites\/vc\/convocatoria-fondo-de-inversion-audiovisual-2025\/"},"wordCount":116,"image":{"@id":"https:\/\/dev.antudigital.cl\/sites\/vc\/convocatoria-fondo-de-inversion-audiovisual-2025\/#primaryimage"},"thumbnailUrl":"https:\/\/dev.antudigital.cl\/sites\/vc\/wp-content\/uploads\/2024\/07\/Captura-de-Pantalla-2024-07-01-a-las-22.42.03.png","articleSection":["Noticia"],"inLanguage":"es"},{"@type":"WebPage","@id":"https:\/\/dev.antudigital.cl\/sites\/vc\/convocatoria-fondo-de-inversion-audiovisual-2025\/","url":"https:\/\/dev.antudigital.cl\/sites\/vc\/convocatoria-fondo-de-inversion-audiovisual-2025\/","name":"Convocatoria Fondo de Inversi\u00f3n Audiovisual 2025 - Valpara\u00ed\u00adso Creativo","isPartOf":{"@id":"https:\/\/dev.antudigital.cl\/sites\/vc\/#website"},"primaryImageOfPage":{"@id":"https:\/\/dev.antudigital.cl\/sites\/vc\/convocatoria-fondo-de-inversion-audiovisual-2025\/#primaryimage"},"image":{"@id":"https:\/\/dev.antudigital.cl\/sites\/vc\/convocatoria-fondo-de-inversion-audiovisual-2025\/#primaryimage"},"thumbnailUrl":"https:\/\/dev.antudigital.cl\/sites\/vc\/wp-content\/uploads\/2024\/07\/Captura-de-Pantalla-2024-07-01-a-las-22.42.03.png","datePublished":"2024-11-11T20:23:59+00:00","dateModified":"2024-11-11T20:24:28+00:00","author":{"@id":"https:\/\/dev.antudigital.cl\/sites\/vc\/#\/schema\/person\/c2b9da8dd545e27166fc5ab232837318"},"breadcrumb":{"@id":"https:\/\/dev.antudigital.cl\/sites\/vc\/convocatoria-fondo-de-inversion-audiovisual-2025\/#breadcrumb"},"inLanguage":"es","potentialAction":[{"@type":"ReadAction","target":["https:\/\/dev.antudigital.cl\/sites\/vc\/convocatoria-fondo-de-inversion-audiovisual-2025\/"]}]},{"@type":"ImageObject","inLanguage":"es","@id":"https:\/\/dev.antudigital.cl\/sites\/vc\/convocatoria-fondo-de-inversion-audiovisual-2025\/#primaryimage","url":"https:\/\/dev.antudigital.cl\/sites\/vc\/wp-content\/uploads\/2024\/07\/Captura-de-Pantalla-2024-07-01-a-las-22.42.03.png","contentUrl":"https:\/\/dev.antudigital.cl\/sites\/vc\/wp-content\/uploads\/2024\/07\/Captura-de-Pantalla-2024-07-01-a-las-22.42.03.png","width":889,"height":197},{"@type":"BreadcrumbList","@id":"https:\/\/dev.antudigital.cl\/sites\/vc\/convocatoria-fondo-de-inversion-audiovisual-2025\/#breadcrumb","itemListElement":[{"@type":"ListItem","position":1,"name":"Home","item":"https:\/\/dev.antudigital.cl\/sites\/vc\/"},{"@type":"ListItem","position":2,"name":"Convocatoria Fondo de Inversi\u00f3n Audiovisual 2025"}]},{"@type":"WebSite","@id":"https:\/\/dev.antudigital.cl\/sites\/vc\/#website","url":"https:\/\/dev.antudigital.cl\/sites\/vc\/","name":"Valpara\u00ed\u00adso Creativo","description":"","potentialAction":[{"@type":"SearchAction","target":{"@type":"EntryPoint","urlTemplate":"https:\/\/dev.antudigital.cl\/sites\/vc\/?s={search_term_string}"},"query-input":{"@type":"PropertyValueSpecification","valueRequired":true,"valueName":"search_term_string"}}],"inLanguage":"es"},{"@type":"Person","@id":"https:\/\/dev.antudigital.cl\/sites\/vc\/#\/schema\/person\/c2b9da8dd545e27166fc5ab232837318","name":"Valpara\u00edso Creativo","description":"Periodista de cultura en la Regi\u00f3n de Valpara\u00edso.","url":"https:\/\/dev.antudigital.cl\/sites\/vc\/author\/valpoadmin\/"}]}},"_links":{"self":[{"href":"https:\/\/dev.antudigital.cl\/sites\/vc\/wp-json\/wp\/v2\/posts\/21104","targetHints":{"allow":["GET"]}}],"collection":[{"href":"https:\/\/dev.antudigital.cl\/sites\/vc\/wp-json\/wp\/v2\/posts"}],"about":[{"href":"https:\/\/dev.antudigital.cl\/sites\/vc\/wp-json\/wp\/v2\/types\/post"}],"author":[{"embeddable":true,"href":"https:\/\/dev.antudigital.cl\/sites\/vc\/wp-json\/wp\/v2\/users\/1"}],"replies":[{"embeddable":true,"href":"https:\/\/dev.antudigital.cl\/sites\/vc\/wp-json\/wp\/v2\/comments?post=21104"}],"version-history":[{"count":1,"href":"https:\/\/dev.antudigital.cl\/sites\/vc\/wp-json\/wp\/v2\/posts\/21104\/revisions"}],"predecessor-version":[{"id":21105,"href":"https:\/\/dev.antudigital.cl\/sites\/vc\/wp-json\/wp\/v2\/posts\/21104\/revisions\/21105"}],"wp:featuredmedia":[{"embeddable":true,"href":"https:\/\/dev.antudigital.cl\/sites\/vc\/wp-json\/wp\/v2\/media\/19599"}],"wp:attachment":[{"href":"https:\/\/dev.antudigital.cl\/sites\/vc\/wp-json\/wp\/v2\/media?parent=21104"}],"wp:term":[{"taxonomy":"category","embeddable":true,"href":"https:\/\/dev.antudigital.cl\/sites\/vc\/wp-json\/wp\/v2\/categories?post=21104"},{"taxonomy":"post_tag","embeddable":true,"href":"https:\/\/dev.antudigital.cl\/sites\/vc\/wp-json\/wp\/v2\/tags?post=21104"}],"curies":[{"name":"wp","href":"https:\/\/api.w.org\/{rel}","templated":true}]}}