{"id":21106,"date":"2024-11-11T20:26:23","date_gmt":"2024-11-11T20:26:23","guid":{"rendered":"https:\/\/www.valparaisocreativo.cl\/?p=21106"},"modified":"2024-11-11T20:27:02","modified_gmt":"2024-11-11T20:27:02","slug":"convocatoria-fondo-de-fomento-al-arte-en-la-educacion-fae-2025-segundo-llamado","status":"publish","type":"post","link":"https:\/\/dev.antudigital.cl\/sites\/vc\/convocatoria-fondo-de-fomento-al-arte-en-la-educacion-fae-2025-segundo-llamado\/","title":{"rendered":"Convocatoria Fondo de Fomento al Arte en la Educaci\u00f3n \u2013 FAE 2025 \u2013 Segundo llamado"},"content":{"rendered":"\n<p><strong>Plazo:<\/strong>\u00a0jueves 28 de noviembre de 2024, 17:00 hrs.<\/p>\n\n\n\n<p>Esta convocatoria tiene por objetivo el financiamiento total o parcial, de proyectos que contribuyan al fortalecimiento de procesos de formaci\u00f3n art\u00edstica impartidos por instituciones educativas con RBD, a trav\u00e9s de programas de educaci\u00f3n formal.<\/p>\n\n\n\n<p>Este segundo llamado corresponde a la postulaci\u00f3n a la l\u00ednea&nbsp;<strong>Programas de Formaci\u00f3n Art\u00edstica Especializada en establecimientos educacionales con RBD (Rol base de datos)<\/strong>.<\/p>\n\n\n\n<p>Podr\u00e1n presentar proyectos Escuelas y Liceos Art\u00edsticos del sistema escolar formal o regular, subvencionados por el Estado, con Rol Base de Datos, que cuentan con uno de los siguientes requisitos:<\/p>\n\n\n\n<ol class=\"wp-block-list\">\n<li>Escuelas y Liceos que imparten educaci\u00f3n art\u00edstica especializada: Reconocidos seg\u00fan la Resoluci\u00f3n Exenta N\u00b0 4534 del 28 de agosto del 2018, del MINEDUC.<\/li>\n\n\n\n<li>Liceos con modalidad art\u00edstica diferenciada: Liceo que implementan, seg\u00fan ley 20.370, Titulo I, art. 20, la modalidad Art\u00edstica diferenciada para la educaci\u00f3n media.<\/li>\n\n\n\n<li>Escuelas y Liceos con JEC art\u00edstica: Escuelas y liceos subvencionados por el Estado, que NO cuentan con el reconocimiento formal de \u201cEscuelas art\u00edsticas\u201d establecido en la Resoluci\u00f3n Exenta N\u00b0 4534 del 28 de agosto del 2018, del MINEDUC, pero que cumplen con el siguiente requisito:\n<ul class=\"wp-block-list\">\n<li>Destinan el 50% de las horas de libre disposici\u00f3n JEC a la formaci\u00f3n art\u00edstica, en al menos un ciclo educativo (Primer ciclo b\u00e1sico, segundo ciclo b\u00e1sico o ciclo de educaci\u00f3n media).<\/li>\n<\/ul>\n<\/li>\n<\/ol>\n\n\n\n<h2 class=\"wp-block-heading\">Modalidades<\/h2>\n\n\n\n<p>La l\u00ednea&nbsp;<strong>Programas de Formaci\u00f3n Art\u00edstica Especializada en establecimientos educacionales con RBD (Rol base de datos)<\/strong>&nbsp;cuenta con dos modalidades:<\/p>\n\n\n\n<p><strong>Modalidad de Gesti\u00f3n Educativa Cultural<\/strong><\/p>\n\n\n\n<p>El prop\u00f3sito de esta modalidad es fortalecer el proyecto art\u00edstico cultural del establecimiento educacional y su relaci\u00f3n con la comunidad educativa, su territorio y las diversas comunidades que lo habitan, apoyando proyectos en materia de redes, programaci\u00f3n, gesti\u00f3n y extensi\u00f3n art\u00edstica y cultural. Se entiende por gesti\u00f3n cultural educativa a la planificaci\u00f3n, organizaci\u00f3n y coordinaci\u00f3n de actividades culturales en el \u00e1mbito educativo, que colaboran activamente en la formaci\u00f3n integral de los y las estudiantes a trav\u00e9s de las artes y la cultura.<\/p>\n\n\n\n<p>En esta modalidad podr\u00e1n postular proyectos como, eventos culturales, encuentros, seminarios, festivales, giras u otras actividades de programaci\u00f3n y difusi\u00f3n cultural, como tambi\u00e9n proyectos de extensi\u00f3n y formaci\u00f3n art\u00edstico cultural dirigida a la comunidad escolar y territorial en donde se encuentra ubicada la instituci\u00f3n.<\/p>\n\n\n\n<ul class=\"wp-block-list\">\n<li><em>Monto m\u00e1ximo por proyecto: $12.000.000.-<\/em><\/li>\n<\/ul>\n\n\n\n<p><strong>Modalidad de Talentos Art\u00edsticos<\/strong><\/p>\n\n\n\n<p>Ser\u00e1n beneficiarios de esta modalidad, estudiantes, que al momento de la postulaci\u00f3n tengan entre ocho y diecisiete a\u00f1os (ambas edades inclusive) y que est\u00e9n matriculados\/as en una escuela\/liceo que cumpla los requisitos m\u00ednimos de postulaci\u00f3n establecidos para esta l\u00ednea.<\/p>\n\n\n\n<ul class=\"wp-block-list\">\n<li><em>Monto m\u00e1ximo por proyecto: $5.000.000.-<\/em><\/li>\n<\/ul>\n\n\n\n<h2 class=\"wp-block-heading\"><a href=\"https:\/\/www.fondosdecultura.cl\/convocatoria-fae-2025-segundo-llamado\/\">Descarga aqu\u00ed las bases.<\/a><\/h2>\n","protected":false},"excerpt":{"rendered":"<p>Plazo:\u00a0jueves 28 de noviembre de 2024, 17:00 hrs. Esta convocatoria tiene por objetivo el financiamiento total o parcial, de proyectos que contribuyan al fortalecimiento de procesos de formaci\u00f3n art\u00edstica impartidos por instituciones educativas con RBD, a trav\u00e9s de programas de educaci\u00f3n formal. Este segundo llamado corresponde a la postulaci\u00f3n a la l\u00ednea&nbsp;Programas de Formaci\u00f3n Art\u00edstica [&hellip;]<\/p>\n","protected":false},"author":1,"featured_media":21107,"comment_status":"closed","ping_status":"closed","sticky":false,"template":"","format":"standard","meta":{"_acf_changed":false,"footnotes":""},"categories":[8],"tags":[],"class_list":["post-21106","post","type-post","status-publish","format-standard","has-post-thumbnail","hentry","category-noticia"],"acf":[],"yoast_head":"<!-- This site is optimized with the Yoast SEO plugin v27.1.1 - https:\/\/yoast.com\/product\/yoast-seo-wordpress\/ -->\n<title>Convocatoria Fondo de Fomento al Arte en la Educaci\u00f3n \u2013 FAE 2025 \u2013 Segundo llamado - Valpara\u00ed\u00adso Creativo<\/title>\n<meta name=\"robots\" content=\"index, follow, max-snippet:-1, max-image-preview:large, max-video-preview:-1\" \/>\n<link rel=\"canonical\" href=\"https:\/\/dev.antudigital.cl\/sites\/vc\/convocatoria-fondo-de-fomento-al-arte-en-la-educacion-fae-2025-segundo-llamado\/\" \/>\n<meta property=\"og:locale\" content=\"es_ES\" \/>\n<meta property=\"og:type\" content=\"article\" \/>\n<meta property=\"og:title\" content=\"Convocatoria Fondo de Fomento al Arte en la Educaci\u00f3n \u2013 FAE 2025 \u2013 Segundo llamado - Valpara\u00ed\u00adso Creativo\" \/>\n<meta property=\"og:description\" content=\"Plazo:\u00a0jueves 28 de noviembre de 2024, 17:00 hrs. Esta convocatoria tiene por objetivo el financiamiento total o parcial, de proyectos que contribuyan al fortalecimiento de procesos de formaci\u00f3n art\u00edstica impartidos por instituciones educativas con RBD, a trav\u00e9s de programas de educaci\u00f3n formal. Este segundo llamado corresponde a la postulaci\u00f3n a la l\u00ednea&nbsp;Programas de Formaci\u00f3n Art\u00edstica [&hellip;]\" \/>\n<meta property=\"og:url\" content=\"https:\/\/dev.antudigital.cl\/sites\/vc\/convocatoria-fondo-de-fomento-al-arte-en-la-educacion-fae-2025-segundo-llamado\/\" \/>\n<meta property=\"og:site_name\" content=\"Valpara\u00ed\u00adso Creativo\" \/>\n<meta property=\"article:published_time\" content=\"2024-11-11T20:26:23+00:00\" \/>\n<meta property=\"article:modified_time\" content=\"2024-11-11T20:27:02+00:00\" \/>\n<meta property=\"og:image\" content=\"https:\/\/dev.antudigital.cl\/sites\/vc\/wp-content\/uploads\/2024\/11\/Captura-de-Pantalla-2024-11-11-a-las-17.25.34.png\" \/>\n\t<meta property=\"og:image:width\" content=\"889\" \/>\n\t<meta property=\"og:image:height\" content=\"190\" \/>\n\t<meta property=\"og:image:type\" content=\"image\/png\" \/>\n<meta name=\"author\" content=\"Valpara\u00edso Creativo\" \/>\n<meta name=\"twitter:card\" content=\"summary_large_image\" \/>\n<meta name=\"twitter:label1\" content=\"Escrito por\" \/>\n\t<meta name=\"twitter:data1\" content=\"Valpara\u00edso Creativo\" \/>\n\t<meta name=\"twitter:label2\" content=\"Tiempo de lectura\" \/>\n\t<meta name=\"twitter:data2\" content=\"3 minutos\" \/>\n<script type=\"application\/ld+json\" class=\"yoast-schema-graph\">{\"@context\":\"https:\/\/schema.org\",\"@graph\":[{\"@type\":\"Article\",\"@id\":\"https:\/\/dev.antudigital.cl\/sites\/vc\/convocatoria-fondo-de-fomento-al-arte-en-la-educacion-fae-2025-segundo-llamado\/#article\",\"isPartOf\":{\"@id\":\"https:\/\/dev.antudigital.cl\/sites\/vc\/convocatoria-fondo-de-fomento-al-arte-en-la-educacion-fae-2025-segundo-llamado\/\"},\"author\":{\"name\":\"Valpara\u00edso Creativo\",\"@id\":\"https:\/\/dev.antudigital.cl\/sites\/vc\/#\/schema\/person\/c2b9da8dd545e27166fc5ab232837318\"},\"headline\":\"Convocatoria Fondo de Fomento al Arte en la Educaci\u00f3n \u2013 FAE 2025 \u2013 Segundo llamado\",\"datePublished\":\"2024-11-11T20:26:23+00:00\",\"dateModified\":\"2024-11-11T20:27:02+00:00\",\"mainEntityOfPage\":{\"@id\":\"https:\/\/dev.antudigital.cl\/sites\/vc\/convocatoria-fondo-de-fomento-al-arte-en-la-educacion-fae-2025-segundo-llamado\/\"},\"wordCount\":496,\"image\":{\"@id\":\"https:\/\/dev.antudigital.cl\/sites\/vc\/convocatoria-fondo-de-fomento-al-arte-en-la-educacion-fae-2025-segundo-llamado\/#primaryimage\"},\"thumbnailUrl\":\"https:\/\/dev.antudigital.cl\/sites\/vc\/wp-content\/uploads\/2024\/11\/Captura-de-Pantalla-2024-11-11-a-las-17.25.34.png\",\"articleSection\":[\"Noticia\"],\"inLanguage\":\"es\"},{\"@type\":\"WebPage\",\"@id\":\"https:\/\/dev.antudigital.cl\/sites\/vc\/convocatoria-fondo-de-fomento-al-arte-en-la-educacion-fae-2025-segundo-llamado\/\",\"url\":\"https:\/\/dev.antudigital.cl\/sites\/vc\/convocatoria-fondo-de-fomento-al-arte-en-la-educacion-fae-2025-segundo-llamado\/\",\"name\":\"Convocatoria Fondo de Fomento al Arte en la Educaci\u00f3n \u2013 FAE 2025 \u2013 Segundo llamado - Valpara\u00ed\u00adso Creativo\",\"isPartOf\":{\"@id\":\"https:\/\/dev.antudigital.cl\/sites\/vc\/#website\"},\"primaryImageOfPage\":{\"@id\":\"https:\/\/dev.antudigital.cl\/sites\/vc\/convocatoria-fondo-de-fomento-al-arte-en-la-educacion-fae-2025-segundo-llamado\/#primaryimage\"},\"image\":{\"@id\":\"https:\/\/dev.antudigital.cl\/sites\/vc\/convocatoria-fondo-de-fomento-al-arte-en-la-educacion-fae-2025-segundo-llamado\/#primaryimage\"},\"thumbnailUrl\":\"https:\/\/dev.antudigital.cl\/sites\/vc\/wp-content\/uploads\/2024\/11\/Captura-de-Pantalla-2024-11-11-a-las-17.25.34.png\",\"datePublished\":\"2024-11-11T20:26:23+00:00\",\"dateModified\":\"2024-11-11T20:27:02+00:00\",\"author\":{\"@id\":\"https:\/\/dev.antudigital.cl\/sites\/vc\/#\/schema\/person\/c2b9da8dd545e27166fc5ab232837318\"},\"breadcrumb\":{\"@id\":\"https:\/\/dev.antudigital.cl\/sites\/vc\/convocatoria-fondo-de-fomento-al-arte-en-la-educacion-fae-2025-segundo-llamado\/#breadcrumb\"},\"inLanguage\":\"es\",\"potentialAction\":[{\"@type\":\"ReadAction\",\"target\":[\"https:\/\/dev.antudigital.cl\/sites\/vc\/convocatoria-fondo-de-fomento-al-arte-en-la-educacion-fae-2025-segundo-llamado\/\"]}]},{\"@type\":\"ImageObject\",\"inLanguage\":\"es\",\"@id\":\"https:\/\/dev.antudigital.cl\/sites\/vc\/convocatoria-fondo-de-fomento-al-arte-en-la-educacion-fae-2025-segundo-llamado\/#primaryimage\",\"url\":\"https:\/\/dev.antudigital.cl\/sites\/vc\/wp-content\/uploads\/2024\/11\/Captura-de-Pantalla-2024-11-11-a-las-17.25.34.png\",\"contentUrl\":\"https:\/\/dev.antudigital.cl\/sites\/vc\/wp-content\/uploads\/2024\/11\/Captura-de-Pantalla-2024-11-11-a-las-17.25.34.png\",\"width\":889,\"height\":190},{\"@type\":\"BreadcrumbList\",\"@id\":\"https:\/\/dev.antudigital.cl\/sites\/vc\/convocatoria-fondo-de-fomento-al-arte-en-la-educacion-fae-2025-segundo-llamado\/#breadcrumb\",\"itemListElement\":[{\"@type\":\"ListItem\",\"position\":1,\"name\":\"Home\",\"item\":\"https:\/\/dev.antudigital.cl\/sites\/vc\/\"},{\"@type\":\"ListItem\",\"position\":2,\"name\":\"Convocatoria Fondo de Fomento al Arte en la Educaci\u00f3n \u2013 FAE 2025 \u2013 Segundo llamado\"}]},{\"@type\":\"WebSite\",\"@id\":\"https:\/\/dev.antudigital.cl\/sites\/vc\/#website\",\"url\":\"https:\/\/dev.antudigital.cl\/sites\/vc\/\",\"name\":\"Valpara\u00ed\u00adso Creativo\",\"description\":\"\",\"potentialAction\":[{\"@type\":\"SearchAction\",\"target\":{\"@type\":\"EntryPoint\",\"urlTemplate\":\"https:\/\/dev.antudigital.cl\/sites\/vc\/?s={search_term_string}\"},\"query-input\":{\"@type\":\"PropertyValueSpecification\",\"valueRequired\":true,\"valueName\":\"search_term_string\"}}],\"inLanguage\":\"es\"},{\"@type\":\"Person\",\"@id\":\"https:\/\/dev.antudigital.cl\/sites\/vc\/#\/schema\/person\/c2b9da8dd545e27166fc5ab232837318\",\"name\":\"Valpara\u00edso Creativo\",\"description\":\"Periodista de cultura en la Regi\u00f3n de Valpara\u00edso.\",\"url\":\"https:\/\/dev.antudigital.cl\/sites\/vc\/author\/valpoadmin\/\"}]}<\/script>\n<!-- \/ Yoast SEO plugin. -->","yoast_head_json":{"title":"Convocatoria Fondo de Fomento al Arte en la Educaci\u00f3n \u2013 FAE 2025 \u2013 Segundo llamado - Valpara\u00ed\u00adso Creativo","robots":{"index":"index","follow":"follow","max-snippet":"max-snippet:-1","max-image-preview":"max-image-preview:large","max-video-preview":"max-video-preview:-1"},"canonical":"https:\/\/dev.antudigital.cl\/sites\/vc\/convocatoria-fondo-de-fomento-al-arte-en-la-educacion-fae-2025-segundo-llamado\/","og_locale":"es_ES","og_type":"article","og_title":"Convocatoria Fondo de Fomento al Arte en la Educaci\u00f3n \u2013 FAE 2025 \u2013 Segundo llamado - Valpara\u00ed\u00adso Creativo","og_description":"Plazo:\u00a0jueves 28 de noviembre de 2024, 17:00 hrs. Esta convocatoria tiene por objetivo el financiamiento total o parcial, de proyectos que contribuyan al fortalecimiento de procesos de formaci\u00f3n art\u00edstica impartidos por instituciones educativas con RBD, a trav\u00e9s de programas de educaci\u00f3n formal. Este segundo llamado corresponde a la postulaci\u00f3n a la l\u00ednea&nbsp;Programas de Formaci\u00f3n Art\u00edstica [&hellip;]","og_url":"https:\/\/dev.antudigital.cl\/sites\/vc\/convocatoria-fondo-de-fomento-al-arte-en-la-educacion-fae-2025-segundo-llamado\/","og_site_name":"Valpara\u00ed\u00adso Creativo","article_published_time":"2024-11-11T20:26:23+00:00","article_modified_time":"2024-11-11T20:27:02+00:00","og_image":[{"width":889,"height":190,"url":"https:\/\/dev.antudigital.cl\/sites\/vc\/wp-content\/uploads\/2024\/11\/Captura-de-Pantalla-2024-11-11-a-las-17.25.34.png","type":"image\/png"}],"author":"Valpara\u00edso Creativo","twitter_card":"summary_large_image","twitter_misc":{"Escrito por":"Valpara\u00edso Creativo","Tiempo de lectura":"3 minutos"},"schema":{"@context":"https:\/\/schema.org","@graph":[{"@type":"Article","@id":"https:\/\/dev.antudigital.cl\/sites\/vc\/convocatoria-fondo-de-fomento-al-arte-en-la-educacion-fae-2025-segundo-llamado\/#article","isPartOf":{"@id":"https:\/\/dev.antudigital.cl\/sites\/vc\/convocatoria-fondo-de-fomento-al-arte-en-la-educacion-fae-2025-segundo-llamado\/"},"author":{"name":"Valpara\u00edso Creativo","@id":"https:\/\/dev.antudigital.cl\/sites\/vc\/#\/schema\/person\/c2b9da8dd545e27166fc5ab232837318"},"headline":"Convocatoria Fondo de Fomento al Arte en la Educaci\u00f3n \u2013 FAE 2025 \u2013 Segundo llamado","datePublished":"2024-11-11T20:26:23+00:00","dateModified":"2024-11-11T20:27:02+00:00","mainEntityOfPage":{"@id":"https:\/\/dev.antudigital.cl\/sites\/vc\/convocatoria-fondo-de-fomento-al-arte-en-la-educacion-fae-2025-segundo-llamado\/"},"wordCount":496,"image":{"@id":"https:\/\/dev.antudigital.cl\/sites\/vc\/convocatoria-fondo-de-fomento-al-arte-en-la-educacion-fae-2025-segundo-llamado\/#primaryimage"},"thumbnailUrl":"https:\/\/dev.antudigital.cl\/sites\/vc\/wp-content\/uploads\/2024\/11\/Captura-de-Pantalla-2024-11-11-a-las-17.25.34.png","articleSection":["Noticia"],"inLanguage":"es"},{"@type":"WebPage","@id":"https:\/\/dev.antudigital.cl\/sites\/vc\/convocatoria-fondo-de-fomento-al-arte-en-la-educacion-fae-2025-segundo-llamado\/","url":"https:\/\/dev.antudigital.cl\/sites\/vc\/convocatoria-fondo-de-fomento-al-arte-en-la-educacion-fae-2025-segundo-llamado\/","name":"Convocatoria Fondo de Fomento al Arte en la Educaci\u00f3n \u2013 FAE 2025 \u2013 Segundo llamado - Valpara\u00ed\u00adso Creativo","isPartOf":{"@id":"https:\/\/dev.antudigital.cl\/sites\/vc\/#website"},"primaryImageOfPage":{"@id":"https:\/\/dev.antudigital.cl\/sites\/vc\/convocatoria-fondo-de-fomento-al-arte-en-la-educacion-fae-2025-segundo-llamado\/#primaryimage"},"image":{"@id":"https:\/\/dev.antudigital.cl\/sites\/vc\/convocatoria-fondo-de-fomento-al-arte-en-la-educacion-fae-2025-segundo-llamado\/#primaryimage"},"thumbnailUrl":"https:\/\/dev.antudigital.cl\/sites\/vc\/wp-content\/uploads\/2024\/11\/Captura-de-Pantalla-2024-11-11-a-las-17.25.34.png","datePublished":"2024-11-11T20:26:23+00:00","dateModified":"2024-11-11T20:27:02+00:00","author":{"@id":"https:\/\/dev.antudigital.cl\/sites\/vc\/#\/schema\/person\/c2b9da8dd545e27166fc5ab232837318"},"breadcrumb":{"@id":"https:\/\/dev.antudigital.cl\/sites\/vc\/convocatoria-fondo-de-fomento-al-arte-en-la-educacion-fae-2025-segundo-llamado\/#breadcrumb"},"inLanguage":"es","potentialAction":[{"@type":"ReadAction","target":["https:\/\/dev.antudigital.cl\/sites\/vc\/convocatoria-fondo-de-fomento-al-arte-en-la-educacion-fae-2025-segundo-llamado\/"]}]},{"@type":"ImageObject","inLanguage":"es","@id":"https:\/\/dev.antudigital.cl\/sites\/vc\/convocatoria-fondo-de-fomento-al-arte-en-la-educacion-fae-2025-segundo-llamado\/#primaryimage","url":"https:\/\/dev.antudigital.cl\/sites\/vc\/wp-content\/uploads\/2024\/11\/Captura-de-Pantalla-2024-11-11-a-las-17.25.34.png","contentUrl":"https:\/\/dev.antudigital.cl\/sites\/vc\/wp-content\/uploads\/2024\/11\/Captura-de-Pantalla-2024-11-11-a-las-17.25.34.png","width":889,"height":190},{"@type":"BreadcrumbList","@id":"https:\/\/dev.antudigital.cl\/sites\/vc\/convocatoria-fondo-de-fomento-al-arte-en-la-educacion-fae-2025-segundo-llamado\/#breadcrumb","itemListElement":[{"@type":"ListItem","position":1,"name":"Home","item":"https:\/\/dev.antudigital.cl\/sites\/vc\/"},{"@type":"ListItem","position":2,"name":"Convocatoria Fondo de Fomento al Arte en la Educaci\u00f3n \u2013 FAE 2025 \u2013 Segundo llamado"}]},{"@type":"WebSite","@id":"https:\/\/dev.antudigital.cl\/sites\/vc\/#website","url":"https:\/\/dev.antudigital.cl\/sites\/vc\/","name":"Valpara\u00ed\u00adso Creativo","description":"","potentialAction":[{"@type":"SearchAction","target":{"@type":"EntryPoint","urlTemplate":"https:\/\/dev.antudigital.cl\/sites\/vc\/?s={search_term_string}"},"query-input":{"@type":"PropertyValueSpecification","valueRequired":true,"valueName":"search_term_string"}}],"inLanguage":"es"},{"@type":"Person","@id":"https:\/\/dev.antudigital.cl\/sites\/vc\/#\/schema\/person\/c2b9da8dd545e27166fc5ab232837318","name":"Valpara\u00edso Creativo","description":"Periodista de cultura en la Regi\u00f3n de Valpara\u00edso.","url":"https:\/\/dev.antudigital.cl\/sites\/vc\/author\/valpoadmin\/"}]}},"_links":{"self":[{"href":"https:\/\/dev.antudigital.cl\/sites\/vc\/wp-json\/wp\/v2\/posts\/21106","targetHints":{"allow":["GET"]}}],"collection":[{"href":"https:\/\/dev.antudigital.cl\/sites\/vc\/wp-json\/wp\/v2\/posts"}],"about":[{"href":"https:\/\/dev.antudigital.cl\/sites\/vc\/wp-json\/wp\/v2\/types\/post"}],"author":[{"embeddable":true,"href":"https:\/\/dev.antudigital.cl\/sites\/vc\/wp-json\/wp\/v2\/users\/1"}],"replies":[{"embeddable":true,"href":"https:\/\/dev.antudigital.cl\/sites\/vc\/wp-json\/wp\/v2\/comments?post=21106"}],"version-history":[{"count":1,"href":"https:\/\/dev.antudigital.cl\/sites\/vc\/wp-json\/wp\/v2\/posts\/21106\/revisions"}],"predecessor-version":[{"id":21108,"href":"https:\/\/dev.antudigital.cl\/sites\/vc\/wp-json\/wp\/v2\/posts\/21106\/revisions\/21108"}],"wp:featuredmedia":[{"embeddable":true,"href":"https:\/\/dev.antudigital.cl\/sites\/vc\/wp-json\/wp\/v2\/media\/21107"}],"wp:attachment":[{"href":"https:\/\/dev.antudigital.cl\/sites\/vc\/wp-json\/wp\/v2\/media?parent=21106"}],"wp:term":[{"taxonomy":"category","embeddable":true,"href":"https:\/\/dev.antudigital.cl\/sites\/vc\/wp-json\/wp\/v2\/categories?post=21106"},{"taxonomy":"post_tag","embeddable":true,"href":"https:\/\/dev.antudigital.cl\/sites\/vc\/wp-json\/wp\/v2\/tags?post=21106"}],"curies":[{"name":"wp","href":"https:\/\/api.w.org\/{rel}","templated":true}]}}