{"id":21154,"date":"2024-11-18T14:29:10","date_gmt":"2024-11-18T14:29:10","guid":{"rendered":"https:\/\/www.valparaisocreativo.cl\/?p=21154"},"modified":"2024-11-18T14:29:28","modified_gmt":"2024-11-18T14:29:28","slug":"fabi-experimenta-con-neosoul-indie-pop-y-jazz-en-perder","status":"publish","type":"post","link":"https:\/\/dev.antudigital.cl\/sites\/vc\/fabi-experimenta-con-neosoul-indie-pop-y-jazz-en-perder\/","title":{"rendered":"FABI\u00a0experimenta con neosoul, indie, pop y jazz en \u00abPerder\u00bb"},"content":{"rendered":"\n<p><a href=\"https:\/\/bh1ik.r.sp1-brevo.net\/mk\/cl\/f\/sh\/SMK1E8tHeG13GZB6HuHbH2zmqP4Q\/282fsTpIRUrp\" target=\"_blank\" rel=\"noreferrer noopener\"><strong>FABI<\/strong><\/a>, que ha sabido de m\u00fasica desde la academia, el mundo orquestal, la interpretaci\u00f3n del bajo el\u00e9ctrico, y las artes musicales m\u00e1s rebuscadas, presenta un nuevo disco desde la figura de cantautor y compositor:&nbsp;<a href=\"https:\/\/bh1ik.r.sp1-brevo.net\/mk\/cl\/f\/sh\/SMK1E8tHeG7uii03T4R5MsIWoheg\/YtnSN0v5bnTc\" target=\"_blank\" rel=\"noreferrer noopener\"><strong>\u00abPerder\u00bb<\/strong><\/a>, encargado de suceder a&nbsp;<a href=\"https:\/\/bh1ik.r.sp1-brevo.net\/mk\/cl\/f\/sh\/SMK1E8tHeGEmAqp0eEaZShbGn0Ew\/U72_pOmGFBy-\" target=\"_blank\" rel=\"noreferrer noopener\"><strong>\u00abCat\u00e1logo de Canciones para el Fin del Mundo\u00bb<\/strong><\/a>, del 2022.&nbsp;<\/p>\n\n\n\n<p>En esta etapa solista, nos regala 8 canciones que se aglutinan desde distintas vertientes musicales, pero que se van construyendo bajo un caracter\u00edstico sello en donde la experimentaci\u00f3n con el bajo el\u00e9ctrico y la conjugaci\u00f3n de lo anterior con su voz son partes fundamentales.&nbsp;<\/p>\n\n\n\n<p><strong>\u00abNo importando el estilo, y sobre todo valorando el poder saltar de un g\u00e9nero a otro, pienso en mi proyecto como una ventana al amplio mundo de las canciones \u2013desde su formato m\u00e1s pop, hasta las canciones m\u00e1s raras\u2013, que me permiten una conexi\u00f3n m\u00e1s directa con las personas, con t\u00f3picos m\u00e1s universales\u00bb<\/strong>, asegura el artista, que tambi\u00e9n comparte la labor de producci\u00f3n junto a Andr\u00e9s Land\u00f3n.<\/p>\n\n\n\n<p>A diferencia de la historia musical que precede a&nbsp;<a href=\"https:\/\/bh1ik.r.sp1-brevo.net\/mk\/cl\/f\/sh\/SMK1E8tHeGSV58Sv0YtXeMCkjbPS\/8tvnM-mR33ij\" target=\"_blank\" rel=\"noreferrer noopener\"><strong>\u00abPerder\u00bb<\/strong><\/a>, aqu\u00ed nos encontramos con sorpresas respecto a los estilos. El formato pop se cuela en esta experiencia, que tom\u00f3 detalles, dichos y cotidianidades pegajosas para llevarlas a significaciones musicales relevantes.<\/p>\n\n\n\n<figure class=\"wp-block-image size-large\"><img fetchpriority=\"high\" decoding=\"async\" width=\"1024\" height=\"1024\" src=\"https:\/\/www.valparaisocreativo.cl\/wp-content\/uploads\/2024\/11\/unnamed-1024x1024.jpg\" alt=\"\" class=\"wp-image-21155\" srcset=\"https:\/\/dev.antudigital.cl\/sites\/vc\/wp-content\/uploads\/2024\/11\/unnamed-1024x1024.jpg 1024w, https:\/\/dev.antudigital.cl\/sites\/vc\/wp-content\/uploads\/2024\/11\/unnamed-300x300.jpg 300w, https:\/\/dev.antudigital.cl\/sites\/vc\/wp-content\/uploads\/2024\/11\/unnamed-150x150.jpg 150w, https:\/\/dev.antudigital.cl\/sites\/vc\/wp-content\/uploads\/2024\/11\/unnamed-768x768.jpg 768w, https:\/\/dev.antudigital.cl\/sites\/vc\/wp-content\/uploads\/2024\/11\/unnamed-1536x1536.jpg 1536w, https:\/\/dev.antudigital.cl\/sites\/vc\/wp-content\/uploads\/2024\/11\/unnamed-2048x2048.jpg 2048w, https:\/\/dev.antudigital.cl\/sites\/vc\/wp-content\/uploads\/2024\/11\/unnamed-1080x1080.jpg 1080w, https:\/\/dev.antudigital.cl\/sites\/vc\/wp-content\/uploads\/2024\/11\/unnamed-1280x1280.jpg 1280w, https:\/\/dev.antudigital.cl\/sites\/vc\/wp-content\/uploads\/2024\/11\/unnamed-980x980.jpg 980w, https:\/\/dev.antudigital.cl\/sites\/vc\/wp-content\/uploads\/2024\/11\/unnamed-480x480.jpg 480w, https:\/\/dev.antudigital.cl\/sites\/vc\/wp-content\/uploads\/2024\/11\/unnamed-24x24.jpg 24w, https:\/\/dev.antudigital.cl\/sites\/vc\/wp-content\/uploads\/2024\/11\/unnamed-36x36.jpg 36w, https:\/\/dev.antudigital.cl\/sites\/vc\/wp-content\/uploads\/2024\/11\/unnamed-48x48.jpg 48w\" sizes=\"(max-width: 1024px) 100vw, 1024px\" \/><\/figure>\n\n\n\n<p><strong>\u201cMe gustan mucho los refranes, frases que me hac\u00edan sentido a prop\u00f3sito de ciertas cosas que quer\u00eda hablar. Trat\u00e9 que eso, que finalmente es muy chileno, estuviera en la m\u00fasica. Por ejemplo en \u2018El Ponchito\u2019 o \u2018No Me Echo Pa\u2019 Atr\u00e1s\u2019. Hay algo que est\u00e1 dentro de una especie de inconsciente colectivo, que tiene estas frases s\u00faper incorporadas. Hay una forma de idiosincrasia chilena que a m\u00ed me toma mucho\u201d<\/strong>, comenta.&nbsp;<\/p>\n\n\n\n<p>Tal como escuchamos en el adelanto&nbsp;<a href=\"https:\/\/bh1ik.r.sp1-brevo.net\/mk\/cl\/f\/sh\/SMK1E8tHeGZMXHHsBj31kBVUhtzi\/q6F13r5PhnRq\" target=\"_blank\" rel=\"noreferrer noopener\"><strong>&#8216;No Me Echo Pa&#8217; Atr\u00e1s&#8217;<\/strong><strong>,<\/strong><\/a>&nbsp;junto a&nbsp;<strong>Lorena Blume,<\/strong>&nbsp;el \u00e1lbum viene con m\u00e1s participaciones.<strong>&nbsp;\u00abHay incre\u00edbles colaboraciones: el productor Andr\u00e9s Land\u00f3n, en una canci\u00f3n bastante experimental con una brutal vibra ochentera. Valentina Rodr\u00edguez, que tambi\u00e9n fue la que nos acompa\u00f1\u00f3 como coach vocal en este proyecto. Natis\u00fa, en una canci\u00f3n que coquetea con el jazz contempor\u00e1neo. En el \u00faltimo track, Alfredo Tauber y Alejandro Pino, en tromb\u00f3n y trompeta, respectivamente, con impecables interpretaciones y solos\u201d, agrega el m\u00fasico<\/strong><\/p>\n\n\n\n<p>Acid jazz, neosoul, un poco de groove, un poco de rock, la brisa de Valpara\u00edso y el largo recorrido de un m\u00fasico, que este 2024 se anima a acercarnos a su biograf\u00eda sonora con un disco que le canta al reconocimiento de la p\u00e9rdida como un inevitable de la mera existencia, pero desde los rincones vivenciales colectivos.&nbsp;<\/p>\n\n\n\n<p><strong>\u00abSiento que este disco habla de manera un poco m\u00e1s descarnada de vivencias personales, que tambi\u00e9n se conjugan con vivencias que son comunes. Una de las cosas que yo quer\u00eda hacer era poder conectar a trav\u00e9s de estas vivencias. Muchas veces vivimos procesos dolorosos de p\u00e9rdida, y uno se siente s\u00f3lo en el mundo viviendo esas cosas, pero en realidad es una experiencia com\u00fan, porque la p\u00e9rdida es algo intr\u00ednseco de lo humano, convoca a todo el mundo\u00bb<\/strong>.&nbsp;<\/p>\n\n\n\n<p><\/p>\n\n\n\n<figure class=\"wp-block-embed is-type-rich is-provider-spotify wp-block-embed-spotify wp-embed-aspect-21-9 wp-has-aspect-ratio\"><div class=\"wp-block-embed__wrapper\">\n<iframe title=\"Spotify Embed: Perder\" style=\"border-radius: 12px\" width=\"100%\" height=\"352\" frameborder=\"0\" allowfullscreen allow=\"autoplay; clipboard-write; encrypted-media; fullscreen; picture-in-picture\" loading=\"lazy\" src=\"https:\/\/open.spotify.com\/embed\/album\/77UXbQQ0crUdN3X0GreGbN?si=1&#038;nd=1&#038;dlsi=eb7989e30d074b60&#038;utm_source=oembed\"><\/iframe>\n<\/div><\/figure>\n","protected":false},"excerpt":{"rendered":"<p>FABI, que ha sabido de m\u00fasica desde la academia, el mundo orquestal, la interpretaci\u00f3n del bajo el\u00e9ctrico, y las artes musicales m\u00e1s rebuscadas, presenta un nuevo disco desde la figura de cantautor y compositor:&nbsp;\u00abPerder\u00bb, encargado de suceder a&nbsp;\u00abCat\u00e1logo de Canciones para el Fin del Mundo\u00bb, del 2022.&nbsp; En esta etapa solista, nos regala 8 canciones [&hellip;]<\/p>\n","protected":false},"author":1,"featured_media":21156,"comment_status":"closed","ping_status":"closed","sticky":false,"template":"","format":"standard","meta":{"_acf_changed":false,"footnotes":""},"categories":[8],"tags":[],"class_list":["post-21154","post","type-post","status-publish","format-standard","has-post-thumbnail","hentry","category-noticia"],"acf":[],"yoast_head":"<!-- This site is optimized with the Yoast SEO plugin v27.1.1 - https:\/\/yoast.com\/product\/yoast-seo-wordpress\/ -->\n<title>FABI\u00a0experimenta con neosoul, indie, pop y jazz en &quot;Perder&quot; - Valpara\u00ed\u00adso Creativo<\/title>\n<meta name=\"robots\" content=\"index, follow, max-snippet:-1, max-image-preview:large, max-video-preview:-1\" \/>\n<link rel=\"canonical\" href=\"https:\/\/dev.antudigital.cl\/sites\/vc\/fabi-experimenta-con-neosoul-indie-pop-y-jazz-en-perder\/\" \/>\n<meta property=\"og:locale\" content=\"es_ES\" \/>\n<meta property=\"og:type\" content=\"article\" \/>\n<meta property=\"og:title\" content=\"FABI\u00a0experimenta con neosoul, indie, pop y jazz en &quot;Perder&quot; - Valpara\u00ed\u00adso Creativo\" \/>\n<meta property=\"og:description\" content=\"FABI, que ha sabido de m\u00fasica desde la academia, el mundo orquestal, la interpretaci\u00f3n del bajo el\u00e9ctrico, y las artes musicales m\u00e1s rebuscadas, presenta un nuevo disco desde la figura de cantautor y compositor:&nbsp;\u00abPerder\u00bb, encargado de suceder a&nbsp;\u00abCat\u00e1logo de Canciones para el Fin del Mundo\u00bb, del 2022.&nbsp; En esta etapa solista, nos regala 8 canciones [&hellip;]\" \/>\n<meta property=\"og:url\" content=\"https:\/\/dev.antudigital.cl\/sites\/vc\/fabi-experimenta-con-neosoul-indie-pop-y-jazz-en-perder\/\" \/>\n<meta property=\"og:site_name\" content=\"Valpara\u00ed\u00adso Creativo\" \/>\n<meta property=\"article:published_time\" content=\"2024-11-18T14:29:10+00:00\" \/>\n<meta property=\"article:modified_time\" content=\"2024-11-18T14:29:28+00:00\" \/>\n<meta property=\"og:image\" content=\"https:\/\/dev.antudigital.cl\/sites\/vc\/wp-content\/uploads\/2024\/11\/unnamed-2-1024x682.png\" \/>\n\t<meta property=\"og:image:width\" content=\"1024\" \/>\n\t<meta property=\"og:image:height\" content=\"682\" \/>\n\t<meta property=\"og:image:type\" content=\"image\/png\" \/>\n<meta name=\"author\" content=\"Valpara\u00edso Creativo\" \/>\n<meta name=\"twitter:card\" content=\"summary_large_image\" \/>\n<meta name=\"twitter:label1\" content=\"Escrito por\" \/>\n\t<meta name=\"twitter:data1\" content=\"Valpara\u00edso Creativo\" \/>\n\t<meta name=\"twitter:label2\" content=\"Tiempo de lectura\" \/>\n\t<meta name=\"twitter:data2\" content=\"3 minutos\" \/>\n<script type=\"application\/ld+json\" class=\"yoast-schema-graph\">{\"@context\":\"https:\/\/schema.org\",\"@graph\":[{\"@type\":\"Article\",\"@id\":\"https:\/\/dev.antudigital.cl\/sites\/vc\/fabi-experimenta-con-neosoul-indie-pop-y-jazz-en-perder\/#article\",\"isPartOf\":{\"@id\":\"https:\/\/dev.antudigital.cl\/sites\/vc\/fabi-experimenta-con-neosoul-indie-pop-y-jazz-en-perder\/\"},\"author\":{\"name\":\"Valpara\u00edso Creativo\",\"@id\":\"https:\/\/dev.antudigital.cl\/sites\/vc\/#\/schema\/person\/c2b9da8dd545e27166fc5ab232837318\"},\"headline\":\"FABI\u00a0experimenta con neosoul, indie, pop y jazz en \u00abPerder\u00bb\",\"datePublished\":\"2024-11-18T14:29:10+00:00\",\"dateModified\":\"2024-11-18T14:29:28+00:00\",\"mainEntityOfPage\":{\"@id\":\"https:\/\/dev.antudigital.cl\/sites\/vc\/fabi-experimenta-con-neosoul-indie-pop-y-jazz-en-perder\/\"},\"wordCount\":581,\"image\":{\"@id\":\"https:\/\/dev.antudigital.cl\/sites\/vc\/fabi-experimenta-con-neosoul-indie-pop-y-jazz-en-perder\/#primaryimage\"},\"thumbnailUrl\":\"https:\/\/dev.antudigital.cl\/sites\/vc\/wp-content\/uploads\/2024\/11\/unnamed-2.png\",\"articleSection\":[\"Noticia\"],\"inLanguage\":\"es\"},{\"@type\":\"WebPage\",\"@id\":\"https:\/\/dev.antudigital.cl\/sites\/vc\/fabi-experimenta-con-neosoul-indie-pop-y-jazz-en-perder\/\",\"url\":\"https:\/\/dev.antudigital.cl\/sites\/vc\/fabi-experimenta-con-neosoul-indie-pop-y-jazz-en-perder\/\",\"name\":\"FABI\u00a0experimenta con neosoul, indie, pop y jazz en \\\"Perder\\\" - Valpara\u00ed\u00adso Creativo\",\"isPartOf\":{\"@id\":\"https:\/\/dev.antudigital.cl\/sites\/vc\/#website\"},\"primaryImageOfPage\":{\"@id\":\"https:\/\/dev.antudigital.cl\/sites\/vc\/fabi-experimenta-con-neosoul-indie-pop-y-jazz-en-perder\/#primaryimage\"},\"image\":{\"@id\":\"https:\/\/dev.antudigital.cl\/sites\/vc\/fabi-experimenta-con-neosoul-indie-pop-y-jazz-en-perder\/#primaryimage\"},\"thumbnailUrl\":\"https:\/\/dev.antudigital.cl\/sites\/vc\/wp-content\/uploads\/2024\/11\/unnamed-2.png\",\"datePublished\":\"2024-11-18T14:29:10+00:00\",\"dateModified\":\"2024-11-18T14:29:28+00:00\",\"author\":{\"@id\":\"https:\/\/dev.antudigital.cl\/sites\/vc\/#\/schema\/person\/c2b9da8dd545e27166fc5ab232837318\"},\"breadcrumb\":{\"@id\":\"https:\/\/dev.antudigital.cl\/sites\/vc\/fabi-experimenta-con-neosoul-indie-pop-y-jazz-en-perder\/#breadcrumb\"},\"inLanguage\":\"es\",\"potentialAction\":[{\"@type\":\"ReadAction\",\"target\":[\"https:\/\/dev.antudigital.cl\/sites\/vc\/fabi-experimenta-con-neosoul-indie-pop-y-jazz-en-perder\/\"]}]},{\"@type\":\"ImageObject\",\"inLanguage\":\"es\",\"@id\":\"https:\/\/dev.antudigital.cl\/sites\/vc\/fabi-experimenta-con-neosoul-indie-pop-y-jazz-en-perder\/#primaryimage\",\"url\":\"https:\/\/dev.antudigital.cl\/sites\/vc\/wp-content\/uploads\/2024\/11\/unnamed-2.png\",\"contentUrl\":\"https:\/\/dev.antudigital.cl\/sites\/vc\/wp-content\/uploads\/2024\/11\/unnamed-2.png\",\"width\":1760,\"height\":1172},{\"@type\":\"BreadcrumbList\",\"@id\":\"https:\/\/dev.antudigital.cl\/sites\/vc\/fabi-experimenta-con-neosoul-indie-pop-y-jazz-en-perder\/#breadcrumb\",\"itemListElement\":[{\"@type\":\"ListItem\",\"position\":1,\"name\":\"Home\",\"item\":\"https:\/\/dev.antudigital.cl\/sites\/vc\/\"},{\"@type\":\"ListItem\",\"position\":2,\"name\":\"FABI\u00a0experimenta con neosoul, indie, pop y jazz en \u00abPerder\u00bb\"}]},{\"@type\":\"WebSite\",\"@id\":\"https:\/\/dev.antudigital.cl\/sites\/vc\/#website\",\"url\":\"https:\/\/dev.antudigital.cl\/sites\/vc\/\",\"name\":\"Valpara\u00ed\u00adso Creativo\",\"description\":\"\",\"potentialAction\":[{\"@type\":\"SearchAction\",\"target\":{\"@type\":\"EntryPoint\",\"urlTemplate\":\"https:\/\/dev.antudigital.cl\/sites\/vc\/?s={search_term_string}\"},\"query-input\":{\"@type\":\"PropertyValueSpecification\",\"valueRequired\":true,\"valueName\":\"search_term_string\"}}],\"inLanguage\":\"es\"},{\"@type\":\"Person\",\"@id\":\"https:\/\/dev.antudigital.cl\/sites\/vc\/#\/schema\/person\/c2b9da8dd545e27166fc5ab232837318\",\"name\":\"Valpara\u00edso Creativo\",\"description\":\"Periodista de cultura en la Regi\u00f3n de Valpara\u00edso.\",\"url\":\"https:\/\/dev.antudigital.cl\/sites\/vc\/author\/valpoadmin\/\"}]}<\/script>\n<!-- \/ Yoast SEO plugin. -->","yoast_head_json":{"title":"FABI\u00a0experimenta con neosoul, indie, pop y jazz en \"Perder\" - Valpara\u00ed\u00adso Creativo","robots":{"index":"index","follow":"follow","max-snippet":"max-snippet:-1","max-image-preview":"max-image-preview:large","max-video-preview":"max-video-preview:-1"},"canonical":"https:\/\/dev.antudigital.cl\/sites\/vc\/fabi-experimenta-con-neosoul-indie-pop-y-jazz-en-perder\/","og_locale":"es_ES","og_type":"article","og_title":"FABI\u00a0experimenta con neosoul, indie, pop y jazz en \"Perder\" - Valpara\u00ed\u00adso Creativo","og_description":"FABI, que ha sabido de m\u00fasica desde la academia, el mundo orquestal, la interpretaci\u00f3n del bajo el\u00e9ctrico, y las artes musicales m\u00e1s rebuscadas, presenta un nuevo disco desde la figura de cantautor y compositor:&nbsp;\u00abPerder\u00bb, encargado de suceder a&nbsp;\u00abCat\u00e1logo de Canciones para el Fin del Mundo\u00bb, del 2022.&nbsp; En esta etapa solista, nos regala 8 canciones [&hellip;]","og_url":"https:\/\/dev.antudigital.cl\/sites\/vc\/fabi-experimenta-con-neosoul-indie-pop-y-jazz-en-perder\/","og_site_name":"Valpara\u00ed\u00adso Creativo","article_published_time":"2024-11-18T14:29:10+00:00","article_modified_time":"2024-11-18T14:29:28+00:00","og_image":[{"width":1024,"height":682,"url":"https:\/\/dev.antudigital.cl\/sites\/vc\/wp-content\/uploads\/2024\/11\/unnamed-2-1024x682.png","type":"image\/png"}],"author":"Valpara\u00edso Creativo","twitter_card":"summary_large_image","twitter_misc":{"Escrito por":"Valpara\u00edso Creativo","Tiempo de lectura":"3 minutos"},"schema":{"@context":"https:\/\/schema.org","@graph":[{"@type":"Article","@id":"https:\/\/dev.antudigital.cl\/sites\/vc\/fabi-experimenta-con-neosoul-indie-pop-y-jazz-en-perder\/#article","isPartOf":{"@id":"https:\/\/dev.antudigital.cl\/sites\/vc\/fabi-experimenta-con-neosoul-indie-pop-y-jazz-en-perder\/"},"author":{"name":"Valpara\u00edso Creativo","@id":"https:\/\/dev.antudigital.cl\/sites\/vc\/#\/schema\/person\/c2b9da8dd545e27166fc5ab232837318"},"headline":"FABI\u00a0experimenta con neosoul, indie, pop y jazz en \u00abPerder\u00bb","datePublished":"2024-11-18T14:29:10+00:00","dateModified":"2024-11-18T14:29:28+00:00","mainEntityOfPage":{"@id":"https:\/\/dev.antudigital.cl\/sites\/vc\/fabi-experimenta-con-neosoul-indie-pop-y-jazz-en-perder\/"},"wordCount":581,"image":{"@id":"https:\/\/dev.antudigital.cl\/sites\/vc\/fabi-experimenta-con-neosoul-indie-pop-y-jazz-en-perder\/#primaryimage"},"thumbnailUrl":"https:\/\/dev.antudigital.cl\/sites\/vc\/wp-content\/uploads\/2024\/11\/unnamed-2.png","articleSection":["Noticia"],"inLanguage":"es"},{"@type":"WebPage","@id":"https:\/\/dev.antudigital.cl\/sites\/vc\/fabi-experimenta-con-neosoul-indie-pop-y-jazz-en-perder\/","url":"https:\/\/dev.antudigital.cl\/sites\/vc\/fabi-experimenta-con-neosoul-indie-pop-y-jazz-en-perder\/","name":"FABI\u00a0experimenta con neosoul, indie, pop y jazz en \"Perder\" - Valpara\u00ed\u00adso Creativo","isPartOf":{"@id":"https:\/\/dev.antudigital.cl\/sites\/vc\/#website"},"primaryImageOfPage":{"@id":"https:\/\/dev.antudigital.cl\/sites\/vc\/fabi-experimenta-con-neosoul-indie-pop-y-jazz-en-perder\/#primaryimage"},"image":{"@id":"https:\/\/dev.antudigital.cl\/sites\/vc\/fabi-experimenta-con-neosoul-indie-pop-y-jazz-en-perder\/#primaryimage"},"thumbnailUrl":"https:\/\/dev.antudigital.cl\/sites\/vc\/wp-content\/uploads\/2024\/11\/unnamed-2.png","datePublished":"2024-11-18T14:29:10+00:00","dateModified":"2024-11-18T14:29:28+00:00","author":{"@id":"https:\/\/dev.antudigital.cl\/sites\/vc\/#\/schema\/person\/c2b9da8dd545e27166fc5ab232837318"},"breadcrumb":{"@id":"https:\/\/dev.antudigital.cl\/sites\/vc\/fabi-experimenta-con-neosoul-indie-pop-y-jazz-en-perder\/#breadcrumb"},"inLanguage":"es","potentialAction":[{"@type":"ReadAction","target":["https:\/\/dev.antudigital.cl\/sites\/vc\/fabi-experimenta-con-neosoul-indie-pop-y-jazz-en-perder\/"]}]},{"@type":"ImageObject","inLanguage":"es","@id":"https:\/\/dev.antudigital.cl\/sites\/vc\/fabi-experimenta-con-neosoul-indie-pop-y-jazz-en-perder\/#primaryimage","url":"https:\/\/dev.antudigital.cl\/sites\/vc\/wp-content\/uploads\/2024\/11\/unnamed-2.png","contentUrl":"https:\/\/dev.antudigital.cl\/sites\/vc\/wp-content\/uploads\/2024\/11\/unnamed-2.png","width":1760,"height":1172},{"@type":"BreadcrumbList","@id":"https:\/\/dev.antudigital.cl\/sites\/vc\/fabi-experimenta-con-neosoul-indie-pop-y-jazz-en-perder\/#breadcrumb","itemListElement":[{"@type":"ListItem","position":1,"name":"Home","item":"https:\/\/dev.antudigital.cl\/sites\/vc\/"},{"@type":"ListItem","position":2,"name":"FABI\u00a0experimenta con neosoul, indie, pop y jazz en \u00abPerder\u00bb"}]},{"@type":"WebSite","@id":"https:\/\/dev.antudigital.cl\/sites\/vc\/#website","url":"https:\/\/dev.antudigital.cl\/sites\/vc\/","name":"Valpara\u00ed\u00adso Creativo","description":"","potentialAction":[{"@type":"SearchAction","target":{"@type":"EntryPoint","urlTemplate":"https:\/\/dev.antudigital.cl\/sites\/vc\/?s={search_term_string}"},"query-input":{"@type":"PropertyValueSpecification","valueRequired":true,"valueName":"search_term_string"}}],"inLanguage":"es"},{"@type":"Person","@id":"https:\/\/dev.antudigital.cl\/sites\/vc\/#\/schema\/person\/c2b9da8dd545e27166fc5ab232837318","name":"Valpara\u00edso Creativo","description":"Periodista de cultura en la Regi\u00f3n de Valpara\u00edso.","url":"https:\/\/dev.antudigital.cl\/sites\/vc\/author\/valpoadmin\/"}]}},"_links":{"self":[{"href":"https:\/\/dev.antudigital.cl\/sites\/vc\/wp-json\/wp\/v2\/posts\/21154","targetHints":{"allow":["GET"]}}],"collection":[{"href":"https:\/\/dev.antudigital.cl\/sites\/vc\/wp-json\/wp\/v2\/posts"}],"about":[{"href":"https:\/\/dev.antudigital.cl\/sites\/vc\/wp-json\/wp\/v2\/types\/post"}],"author":[{"embeddable":true,"href":"https:\/\/dev.antudigital.cl\/sites\/vc\/wp-json\/wp\/v2\/users\/1"}],"replies":[{"embeddable":true,"href":"https:\/\/dev.antudigital.cl\/sites\/vc\/wp-json\/wp\/v2\/comments?post=21154"}],"version-history":[{"count":1,"href":"https:\/\/dev.antudigital.cl\/sites\/vc\/wp-json\/wp\/v2\/posts\/21154\/revisions"}],"predecessor-version":[{"id":21157,"href":"https:\/\/dev.antudigital.cl\/sites\/vc\/wp-json\/wp\/v2\/posts\/21154\/revisions\/21157"}],"wp:featuredmedia":[{"embeddable":true,"href":"https:\/\/dev.antudigital.cl\/sites\/vc\/wp-json\/wp\/v2\/media\/21156"}],"wp:attachment":[{"href":"https:\/\/dev.antudigital.cl\/sites\/vc\/wp-json\/wp\/v2\/media?parent=21154"}],"wp:term":[{"taxonomy":"category","embeddable":true,"href":"https:\/\/dev.antudigital.cl\/sites\/vc\/wp-json\/wp\/v2\/categories?post=21154"},{"taxonomy":"post_tag","embeddable":true,"href":"https:\/\/dev.antudigital.cl\/sites\/vc\/wp-json\/wp\/v2\/tags?post=21154"}],"curies":[{"name":"wp","href":"https:\/\/api.w.org\/{rel}","templated":true}]}}