{"id":21174,"date":"2024-11-18T19:37:22","date_gmt":"2024-11-18T19:37:22","guid":{"rendered":"https:\/\/www.valparaisocreativo.cl\/?p=21174"},"modified":"2024-11-18T19:37:45","modified_gmt":"2024-11-18T19:37:45","slug":"nina-tormenta-y-juana-aguirre-anuncian-fechas-en-concepcion-valparaiso-y-santiago","status":"publish","type":"post","link":"https:\/\/dev.antudigital.cl\/sites\/vc\/nina-tormenta-y-juana-aguirre-anuncian-fechas-en-concepcion-valparaiso-y-santiago\/","title":{"rendered":"Ni\u00f1a Tormenta y Juana Aguirre anuncian fechas en Concepci\u00f3n, Valpara\u00edso y Santiago"},"content":{"rendered":"\n<p>Una historia de colaboraci\u00f3n y admiraci\u00f3n mutua que despliega una nueva aventura para cerrar este 2024.&nbsp;<a href=\"https:\/\/bh1ik.r.sp1-brevo.net\/mk\/cl\/f\/sh\/SMK1E8tHeGEmAqp0eEaZShbGn0Ew\/1u9mep-yRBew\" target=\"_blank\" rel=\"noreferrer noopener\"><strong>Ni\u00f1a Tormenta<\/strong><\/a>&nbsp;y&nbsp;<a href=\"https:\/\/bh1ik.r.sp1-brevo.net\/mk\/cl\/f\/sh\/SMK1E8tHeGLdczdxpOk3YWu0lIpC\/KYwNl5otG7hY\" target=\"_blank\" rel=\"noreferrer noopener\"><strong>Juana Aguirre<\/strong><\/a>&nbsp;unen Chile y Argentina mediante la evocaci\u00f3n, la b\u00fasqueda de lo profundo y la emotividad de luces y sombras en una gira que pasar\u00e1 por&nbsp;<a href=\"https:\/\/bh1ik.r.sp1-brevo.net\/mk\/cl\/f\/sh\/SMK1E8tHeGSV58Sv0YtXeMCkjbPS\/VnfI9DyXBF6T\" target=\"_blank\" rel=\"noreferrer noopener\"><strong>Concepci\u00f3n el 18 de diciembre en Sala Bandera Negra<\/strong><\/a>,&nbsp;<a href=\"https:\/\/bh1ik.r.sp1-brevo.net\/mk\/cl\/f\/sh\/SMK1E8tHeGZMXHHsBj31kBVUhtzi\/_hLeCvvIIxXd\" target=\"_blank\" rel=\"noreferrer noopener\"><strong>Valpara\u00edso el viernes 20 de diciembre en Sala Estudio Parque Cultural<\/strong><\/a>, y un gran cierre en&nbsp;<a href=\"https:\/\/bh1ik.r.sp1-brevo.net\/mk\/cl\/f\/sh\/SMK1E8tHeGgDzQ6pMtCVq0oEgCZy\/TbxHysWvm4sO\" target=\"_blank\" rel=\"noreferrer noopener\"><strong>Santiago el s\u00e1bado 21 del mismo mes en el Teatro Principal de Matucana 100<\/strong><\/a>.<\/p>\n\n\n\n<p><strong>\u201cCon Juana nos venimos siguiendo desde el 2022, admiramos mutuamente nuestros trabajos y vemos que hay algo en com\u00fan entre lo que hacemos. El a\u00f1o pasado organizamos un par de fechas juntas en Chile, y sali\u00f3 tan lindo que quisimos repetir la experiencia y animarnos a organizar una gira juntas para cerrar este a\u00f1o, en el que las dos hemos podido viajar por Latinoam\u00e9rica presentando nuestra m\u00fasica. Es muy lindo porque hay muchos paralelos entre las dos. Es una amistad musical que yo atesoro\u201d<\/strong>, cuenta la artista responsable del aplaudido&nbsp;<a href=\"https:\/\/bh1ik.r.sp1-brevo.net\/mk\/cl\/f\/sh\/SMK1E8tHeGn5RYvmY3Lzvq6yeVAE\/6_C1oG7HxgA1\" target=\"_blank\" rel=\"noreferrer noopener\"><strong>\u201cLas Cosas Lento\u201d<\/strong><\/a>.&nbsp;<\/p>\n\n\n\n<figure class=\"wp-block-image size-full\"><img fetchpriority=\"high\" decoding=\"async\" width=\"1000\" height=\"1000\" src=\"https:\/\/www.valparaisocreativo.cl\/wp-content\/uploads\/2024\/11\/unnamed-1-1.jpg\" alt=\"\" class=\"wp-image-21175\" srcset=\"https:\/\/dev.antudigital.cl\/sites\/vc\/wp-content\/uploads\/2024\/11\/unnamed-1-1.jpg 1000w, https:\/\/dev.antudigital.cl\/sites\/vc\/wp-content\/uploads\/2024\/11\/unnamed-1-1-300x300.jpg 300w, https:\/\/dev.antudigital.cl\/sites\/vc\/wp-content\/uploads\/2024\/11\/unnamed-1-1-150x150.jpg 150w, https:\/\/dev.antudigital.cl\/sites\/vc\/wp-content\/uploads\/2024\/11\/unnamed-1-1-768x768.jpg 768w, https:\/\/dev.antudigital.cl\/sites\/vc\/wp-content\/uploads\/2024\/11\/unnamed-1-1-980x980.jpg 980w, https:\/\/dev.antudigital.cl\/sites\/vc\/wp-content\/uploads\/2024\/11\/unnamed-1-1-480x480.jpg 480w, https:\/\/dev.antudigital.cl\/sites\/vc\/wp-content\/uploads\/2024\/11\/unnamed-1-1-24x24.jpg 24w, https:\/\/dev.antudigital.cl\/sites\/vc\/wp-content\/uploads\/2024\/11\/unnamed-1-1-36x36.jpg 36w, https:\/\/dev.antudigital.cl\/sites\/vc\/wp-content\/uploads\/2024\/11\/unnamed-1-1-48x48.jpg 48w\" sizes=\"(max-width: 1000px) 100vw, 1000px\" \/><\/figure>\n\n\n\n<p><strong>\u201cNos conocimos a trav\u00e9s de nuestras m\u00fasicas y siempre sentimos una sensibilidad familiar en nuestra forma de hacer. Esta gira nace desde ah\u00ed, del deseo de compartir y entrelazar nuestras canciones en una misma experiencia en vivo. Siempre sucede algo precioso que le aporta un sentido nuevo a lo que cada una hace\u201d<\/strong>, agrega la argentina que ya se despide de su disco&nbsp;<a href=\"https:\/\/bh1ik.r.sp1-brevo.net\/mk\/cl\/f\/sh\/1t6Af4OiGsDhYHebBwok2Dzq8v0lcs\/AUyTVg6G1ikr\" target=\"_blank\" rel=\"noreferrer noopener\"><strong>\u00abClaroscuro\u00bb<\/strong><\/a>, para dar paso a un nuevo trabajo discogr\u00e1fico a ver la luz el pr\u00f3ximo a\u00f1o.<\/p>\n\n\n\n<p>Toda la emotividad de sus artes quedar\u00e1 plasmada en este tour a coraz\u00f3n abierto. Ya sea en formato banda o d\u00fao, las artistas logran un espacio de inmersi\u00f3n potente, donde diversos elementos, que van desde un chelo a elementos electr\u00f3nicos, nos sumergen en la riqueza de ver y escuchar m\u00fasica en vivo.<\/p>\n\n\n\n<h2 class=\"wp-block-heading\"><a href=\"https:\/\/www.portaldisc.com\/evento\/jantvalpo\">Encuentra aqu\u00ed las entradas.<\/a><\/h2>\n\n\n\n<figure class=\"wp-block-table\"><table class=\"has-fixed-layout\"><tbody><tr><td><a href=\"https:\/\/bh1ik.r.sp1-brevo.net\/mk\/cl\/f\/sh\/1t6Af4OiGsE9szr1aIufCU3fWjzVKw\/17iZKEFPFb_s\" target=\"_blank\" rel=\"noreferrer noopener\"><strong>Ni\u00f1a Tormenta<\/strong><\/a>\u00a0recibe a\u00a0<a href=\"https:\/\/bh1ik.r.sp1-brevo.net\/mk\/cl\/f\/sh\/1t6Af4OiGsEcDi3Ryf0aMk7UuYyF30\/MJT54sb6_f_U\" target=\"_blank\" rel=\"noreferrer noopener\"><strong>Juana Aguirre<\/strong><\/a>\u00a0con una gran buena nueva, pues el video para\u00a0<a href=\"https:\/\/bh1ik.r.sp1-brevo.net\/mk\/cl\/f\/sh\/1t6Af4OiGsF4YQFsN16VX0BKINwyl4\/11fLhCKjN4kh\" target=\"_blank\" rel=\"noreferrer noopener\"><strong>&#8216;Las Cosas Lento&#8217;<\/strong><\/a>, uno de los tracks aplaudidos de su \u00e1lbum, ya est\u00e1 disponible. Grabado por Joaqu\u00edn Fernandez en Los Pirineos, Francia, el clip nos lleva a una monta\u00f1a perfecta para contemplar y contrastar el frenes\u00ed de la vida actual con el sentir que produce estar en la c\u00faspide de la naturaleza.\u00a0<\/td><\/tr><\/tbody><\/table><\/figure>\n","protected":false},"excerpt":{"rendered":"<p>Una historia de colaboraci\u00f3n y admiraci\u00f3n mutua que despliega una nueva aventura para cerrar este 2024.&nbsp;Ni\u00f1a Tormenta&nbsp;y&nbsp;Juana Aguirre&nbsp;unen Chile y Argentina mediante la evocaci\u00f3n, la b\u00fasqueda de lo profundo y la emotividad de luces y sombras en una gira que pasar\u00e1 por&nbsp;Concepci\u00f3n el 18 de diciembre en Sala Bandera Negra,&nbsp;Valpara\u00edso el viernes 20 de diciembre [&hellip;]<\/p>\n","protected":false},"author":1,"featured_media":21176,"comment_status":"closed","ping_status":"closed","sticky":false,"template":"","format":"standard","meta":{"_acf_changed":false,"footnotes":""},"categories":[8],"tags":[],"class_list":["post-21174","post","type-post","status-publish","format-standard","has-post-thumbnail","hentry","category-noticia"],"acf":[],"yoast_head":"<!-- This site is optimized with the Yoast SEO plugin v27.1.1 - https:\/\/yoast.com\/product\/yoast-seo-wordpress\/ -->\n<title>Ni\u00f1a Tormenta y Juana Aguirre anuncian fechas en Concepci\u00f3n, Valpara\u00edso y Santiago - Valpara\u00ed\u00adso Creativo<\/title>\n<meta name=\"robots\" content=\"index, follow, max-snippet:-1, max-image-preview:large, max-video-preview:-1\" \/>\n<link rel=\"canonical\" href=\"https:\/\/dev.antudigital.cl\/sites\/vc\/nina-tormenta-y-juana-aguirre-anuncian-fechas-en-concepcion-valparaiso-y-santiago\/\" \/>\n<meta property=\"og:locale\" content=\"es_ES\" \/>\n<meta property=\"og:type\" content=\"article\" \/>\n<meta property=\"og:title\" content=\"Ni\u00f1a Tormenta y Juana Aguirre anuncian fechas en Concepci\u00f3n, Valpara\u00edso y Santiago - Valpara\u00ed\u00adso Creativo\" \/>\n<meta property=\"og:description\" content=\"Una historia de colaboraci\u00f3n y admiraci\u00f3n mutua que despliega una nueva aventura para cerrar este 2024.&nbsp;Ni\u00f1a Tormenta&nbsp;y&nbsp;Juana Aguirre&nbsp;unen Chile y Argentina mediante la evocaci\u00f3n, la b\u00fasqueda de lo profundo y la emotividad de luces y sombras en una gira que pasar\u00e1 por&nbsp;Concepci\u00f3n el 18 de diciembre en Sala Bandera Negra,&nbsp;Valpara\u00edso el viernes 20 de diciembre [&hellip;]\" \/>\n<meta property=\"og:url\" content=\"https:\/\/dev.antudigital.cl\/sites\/vc\/nina-tormenta-y-juana-aguirre-anuncian-fechas-en-concepcion-valparaiso-y-santiago\/\" \/>\n<meta property=\"og:site_name\" content=\"Valpara\u00ed\u00adso Creativo\" \/>\n<meta property=\"article:published_time\" content=\"2024-11-18T19:37:22+00:00\" \/>\n<meta property=\"article:modified_time\" content=\"2024-11-18T19:37:45+00:00\" \/>\n<meta property=\"og:image\" content=\"https:\/\/dev.antudigital.cl\/sites\/vc\/wp-content\/uploads\/2024\/11\/nina-grande.jpg\" \/>\n\t<meta property=\"og:image:width\" content=\"1140\" \/>\n\t<meta property=\"og:image:height\" content=\"640\" \/>\n\t<meta property=\"og:image:type\" content=\"image\/jpeg\" \/>\n<meta name=\"author\" content=\"Valpara\u00edso Creativo\" \/>\n<meta name=\"twitter:card\" content=\"summary_large_image\" \/>\n<meta name=\"twitter:label1\" content=\"Escrito por\" \/>\n\t<meta name=\"twitter:data1\" content=\"Valpara\u00edso Creativo\" \/>\n\t<meta name=\"twitter:label2\" content=\"Tiempo de lectura\" \/>\n\t<meta name=\"twitter:data2\" content=\"3 minutos\" \/>\n<script type=\"application\/ld+json\" class=\"yoast-schema-graph\">{\"@context\":\"https:\/\/schema.org\",\"@graph\":[{\"@type\":\"Article\",\"@id\":\"https:\/\/dev.antudigital.cl\/sites\/vc\/nina-tormenta-y-juana-aguirre-anuncian-fechas-en-concepcion-valparaiso-y-santiago\/#article\",\"isPartOf\":{\"@id\":\"https:\/\/dev.antudigital.cl\/sites\/vc\/nina-tormenta-y-juana-aguirre-anuncian-fechas-en-concepcion-valparaiso-y-santiago\/\"},\"author\":{\"name\":\"Valpara\u00edso Creativo\",\"@id\":\"https:\/\/dev.antudigital.cl\/sites\/vc\/#\/schema\/person\/c2b9da8dd545e27166fc5ab232837318\"},\"headline\":\"Ni\u00f1a Tormenta y Juana Aguirre anuncian fechas en Concepci\u00f3n, Valpara\u00edso y Santiago\",\"datePublished\":\"2024-11-18T19:37:22+00:00\",\"dateModified\":\"2024-11-18T19:37:45+00:00\",\"mainEntityOfPage\":{\"@id\":\"https:\/\/dev.antudigital.cl\/sites\/vc\/nina-tormenta-y-juana-aguirre-anuncian-fechas-en-concepcion-valparaiso-y-santiago\/\"},\"wordCount\":426,\"image\":{\"@id\":\"https:\/\/dev.antudigital.cl\/sites\/vc\/nina-tormenta-y-juana-aguirre-anuncian-fechas-en-concepcion-valparaiso-y-santiago\/#primaryimage\"},\"thumbnailUrl\":\"https:\/\/dev.antudigital.cl\/sites\/vc\/wp-content\/uploads\/2024\/11\/nina-grande.jpg\",\"articleSection\":[\"Noticia\"],\"inLanguage\":\"es\"},{\"@type\":\"WebPage\",\"@id\":\"https:\/\/dev.antudigital.cl\/sites\/vc\/nina-tormenta-y-juana-aguirre-anuncian-fechas-en-concepcion-valparaiso-y-santiago\/\",\"url\":\"https:\/\/dev.antudigital.cl\/sites\/vc\/nina-tormenta-y-juana-aguirre-anuncian-fechas-en-concepcion-valparaiso-y-santiago\/\",\"name\":\"Ni\u00f1a Tormenta y Juana Aguirre anuncian fechas en Concepci\u00f3n, Valpara\u00edso y Santiago - Valpara\u00ed\u00adso Creativo\",\"isPartOf\":{\"@id\":\"https:\/\/dev.antudigital.cl\/sites\/vc\/#website\"},\"primaryImageOfPage\":{\"@id\":\"https:\/\/dev.antudigital.cl\/sites\/vc\/nina-tormenta-y-juana-aguirre-anuncian-fechas-en-concepcion-valparaiso-y-santiago\/#primaryimage\"},\"image\":{\"@id\":\"https:\/\/dev.antudigital.cl\/sites\/vc\/nina-tormenta-y-juana-aguirre-anuncian-fechas-en-concepcion-valparaiso-y-santiago\/#primaryimage\"},\"thumbnailUrl\":\"https:\/\/dev.antudigital.cl\/sites\/vc\/wp-content\/uploads\/2024\/11\/nina-grande.jpg\",\"datePublished\":\"2024-11-18T19:37:22+00:00\",\"dateModified\":\"2024-11-18T19:37:45+00:00\",\"author\":{\"@id\":\"https:\/\/dev.antudigital.cl\/sites\/vc\/#\/schema\/person\/c2b9da8dd545e27166fc5ab232837318\"},\"breadcrumb\":{\"@id\":\"https:\/\/dev.antudigital.cl\/sites\/vc\/nina-tormenta-y-juana-aguirre-anuncian-fechas-en-concepcion-valparaiso-y-santiago\/#breadcrumb\"},\"inLanguage\":\"es\",\"potentialAction\":[{\"@type\":\"ReadAction\",\"target\":[\"https:\/\/dev.antudigital.cl\/sites\/vc\/nina-tormenta-y-juana-aguirre-anuncian-fechas-en-concepcion-valparaiso-y-santiago\/\"]}]},{\"@type\":\"ImageObject\",\"inLanguage\":\"es\",\"@id\":\"https:\/\/dev.antudigital.cl\/sites\/vc\/nina-tormenta-y-juana-aguirre-anuncian-fechas-en-concepcion-valparaiso-y-santiago\/#primaryimage\",\"url\":\"https:\/\/dev.antudigital.cl\/sites\/vc\/wp-content\/uploads\/2024\/11\/nina-grande.jpg\",\"contentUrl\":\"https:\/\/dev.antudigital.cl\/sites\/vc\/wp-content\/uploads\/2024\/11\/nina-grande.jpg\",\"width\":1140,\"height\":640},{\"@type\":\"BreadcrumbList\",\"@id\":\"https:\/\/dev.antudigital.cl\/sites\/vc\/nina-tormenta-y-juana-aguirre-anuncian-fechas-en-concepcion-valparaiso-y-santiago\/#breadcrumb\",\"itemListElement\":[{\"@type\":\"ListItem\",\"position\":1,\"name\":\"Home\",\"item\":\"https:\/\/dev.antudigital.cl\/sites\/vc\/\"},{\"@type\":\"ListItem\",\"position\":2,\"name\":\"Ni\u00f1a Tormenta y Juana Aguirre anuncian fechas en Concepci\u00f3n, Valpara\u00edso y Santiago\"}]},{\"@type\":\"WebSite\",\"@id\":\"https:\/\/dev.antudigital.cl\/sites\/vc\/#website\",\"url\":\"https:\/\/dev.antudigital.cl\/sites\/vc\/\",\"name\":\"Valpara\u00ed\u00adso Creativo\",\"description\":\"\",\"potentialAction\":[{\"@type\":\"SearchAction\",\"target\":{\"@type\":\"EntryPoint\",\"urlTemplate\":\"https:\/\/dev.antudigital.cl\/sites\/vc\/?s={search_term_string}\"},\"query-input\":{\"@type\":\"PropertyValueSpecification\",\"valueRequired\":true,\"valueName\":\"search_term_string\"}}],\"inLanguage\":\"es\"},{\"@type\":\"Person\",\"@id\":\"https:\/\/dev.antudigital.cl\/sites\/vc\/#\/schema\/person\/c2b9da8dd545e27166fc5ab232837318\",\"name\":\"Valpara\u00edso Creativo\",\"description\":\"Periodista de cultura en la Regi\u00f3n de Valpara\u00edso.\",\"url\":\"https:\/\/dev.antudigital.cl\/sites\/vc\/author\/valpoadmin\/\"}]}<\/script>\n<!-- \/ Yoast SEO plugin. -->","yoast_head_json":{"title":"Ni\u00f1a Tormenta y Juana Aguirre anuncian fechas en Concepci\u00f3n, Valpara\u00edso y Santiago - Valpara\u00ed\u00adso Creativo","robots":{"index":"index","follow":"follow","max-snippet":"max-snippet:-1","max-image-preview":"max-image-preview:large","max-video-preview":"max-video-preview:-1"},"canonical":"https:\/\/dev.antudigital.cl\/sites\/vc\/nina-tormenta-y-juana-aguirre-anuncian-fechas-en-concepcion-valparaiso-y-santiago\/","og_locale":"es_ES","og_type":"article","og_title":"Ni\u00f1a Tormenta y Juana Aguirre anuncian fechas en Concepci\u00f3n, Valpara\u00edso y Santiago - Valpara\u00ed\u00adso Creativo","og_description":"Una historia de colaboraci\u00f3n y admiraci\u00f3n mutua que despliega una nueva aventura para cerrar este 2024.&nbsp;Ni\u00f1a Tormenta&nbsp;y&nbsp;Juana Aguirre&nbsp;unen Chile y Argentina mediante la evocaci\u00f3n, la b\u00fasqueda de lo profundo y la emotividad de luces y sombras en una gira que pasar\u00e1 por&nbsp;Concepci\u00f3n el 18 de diciembre en Sala Bandera Negra,&nbsp;Valpara\u00edso el viernes 20 de diciembre [&hellip;]","og_url":"https:\/\/dev.antudigital.cl\/sites\/vc\/nina-tormenta-y-juana-aguirre-anuncian-fechas-en-concepcion-valparaiso-y-santiago\/","og_site_name":"Valpara\u00ed\u00adso Creativo","article_published_time":"2024-11-18T19:37:22+00:00","article_modified_time":"2024-11-18T19:37:45+00:00","og_image":[{"width":1140,"height":640,"url":"https:\/\/dev.antudigital.cl\/sites\/vc\/wp-content\/uploads\/2024\/11\/nina-grande.jpg","type":"image\/jpeg"}],"author":"Valpara\u00edso Creativo","twitter_card":"summary_large_image","twitter_misc":{"Escrito por":"Valpara\u00edso Creativo","Tiempo de lectura":"3 minutos"},"schema":{"@context":"https:\/\/schema.org","@graph":[{"@type":"Article","@id":"https:\/\/dev.antudigital.cl\/sites\/vc\/nina-tormenta-y-juana-aguirre-anuncian-fechas-en-concepcion-valparaiso-y-santiago\/#article","isPartOf":{"@id":"https:\/\/dev.antudigital.cl\/sites\/vc\/nina-tormenta-y-juana-aguirre-anuncian-fechas-en-concepcion-valparaiso-y-santiago\/"},"author":{"name":"Valpara\u00edso Creativo","@id":"https:\/\/dev.antudigital.cl\/sites\/vc\/#\/schema\/person\/c2b9da8dd545e27166fc5ab232837318"},"headline":"Ni\u00f1a Tormenta y Juana Aguirre anuncian fechas en Concepci\u00f3n, Valpara\u00edso y Santiago","datePublished":"2024-11-18T19:37:22+00:00","dateModified":"2024-11-18T19:37:45+00:00","mainEntityOfPage":{"@id":"https:\/\/dev.antudigital.cl\/sites\/vc\/nina-tormenta-y-juana-aguirre-anuncian-fechas-en-concepcion-valparaiso-y-santiago\/"},"wordCount":426,"image":{"@id":"https:\/\/dev.antudigital.cl\/sites\/vc\/nina-tormenta-y-juana-aguirre-anuncian-fechas-en-concepcion-valparaiso-y-santiago\/#primaryimage"},"thumbnailUrl":"https:\/\/dev.antudigital.cl\/sites\/vc\/wp-content\/uploads\/2024\/11\/nina-grande.jpg","articleSection":["Noticia"],"inLanguage":"es"},{"@type":"WebPage","@id":"https:\/\/dev.antudigital.cl\/sites\/vc\/nina-tormenta-y-juana-aguirre-anuncian-fechas-en-concepcion-valparaiso-y-santiago\/","url":"https:\/\/dev.antudigital.cl\/sites\/vc\/nina-tormenta-y-juana-aguirre-anuncian-fechas-en-concepcion-valparaiso-y-santiago\/","name":"Ni\u00f1a Tormenta y Juana Aguirre anuncian fechas en Concepci\u00f3n, Valpara\u00edso y Santiago - Valpara\u00ed\u00adso Creativo","isPartOf":{"@id":"https:\/\/dev.antudigital.cl\/sites\/vc\/#website"},"primaryImageOfPage":{"@id":"https:\/\/dev.antudigital.cl\/sites\/vc\/nina-tormenta-y-juana-aguirre-anuncian-fechas-en-concepcion-valparaiso-y-santiago\/#primaryimage"},"image":{"@id":"https:\/\/dev.antudigital.cl\/sites\/vc\/nina-tormenta-y-juana-aguirre-anuncian-fechas-en-concepcion-valparaiso-y-santiago\/#primaryimage"},"thumbnailUrl":"https:\/\/dev.antudigital.cl\/sites\/vc\/wp-content\/uploads\/2024\/11\/nina-grande.jpg","datePublished":"2024-11-18T19:37:22+00:00","dateModified":"2024-11-18T19:37:45+00:00","author":{"@id":"https:\/\/dev.antudigital.cl\/sites\/vc\/#\/schema\/person\/c2b9da8dd545e27166fc5ab232837318"},"breadcrumb":{"@id":"https:\/\/dev.antudigital.cl\/sites\/vc\/nina-tormenta-y-juana-aguirre-anuncian-fechas-en-concepcion-valparaiso-y-santiago\/#breadcrumb"},"inLanguage":"es","potentialAction":[{"@type":"ReadAction","target":["https:\/\/dev.antudigital.cl\/sites\/vc\/nina-tormenta-y-juana-aguirre-anuncian-fechas-en-concepcion-valparaiso-y-santiago\/"]}]},{"@type":"ImageObject","inLanguage":"es","@id":"https:\/\/dev.antudigital.cl\/sites\/vc\/nina-tormenta-y-juana-aguirre-anuncian-fechas-en-concepcion-valparaiso-y-santiago\/#primaryimage","url":"https:\/\/dev.antudigital.cl\/sites\/vc\/wp-content\/uploads\/2024\/11\/nina-grande.jpg","contentUrl":"https:\/\/dev.antudigital.cl\/sites\/vc\/wp-content\/uploads\/2024\/11\/nina-grande.jpg","width":1140,"height":640},{"@type":"BreadcrumbList","@id":"https:\/\/dev.antudigital.cl\/sites\/vc\/nina-tormenta-y-juana-aguirre-anuncian-fechas-en-concepcion-valparaiso-y-santiago\/#breadcrumb","itemListElement":[{"@type":"ListItem","position":1,"name":"Home","item":"https:\/\/dev.antudigital.cl\/sites\/vc\/"},{"@type":"ListItem","position":2,"name":"Ni\u00f1a Tormenta y Juana Aguirre anuncian fechas en Concepci\u00f3n, Valpara\u00edso y Santiago"}]},{"@type":"WebSite","@id":"https:\/\/dev.antudigital.cl\/sites\/vc\/#website","url":"https:\/\/dev.antudigital.cl\/sites\/vc\/","name":"Valpara\u00ed\u00adso Creativo","description":"","potentialAction":[{"@type":"SearchAction","target":{"@type":"EntryPoint","urlTemplate":"https:\/\/dev.antudigital.cl\/sites\/vc\/?s={search_term_string}"},"query-input":{"@type":"PropertyValueSpecification","valueRequired":true,"valueName":"search_term_string"}}],"inLanguage":"es"},{"@type":"Person","@id":"https:\/\/dev.antudigital.cl\/sites\/vc\/#\/schema\/person\/c2b9da8dd545e27166fc5ab232837318","name":"Valpara\u00edso Creativo","description":"Periodista de cultura en la Regi\u00f3n de Valpara\u00edso.","url":"https:\/\/dev.antudigital.cl\/sites\/vc\/author\/valpoadmin\/"}]}},"_links":{"self":[{"href":"https:\/\/dev.antudigital.cl\/sites\/vc\/wp-json\/wp\/v2\/posts\/21174","targetHints":{"allow":["GET"]}}],"collection":[{"href":"https:\/\/dev.antudigital.cl\/sites\/vc\/wp-json\/wp\/v2\/posts"}],"about":[{"href":"https:\/\/dev.antudigital.cl\/sites\/vc\/wp-json\/wp\/v2\/types\/post"}],"author":[{"embeddable":true,"href":"https:\/\/dev.antudigital.cl\/sites\/vc\/wp-json\/wp\/v2\/users\/1"}],"replies":[{"embeddable":true,"href":"https:\/\/dev.antudigital.cl\/sites\/vc\/wp-json\/wp\/v2\/comments?post=21174"}],"version-history":[{"count":1,"href":"https:\/\/dev.antudigital.cl\/sites\/vc\/wp-json\/wp\/v2\/posts\/21174\/revisions"}],"predecessor-version":[{"id":21177,"href":"https:\/\/dev.antudigital.cl\/sites\/vc\/wp-json\/wp\/v2\/posts\/21174\/revisions\/21177"}],"wp:featuredmedia":[{"embeddable":true,"href":"https:\/\/dev.antudigital.cl\/sites\/vc\/wp-json\/wp\/v2\/media\/21176"}],"wp:attachment":[{"href":"https:\/\/dev.antudigital.cl\/sites\/vc\/wp-json\/wp\/v2\/media?parent=21174"}],"wp:term":[{"taxonomy":"category","embeddable":true,"href":"https:\/\/dev.antudigital.cl\/sites\/vc\/wp-json\/wp\/v2\/categories?post=21174"},{"taxonomy":"post_tag","embeddable":true,"href":"https:\/\/dev.antudigital.cl\/sites\/vc\/wp-json\/wp\/v2\/tags?post=21174"}],"curies":[{"name":"wp","href":"https:\/\/api.w.org\/{rel}","templated":true}]}}