{"id":21179,"date":"2024-11-18T23:26:58","date_gmt":"2024-11-18T23:26:58","guid":{"rendered":"https:\/\/www.valparaisocreativo.cl\/?p=21179"},"modified":"2024-11-18T23:27:34","modified_gmt":"2024-11-18T23:27:34","slug":"insomnia-y-teatromuseo-del-titere-y-el-payaso-invitan-a-nuevo-cruzando-miradas-en-el-marco-del-festival-animate","status":"publish","type":"post","link":"https:\/\/dev.antudigital.cl\/sites\/vc\/insomnia-y-teatromuseo-del-titere-y-el-payaso-invitan-a-nuevo-cruzando-miradas-en-el-marco-del-festival-animate\/","title":{"rendered":"INSOMNIA y Teatromuseo del T\u00edtere y el Payaso invitan a nuevo Cruzando Miradas en el marco del Festival An\u00edmate"},"content":{"rendered":"\n<p>En noviembre el ciclo Cruzando Miradas organizado por INSOMNIA Teatro Condell se vincula con el Festival An\u00edmate de Teatromuseo del T\u00edtere y el Payaso para proyectar pel\u00edculas que utilizan t\u00edteres animados con la t\u00e9cnica del stop motion. Henry Selick y Wes Anderson son los dos directores convocados a este ciclo que se realizar\u00e1 los d\u00edas mi\u00e9rcoles 13 de noviembre, con la proyecci\u00f3n de \u201cEl extra\u00f1o mundo de Jack\u201d y el mi\u00e9rcoles 20 de noviembre con \u201cEl fant\u00e1stico Sr. Zorro\u201d. Ambas funciones son gratuitas, por orden de llegada, cuentan con cine foro e intervenciones art\u00edsticas del Festival An\u00edmate. Cabe destacar que esta iniciativa es posible gracias al Fondo de Fomento Audiovisual del Ministerio de las Artes, las Culturas y el Patrimonio.<\/p>\n\n\n\n<p>Dafne Moncada, Coordinadora de Comunicaciones de INSOMNIA Teatro Condell, destac\u00f3 que este ciclo: \u201cbusca poder intercambiar experiencias entre lo cinematogr\u00e1fico y las distintas disciplinas de las artes y la cultura que se llevan a cabo en la ciudad de Valpara\u00edso. Este mes estamos felices de realizar el Ciclo con Teatromuseo del T\u00edtere y el Payaso que este a\u00f1o organiza el Festival An\u00edmate; por lo tanto, las marionetas son el centro de nuestra atenci\u00f3n y se realiz\u00f3 esta selecci\u00f3n de pel\u00edculas realizadas con la t\u00e9cnica del stop motion para venir a disfrutar en familia\u201d.<\/p>\n\n\n\n<figure class=\"wp-block-image size-large\"><img fetchpriority=\"high\" decoding=\"async\" width=\"1024\" height=\"576\" src=\"https:\/\/www.valparaisocreativo.cl\/wp-content\/uploads\/2024\/11\/el-fantastico-sr-fox-wes-anderson-1024x576.jpg\" alt=\"\" class=\"wp-image-21181\" srcset=\"https:\/\/dev.antudigital.cl\/sites\/vc\/wp-content\/uploads\/2024\/11\/el-fantastico-sr-fox-wes-anderson-1024x576.jpg 1024w, https:\/\/dev.antudigital.cl\/sites\/vc\/wp-content\/uploads\/2024\/11\/el-fantastico-sr-fox-wes-anderson-300x169.jpg 300w, https:\/\/dev.antudigital.cl\/sites\/vc\/wp-content\/uploads\/2024\/11\/el-fantastico-sr-fox-wes-anderson-768x432.jpg 768w, https:\/\/dev.antudigital.cl\/sites\/vc\/wp-content\/uploads\/2024\/11\/el-fantastico-sr-fox-wes-anderson-1080x608.jpg 1080w, https:\/\/dev.antudigital.cl\/sites\/vc\/wp-content\/uploads\/2024\/11\/el-fantastico-sr-fox-wes-anderson-980x551.jpg 980w, https:\/\/dev.antudigital.cl\/sites\/vc\/wp-content\/uploads\/2024\/11\/el-fantastico-sr-fox-wes-anderson-480x270.jpg 480w, https:\/\/dev.antudigital.cl\/sites\/vc\/wp-content\/uploads\/2024\/11\/el-fantastico-sr-fox-wes-anderson-24x14.jpg 24w, https:\/\/dev.antudigital.cl\/sites\/vc\/wp-content\/uploads\/2024\/11\/el-fantastico-sr-fox-wes-anderson-36x20.jpg 36w, https:\/\/dev.antudigital.cl\/sites\/vc\/wp-content\/uploads\/2024\/11\/el-fantastico-sr-fox-wes-anderson-48x27.jpg 48w, https:\/\/dev.antudigital.cl\/sites\/vc\/wp-content\/uploads\/2024\/11\/el-fantastico-sr-fox-wes-anderson.jpg 1280w\" sizes=\"(max-width: 1024px) 100vw, 1024px\" \/><\/figure>\n\n\n\n<p>Por su parte, Tom\u00e1s Arce, Encargado de Difusi\u00f3n de Teatromuseo, explic\u00f3 que: \u201ces curioso indagar en las obras de animaci\u00f3n de objetos, sobre todo cuando estas llegan a la pantalla grande, donde el ritmo y el lenguaje cinematogr\u00e1fico se mezclan y entregan emociones al espectador muy particulares. En esta nueva edici\u00f3n del Festival An\u00edmate nos hemos puesto en la misi\u00f3n de entregarle a cada espectador una oportunidad de imaginar nuevos mundos posibles y el cine es una gran herramienta para esto. Estamos muy felices de contar con la presencia y colaboraci\u00f3n de Cine Insomnia ya que, al igual que nosotros\/as buscamos entregar a la comunidad la posibilidad de sumergirse en hermosos y m\u00e1gicos mundos\u201d.<\/p>\n\n\n\n<p>Henry Selick dirige \u201cEl extra\u00f1o mundo de Jack\u201d, una pel\u00edcula producida por Tim Burton, sobre Jack Skellington, el Se\u00f1or de Halloween. Cuando Jack descubre la Navidad, se queda fascinado y decide mejorarla. Sin embargo, su visi\u00f3n de la festividad es totalmente contraria al esp\u00edritu navide\u00f1o. Sus planes incluyen el secuestro de Santa Claus y la introducci\u00f3n de cambios bastante macabros. S\u00f3lo su novia Sally es consciente del error que est\u00e1 cometiendo.<\/p>\n\n\n\n<p>Este film se proyectar\u00e1 este mi\u00e9rcoles 13 de noviembre a las 17:00 horas. Y contar\u00e1 con la participaci\u00f3n de Alejandra Jaramillo, directora creativa de Gigante Azul Films, quien realiz\u00f3 el cortometraje \u00abHalahaches\u00bb (2015). Adem\u00e1s, es animadora stop motion de la serie de televisi\u00f3n \u00abPuerto Papel\u00bb de Zumbasticos Studios y de la serie canadiense \u00abNirrikitiumut\u00bb (2019). Actualmente est\u00e1 dirigiendo su primera pel\u00edcula de animaci\u00f3n llamada \u00abHain\u00bb y un cortometraje titulado \u00abBordando el Cuerpo\u00bb, un proyecto de stop motion realizado completamente con cuadros bordados.<\/p>\n\n\n\n<p>La siguiente funci\u00f3n es la pel\u00edcula adaptaci\u00f3n de un cuento de Roald Dahl \u201cEl fant\u00e1stico Sr. Zorro\u201d, que fue llevada al cine por Wes Anderson.&nbsp;Este film cont\u00f3 con las voces de Meryl Streep, George Clooney, Jason Schwartzman, Bill Murray y Owen Wilson.&nbsp;Cuenta la historia de un astuto zorro llamado Fox (voz original de George Clooney) que parece llevar una vida id\u00edlica con su esposa (Meryl Streep) y con su hijo Ash (Jason Schwartzman). Pero, por las noches, el se\u00f1or Fox se dedica a robar gallinas, patos y pavos en las granjas vecinas, raz\u00f3n por la cual los granjeros deciden cazarlo, poniendo en peligro a su familia y a toda su comunidad.<\/p>\n\n\n\n<p>Ambas funciones son gratuitas, cuentan con intervenciones del Festival An\u00edmate y con un conversatorio posterior a la proyecci\u00f3n. Para m\u00e1s informaci\u00f3n, visita&nbsp;<a href=\"http:\/\/www.insomniacine.cl\/\" target=\"_blank\" rel=\"noreferrer noopener\">www.insomniacine.cl<\/a>.<\/p>\n","protected":false},"excerpt":{"rendered":"<p>En noviembre el ciclo Cruzando Miradas organizado por INSOMNIA Teatro Condell se vincula con el Festival An\u00edmate de Teatromuseo del T\u00edtere y el Payaso para proyectar pel\u00edculas que utilizan t\u00edteres animados con la t\u00e9cnica del stop motion. Henry Selick y Wes Anderson son los dos directores convocados a este ciclo que se realizar\u00e1 los d\u00edas [&hellip;]<\/p>\n","protected":false},"author":1,"featured_media":21180,"comment_status":"closed","ping_status":"closed","sticky":false,"template":"","format":"standard","meta":{"_acf_changed":false,"footnotes":""},"categories":[8],"tags":[],"class_list":["post-21179","post","type-post","status-publish","format-standard","has-post-thumbnail","hentry","category-noticia"],"acf":[],"yoast_head":"<!-- This site is optimized with the Yoast SEO plugin v27.1.1 - https:\/\/yoast.com\/product\/yoast-seo-wordpress\/ -->\n<title>INSOMNIA y Teatromuseo del T\u00edtere y el Payaso invitan a nuevo Cruzando Miradas en el marco del Festival An\u00edmate - Valpara\u00ed\u00adso Creativo<\/title>\n<meta name=\"robots\" content=\"index, follow, max-snippet:-1, max-image-preview:large, max-video-preview:-1\" \/>\n<link rel=\"canonical\" href=\"https:\/\/dev.antudigital.cl\/sites\/vc\/insomnia-y-teatromuseo-del-titere-y-el-payaso-invitan-a-nuevo-cruzando-miradas-en-el-marco-del-festival-animate\/\" \/>\n<meta property=\"og:locale\" content=\"es_ES\" \/>\n<meta property=\"og:type\" content=\"article\" \/>\n<meta property=\"og:title\" content=\"INSOMNIA y Teatromuseo del T\u00edtere y el Payaso invitan a nuevo Cruzando Miradas en el marco del Festival An\u00edmate - Valpara\u00ed\u00adso Creativo\" \/>\n<meta property=\"og:description\" content=\"En noviembre el ciclo Cruzando Miradas organizado por INSOMNIA Teatro Condell se vincula con el Festival An\u00edmate de Teatromuseo del T\u00edtere y el Payaso para proyectar pel\u00edculas que utilizan t\u00edteres animados con la t\u00e9cnica del stop motion. Henry Selick y Wes Anderson son los dos directores convocados a este ciclo que se realizar\u00e1 los d\u00edas [&hellip;]\" \/>\n<meta property=\"og:url\" content=\"https:\/\/dev.antudigital.cl\/sites\/vc\/insomnia-y-teatromuseo-del-titere-y-el-payaso-invitan-a-nuevo-cruzando-miradas-en-el-marco-del-festival-animate\/\" \/>\n<meta property=\"og:site_name\" content=\"Valpara\u00ed\u00adso Creativo\" \/>\n<meta property=\"article:published_time\" content=\"2024-11-18T23:26:58+00:00\" \/>\n<meta property=\"article:modified_time\" content=\"2024-11-18T23:27:34+00:00\" \/>\n<meta property=\"og:image\" content=\"https:\/\/dev.antudigital.cl\/sites\/vc\/wp-content\/uploads\/2024\/11\/El-fantastico-Sr.-Zorro.jpeg\" \/>\n\t<meta property=\"og:image:width\" content=\"1920\" \/>\n\t<meta property=\"og:image:height\" content=\"1080\" \/>\n\t<meta property=\"og:image:type\" content=\"image\/jpeg\" \/>\n<meta name=\"author\" content=\"Valpara\u00edso Creativo\" \/>\n<meta name=\"twitter:card\" content=\"summary_large_image\" \/>\n<meta name=\"twitter:label1\" content=\"Escrito por\" \/>\n\t<meta name=\"twitter:data1\" content=\"Valpara\u00edso Creativo\" \/>\n\t<meta name=\"twitter:label2\" content=\"Tiempo de lectura\" \/>\n\t<meta name=\"twitter:data2\" content=\"4 minutos\" \/>\n<script type=\"application\/ld+json\" class=\"yoast-schema-graph\">{\"@context\":\"https:\/\/schema.org\",\"@graph\":[{\"@type\":\"Article\",\"@id\":\"https:\/\/dev.antudigital.cl\/sites\/vc\/insomnia-y-teatromuseo-del-titere-y-el-payaso-invitan-a-nuevo-cruzando-miradas-en-el-marco-del-festival-animate\/#article\",\"isPartOf\":{\"@id\":\"https:\/\/dev.antudigital.cl\/sites\/vc\/insomnia-y-teatromuseo-del-titere-y-el-payaso-invitan-a-nuevo-cruzando-miradas-en-el-marco-del-festival-animate\/\"},\"author\":{\"name\":\"Valpara\u00edso Creativo\",\"@id\":\"https:\/\/dev.antudigital.cl\/sites\/vc\/#\/schema\/person\/c2b9da8dd545e27166fc5ab232837318\"},\"headline\":\"INSOMNIA y Teatromuseo del T\u00edtere y el Payaso invitan a nuevo Cruzando Miradas en el marco del Festival An\u00edmate\",\"datePublished\":\"2024-11-18T23:26:58+00:00\",\"dateModified\":\"2024-11-18T23:27:34+00:00\",\"mainEntityOfPage\":{\"@id\":\"https:\/\/dev.antudigital.cl\/sites\/vc\/insomnia-y-teatromuseo-del-titere-y-el-payaso-invitan-a-nuevo-cruzando-miradas-en-el-marco-del-festival-animate\/\"},\"wordCount\":693,\"image\":{\"@id\":\"https:\/\/dev.antudigital.cl\/sites\/vc\/insomnia-y-teatromuseo-del-titere-y-el-payaso-invitan-a-nuevo-cruzando-miradas-en-el-marco-del-festival-animate\/#primaryimage\"},\"thumbnailUrl\":\"https:\/\/dev.antudigital.cl\/sites\/vc\/wp-content\/uploads\/2024\/11\/El-fantastico-Sr.-Zorro.jpeg\",\"articleSection\":[\"Noticia\"],\"inLanguage\":\"es\"},{\"@type\":\"WebPage\",\"@id\":\"https:\/\/dev.antudigital.cl\/sites\/vc\/insomnia-y-teatromuseo-del-titere-y-el-payaso-invitan-a-nuevo-cruzando-miradas-en-el-marco-del-festival-animate\/\",\"url\":\"https:\/\/dev.antudigital.cl\/sites\/vc\/insomnia-y-teatromuseo-del-titere-y-el-payaso-invitan-a-nuevo-cruzando-miradas-en-el-marco-del-festival-animate\/\",\"name\":\"INSOMNIA y Teatromuseo del T\u00edtere y el Payaso invitan a nuevo Cruzando Miradas en el marco del Festival An\u00edmate - Valpara\u00ed\u00adso Creativo\",\"isPartOf\":{\"@id\":\"https:\/\/dev.antudigital.cl\/sites\/vc\/#website\"},\"primaryImageOfPage\":{\"@id\":\"https:\/\/dev.antudigital.cl\/sites\/vc\/insomnia-y-teatromuseo-del-titere-y-el-payaso-invitan-a-nuevo-cruzando-miradas-en-el-marco-del-festival-animate\/#primaryimage\"},\"image\":{\"@id\":\"https:\/\/dev.antudigital.cl\/sites\/vc\/insomnia-y-teatromuseo-del-titere-y-el-payaso-invitan-a-nuevo-cruzando-miradas-en-el-marco-del-festival-animate\/#primaryimage\"},\"thumbnailUrl\":\"https:\/\/dev.antudigital.cl\/sites\/vc\/wp-content\/uploads\/2024\/11\/El-fantastico-Sr.-Zorro.jpeg\",\"datePublished\":\"2024-11-18T23:26:58+00:00\",\"dateModified\":\"2024-11-18T23:27:34+00:00\",\"author\":{\"@id\":\"https:\/\/dev.antudigital.cl\/sites\/vc\/#\/schema\/person\/c2b9da8dd545e27166fc5ab232837318\"},\"breadcrumb\":{\"@id\":\"https:\/\/dev.antudigital.cl\/sites\/vc\/insomnia-y-teatromuseo-del-titere-y-el-payaso-invitan-a-nuevo-cruzando-miradas-en-el-marco-del-festival-animate\/#breadcrumb\"},\"inLanguage\":\"es\",\"potentialAction\":[{\"@type\":\"ReadAction\",\"target\":[\"https:\/\/dev.antudigital.cl\/sites\/vc\/insomnia-y-teatromuseo-del-titere-y-el-payaso-invitan-a-nuevo-cruzando-miradas-en-el-marco-del-festival-animate\/\"]}]},{\"@type\":\"ImageObject\",\"inLanguage\":\"es\",\"@id\":\"https:\/\/dev.antudigital.cl\/sites\/vc\/insomnia-y-teatromuseo-del-titere-y-el-payaso-invitan-a-nuevo-cruzando-miradas-en-el-marco-del-festival-animate\/#primaryimage\",\"url\":\"https:\/\/dev.antudigital.cl\/sites\/vc\/wp-content\/uploads\/2024\/11\/El-fantastico-Sr.-Zorro.jpeg\",\"contentUrl\":\"https:\/\/dev.antudigital.cl\/sites\/vc\/wp-content\/uploads\/2024\/11\/El-fantastico-Sr.-Zorro.jpeg\",\"width\":1920,\"height\":1080},{\"@type\":\"BreadcrumbList\",\"@id\":\"https:\/\/dev.antudigital.cl\/sites\/vc\/insomnia-y-teatromuseo-del-titere-y-el-payaso-invitan-a-nuevo-cruzando-miradas-en-el-marco-del-festival-animate\/#breadcrumb\",\"itemListElement\":[{\"@type\":\"ListItem\",\"position\":1,\"name\":\"Home\",\"item\":\"https:\/\/dev.antudigital.cl\/sites\/vc\/\"},{\"@type\":\"ListItem\",\"position\":2,\"name\":\"INSOMNIA y Teatromuseo del T\u00edtere y el Payaso invitan a nuevo Cruzando Miradas en el marco del Festival An\u00edmate\"}]},{\"@type\":\"WebSite\",\"@id\":\"https:\/\/dev.antudigital.cl\/sites\/vc\/#website\",\"url\":\"https:\/\/dev.antudigital.cl\/sites\/vc\/\",\"name\":\"Valpara\u00ed\u00adso Creativo\",\"description\":\"\",\"potentialAction\":[{\"@type\":\"SearchAction\",\"target\":{\"@type\":\"EntryPoint\",\"urlTemplate\":\"https:\/\/dev.antudigital.cl\/sites\/vc\/?s={search_term_string}\"},\"query-input\":{\"@type\":\"PropertyValueSpecification\",\"valueRequired\":true,\"valueName\":\"search_term_string\"}}],\"inLanguage\":\"es\"},{\"@type\":\"Person\",\"@id\":\"https:\/\/dev.antudigital.cl\/sites\/vc\/#\/schema\/person\/c2b9da8dd545e27166fc5ab232837318\",\"name\":\"Valpara\u00edso Creativo\",\"description\":\"Periodista de cultura en la Regi\u00f3n de Valpara\u00edso.\",\"url\":\"https:\/\/dev.antudigital.cl\/sites\/vc\/author\/valpoadmin\/\"}]}<\/script>\n<!-- \/ Yoast SEO plugin. -->","yoast_head_json":{"title":"INSOMNIA y Teatromuseo del T\u00edtere y el Payaso invitan a nuevo Cruzando Miradas en el marco del Festival An\u00edmate - Valpara\u00ed\u00adso Creativo","robots":{"index":"index","follow":"follow","max-snippet":"max-snippet:-1","max-image-preview":"max-image-preview:large","max-video-preview":"max-video-preview:-1"},"canonical":"https:\/\/dev.antudigital.cl\/sites\/vc\/insomnia-y-teatromuseo-del-titere-y-el-payaso-invitan-a-nuevo-cruzando-miradas-en-el-marco-del-festival-animate\/","og_locale":"es_ES","og_type":"article","og_title":"INSOMNIA y Teatromuseo del T\u00edtere y el Payaso invitan a nuevo Cruzando Miradas en el marco del Festival An\u00edmate - Valpara\u00ed\u00adso Creativo","og_description":"En noviembre el ciclo Cruzando Miradas organizado por INSOMNIA Teatro Condell se vincula con el Festival An\u00edmate de Teatromuseo del T\u00edtere y el Payaso para proyectar pel\u00edculas que utilizan t\u00edteres animados con la t\u00e9cnica del stop motion. Henry Selick y Wes Anderson son los dos directores convocados a este ciclo que se realizar\u00e1 los d\u00edas [&hellip;]","og_url":"https:\/\/dev.antudigital.cl\/sites\/vc\/insomnia-y-teatromuseo-del-titere-y-el-payaso-invitan-a-nuevo-cruzando-miradas-en-el-marco-del-festival-animate\/","og_site_name":"Valpara\u00ed\u00adso Creativo","article_published_time":"2024-11-18T23:26:58+00:00","article_modified_time":"2024-11-18T23:27:34+00:00","og_image":[{"width":1920,"height":1080,"url":"https:\/\/dev.antudigital.cl\/sites\/vc\/wp-content\/uploads\/2024\/11\/El-fantastico-Sr.-Zorro.jpeg","type":"image\/jpeg"}],"author":"Valpara\u00edso Creativo","twitter_card":"summary_large_image","twitter_misc":{"Escrito por":"Valpara\u00edso Creativo","Tiempo de lectura":"4 minutos"},"schema":{"@context":"https:\/\/schema.org","@graph":[{"@type":"Article","@id":"https:\/\/dev.antudigital.cl\/sites\/vc\/insomnia-y-teatromuseo-del-titere-y-el-payaso-invitan-a-nuevo-cruzando-miradas-en-el-marco-del-festival-animate\/#article","isPartOf":{"@id":"https:\/\/dev.antudigital.cl\/sites\/vc\/insomnia-y-teatromuseo-del-titere-y-el-payaso-invitan-a-nuevo-cruzando-miradas-en-el-marco-del-festival-animate\/"},"author":{"name":"Valpara\u00edso Creativo","@id":"https:\/\/dev.antudigital.cl\/sites\/vc\/#\/schema\/person\/c2b9da8dd545e27166fc5ab232837318"},"headline":"INSOMNIA y Teatromuseo del T\u00edtere y el Payaso invitan a nuevo Cruzando Miradas en el marco del Festival An\u00edmate","datePublished":"2024-11-18T23:26:58+00:00","dateModified":"2024-11-18T23:27:34+00:00","mainEntityOfPage":{"@id":"https:\/\/dev.antudigital.cl\/sites\/vc\/insomnia-y-teatromuseo-del-titere-y-el-payaso-invitan-a-nuevo-cruzando-miradas-en-el-marco-del-festival-animate\/"},"wordCount":693,"image":{"@id":"https:\/\/dev.antudigital.cl\/sites\/vc\/insomnia-y-teatromuseo-del-titere-y-el-payaso-invitan-a-nuevo-cruzando-miradas-en-el-marco-del-festival-animate\/#primaryimage"},"thumbnailUrl":"https:\/\/dev.antudigital.cl\/sites\/vc\/wp-content\/uploads\/2024\/11\/El-fantastico-Sr.-Zorro.jpeg","articleSection":["Noticia"],"inLanguage":"es"},{"@type":"WebPage","@id":"https:\/\/dev.antudigital.cl\/sites\/vc\/insomnia-y-teatromuseo-del-titere-y-el-payaso-invitan-a-nuevo-cruzando-miradas-en-el-marco-del-festival-animate\/","url":"https:\/\/dev.antudigital.cl\/sites\/vc\/insomnia-y-teatromuseo-del-titere-y-el-payaso-invitan-a-nuevo-cruzando-miradas-en-el-marco-del-festival-animate\/","name":"INSOMNIA y Teatromuseo del T\u00edtere y el Payaso invitan a nuevo Cruzando Miradas en el marco del Festival An\u00edmate - Valpara\u00ed\u00adso Creativo","isPartOf":{"@id":"https:\/\/dev.antudigital.cl\/sites\/vc\/#website"},"primaryImageOfPage":{"@id":"https:\/\/dev.antudigital.cl\/sites\/vc\/insomnia-y-teatromuseo-del-titere-y-el-payaso-invitan-a-nuevo-cruzando-miradas-en-el-marco-del-festival-animate\/#primaryimage"},"image":{"@id":"https:\/\/dev.antudigital.cl\/sites\/vc\/insomnia-y-teatromuseo-del-titere-y-el-payaso-invitan-a-nuevo-cruzando-miradas-en-el-marco-del-festival-animate\/#primaryimage"},"thumbnailUrl":"https:\/\/dev.antudigital.cl\/sites\/vc\/wp-content\/uploads\/2024\/11\/El-fantastico-Sr.-Zorro.jpeg","datePublished":"2024-11-18T23:26:58+00:00","dateModified":"2024-11-18T23:27:34+00:00","author":{"@id":"https:\/\/dev.antudigital.cl\/sites\/vc\/#\/schema\/person\/c2b9da8dd545e27166fc5ab232837318"},"breadcrumb":{"@id":"https:\/\/dev.antudigital.cl\/sites\/vc\/insomnia-y-teatromuseo-del-titere-y-el-payaso-invitan-a-nuevo-cruzando-miradas-en-el-marco-del-festival-animate\/#breadcrumb"},"inLanguage":"es","potentialAction":[{"@type":"ReadAction","target":["https:\/\/dev.antudigital.cl\/sites\/vc\/insomnia-y-teatromuseo-del-titere-y-el-payaso-invitan-a-nuevo-cruzando-miradas-en-el-marco-del-festival-animate\/"]}]},{"@type":"ImageObject","inLanguage":"es","@id":"https:\/\/dev.antudigital.cl\/sites\/vc\/insomnia-y-teatromuseo-del-titere-y-el-payaso-invitan-a-nuevo-cruzando-miradas-en-el-marco-del-festival-animate\/#primaryimage","url":"https:\/\/dev.antudigital.cl\/sites\/vc\/wp-content\/uploads\/2024\/11\/El-fantastico-Sr.-Zorro.jpeg","contentUrl":"https:\/\/dev.antudigital.cl\/sites\/vc\/wp-content\/uploads\/2024\/11\/El-fantastico-Sr.-Zorro.jpeg","width":1920,"height":1080},{"@type":"BreadcrumbList","@id":"https:\/\/dev.antudigital.cl\/sites\/vc\/insomnia-y-teatromuseo-del-titere-y-el-payaso-invitan-a-nuevo-cruzando-miradas-en-el-marco-del-festival-animate\/#breadcrumb","itemListElement":[{"@type":"ListItem","position":1,"name":"Home","item":"https:\/\/dev.antudigital.cl\/sites\/vc\/"},{"@type":"ListItem","position":2,"name":"INSOMNIA y Teatromuseo del T\u00edtere y el Payaso invitan a nuevo Cruzando Miradas en el marco del Festival An\u00edmate"}]},{"@type":"WebSite","@id":"https:\/\/dev.antudigital.cl\/sites\/vc\/#website","url":"https:\/\/dev.antudigital.cl\/sites\/vc\/","name":"Valpara\u00ed\u00adso Creativo","description":"","potentialAction":[{"@type":"SearchAction","target":{"@type":"EntryPoint","urlTemplate":"https:\/\/dev.antudigital.cl\/sites\/vc\/?s={search_term_string}"},"query-input":{"@type":"PropertyValueSpecification","valueRequired":true,"valueName":"search_term_string"}}],"inLanguage":"es"},{"@type":"Person","@id":"https:\/\/dev.antudigital.cl\/sites\/vc\/#\/schema\/person\/c2b9da8dd545e27166fc5ab232837318","name":"Valpara\u00edso Creativo","description":"Periodista de cultura en la Regi\u00f3n de Valpara\u00edso.","url":"https:\/\/dev.antudigital.cl\/sites\/vc\/author\/valpoadmin\/"}]}},"_links":{"self":[{"href":"https:\/\/dev.antudigital.cl\/sites\/vc\/wp-json\/wp\/v2\/posts\/21179","targetHints":{"allow":["GET"]}}],"collection":[{"href":"https:\/\/dev.antudigital.cl\/sites\/vc\/wp-json\/wp\/v2\/posts"}],"about":[{"href":"https:\/\/dev.antudigital.cl\/sites\/vc\/wp-json\/wp\/v2\/types\/post"}],"author":[{"embeddable":true,"href":"https:\/\/dev.antudigital.cl\/sites\/vc\/wp-json\/wp\/v2\/users\/1"}],"replies":[{"embeddable":true,"href":"https:\/\/dev.antudigital.cl\/sites\/vc\/wp-json\/wp\/v2\/comments?post=21179"}],"version-history":[{"count":1,"href":"https:\/\/dev.antudigital.cl\/sites\/vc\/wp-json\/wp\/v2\/posts\/21179\/revisions"}],"predecessor-version":[{"id":21182,"href":"https:\/\/dev.antudigital.cl\/sites\/vc\/wp-json\/wp\/v2\/posts\/21179\/revisions\/21182"}],"wp:featuredmedia":[{"embeddable":true,"href":"https:\/\/dev.antudigital.cl\/sites\/vc\/wp-json\/wp\/v2\/media\/21180"}],"wp:attachment":[{"href":"https:\/\/dev.antudigital.cl\/sites\/vc\/wp-json\/wp\/v2\/media?parent=21179"}],"wp:term":[{"taxonomy":"category","embeddable":true,"href":"https:\/\/dev.antudigital.cl\/sites\/vc\/wp-json\/wp\/v2\/categories?post=21179"},{"taxonomy":"post_tag","embeddable":true,"href":"https:\/\/dev.antudigital.cl\/sites\/vc\/wp-json\/wp\/v2\/tags?post=21179"}],"curies":[{"name":"wp","href":"https:\/\/api.w.org\/{rel}","templated":true}]}}