{"id":21187,"date":"2024-11-18T23:36:07","date_gmt":"2024-11-18T23:36:07","guid":{"rendered":"https:\/\/www.valparaisocreativo.cl\/?p=21187"},"modified":"2024-11-18T23:36:33","modified_gmt":"2024-11-18T23:36:33","slug":"sabales-anuncia-su-disco-debut-con-hermano-una-oda-indie-a-la-amistad","status":"publish","type":"post","link":"https:\/\/dev.antudigital.cl\/sites\/vc\/sabales-anuncia-su-disco-debut-con-hermano-una-oda-indie-a-la-amistad\/","title":{"rendered":"Sabales\u00a0anuncia su disco debut con\u00a0&#8216;Hermano&#8217;, una oda indie a la amistad"},"content":{"rendered":"\n<p>Porque cantar desde la intimidad m\u00e1s sensible no siempre tiene que ser triste, muchas veces puede ser l\u00fadico y s\u00faper brillante, y el cantautor rancag\u00fcino&nbsp;<a href=\"https:\/\/bh1ik.r.sp1-brevo.net\/mk\/cl\/f\/sh\/SMK1E8tHeG13GZB6HuHbH2zmqP4Q\/rwQ9EH-O4h4Y\" target=\"_blank\" rel=\"noreferrer noopener\"><strong>Sabal Canales<\/strong><\/a>&nbsp;lanza &nbsp;la primera pista de su disco debut para demostrarlo.<\/p>\n\n\n\n<p><a href=\"https:\/\/bh1ik.r.sp1-brevo.net\/mk\/cl\/f\/sh\/SMK1E8tHeG7uii03T4R5MsIWoheg\/m8yfoxZ3BHHW\" target=\"_blank\" rel=\"noreferrer noopener\"><strong>&#8216;Hermano&#8217;<\/strong><\/a>&nbsp;es una de las primeras canciones que compuso, a finales del 2020 cuando fue a visitar a su hermano quien trabajaba vendiendo empanadas.<strong>&nbsp;\u00abMi manera de acompa\u00f1arlo fue hacerle gracia tocando guitarra y cantando. As\u00ed naci\u00f3 toda la canci\u00f3n, en la que intent\u00e9 plasmar y expresar mi gratitud y cari\u00f1o por c\u00f3mo me recibi\u00f3 esos d\u00edas, que fueron una dosis de amor que me lleg\u00f3 de manera muy fuerte y linda, sobre todo por el contexto de pandemia\u00bb<\/strong>, cuenta&nbsp;<a href=\"https:\/\/bh1ik.r.sp1-brevo.net\/mk\/cl\/f\/sh\/SMK1E8tHeGEmAqp0eEaZShbGn0Ew\/hCtgMyhbEwRr\" target=\"_blank\" rel=\"noreferrer noopener\"><strong>Sabales<\/strong><\/a>.<\/p>\n\n\n\n<figure class=\"wp-block-embed is-type-rich is-provider-spotify wp-block-embed-spotify wp-embed-aspect-21-9 wp-has-aspect-ratio\"><div class=\"wp-block-embed__wrapper\">\n<iframe title=\"Spotify Embed: Sabales\" style=\"border-radius: 12px\" width=\"100%\" height=\"352\" frameborder=\"0\" allowfullscreen allow=\"autoplay; clipboard-write; encrypted-media; fullscreen; picture-in-picture\" loading=\"lazy\" src=\"https:\/\/open.spotify.com\/embed\/artist\/6teQldXVXw7O5VZWEiAfUX?utm_source=oembed\"><\/iframe>\n<\/div><\/figure>\n\n\n\n<figure class=\"wp-block-table\"><table class=\"has-fixed-layout\"><tbody><tr><td>Junto a&nbsp;<strong>Gemeleste<\/strong>&nbsp;en segundas voces,<a href=\"https:\/\/bh1ik.r.sp1-brevo.net\/mk\/cl\/f\/sh\/SMK1E8tHeGZMXHHsBj31kBVUhtzi\/OHwC0meA1tIt\" target=\"_blank\" rel=\"noreferrer noopener\"><strong>&nbsp;&#8216;Hermano&#8217;<\/strong><\/a>&nbsp;es un estreno juguet\u00f3n; una oda a la amistad, con una energ\u00eda primaveral y ligera, m\u00e1s alejada de la melancol\u00eda que suele habitar cuando compone el artista que ya brilla con una carrera con singles como&nbsp;<strong>&#8216;Serotonina&#8217; o &#8216;Arde (Se acaba el mundo)&#8217; junto a Noah Blanco.<\/strong>&nbsp;<strong>\u00abEs una de las primeras canciones que compuse, y si bien desde peque\u00f1o quise dedicarme a hacer m\u00fasica, no fue hasta que hice esta canci\u00f3n que tom\u00e9 la determinaci\u00f3n de realmente hacerlo. Me pareci\u00f3 simb\u00f3lico elegirla como el single que da paso a \u00abDar y Mirar\u00bb, mi primer disco de 9 canciones a estrenarse los primeros meses del 2025&#8243;<\/strong>, adelanta el artista que sigue fusionando el folk, el indie y el pop, pero desde nuevas facetas.&nbsp;<\/td><\/tr><\/tbody><\/table><\/figure>\n\n\n\n<figure class=\"wp-block-table\"><table class=\"has-fixed-layout\"><tbody><tr><td>Rememorando esa visita a Valpara\u00edso,\u00a0<a href=\"https:\/\/bh1ik.r.sp1-brevo.net\/mk\/cl\/f\/sh\/SMK1E8tHeGgDzQ6pMtCVq0oEgCZy\/qwhZJFOyMbTd\" target=\"_blank\" rel=\"noreferrer noopener\"><strong>&#8216;Hermano&#8217;<\/strong><\/a>\u00a0cuenta con un videoclip ideado por\u00a0<strong>Gemeleste y dirigido por Mario Cons Cort\u00e9s<\/strong>,en el que la playa es tel\u00f3n perfecto para una sesi\u00f3n entre juguetes, empanadas rosa y una interpretaci\u00f3n m\u00e1gica de esta canci\u00f3n que refresca el repertorio del cantautor.<\/td><\/tr><\/tbody><\/table><\/figure>\n","protected":false},"excerpt":{"rendered":"<p>Porque cantar desde la intimidad m\u00e1s sensible no siempre tiene que ser triste, muchas veces puede ser l\u00fadico y s\u00faper brillante, y el cantautor rancag\u00fcino&nbsp;Sabal Canales&nbsp;lanza &nbsp;la primera pista de su disco debut para demostrarlo. &#8216;Hermano&#8217;&nbsp;es una de las primeras canciones que compuso, a finales del 2020 cuando fue a visitar a su hermano quien [&hellip;]<\/p>\n","protected":false},"author":1,"featured_media":21188,"comment_status":"closed","ping_status":"closed","sticky":false,"template":"","format":"standard","meta":{"_acf_changed":false,"footnotes":""},"categories":[8],"tags":[],"class_list":["post-21187","post","type-post","status-publish","format-standard","has-post-thumbnail","hentry","category-noticia"],"acf":[],"yoast_head":"<!-- This site is optimized with the Yoast SEO plugin v27.1.1 - https:\/\/yoast.com\/product\/yoast-seo-wordpress\/ -->\n<title>Sabales\u00a0anuncia su disco debut con\u00a0&#039;Hermano&#039;, una oda indie a la amistad - Valpara\u00ed\u00adso Creativo<\/title>\n<meta name=\"robots\" content=\"index, follow, max-snippet:-1, max-image-preview:large, max-video-preview:-1\" \/>\n<link rel=\"canonical\" href=\"https:\/\/dev.antudigital.cl\/sites\/vc\/sabales-anuncia-su-disco-debut-con-hermano-una-oda-indie-a-la-amistad\/\" \/>\n<meta property=\"og:locale\" content=\"es_ES\" \/>\n<meta property=\"og:type\" content=\"article\" \/>\n<meta property=\"og:title\" content=\"Sabales\u00a0anuncia su disco debut con\u00a0&#039;Hermano&#039;, una oda indie a la amistad - Valpara\u00ed\u00adso Creativo\" \/>\n<meta property=\"og:description\" content=\"Porque cantar desde la intimidad m\u00e1s sensible no siempre tiene que ser triste, muchas veces puede ser l\u00fadico y s\u00faper brillante, y el cantautor rancag\u00fcino&nbsp;Sabal Canales&nbsp;lanza &nbsp;la primera pista de su disco debut para demostrarlo. &#8216;Hermano&#8217;&nbsp;es una de las primeras canciones que compuso, a finales del 2020 cuando fue a visitar a su hermano quien [&hellip;]\" \/>\n<meta property=\"og:url\" content=\"https:\/\/dev.antudigital.cl\/sites\/vc\/sabales-anuncia-su-disco-debut-con-hermano-una-oda-indie-a-la-amistad\/\" \/>\n<meta property=\"og:site_name\" content=\"Valpara\u00ed\u00adso Creativo\" \/>\n<meta property=\"article:published_time\" content=\"2024-11-18T23:36:07+00:00\" \/>\n<meta property=\"article:modified_time\" content=\"2024-11-18T23:36:33+00:00\" \/>\n<meta property=\"og:image\" content=\"https:\/\/dev.antudigital.cl\/sites\/vc\/wp-content\/uploads\/2024\/11\/unnamed-2-1-1024x705.png\" \/>\n\t<meta property=\"og:image:width\" content=\"1024\" \/>\n\t<meta property=\"og:image:height\" content=\"705\" \/>\n\t<meta property=\"og:image:type\" content=\"image\/png\" \/>\n<meta name=\"author\" content=\"Valpara\u00edso Creativo\" \/>\n<meta name=\"twitter:card\" content=\"summary_large_image\" \/>\n<meta name=\"twitter:label1\" content=\"Escrito por\" \/>\n\t<meta name=\"twitter:data1\" content=\"Valpara\u00edso Creativo\" \/>\n\t<meta name=\"twitter:label2\" content=\"Tiempo de lectura\" \/>\n\t<meta name=\"twitter:data2\" content=\"2 minutos\" \/>\n<script type=\"application\/ld+json\" class=\"yoast-schema-graph\">{\"@context\":\"https:\/\/schema.org\",\"@graph\":[{\"@type\":\"Article\",\"@id\":\"https:\/\/dev.antudigital.cl\/sites\/vc\/sabales-anuncia-su-disco-debut-con-hermano-una-oda-indie-a-la-amistad\/#article\",\"isPartOf\":{\"@id\":\"https:\/\/dev.antudigital.cl\/sites\/vc\/sabales-anuncia-su-disco-debut-con-hermano-una-oda-indie-a-la-amistad\/\"},\"author\":{\"name\":\"Valpara\u00edso Creativo\",\"@id\":\"https:\/\/dev.antudigital.cl\/sites\/vc\/#\/schema\/person\/c2b9da8dd545e27166fc5ab232837318\"},\"headline\":\"Sabales\u00a0anuncia su disco debut con\u00a0&#8216;Hermano&#8217;, una oda indie a la amistad\",\"datePublished\":\"2024-11-18T23:36:07+00:00\",\"dateModified\":\"2024-11-18T23:36:33+00:00\",\"mainEntityOfPage\":{\"@id\":\"https:\/\/dev.antudigital.cl\/sites\/vc\/sabales-anuncia-su-disco-debut-con-hermano-una-oda-indie-a-la-amistad\/\"},\"wordCount\":352,\"image\":{\"@id\":\"https:\/\/dev.antudigital.cl\/sites\/vc\/sabales-anuncia-su-disco-debut-con-hermano-una-oda-indie-a-la-amistad\/#primaryimage\"},\"thumbnailUrl\":\"https:\/\/dev.antudigital.cl\/sites\/vc\/wp-content\/uploads\/2024\/11\/unnamed-2-1.png\",\"articleSection\":[\"Noticia\"],\"inLanguage\":\"es\"},{\"@type\":\"WebPage\",\"@id\":\"https:\/\/dev.antudigital.cl\/sites\/vc\/sabales-anuncia-su-disco-debut-con-hermano-una-oda-indie-a-la-amistad\/\",\"url\":\"https:\/\/dev.antudigital.cl\/sites\/vc\/sabales-anuncia-su-disco-debut-con-hermano-una-oda-indie-a-la-amistad\/\",\"name\":\"Sabales\u00a0anuncia su disco debut con\u00a0'Hermano', una oda indie a la amistad - Valpara\u00ed\u00adso Creativo\",\"isPartOf\":{\"@id\":\"https:\/\/dev.antudigital.cl\/sites\/vc\/#website\"},\"primaryImageOfPage\":{\"@id\":\"https:\/\/dev.antudigital.cl\/sites\/vc\/sabales-anuncia-su-disco-debut-con-hermano-una-oda-indie-a-la-amistad\/#primaryimage\"},\"image\":{\"@id\":\"https:\/\/dev.antudigital.cl\/sites\/vc\/sabales-anuncia-su-disco-debut-con-hermano-una-oda-indie-a-la-amistad\/#primaryimage\"},\"thumbnailUrl\":\"https:\/\/dev.antudigital.cl\/sites\/vc\/wp-content\/uploads\/2024\/11\/unnamed-2-1.png\",\"datePublished\":\"2024-11-18T23:36:07+00:00\",\"dateModified\":\"2024-11-18T23:36:33+00:00\",\"author\":{\"@id\":\"https:\/\/dev.antudigital.cl\/sites\/vc\/#\/schema\/person\/c2b9da8dd545e27166fc5ab232837318\"},\"breadcrumb\":{\"@id\":\"https:\/\/dev.antudigital.cl\/sites\/vc\/sabales-anuncia-su-disco-debut-con-hermano-una-oda-indie-a-la-amistad\/#breadcrumb\"},\"inLanguage\":\"es\",\"potentialAction\":[{\"@type\":\"ReadAction\",\"target\":[\"https:\/\/dev.antudigital.cl\/sites\/vc\/sabales-anuncia-su-disco-debut-con-hermano-una-oda-indie-a-la-amistad\/\"]}]},{\"@type\":\"ImageObject\",\"inLanguage\":\"es\",\"@id\":\"https:\/\/dev.antudigital.cl\/sites\/vc\/sabales-anuncia-su-disco-debut-con-hermano-una-oda-indie-a-la-amistad\/#primaryimage\",\"url\":\"https:\/\/dev.antudigital.cl\/sites\/vc\/wp-content\/uploads\/2024\/11\/unnamed-2-1.png\",\"contentUrl\":\"https:\/\/dev.antudigital.cl\/sites\/vc\/wp-content\/uploads\/2024\/11\/unnamed-2-1.png\",\"width\":2210,\"height\":1522},{\"@type\":\"BreadcrumbList\",\"@id\":\"https:\/\/dev.antudigital.cl\/sites\/vc\/sabales-anuncia-su-disco-debut-con-hermano-una-oda-indie-a-la-amistad\/#breadcrumb\",\"itemListElement\":[{\"@type\":\"ListItem\",\"position\":1,\"name\":\"Home\",\"item\":\"https:\/\/dev.antudigital.cl\/sites\/vc\/\"},{\"@type\":\"ListItem\",\"position\":2,\"name\":\"Sabales\u00a0anuncia su disco debut con\u00a0&#8216;Hermano&#8217;, una oda indie a la amistad\"}]},{\"@type\":\"WebSite\",\"@id\":\"https:\/\/dev.antudigital.cl\/sites\/vc\/#website\",\"url\":\"https:\/\/dev.antudigital.cl\/sites\/vc\/\",\"name\":\"Valpara\u00ed\u00adso Creativo\",\"description\":\"\",\"potentialAction\":[{\"@type\":\"SearchAction\",\"target\":{\"@type\":\"EntryPoint\",\"urlTemplate\":\"https:\/\/dev.antudigital.cl\/sites\/vc\/?s={search_term_string}\"},\"query-input\":{\"@type\":\"PropertyValueSpecification\",\"valueRequired\":true,\"valueName\":\"search_term_string\"}}],\"inLanguage\":\"es\"},{\"@type\":\"Person\",\"@id\":\"https:\/\/dev.antudigital.cl\/sites\/vc\/#\/schema\/person\/c2b9da8dd545e27166fc5ab232837318\",\"name\":\"Valpara\u00edso Creativo\",\"description\":\"Periodista de cultura en la Regi\u00f3n de Valpara\u00edso.\",\"url\":\"https:\/\/dev.antudigital.cl\/sites\/vc\/author\/valpoadmin\/\"}]}<\/script>\n<!-- \/ Yoast SEO plugin. -->","yoast_head_json":{"title":"Sabales\u00a0anuncia su disco debut con\u00a0'Hermano', una oda indie a la amistad - Valpara\u00ed\u00adso Creativo","robots":{"index":"index","follow":"follow","max-snippet":"max-snippet:-1","max-image-preview":"max-image-preview:large","max-video-preview":"max-video-preview:-1"},"canonical":"https:\/\/dev.antudigital.cl\/sites\/vc\/sabales-anuncia-su-disco-debut-con-hermano-una-oda-indie-a-la-amistad\/","og_locale":"es_ES","og_type":"article","og_title":"Sabales\u00a0anuncia su disco debut con\u00a0'Hermano', una oda indie a la amistad - Valpara\u00ed\u00adso Creativo","og_description":"Porque cantar desde la intimidad m\u00e1s sensible no siempre tiene que ser triste, muchas veces puede ser l\u00fadico y s\u00faper brillante, y el cantautor rancag\u00fcino&nbsp;Sabal Canales&nbsp;lanza &nbsp;la primera pista de su disco debut para demostrarlo. &#8216;Hermano&#8217;&nbsp;es una de las primeras canciones que compuso, a finales del 2020 cuando fue a visitar a su hermano quien [&hellip;]","og_url":"https:\/\/dev.antudigital.cl\/sites\/vc\/sabales-anuncia-su-disco-debut-con-hermano-una-oda-indie-a-la-amistad\/","og_site_name":"Valpara\u00ed\u00adso Creativo","article_published_time":"2024-11-18T23:36:07+00:00","article_modified_time":"2024-11-18T23:36:33+00:00","og_image":[{"width":1024,"height":705,"url":"https:\/\/dev.antudigital.cl\/sites\/vc\/wp-content\/uploads\/2024\/11\/unnamed-2-1-1024x705.png","type":"image\/png"}],"author":"Valpara\u00edso Creativo","twitter_card":"summary_large_image","twitter_misc":{"Escrito por":"Valpara\u00edso Creativo","Tiempo de lectura":"2 minutos"},"schema":{"@context":"https:\/\/schema.org","@graph":[{"@type":"Article","@id":"https:\/\/dev.antudigital.cl\/sites\/vc\/sabales-anuncia-su-disco-debut-con-hermano-una-oda-indie-a-la-amistad\/#article","isPartOf":{"@id":"https:\/\/dev.antudigital.cl\/sites\/vc\/sabales-anuncia-su-disco-debut-con-hermano-una-oda-indie-a-la-amistad\/"},"author":{"name":"Valpara\u00edso Creativo","@id":"https:\/\/dev.antudigital.cl\/sites\/vc\/#\/schema\/person\/c2b9da8dd545e27166fc5ab232837318"},"headline":"Sabales\u00a0anuncia su disco debut con\u00a0&#8216;Hermano&#8217;, una oda indie a la amistad","datePublished":"2024-11-18T23:36:07+00:00","dateModified":"2024-11-18T23:36:33+00:00","mainEntityOfPage":{"@id":"https:\/\/dev.antudigital.cl\/sites\/vc\/sabales-anuncia-su-disco-debut-con-hermano-una-oda-indie-a-la-amistad\/"},"wordCount":352,"image":{"@id":"https:\/\/dev.antudigital.cl\/sites\/vc\/sabales-anuncia-su-disco-debut-con-hermano-una-oda-indie-a-la-amistad\/#primaryimage"},"thumbnailUrl":"https:\/\/dev.antudigital.cl\/sites\/vc\/wp-content\/uploads\/2024\/11\/unnamed-2-1.png","articleSection":["Noticia"],"inLanguage":"es"},{"@type":"WebPage","@id":"https:\/\/dev.antudigital.cl\/sites\/vc\/sabales-anuncia-su-disco-debut-con-hermano-una-oda-indie-a-la-amistad\/","url":"https:\/\/dev.antudigital.cl\/sites\/vc\/sabales-anuncia-su-disco-debut-con-hermano-una-oda-indie-a-la-amistad\/","name":"Sabales\u00a0anuncia su disco debut con\u00a0'Hermano', una oda indie a la amistad - Valpara\u00ed\u00adso Creativo","isPartOf":{"@id":"https:\/\/dev.antudigital.cl\/sites\/vc\/#website"},"primaryImageOfPage":{"@id":"https:\/\/dev.antudigital.cl\/sites\/vc\/sabales-anuncia-su-disco-debut-con-hermano-una-oda-indie-a-la-amistad\/#primaryimage"},"image":{"@id":"https:\/\/dev.antudigital.cl\/sites\/vc\/sabales-anuncia-su-disco-debut-con-hermano-una-oda-indie-a-la-amistad\/#primaryimage"},"thumbnailUrl":"https:\/\/dev.antudigital.cl\/sites\/vc\/wp-content\/uploads\/2024\/11\/unnamed-2-1.png","datePublished":"2024-11-18T23:36:07+00:00","dateModified":"2024-11-18T23:36:33+00:00","author":{"@id":"https:\/\/dev.antudigital.cl\/sites\/vc\/#\/schema\/person\/c2b9da8dd545e27166fc5ab232837318"},"breadcrumb":{"@id":"https:\/\/dev.antudigital.cl\/sites\/vc\/sabales-anuncia-su-disco-debut-con-hermano-una-oda-indie-a-la-amistad\/#breadcrumb"},"inLanguage":"es","potentialAction":[{"@type":"ReadAction","target":["https:\/\/dev.antudigital.cl\/sites\/vc\/sabales-anuncia-su-disco-debut-con-hermano-una-oda-indie-a-la-amistad\/"]}]},{"@type":"ImageObject","inLanguage":"es","@id":"https:\/\/dev.antudigital.cl\/sites\/vc\/sabales-anuncia-su-disco-debut-con-hermano-una-oda-indie-a-la-amistad\/#primaryimage","url":"https:\/\/dev.antudigital.cl\/sites\/vc\/wp-content\/uploads\/2024\/11\/unnamed-2-1.png","contentUrl":"https:\/\/dev.antudigital.cl\/sites\/vc\/wp-content\/uploads\/2024\/11\/unnamed-2-1.png","width":2210,"height":1522},{"@type":"BreadcrumbList","@id":"https:\/\/dev.antudigital.cl\/sites\/vc\/sabales-anuncia-su-disco-debut-con-hermano-una-oda-indie-a-la-amistad\/#breadcrumb","itemListElement":[{"@type":"ListItem","position":1,"name":"Home","item":"https:\/\/dev.antudigital.cl\/sites\/vc\/"},{"@type":"ListItem","position":2,"name":"Sabales\u00a0anuncia su disco debut con\u00a0&#8216;Hermano&#8217;, una oda indie a la amistad"}]},{"@type":"WebSite","@id":"https:\/\/dev.antudigital.cl\/sites\/vc\/#website","url":"https:\/\/dev.antudigital.cl\/sites\/vc\/","name":"Valpara\u00ed\u00adso Creativo","description":"","potentialAction":[{"@type":"SearchAction","target":{"@type":"EntryPoint","urlTemplate":"https:\/\/dev.antudigital.cl\/sites\/vc\/?s={search_term_string}"},"query-input":{"@type":"PropertyValueSpecification","valueRequired":true,"valueName":"search_term_string"}}],"inLanguage":"es"},{"@type":"Person","@id":"https:\/\/dev.antudigital.cl\/sites\/vc\/#\/schema\/person\/c2b9da8dd545e27166fc5ab232837318","name":"Valpara\u00edso Creativo","description":"Periodista de cultura en la Regi\u00f3n de Valpara\u00edso.","url":"https:\/\/dev.antudigital.cl\/sites\/vc\/author\/valpoadmin\/"}]}},"_links":{"self":[{"href":"https:\/\/dev.antudigital.cl\/sites\/vc\/wp-json\/wp\/v2\/posts\/21187","targetHints":{"allow":["GET"]}}],"collection":[{"href":"https:\/\/dev.antudigital.cl\/sites\/vc\/wp-json\/wp\/v2\/posts"}],"about":[{"href":"https:\/\/dev.antudigital.cl\/sites\/vc\/wp-json\/wp\/v2\/types\/post"}],"author":[{"embeddable":true,"href":"https:\/\/dev.antudigital.cl\/sites\/vc\/wp-json\/wp\/v2\/users\/1"}],"replies":[{"embeddable":true,"href":"https:\/\/dev.antudigital.cl\/sites\/vc\/wp-json\/wp\/v2\/comments?post=21187"}],"version-history":[{"count":1,"href":"https:\/\/dev.antudigital.cl\/sites\/vc\/wp-json\/wp\/v2\/posts\/21187\/revisions"}],"predecessor-version":[{"id":21190,"href":"https:\/\/dev.antudigital.cl\/sites\/vc\/wp-json\/wp\/v2\/posts\/21187\/revisions\/21190"}],"wp:featuredmedia":[{"embeddable":true,"href":"https:\/\/dev.antudigital.cl\/sites\/vc\/wp-json\/wp\/v2\/media\/21188"}],"wp:attachment":[{"href":"https:\/\/dev.antudigital.cl\/sites\/vc\/wp-json\/wp\/v2\/media?parent=21187"}],"wp:term":[{"taxonomy":"category","embeddable":true,"href":"https:\/\/dev.antudigital.cl\/sites\/vc\/wp-json\/wp\/v2\/categories?post=21187"},{"taxonomy":"post_tag","embeddable":true,"href":"https:\/\/dev.antudigital.cl\/sites\/vc\/wp-json\/wp\/v2\/tags?post=21187"}],"curies":[{"name":"wp","href":"https:\/\/api.w.org\/{rel}","templated":true}]}}