{"id":21191,"date":"2024-11-18T23:39:10","date_gmt":"2024-11-18T23:39:10","guid":{"rendered":"https:\/\/www.valparaisocreativo.cl\/?p=21191"},"modified":"2024-11-18T23:39:28","modified_gmt":"2024-11-18T23:39:28","slug":"las-peliculas-historia-y-geografia-y-analogos-se-exhibiran-gratis-en-el-centro-cultural-estacion-llay-llay","status":"publish","type":"post","link":"https:\/\/dev.antudigital.cl\/sites\/vc\/las-peliculas-historia-y-geografia-y-analogos-se-exhibiran-gratis-en-el-centro-cultural-estacion-llay-llay\/","title":{"rendered":"Las pel\u00edculas \u201cHistoria y Geograf\u00eda\u201d y \u201cAn\u00e1logos\u201d se exhibir\u00e1n gratis en el Centro Cultural Estaci\u00f3n Llay Llay"},"content":{"rendered":"\n<p>En el marco de la cartelera anual de cine chileno que el&nbsp;<strong>Centro Cultural Quilpu\u00e9 Audiovisual&nbsp;<\/strong>ha estado desarrollando en ocho comunas de la regi\u00f3n de Valpara\u00edso, los \u00faltimos dos martes de noviembre se proyectar\u00e1n filmes para todos los p\u00fablicos, incluyendo pel\u00edculas para las personas mayores.<\/p>\n\n\n\n<p>Las dos funciones ser\u00e1n este&nbsp;<strong>martes 19 y martes 26 de noviembre<\/strong>&nbsp;a las&nbsp;<strong>18:00 horas<\/strong>&nbsp;en el&nbsp;<strong>Centro Cultural Estaci\u00f3n de Llay Llay<\/strong>&nbsp;y consideran entrada liberada.<\/p>\n\n\n\n<p>Al respecto,&nbsp;<strong>Gustavo Abarca<\/strong><strong>,&nbsp;encargado de mediaci\u00f3n y p\u00fablicos de Quilpu\u00e9 Audiovisual<\/strong>&nbsp;afirm\u00f3:&nbsp;\u201c<em>Tendremos pel\u00edculas cl\u00e1sicas y de distintas tem\u00e1ticas, que, si bien est\u00e1n pensadas principalmente para las personas mayores, pueden ir todas las familias, amigos, amigas, vecinos y vecinas. Es una instancia que se da poco en la comuna, as\u00ed que esperamos que se aproveche muy bien\u201d.<\/em><\/p>\n\n\n\n<p>El&nbsp;<strong>martes<\/strong>&nbsp;<strong>19<\/strong>&nbsp;se proyectar\u00e1&nbsp;<strong>Historia y Geograf\u00eda<\/strong>&nbsp;del director Bernardo Quesney. La pel\u00edcula, protagonizada por Amparo Noguera y Catalina Saavedra, narra la historia de Gioconda, una reconocida actriz que regresa a su ciudad natal para montar una obra de teatro sobre la conquista de Chile y tratar de recuperar el reconocimiento art\u00edstico que, en realidad, nunca tuvo.<\/p>\n\n\n\n<p>Y el&nbsp;<strong>martes<\/strong>&nbsp;<strong>26 de noviembre<\/strong>&nbsp;la pel\u00edcula de ciencia ficci\u00f3n que dar\u00e1 cierre al ciclo ser\u00e1&nbsp;<strong>An\u00e1logos<\/strong>&nbsp;del reconocido director Jorge Olgu\u00edn y protagonizada por los actores M\u00f3nica Carrasco y Jorge Gajardo (Los Venegas). La cinta cuenta la historia de Blanca y Jos\u00e9, un matrimonio de ancianos que depende de la televisi\u00f3n para sobrellevar la vida cotidiana y la enfermedad degenerativa de Blanca. Un d\u00eda, el televisor se descompone y se ven obligados a pedir ayuda a Cindy, una joven inmigrante que cambiar\u00e1 sus vidas.<\/p>\n\n\n\n<p>La iniciativa es<strong>&nbsp;financiada&nbsp;<\/strong>por el&nbsp;<strong>Ministerio de las Culturas, las Artes y el Patrimonio a trav\u00e9s de su Programa de Apoyo a Organizaciones Culturales Colaboradoras (PAOCC)<\/strong>&nbsp;y cuenta con la colaboraci\u00f3n de la&nbsp;<strong>Municipalidad de Llay Llay&nbsp;<\/strong>y la<strong>&nbsp;Fundaci\u00f3n Skansen.<\/strong><\/p>\n\n\n\n<p>Revisa la cartelera completa en&nbsp;<a href=\"http:\/\/www.quilpueaudiovisual.cl\/\" target=\"_blank\" rel=\"noreferrer noopener\">www.quilpueaudiovisual.cl<\/a><\/p>\n\n\n\n<p>RRSS:<strong>&nbsp;@ccquilpueaudiovisual<\/strong><\/p>\n\n\n\n<figure class=\"wp-block-image size-large\"><img fetchpriority=\"high\" decoding=\"async\" width=\"1024\" height=\"986\" src=\"https:\/\/www.valparaisocreativo.cl\/wp-content\/uploads\/2024\/11\/26-noviembre_Analogos-CCQA-1024x986.jpg\" alt=\"\" class=\"wp-image-21193\" srcset=\"https:\/\/dev.antudigital.cl\/sites\/vc\/wp-content\/uploads\/2024\/11\/26-noviembre_Analogos-CCQA-1024x986.jpg 1024w, https:\/\/dev.antudigital.cl\/sites\/vc\/wp-content\/uploads\/2024\/11\/26-noviembre_Analogos-CCQA-300x289.jpg 300w, https:\/\/dev.antudigital.cl\/sites\/vc\/wp-content\/uploads\/2024\/11\/26-noviembre_Analogos-CCQA-768x740.jpg 768w, https:\/\/dev.antudigital.cl\/sites\/vc\/wp-content\/uploads\/2024\/11\/26-noviembre_Analogos-CCQA-980x944.jpg 980w, https:\/\/dev.antudigital.cl\/sites\/vc\/wp-content\/uploads\/2024\/11\/26-noviembre_Analogos-CCQA-480x462.jpg 480w, https:\/\/dev.antudigital.cl\/sites\/vc\/wp-content\/uploads\/2024\/11\/26-noviembre_Analogos-CCQA-24x24.jpg 24w, https:\/\/dev.antudigital.cl\/sites\/vc\/wp-content\/uploads\/2024\/11\/26-noviembre_Analogos-CCQA-36x36.jpg 36w, https:\/\/dev.antudigital.cl\/sites\/vc\/wp-content\/uploads\/2024\/11\/26-noviembre_Analogos-CCQA-48x46.jpg 48w, https:\/\/dev.antudigital.cl\/sites\/vc\/wp-content\/uploads\/2024\/11\/26-noviembre_Analogos-CCQA.jpg 1080w\" sizes=\"(max-width: 1024px) 100vw, 1024px\" \/><\/figure>\n","protected":false},"excerpt":{"rendered":"<p>En el marco de la cartelera anual de cine chileno que el&nbsp;Centro Cultural Quilpu\u00e9 Audiovisual&nbsp;ha estado desarrollando en ocho comunas de la regi\u00f3n de Valpara\u00edso, los \u00faltimos dos martes de noviembre se proyectar\u00e1n filmes para todos los p\u00fablicos, incluyendo pel\u00edculas para las personas mayores. Las dos funciones ser\u00e1n este&nbsp;martes 19 y martes 26 de noviembre&nbsp;a [&hellip;]<\/p>\n","protected":false},"author":1,"featured_media":21192,"comment_status":"closed","ping_status":"closed","sticky":false,"template":"","format":"standard","meta":{"_acf_changed":false,"footnotes":""},"categories":[8],"tags":[],"class_list":["post-21191","post","type-post","status-publish","format-standard","has-post-thumbnail","hentry","category-noticia"],"acf":[],"yoast_head":"<!-- This site is optimized with the Yoast SEO plugin v27.1.1 - https:\/\/yoast.com\/product\/yoast-seo-wordpress\/ -->\n<title>Las pel\u00edculas \u201cHistoria y Geograf\u00eda\u201d y \u201cAn\u00e1logos\u201d se exhibir\u00e1n gratis en el Centro Cultural Estaci\u00f3n Llay Llay - Valpara\u00ed\u00adso Creativo<\/title>\n<meta name=\"robots\" content=\"index, follow, max-snippet:-1, max-image-preview:large, max-video-preview:-1\" \/>\n<link rel=\"canonical\" href=\"https:\/\/dev.antudigital.cl\/sites\/vc\/las-peliculas-historia-y-geografia-y-analogos-se-exhibiran-gratis-en-el-centro-cultural-estacion-llay-llay\/\" \/>\n<meta property=\"og:locale\" content=\"es_ES\" \/>\n<meta property=\"og:type\" content=\"article\" \/>\n<meta property=\"og:title\" content=\"Las pel\u00edculas \u201cHistoria y Geograf\u00eda\u201d y \u201cAn\u00e1logos\u201d se exhibir\u00e1n gratis en el Centro Cultural Estaci\u00f3n Llay Llay - Valpara\u00ed\u00adso Creativo\" \/>\n<meta property=\"og:description\" content=\"En el marco de la cartelera anual de cine chileno que el&nbsp;Centro Cultural Quilpu\u00e9 Audiovisual&nbsp;ha estado desarrollando en ocho comunas de la regi\u00f3n de Valpara\u00edso, los \u00faltimos dos martes de noviembre se proyectar\u00e1n filmes para todos los p\u00fablicos, incluyendo pel\u00edculas para las personas mayores. Las dos funciones ser\u00e1n este&nbsp;martes 19 y martes 26 de noviembre&nbsp;a [&hellip;]\" \/>\n<meta property=\"og:url\" content=\"https:\/\/dev.antudigital.cl\/sites\/vc\/las-peliculas-historia-y-geografia-y-analogos-se-exhibiran-gratis-en-el-centro-cultural-estacion-llay-llay\/\" \/>\n<meta property=\"og:site_name\" content=\"Valpara\u00ed\u00adso Creativo\" \/>\n<meta property=\"article:published_time\" content=\"2024-11-18T23:39:10+00:00\" \/>\n<meta property=\"article:modified_time\" content=\"2024-11-18T23:39:28+00:00\" \/>\n<meta property=\"og:image\" content=\"https:\/\/dev.antudigital.cl\/sites\/vc\/wp-content\/uploads\/2024\/11\/Llay-Llay-Foto-prensa-1.jpeg\" \/>\n\t<meta property=\"og:image:width\" content=\"1280\" \/>\n\t<meta property=\"og:image:height\" content=\"960\" \/>\n\t<meta property=\"og:image:type\" content=\"image\/jpeg\" \/>\n<meta name=\"author\" content=\"Valpara\u00edso Creativo\" \/>\n<meta name=\"twitter:card\" content=\"summary_large_image\" \/>\n<meta name=\"twitter:label1\" content=\"Escrito por\" \/>\n\t<meta name=\"twitter:data1\" content=\"Valpara\u00edso Creativo\" \/>\n\t<meta name=\"twitter:label2\" content=\"Tiempo de lectura\" \/>\n\t<meta name=\"twitter:data2\" content=\"2 minutos\" \/>\n<script type=\"application\/ld+json\" class=\"yoast-schema-graph\">{\"@context\":\"https:\/\/schema.org\",\"@graph\":[{\"@type\":\"Article\",\"@id\":\"https:\/\/dev.antudigital.cl\/sites\/vc\/las-peliculas-historia-y-geografia-y-analogos-se-exhibiran-gratis-en-el-centro-cultural-estacion-llay-llay\/#article\",\"isPartOf\":{\"@id\":\"https:\/\/dev.antudigital.cl\/sites\/vc\/las-peliculas-historia-y-geografia-y-analogos-se-exhibiran-gratis-en-el-centro-cultural-estacion-llay-llay\/\"},\"author\":{\"name\":\"Valpara\u00edso Creativo\",\"@id\":\"https:\/\/dev.antudigital.cl\/sites\/vc\/#\/schema\/person\/c2b9da8dd545e27166fc5ab232837318\"},\"headline\":\"Las pel\u00edculas \u201cHistoria y Geograf\u00eda\u201d y \u201cAn\u00e1logos\u201d se exhibir\u00e1n gratis en el Centro Cultural Estaci\u00f3n Llay Llay\",\"datePublished\":\"2024-11-18T23:39:10+00:00\",\"dateModified\":\"2024-11-18T23:39:28+00:00\",\"mainEntityOfPage\":{\"@id\":\"https:\/\/dev.antudigital.cl\/sites\/vc\/las-peliculas-historia-y-geografia-y-analogos-se-exhibiran-gratis-en-el-centro-cultural-estacion-llay-llay\/\"},\"wordCount\":402,\"image\":{\"@id\":\"https:\/\/dev.antudigital.cl\/sites\/vc\/las-peliculas-historia-y-geografia-y-analogos-se-exhibiran-gratis-en-el-centro-cultural-estacion-llay-llay\/#primaryimage\"},\"thumbnailUrl\":\"https:\/\/dev.antudigital.cl\/sites\/vc\/wp-content\/uploads\/2024\/11\/Llay-Llay-Foto-prensa-1.jpeg\",\"articleSection\":[\"Noticia\"],\"inLanguage\":\"es\"},{\"@type\":\"WebPage\",\"@id\":\"https:\/\/dev.antudigital.cl\/sites\/vc\/las-peliculas-historia-y-geografia-y-analogos-se-exhibiran-gratis-en-el-centro-cultural-estacion-llay-llay\/\",\"url\":\"https:\/\/dev.antudigital.cl\/sites\/vc\/las-peliculas-historia-y-geografia-y-analogos-se-exhibiran-gratis-en-el-centro-cultural-estacion-llay-llay\/\",\"name\":\"Las pel\u00edculas \u201cHistoria y Geograf\u00eda\u201d y \u201cAn\u00e1logos\u201d se exhibir\u00e1n gratis en el Centro Cultural Estaci\u00f3n Llay Llay - Valpara\u00ed\u00adso Creativo\",\"isPartOf\":{\"@id\":\"https:\/\/dev.antudigital.cl\/sites\/vc\/#website\"},\"primaryImageOfPage\":{\"@id\":\"https:\/\/dev.antudigital.cl\/sites\/vc\/las-peliculas-historia-y-geografia-y-analogos-se-exhibiran-gratis-en-el-centro-cultural-estacion-llay-llay\/#primaryimage\"},\"image\":{\"@id\":\"https:\/\/dev.antudigital.cl\/sites\/vc\/las-peliculas-historia-y-geografia-y-analogos-se-exhibiran-gratis-en-el-centro-cultural-estacion-llay-llay\/#primaryimage\"},\"thumbnailUrl\":\"https:\/\/dev.antudigital.cl\/sites\/vc\/wp-content\/uploads\/2024\/11\/Llay-Llay-Foto-prensa-1.jpeg\",\"datePublished\":\"2024-11-18T23:39:10+00:00\",\"dateModified\":\"2024-11-18T23:39:28+00:00\",\"author\":{\"@id\":\"https:\/\/dev.antudigital.cl\/sites\/vc\/#\/schema\/person\/c2b9da8dd545e27166fc5ab232837318\"},\"breadcrumb\":{\"@id\":\"https:\/\/dev.antudigital.cl\/sites\/vc\/las-peliculas-historia-y-geografia-y-analogos-se-exhibiran-gratis-en-el-centro-cultural-estacion-llay-llay\/#breadcrumb\"},\"inLanguage\":\"es\",\"potentialAction\":[{\"@type\":\"ReadAction\",\"target\":[\"https:\/\/dev.antudigital.cl\/sites\/vc\/las-peliculas-historia-y-geografia-y-analogos-se-exhibiran-gratis-en-el-centro-cultural-estacion-llay-llay\/\"]}]},{\"@type\":\"ImageObject\",\"inLanguage\":\"es\",\"@id\":\"https:\/\/dev.antudigital.cl\/sites\/vc\/las-peliculas-historia-y-geografia-y-analogos-se-exhibiran-gratis-en-el-centro-cultural-estacion-llay-llay\/#primaryimage\",\"url\":\"https:\/\/dev.antudigital.cl\/sites\/vc\/wp-content\/uploads\/2024\/11\/Llay-Llay-Foto-prensa-1.jpeg\",\"contentUrl\":\"https:\/\/dev.antudigital.cl\/sites\/vc\/wp-content\/uploads\/2024\/11\/Llay-Llay-Foto-prensa-1.jpeg\",\"width\":1280,\"height\":960},{\"@type\":\"BreadcrumbList\",\"@id\":\"https:\/\/dev.antudigital.cl\/sites\/vc\/las-peliculas-historia-y-geografia-y-analogos-se-exhibiran-gratis-en-el-centro-cultural-estacion-llay-llay\/#breadcrumb\",\"itemListElement\":[{\"@type\":\"ListItem\",\"position\":1,\"name\":\"Home\",\"item\":\"https:\/\/dev.antudigital.cl\/sites\/vc\/\"},{\"@type\":\"ListItem\",\"position\":2,\"name\":\"Las pel\u00edculas \u201cHistoria y Geograf\u00eda\u201d y \u201cAn\u00e1logos\u201d se exhibir\u00e1n gratis en el Centro Cultural Estaci\u00f3n Llay Llay\"}]},{\"@type\":\"WebSite\",\"@id\":\"https:\/\/dev.antudigital.cl\/sites\/vc\/#website\",\"url\":\"https:\/\/dev.antudigital.cl\/sites\/vc\/\",\"name\":\"Valpara\u00ed\u00adso Creativo\",\"description\":\"\",\"potentialAction\":[{\"@type\":\"SearchAction\",\"target\":{\"@type\":\"EntryPoint\",\"urlTemplate\":\"https:\/\/dev.antudigital.cl\/sites\/vc\/?s={search_term_string}\"},\"query-input\":{\"@type\":\"PropertyValueSpecification\",\"valueRequired\":true,\"valueName\":\"search_term_string\"}}],\"inLanguage\":\"es\"},{\"@type\":\"Person\",\"@id\":\"https:\/\/dev.antudigital.cl\/sites\/vc\/#\/schema\/person\/c2b9da8dd545e27166fc5ab232837318\",\"name\":\"Valpara\u00edso Creativo\",\"description\":\"Periodista de cultura en la Regi\u00f3n de Valpara\u00edso.\",\"url\":\"https:\/\/dev.antudigital.cl\/sites\/vc\/author\/valpoadmin\/\"}]}<\/script>\n<!-- \/ Yoast SEO plugin. -->","yoast_head_json":{"title":"Las pel\u00edculas \u201cHistoria y Geograf\u00eda\u201d y \u201cAn\u00e1logos\u201d se exhibir\u00e1n gratis en el Centro Cultural Estaci\u00f3n Llay Llay - Valpara\u00ed\u00adso Creativo","robots":{"index":"index","follow":"follow","max-snippet":"max-snippet:-1","max-image-preview":"max-image-preview:large","max-video-preview":"max-video-preview:-1"},"canonical":"https:\/\/dev.antudigital.cl\/sites\/vc\/las-peliculas-historia-y-geografia-y-analogos-se-exhibiran-gratis-en-el-centro-cultural-estacion-llay-llay\/","og_locale":"es_ES","og_type":"article","og_title":"Las pel\u00edculas \u201cHistoria y Geograf\u00eda\u201d y \u201cAn\u00e1logos\u201d se exhibir\u00e1n gratis en el Centro Cultural Estaci\u00f3n Llay Llay - Valpara\u00ed\u00adso Creativo","og_description":"En el marco de la cartelera anual de cine chileno que el&nbsp;Centro Cultural Quilpu\u00e9 Audiovisual&nbsp;ha estado desarrollando en ocho comunas de la regi\u00f3n de Valpara\u00edso, los \u00faltimos dos martes de noviembre se proyectar\u00e1n filmes para todos los p\u00fablicos, incluyendo pel\u00edculas para las personas mayores. Las dos funciones ser\u00e1n este&nbsp;martes 19 y martes 26 de noviembre&nbsp;a [&hellip;]","og_url":"https:\/\/dev.antudigital.cl\/sites\/vc\/las-peliculas-historia-y-geografia-y-analogos-se-exhibiran-gratis-en-el-centro-cultural-estacion-llay-llay\/","og_site_name":"Valpara\u00ed\u00adso Creativo","article_published_time":"2024-11-18T23:39:10+00:00","article_modified_time":"2024-11-18T23:39:28+00:00","og_image":[{"width":1280,"height":960,"url":"https:\/\/dev.antudigital.cl\/sites\/vc\/wp-content\/uploads\/2024\/11\/Llay-Llay-Foto-prensa-1.jpeg","type":"image\/jpeg"}],"author":"Valpara\u00edso Creativo","twitter_card":"summary_large_image","twitter_misc":{"Escrito por":"Valpara\u00edso Creativo","Tiempo de lectura":"2 minutos"},"schema":{"@context":"https:\/\/schema.org","@graph":[{"@type":"Article","@id":"https:\/\/dev.antudigital.cl\/sites\/vc\/las-peliculas-historia-y-geografia-y-analogos-se-exhibiran-gratis-en-el-centro-cultural-estacion-llay-llay\/#article","isPartOf":{"@id":"https:\/\/dev.antudigital.cl\/sites\/vc\/las-peliculas-historia-y-geografia-y-analogos-se-exhibiran-gratis-en-el-centro-cultural-estacion-llay-llay\/"},"author":{"name":"Valpara\u00edso Creativo","@id":"https:\/\/dev.antudigital.cl\/sites\/vc\/#\/schema\/person\/c2b9da8dd545e27166fc5ab232837318"},"headline":"Las pel\u00edculas \u201cHistoria y Geograf\u00eda\u201d y \u201cAn\u00e1logos\u201d se exhibir\u00e1n gratis en el Centro Cultural Estaci\u00f3n Llay Llay","datePublished":"2024-11-18T23:39:10+00:00","dateModified":"2024-11-18T23:39:28+00:00","mainEntityOfPage":{"@id":"https:\/\/dev.antudigital.cl\/sites\/vc\/las-peliculas-historia-y-geografia-y-analogos-se-exhibiran-gratis-en-el-centro-cultural-estacion-llay-llay\/"},"wordCount":402,"image":{"@id":"https:\/\/dev.antudigital.cl\/sites\/vc\/las-peliculas-historia-y-geografia-y-analogos-se-exhibiran-gratis-en-el-centro-cultural-estacion-llay-llay\/#primaryimage"},"thumbnailUrl":"https:\/\/dev.antudigital.cl\/sites\/vc\/wp-content\/uploads\/2024\/11\/Llay-Llay-Foto-prensa-1.jpeg","articleSection":["Noticia"],"inLanguage":"es"},{"@type":"WebPage","@id":"https:\/\/dev.antudigital.cl\/sites\/vc\/las-peliculas-historia-y-geografia-y-analogos-se-exhibiran-gratis-en-el-centro-cultural-estacion-llay-llay\/","url":"https:\/\/dev.antudigital.cl\/sites\/vc\/las-peliculas-historia-y-geografia-y-analogos-se-exhibiran-gratis-en-el-centro-cultural-estacion-llay-llay\/","name":"Las pel\u00edculas \u201cHistoria y Geograf\u00eda\u201d y \u201cAn\u00e1logos\u201d se exhibir\u00e1n gratis en el Centro Cultural Estaci\u00f3n Llay Llay - Valpara\u00ed\u00adso Creativo","isPartOf":{"@id":"https:\/\/dev.antudigital.cl\/sites\/vc\/#website"},"primaryImageOfPage":{"@id":"https:\/\/dev.antudigital.cl\/sites\/vc\/las-peliculas-historia-y-geografia-y-analogos-se-exhibiran-gratis-en-el-centro-cultural-estacion-llay-llay\/#primaryimage"},"image":{"@id":"https:\/\/dev.antudigital.cl\/sites\/vc\/las-peliculas-historia-y-geografia-y-analogos-se-exhibiran-gratis-en-el-centro-cultural-estacion-llay-llay\/#primaryimage"},"thumbnailUrl":"https:\/\/dev.antudigital.cl\/sites\/vc\/wp-content\/uploads\/2024\/11\/Llay-Llay-Foto-prensa-1.jpeg","datePublished":"2024-11-18T23:39:10+00:00","dateModified":"2024-11-18T23:39:28+00:00","author":{"@id":"https:\/\/dev.antudigital.cl\/sites\/vc\/#\/schema\/person\/c2b9da8dd545e27166fc5ab232837318"},"breadcrumb":{"@id":"https:\/\/dev.antudigital.cl\/sites\/vc\/las-peliculas-historia-y-geografia-y-analogos-se-exhibiran-gratis-en-el-centro-cultural-estacion-llay-llay\/#breadcrumb"},"inLanguage":"es","potentialAction":[{"@type":"ReadAction","target":["https:\/\/dev.antudigital.cl\/sites\/vc\/las-peliculas-historia-y-geografia-y-analogos-se-exhibiran-gratis-en-el-centro-cultural-estacion-llay-llay\/"]}]},{"@type":"ImageObject","inLanguage":"es","@id":"https:\/\/dev.antudigital.cl\/sites\/vc\/las-peliculas-historia-y-geografia-y-analogos-se-exhibiran-gratis-en-el-centro-cultural-estacion-llay-llay\/#primaryimage","url":"https:\/\/dev.antudigital.cl\/sites\/vc\/wp-content\/uploads\/2024\/11\/Llay-Llay-Foto-prensa-1.jpeg","contentUrl":"https:\/\/dev.antudigital.cl\/sites\/vc\/wp-content\/uploads\/2024\/11\/Llay-Llay-Foto-prensa-1.jpeg","width":1280,"height":960},{"@type":"BreadcrumbList","@id":"https:\/\/dev.antudigital.cl\/sites\/vc\/las-peliculas-historia-y-geografia-y-analogos-se-exhibiran-gratis-en-el-centro-cultural-estacion-llay-llay\/#breadcrumb","itemListElement":[{"@type":"ListItem","position":1,"name":"Home","item":"https:\/\/dev.antudigital.cl\/sites\/vc\/"},{"@type":"ListItem","position":2,"name":"Las pel\u00edculas \u201cHistoria y Geograf\u00eda\u201d y \u201cAn\u00e1logos\u201d se exhibir\u00e1n gratis en el Centro Cultural Estaci\u00f3n Llay Llay"}]},{"@type":"WebSite","@id":"https:\/\/dev.antudigital.cl\/sites\/vc\/#website","url":"https:\/\/dev.antudigital.cl\/sites\/vc\/","name":"Valpara\u00ed\u00adso Creativo","description":"","potentialAction":[{"@type":"SearchAction","target":{"@type":"EntryPoint","urlTemplate":"https:\/\/dev.antudigital.cl\/sites\/vc\/?s={search_term_string}"},"query-input":{"@type":"PropertyValueSpecification","valueRequired":true,"valueName":"search_term_string"}}],"inLanguage":"es"},{"@type":"Person","@id":"https:\/\/dev.antudigital.cl\/sites\/vc\/#\/schema\/person\/c2b9da8dd545e27166fc5ab232837318","name":"Valpara\u00edso Creativo","description":"Periodista de cultura en la Regi\u00f3n de Valpara\u00edso.","url":"https:\/\/dev.antudigital.cl\/sites\/vc\/author\/valpoadmin\/"}]}},"_links":{"self":[{"href":"https:\/\/dev.antudigital.cl\/sites\/vc\/wp-json\/wp\/v2\/posts\/21191","targetHints":{"allow":["GET"]}}],"collection":[{"href":"https:\/\/dev.antudigital.cl\/sites\/vc\/wp-json\/wp\/v2\/posts"}],"about":[{"href":"https:\/\/dev.antudigital.cl\/sites\/vc\/wp-json\/wp\/v2\/types\/post"}],"author":[{"embeddable":true,"href":"https:\/\/dev.antudigital.cl\/sites\/vc\/wp-json\/wp\/v2\/users\/1"}],"replies":[{"embeddable":true,"href":"https:\/\/dev.antudigital.cl\/sites\/vc\/wp-json\/wp\/v2\/comments?post=21191"}],"version-history":[{"count":1,"href":"https:\/\/dev.antudigital.cl\/sites\/vc\/wp-json\/wp\/v2\/posts\/21191\/revisions"}],"predecessor-version":[{"id":21194,"href":"https:\/\/dev.antudigital.cl\/sites\/vc\/wp-json\/wp\/v2\/posts\/21191\/revisions\/21194"}],"wp:featuredmedia":[{"embeddable":true,"href":"https:\/\/dev.antudigital.cl\/sites\/vc\/wp-json\/wp\/v2\/media\/21192"}],"wp:attachment":[{"href":"https:\/\/dev.antudigital.cl\/sites\/vc\/wp-json\/wp\/v2\/media?parent=21191"}],"wp:term":[{"taxonomy":"category","embeddable":true,"href":"https:\/\/dev.antudigital.cl\/sites\/vc\/wp-json\/wp\/v2\/categories?post=21191"},{"taxonomy":"post_tag","embeddable":true,"href":"https:\/\/dev.antudigital.cl\/sites\/vc\/wp-json\/wp\/v2\/tags?post=21191"}],"curies":[{"name":"wp","href":"https:\/\/api.w.org\/{rel}","templated":true}]}}