{"id":21198,"date":"2024-11-18T23:50:19","date_gmt":"2024-11-18T23:50:19","guid":{"rendered":"https:\/\/www.valparaisocreativo.cl\/?p=21198"},"modified":"2024-11-18T23:50:57","modified_gmt":"2024-11-18T23:50:57","slug":"llega-una-nueva-edicion-de-festival-volar-en-baj-valparaiso","status":"publish","type":"post","link":"https:\/\/dev.antudigital.cl\/sites\/vc\/llega-una-nueva-edicion-de-festival-volar-en-baj-valparaiso\/","title":{"rendered":"Llega una nueva edici\u00f3n de Festival Volar en BAJ Valpara\u00edso"},"content":{"rendered":"\n<p><strong>Del 19 al 29 de noviembre, Balmaceda Arte Joven Valpara\u00edso invita a la comunidad a participar en el Festival Volar 2024, un espacio \u00fanico donde las voces y creaciones de los y las j\u00f3venes artistas toman protagonismo en diversos escenarios de la regi\u00f3n.<\/strong><\/p>\n\n\n\n<p>Consolidado como uno de los festivales m\u00e1s importantes de la regi\u00f3n, el Festival Volar se ha convertido en una plataforma esencial para mostrar los resultados de los talleres art\u00edsticos de BAJ Valpo. Sin embargo, m\u00e1s all\u00e1 de ser un espacio expositivo, el festival trasciende lo visual y se convierte en un punto de encuentro, reflexi\u00f3n y di\u00e1logo entre las y los artistas j\u00f3venes y la comunidad.&nbsp;<\/p>\n\n\n\n<p>\u201cComo cada a\u00f1o, el Festival Volar busca ser una plataforma que amplifica los relatos de las y los j\u00f3venes que participan en los procesos formativos de BAJ. Nuestra intenci\u00f3n es intervenir en el cotidiano de las comunidades vinculadas con nosotros, ocupando tanto espacios p\u00fablicos como grandes escenarios culturales, como el Parque Cultural de Valpara\u00edso, el Espacio La Compa\u00f1\u00eda y nuestra sede. As\u00ed, invitamos a disfrutar de una programaci\u00f3n diversa, con obras in\u00e9ditas que dialogan con nuestra l\u00ednea curatorial anual y abarcan m\u00faltiples disciplinas art\u00edsticas. Adem\u00e1s, hemos tejido un trabajo colaborativo muy especial con el CECREA de La Ligua y el Liceo Bicentenario T.P. Pedro Aguirre Cerda de Calle Larga. Estos talleres permitir\u00e1n un intercambio enriquecedor de contenidos con las y los j\u00f3venes de Valpara\u00edso y de toda la regi\u00f3n, fortaleciendo el di\u00e1logo art\u00edstico y cultural.\u201d se\u00f1ala Federico Botto, director de BAJ Valpara\u00edso.<\/p>\n\n\n\n<h3 class=\"wp-block-heading\"><strong>Programaci\u00f3n 2024: M\u00e1s de 10 d\u00edas de arte y cultura en la regi\u00f3n.<\/strong><\/h3>\n\n\n\n<p>Con una oferta diversa que incluye presentaciones de m\u00fasica, danza y teatro, junto a exposiciones fotogr\u00e1ficas, de grabado y literatura, el Festival Volar 2024 llega a diferentes espacios de Valpara\u00edso, Calle Larga y La Ligua, invitando a la comunidad a explorar estas experiencias art\u00edsticas \u00fanicas.<\/p>\n\n\n\n<p>Este a\u00f1o la programaci\u00f3n re\u00fane una jornadas diversas que incluyen m\u00fasica en vivo con artistas emergentes, como las presentaciones de LPM 2024 y L\u00edrica Urbana; danza con la instalaci\u00f3n coreogr\u00e1fica <strong><em>Carta blanca<\/em><\/strong>; teatro con la obra <strong><em>Nativxs digitales. No me hables, escr\u00edbeme al DM<\/em><\/strong>; y poes\u00eda esc\u00e9nica en el Slam <strong><em>Lenguajes que no quieren negarse a ser<\/em><\/strong>. Adem\u00e1s, destacan exposiciones de fotograf\u00eda: <strong><em>Im\u00e1genes de terror <\/em><\/strong>e<strong><em> &nbsp;Imaginaciones h\u00edbridas<\/em><\/strong>, grabado <strong><em>Valpo Freak II<\/em><\/strong> e intervenciones literarias, como el lanzamiento del fanzine <strong><em>Terrores Nocturnos<\/em><\/strong><em> <\/em>y la presentaci\u00f3n del<em> <\/em>libro<em> <\/em><strong><em>Alimapu<\/em><\/strong>.<br>Para el d\u00eda musical, se presentar\u00e1 la reconocida rapera 22RUZZ.<br><br><strong>Un llamado a vivir el arte desde la juventud.<\/strong><\/p>\n\n\n\n<p>Cada actividad del Festival Volar 2024 est\u00e1 dise\u00f1ada para invitar a la reflexi\u00f3n y el disfrute, mostrando las m\u00faltiples formas en que lxs j\u00f3venes interpretan su mundo a trav\u00e9s del arte.<strong>La entrada es liberada y abierta a todo p\u00fablico.<\/strong><br><strong>Revisa la programaci\u00f3n completa en <\/strong><a href=\"https:\/\/www.balmacedartejoven.cl\/noticias\/baj-valpo-te-invita-a-disfrutar-su-aniversario-en-el-festival-volar-2023\/\"><strong>baj.cl<\/strong><\/a><\/p>\n\n\n\n<figure class=\"wp-block-image size-large\"><img fetchpriority=\"high\" decoding=\"async\" width=\"1024\" height=\"1024\" src=\"https:\/\/www.valparaisocreativo.cl\/wp-content\/uploads\/2024\/11\/VOLAR-1x12-1-1024x1024.png\" alt=\"\" class=\"wp-image-21200\" srcset=\"https:\/\/dev.antudigital.cl\/sites\/vc\/wp-content\/uploads\/2024\/11\/VOLAR-1x12-1-1024x1024.png 1024w, https:\/\/dev.antudigital.cl\/sites\/vc\/wp-content\/uploads\/2024\/11\/VOLAR-1x12-1-300x300.png 300w, https:\/\/dev.antudigital.cl\/sites\/vc\/wp-content\/uploads\/2024\/11\/VOLAR-1x12-1-150x150.png 150w, https:\/\/dev.antudigital.cl\/sites\/vc\/wp-content\/uploads\/2024\/11\/VOLAR-1x12-1-768x768.png 768w, https:\/\/dev.antudigital.cl\/sites\/vc\/wp-content\/uploads\/2024\/11\/VOLAR-1x12-1-980x980.png 980w, https:\/\/dev.antudigital.cl\/sites\/vc\/wp-content\/uploads\/2024\/11\/VOLAR-1x12-1-480x480.png 480w, https:\/\/dev.antudigital.cl\/sites\/vc\/wp-content\/uploads\/2024\/11\/VOLAR-1x12-1-24x24.png 24w, https:\/\/dev.antudigital.cl\/sites\/vc\/wp-content\/uploads\/2024\/11\/VOLAR-1x12-1-36x36.png 36w, https:\/\/dev.antudigital.cl\/sites\/vc\/wp-content\/uploads\/2024\/11\/VOLAR-1x12-1-48x48.png 48w, https:\/\/dev.antudigital.cl\/sites\/vc\/wp-content\/uploads\/2024\/11\/VOLAR-1x12-1.png 1080w\" sizes=\"(max-width: 1024px) 100vw, 1024px\" \/><\/figure>\n","protected":false},"excerpt":{"rendered":"<p>Del 19 al 29 de noviembre, Balmaceda Arte Joven Valpara\u00edso invita a la comunidad a participar en el Festival Volar 2024, un espacio \u00fanico donde las voces y creaciones de los y las j\u00f3venes artistas toman protagonismo en diversos escenarios de la regi\u00f3n. Consolidado como uno de los festivales m\u00e1s importantes de la regi\u00f3n, el [&hellip;]<\/p>\n","protected":false},"author":1,"featured_media":21199,"comment_status":"closed","ping_status":"closed","sticky":false,"template":"","format":"standard","meta":{"_acf_changed":false,"footnotes":""},"categories":[8],"tags":[],"class_list":["post-21198","post","type-post","status-publish","format-standard","has-post-thumbnail","hentry","category-noticia"],"acf":[],"yoast_head":"<!-- This site is optimized with the Yoast SEO plugin v27.1.1 - https:\/\/yoast.com\/product\/yoast-seo-wordpress\/ -->\n<title>Llega una nueva edici\u00f3n de Festival Volar en BAJ Valpara\u00edso - Valpara\u00ed\u00adso Creativo<\/title>\n<meta name=\"robots\" content=\"index, follow, max-snippet:-1, max-image-preview:large, max-video-preview:-1\" \/>\n<link rel=\"canonical\" href=\"https:\/\/dev.antudigital.cl\/sites\/vc\/llega-una-nueva-edicion-de-festival-volar-en-baj-valparaiso\/\" \/>\n<meta property=\"og:locale\" content=\"es_ES\" \/>\n<meta property=\"og:type\" content=\"article\" \/>\n<meta property=\"og:title\" content=\"Llega una nueva edici\u00f3n de Festival Volar en BAJ Valpara\u00edso - Valpara\u00ed\u00adso Creativo\" \/>\n<meta property=\"og:description\" content=\"Del 19 al 29 de noviembre, Balmaceda Arte Joven Valpara\u00edso invita a la comunidad a participar en el Festival Volar 2024, un espacio \u00fanico donde las voces y creaciones de los y las j\u00f3venes artistas toman protagonismo en diversos escenarios de la regi\u00f3n. Consolidado como uno de los festivales m\u00e1s importantes de la regi\u00f3n, el [&hellip;]\" \/>\n<meta property=\"og:url\" content=\"https:\/\/dev.antudigital.cl\/sites\/vc\/llega-una-nueva-edicion-de-festival-volar-en-baj-valparaiso\/\" \/>\n<meta property=\"og:site_name\" content=\"Valpara\u00ed\u00adso Creativo\" \/>\n<meta property=\"article:published_time\" content=\"2024-11-18T23:50:19+00:00\" \/>\n<meta property=\"article:modified_time\" content=\"2024-11-18T23:50:57+00:00\" \/>\n<meta property=\"og:image\" content=\"https:\/\/dev.antudigital.cl\/sites\/vc\/wp-content\/uploads\/2024\/11\/BANNER-VOLAR.png\" \/>\n\t<meta property=\"og:image:width\" content=\"1080\" \/>\n\t<meta property=\"og:image:height\" content=\"566\" \/>\n\t<meta property=\"og:image:type\" content=\"image\/png\" \/>\n<meta name=\"author\" content=\"Valpara\u00edso Creativo\" \/>\n<meta name=\"twitter:card\" content=\"summary_large_image\" \/>\n<meta name=\"twitter:label1\" content=\"Escrito por\" \/>\n\t<meta name=\"twitter:data1\" content=\"Valpara\u00edso Creativo\" \/>\n\t<meta name=\"twitter:label2\" content=\"Tiempo de lectura\" \/>\n\t<meta name=\"twitter:data2\" content=\"3 minutos\" \/>\n<script type=\"application\/ld+json\" class=\"yoast-schema-graph\">{\"@context\":\"https:\/\/schema.org\",\"@graph\":[{\"@type\":\"Article\",\"@id\":\"https:\/\/dev.antudigital.cl\/sites\/vc\/llega-una-nueva-edicion-de-festival-volar-en-baj-valparaiso\/#article\",\"isPartOf\":{\"@id\":\"https:\/\/dev.antudigital.cl\/sites\/vc\/llega-una-nueva-edicion-de-festival-volar-en-baj-valparaiso\/\"},\"author\":{\"name\":\"Valpara\u00edso Creativo\",\"@id\":\"https:\/\/dev.antudigital.cl\/sites\/vc\/#\/schema\/person\/c2b9da8dd545e27166fc5ab232837318\"},\"headline\":\"Llega una nueva edici\u00f3n de Festival Volar en BAJ Valpara\u00edso\",\"datePublished\":\"2024-11-18T23:50:19+00:00\",\"dateModified\":\"2024-11-18T23:50:57+00:00\",\"mainEntityOfPage\":{\"@id\":\"https:\/\/dev.antudigital.cl\/sites\/vc\/llega-una-nueva-edicion-de-festival-volar-en-baj-valparaiso\/\"},\"wordCount\":531,\"image\":{\"@id\":\"https:\/\/dev.antudigital.cl\/sites\/vc\/llega-una-nueva-edicion-de-festival-volar-en-baj-valparaiso\/#primaryimage\"},\"thumbnailUrl\":\"https:\/\/dev.antudigital.cl\/sites\/vc\/wp-content\/uploads\/2024\/11\/BANNER-VOLAR.png\",\"articleSection\":[\"Noticia\"],\"inLanguage\":\"es\"},{\"@type\":\"WebPage\",\"@id\":\"https:\/\/dev.antudigital.cl\/sites\/vc\/llega-una-nueva-edicion-de-festival-volar-en-baj-valparaiso\/\",\"url\":\"https:\/\/dev.antudigital.cl\/sites\/vc\/llega-una-nueva-edicion-de-festival-volar-en-baj-valparaiso\/\",\"name\":\"Llega una nueva edici\u00f3n de Festival Volar en BAJ Valpara\u00edso - Valpara\u00ed\u00adso Creativo\",\"isPartOf\":{\"@id\":\"https:\/\/dev.antudigital.cl\/sites\/vc\/#website\"},\"primaryImageOfPage\":{\"@id\":\"https:\/\/dev.antudigital.cl\/sites\/vc\/llega-una-nueva-edicion-de-festival-volar-en-baj-valparaiso\/#primaryimage\"},\"image\":{\"@id\":\"https:\/\/dev.antudigital.cl\/sites\/vc\/llega-una-nueva-edicion-de-festival-volar-en-baj-valparaiso\/#primaryimage\"},\"thumbnailUrl\":\"https:\/\/dev.antudigital.cl\/sites\/vc\/wp-content\/uploads\/2024\/11\/BANNER-VOLAR.png\",\"datePublished\":\"2024-11-18T23:50:19+00:00\",\"dateModified\":\"2024-11-18T23:50:57+00:00\",\"author\":{\"@id\":\"https:\/\/dev.antudigital.cl\/sites\/vc\/#\/schema\/person\/c2b9da8dd545e27166fc5ab232837318\"},\"breadcrumb\":{\"@id\":\"https:\/\/dev.antudigital.cl\/sites\/vc\/llega-una-nueva-edicion-de-festival-volar-en-baj-valparaiso\/#breadcrumb\"},\"inLanguage\":\"es\",\"potentialAction\":[{\"@type\":\"ReadAction\",\"target\":[\"https:\/\/dev.antudigital.cl\/sites\/vc\/llega-una-nueva-edicion-de-festival-volar-en-baj-valparaiso\/\"]}]},{\"@type\":\"ImageObject\",\"inLanguage\":\"es\",\"@id\":\"https:\/\/dev.antudigital.cl\/sites\/vc\/llega-una-nueva-edicion-de-festival-volar-en-baj-valparaiso\/#primaryimage\",\"url\":\"https:\/\/dev.antudigital.cl\/sites\/vc\/wp-content\/uploads\/2024\/11\/BANNER-VOLAR.png\",\"contentUrl\":\"https:\/\/dev.antudigital.cl\/sites\/vc\/wp-content\/uploads\/2024\/11\/BANNER-VOLAR.png\",\"width\":1080,\"height\":566},{\"@type\":\"BreadcrumbList\",\"@id\":\"https:\/\/dev.antudigital.cl\/sites\/vc\/llega-una-nueva-edicion-de-festival-volar-en-baj-valparaiso\/#breadcrumb\",\"itemListElement\":[{\"@type\":\"ListItem\",\"position\":1,\"name\":\"Home\",\"item\":\"https:\/\/dev.antudigital.cl\/sites\/vc\/\"},{\"@type\":\"ListItem\",\"position\":2,\"name\":\"Llega una nueva edici\u00f3n de Festival Volar en BAJ Valpara\u00edso\"}]},{\"@type\":\"WebSite\",\"@id\":\"https:\/\/dev.antudigital.cl\/sites\/vc\/#website\",\"url\":\"https:\/\/dev.antudigital.cl\/sites\/vc\/\",\"name\":\"Valpara\u00ed\u00adso Creativo\",\"description\":\"\",\"potentialAction\":[{\"@type\":\"SearchAction\",\"target\":{\"@type\":\"EntryPoint\",\"urlTemplate\":\"https:\/\/dev.antudigital.cl\/sites\/vc\/?s={search_term_string}\"},\"query-input\":{\"@type\":\"PropertyValueSpecification\",\"valueRequired\":true,\"valueName\":\"search_term_string\"}}],\"inLanguage\":\"es\"},{\"@type\":\"Person\",\"@id\":\"https:\/\/dev.antudigital.cl\/sites\/vc\/#\/schema\/person\/c2b9da8dd545e27166fc5ab232837318\",\"name\":\"Valpara\u00edso Creativo\",\"description\":\"Periodista de cultura en la Regi\u00f3n de Valpara\u00edso.\",\"url\":\"https:\/\/dev.antudigital.cl\/sites\/vc\/author\/valpoadmin\/\"}]}<\/script>\n<!-- \/ Yoast SEO plugin. -->","yoast_head_json":{"title":"Llega una nueva edici\u00f3n de Festival Volar en BAJ Valpara\u00edso - Valpara\u00ed\u00adso Creativo","robots":{"index":"index","follow":"follow","max-snippet":"max-snippet:-1","max-image-preview":"max-image-preview:large","max-video-preview":"max-video-preview:-1"},"canonical":"https:\/\/dev.antudigital.cl\/sites\/vc\/llega-una-nueva-edicion-de-festival-volar-en-baj-valparaiso\/","og_locale":"es_ES","og_type":"article","og_title":"Llega una nueva edici\u00f3n de Festival Volar en BAJ Valpara\u00edso - Valpara\u00ed\u00adso Creativo","og_description":"Del 19 al 29 de noviembre, Balmaceda Arte Joven Valpara\u00edso invita a la comunidad a participar en el Festival Volar 2024, un espacio \u00fanico donde las voces y creaciones de los y las j\u00f3venes artistas toman protagonismo en diversos escenarios de la regi\u00f3n. Consolidado como uno de los festivales m\u00e1s importantes de la regi\u00f3n, el [&hellip;]","og_url":"https:\/\/dev.antudigital.cl\/sites\/vc\/llega-una-nueva-edicion-de-festival-volar-en-baj-valparaiso\/","og_site_name":"Valpara\u00ed\u00adso Creativo","article_published_time":"2024-11-18T23:50:19+00:00","article_modified_time":"2024-11-18T23:50:57+00:00","og_image":[{"width":1080,"height":566,"url":"https:\/\/dev.antudigital.cl\/sites\/vc\/wp-content\/uploads\/2024\/11\/BANNER-VOLAR.png","type":"image\/png"}],"author":"Valpara\u00edso Creativo","twitter_card":"summary_large_image","twitter_misc":{"Escrito por":"Valpara\u00edso Creativo","Tiempo de lectura":"3 minutos"},"schema":{"@context":"https:\/\/schema.org","@graph":[{"@type":"Article","@id":"https:\/\/dev.antudigital.cl\/sites\/vc\/llega-una-nueva-edicion-de-festival-volar-en-baj-valparaiso\/#article","isPartOf":{"@id":"https:\/\/dev.antudigital.cl\/sites\/vc\/llega-una-nueva-edicion-de-festival-volar-en-baj-valparaiso\/"},"author":{"name":"Valpara\u00edso Creativo","@id":"https:\/\/dev.antudigital.cl\/sites\/vc\/#\/schema\/person\/c2b9da8dd545e27166fc5ab232837318"},"headline":"Llega una nueva edici\u00f3n de Festival Volar en BAJ Valpara\u00edso","datePublished":"2024-11-18T23:50:19+00:00","dateModified":"2024-11-18T23:50:57+00:00","mainEntityOfPage":{"@id":"https:\/\/dev.antudigital.cl\/sites\/vc\/llega-una-nueva-edicion-de-festival-volar-en-baj-valparaiso\/"},"wordCount":531,"image":{"@id":"https:\/\/dev.antudigital.cl\/sites\/vc\/llega-una-nueva-edicion-de-festival-volar-en-baj-valparaiso\/#primaryimage"},"thumbnailUrl":"https:\/\/dev.antudigital.cl\/sites\/vc\/wp-content\/uploads\/2024\/11\/BANNER-VOLAR.png","articleSection":["Noticia"],"inLanguage":"es"},{"@type":"WebPage","@id":"https:\/\/dev.antudigital.cl\/sites\/vc\/llega-una-nueva-edicion-de-festival-volar-en-baj-valparaiso\/","url":"https:\/\/dev.antudigital.cl\/sites\/vc\/llega-una-nueva-edicion-de-festival-volar-en-baj-valparaiso\/","name":"Llega una nueva edici\u00f3n de Festival Volar en BAJ Valpara\u00edso - Valpara\u00ed\u00adso Creativo","isPartOf":{"@id":"https:\/\/dev.antudigital.cl\/sites\/vc\/#website"},"primaryImageOfPage":{"@id":"https:\/\/dev.antudigital.cl\/sites\/vc\/llega-una-nueva-edicion-de-festival-volar-en-baj-valparaiso\/#primaryimage"},"image":{"@id":"https:\/\/dev.antudigital.cl\/sites\/vc\/llega-una-nueva-edicion-de-festival-volar-en-baj-valparaiso\/#primaryimage"},"thumbnailUrl":"https:\/\/dev.antudigital.cl\/sites\/vc\/wp-content\/uploads\/2024\/11\/BANNER-VOLAR.png","datePublished":"2024-11-18T23:50:19+00:00","dateModified":"2024-11-18T23:50:57+00:00","author":{"@id":"https:\/\/dev.antudigital.cl\/sites\/vc\/#\/schema\/person\/c2b9da8dd545e27166fc5ab232837318"},"breadcrumb":{"@id":"https:\/\/dev.antudigital.cl\/sites\/vc\/llega-una-nueva-edicion-de-festival-volar-en-baj-valparaiso\/#breadcrumb"},"inLanguage":"es","potentialAction":[{"@type":"ReadAction","target":["https:\/\/dev.antudigital.cl\/sites\/vc\/llega-una-nueva-edicion-de-festival-volar-en-baj-valparaiso\/"]}]},{"@type":"ImageObject","inLanguage":"es","@id":"https:\/\/dev.antudigital.cl\/sites\/vc\/llega-una-nueva-edicion-de-festival-volar-en-baj-valparaiso\/#primaryimage","url":"https:\/\/dev.antudigital.cl\/sites\/vc\/wp-content\/uploads\/2024\/11\/BANNER-VOLAR.png","contentUrl":"https:\/\/dev.antudigital.cl\/sites\/vc\/wp-content\/uploads\/2024\/11\/BANNER-VOLAR.png","width":1080,"height":566},{"@type":"BreadcrumbList","@id":"https:\/\/dev.antudigital.cl\/sites\/vc\/llega-una-nueva-edicion-de-festival-volar-en-baj-valparaiso\/#breadcrumb","itemListElement":[{"@type":"ListItem","position":1,"name":"Home","item":"https:\/\/dev.antudigital.cl\/sites\/vc\/"},{"@type":"ListItem","position":2,"name":"Llega una nueva edici\u00f3n de Festival Volar en BAJ Valpara\u00edso"}]},{"@type":"WebSite","@id":"https:\/\/dev.antudigital.cl\/sites\/vc\/#website","url":"https:\/\/dev.antudigital.cl\/sites\/vc\/","name":"Valpara\u00ed\u00adso Creativo","description":"","potentialAction":[{"@type":"SearchAction","target":{"@type":"EntryPoint","urlTemplate":"https:\/\/dev.antudigital.cl\/sites\/vc\/?s={search_term_string}"},"query-input":{"@type":"PropertyValueSpecification","valueRequired":true,"valueName":"search_term_string"}}],"inLanguage":"es"},{"@type":"Person","@id":"https:\/\/dev.antudigital.cl\/sites\/vc\/#\/schema\/person\/c2b9da8dd545e27166fc5ab232837318","name":"Valpara\u00edso Creativo","description":"Periodista de cultura en la Regi\u00f3n de Valpara\u00edso.","url":"https:\/\/dev.antudigital.cl\/sites\/vc\/author\/valpoadmin\/"}]}},"_links":{"self":[{"href":"https:\/\/dev.antudigital.cl\/sites\/vc\/wp-json\/wp\/v2\/posts\/21198","targetHints":{"allow":["GET"]}}],"collection":[{"href":"https:\/\/dev.antudigital.cl\/sites\/vc\/wp-json\/wp\/v2\/posts"}],"about":[{"href":"https:\/\/dev.antudigital.cl\/sites\/vc\/wp-json\/wp\/v2\/types\/post"}],"author":[{"embeddable":true,"href":"https:\/\/dev.antudigital.cl\/sites\/vc\/wp-json\/wp\/v2\/users\/1"}],"replies":[{"embeddable":true,"href":"https:\/\/dev.antudigital.cl\/sites\/vc\/wp-json\/wp\/v2\/comments?post=21198"}],"version-history":[{"count":1,"href":"https:\/\/dev.antudigital.cl\/sites\/vc\/wp-json\/wp\/v2\/posts\/21198\/revisions"}],"predecessor-version":[{"id":21201,"href":"https:\/\/dev.antudigital.cl\/sites\/vc\/wp-json\/wp\/v2\/posts\/21198\/revisions\/21201"}],"wp:featuredmedia":[{"embeddable":true,"href":"https:\/\/dev.antudigital.cl\/sites\/vc\/wp-json\/wp\/v2\/media\/21199"}],"wp:attachment":[{"href":"https:\/\/dev.antudigital.cl\/sites\/vc\/wp-json\/wp\/v2\/media?parent=21198"}],"wp:term":[{"taxonomy":"category","embeddable":true,"href":"https:\/\/dev.antudigital.cl\/sites\/vc\/wp-json\/wp\/v2\/categories?post=21198"},{"taxonomy":"post_tag","embeddable":true,"href":"https:\/\/dev.antudigital.cl\/sites\/vc\/wp-json\/wp\/v2\/tags?post=21198"}],"curies":[{"name":"wp","href":"https:\/\/api.w.org\/{rel}","templated":true}]}}