{"id":21202,"date":"2024-11-18T23:59:09","date_gmt":"2024-11-18T23:59:09","guid":{"rendered":"https:\/\/www.valparaisocreativo.cl\/?p=21202"},"modified":"2024-11-18T23:59:26","modified_gmt":"2024-11-18T23:59:26","slug":"musica-gratis-en-el-teatro-municipal-de-valparaiso","status":"publish","type":"post","link":"https:\/\/dev.antudigital.cl\/sites\/vc\/musica-gratis-en-el-teatro-municipal-de-valparaiso\/","title":{"rendered":"M\u00fasica gratis en el Teatro Municipal de Valpara\u00edso"},"content":{"rendered":"\n<p>La Universidad de Playa Ancha invita a la presentaci\u00f3n conjunta del Coro de C\u00e1mara y el Ensamble Latinoamericano Abya Yala, elencos art\u00edsticos culturales\u00a0<a href=\"https:\/\/www.instagram.com\/explore\/tags\/upla\/\">#UPLA<\/a>, que se suman en una interpretaci\u00f3n de repertorio latinoamericano. Ambos Elencos son dirigidos por acad\u00e9micos y compuestos por estudiantes, quienes por amor a la m\u00fasica participan en esta instancia gratuita para toda la comunidad.<\/p>\n\n\n\n<p>&#x1f5d3;&#xfe0f; Viernes 22 de noviembre.<br>&#x23f0; 19:00 horas.<br>&#x1f4cc; Teatro Municipal de Valpara\u00edso, Uruguay&nbsp;<a href=\"https:\/\/www.instagram.com\/explore\/tags\/410\/\">#410<\/a>.<br>&#x1f39f;&#xfe0f; ENTRADA LIBERADA<\/p>\n\n\n\n<p>\u00a1Les esperamos!<\/p>\n\n\n\n<figure class=\"wp-block-image size-full\"><img fetchpriority=\"high\" decoding=\"async\" width=\"625\" height=\"626\" src=\"https:\/\/www.valparaisocreativo.cl\/wp-content\/uploads\/2024\/11\/Captura-de-Pantalla-2024-11-18-a-las-20.53.46.png\" alt=\"\" class=\"wp-image-21203\" srcset=\"https:\/\/dev.antudigital.cl\/sites\/vc\/wp-content\/uploads\/2024\/11\/Captura-de-Pantalla-2024-11-18-a-las-20.53.46.png 625w, https:\/\/dev.antudigital.cl\/sites\/vc\/wp-content\/uploads\/2024\/11\/Captura-de-Pantalla-2024-11-18-a-las-20.53.46-300x300.png 300w, https:\/\/dev.antudigital.cl\/sites\/vc\/wp-content\/uploads\/2024\/11\/Captura-de-Pantalla-2024-11-18-a-las-20.53.46-150x150.png 150w, https:\/\/dev.antudigital.cl\/sites\/vc\/wp-content\/uploads\/2024\/11\/Captura-de-Pantalla-2024-11-18-a-las-20.53.46-480x481.png 480w, https:\/\/dev.antudigital.cl\/sites\/vc\/wp-content\/uploads\/2024\/11\/Captura-de-Pantalla-2024-11-18-a-las-20.53.46-24x24.png 24w, https:\/\/dev.antudigital.cl\/sites\/vc\/wp-content\/uploads\/2024\/11\/Captura-de-Pantalla-2024-11-18-a-las-20.53.46-36x36.png 36w, https:\/\/dev.antudigital.cl\/sites\/vc\/wp-content\/uploads\/2024\/11\/Captura-de-Pantalla-2024-11-18-a-las-20.53.46-48x48.png 48w\" sizes=\"(max-width: 625px) 100vw, 625px\" \/><\/figure>\n","protected":false},"excerpt":{"rendered":"<p>La Universidad de Playa Ancha invita a la presentaci\u00f3n conjunta del Coro de C\u00e1mara y el Ensamble Latinoamericano Abya Yala, elencos art\u00edsticos culturales\u00a0#UPLA, que se suman en una interpretaci\u00f3n de repertorio latinoamericano. Ambos Elencos son dirigidos por acad\u00e9micos y compuestos por estudiantes, quienes por amor a la m\u00fasica participan en esta instancia gratuita para toda [&hellip;]<\/p>\n","protected":false},"author":1,"featured_media":21204,"comment_status":"closed","ping_status":"closed","sticky":false,"template":"","format":"standard","meta":{"_acf_changed":false,"footnotes":""},"categories":[1],"tags":[],"class_list":["post-21202","post","type-post","status-publish","format-standard","has-post-thumbnail","hentry","category-uncategorized"],"acf":[],"yoast_head":"<!-- This site is optimized with the Yoast SEO plugin v27.1.1 - https:\/\/yoast.com\/product\/yoast-seo-wordpress\/ -->\n<title>M\u00fasica gratis en el Teatro Municipal de Valpara\u00edso - Valpara\u00ed\u00adso Creativo<\/title>\n<meta name=\"robots\" content=\"index, follow, max-snippet:-1, max-image-preview:large, max-video-preview:-1\" \/>\n<link rel=\"canonical\" href=\"https:\/\/dev.antudigital.cl\/sites\/vc\/musica-gratis-en-el-teatro-municipal-de-valparaiso\/\" \/>\n<meta property=\"og:locale\" content=\"es_ES\" \/>\n<meta property=\"og:type\" content=\"article\" \/>\n<meta property=\"og:title\" content=\"M\u00fasica gratis en el Teatro Municipal de Valpara\u00edso - Valpara\u00ed\u00adso Creativo\" \/>\n<meta property=\"og:description\" content=\"La Universidad de Playa Ancha invita a la presentaci\u00f3n conjunta del Coro de C\u00e1mara y el Ensamble Latinoamericano Abya Yala, elencos art\u00edsticos culturales\u00a0#UPLA, que se suman en una interpretaci\u00f3n de repertorio latinoamericano. Ambos Elencos son dirigidos por acad\u00e9micos y compuestos por estudiantes, quienes por amor a la m\u00fasica participan en esta instancia gratuita para toda [&hellip;]\" \/>\n<meta property=\"og:url\" content=\"https:\/\/dev.antudigital.cl\/sites\/vc\/musica-gratis-en-el-teatro-municipal-de-valparaiso\/\" \/>\n<meta property=\"og:site_name\" content=\"Valpara\u00ed\u00adso Creativo\" \/>\n<meta property=\"article:published_time\" content=\"2024-11-18T23:59:09+00:00\" \/>\n<meta property=\"article:modified_time\" content=\"2024-11-18T23:59:26+00:00\" \/>\n<meta property=\"og:image\" content=\"https:\/\/dev.antudigital.cl\/sites\/vc\/wp-content\/uploads\/2024\/11\/Captura-de-Pantalla-2024-11-18-a-las-20.58.31.png\" \/>\n\t<meta property=\"og:image:width\" content=\"580\" \/>\n\t<meta property=\"og:image:height\" content=\"377\" \/>\n\t<meta property=\"og:image:type\" content=\"image\/png\" \/>\n<meta name=\"author\" content=\"Valpara\u00edso Creativo\" \/>\n<meta name=\"twitter:card\" content=\"summary_large_image\" \/>\n<meta name=\"twitter:label1\" content=\"Escrito por\" \/>\n\t<meta name=\"twitter:data1\" content=\"Valpara\u00edso Creativo\" \/>\n\t<meta name=\"twitter:label2\" content=\"Tiempo de lectura\" \/>\n\t<meta name=\"twitter:data2\" content=\"1 minuto\" \/>\n<script type=\"application\/ld+json\" class=\"yoast-schema-graph\">{\"@context\":\"https:\/\/schema.org\",\"@graph\":[{\"@type\":\"Article\",\"@id\":\"https:\/\/dev.antudigital.cl\/sites\/vc\/musica-gratis-en-el-teatro-municipal-de-valparaiso\/#article\",\"isPartOf\":{\"@id\":\"https:\/\/dev.antudigital.cl\/sites\/vc\/musica-gratis-en-el-teatro-municipal-de-valparaiso\/\"},\"author\":{\"name\":\"Valpara\u00edso Creativo\",\"@id\":\"https:\/\/dev.antudigital.cl\/sites\/vc\/#\/schema\/person\/c2b9da8dd545e27166fc5ab232837318\"},\"headline\":\"M\u00fasica gratis en el Teatro Municipal de Valpara\u00edso\",\"datePublished\":\"2024-11-18T23:59:09+00:00\",\"dateModified\":\"2024-11-18T23:59:26+00:00\",\"mainEntityOfPage\":{\"@id\":\"https:\/\/dev.antudigital.cl\/sites\/vc\/musica-gratis-en-el-teatro-municipal-de-valparaiso\/\"},\"wordCount\":104,\"image\":{\"@id\":\"https:\/\/dev.antudigital.cl\/sites\/vc\/musica-gratis-en-el-teatro-municipal-de-valparaiso\/#primaryimage\"},\"thumbnailUrl\":\"https:\/\/dev.antudigital.cl\/sites\/vc\/wp-content\/uploads\/2024\/11\/Captura-de-Pantalla-2024-11-18-a-las-20.58.31.png\",\"articleSection\":[\"Uncategorized\"],\"inLanguage\":\"es\"},{\"@type\":\"WebPage\",\"@id\":\"https:\/\/dev.antudigital.cl\/sites\/vc\/musica-gratis-en-el-teatro-municipal-de-valparaiso\/\",\"url\":\"https:\/\/dev.antudigital.cl\/sites\/vc\/musica-gratis-en-el-teatro-municipal-de-valparaiso\/\",\"name\":\"M\u00fasica gratis en el Teatro Municipal de Valpara\u00edso - Valpara\u00ed\u00adso Creativo\",\"isPartOf\":{\"@id\":\"https:\/\/dev.antudigital.cl\/sites\/vc\/#website\"},\"primaryImageOfPage\":{\"@id\":\"https:\/\/dev.antudigital.cl\/sites\/vc\/musica-gratis-en-el-teatro-municipal-de-valparaiso\/#primaryimage\"},\"image\":{\"@id\":\"https:\/\/dev.antudigital.cl\/sites\/vc\/musica-gratis-en-el-teatro-municipal-de-valparaiso\/#primaryimage\"},\"thumbnailUrl\":\"https:\/\/dev.antudigital.cl\/sites\/vc\/wp-content\/uploads\/2024\/11\/Captura-de-Pantalla-2024-11-18-a-las-20.58.31.png\",\"datePublished\":\"2024-11-18T23:59:09+00:00\",\"dateModified\":\"2024-11-18T23:59:26+00:00\",\"author\":{\"@id\":\"https:\/\/dev.antudigital.cl\/sites\/vc\/#\/schema\/person\/c2b9da8dd545e27166fc5ab232837318\"},\"breadcrumb\":{\"@id\":\"https:\/\/dev.antudigital.cl\/sites\/vc\/musica-gratis-en-el-teatro-municipal-de-valparaiso\/#breadcrumb\"},\"inLanguage\":\"es\",\"potentialAction\":[{\"@type\":\"ReadAction\",\"target\":[\"https:\/\/dev.antudigital.cl\/sites\/vc\/musica-gratis-en-el-teatro-municipal-de-valparaiso\/\"]}]},{\"@type\":\"ImageObject\",\"inLanguage\":\"es\",\"@id\":\"https:\/\/dev.antudigital.cl\/sites\/vc\/musica-gratis-en-el-teatro-municipal-de-valparaiso\/#primaryimage\",\"url\":\"https:\/\/dev.antudigital.cl\/sites\/vc\/wp-content\/uploads\/2024\/11\/Captura-de-Pantalla-2024-11-18-a-las-20.58.31.png\",\"contentUrl\":\"https:\/\/dev.antudigital.cl\/sites\/vc\/wp-content\/uploads\/2024\/11\/Captura-de-Pantalla-2024-11-18-a-las-20.58.31.png\",\"width\":580,\"height\":377},{\"@type\":\"BreadcrumbList\",\"@id\":\"https:\/\/dev.antudigital.cl\/sites\/vc\/musica-gratis-en-el-teatro-municipal-de-valparaiso\/#breadcrumb\",\"itemListElement\":[{\"@type\":\"ListItem\",\"position\":1,\"name\":\"Home\",\"item\":\"https:\/\/dev.antudigital.cl\/sites\/vc\/\"},{\"@type\":\"ListItem\",\"position\":2,\"name\":\"M\u00fasica gratis en el Teatro Municipal de Valpara\u00edso\"}]},{\"@type\":\"WebSite\",\"@id\":\"https:\/\/dev.antudigital.cl\/sites\/vc\/#website\",\"url\":\"https:\/\/dev.antudigital.cl\/sites\/vc\/\",\"name\":\"Valpara\u00ed\u00adso Creativo\",\"description\":\"\",\"potentialAction\":[{\"@type\":\"SearchAction\",\"target\":{\"@type\":\"EntryPoint\",\"urlTemplate\":\"https:\/\/dev.antudigital.cl\/sites\/vc\/?s={search_term_string}\"},\"query-input\":{\"@type\":\"PropertyValueSpecification\",\"valueRequired\":true,\"valueName\":\"search_term_string\"}}],\"inLanguage\":\"es\"},{\"@type\":\"Person\",\"@id\":\"https:\/\/dev.antudigital.cl\/sites\/vc\/#\/schema\/person\/c2b9da8dd545e27166fc5ab232837318\",\"name\":\"Valpara\u00edso Creativo\",\"description\":\"Periodista de cultura en la Regi\u00f3n de Valpara\u00edso.\",\"url\":\"https:\/\/dev.antudigital.cl\/sites\/vc\/author\/valpoadmin\/\"}]}<\/script>\n<!-- \/ Yoast SEO plugin. -->","yoast_head_json":{"title":"M\u00fasica gratis en el Teatro Municipal de Valpara\u00edso - Valpara\u00ed\u00adso Creativo","robots":{"index":"index","follow":"follow","max-snippet":"max-snippet:-1","max-image-preview":"max-image-preview:large","max-video-preview":"max-video-preview:-1"},"canonical":"https:\/\/dev.antudigital.cl\/sites\/vc\/musica-gratis-en-el-teatro-municipal-de-valparaiso\/","og_locale":"es_ES","og_type":"article","og_title":"M\u00fasica gratis en el Teatro Municipal de Valpara\u00edso - Valpara\u00ed\u00adso Creativo","og_description":"La Universidad de Playa Ancha invita a la presentaci\u00f3n conjunta del Coro de C\u00e1mara y el Ensamble Latinoamericano Abya Yala, elencos art\u00edsticos culturales\u00a0#UPLA, que se suman en una interpretaci\u00f3n de repertorio latinoamericano. Ambos Elencos son dirigidos por acad\u00e9micos y compuestos por estudiantes, quienes por amor a la m\u00fasica participan en esta instancia gratuita para toda [&hellip;]","og_url":"https:\/\/dev.antudigital.cl\/sites\/vc\/musica-gratis-en-el-teatro-municipal-de-valparaiso\/","og_site_name":"Valpara\u00ed\u00adso Creativo","article_published_time":"2024-11-18T23:59:09+00:00","article_modified_time":"2024-11-18T23:59:26+00:00","og_image":[{"width":580,"height":377,"url":"https:\/\/dev.antudigital.cl\/sites\/vc\/wp-content\/uploads\/2024\/11\/Captura-de-Pantalla-2024-11-18-a-las-20.58.31.png","type":"image\/png"}],"author":"Valpara\u00edso Creativo","twitter_card":"summary_large_image","twitter_misc":{"Escrito por":"Valpara\u00edso Creativo","Tiempo de lectura":"1 minuto"},"schema":{"@context":"https:\/\/schema.org","@graph":[{"@type":"Article","@id":"https:\/\/dev.antudigital.cl\/sites\/vc\/musica-gratis-en-el-teatro-municipal-de-valparaiso\/#article","isPartOf":{"@id":"https:\/\/dev.antudigital.cl\/sites\/vc\/musica-gratis-en-el-teatro-municipal-de-valparaiso\/"},"author":{"name":"Valpara\u00edso Creativo","@id":"https:\/\/dev.antudigital.cl\/sites\/vc\/#\/schema\/person\/c2b9da8dd545e27166fc5ab232837318"},"headline":"M\u00fasica gratis en el Teatro Municipal de Valpara\u00edso","datePublished":"2024-11-18T23:59:09+00:00","dateModified":"2024-11-18T23:59:26+00:00","mainEntityOfPage":{"@id":"https:\/\/dev.antudigital.cl\/sites\/vc\/musica-gratis-en-el-teatro-municipal-de-valparaiso\/"},"wordCount":104,"image":{"@id":"https:\/\/dev.antudigital.cl\/sites\/vc\/musica-gratis-en-el-teatro-municipal-de-valparaiso\/#primaryimage"},"thumbnailUrl":"https:\/\/dev.antudigital.cl\/sites\/vc\/wp-content\/uploads\/2024\/11\/Captura-de-Pantalla-2024-11-18-a-las-20.58.31.png","articleSection":["Uncategorized"],"inLanguage":"es"},{"@type":"WebPage","@id":"https:\/\/dev.antudigital.cl\/sites\/vc\/musica-gratis-en-el-teatro-municipal-de-valparaiso\/","url":"https:\/\/dev.antudigital.cl\/sites\/vc\/musica-gratis-en-el-teatro-municipal-de-valparaiso\/","name":"M\u00fasica gratis en el Teatro Municipal de Valpara\u00edso - Valpara\u00ed\u00adso Creativo","isPartOf":{"@id":"https:\/\/dev.antudigital.cl\/sites\/vc\/#website"},"primaryImageOfPage":{"@id":"https:\/\/dev.antudigital.cl\/sites\/vc\/musica-gratis-en-el-teatro-municipal-de-valparaiso\/#primaryimage"},"image":{"@id":"https:\/\/dev.antudigital.cl\/sites\/vc\/musica-gratis-en-el-teatro-municipal-de-valparaiso\/#primaryimage"},"thumbnailUrl":"https:\/\/dev.antudigital.cl\/sites\/vc\/wp-content\/uploads\/2024\/11\/Captura-de-Pantalla-2024-11-18-a-las-20.58.31.png","datePublished":"2024-11-18T23:59:09+00:00","dateModified":"2024-11-18T23:59:26+00:00","author":{"@id":"https:\/\/dev.antudigital.cl\/sites\/vc\/#\/schema\/person\/c2b9da8dd545e27166fc5ab232837318"},"breadcrumb":{"@id":"https:\/\/dev.antudigital.cl\/sites\/vc\/musica-gratis-en-el-teatro-municipal-de-valparaiso\/#breadcrumb"},"inLanguage":"es","potentialAction":[{"@type":"ReadAction","target":["https:\/\/dev.antudigital.cl\/sites\/vc\/musica-gratis-en-el-teatro-municipal-de-valparaiso\/"]}]},{"@type":"ImageObject","inLanguage":"es","@id":"https:\/\/dev.antudigital.cl\/sites\/vc\/musica-gratis-en-el-teatro-municipal-de-valparaiso\/#primaryimage","url":"https:\/\/dev.antudigital.cl\/sites\/vc\/wp-content\/uploads\/2024\/11\/Captura-de-Pantalla-2024-11-18-a-las-20.58.31.png","contentUrl":"https:\/\/dev.antudigital.cl\/sites\/vc\/wp-content\/uploads\/2024\/11\/Captura-de-Pantalla-2024-11-18-a-las-20.58.31.png","width":580,"height":377},{"@type":"BreadcrumbList","@id":"https:\/\/dev.antudigital.cl\/sites\/vc\/musica-gratis-en-el-teatro-municipal-de-valparaiso\/#breadcrumb","itemListElement":[{"@type":"ListItem","position":1,"name":"Home","item":"https:\/\/dev.antudigital.cl\/sites\/vc\/"},{"@type":"ListItem","position":2,"name":"M\u00fasica gratis en el Teatro Municipal de Valpara\u00edso"}]},{"@type":"WebSite","@id":"https:\/\/dev.antudigital.cl\/sites\/vc\/#website","url":"https:\/\/dev.antudigital.cl\/sites\/vc\/","name":"Valpara\u00ed\u00adso Creativo","description":"","potentialAction":[{"@type":"SearchAction","target":{"@type":"EntryPoint","urlTemplate":"https:\/\/dev.antudigital.cl\/sites\/vc\/?s={search_term_string}"},"query-input":{"@type":"PropertyValueSpecification","valueRequired":true,"valueName":"search_term_string"}}],"inLanguage":"es"},{"@type":"Person","@id":"https:\/\/dev.antudigital.cl\/sites\/vc\/#\/schema\/person\/c2b9da8dd545e27166fc5ab232837318","name":"Valpara\u00edso Creativo","description":"Periodista de cultura en la Regi\u00f3n de Valpara\u00edso.","url":"https:\/\/dev.antudigital.cl\/sites\/vc\/author\/valpoadmin\/"}]}},"_links":{"self":[{"href":"https:\/\/dev.antudigital.cl\/sites\/vc\/wp-json\/wp\/v2\/posts\/21202","targetHints":{"allow":["GET"]}}],"collection":[{"href":"https:\/\/dev.antudigital.cl\/sites\/vc\/wp-json\/wp\/v2\/posts"}],"about":[{"href":"https:\/\/dev.antudigital.cl\/sites\/vc\/wp-json\/wp\/v2\/types\/post"}],"author":[{"embeddable":true,"href":"https:\/\/dev.antudigital.cl\/sites\/vc\/wp-json\/wp\/v2\/users\/1"}],"replies":[{"embeddable":true,"href":"https:\/\/dev.antudigital.cl\/sites\/vc\/wp-json\/wp\/v2\/comments?post=21202"}],"version-history":[{"count":1,"href":"https:\/\/dev.antudigital.cl\/sites\/vc\/wp-json\/wp\/v2\/posts\/21202\/revisions"}],"predecessor-version":[{"id":21205,"href":"https:\/\/dev.antudigital.cl\/sites\/vc\/wp-json\/wp\/v2\/posts\/21202\/revisions\/21205"}],"wp:featuredmedia":[{"embeddable":true,"href":"https:\/\/dev.antudigital.cl\/sites\/vc\/wp-json\/wp\/v2\/media\/21204"}],"wp:attachment":[{"href":"https:\/\/dev.antudigital.cl\/sites\/vc\/wp-json\/wp\/v2\/media?parent=21202"}],"wp:term":[{"taxonomy":"category","embeddable":true,"href":"https:\/\/dev.antudigital.cl\/sites\/vc\/wp-json\/wp\/v2\/categories?post=21202"},{"taxonomy":"post_tag","embeddable":true,"href":"https:\/\/dev.antudigital.cl\/sites\/vc\/wp-json\/wp\/v2\/tags?post=21202"}],"curies":[{"name":"wp","href":"https:\/\/api.w.org\/{rel}","templated":true}]}}