{"id":21224,"date":"2024-11-21T13:30:55","date_gmt":"2024-11-21T13:30:55","guid":{"rendered":"https:\/\/www.valparaisocreativo.cl\/?p=21224"},"modified":"2024-11-21T13:31:14","modified_gmt":"2024-11-21T13:31:14","slug":"antonio-monasterio-ensamble-estrena-nuevo-videoclip-en-vivo-en-insomnia-valparaiso","status":"publish","type":"post","link":"https:\/\/dev.antudigital.cl\/sites\/vc\/antonio-monasterio-ensamble-estrena-nuevo-videoclip-en-vivo-en-insomnia-valparaiso\/","title":{"rendered":"Antonio Monasterio Ensamble estrena nuevo videoclip en vivo en Insomnia Valpara\u00edso"},"content":{"rendered":"\n<p>El pr\u00f3ximo&nbsp;<strong>22 de noviembre a las 20:00 hrs<\/strong>, el p\u00fablico podr\u00e1 disfrutar del pre estreno del primer videoclip de&nbsp;<a href=\"https:\/\/apkqq.r.a.d.sendibm1.com\/mk\/cl\/f\/sh\/1f8JIKXwHGYowyv8chcDrBr5hG\/ioqa3tHV91bt\" target=\"_blank\" rel=\"noreferrer noopener\">Antonio Monasterio Ensamble<\/a>: \u00abEn la Pupila Revienta el Mar\u00bb. Este tema forma parte del segundo disco de la banda,&nbsp;<a href=\"https:\/\/apkqq.r.a.d.sendibm1.com\/mk\/cl\/f\/sh\/1f8JIKXwHGZDuBaLZs857YtUnO\/h3Bp6QbVnp3F\" target=\"_blank\" rel=\"noreferrer noopener\">Las Furias y El Mar<\/a>, un trabajo que les vali\u00f3 el&nbsp;<strong>Premio Pulsar 2024 en la categor\u00eda Jazz Fusi\u00f3n<\/strong>.<\/p>\n\n\n\n<p>La idea original y el gui\u00f3n del videoclip fueron creados por Antonio Monasterio Labra, y la direcci\u00f3n estuvo a cargo de&nbsp;<strong>Daniel Aspillaga de Humano Productions<\/strong>. En \u00e9l, combinan m\u00fasica e imagen para ofrecer una reflexi\u00f3n profunda y conmovedora sobre la cultura de lo violento y su impacto a nivel universal.<\/p>\n\n\n\n<p>La noche incluir\u00e1&nbsp;<strong>m\u00fasica en vivo<\/strong>, un&nbsp;<strong>vino de honor<\/strong>&nbsp;y la oportunidad de ver este proyecto en pantalla grande, destacando la propuesta visual y sonora del ensamble.<\/p>\n\n\n\n<p>Te invitamos a disfrutar de esta poderosa obra visual y musical en el hist\u00f3rico Insomnia Teatro Condell, y sumergirnos en este viaje donde el mar y la niebla se vuelven protagonistas. \u00a1No faltes!&nbsp;<\/p>\n\n\n\n<p><strong>*La entrada es liberada&nbsp;<\/strong>pero de todas formas debes generar tu ticket en Portaltickets para asegurar tu cupo.&nbsp;<\/p>\n\n\n\n<h2 class=\"wp-block-heading\"><a href=\"https:\/\/www.portaldisc.com\/evento\/ameavant\">Consigue aqu\u00ed tu entrada.<\/a><\/h2>\n","protected":false},"excerpt":{"rendered":"<p>El pr\u00f3ximo&nbsp;22 de noviembre a las 20:00 hrs, el p\u00fablico podr\u00e1 disfrutar del pre estreno del primer videoclip de&nbsp;Antonio Monasterio Ensamble: \u00abEn la Pupila Revienta el Mar\u00bb. Este tema forma parte del segundo disco de la banda,&nbsp;Las Furias y El Mar, un trabajo que les vali\u00f3 el&nbsp;Premio Pulsar 2024 en la categor\u00eda Jazz Fusi\u00f3n. La [&hellip;]<\/p>\n","protected":false},"author":1,"featured_media":21225,"comment_status":"closed","ping_status":"closed","sticky":false,"template":"","format":"standard","meta":{"_acf_changed":false,"footnotes":""},"categories":[1],"tags":[],"class_list":["post-21224","post","type-post","status-publish","format-standard","has-post-thumbnail","hentry","category-uncategorized"],"acf":[],"yoast_head":"<!-- This site is optimized with the Yoast SEO plugin v27.1.1 - https:\/\/yoast.com\/product\/yoast-seo-wordpress\/ -->\n<title>Antonio Monasterio Ensamble estrena nuevo videoclip en vivo en Insomnia Valpara\u00edso - Valpara\u00ed\u00adso Creativo<\/title>\n<meta name=\"robots\" content=\"index, follow, max-snippet:-1, max-image-preview:large, max-video-preview:-1\" \/>\n<link rel=\"canonical\" href=\"https:\/\/dev.antudigital.cl\/sites\/vc\/antonio-monasterio-ensamble-estrena-nuevo-videoclip-en-vivo-en-insomnia-valparaiso\/\" \/>\n<meta property=\"og:locale\" content=\"es_ES\" \/>\n<meta property=\"og:type\" content=\"article\" \/>\n<meta property=\"og:title\" content=\"Antonio Monasterio Ensamble estrena nuevo videoclip en vivo en Insomnia Valpara\u00edso - Valpara\u00ed\u00adso Creativo\" \/>\n<meta property=\"og:description\" content=\"El pr\u00f3ximo&nbsp;22 de noviembre a las 20:00 hrs, el p\u00fablico podr\u00e1 disfrutar del pre estreno del primer videoclip de&nbsp;Antonio Monasterio Ensamble: \u00abEn la Pupila Revienta el Mar\u00bb. Este tema forma parte del segundo disco de la banda,&nbsp;Las Furias y El Mar, un trabajo que les vali\u00f3 el&nbsp;Premio Pulsar 2024 en la categor\u00eda Jazz Fusi\u00f3n. La [&hellip;]\" \/>\n<meta property=\"og:url\" content=\"https:\/\/dev.antudigital.cl\/sites\/vc\/antonio-monasterio-ensamble-estrena-nuevo-videoclip-en-vivo-en-insomnia-valparaiso\/\" \/>\n<meta property=\"og:site_name\" content=\"Valpara\u00ed\u00adso Creativo\" \/>\n<meta property=\"article:published_time\" content=\"2024-11-21T13:30:55+00:00\" \/>\n<meta property=\"article:modified_time\" content=\"2024-11-21T13:31:14+00:00\" \/>\n<meta property=\"og:image\" content=\"https:\/\/dev.antudigital.cl\/sites\/vc\/wp-content\/uploads\/2024\/11\/unnamed-3.jpg\" \/>\n\t<meta property=\"og:image:width\" content=\"756\" \/>\n\t<meta property=\"og:image:height\" content=\"944\" \/>\n\t<meta property=\"og:image:type\" content=\"image\/jpeg\" \/>\n<meta name=\"author\" content=\"Valpara\u00edso Creativo\" \/>\n<meta name=\"twitter:card\" content=\"summary_large_image\" \/>\n<meta name=\"twitter:label1\" content=\"Escrito por\" \/>\n\t<meta name=\"twitter:data1\" content=\"Valpara\u00edso Creativo\" \/>\n\t<meta name=\"twitter:label2\" content=\"Tiempo de lectura\" \/>\n\t<meta name=\"twitter:data2\" content=\"2 minutos\" \/>\n<script type=\"application\/ld+json\" class=\"yoast-schema-graph\">{\"@context\":\"https:\/\/schema.org\",\"@graph\":[{\"@type\":\"Article\",\"@id\":\"https:\/\/dev.antudigital.cl\/sites\/vc\/antonio-monasterio-ensamble-estrena-nuevo-videoclip-en-vivo-en-insomnia-valparaiso\/#article\",\"isPartOf\":{\"@id\":\"https:\/\/dev.antudigital.cl\/sites\/vc\/antonio-monasterio-ensamble-estrena-nuevo-videoclip-en-vivo-en-insomnia-valparaiso\/\"},\"author\":{\"name\":\"Valpara\u00edso Creativo\",\"@id\":\"https:\/\/dev.antudigital.cl\/sites\/vc\/#\/schema\/person\/c2b9da8dd545e27166fc5ab232837318\"},\"headline\":\"Antonio Monasterio Ensamble estrena nuevo videoclip en vivo en Insomnia Valpara\u00edso\",\"datePublished\":\"2024-11-21T13:30:55+00:00\",\"dateModified\":\"2024-11-21T13:31:14+00:00\",\"mainEntityOfPage\":{\"@id\":\"https:\/\/dev.antudigital.cl\/sites\/vc\/antonio-monasterio-ensamble-estrena-nuevo-videoclip-en-vivo-en-insomnia-valparaiso\/\"},\"wordCount\":222,\"image\":{\"@id\":\"https:\/\/dev.antudigital.cl\/sites\/vc\/antonio-monasterio-ensamble-estrena-nuevo-videoclip-en-vivo-en-insomnia-valparaiso\/#primaryimage\"},\"thumbnailUrl\":\"https:\/\/dev.antudigital.cl\/sites\/vc\/wp-content\/uploads\/2024\/11\/unnamed-3.jpg\",\"articleSection\":[\"Uncategorized\"],\"inLanguage\":\"es\"},{\"@type\":\"WebPage\",\"@id\":\"https:\/\/dev.antudigital.cl\/sites\/vc\/antonio-monasterio-ensamble-estrena-nuevo-videoclip-en-vivo-en-insomnia-valparaiso\/\",\"url\":\"https:\/\/dev.antudigital.cl\/sites\/vc\/antonio-monasterio-ensamble-estrena-nuevo-videoclip-en-vivo-en-insomnia-valparaiso\/\",\"name\":\"Antonio Monasterio Ensamble estrena nuevo videoclip en vivo en Insomnia Valpara\u00edso - Valpara\u00ed\u00adso Creativo\",\"isPartOf\":{\"@id\":\"https:\/\/dev.antudigital.cl\/sites\/vc\/#website\"},\"primaryImageOfPage\":{\"@id\":\"https:\/\/dev.antudigital.cl\/sites\/vc\/antonio-monasterio-ensamble-estrena-nuevo-videoclip-en-vivo-en-insomnia-valparaiso\/#primaryimage\"},\"image\":{\"@id\":\"https:\/\/dev.antudigital.cl\/sites\/vc\/antonio-monasterio-ensamble-estrena-nuevo-videoclip-en-vivo-en-insomnia-valparaiso\/#primaryimage\"},\"thumbnailUrl\":\"https:\/\/dev.antudigital.cl\/sites\/vc\/wp-content\/uploads\/2024\/11\/unnamed-3.jpg\",\"datePublished\":\"2024-11-21T13:30:55+00:00\",\"dateModified\":\"2024-11-21T13:31:14+00:00\",\"author\":{\"@id\":\"https:\/\/dev.antudigital.cl\/sites\/vc\/#\/schema\/person\/c2b9da8dd545e27166fc5ab232837318\"},\"breadcrumb\":{\"@id\":\"https:\/\/dev.antudigital.cl\/sites\/vc\/antonio-monasterio-ensamble-estrena-nuevo-videoclip-en-vivo-en-insomnia-valparaiso\/#breadcrumb\"},\"inLanguage\":\"es\",\"potentialAction\":[{\"@type\":\"ReadAction\",\"target\":[\"https:\/\/dev.antudigital.cl\/sites\/vc\/antonio-monasterio-ensamble-estrena-nuevo-videoclip-en-vivo-en-insomnia-valparaiso\/\"]}]},{\"@type\":\"ImageObject\",\"inLanguage\":\"es\",\"@id\":\"https:\/\/dev.antudigital.cl\/sites\/vc\/antonio-monasterio-ensamble-estrena-nuevo-videoclip-en-vivo-en-insomnia-valparaiso\/#primaryimage\",\"url\":\"https:\/\/dev.antudigital.cl\/sites\/vc\/wp-content\/uploads\/2024\/11\/unnamed-3.jpg\",\"contentUrl\":\"https:\/\/dev.antudigital.cl\/sites\/vc\/wp-content\/uploads\/2024\/11\/unnamed-3.jpg\",\"width\":756,\"height\":944},{\"@type\":\"BreadcrumbList\",\"@id\":\"https:\/\/dev.antudigital.cl\/sites\/vc\/antonio-monasterio-ensamble-estrena-nuevo-videoclip-en-vivo-en-insomnia-valparaiso\/#breadcrumb\",\"itemListElement\":[{\"@type\":\"ListItem\",\"position\":1,\"name\":\"Home\",\"item\":\"https:\/\/dev.antudigital.cl\/sites\/vc\/\"},{\"@type\":\"ListItem\",\"position\":2,\"name\":\"Antonio Monasterio Ensamble estrena nuevo videoclip en vivo en Insomnia Valpara\u00edso\"}]},{\"@type\":\"WebSite\",\"@id\":\"https:\/\/dev.antudigital.cl\/sites\/vc\/#website\",\"url\":\"https:\/\/dev.antudigital.cl\/sites\/vc\/\",\"name\":\"Valpara\u00ed\u00adso Creativo\",\"description\":\"\",\"potentialAction\":[{\"@type\":\"SearchAction\",\"target\":{\"@type\":\"EntryPoint\",\"urlTemplate\":\"https:\/\/dev.antudigital.cl\/sites\/vc\/?s={search_term_string}\"},\"query-input\":{\"@type\":\"PropertyValueSpecification\",\"valueRequired\":true,\"valueName\":\"search_term_string\"}}],\"inLanguage\":\"es\"},{\"@type\":\"Person\",\"@id\":\"https:\/\/dev.antudigital.cl\/sites\/vc\/#\/schema\/person\/c2b9da8dd545e27166fc5ab232837318\",\"name\":\"Valpara\u00edso Creativo\",\"description\":\"Periodista de cultura en la Regi\u00f3n de Valpara\u00edso.\",\"url\":\"https:\/\/dev.antudigital.cl\/sites\/vc\/author\/valpoadmin\/\"}]}<\/script>\n<!-- \/ Yoast SEO plugin. -->","yoast_head_json":{"title":"Antonio Monasterio Ensamble estrena nuevo videoclip en vivo en Insomnia Valpara\u00edso - Valpara\u00ed\u00adso Creativo","robots":{"index":"index","follow":"follow","max-snippet":"max-snippet:-1","max-image-preview":"max-image-preview:large","max-video-preview":"max-video-preview:-1"},"canonical":"https:\/\/dev.antudigital.cl\/sites\/vc\/antonio-monasterio-ensamble-estrena-nuevo-videoclip-en-vivo-en-insomnia-valparaiso\/","og_locale":"es_ES","og_type":"article","og_title":"Antonio Monasterio Ensamble estrena nuevo videoclip en vivo en Insomnia Valpara\u00edso - Valpara\u00ed\u00adso Creativo","og_description":"El pr\u00f3ximo&nbsp;22 de noviembre a las 20:00 hrs, el p\u00fablico podr\u00e1 disfrutar del pre estreno del primer videoclip de&nbsp;Antonio Monasterio Ensamble: \u00abEn la Pupila Revienta el Mar\u00bb. Este tema forma parte del segundo disco de la banda,&nbsp;Las Furias y El Mar, un trabajo que les vali\u00f3 el&nbsp;Premio Pulsar 2024 en la categor\u00eda Jazz Fusi\u00f3n. La [&hellip;]","og_url":"https:\/\/dev.antudigital.cl\/sites\/vc\/antonio-monasterio-ensamble-estrena-nuevo-videoclip-en-vivo-en-insomnia-valparaiso\/","og_site_name":"Valpara\u00ed\u00adso Creativo","article_published_time":"2024-11-21T13:30:55+00:00","article_modified_time":"2024-11-21T13:31:14+00:00","og_image":[{"width":756,"height":944,"url":"https:\/\/dev.antudigital.cl\/sites\/vc\/wp-content\/uploads\/2024\/11\/unnamed-3.jpg","type":"image\/jpeg"}],"author":"Valpara\u00edso Creativo","twitter_card":"summary_large_image","twitter_misc":{"Escrito por":"Valpara\u00edso Creativo","Tiempo de lectura":"2 minutos"},"schema":{"@context":"https:\/\/schema.org","@graph":[{"@type":"Article","@id":"https:\/\/dev.antudigital.cl\/sites\/vc\/antonio-monasterio-ensamble-estrena-nuevo-videoclip-en-vivo-en-insomnia-valparaiso\/#article","isPartOf":{"@id":"https:\/\/dev.antudigital.cl\/sites\/vc\/antonio-monasterio-ensamble-estrena-nuevo-videoclip-en-vivo-en-insomnia-valparaiso\/"},"author":{"name":"Valpara\u00edso Creativo","@id":"https:\/\/dev.antudigital.cl\/sites\/vc\/#\/schema\/person\/c2b9da8dd545e27166fc5ab232837318"},"headline":"Antonio Monasterio Ensamble estrena nuevo videoclip en vivo en Insomnia Valpara\u00edso","datePublished":"2024-11-21T13:30:55+00:00","dateModified":"2024-11-21T13:31:14+00:00","mainEntityOfPage":{"@id":"https:\/\/dev.antudigital.cl\/sites\/vc\/antonio-monasterio-ensamble-estrena-nuevo-videoclip-en-vivo-en-insomnia-valparaiso\/"},"wordCount":222,"image":{"@id":"https:\/\/dev.antudigital.cl\/sites\/vc\/antonio-monasterio-ensamble-estrena-nuevo-videoclip-en-vivo-en-insomnia-valparaiso\/#primaryimage"},"thumbnailUrl":"https:\/\/dev.antudigital.cl\/sites\/vc\/wp-content\/uploads\/2024\/11\/unnamed-3.jpg","articleSection":["Uncategorized"],"inLanguage":"es"},{"@type":"WebPage","@id":"https:\/\/dev.antudigital.cl\/sites\/vc\/antonio-monasterio-ensamble-estrena-nuevo-videoclip-en-vivo-en-insomnia-valparaiso\/","url":"https:\/\/dev.antudigital.cl\/sites\/vc\/antonio-monasterio-ensamble-estrena-nuevo-videoclip-en-vivo-en-insomnia-valparaiso\/","name":"Antonio Monasterio Ensamble estrena nuevo videoclip en vivo en Insomnia Valpara\u00edso - Valpara\u00ed\u00adso Creativo","isPartOf":{"@id":"https:\/\/dev.antudigital.cl\/sites\/vc\/#website"},"primaryImageOfPage":{"@id":"https:\/\/dev.antudigital.cl\/sites\/vc\/antonio-monasterio-ensamble-estrena-nuevo-videoclip-en-vivo-en-insomnia-valparaiso\/#primaryimage"},"image":{"@id":"https:\/\/dev.antudigital.cl\/sites\/vc\/antonio-monasterio-ensamble-estrena-nuevo-videoclip-en-vivo-en-insomnia-valparaiso\/#primaryimage"},"thumbnailUrl":"https:\/\/dev.antudigital.cl\/sites\/vc\/wp-content\/uploads\/2024\/11\/unnamed-3.jpg","datePublished":"2024-11-21T13:30:55+00:00","dateModified":"2024-11-21T13:31:14+00:00","author":{"@id":"https:\/\/dev.antudigital.cl\/sites\/vc\/#\/schema\/person\/c2b9da8dd545e27166fc5ab232837318"},"breadcrumb":{"@id":"https:\/\/dev.antudigital.cl\/sites\/vc\/antonio-monasterio-ensamble-estrena-nuevo-videoclip-en-vivo-en-insomnia-valparaiso\/#breadcrumb"},"inLanguage":"es","potentialAction":[{"@type":"ReadAction","target":["https:\/\/dev.antudigital.cl\/sites\/vc\/antonio-monasterio-ensamble-estrena-nuevo-videoclip-en-vivo-en-insomnia-valparaiso\/"]}]},{"@type":"ImageObject","inLanguage":"es","@id":"https:\/\/dev.antudigital.cl\/sites\/vc\/antonio-monasterio-ensamble-estrena-nuevo-videoclip-en-vivo-en-insomnia-valparaiso\/#primaryimage","url":"https:\/\/dev.antudigital.cl\/sites\/vc\/wp-content\/uploads\/2024\/11\/unnamed-3.jpg","contentUrl":"https:\/\/dev.antudigital.cl\/sites\/vc\/wp-content\/uploads\/2024\/11\/unnamed-3.jpg","width":756,"height":944},{"@type":"BreadcrumbList","@id":"https:\/\/dev.antudigital.cl\/sites\/vc\/antonio-monasterio-ensamble-estrena-nuevo-videoclip-en-vivo-en-insomnia-valparaiso\/#breadcrumb","itemListElement":[{"@type":"ListItem","position":1,"name":"Home","item":"https:\/\/dev.antudigital.cl\/sites\/vc\/"},{"@type":"ListItem","position":2,"name":"Antonio Monasterio Ensamble estrena nuevo videoclip en vivo en Insomnia Valpara\u00edso"}]},{"@type":"WebSite","@id":"https:\/\/dev.antudigital.cl\/sites\/vc\/#website","url":"https:\/\/dev.antudigital.cl\/sites\/vc\/","name":"Valpara\u00ed\u00adso Creativo","description":"","potentialAction":[{"@type":"SearchAction","target":{"@type":"EntryPoint","urlTemplate":"https:\/\/dev.antudigital.cl\/sites\/vc\/?s={search_term_string}"},"query-input":{"@type":"PropertyValueSpecification","valueRequired":true,"valueName":"search_term_string"}}],"inLanguage":"es"},{"@type":"Person","@id":"https:\/\/dev.antudigital.cl\/sites\/vc\/#\/schema\/person\/c2b9da8dd545e27166fc5ab232837318","name":"Valpara\u00edso Creativo","description":"Periodista de cultura en la Regi\u00f3n de Valpara\u00edso.","url":"https:\/\/dev.antudigital.cl\/sites\/vc\/author\/valpoadmin\/"}]}},"_links":{"self":[{"href":"https:\/\/dev.antudigital.cl\/sites\/vc\/wp-json\/wp\/v2\/posts\/21224","targetHints":{"allow":["GET"]}}],"collection":[{"href":"https:\/\/dev.antudigital.cl\/sites\/vc\/wp-json\/wp\/v2\/posts"}],"about":[{"href":"https:\/\/dev.antudigital.cl\/sites\/vc\/wp-json\/wp\/v2\/types\/post"}],"author":[{"embeddable":true,"href":"https:\/\/dev.antudigital.cl\/sites\/vc\/wp-json\/wp\/v2\/users\/1"}],"replies":[{"embeddable":true,"href":"https:\/\/dev.antudigital.cl\/sites\/vc\/wp-json\/wp\/v2\/comments?post=21224"}],"version-history":[{"count":1,"href":"https:\/\/dev.antudigital.cl\/sites\/vc\/wp-json\/wp\/v2\/posts\/21224\/revisions"}],"predecessor-version":[{"id":21226,"href":"https:\/\/dev.antudigital.cl\/sites\/vc\/wp-json\/wp\/v2\/posts\/21224\/revisions\/21226"}],"wp:featuredmedia":[{"embeddable":true,"href":"https:\/\/dev.antudigital.cl\/sites\/vc\/wp-json\/wp\/v2\/media\/21225"}],"wp:attachment":[{"href":"https:\/\/dev.antudigital.cl\/sites\/vc\/wp-json\/wp\/v2\/media?parent=21224"}],"wp:term":[{"taxonomy":"category","embeddable":true,"href":"https:\/\/dev.antudigital.cl\/sites\/vc\/wp-json\/wp\/v2\/categories?post=21224"},{"taxonomy":"post_tag","embeddable":true,"href":"https:\/\/dev.antudigital.cl\/sites\/vc\/wp-json\/wp\/v2\/tags?post=21224"}],"curies":[{"name":"wp","href":"https:\/\/api.w.org\/{rel}","templated":true}]}}