{"id":21227,"date":"2024-11-21T13:33:23","date_gmt":"2024-11-21T13:33:23","guid":{"rendered":"https:\/\/www.valparaisocreativo.cl\/?p=21227"},"modified":"2024-11-21T13:33:41","modified_gmt":"2024-11-21T13:33:41","slug":"insomnia-y-ministerio-de-las-culturas-las-artes-y-el-patrimonio-conmemoran-el-dia-del-cine-chileno","status":"publish","type":"post","link":"https:\/\/dev.antudigital.cl\/sites\/vc\/insomnia-y-ministerio-de-las-culturas-las-artes-y-el-patrimonio-conmemoran-el-dia-del-cine-chileno\/","title":{"rendered":"INSOMNIA y Ministerio de las Culturas las Artes y el Patrimonio Conmemoran el D\u00eda del Cine Chileno"},"content":{"rendered":"\n<p>Una serie de actividades conmemorativas por el D\u00eda del Cine Chileno ha organizado INSOMNIA junto al Ministerio de las Culturas, las Artes y el Patrimonio y la Seremi de Cultura de la regi\u00f3n de Valpara\u00edso. Cabe destacar que el d\u00eda del cine chileno se conmemora en homenaje a los cineastas Carmen Bueno y Jorge M\u00fcller, detenidos desaparecidos por la DINA en 1974, quienes trabajaron junto a cineastas como Miguel Littin, Silvio Caiozzi, Patricio Guzm\u00e1n y Ra\u00fal Ruiz; por lo tanto, es un homenaje a la memoria. Las actividades inician este jueves 21 de noviembre a las 12:00 del d\u00eda con la charla: \u201c<strong>Salas y p\u00fablicos de Cine en Latinoam\u00e9rica\u201d&nbsp;<\/strong>y la proyecci\u00f3n con cine foro de la pel\u00edcula&nbsp;<strong>\u201cCarne de perro\u201d<\/strong>&nbsp;del director Fernando Guzzoni, protagonizada por Alejandro Goic.<\/p>\n\n\n\n<p>Esta charla contar\u00e1 con la participaci\u00f3n de destacados expertos internacionales como&nbsp;<strong>Ana Rosas Mantec\u00f3n<\/strong>&nbsp;(Universidad Aut\u00f3noma Metropolitana Iztapalapa, M\u00e9xico) y&nbsp;<strong>Philippe Meers<\/strong>&nbsp;(Universidad de Amberes, B\u00e9lgica), quienes compartir\u00e1n sus investigaciones sobre las din\u00e1micas de los espacios de exhibici\u00f3n en pa\u00edses como Chile, M\u00e9xico, Colombia y Cuba. La actividad se desarrolla como parte del cierre del proyecto Fondecyt Regular N\u00b0 1211594 (2021-2024)&nbsp;<strong>\u201cP\u00fablicos de cine en Chile: cultura cinematogr\u00e1fica, cinefilia y procesos de formaci\u00f3n\u201d<\/strong>, liderado por&nbsp;<strong>Mar\u00eda Paz Peirano<\/strong>&nbsp;y&nbsp;<strong>Tom\u00e1s Peters<\/strong>.<\/p>\n\n\n\n<p>Junto a la Seremi de las Culturas, las Artes y el Patrimonio, este jueves 21 a las 18:00 horas se realizar\u00e1 el cine foro de la pel\u00edcula\u00a0<strong>\u201cCarne de Perro\u201d<\/strong>\u00a0del director Fernando Guzzoni que contar\u00e1 con la participaci\u00f3n del actor\u00a0<strong>Sergio Hern\u00e1ndez<\/strong>. Carne de Perro cuenta la historia de Alejandro, un hombre de 55 a\u00f1os solitario, fr\u00e1gil e impredecible, vive atormentado por su misterioso pasado. Su percepci\u00f3n distorsionada de la realidad le impide encontrar una salida, una nueva identidad. Se trata de la historia de un torturador de la dictadura de Pinochet que intenta darle un nuevo sentido a su existencia.<\/p>\n\n\n\n<figure class=\"wp-block-image size-large\"><img fetchpriority=\"high\" decoding=\"async\" width=\"1024\" height=\"1024\" src=\"https:\/\/www.valparaisocreativo.cl\/wp-content\/uploads\/2024\/11\/publicos-de-cine-en-chile-1024x1024.jpg\" alt=\"\" class=\"wp-image-21229\" srcset=\"https:\/\/dev.antudigital.cl\/sites\/vc\/wp-content\/uploads\/2024\/11\/publicos-de-cine-en-chile-1024x1024.jpg 1024w, https:\/\/dev.antudigital.cl\/sites\/vc\/wp-content\/uploads\/2024\/11\/publicos-de-cine-en-chile-300x300.jpg 300w, https:\/\/dev.antudigital.cl\/sites\/vc\/wp-content\/uploads\/2024\/11\/publicos-de-cine-en-chile-150x150.jpg 150w, https:\/\/dev.antudigital.cl\/sites\/vc\/wp-content\/uploads\/2024\/11\/publicos-de-cine-en-chile-768x768.jpg 768w, https:\/\/dev.antudigital.cl\/sites\/vc\/wp-content\/uploads\/2024\/11\/publicos-de-cine-en-chile-980x980.jpg 980w, https:\/\/dev.antudigital.cl\/sites\/vc\/wp-content\/uploads\/2024\/11\/publicos-de-cine-en-chile-480x480.jpg 480w, https:\/\/dev.antudigital.cl\/sites\/vc\/wp-content\/uploads\/2024\/11\/publicos-de-cine-en-chile-24x24.jpg 24w, https:\/\/dev.antudigital.cl\/sites\/vc\/wp-content\/uploads\/2024\/11\/publicos-de-cine-en-chile-36x36.jpg 36w, https:\/\/dev.antudigital.cl\/sites\/vc\/wp-content\/uploads\/2024\/11\/publicos-de-cine-en-chile-48x48.jpg 48w, https:\/\/dev.antudigital.cl\/sites\/vc\/wp-content\/uploads\/2024\/11\/publicos-de-cine-en-chile.jpg 1080w\" sizes=\"(max-width: 1024px) 100vw, 1024px\" \/><\/figure>\n\n\n\n<p>\u201cEn esta importante celebraci\u00f3n, como ministerio hemos puesto el foco en la memoria, los Derechos Humanos y la identidad nacional como elementos centrales para reflexionar y encontrarnos como ciudadan\u00eda. Desde el mediod\u00eda y hasta la noche, junto a INSOMNIA Teatro Condell presentaremos una variada oferta abierta y gratuita para las vecinas y vecinos de Valpara\u00edso y la regi\u00f3n\u201d, se\u00f1al\u00f3 Javier Esnaola, seremi de las Culturas, las Artes y el Patrimonio.<\/p>\n\n\n\n<p>Al respecto, Claudio Pereira, programador de INSOMNIA, destac\u00f3 que&nbsp;<strong>Carne de perro<\/strong>&nbsp;es una pel\u00edcula que: \u201creh\u00faye&nbsp;de&nbsp;una s\u00edntesis hist\u00f3rica forzada o personajes en blanco y negro donde se exacerben sus virtudes o crueldades. M\u00e1s bien, la pel\u00edcula nos interna en una zona totalmente desconocida para el cine chileno que es lo cotidiano y lo monstruoso, aquello a lo que la pensadora alemana Hannah Arendt nombraba como \u201cbanalidad del mal\u201d est\u00e1 totalmente expuesta en esta inusual y virtuosa pel\u00edcula que tiene un impresionante protag\u00f3nico a cargo&nbsp;de&nbsp;gran actor chileno Alejandro Goic y personajes claves como el que realiza Sergio Hern\u00e1ndez\u201d.<\/p>\n\n\n\n<p>Adem\u00e1s, durante la pr\u00f3xima semana y gracias al apoyo del Ministerio de las Culturas, Las Artes y el Patrimonio, en el marco del D\u00eda del Cine Chileno se proyectar\u00e1n para p\u00fablico general las pel\u00edculas&nbsp;<strong>\u201cHistoria y Geograf\u00eda\u201d&nbsp;<\/strong>(martes 26, 20:15),&nbsp;<strong>\u201cLos Colonos\u201d<\/strong>&nbsp;(jueves 28, 20:30) y&nbsp;<strong>\u201cA la sombra del sol\u201d<\/strong>&nbsp;(viernes 29, 18:30). Esta \u00faltima es una pel\u00edcula de los directores Pablo Perelman y Silvio Caiozzi, del a\u00f1o 1974, basada en un hecho real ocurrido en los a\u00f1os 40\u2019s en el norte de Chile, en un pueblo cercano a Bolivia. Cada funci\u00f3n tendr\u00e1 un valor especial de $1000.<\/p>\n\n\n\n<p>Por su parte, para las comunidades educativas se realizar\u00e1n dos funciones gratuitas:&nbsp;<strong>\u201cNahuel y el libro m\u00e1gico\u201d&nbsp;<\/strong>(mi\u00e9rcoles 27, 10:30) y una funci\u00f3n de cortometrajes que incluye&nbsp;<strong>\u201cEstrellas del desierto\u201d<\/strong>&nbsp;(Catalina Alarc\u00f3n),&nbsp;<strong>\u201cLa gambeta\u201d<\/strong>&nbsp;(Sof\u00eda Rodr\u00edguez),&nbsp;<strong>\u201cMarahoro\u201d<\/strong>&nbsp;(Katherina Harder) y&nbsp;<strong>\u201cHalahaches<\/strong>\u201d (Alejandra Jaramillo) que se realizar\u00e1 el d\u00eda jueves 28 de noviembre a las 10:30 horas.<\/p>\n\n\n\n<p>Finalmente, es importante destacar que el cine chileno, como expresi\u00f3n cultural y art\u00edstica, ha sido fundamental en la preservaci\u00f3n y reflexi\u00f3n de la memoria hist\u00f3rica del pa\u00eds. Esta conmemoraci\u00f3n del D\u00eda del Cine Chileno busca rendir homenaje a figuras emblem\u00e1ticas de nuestro cine, como Carmen Bueno y Jorge M\u00fcller, v\u00edctimas de la dictadura, e impulsar un espacio de di\u00e1logo sobre el pasado reciente de Chile. Mediante el cine, se espera fomentar una instancia de reflexi\u00f3n que contribuya a la reconciliaci\u00f3n, utilizando historias locales que conecten con el p\u00fablico y promuevan el entendimiento y la empat\u00eda. Para m\u00e1s informaci\u00f3n visita&nbsp;<a href=\"http:\/\/www.insomniacine.cl\/\" target=\"_blank\" rel=\"noreferrer noopener\">www.insomniacine.cl<\/a>&nbsp;y en INSTAGRAM @insomnia_teatro_condell.<\/p>\n\n\n\n<p><strong>Formularios de inscripci\u00f3n actividades:<\/strong><\/p>\n\n\n\n<ul class=\"wp-block-list\">\n<li>Charla \u201cSalas y p\u00fablicos de cine en Latinoam\u00e9rica\u201d:\u00a0<a href=\"https:\/\/forms.gle\/RU8Csic1MBuUpkhy5\" target=\"_blank\" rel=\"noreferrer noopener\">https:\/\/forms.gle\/RU8Csic1MBuUpkhy5<\/a>.<\/li>\n\n\n\n<li>Funci\u00f3n especial \u201cCarne de perro\u201d:\u00a0<a href=\"https:\/\/forms.gle\/vm6tV6GwviXbeSfE9\" target=\"_blank\" rel=\"noreferrer noopener\">https:\/\/forms.gle\/vm6tV6GwviXbeSfE9<\/a>.<\/li>\n\n\n\n<li>Funciones D\u00eda del Cine Chileno para escuelas (Nahuel y el libro m\u00e1gico y cortometrajes):\u00a0<a href=\"https:\/\/forms.gle\/KCuPmEkfjZc3XQ566\" target=\"_blank\" rel=\"noreferrer noopener\">https:\/\/forms.gle\/KCuPmEkfjZc3XQ566<\/a>.<\/li>\n<\/ul>\n\n\n\n<figure class=\"wp-block-image size-large\"><img decoding=\"async\" width=\"1024\" height=\"585\" src=\"https:\/\/www.valparaisocreativo.cl\/wp-content\/uploads\/2024\/11\/estrellas_del_desierto-1024x585.jpg\" alt=\"\" class=\"wp-image-21230\" srcset=\"https:\/\/dev.antudigital.cl\/sites\/vc\/wp-content\/uploads\/2024\/11\/estrellas_del_desierto-1024x585.jpg 1024w, https:\/\/dev.antudigital.cl\/sites\/vc\/wp-content\/uploads\/2024\/11\/estrellas_del_desierto-300x171.jpg 300w, https:\/\/dev.antudigital.cl\/sites\/vc\/wp-content\/uploads\/2024\/11\/estrellas_del_desierto-768x438.jpg 768w, https:\/\/dev.antudigital.cl\/sites\/vc\/wp-content\/uploads\/2024\/11\/estrellas_del_desierto-1080x617.jpg 1080w, https:\/\/dev.antudigital.cl\/sites\/vc\/wp-content\/uploads\/2024\/11\/estrellas_del_desierto-980x559.jpg 980w, https:\/\/dev.antudigital.cl\/sites\/vc\/wp-content\/uploads\/2024\/11\/estrellas_del_desierto-480x274.jpg 480w, https:\/\/dev.antudigital.cl\/sites\/vc\/wp-content\/uploads\/2024\/11\/estrellas_del_desierto-24x14.jpg 24w, https:\/\/dev.antudigital.cl\/sites\/vc\/wp-content\/uploads\/2024\/11\/estrellas_del_desierto-36x21.jpg 36w, https:\/\/dev.antudigital.cl\/sites\/vc\/wp-content\/uploads\/2024\/11\/estrellas_del_desierto-48x27.jpg 48w, https:\/\/dev.antudigital.cl\/sites\/vc\/wp-content\/uploads\/2024\/11\/estrellas_del_desierto.jpg 1200w\" sizes=\"(max-width: 1024px) 100vw, 1024px\" \/><\/figure>\n","protected":false},"excerpt":{"rendered":"<p>Una serie de actividades conmemorativas por el D\u00eda del Cine Chileno ha organizado INSOMNIA junto al Ministerio de las Culturas, las Artes y el Patrimonio y la Seremi de Cultura de la regi\u00f3n de Valpara\u00edso. Cabe destacar que el d\u00eda del cine chileno se conmemora en homenaje a los cineastas Carmen Bueno y Jorge M\u00fcller, [&hellip;]<\/p>\n","protected":false},"author":1,"featured_media":21228,"comment_status":"closed","ping_status":"closed","sticky":false,"template":"","format":"standard","meta":{"_acf_changed":false,"footnotes":""},"categories":[8],"tags":[],"class_list":["post-21227","post","type-post","status-publish","format-standard","has-post-thumbnail","hentry","category-noticia"],"acf":[],"yoast_head":"<!-- This site is optimized with the Yoast SEO plugin v27.1.1 - https:\/\/yoast.com\/product\/yoast-seo-wordpress\/ -->\n<title>INSOMNIA y Ministerio de las Culturas las Artes y el Patrimonio Conmemoran el D\u00eda del Cine Chileno - Valpara\u00ed\u00adso Creativo<\/title>\n<meta name=\"robots\" content=\"index, follow, max-snippet:-1, max-image-preview:large, max-video-preview:-1\" \/>\n<link rel=\"canonical\" href=\"https:\/\/dev.antudigital.cl\/sites\/vc\/insomnia-y-ministerio-de-las-culturas-las-artes-y-el-patrimonio-conmemoran-el-dia-del-cine-chileno\/\" \/>\n<meta property=\"og:locale\" content=\"es_ES\" \/>\n<meta property=\"og:type\" content=\"article\" \/>\n<meta property=\"og:title\" content=\"INSOMNIA y Ministerio de las Culturas las Artes y el Patrimonio Conmemoran el D\u00eda del Cine Chileno - Valpara\u00ed\u00adso Creativo\" \/>\n<meta property=\"og:description\" content=\"Una serie de actividades conmemorativas por el D\u00eda del Cine Chileno ha organizado INSOMNIA junto al Ministerio de las Culturas, las Artes y el Patrimonio y la Seremi de Cultura de la regi\u00f3n de Valpara\u00edso. Cabe destacar que el d\u00eda del cine chileno se conmemora en homenaje a los cineastas Carmen Bueno y Jorge M\u00fcller, [&hellip;]\" \/>\n<meta property=\"og:url\" content=\"https:\/\/dev.antudigital.cl\/sites\/vc\/insomnia-y-ministerio-de-las-culturas-las-artes-y-el-patrimonio-conmemoran-el-dia-del-cine-chileno\/\" \/>\n<meta property=\"og:site_name\" content=\"Valpara\u00ed\u00adso Creativo\" \/>\n<meta property=\"article:published_time\" content=\"2024-11-21T13:33:23+00:00\" \/>\n<meta property=\"article:modified_time\" content=\"2024-11-21T13:33:41+00:00\" \/>\n<meta property=\"og:image\" content=\"https:\/\/dev.antudigital.cl\/sites\/vc\/wp-content\/uploads\/2024\/11\/Historia-y-Geografia.jpg\" \/>\n\t<meta property=\"og:image:width\" content=\"768\" \/>\n\t<meta property=\"og:image:height\" content=\"403\" \/>\n\t<meta property=\"og:image:type\" content=\"image\/jpeg\" \/>\n<meta name=\"author\" content=\"Valpara\u00edso Creativo\" \/>\n<meta name=\"twitter:card\" content=\"summary_large_image\" \/>\n<meta name=\"twitter:label1\" content=\"Escrito por\" \/>\n\t<meta name=\"twitter:data1\" content=\"Valpara\u00edso Creativo\" \/>\n\t<meta name=\"twitter:label2\" content=\"Tiempo de lectura\" \/>\n\t<meta name=\"twitter:data2\" content=\"5 minutos\" \/>\n<script type=\"application\/ld+json\" class=\"yoast-schema-graph\">{\"@context\":\"https:\/\/schema.org\",\"@graph\":[{\"@type\":\"Article\",\"@id\":\"https:\/\/dev.antudigital.cl\/sites\/vc\/insomnia-y-ministerio-de-las-culturas-las-artes-y-el-patrimonio-conmemoran-el-dia-del-cine-chileno\/#article\",\"isPartOf\":{\"@id\":\"https:\/\/dev.antudigital.cl\/sites\/vc\/insomnia-y-ministerio-de-las-culturas-las-artes-y-el-patrimonio-conmemoran-el-dia-del-cine-chileno\/\"},\"author\":{\"name\":\"Valpara\u00edso Creativo\",\"@id\":\"https:\/\/dev.antudigital.cl\/sites\/vc\/#\/schema\/person\/c2b9da8dd545e27166fc5ab232837318\"},\"headline\":\"INSOMNIA y Ministerio de las Culturas las Artes y el Patrimonio Conmemoran el D\u00eda del Cine Chileno\",\"datePublished\":\"2024-11-21T13:33:23+00:00\",\"dateModified\":\"2024-11-21T13:33:41+00:00\",\"mainEntityOfPage\":{\"@id\":\"https:\/\/dev.antudigital.cl\/sites\/vc\/insomnia-y-ministerio-de-las-culturas-las-artes-y-el-patrimonio-conmemoran-el-dia-del-cine-chileno\/\"},\"wordCount\":919,\"image\":{\"@id\":\"https:\/\/dev.antudigital.cl\/sites\/vc\/insomnia-y-ministerio-de-las-culturas-las-artes-y-el-patrimonio-conmemoran-el-dia-del-cine-chileno\/#primaryimage\"},\"thumbnailUrl\":\"https:\/\/dev.antudigital.cl\/sites\/vc\/wp-content\/uploads\/2024\/11\/Historia-y-Geografia.jpg\",\"articleSection\":[\"Noticia\"],\"inLanguage\":\"es\"},{\"@type\":\"WebPage\",\"@id\":\"https:\/\/dev.antudigital.cl\/sites\/vc\/insomnia-y-ministerio-de-las-culturas-las-artes-y-el-patrimonio-conmemoran-el-dia-del-cine-chileno\/\",\"url\":\"https:\/\/dev.antudigital.cl\/sites\/vc\/insomnia-y-ministerio-de-las-culturas-las-artes-y-el-patrimonio-conmemoran-el-dia-del-cine-chileno\/\",\"name\":\"INSOMNIA y Ministerio de las Culturas las Artes y el Patrimonio Conmemoran el D\u00eda del Cine Chileno - Valpara\u00ed\u00adso Creativo\",\"isPartOf\":{\"@id\":\"https:\/\/dev.antudigital.cl\/sites\/vc\/#website\"},\"primaryImageOfPage\":{\"@id\":\"https:\/\/dev.antudigital.cl\/sites\/vc\/insomnia-y-ministerio-de-las-culturas-las-artes-y-el-patrimonio-conmemoran-el-dia-del-cine-chileno\/#primaryimage\"},\"image\":{\"@id\":\"https:\/\/dev.antudigital.cl\/sites\/vc\/insomnia-y-ministerio-de-las-culturas-las-artes-y-el-patrimonio-conmemoran-el-dia-del-cine-chileno\/#primaryimage\"},\"thumbnailUrl\":\"https:\/\/dev.antudigital.cl\/sites\/vc\/wp-content\/uploads\/2024\/11\/Historia-y-Geografia.jpg\",\"datePublished\":\"2024-11-21T13:33:23+00:00\",\"dateModified\":\"2024-11-21T13:33:41+00:00\",\"author\":{\"@id\":\"https:\/\/dev.antudigital.cl\/sites\/vc\/#\/schema\/person\/c2b9da8dd545e27166fc5ab232837318\"},\"breadcrumb\":{\"@id\":\"https:\/\/dev.antudigital.cl\/sites\/vc\/insomnia-y-ministerio-de-las-culturas-las-artes-y-el-patrimonio-conmemoran-el-dia-del-cine-chileno\/#breadcrumb\"},\"inLanguage\":\"es\",\"potentialAction\":[{\"@type\":\"ReadAction\",\"target\":[\"https:\/\/dev.antudigital.cl\/sites\/vc\/insomnia-y-ministerio-de-las-culturas-las-artes-y-el-patrimonio-conmemoran-el-dia-del-cine-chileno\/\"]}]},{\"@type\":\"ImageObject\",\"inLanguage\":\"es\",\"@id\":\"https:\/\/dev.antudigital.cl\/sites\/vc\/insomnia-y-ministerio-de-las-culturas-las-artes-y-el-patrimonio-conmemoran-el-dia-del-cine-chileno\/#primaryimage\",\"url\":\"https:\/\/dev.antudigital.cl\/sites\/vc\/wp-content\/uploads\/2024\/11\/Historia-y-Geografia.jpg\",\"contentUrl\":\"https:\/\/dev.antudigital.cl\/sites\/vc\/wp-content\/uploads\/2024\/11\/Historia-y-Geografia.jpg\",\"width\":768,\"height\":403},{\"@type\":\"BreadcrumbList\",\"@id\":\"https:\/\/dev.antudigital.cl\/sites\/vc\/insomnia-y-ministerio-de-las-culturas-las-artes-y-el-patrimonio-conmemoran-el-dia-del-cine-chileno\/#breadcrumb\",\"itemListElement\":[{\"@type\":\"ListItem\",\"position\":1,\"name\":\"Home\",\"item\":\"https:\/\/dev.antudigital.cl\/sites\/vc\/\"},{\"@type\":\"ListItem\",\"position\":2,\"name\":\"INSOMNIA y Ministerio de las Culturas las Artes y el Patrimonio Conmemoran el D\u00eda del Cine Chileno\"}]},{\"@type\":\"WebSite\",\"@id\":\"https:\/\/dev.antudigital.cl\/sites\/vc\/#website\",\"url\":\"https:\/\/dev.antudigital.cl\/sites\/vc\/\",\"name\":\"Valpara\u00ed\u00adso Creativo\",\"description\":\"\",\"potentialAction\":[{\"@type\":\"SearchAction\",\"target\":{\"@type\":\"EntryPoint\",\"urlTemplate\":\"https:\/\/dev.antudigital.cl\/sites\/vc\/?s={search_term_string}\"},\"query-input\":{\"@type\":\"PropertyValueSpecification\",\"valueRequired\":true,\"valueName\":\"search_term_string\"}}],\"inLanguage\":\"es\"},{\"@type\":\"Person\",\"@id\":\"https:\/\/dev.antudigital.cl\/sites\/vc\/#\/schema\/person\/c2b9da8dd545e27166fc5ab232837318\",\"name\":\"Valpara\u00edso Creativo\",\"description\":\"Periodista de cultura en la Regi\u00f3n de Valpara\u00edso.\",\"url\":\"https:\/\/dev.antudigital.cl\/sites\/vc\/author\/valpoadmin\/\"}]}<\/script>\n<!-- \/ Yoast SEO plugin. -->","yoast_head_json":{"title":"INSOMNIA y Ministerio de las Culturas las Artes y el Patrimonio Conmemoran el D\u00eda del Cine Chileno - Valpara\u00ed\u00adso Creativo","robots":{"index":"index","follow":"follow","max-snippet":"max-snippet:-1","max-image-preview":"max-image-preview:large","max-video-preview":"max-video-preview:-1"},"canonical":"https:\/\/dev.antudigital.cl\/sites\/vc\/insomnia-y-ministerio-de-las-culturas-las-artes-y-el-patrimonio-conmemoran-el-dia-del-cine-chileno\/","og_locale":"es_ES","og_type":"article","og_title":"INSOMNIA y Ministerio de las Culturas las Artes y el Patrimonio Conmemoran el D\u00eda del Cine Chileno - Valpara\u00ed\u00adso Creativo","og_description":"Una serie de actividades conmemorativas por el D\u00eda del Cine Chileno ha organizado INSOMNIA junto al Ministerio de las Culturas, las Artes y el Patrimonio y la Seremi de Cultura de la regi\u00f3n de Valpara\u00edso. Cabe destacar que el d\u00eda del cine chileno se conmemora en homenaje a los cineastas Carmen Bueno y Jorge M\u00fcller, [&hellip;]","og_url":"https:\/\/dev.antudigital.cl\/sites\/vc\/insomnia-y-ministerio-de-las-culturas-las-artes-y-el-patrimonio-conmemoran-el-dia-del-cine-chileno\/","og_site_name":"Valpara\u00ed\u00adso Creativo","article_published_time":"2024-11-21T13:33:23+00:00","article_modified_time":"2024-11-21T13:33:41+00:00","og_image":[{"width":768,"height":403,"url":"https:\/\/dev.antudigital.cl\/sites\/vc\/wp-content\/uploads\/2024\/11\/Historia-y-Geografia.jpg","type":"image\/jpeg"}],"author":"Valpara\u00edso Creativo","twitter_card":"summary_large_image","twitter_misc":{"Escrito por":"Valpara\u00edso Creativo","Tiempo de lectura":"5 minutos"},"schema":{"@context":"https:\/\/schema.org","@graph":[{"@type":"Article","@id":"https:\/\/dev.antudigital.cl\/sites\/vc\/insomnia-y-ministerio-de-las-culturas-las-artes-y-el-patrimonio-conmemoran-el-dia-del-cine-chileno\/#article","isPartOf":{"@id":"https:\/\/dev.antudigital.cl\/sites\/vc\/insomnia-y-ministerio-de-las-culturas-las-artes-y-el-patrimonio-conmemoran-el-dia-del-cine-chileno\/"},"author":{"name":"Valpara\u00edso Creativo","@id":"https:\/\/dev.antudigital.cl\/sites\/vc\/#\/schema\/person\/c2b9da8dd545e27166fc5ab232837318"},"headline":"INSOMNIA y Ministerio de las Culturas las Artes y el Patrimonio Conmemoran el D\u00eda del Cine Chileno","datePublished":"2024-11-21T13:33:23+00:00","dateModified":"2024-11-21T13:33:41+00:00","mainEntityOfPage":{"@id":"https:\/\/dev.antudigital.cl\/sites\/vc\/insomnia-y-ministerio-de-las-culturas-las-artes-y-el-patrimonio-conmemoran-el-dia-del-cine-chileno\/"},"wordCount":919,"image":{"@id":"https:\/\/dev.antudigital.cl\/sites\/vc\/insomnia-y-ministerio-de-las-culturas-las-artes-y-el-patrimonio-conmemoran-el-dia-del-cine-chileno\/#primaryimage"},"thumbnailUrl":"https:\/\/dev.antudigital.cl\/sites\/vc\/wp-content\/uploads\/2024\/11\/Historia-y-Geografia.jpg","articleSection":["Noticia"],"inLanguage":"es"},{"@type":"WebPage","@id":"https:\/\/dev.antudigital.cl\/sites\/vc\/insomnia-y-ministerio-de-las-culturas-las-artes-y-el-patrimonio-conmemoran-el-dia-del-cine-chileno\/","url":"https:\/\/dev.antudigital.cl\/sites\/vc\/insomnia-y-ministerio-de-las-culturas-las-artes-y-el-patrimonio-conmemoran-el-dia-del-cine-chileno\/","name":"INSOMNIA y Ministerio de las Culturas las Artes y el Patrimonio Conmemoran el D\u00eda del Cine Chileno - Valpara\u00ed\u00adso Creativo","isPartOf":{"@id":"https:\/\/dev.antudigital.cl\/sites\/vc\/#website"},"primaryImageOfPage":{"@id":"https:\/\/dev.antudigital.cl\/sites\/vc\/insomnia-y-ministerio-de-las-culturas-las-artes-y-el-patrimonio-conmemoran-el-dia-del-cine-chileno\/#primaryimage"},"image":{"@id":"https:\/\/dev.antudigital.cl\/sites\/vc\/insomnia-y-ministerio-de-las-culturas-las-artes-y-el-patrimonio-conmemoran-el-dia-del-cine-chileno\/#primaryimage"},"thumbnailUrl":"https:\/\/dev.antudigital.cl\/sites\/vc\/wp-content\/uploads\/2024\/11\/Historia-y-Geografia.jpg","datePublished":"2024-11-21T13:33:23+00:00","dateModified":"2024-11-21T13:33:41+00:00","author":{"@id":"https:\/\/dev.antudigital.cl\/sites\/vc\/#\/schema\/person\/c2b9da8dd545e27166fc5ab232837318"},"breadcrumb":{"@id":"https:\/\/dev.antudigital.cl\/sites\/vc\/insomnia-y-ministerio-de-las-culturas-las-artes-y-el-patrimonio-conmemoran-el-dia-del-cine-chileno\/#breadcrumb"},"inLanguage":"es","potentialAction":[{"@type":"ReadAction","target":["https:\/\/dev.antudigital.cl\/sites\/vc\/insomnia-y-ministerio-de-las-culturas-las-artes-y-el-patrimonio-conmemoran-el-dia-del-cine-chileno\/"]}]},{"@type":"ImageObject","inLanguage":"es","@id":"https:\/\/dev.antudigital.cl\/sites\/vc\/insomnia-y-ministerio-de-las-culturas-las-artes-y-el-patrimonio-conmemoran-el-dia-del-cine-chileno\/#primaryimage","url":"https:\/\/dev.antudigital.cl\/sites\/vc\/wp-content\/uploads\/2024\/11\/Historia-y-Geografia.jpg","contentUrl":"https:\/\/dev.antudigital.cl\/sites\/vc\/wp-content\/uploads\/2024\/11\/Historia-y-Geografia.jpg","width":768,"height":403},{"@type":"BreadcrumbList","@id":"https:\/\/dev.antudigital.cl\/sites\/vc\/insomnia-y-ministerio-de-las-culturas-las-artes-y-el-patrimonio-conmemoran-el-dia-del-cine-chileno\/#breadcrumb","itemListElement":[{"@type":"ListItem","position":1,"name":"Home","item":"https:\/\/dev.antudigital.cl\/sites\/vc\/"},{"@type":"ListItem","position":2,"name":"INSOMNIA y Ministerio de las Culturas las Artes y el Patrimonio Conmemoran el D\u00eda del Cine Chileno"}]},{"@type":"WebSite","@id":"https:\/\/dev.antudigital.cl\/sites\/vc\/#website","url":"https:\/\/dev.antudigital.cl\/sites\/vc\/","name":"Valpara\u00ed\u00adso Creativo","description":"","potentialAction":[{"@type":"SearchAction","target":{"@type":"EntryPoint","urlTemplate":"https:\/\/dev.antudigital.cl\/sites\/vc\/?s={search_term_string}"},"query-input":{"@type":"PropertyValueSpecification","valueRequired":true,"valueName":"search_term_string"}}],"inLanguage":"es"},{"@type":"Person","@id":"https:\/\/dev.antudigital.cl\/sites\/vc\/#\/schema\/person\/c2b9da8dd545e27166fc5ab232837318","name":"Valpara\u00edso Creativo","description":"Periodista de cultura en la Regi\u00f3n de Valpara\u00edso.","url":"https:\/\/dev.antudigital.cl\/sites\/vc\/author\/valpoadmin\/"}]}},"_links":{"self":[{"href":"https:\/\/dev.antudigital.cl\/sites\/vc\/wp-json\/wp\/v2\/posts\/21227","targetHints":{"allow":["GET"]}}],"collection":[{"href":"https:\/\/dev.antudigital.cl\/sites\/vc\/wp-json\/wp\/v2\/posts"}],"about":[{"href":"https:\/\/dev.antudigital.cl\/sites\/vc\/wp-json\/wp\/v2\/types\/post"}],"author":[{"embeddable":true,"href":"https:\/\/dev.antudigital.cl\/sites\/vc\/wp-json\/wp\/v2\/users\/1"}],"replies":[{"embeddable":true,"href":"https:\/\/dev.antudigital.cl\/sites\/vc\/wp-json\/wp\/v2\/comments?post=21227"}],"version-history":[{"count":1,"href":"https:\/\/dev.antudigital.cl\/sites\/vc\/wp-json\/wp\/v2\/posts\/21227\/revisions"}],"predecessor-version":[{"id":21231,"href":"https:\/\/dev.antudigital.cl\/sites\/vc\/wp-json\/wp\/v2\/posts\/21227\/revisions\/21231"}],"wp:featuredmedia":[{"embeddable":true,"href":"https:\/\/dev.antudigital.cl\/sites\/vc\/wp-json\/wp\/v2\/media\/21228"}],"wp:attachment":[{"href":"https:\/\/dev.antudigital.cl\/sites\/vc\/wp-json\/wp\/v2\/media?parent=21227"}],"wp:term":[{"taxonomy":"category","embeddable":true,"href":"https:\/\/dev.antudigital.cl\/sites\/vc\/wp-json\/wp\/v2\/categories?post=21227"},{"taxonomy":"post_tag","embeddable":true,"href":"https:\/\/dev.antudigital.cl\/sites\/vc\/wp-json\/wp\/v2\/tags?post=21227"}],"curies":[{"name":"wp","href":"https:\/\/api.w.org\/{rel}","templated":true}]}}