{"id":21315,"date":"2024-11-27T15:38:11","date_gmt":"2024-11-27T15:38:11","guid":{"rendered":"https:\/\/www.valparaisocreativo.cl\/?p=21315"},"modified":"2024-11-27T15:38:27","modified_gmt":"2024-11-27T15:38:27","slug":"lectura-y-baile-en-el-lanzamiento-de-independencia-de-natalia-berbelagua","status":"publish","type":"post","link":"https:\/\/dev.antudigital.cl\/sites\/vc\/lectura-y-baile-en-el-lanzamiento-de-independencia-de-natalia-berbelagua\/","title":{"rendered":"Lectura y baile en el lanzamiento de Independencia, de Natalia Berbelagua"},"content":{"rendered":"\n<p>La adolescencia es una etapa dif\u00edcil y la escritora Natalia Berbelagua la capta a la perfecci\u00f3n en su nueva novela, <strong><em>Independencia<\/em><\/strong>, una obra bell\u00edsima y divertida que explora esa transici\u00f3n entre la casa de la ni\u00f1ez y la entrada a la pubertad. Publicada por la editorial porte\u00f1a <strong>Kindberg<\/strong>, es la <strong>quinta novela<\/strong> de la autora y su <strong>duod\u00e9cima publicaci\u00f3n<\/strong>, consolid\u00e1ndose como una de las voces de referencia de la literatura chilena actual. La presentaci\u00f3n se celebrar\u00e1 el <strong>jueves 5 de diciembre<\/strong> en el emblem\u00e1tico restaurante<strong> El Piment\u00f3n<\/strong>.<\/p>\n\n\n\n<p><strong><em>Independencia <\/em><\/strong>sigue a una ni\u00f1a de trece a\u00f1os y a sus compa\u00f1eras de colegio a lo largo de un curso escolar, durante el cual empiezan a descubrir el mundo, los secretos familiares y los mitos sobre el amor y la amistad. A trav\u00e9s de una historia repleta de escenas cinematogr\u00e1ficas, Berbelagua invita a los lectores a reflexionar sobre la autenticidad de la infancia frente a las complejidades del mundo adulto. Con numerosas referencias a la cultura pop de los noventa que arrancar\u00e1n carcajadas, <em>Independencia <\/em>es una novela de aprendizaje, pero tambi\u00e9n de autoficci\u00f3n, que conectar\u00e1 profundamente con aquellos que recuerden con melancol\u00eda la iniciaci\u00f3n juvenil.&nbsp;<\/p>\n\n\n\n<figure class=\"wp-block-image size-large\"><img fetchpriority=\"high\" decoding=\"async\" width=\"664\" height=\"1024\" src=\"https:\/\/www.valparaisocreativo.cl\/wp-content\/uploads\/2024\/11\/BERBELAGUA_Indep_portada-664x1024.jpg\" alt=\"\" class=\"wp-image-21317\" srcset=\"https:\/\/dev.antudigital.cl\/sites\/vc\/wp-content\/uploads\/2024\/11\/BERBELAGUA_Indep_portada-664x1024.jpg 664w, https:\/\/dev.antudigital.cl\/sites\/vc\/wp-content\/uploads\/2024\/11\/BERBELAGUA_Indep_portada-195x300.jpg 195w, https:\/\/dev.antudigital.cl\/sites\/vc\/wp-content\/uploads\/2024\/11\/BERBELAGUA_Indep_portada-480x740.jpg 480w, https:\/\/dev.antudigital.cl\/sites\/vc\/wp-content\/uploads\/2024\/11\/BERBELAGUA_Indep_portada-16x24.jpg 16w, https:\/\/dev.antudigital.cl\/sites\/vc\/wp-content\/uploads\/2024\/11\/BERBELAGUA_Indep_portada-23x36.jpg 23w, https:\/\/dev.antudigital.cl\/sites\/vc\/wp-content\/uploads\/2024\/11\/BERBELAGUA_Indep_portada-31x48.jpg 31w, https:\/\/dev.antudigital.cl\/sites\/vc\/wp-content\/uploads\/2024\/11\/BERBELAGUA_Indep_portada.jpg 760w\" sizes=\"(max-width: 664px) 100vw, 664px\" \/><\/figure>\n\n\n\n<p>Ya en agosto pasado se realiz\u00f3 el lanzamiento de <em>Independencia<\/em><strong><em> <\/em><\/strong>en Buenos Aires, en la librer\u00eda El Ja\u00fal, en el contexto de la Feria de Editores (FED). En esta ocasi\u00f3n, se llevar\u00e1 a cabo una <strong>lectura bailable<\/strong> el <strong>jueves 5 de diciembre<\/strong> en <strong>El Piment\u00f3n <\/strong>(Subida Ecuador, 27), tradicional restaurante ubicado en el centro de la bohemia porte\u00f1a. Durante el evento, Berbelagua har\u00e1 varias lecturas y estar\u00e1 acompa\u00f1ada por Yorka Ojeda, actriz. Habr\u00e1 un <strong>brindis de honor<\/strong> y a continuaci\u00f3n se dar\u00e1 paso a una <strong>fiesta 90\u2019s<\/strong> a cargo del dj Sin Pasaporte (Ronald Smith).<\/p>\n\n\n\n<p>Natalia Berbelagua es una escritora chilena cuyo talento ha sido reconocido a nivel nacional e internacional. Con una carrera literaria que abarca m\u00e1s de una d\u00e9cada, ha publicado <strong>doce libros<\/strong>, incluyendo <strong><em>Independencia<\/em><\/strong>, que se convierte en su <strong>quinta novela<\/strong>. Su obra incluye diversos g\u00e9neros, desde la narrativa a la poes\u00eda, siempre caracterizada por un ojo y un o\u00eddo atentos a la realidad circundante. Entre sus libros m\u00e1s conocidos se encuentran <em>Valporno<\/em>, elogiado por Nicanor Parra, <em>Domingo<\/em> o <em>El sue\u00f1o del marido propio<\/em>, entre otros.<\/p>\n\n\n\n<p><strong><em>Independencia <\/em><\/strong>est\u00e1 disponible en librer\u00edas de todo el pa\u00eds y tambi\u00e9n habr\u00e1 ejemplares a la venta durante la presentaci\u00f3n a precio de lanzamiento.<\/p>\n\n\n\n<p><a href=\"http:\/\/www.instagram.com\/editorialkindberg\">www.instagram.com\/editorialkindberg<\/a><\/p>\n\n\n\n<figure class=\"wp-block-image size-large\"><img decoding=\"async\" width=\"1024\" height=\"1024\" src=\"https:\/\/www.valparaisocreativo.cl\/wp-content\/uploads\/2024\/11\/lanzamiento-Independencia-VLPO_ok-1024x1024.png\" alt=\"\" class=\"wp-image-21318\" srcset=\"https:\/\/dev.antudigital.cl\/sites\/vc\/wp-content\/uploads\/2024\/11\/lanzamiento-Independencia-VLPO_ok-1024x1024.png 1024w, https:\/\/dev.antudigital.cl\/sites\/vc\/wp-content\/uploads\/2024\/11\/lanzamiento-Independencia-VLPO_ok-300x300.png 300w, https:\/\/dev.antudigital.cl\/sites\/vc\/wp-content\/uploads\/2024\/11\/lanzamiento-Independencia-VLPO_ok-150x150.png 150w, https:\/\/dev.antudigital.cl\/sites\/vc\/wp-content\/uploads\/2024\/11\/lanzamiento-Independencia-VLPO_ok-768x768.png 768w, https:\/\/dev.antudigital.cl\/sites\/vc\/wp-content\/uploads\/2024\/11\/lanzamiento-Independencia-VLPO_ok-980x980.png 980w, https:\/\/dev.antudigital.cl\/sites\/vc\/wp-content\/uploads\/2024\/11\/lanzamiento-Independencia-VLPO_ok-480x480.png 480w, https:\/\/dev.antudigital.cl\/sites\/vc\/wp-content\/uploads\/2024\/11\/lanzamiento-Independencia-VLPO_ok-24x24.png 24w, https:\/\/dev.antudigital.cl\/sites\/vc\/wp-content\/uploads\/2024\/11\/lanzamiento-Independencia-VLPO_ok-36x36.png 36w, https:\/\/dev.antudigital.cl\/sites\/vc\/wp-content\/uploads\/2024\/11\/lanzamiento-Independencia-VLPO_ok-48x48.png 48w, https:\/\/dev.antudigital.cl\/sites\/vc\/wp-content\/uploads\/2024\/11\/lanzamiento-Independencia-VLPO_ok.png 1080w\" sizes=\"(max-width: 1024px) 100vw, 1024px\" \/><\/figure>\n","protected":false},"excerpt":{"rendered":"<p>La adolescencia es una etapa dif\u00edcil y la escritora Natalia Berbelagua la capta a la perfecci\u00f3n en su nueva novela, Independencia, una obra bell\u00edsima y divertida que explora esa transici\u00f3n entre la casa de la ni\u00f1ez y la entrada a la pubertad. Publicada por la editorial porte\u00f1a Kindberg, es la quinta novela de la autora [&hellip;]<\/p>\n","protected":false},"author":1,"featured_media":21316,"comment_status":"closed","ping_status":"closed","sticky":false,"template":"","format":"standard","meta":{"_acf_changed":false,"footnotes":""},"categories":[8],"tags":[],"class_list":["post-21315","post","type-post","status-publish","format-standard","has-post-thumbnail","hentry","category-noticia"],"acf":[],"yoast_head":"<!-- This site is optimized with the Yoast SEO plugin v27.1.1 - https:\/\/yoast.com\/product\/yoast-seo-wordpress\/ -->\n<title>Lectura y baile en el lanzamiento de Independencia, de Natalia Berbelagua - Valpara\u00ed\u00adso Creativo<\/title>\n<meta name=\"robots\" content=\"index, follow, max-snippet:-1, max-image-preview:large, max-video-preview:-1\" \/>\n<link rel=\"canonical\" href=\"https:\/\/dev.antudigital.cl\/sites\/vc\/lectura-y-baile-en-el-lanzamiento-de-independencia-de-natalia-berbelagua\/\" \/>\n<meta property=\"og:locale\" content=\"es_ES\" \/>\n<meta property=\"og:type\" content=\"article\" \/>\n<meta property=\"og:title\" content=\"Lectura y baile en el lanzamiento de Independencia, de Natalia Berbelagua - Valpara\u00ed\u00adso Creativo\" \/>\n<meta property=\"og:description\" content=\"La adolescencia es una etapa dif\u00edcil y la escritora Natalia Berbelagua la capta a la perfecci\u00f3n en su nueva novela, Independencia, una obra bell\u00edsima y divertida que explora esa transici\u00f3n entre la casa de la ni\u00f1ez y la entrada a la pubertad. Publicada por la editorial porte\u00f1a Kindberg, es la quinta novela de la autora [&hellip;]\" \/>\n<meta property=\"og:url\" content=\"https:\/\/dev.antudigital.cl\/sites\/vc\/lectura-y-baile-en-el-lanzamiento-de-independencia-de-natalia-berbelagua\/\" \/>\n<meta property=\"og:site_name\" content=\"Valpara\u00ed\u00adso Creativo\" \/>\n<meta property=\"article:published_time\" content=\"2024-11-27T15:38:11+00:00\" \/>\n<meta property=\"article:modified_time\" content=\"2024-11-27T15:38:27+00:00\" \/>\n<meta property=\"og:image\" content=\"https:\/\/dev.antudigital.cl\/sites\/vc\/wp-content\/uploads\/2024\/11\/Berbelagua-N_prensa-scaled.jpg\" \/>\n\t<meta property=\"og:image:width\" content=\"2560\" \/>\n\t<meta property=\"og:image:height\" content=\"1707\" \/>\n\t<meta property=\"og:image:type\" content=\"image\/jpeg\" \/>\n<meta name=\"author\" content=\"Valpara\u00edso Creativo\" \/>\n<meta name=\"twitter:card\" content=\"summary_large_image\" \/>\n<meta name=\"twitter:label1\" content=\"Escrito por\" \/>\n\t<meta name=\"twitter:data1\" content=\"Valpara\u00edso Creativo\" \/>\n\t<meta name=\"twitter:label2\" content=\"Tiempo de lectura\" \/>\n\t<meta name=\"twitter:data2\" content=\"3 minutos\" \/>\n<script type=\"application\/ld+json\" class=\"yoast-schema-graph\">{\"@context\":\"https:\/\/schema.org\",\"@graph\":[{\"@type\":\"Article\",\"@id\":\"https:\/\/dev.antudigital.cl\/sites\/vc\/lectura-y-baile-en-el-lanzamiento-de-independencia-de-natalia-berbelagua\/#article\",\"isPartOf\":{\"@id\":\"https:\/\/dev.antudigital.cl\/sites\/vc\/lectura-y-baile-en-el-lanzamiento-de-independencia-de-natalia-berbelagua\/\"},\"author\":{\"name\":\"Valpara\u00edso Creativo\",\"@id\":\"https:\/\/dev.antudigital.cl\/sites\/vc\/#\/schema\/person\/c2b9da8dd545e27166fc5ab232837318\"},\"headline\":\"Lectura y baile en el lanzamiento de Independencia, de Natalia Berbelagua\",\"datePublished\":\"2024-11-27T15:38:11+00:00\",\"dateModified\":\"2024-11-27T15:38:27+00:00\",\"mainEntityOfPage\":{\"@id\":\"https:\/\/dev.antudigital.cl\/sites\/vc\/lectura-y-baile-en-el-lanzamiento-de-independencia-de-natalia-berbelagua\/\"},\"wordCount\":447,\"image\":{\"@id\":\"https:\/\/dev.antudigital.cl\/sites\/vc\/lectura-y-baile-en-el-lanzamiento-de-independencia-de-natalia-berbelagua\/#primaryimage\"},\"thumbnailUrl\":\"https:\/\/dev.antudigital.cl\/sites\/vc\/wp-content\/uploads\/2024\/11\/Berbelagua-N_prensa-scaled.jpg\",\"articleSection\":[\"Noticia\"],\"inLanguage\":\"es\"},{\"@type\":\"WebPage\",\"@id\":\"https:\/\/dev.antudigital.cl\/sites\/vc\/lectura-y-baile-en-el-lanzamiento-de-independencia-de-natalia-berbelagua\/\",\"url\":\"https:\/\/dev.antudigital.cl\/sites\/vc\/lectura-y-baile-en-el-lanzamiento-de-independencia-de-natalia-berbelagua\/\",\"name\":\"Lectura y baile en el lanzamiento de Independencia, de Natalia Berbelagua - Valpara\u00ed\u00adso Creativo\",\"isPartOf\":{\"@id\":\"https:\/\/dev.antudigital.cl\/sites\/vc\/#website\"},\"primaryImageOfPage\":{\"@id\":\"https:\/\/dev.antudigital.cl\/sites\/vc\/lectura-y-baile-en-el-lanzamiento-de-independencia-de-natalia-berbelagua\/#primaryimage\"},\"image\":{\"@id\":\"https:\/\/dev.antudigital.cl\/sites\/vc\/lectura-y-baile-en-el-lanzamiento-de-independencia-de-natalia-berbelagua\/#primaryimage\"},\"thumbnailUrl\":\"https:\/\/dev.antudigital.cl\/sites\/vc\/wp-content\/uploads\/2024\/11\/Berbelagua-N_prensa-scaled.jpg\",\"datePublished\":\"2024-11-27T15:38:11+00:00\",\"dateModified\":\"2024-11-27T15:38:27+00:00\",\"author\":{\"@id\":\"https:\/\/dev.antudigital.cl\/sites\/vc\/#\/schema\/person\/c2b9da8dd545e27166fc5ab232837318\"},\"breadcrumb\":{\"@id\":\"https:\/\/dev.antudigital.cl\/sites\/vc\/lectura-y-baile-en-el-lanzamiento-de-independencia-de-natalia-berbelagua\/#breadcrumb\"},\"inLanguage\":\"es\",\"potentialAction\":[{\"@type\":\"ReadAction\",\"target\":[\"https:\/\/dev.antudigital.cl\/sites\/vc\/lectura-y-baile-en-el-lanzamiento-de-independencia-de-natalia-berbelagua\/\"]}]},{\"@type\":\"ImageObject\",\"inLanguage\":\"es\",\"@id\":\"https:\/\/dev.antudigital.cl\/sites\/vc\/lectura-y-baile-en-el-lanzamiento-de-independencia-de-natalia-berbelagua\/#primaryimage\",\"url\":\"https:\/\/dev.antudigital.cl\/sites\/vc\/wp-content\/uploads\/2024\/11\/Berbelagua-N_prensa-scaled.jpg\",\"contentUrl\":\"https:\/\/dev.antudigital.cl\/sites\/vc\/wp-content\/uploads\/2024\/11\/Berbelagua-N_prensa-scaled.jpg\",\"width\":2560,\"height\":1707},{\"@type\":\"BreadcrumbList\",\"@id\":\"https:\/\/dev.antudigital.cl\/sites\/vc\/lectura-y-baile-en-el-lanzamiento-de-independencia-de-natalia-berbelagua\/#breadcrumb\",\"itemListElement\":[{\"@type\":\"ListItem\",\"position\":1,\"name\":\"Home\",\"item\":\"https:\/\/dev.antudigital.cl\/sites\/vc\/\"},{\"@type\":\"ListItem\",\"position\":2,\"name\":\"Lectura y baile en el lanzamiento de Independencia, de Natalia Berbelagua\"}]},{\"@type\":\"WebSite\",\"@id\":\"https:\/\/dev.antudigital.cl\/sites\/vc\/#website\",\"url\":\"https:\/\/dev.antudigital.cl\/sites\/vc\/\",\"name\":\"Valpara\u00ed\u00adso Creativo\",\"description\":\"\",\"potentialAction\":[{\"@type\":\"SearchAction\",\"target\":{\"@type\":\"EntryPoint\",\"urlTemplate\":\"https:\/\/dev.antudigital.cl\/sites\/vc\/?s={search_term_string}\"},\"query-input\":{\"@type\":\"PropertyValueSpecification\",\"valueRequired\":true,\"valueName\":\"search_term_string\"}}],\"inLanguage\":\"es\"},{\"@type\":\"Person\",\"@id\":\"https:\/\/dev.antudigital.cl\/sites\/vc\/#\/schema\/person\/c2b9da8dd545e27166fc5ab232837318\",\"name\":\"Valpara\u00edso Creativo\",\"description\":\"Periodista de cultura en la Regi\u00f3n de Valpara\u00edso.\",\"url\":\"https:\/\/dev.antudigital.cl\/sites\/vc\/author\/valpoadmin\/\"}]}<\/script>\n<!-- \/ Yoast SEO plugin. -->","yoast_head_json":{"title":"Lectura y baile en el lanzamiento de Independencia, de Natalia Berbelagua - Valpara\u00ed\u00adso Creativo","robots":{"index":"index","follow":"follow","max-snippet":"max-snippet:-1","max-image-preview":"max-image-preview:large","max-video-preview":"max-video-preview:-1"},"canonical":"https:\/\/dev.antudigital.cl\/sites\/vc\/lectura-y-baile-en-el-lanzamiento-de-independencia-de-natalia-berbelagua\/","og_locale":"es_ES","og_type":"article","og_title":"Lectura y baile en el lanzamiento de Independencia, de Natalia Berbelagua - Valpara\u00ed\u00adso Creativo","og_description":"La adolescencia es una etapa dif\u00edcil y la escritora Natalia Berbelagua la capta a la perfecci\u00f3n en su nueva novela, Independencia, una obra bell\u00edsima y divertida que explora esa transici\u00f3n entre la casa de la ni\u00f1ez y la entrada a la pubertad. Publicada por la editorial porte\u00f1a Kindberg, es la quinta novela de la autora [&hellip;]","og_url":"https:\/\/dev.antudigital.cl\/sites\/vc\/lectura-y-baile-en-el-lanzamiento-de-independencia-de-natalia-berbelagua\/","og_site_name":"Valpara\u00ed\u00adso Creativo","article_published_time":"2024-11-27T15:38:11+00:00","article_modified_time":"2024-11-27T15:38:27+00:00","og_image":[{"width":2560,"height":1707,"url":"https:\/\/dev.antudigital.cl\/sites\/vc\/wp-content\/uploads\/2024\/11\/Berbelagua-N_prensa-scaled.jpg","type":"image\/jpeg"}],"author":"Valpara\u00edso Creativo","twitter_card":"summary_large_image","twitter_misc":{"Escrito por":"Valpara\u00edso Creativo","Tiempo de lectura":"3 minutos"},"schema":{"@context":"https:\/\/schema.org","@graph":[{"@type":"Article","@id":"https:\/\/dev.antudigital.cl\/sites\/vc\/lectura-y-baile-en-el-lanzamiento-de-independencia-de-natalia-berbelagua\/#article","isPartOf":{"@id":"https:\/\/dev.antudigital.cl\/sites\/vc\/lectura-y-baile-en-el-lanzamiento-de-independencia-de-natalia-berbelagua\/"},"author":{"name":"Valpara\u00edso Creativo","@id":"https:\/\/dev.antudigital.cl\/sites\/vc\/#\/schema\/person\/c2b9da8dd545e27166fc5ab232837318"},"headline":"Lectura y baile en el lanzamiento de Independencia, de Natalia Berbelagua","datePublished":"2024-11-27T15:38:11+00:00","dateModified":"2024-11-27T15:38:27+00:00","mainEntityOfPage":{"@id":"https:\/\/dev.antudigital.cl\/sites\/vc\/lectura-y-baile-en-el-lanzamiento-de-independencia-de-natalia-berbelagua\/"},"wordCount":447,"image":{"@id":"https:\/\/dev.antudigital.cl\/sites\/vc\/lectura-y-baile-en-el-lanzamiento-de-independencia-de-natalia-berbelagua\/#primaryimage"},"thumbnailUrl":"https:\/\/dev.antudigital.cl\/sites\/vc\/wp-content\/uploads\/2024\/11\/Berbelagua-N_prensa-scaled.jpg","articleSection":["Noticia"],"inLanguage":"es"},{"@type":"WebPage","@id":"https:\/\/dev.antudigital.cl\/sites\/vc\/lectura-y-baile-en-el-lanzamiento-de-independencia-de-natalia-berbelagua\/","url":"https:\/\/dev.antudigital.cl\/sites\/vc\/lectura-y-baile-en-el-lanzamiento-de-independencia-de-natalia-berbelagua\/","name":"Lectura y baile en el lanzamiento de Independencia, de Natalia Berbelagua - Valpara\u00ed\u00adso Creativo","isPartOf":{"@id":"https:\/\/dev.antudigital.cl\/sites\/vc\/#website"},"primaryImageOfPage":{"@id":"https:\/\/dev.antudigital.cl\/sites\/vc\/lectura-y-baile-en-el-lanzamiento-de-independencia-de-natalia-berbelagua\/#primaryimage"},"image":{"@id":"https:\/\/dev.antudigital.cl\/sites\/vc\/lectura-y-baile-en-el-lanzamiento-de-independencia-de-natalia-berbelagua\/#primaryimage"},"thumbnailUrl":"https:\/\/dev.antudigital.cl\/sites\/vc\/wp-content\/uploads\/2024\/11\/Berbelagua-N_prensa-scaled.jpg","datePublished":"2024-11-27T15:38:11+00:00","dateModified":"2024-11-27T15:38:27+00:00","author":{"@id":"https:\/\/dev.antudigital.cl\/sites\/vc\/#\/schema\/person\/c2b9da8dd545e27166fc5ab232837318"},"breadcrumb":{"@id":"https:\/\/dev.antudigital.cl\/sites\/vc\/lectura-y-baile-en-el-lanzamiento-de-independencia-de-natalia-berbelagua\/#breadcrumb"},"inLanguage":"es","potentialAction":[{"@type":"ReadAction","target":["https:\/\/dev.antudigital.cl\/sites\/vc\/lectura-y-baile-en-el-lanzamiento-de-independencia-de-natalia-berbelagua\/"]}]},{"@type":"ImageObject","inLanguage":"es","@id":"https:\/\/dev.antudigital.cl\/sites\/vc\/lectura-y-baile-en-el-lanzamiento-de-independencia-de-natalia-berbelagua\/#primaryimage","url":"https:\/\/dev.antudigital.cl\/sites\/vc\/wp-content\/uploads\/2024\/11\/Berbelagua-N_prensa-scaled.jpg","contentUrl":"https:\/\/dev.antudigital.cl\/sites\/vc\/wp-content\/uploads\/2024\/11\/Berbelagua-N_prensa-scaled.jpg","width":2560,"height":1707},{"@type":"BreadcrumbList","@id":"https:\/\/dev.antudigital.cl\/sites\/vc\/lectura-y-baile-en-el-lanzamiento-de-independencia-de-natalia-berbelagua\/#breadcrumb","itemListElement":[{"@type":"ListItem","position":1,"name":"Home","item":"https:\/\/dev.antudigital.cl\/sites\/vc\/"},{"@type":"ListItem","position":2,"name":"Lectura y baile en el lanzamiento de Independencia, de Natalia Berbelagua"}]},{"@type":"WebSite","@id":"https:\/\/dev.antudigital.cl\/sites\/vc\/#website","url":"https:\/\/dev.antudigital.cl\/sites\/vc\/","name":"Valpara\u00ed\u00adso Creativo","description":"","potentialAction":[{"@type":"SearchAction","target":{"@type":"EntryPoint","urlTemplate":"https:\/\/dev.antudigital.cl\/sites\/vc\/?s={search_term_string}"},"query-input":{"@type":"PropertyValueSpecification","valueRequired":true,"valueName":"search_term_string"}}],"inLanguage":"es"},{"@type":"Person","@id":"https:\/\/dev.antudigital.cl\/sites\/vc\/#\/schema\/person\/c2b9da8dd545e27166fc5ab232837318","name":"Valpara\u00edso Creativo","description":"Periodista de cultura en la Regi\u00f3n de Valpara\u00edso.","url":"https:\/\/dev.antudigital.cl\/sites\/vc\/author\/valpoadmin\/"}]}},"_links":{"self":[{"href":"https:\/\/dev.antudigital.cl\/sites\/vc\/wp-json\/wp\/v2\/posts\/21315","targetHints":{"allow":["GET"]}}],"collection":[{"href":"https:\/\/dev.antudigital.cl\/sites\/vc\/wp-json\/wp\/v2\/posts"}],"about":[{"href":"https:\/\/dev.antudigital.cl\/sites\/vc\/wp-json\/wp\/v2\/types\/post"}],"author":[{"embeddable":true,"href":"https:\/\/dev.antudigital.cl\/sites\/vc\/wp-json\/wp\/v2\/users\/1"}],"replies":[{"embeddable":true,"href":"https:\/\/dev.antudigital.cl\/sites\/vc\/wp-json\/wp\/v2\/comments?post=21315"}],"version-history":[{"count":1,"href":"https:\/\/dev.antudigital.cl\/sites\/vc\/wp-json\/wp\/v2\/posts\/21315\/revisions"}],"predecessor-version":[{"id":21319,"href":"https:\/\/dev.antudigital.cl\/sites\/vc\/wp-json\/wp\/v2\/posts\/21315\/revisions\/21319"}],"wp:featuredmedia":[{"embeddable":true,"href":"https:\/\/dev.antudigital.cl\/sites\/vc\/wp-json\/wp\/v2\/media\/21316"}],"wp:attachment":[{"href":"https:\/\/dev.antudigital.cl\/sites\/vc\/wp-json\/wp\/v2\/media?parent=21315"}],"wp:term":[{"taxonomy":"category","embeddable":true,"href":"https:\/\/dev.antudigital.cl\/sites\/vc\/wp-json\/wp\/v2\/categories?post=21315"},{"taxonomy":"post_tag","embeddable":true,"href":"https:\/\/dev.antudigital.cl\/sites\/vc\/wp-json\/wp\/v2\/tags?post=21315"}],"curies":[{"name":"wp","href":"https:\/\/api.w.org\/{rel}","templated":true}]}}