{"id":21374,"date":"2024-12-04T19:00:16","date_gmt":"2024-12-04T19:00:16","guid":{"rendered":"https:\/\/www.valparaisocreativo.cl\/?p=21374"},"modified":"2024-12-04T19:00:40","modified_gmt":"2024-12-04T19:00:40","slug":"entre-parentesis-no-se-leer-teatro-del-absurdo-cierra-la-programacion-paocc-del-centro-cultural-ipa","status":"publish","type":"post","link":"https:\/\/dev.antudigital.cl\/sites\/vc\/entre-parentesis-no-se-leer-teatro-del-absurdo-cierra-la-programacion-paocc-del-centro-cultural-ipa\/","title":{"rendered":"ENTRE PAR\u00c9NTESIS (no s\u00e9 leer): Teatro del absurdo cierra la programaci\u00f3n PAOCC del Centro Cultural IPA"},"content":{"rendered":"\n<p><strong>El mi\u00e9rcoles 11 de diciembre a las 19:00 horas se presenta la obra que da cierre a la programaci\u00f3n PAOCC 2023, ejecuci\u00f3n 2024 del Centro Cultural IPA.<\/strong>&nbsp;Una comedia llena de destellos ir\u00f3nicos y esperanzas en un mundo adverso, que la Compa\u00f1\u00eda de Teatro IluCi\u00f3n prepar\u00f3 especialmente para esta ocasi\u00f3n. Las entradas tienen un valor \u00fanico de $2500 y se consiguen a trav\u00e9s de la p\u00e1gina web<a href=\"https:\/\/www.passline.com\/eventos\/entre-parentesis-no-se-leer\" target=\"_blank\" rel=\"noreferrer noopener\">&nbsp;<\/a><a href=\"https:\/\/www.passline.com\/eventos\/entre-parentesis-no-se-leer\" target=\"_blank\" rel=\"noreferrer noopener\">https:\/\/www.passline.com\/eventos\/entre-parentesis-no-se-leer<\/a><\/p>\n\n\n\n<p>Cuatro comediantes vestidos de traje esperan en un paradero con sus maletas cargadas de sue\u00f1os. Est\u00e1n seguros de que alguien los va a descubrir y brillar\u00e1n bajo los focos de los grandes escenarios. Es as\u00ed como todos los d\u00edas vuelven al paradero y se encuentran, esperando\u2026 esperando\u2026 esperando. La prensa da cuenta del paso del tiempo y personajes de la literatura universal aparecen como epifan\u00edas en la desolaci\u00f3n.<\/p>\n\n\n\n<p>Esta funci\u00f3n es parte del Proyecto \u00abCONTINUIDAD DE LA PROGRAMACI\u00d3N DE LA SALA DE TEATRO DEL CENTRO CULTURAL IPA: 95 a\u00f1os de arte y cultura local\u00bb, iniciativa que cuenta con el financiamiento del Ministerio de las Culturas, las Artes y el Patrimonio a trav\u00e9s de su Programa de Apoyo a Organizaciones Culturales Colaboradoras PAOCC 2023.<\/p>\n\n\n\n<figure class=\"wp-block-image size-large\"><img fetchpriority=\"high\" decoding=\"async\" width=\"1024\" height=\"768\" src=\"https:\/\/www.valparaisocreativo.cl\/wp-content\/uploads\/2024\/12\/ENTRE-PARENTESIS-3-1024x768.jpg\" alt=\"\" class=\"wp-image-21376\" srcset=\"https:\/\/dev.antudigital.cl\/sites\/vc\/wp-content\/uploads\/2024\/12\/ENTRE-PARENTESIS-3-1024x768.jpg 1024w, https:\/\/dev.antudigital.cl\/sites\/vc\/wp-content\/uploads\/2024\/12\/ENTRE-PARENTESIS-3-300x225.jpg 300w, https:\/\/dev.antudigital.cl\/sites\/vc\/wp-content\/uploads\/2024\/12\/ENTRE-PARENTESIS-3-768x576.jpg 768w, https:\/\/dev.antudigital.cl\/sites\/vc\/wp-content\/uploads\/2024\/12\/ENTRE-PARENTESIS-3-1536x1153.jpg 1536w, https:\/\/dev.antudigital.cl\/sites\/vc\/wp-content\/uploads\/2024\/12\/ENTRE-PARENTESIS-3-510x382.jpg 510w, https:\/\/dev.antudigital.cl\/sites\/vc\/wp-content\/uploads\/2024\/12\/ENTRE-PARENTESIS-3-1080x811.jpg 1080w, https:\/\/dev.antudigital.cl\/sites\/vc\/wp-content\/uploads\/2024\/12\/ENTRE-PARENTESIS-3-1280x961.jpg 1280w, https:\/\/dev.antudigital.cl\/sites\/vc\/wp-content\/uploads\/2024\/12\/ENTRE-PARENTESIS-3-980x735.jpg 980w, https:\/\/dev.antudigital.cl\/sites\/vc\/wp-content\/uploads\/2024\/12\/ENTRE-PARENTESIS-3-480x360.jpg 480w, https:\/\/dev.antudigital.cl\/sites\/vc\/wp-content\/uploads\/2024\/12\/ENTRE-PARENTESIS-3-24x18.jpg 24w, https:\/\/dev.antudigital.cl\/sites\/vc\/wp-content\/uploads\/2024\/12\/ENTRE-PARENTESIS-3-36x27.jpg 36w, https:\/\/dev.antudigital.cl\/sites\/vc\/wp-content\/uploads\/2024\/12\/ENTRE-PARENTESIS-3-48x36.jpg 48w, https:\/\/dev.antudigital.cl\/sites\/vc\/wp-content\/uploads\/2024\/12\/ENTRE-PARENTESIS-3.jpg 1599w\" sizes=\"(max-width: 1024px) 100vw, 1024px\" \/><\/figure>\n\n\n\n<p><strong>Equipo<\/strong><strong><\/strong><\/p>\n\n\n\n<p><strong>Claudio Vidal, Director del Centro Cultural IPA y de la Compa\u00f1\u00eda de Teatro IluCi\u00f3n<\/strong>, se\u00f1ala: \u201cEsta obra se basa en la dramaturgia de Bruno Godoy y nos adentra en el universo de cuatro comediantes que no saben leer. Est\u00e1n rodeados de noticias que profundizan en la crisis social, econ\u00f3mica, pol\u00edtica, cultural, institucional, de credibilidad, tan saturados de informaci\u00f3n que ni siquiera pueden procesar e interpretar. La obra es como un resumen de acontecimientos cercanos, es atemporal, vigente, invita a generar una reflexi\u00f3n entre la comicidad y complicidad de los comediantes con los p\u00fablicos\u201d.<\/p>\n\n\n\n<p><strong>Leonardo L\u00f3pez se incorpora al elenco y representa al comediante m\u00e1s alto:&nbsp;<\/strong>\u201cEs una muy linda invitaci\u00f3n poder trabajar en teatro local. La Compa\u00f1\u00eda de Teatro IluCi\u00f3n siempre elabora montajes minuciosos, cercanos al teatro familiar, lo que me parece un camino muy necesario, que permite conectar, emocionarse y compartir con grandes y chicos. Mi personaje es bastante nervioso, siempre atento al reloj, tratando de ser correcto, formal, bien presentado, pero igual pierde el control. Finalmente, nadie tiene el control de su vida, y ah\u00ed tambi\u00e9n hay una potencia\u201d.<\/p>\n\n\n\n<p><strong>Jenny Cort\u00e9s escenifica a una escritora chilena.<\/strong>&nbsp;Al respecto comparte: \u201cHa sido un descubrimiento para m\u00ed, es un personaje sumamente complejo. La obra hace hincapi\u00e9 en la importancia que tiene instruirse, adquirir distintos saberes, leer el contexto, una excusa para elaborar la catarsis de todo lo que vivimos este a\u00f1o. He conversado con otras actrices que han interpretado a esta escritora, investigado a trav\u00e9s de lecturas, fotograf\u00edas, encontrando varios elementos que contribuyen a construir este gran personaje\u201d.<\/p>\n\n\n\n<p><strong>Diego Arenas interpreta al comediante con suspensores naranjos:&nbsp;<\/strong>\u201cUso un terno dorado medio gastado, opaco, seguramente alguien me lo regal\u00f3 en la iglesia. Los zapatos de vestir me quedan dos tallas m\u00e1s grandes. Mi pelo nace del recuerdo de mi madre, con una chasquilla representativa, larguito y con las puntas onduladas. Soy inocente, no me hago cargo de mis actos y lo m\u00e1s importante para m\u00ed es tener una amistad, veremos si a lo largo de la obra lo consigo, \u00bfo no?\u201d.<\/p>\n\n\n\n<p><strong>Marcela Molina interpreta a una escritora joven.<\/strong>&nbsp;Sobre el proceso, detalla: \u201cMe produce una emoci\u00f3n tremenda generar este montaje con el fin de cerrar el Proyecto PAOCC. La obra, a medida que avanza, toma una tonalidad un poco m\u00e1s dram\u00e1tica, ah\u00ed uno va entendiendo el concepto de&nbsp;<em>no saber leer<\/em>, yo creo que cada espectador lo va a atribuir a algo personal. Esa tambi\u00e9n ha sido la b\u00fasqueda con mi personaje, conocerla desde los detalles, su forma particular de tomar el l\u00e1piz, por ejemplo, su diario de vida cuadrill\u00e9. Me hice un diario de vida, compr\u00e9 la tela y lo forr\u00e9. As\u00ed voy tratando de acercarme m\u00e1s a c\u00f3mo era su forma de ser\u201d.<\/p>\n\n\n\n<p><strong>Andr\u00e9s P\u00e9rez es el comediante con la corbata m\u00e1s corta.<\/strong>&nbsp;\u201cMe siento muy acompa\u00f1ado de colegas y amigos, hemos puesto mucho esfuerzo en que los trabajos que estamos haciendo se elaboren con amor y cari\u00f1o hacia al p\u00fablico. El PAOCC para nosotros ha sido muy importante, permite convocar a diversos artistas a participar de la programaci\u00f3n de la Sala y siempre es un plus para trabajadores de las artes y para la comuna de Valpara\u00edso tener una parrilla program\u00e1tica activa durante el a\u00f1o. Esperemos que contin\u00fae para que muchas m\u00e1s personas puedan disfrutar de los espect\u00e1culos como de las oportunidades laborales que ofrece para las y los artistas\u201d.<\/p>\n\n\n\n<p><strong>Manuel Reyes es el comediante m\u00e1s chasc\u00f3n, con corbata de Snoopy:<\/strong>&nbsp;\u201cMi personaje es una persona bien mandona, est\u00e1 siempre serio, aconsejando, desde un lugar como de profesor, maestro de la vida, aunque es igual a los otros comediantes. La ca\u00edda del personaje es algo muy lindo, \u00e9l dice que es importante leer, pero tampoco sabe. La vida se vuelve un&nbsp;<em>loop<\/em>, una constante de cuestionamientos a la rutina, el trabajo, el dinero, la incertidumbre, cosas que hemos conversado en los ensayos porque nos interpelan directamente. Les esperamos. \u00a1Vengan a disfrutar! En los caminos de la vida nunca estamos solos, ni siquiera en los paraderos\u201d.<\/p>\n\n\n\n<p>Para m\u00e1s informaci\u00f3n seguir a @salateatroipa y @cia.teatroilucion en Instagram.<\/p>\n\n\n\n<p>El proyecto \u201cCONTINUIDAD DE LA PROGRAMACI\u00d3N DE LA SALA DE TEATRO DEL CENTRO CULTURAL IPA: 95 a\u00f1os de arte y cultura local\u201d forma parte del Programa de Apoyo a Organizaciones Culturales Colaboradoras del Ministerio de las Culturas, las Artes y el Patrimonio, que busca fortalecer y dar continuidad a instituciones y organizaciones culturales de derecho privado y sin fines de lucro. Este programa adem\u00e1s es parte del Sistema de Financiamiento a Organizaciones e Infraestructura Cultural del Ministerio de las Culturas, las Artes y el Patrimonio que integra, articula y coordina de forma transversal los planes, programas y fondos orientados al fomento y apoyo de las organizaciones, de la infraestructura cultural, y de la mediaci\u00f3n art\u00edstica. Todo esto con una vocaci\u00f3n descentralizada, mecanismos participativos, y la promoci\u00f3n de la creaci\u00f3n de redes y asociaciones.<\/p>\n\n\n\n<figure class=\"wp-block-image size-full\"><img decoding=\"async\" width=\"626\" height=\"629\" src=\"https:\/\/www.valparaisocreativo.cl\/wp-content\/uploads\/2024\/12\/Captura-de-Pantalla-2024-12-04-a-las-15.59.20.png\" alt=\"\" class=\"wp-image-21377\" srcset=\"https:\/\/dev.antudigital.cl\/sites\/vc\/wp-content\/uploads\/2024\/12\/Captura-de-Pantalla-2024-12-04-a-las-15.59.20.png 626w, https:\/\/dev.antudigital.cl\/sites\/vc\/wp-content\/uploads\/2024\/12\/Captura-de-Pantalla-2024-12-04-a-las-15.59.20-300x300.png 300w, https:\/\/dev.antudigital.cl\/sites\/vc\/wp-content\/uploads\/2024\/12\/Captura-de-Pantalla-2024-12-04-a-las-15.59.20-150x150.png 150w, https:\/\/dev.antudigital.cl\/sites\/vc\/wp-content\/uploads\/2024\/12\/Captura-de-Pantalla-2024-12-04-a-las-15.59.20-480x482.png 480w, https:\/\/dev.antudigital.cl\/sites\/vc\/wp-content\/uploads\/2024\/12\/Captura-de-Pantalla-2024-12-04-a-las-15.59.20-24x24.png 24w, https:\/\/dev.antudigital.cl\/sites\/vc\/wp-content\/uploads\/2024\/12\/Captura-de-Pantalla-2024-12-04-a-las-15.59.20-36x36.png 36w, https:\/\/dev.antudigital.cl\/sites\/vc\/wp-content\/uploads\/2024\/12\/Captura-de-Pantalla-2024-12-04-a-las-15.59.20-48x48.png 48w\" sizes=\"(max-width: 626px) 100vw, 626px\" \/><\/figure>\n","protected":false},"excerpt":{"rendered":"<p>El mi\u00e9rcoles 11 de diciembre a las 19:00 horas se presenta la obra que da cierre a la programaci\u00f3n PAOCC 2023, ejecuci\u00f3n 2024 del Centro Cultural IPA.&nbsp;Una comedia llena de destellos ir\u00f3nicos y esperanzas en un mundo adverso, que la Compa\u00f1\u00eda de Teatro IluCi\u00f3n prepar\u00f3 especialmente para esta ocasi\u00f3n. Las entradas tienen un valor \u00fanico [&hellip;]<\/p>\n","protected":false},"author":1,"featured_media":21375,"comment_status":"closed","ping_status":"closed","sticky":false,"template":"","format":"standard","meta":{"_acf_changed":false,"footnotes":""},"categories":[8],"tags":[],"class_list":["post-21374","post","type-post","status-publish","format-standard","has-post-thumbnail","hentry","category-noticia"],"acf":[],"yoast_head":"<!-- This site is optimized with the Yoast SEO plugin v27.1.1 - https:\/\/yoast.com\/product\/yoast-seo-wordpress\/ -->\n<title>ENTRE PAR\u00c9NTESIS (no s\u00e9 leer): Teatro del absurdo cierra la programaci\u00f3n PAOCC del Centro Cultural IPA - Valpara\u00ed\u00adso Creativo<\/title>\n<meta name=\"robots\" content=\"index, follow, max-snippet:-1, max-image-preview:large, max-video-preview:-1\" \/>\n<link rel=\"canonical\" href=\"https:\/\/dev.antudigital.cl\/sites\/vc\/entre-parentesis-no-se-leer-teatro-del-absurdo-cierra-la-programacion-paocc-del-centro-cultural-ipa\/\" \/>\n<meta property=\"og:locale\" content=\"es_ES\" \/>\n<meta property=\"og:type\" content=\"article\" \/>\n<meta property=\"og:title\" content=\"ENTRE PAR\u00c9NTESIS (no s\u00e9 leer): Teatro del absurdo cierra la programaci\u00f3n PAOCC del Centro Cultural IPA - Valpara\u00ed\u00adso Creativo\" \/>\n<meta property=\"og:description\" content=\"El mi\u00e9rcoles 11 de diciembre a las 19:00 horas se presenta la obra que da cierre a la programaci\u00f3n PAOCC 2023, ejecuci\u00f3n 2024 del Centro Cultural IPA.&nbsp;Una comedia llena de destellos ir\u00f3nicos y esperanzas en un mundo adverso, que la Compa\u00f1\u00eda de Teatro IluCi\u00f3n prepar\u00f3 especialmente para esta ocasi\u00f3n. Las entradas tienen un valor \u00fanico [&hellip;]\" \/>\n<meta property=\"og:url\" content=\"https:\/\/dev.antudigital.cl\/sites\/vc\/entre-parentesis-no-se-leer-teatro-del-absurdo-cierra-la-programacion-paocc-del-centro-cultural-ipa\/\" \/>\n<meta property=\"og:site_name\" content=\"Valpara\u00ed\u00adso Creativo\" \/>\n<meta property=\"article:published_time\" content=\"2024-12-04T19:00:16+00:00\" \/>\n<meta property=\"article:modified_time\" content=\"2024-12-04T19:00:40+00:00\" \/>\n<meta property=\"og:image\" content=\"https:\/\/dev.antudigital.cl\/sites\/vc\/wp-content\/uploads\/2024\/12\/ENTRE-PARENTESIS-1.jpg\" \/>\n\t<meta property=\"og:image:width\" content=\"1599\" \/>\n\t<meta property=\"og:image:height\" content=\"1200\" \/>\n\t<meta property=\"og:image:type\" content=\"image\/jpeg\" \/>\n<meta name=\"author\" content=\"Valpara\u00edso Creativo\" \/>\n<meta name=\"twitter:card\" content=\"summary_large_image\" \/>\n<meta name=\"twitter:label1\" content=\"Escrito por\" \/>\n\t<meta name=\"twitter:data1\" content=\"Valpara\u00edso Creativo\" \/>\n\t<meta name=\"twitter:label2\" content=\"Tiempo de lectura\" \/>\n\t<meta name=\"twitter:data2\" content=\"6 minutos\" \/>\n<script type=\"application\/ld+json\" class=\"yoast-schema-graph\">{\"@context\":\"https:\/\/schema.org\",\"@graph\":[{\"@type\":\"Article\",\"@id\":\"https:\/\/dev.antudigital.cl\/sites\/vc\/entre-parentesis-no-se-leer-teatro-del-absurdo-cierra-la-programacion-paocc-del-centro-cultural-ipa\/#article\",\"isPartOf\":{\"@id\":\"https:\/\/dev.antudigital.cl\/sites\/vc\/entre-parentesis-no-se-leer-teatro-del-absurdo-cierra-la-programacion-paocc-del-centro-cultural-ipa\/\"},\"author\":{\"name\":\"Valpara\u00edso Creativo\",\"@id\":\"https:\/\/dev.antudigital.cl\/sites\/vc\/#\/schema\/person\/c2b9da8dd545e27166fc5ab232837318\"},\"headline\":\"ENTRE PAR\u00c9NTESIS (no s\u00e9 leer): Teatro del absurdo cierra la programaci\u00f3n PAOCC del Centro Cultural IPA\",\"datePublished\":\"2024-12-04T19:00:16+00:00\",\"dateModified\":\"2024-12-04T19:00:40+00:00\",\"mainEntityOfPage\":{\"@id\":\"https:\/\/dev.antudigital.cl\/sites\/vc\/entre-parentesis-no-se-leer-teatro-del-absurdo-cierra-la-programacion-paocc-del-centro-cultural-ipa\/\"},\"wordCount\":1102,\"image\":{\"@id\":\"https:\/\/dev.antudigital.cl\/sites\/vc\/entre-parentesis-no-se-leer-teatro-del-absurdo-cierra-la-programacion-paocc-del-centro-cultural-ipa\/#primaryimage\"},\"thumbnailUrl\":\"https:\/\/dev.antudigital.cl\/sites\/vc\/wp-content\/uploads\/2024\/12\/ENTRE-PARENTESIS-1.jpg\",\"articleSection\":[\"Noticia\"],\"inLanguage\":\"es\"},{\"@type\":\"WebPage\",\"@id\":\"https:\/\/dev.antudigital.cl\/sites\/vc\/entre-parentesis-no-se-leer-teatro-del-absurdo-cierra-la-programacion-paocc-del-centro-cultural-ipa\/\",\"url\":\"https:\/\/dev.antudigital.cl\/sites\/vc\/entre-parentesis-no-se-leer-teatro-del-absurdo-cierra-la-programacion-paocc-del-centro-cultural-ipa\/\",\"name\":\"ENTRE PAR\u00c9NTESIS (no s\u00e9 leer): Teatro del absurdo cierra la programaci\u00f3n PAOCC del Centro Cultural IPA - Valpara\u00ed\u00adso Creativo\",\"isPartOf\":{\"@id\":\"https:\/\/dev.antudigital.cl\/sites\/vc\/#website\"},\"primaryImageOfPage\":{\"@id\":\"https:\/\/dev.antudigital.cl\/sites\/vc\/entre-parentesis-no-se-leer-teatro-del-absurdo-cierra-la-programacion-paocc-del-centro-cultural-ipa\/#primaryimage\"},\"image\":{\"@id\":\"https:\/\/dev.antudigital.cl\/sites\/vc\/entre-parentesis-no-se-leer-teatro-del-absurdo-cierra-la-programacion-paocc-del-centro-cultural-ipa\/#primaryimage\"},\"thumbnailUrl\":\"https:\/\/dev.antudigital.cl\/sites\/vc\/wp-content\/uploads\/2024\/12\/ENTRE-PARENTESIS-1.jpg\",\"datePublished\":\"2024-12-04T19:00:16+00:00\",\"dateModified\":\"2024-12-04T19:00:40+00:00\",\"author\":{\"@id\":\"https:\/\/dev.antudigital.cl\/sites\/vc\/#\/schema\/person\/c2b9da8dd545e27166fc5ab232837318\"},\"breadcrumb\":{\"@id\":\"https:\/\/dev.antudigital.cl\/sites\/vc\/entre-parentesis-no-se-leer-teatro-del-absurdo-cierra-la-programacion-paocc-del-centro-cultural-ipa\/#breadcrumb\"},\"inLanguage\":\"es\",\"potentialAction\":[{\"@type\":\"ReadAction\",\"target\":[\"https:\/\/dev.antudigital.cl\/sites\/vc\/entre-parentesis-no-se-leer-teatro-del-absurdo-cierra-la-programacion-paocc-del-centro-cultural-ipa\/\"]}]},{\"@type\":\"ImageObject\",\"inLanguage\":\"es\",\"@id\":\"https:\/\/dev.antudigital.cl\/sites\/vc\/entre-parentesis-no-se-leer-teatro-del-absurdo-cierra-la-programacion-paocc-del-centro-cultural-ipa\/#primaryimage\",\"url\":\"https:\/\/dev.antudigital.cl\/sites\/vc\/wp-content\/uploads\/2024\/12\/ENTRE-PARENTESIS-1.jpg\",\"contentUrl\":\"https:\/\/dev.antudigital.cl\/sites\/vc\/wp-content\/uploads\/2024\/12\/ENTRE-PARENTESIS-1.jpg\",\"width\":1599,\"height\":1200},{\"@type\":\"BreadcrumbList\",\"@id\":\"https:\/\/dev.antudigital.cl\/sites\/vc\/entre-parentesis-no-se-leer-teatro-del-absurdo-cierra-la-programacion-paocc-del-centro-cultural-ipa\/#breadcrumb\",\"itemListElement\":[{\"@type\":\"ListItem\",\"position\":1,\"name\":\"Home\",\"item\":\"https:\/\/dev.antudigital.cl\/sites\/vc\/\"},{\"@type\":\"ListItem\",\"position\":2,\"name\":\"ENTRE PAR\u00c9NTESIS (no s\u00e9 leer): Teatro del absurdo cierra la programaci\u00f3n PAOCC del Centro Cultural IPA\"}]},{\"@type\":\"WebSite\",\"@id\":\"https:\/\/dev.antudigital.cl\/sites\/vc\/#website\",\"url\":\"https:\/\/dev.antudigital.cl\/sites\/vc\/\",\"name\":\"Valpara\u00ed\u00adso Creativo\",\"description\":\"\",\"potentialAction\":[{\"@type\":\"SearchAction\",\"target\":{\"@type\":\"EntryPoint\",\"urlTemplate\":\"https:\/\/dev.antudigital.cl\/sites\/vc\/?s={search_term_string}\"},\"query-input\":{\"@type\":\"PropertyValueSpecification\",\"valueRequired\":true,\"valueName\":\"search_term_string\"}}],\"inLanguage\":\"es\"},{\"@type\":\"Person\",\"@id\":\"https:\/\/dev.antudigital.cl\/sites\/vc\/#\/schema\/person\/c2b9da8dd545e27166fc5ab232837318\",\"name\":\"Valpara\u00edso Creativo\",\"description\":\"Periodista de cultura en la Regi\u00f3n de Valpara\u00edso.\",\"url\":\"https:\/\/dev.antudigital.cl\/sites\/vc\/author\/valpoadmin\/\"}]}<\/script>\n<!-- \/ Yoast SEO plugin. -->","yoast_head_json":{"title":"ENTRE PAR\u00c9NTESIS (no s\u00e9 leer): Teatro del absurdo cierra la programaci\u00f3n PAOCC del Centro Cultural IPA - Valpara\u00ed\u00adso Creativo","robots":{"index":"index","follow":"follow","max-snippet":"max-snippet:-1","max-image-preview":"max-image-preview:large","max-video-preview":"max-video-preview:-1"},"canonical":"https:\/\/dev.antudigital.cl\/sites\/vc\/entre-parentesis-no-se-leer-teatro-del-absurdo-cierra-la-programacion-paocc-del-centro-cultural-ipa\/","og_locale":"es_ES","og_type":"article","og_title":"ENTRE PAR\u00c9NTESIS (no s\u00e9 leer): Teatro del absurdo cierra la programaci\u00f3n PAOCC del Centro Cultural IPA - Valpara\u00ed\u00adso Creativo","og_description":"El mi\u00e9rcoles 11 de diciembre a las 19:00 horas se presenta la obra que da cierre a la programaci\u00f3n PAOCC 2023, ejecuci\u00f3n 2024 del Centro Cultural IPA.&nbsp;Una comedia llena de destellos ir\u00f3nicos y esperanzas en un mundo adverso, que la Compa\u00f1\u00eda de Teatro IluCi\u00f3n prepar\u00f3 especialmente para esta ocasi\u00f3n. Las entradas tienen un valor \u00fanico [&hellip;]","og_url":"https:\/\/dev.antudigital.cl\/sites\/vc\/entre-parentesis-no-se-leer-teatro-del-absurdo-cierra-la-programacion-paocc-del-centro-cultural-ipa\/","og_site_name":"Valpara\u00ed\u00adso Creativo","article_published_time":"2024-12-04T19:00:16+00:00","article_modified_time":"2024-12-04T19:00:40+00:00","og_image":[{"width":1599,"height":1200,"url":"https:\/\/dev.antudigital.cl\/sites\/vc\/wp-content\/uploads\/2024\/12\/ENTRE-PARENTESIS-1.jpg","type":"image\/jpeg"}],"author":"Valpara\u00edso Creativo","twitter_card":"summary_large_image","twitter_misc":{"Escrito por":"Valpara\u00edso Creativo","Tiempo de lectura":"6 minutos"},"schema":{"@context":"https:\/\/schema.org","@graph":[{"@type":"Article","@id":"https:\/\/dev.antudigital.cl\/sites\/vc\/entre-parentesis-no-se-leer-teatro-del-absurdo-cierra-la-programacion-paocc-del-centro-cultural-ipa\/#article","isPartOf":{"@id":"https:\/\/dev.antudigital.cl\/sites\/vc\/entre-parentesis-no-se-leer-teatro-del-absurdo-cierra-la-programacion-paocc-del-centro-cultural-ipa\/"},"author":{"name":"Valpara\u00edso Creativo","@id":"https:\/\/dev.antudigital.cl\/sites\/vc\/#\/schema\/person\/c2b9da8dd545e27166fc5ab232837318"},"headline":"ENTRE PAR\u00c9NTESIS (no s\u00e9 leer): Teatro del absurdo cierra la programaci\u00f3n PAOCC del Centro Cultural IPA","datePublished":"2024-12-04T19:00:16+00:00","dateModified":"2024-12-04T19:00:40+00:00","mainEntityOfPage":{"@id":"https:\/\/dev.antudigital.cl\/sites\/vc\/entre-parentesis-no-se-leer-teatro-del-absurdo-cierra-la-programacion-paocc-del-centro-cultural-ipa\/"},"wordCount":1102,"image":{"@id":"https:\/\/dev.antudigital.cl\/sites\/vc\/entre-parentesis-no-se-leer-teatro-del-absurdo-cierra-la-programacion-paocc-del-centro-cultural-ipa\/#primaryimage"},"thumbnailUrl":"https:\/\/dev.antudigital.cl\/sites\/vc\/wp-content\/uploads\/2024\/12\/ENTRE-PARENTESIS-1.jpg","articleSection":["Noticia"],"inLanguage":"es"},{"@type":"WebPage","@id":"https:\/\/dev.antudigital.cl\/sites\/vc\/entre-parentesis-no-se-leer-teatro-del-absurdo-cierra-la-programacion-paocc-del-centro-cultural-ipa\/","url":"https:\/\/dev.antudigital.cl\/sites\/vc\/entre-parentesis-no-se-leer-teatro-del-absurdo-cierra-la-programacion-paocc-del-centro-cultural-ipa\/","name":"ENTRE PAR\u00c9NTESIS (no s\u00e9 leer): Teatro del absurdo cierra la programaci\u00f3n PAOCC del Centro Cultural IPA - Valpara\u00ed\u00adso Creativo","isPartOf":{"@id":"https:\/\/dev.antudigital.cl\/sites\/vc\/#website"},"primaryImageOfPage":{"@id":"https:\/\/dev.antudigital.cl\/sites\/vc\/entre-parentesis-no-se-leer-teatro-del-absurdo-cierra-la-programacion-paocc-del-centro-cultural-ipa\/#primaryimage"},"image":{"@id":"https:\/\/dev.antudigital.cl\/sites\/vc\/entre-parentesis-no-se-leer-teatro-del-absurdo-cierra-la-programacion-paocc-del-centro-cultural-ipa\/#primaryimage"},"thumbnailUrl":"https:\/\/dev.antudigital.cl\/sites\/vc\/wp-content\/uploads\/2024\/12\/ENTRE-PARENTESIS-1.jpg","datePublished":"2024-12-04T19:00:16+00:00","dateModified":"2024-12-04T19:00:40+00:00","author":{"@id":"https:\/\/dev.antudigital.cl\/sites\/vc\/#\/schema\/person\/c2b9da8dd545e27166fc5ab232837318"},"breadcrumb":{"@id":"https:\/\/dev.antudigital.cl\/sites\/vc\/entre-parentesis-no-se-leer-teatro-del-absurdo-cierra-la-programacion-paocc-del-centro-cultural-ipa\/#breadcrumb"},"inLanguage":"es","potentialAction":[{"@type":"ReadAction","target":["https:\/\/dev.antudigital.cl\/sites\/vc\/entre-parentesis-no-se-leer-teatro-del-absurdo-cierra-la-programacion-paocc-del-centro-cultural-ipa\/"]}]},{"@type":"ImageObject","inLanguage":"es","@id":"https:\/\/dev.antudigital.cl\/sites\/vc\/entre-parentesis-no-se-leer-teatro-del-absurdo-cierra-la-programacion-paocc-del-centro-cultural-ipa\/#primaryimage","url":"https:\/\/dev.antudigital.cl\/sites\/vc\/wp-content\/uploads\/2024\/12\/ENTRE-PARENTESIS-1.jpg","contentUrl":"https:\/\/dev.antudigital.cl\/sites\/vc\/wp-content\/uploads\/2024\/12\/ENTRE-PARENTESIS-1.jpg","width":1599,"height":1200},{"@type":"BreadcrumbList","@id":"https:\/\/dev.antudigital.cl\/sites\/vc\/entre-parentesis-no-se-leer-teatro-del-absurdo-cierra-la-programacion-paocc-del-centro-cultural-ipa\/#breadcrumb","itemListElement":[{"@type":"ListItem","position":1,"name":"Home","item":"https:\/\/dev.antudigital.cl\/sites\/vc\/"},{"@type":"ListItem","position":2,"name":"ENTRE PAR\u00c9NTESIS (no s\u00e9 leer): Teatro del absurdo cierra la programaci\u00f3n PAOCC del Centro Cultural IPA"}]},{"@type":"WebSite","@id":"https:\/\/dev.antudigital.cl\/sites\/vc\/#website","url":"https:\/\/dev.antudigital.cl\/sites\/vc\/","name":"Valpara\u00ed\u00adso Creativo","description":"","potentialAction":[{"@type":"SearchAction","target":{"@type":"EntryPoint","urlTemplate":"https:\/\/dev.antudigital.cl\/sites\/vc\/?s={search_term_string}"},"query-input":{"@type":"PropertyValueSpecification","valueRequired":true,"valueName":"search_term_string"}}],"inLanguage":"es"},{"@type":"Person","@id":"https:\/\/dev.antudigital.cl\/sites\/vc\/#\/schema\/person\/c2b9da8dd545e27166fc5ab232837318","name":"Valpara\u00edso Creativo","description":"Periodista de cultura en la Regi\u00f3n de Valpara\u00edso.","url":"https:\/\/dev.antudigital.cl\/sites\/vc\/author\/valpoadmin\/"}]}},"_links":{"self":[{"href":"https:\/\/dev.antudigital.cl\/sites\/vc\/wp-json\/wp\/v2\/posts\/21374","targetHints":{"allow":["GET"]}}],"collection":[{"href":"https:\/\/dev.antudigital.cl\/sites\/vc\/wp-json\/wp\/v2\/posts"}],"about":[{"href":"https:\/\/dev.antudigital.cl\/sites\/vc\/wp-json\/wp\/v2\/types\/post"}],"author":[{"embeddable":true,"href":"https:\/\/dev.antudigital.cl\/sites\/vc\/wp-json\/wp\/v2\/users\/1"}],"replies":[{"embeddable":true,"href":"https:\/\/dev.antudigital.cl\/sites\/vc\/wp-json\/wp\/v2\/comments?post=21374"}],"version-history":[{"count":1,"href":"https:\/\/dev.antudigital.cl\/sites\/vc\/wp-json\/wp\/v2\/posts\/21374\/revisions"}],"predecessor-version":[{"id":21378,"href":"https:\/\/dev.antudigital.cl\/sites\/vc\/wp-json\/wp\/v2\/posts\/21374\/revisions\/21378"}],"wp:featuredmedia":[{"embeddable":true,"href":"https:\/\/dev.antudigital.cl\/sites\/vc\/wp-json\/wp\/v2\/media\/21375"}],"wp:attachment":[{"href":"https:\/\/dev.antudigital.cl\/sites\/vc\/wp-json\/wp\/v2\/media?parent=21374"}],"wp:term":[{"taxonomy":"category","embeddable":true,"href":"https:\/\/dev.antudigital.cl\/sites\/vc\/wp-json\/wp\/v2\/categories?post=21374"},{"taxonomy":"post_tag","embeddable":true,"href":"https:\/\/dev.antudigital.cl\/sites\/vc\/wp-json\/wp\/v2\/tags?post=21374"}],"curies":[{"name":"wp","href":"https:\/\/api.w.org\/{rel}","templated":true}]}}