{"id":21379,"date":"2024-12-04T19:06:11","date_gmt":"2024-12-04T19:06:11","guid":{"rendered":"https:\/\/www.valparaisocreativo.cl\/?p=21379"},"modified":"2024-12-04T19:06:27","modified_gmt":"2024-12-04T19:06:27","slug":"upla-inicia-diciembre-con-serie-de-actividades-culturales-gratuitas-en-museo-vergara","status":"publish","type":"post","link":"https:\/\/dev.antudigital.cl\/sites\/vc\/upla-inicia-diciembre-con-serie-de-actividades-culturales-gratuitas-en-museo-vergara\/","title":{"rendered":"UPLA inicia diciembre con serie de actividades culturales gratuitas en Museo Vergara"},"content":{"rendered":"\n<p>La Universidad de Playa Ancha, a trav\u00e9s de su Direcci\u00f3n de Vinculaci\u00f3n con el Medio, invita a toda la comunidad a disfrutar de una serie de actividades culturales gratuitas que se realizar\u00e1n <strong>desde el jueves 5 hasta el s\u00e1bado 7 de diciembre, a las 18:00 horas, en el emblem\u00e1tico Museo Palacio Vergara de Vi\u00f1a del Mar<\/strong>.<\/p>\n\n\n\n<p>Este ciclo, que re\u00fane tres destacados elencos art\u00edsticos de la UPLA, promete una experiencia \u00fanica en torno a la m\u00fasica, la danza y las tradiciones culturales, llevando al p\u00fablico diversidad de expresiones art\u00edsticas en un espacio patrimonial.<\/p>\n\n\n\n<h3 class=\"wp-block-heading\"><strong>Programa de actividades<\/strong><\/h3>\n\n\n\n<p><strong>Jueves 5 de diciembre \u2013 Ballet Gimn\u00e1stico<\/strong><strong><br><\/strong>Fundado por la acad\u00e9mica Amada Fuentealba Benavides, el Ballet Gimn\u00e1stico de la Universidad de Playa Ancha es uno de los elencos art\u00edsticos m\u00e1s antiguos y prestigiosos de la instituci\u00f3n. Con m\u00e1s de 40 a\u00f1os de trayectoria, este grupo ha representado a la UPLA en escenarios de Europa y Am\u00e9rica Latina, fusionando estilos que abarcan desde el folclor hasta la danza moderna. En esta ocasi\u00f3n, presentar\u00e1n un repertorio inspirado en ritmos latinoamericanos.<\/p>\n\n\n\n<figure class=\"wp-block-image size-large\"><img fetchpriority=\"high\" decoding=\"async\" width=\"1024\" height=\"1024\" src=\"https:\/\/www.valparaisocreativo.cl\/wp-content\/uploads\/2024\/12\/WhatsApp-Image-2024-12-02-at-11.21.20-AM-1-1024x1024.jpeg\" alt=\"\" class=\"wp-image-21382\" srcset=\"https:\/\/dev.antudigital.cl\/sites\/vc\/wp-content\/uploads\/2024\/12\/WhatsApp-Image-2024-12-02-at-11.21.20-AM-1-1024x1024.jpeg 1024w, https:\/\/dev.antudigital.cl\/sites\/vc\/wp-content\/uploads\/2024\/12\/WhatsApp-Image-2024-12-02-at-11.21.20-AM-1-300x300.jpeg 300w, https:\/\/dev.antudigital.cl\/sites\/vc\/wp-content\/uploads\/2024\/12\/WhatsApp-Image-2024-12-02-at-11.21.20-AM-1-150x150.jpeg 150w, https:\/\/dev.antudigital.cl\/sites\/vc\/wp-content\/uploads\/2024\/12\/WhatsApp-Image-2024-12-02-at-11.21.20-AM-1-768x768.jpeg 768w, https:\/\/dev.antudigital.cl\/sites\/vc\/wp-content\/uploads\/2024\/12\/WhatsApp-Image-2024-12-02-at-11.21.20-AM-1-980x980.jpeg 980w, https:\/\/dev.antudigital.cl\/sites\/vc\/wp-content\/uploads\/2024\/12\/WhatsApp-Image-2024-12-02-at-11.21.20-AM-1-480x480.jpeg 480w, https:\/\/dev.antudigital.cl\/sites\/vc\/wp-content\/uploads\/2024\/12\/WhatsApp-Image-2024-12-02-at-11.21.20-AM-1-24x24.jpeg 24w, https:\/\/dev.antudigital.cl\/sites\/vc\/wp-content\/uploads\/2024\/12\/WhatsApp-Image-2024-12-02-at-11.21.20-AM-1-36x36.jpeg 36w, https:\/\/dev.antudigital.cl\/sites\/vc\/wp-content\/uploads\/2024\/12\/WhatsApp-Image-2024-12-02-at-11.21.20-AM-1-48x48.jpeg 48w, https:\/\/dev.antudigital.cl\/sites\/vc\/wp-content\/uploads\/2024\/12\/WhatsApp-Image-2024-12-02-at-11.21.20-AM-1.jpeg 1080w\" sizes=\"(max-width: 1024px) 100vw, 1024px\" \/><\/figure>\n\n\n\n<p><strong>Viernes 6 de diciembre \u2013 Ensamble Latinoamericano Abya Yala<\/strong><strong><br><\/strong>Con 12 a\u00f1os de historia, el Ensamble Abya Yala destaca por su capacidad de conectar al p\u00fablico con las ra\u00edces culturales de Am\u00e9rica Latina. Su m\u00fasica, que mezcla lo \u00e9tnico y lo mestizo, evoca la riqueza de los sonidos de nuestra regi\u00f3n. Reconocidos por sus giras y mediaciones culturales, presentar\u00e1n un repertorio compuesto especialmente para la agrupaci\u00f3n, lleno de identidad y creatividad.<\/p>\n\n\n\n<p><strong>S\u00e1bado 7 de diciembre \u2013 Tuna de la Facultad de Arte<\/strong><strong><br><\/strong>La Tuna de la Facultad de Arte, formada en 2009, es sin\u00f3nimo de alegr\u00eda y tradici\u00f3n. Este grupo, compuesto por estudiantes de diversas carreras, ha llevado sus pregones y melod\u00edas por todo Chile y pa\u00edses vecinos, como Per\u00fa y Argentina. Con su esp\u00edritu juvenil y caballeroso, llenar\u00e1n el patio del Palacio Vergara de ritmos y canciones que invitan a celebrar nuestras tradiciones.<\/p>\n\n\n\n<figure class=\"wp-block-image size-large\"><img decoding=\"async\" width=\"1024\" height=\"1024\" src=\"https:\/\/www.valparaisocreativo.cl\/wp-content\/uploads\/2024\/12\/WhatsApp-Image-2024-12-02-at-11.21.20-AM-1024x1024.jpeg\" alt=\"\" class=\"wp-image-21380\" srcset=\"https:\/\/dev.antudigital.cl\/sites\/vc\/wp-content\/uploads\/2024\/12\/WhatsApp-Image-2024-12-02-at-11.21.20-AM-1024x1024.jpeg 1024w, https:\/\/dev.antudigital.cl\/sites\/vc\/wp-content\/uploads\/2024\/12\/WhatsApp-Image-2024-12-02-at-11.21.20-AM-300x300.jpeg 300w, https:\/\/dev.antudigital.cl\/sites\/vc\/wp-content\/uploads\/2024\/12\/WhatsApp-Image-2024-12-02-at-11.21.20-AM-150x150.jpeg 150w, https:\/\/dev.antudigital.cl\/sites\/vc\/wp-content\/uploads\/2024\/12\/WhatsApp-Image-2024-12-02-at-11.21.20-AM-768x768.jpeg 768w, https:\/\/dev.antudigital.cl\/sites\/vc\/wp-content\/uploads\/2024\/12\/WhatsApp-Image-2024-12-02-at-11.21.20-AM-980x980.jpeg 980w, https:\/\/dev.antudigital.cl\/sites\/vc\/wp-content\/uploads\/2024\/12\/WhatsApp-Image-2024-12-02-at-11.21.20-AM-480x480.jpeg 480w, https:\/\/dev.antudigital.cl\/sites\/vc\/wp-content\/uploads\/2024\/12\/WhatsApp-Image-2024-12-02-at-11.21.20-AM-24x24.jpeg 24w, https:\/\/dev.antudigital.cl\/sites\/vc\/wp-content\/uploads\/2024\/12\/WhatsApp-Image-2024-12-02-at-11.21.20-AM-36x36.jpeg 36w, https:\/\/dev.antudigital.cl\/sites\/vc\/wp-content\/uploads\/2024\/12\/WhatsApp-Image-2024-12-02-at-11.21.20-AM-48x48.jpeg 48w, https:\/\/dev.antudigital.cl\/sites\/vc\/wp-content\/uploads\/2024\/12\/WhatsApp-Image-2024-12-02-at-11.21.20-AM.jpeg 1080w\" sizes=\"(max-width: 1024px) 100vw, 1024px\" \/><\/figure>\n\n\n\n<h3 class=\"wp-block-heading\"><strong>Una invitaci\u00f3n abierta a la comunidad<\/strong><\/h3>\n\n\n\n<p>Estas actividades, impulsadas por la Direcci\u00f3n de Vinculaci\u00f3n con el Medio de la UPLA, buscan promover el acceso democr\u00e1tico a la cultura y fortalecer los lazos entre la universidad y la comunidad. Se invita a grandes y chicos a disfrutar de espect\u00e1culos de calidad en un espacio \u00fanico, fomentando la conexi\u00f3n con nuestras ra\u00edces culturales en un ambiente de encuentro y disfrute colectivo.<\/p>\n\n\n\n<p><strong>\u00a1No te lo pierdas!<\/strong><strong><br><\/strong>Para m\u00e1s informaci\u00f3n, visita el sitio web de los Elencos Art\u00edsticos Culturales de la UPLA o escribe a: vinculacionconelmedio@upla.cl.<\/p>\n","protected":false},"excerpt":{"rendered":"<p>La Universidad de Playa Ancha, a trav\u00e9s de su Direcci\u00f3n de Vinculaci\u00f3n con el Medio, invita a toda la comunidad a disfrutar de una serie de actividades culturales gratuitas que se realizar\u00e1n desde el jueves 5 hasta el s\u00e1bado 7 de diciembre, a las 18:00 horas, en el emblem\u00e1tico Museo Palacio Vergara de Vi\u00f1a del [&hellip;]<\/p>\n","protected":false},"author":1,"featured_media":21381,"comment_status":"closed","ping_status":"closed","sticky":false,"template":"","format":"standard","meta":{"_acf_changed":false,"footnotes":""},"categories":[8],"tags":[],"class_list":["post-21379","post","type-post","status-publish","format-standard","has-post-thumbnail","hentry","category-noticia"],"acf":[],"yoast_head":"<!-- This site is optimized with the Yoast SEO plugin v27.1.1 - https:\/\/yoast.com\/product\/yoast-seo-wordpress\/ -->\n<title>UPLA inicia diciembre con serie de actividades culturales gratuitas en Museo Vergara - Valpara\u00ed\u00adso Creativo<\/title>\n<meta name=\"robots\" content=\"index, follow, max-snippet:-1, max-image-preview:large, max-video-preview:-1\" \/>\n<link rel=\"canonical\" href=\"https:\/\/dev.antudigital.cl\/sites\/vc\/upla-inicia-diciembre-con-serie-de-actividades-culturales-gratuitas-en-museo-vergara\/\" \/>\n<meta property=\"og:locale\" content=\"es_ES\" \/>\n<meta property=\"og:type\" content=\"article\" \/>\n<meta property=\"og:title\" content=\"UPLA inicia diciembre con serie de actividades culturales gratuitas en Museo Vergara - Valpara\u00ed\u00adso Creativo\" \/>\n<meta property=\"og:description\" content=\"La Universidad de Playa Ancha, a trav\u00e9s de su Direcci\u00f3n de Vinculaci\u00f3n con el Medio, invita a toda la comunidad a disfrutar de una serie de actividades culturales gratuitas que se realizar\u00e1n desde el jueves 5 hasta el s\u00e1bado 7 de diciembre, a las 18:00 horas, en el emblem\u00e1tico Museo Palacio Vergara de Vi\u00f1a del [&hellip;]\" \/>\n<meta property=\"og:url\" content=\"https:\/\/dev.antudigital.cl\/sites\/vc\/upla-inicia-diciembre-con-serie-de-actividades-culturales-gratuitas-en-museo-vergara\/\" \/>\n<meta property=\"og:site_name\" content=\"Valpara\u00ed\u00adso Creativo\" \/>\n<meta property=\"article:published_time\" content=\"2024-12-04T19:06:11+00:00\" \/>\n<meta property=\"article:modified_time\" content=\"2024-12-04T19:06:27+00:00\" \/>\n<meta property=\"og:image\" content=\"https:\/\/dev.antudigital.cl\/sites\/vc\/wp-content\/uploads\/2024\/12\/WhatsApp-Image-2024-12-02-at-11.21.20-AM-2.jpeg\" \/>\n\t<meta property=\"og:image:width\" content=\"1080\" \/>\n\t<meta property=\"og:image:height\" content=\"1080\" \/>\n\t<meta property=\"og:image:type\" content=\"image\/jpeg\" \/>\n<meta name=\"author\" content=\"Valpara\u00edso Creativo\" \/>\n<meta name=\"twitter:card\" content=\"summary_large_image\" \/>\n<meta name=\"twitter:label1\" content=\"Escrito por\" \/>\n\t<meta name=\"twitter:data1\" content=\"Valpara\u00edso Creativo\" \/>\n\t<meta name=\"twitter:label2\" content=\"Tiempo de lectura\" \/>\n\t<meta name=\"twitter:data2\" content=\"3 minutos\" \/>\n<script type=\"application\/ld+json\" class=\"yoast-schema-graph\">{\"@context\":\"https:\/\/schema.org\",\"@graph\":[{\"@type\":\"Article\",\"@id\":\"https:\/\/dev.antudigital.cl\/sites\/vc\/upla-inicia-diciembre-con-serie-de-actividades-culturales-gratuitas-en-museo-vergara\/#article\",\"isPartOf\":{\"@id\":\"https:\/\/dev.antudigital.cl\/sites\/vc\/upla-inicia-diciembre-con-serie-de-actividades-culturales-gratuitas-en-museo-vergara\/\"},\"author\":{\"name\":\"Valpara\u00edso Creativo\",\"@id\":\"https:\/\/dev.antudigital.cl\/sites\/vc\/#\/schema\/person\/c2b9da8dd545e27166fc5ab232837318\"},\"headline\":\"UPLA inicia diciembre con serie de actividades culturales gratuitas en Museo Vergara\",\"datePublished\":\"2024-12-04T19:06:11+00:00\",\"dateModified\":\"2024-12-04T19:06:27+00:00\",\"mainEntityOfPage\":{\"@id\":\"https:\/\/dev.antudigital.cl\/sites\/vc\/upla-inicia-diciembre-con-serie-de-actividades-culturales-gratuitas-en-museo-vergara\/\"},\"wordCount\":461,\"image\":{\"@id\":\"https:\/\/dev.antudigital.cl\/sites\/vc\/upla-inicia-diciembre-con-serie-de-actividades-culturales-gratuitas-en-museo-vergara\/#primaryimage\"},\"thumbnailUrl\":\"https:\/\/dev.antudigital.cl\/sites\/vc\/wp-content\/uploads\/2024\/12\/WhatsApp-Image-2024-12-02-at-11.21.20-AM-2.jpeg\",\"articleSection\":[\"Noticia\"],\"inLanguage\":\"es\"},{\"@type\":\"WebPage\",\"@id\":\"https:\/\/dev.antudigital.cl\/sites\/vc\/upla-inicia-diciembre-con-serie-de-actividades-culturales-gratuitas-en-museo-vergara\/\",\"url\":\"https:\/\/dev.antudigital.cl\/sites\/vc\/upla-inicia-diciembre-con-serie-de-actividades-culturales-gratuitas-en-museo-vergara\/\",\"name\":\"UPLA inicia diciembre con serie de actividades culturales gratuitas en Museo Vergara - Valpara\u00ed\u00adso Creativo\",\"isPartOf\":{\"@id\":\"https:\/\/dev.antudigital.cl\/sites\/vc\/#website\"},\"primaryImageOfPage\":{\"@id\":\"https:\/\/dev.antudigital.cl\/sites\/vc\/upla-inicia-diciembre-con-serie-de-actividades-culturales-gratuitas-en-museo-vergara\/#primaryimage\"},\"image\":{\"@id\":\"https:\/\/dev.antudigital.cl\/sites\/vc\/upla-inicia-diciembre-con-serie-de-actividades-culturales-gratuitas-en-museo-vergara\/#primaryimage\"},\"thumbnailUrl\":\"https:\/\/dev.antudigital.cl\/sites\/vc\/wp-content\/uploads\/2024\/12\/WhatsApp-Image-2024-12-02-at-11.21.20-AM-2.jpeg\",\"datePublished\":\"2024-12-04T19:06:11+00:00\",\"dateModified\":\"2024-12-04T19:06:27+00:00\",\"author\":{\"@id\":\"https:\/\/dev.antudigital.cl\/sites\/vc\/#\/schema\/person\/c2b9da8dd545e27166fc5ab232837318\"},\"breadcrumb\":{\"@id\":\"https:\/\/dev.antudigital.cl\/sites\/vc\/upla-inicia-diciembre-con-serie-de-actividades-culturales-gratuitas-en-museo-vergara\/#breadcrumb\"},\"inLanguage\":\"es\",\"potentialAction\":[{\"@type\":\"ReadAction\",\"target\":[\"https:\/\/dev.antudigital.cl\/sites\/vc\/upla-inicia-diciembre-con-serie-de-actividades-culturales-gratuitas-en-museo-vergara\/\"]}]},{\"@type\":\"ImageObject\",\"inLanguage\":\"es\",\"@id\":\"https:\/\/dev.antudigital.cl\/sites\/vc\/upla-inicia-diciembre-con-serie-de-actividades-culturales-gratuitas-en-museo-vergara\/#primaryimage\",\"url\":\"https:\/\/dev.antudigital.cl\/sites\/vc\/wp-content\/uploads\/2024\/12\/WhatsApp-Image-2024-12-02-at-11.21.20-AM-2.jpeg\",\"contentUrl\":\"https:\/\/dev.antudigital.cl\/sites\/vc\/wp-content\/uploads\/2024\/12\/WhatsApp-Image-2024-12-02-at-11.21.20-AM-2.jpeg\",\"width\":1080,\"height\":1080},{\"@type\":\"BreadcrumbList\",\"@id\":\"https:\/\/dev.antudigital.cl\/sites\/vc\/upla-inicia-diciembre-con-serie-de-actividades-culturales-gratuitas-en-museo-vergara\/#breadcrumb\",\"itemListElement\":[{\"@type\":\"ListItem\",\"position\":1,\"name\":\"Home\",\"item\":\"https:\/\/dev.antudigital.cl\/sites\/vc\/\"},{\"@type\":\"ListItem\",\"position\":2,\"name\":\"UPLA inicia diciembre con serie de actividades culturales gratuitas en Museo Vergara\"}]},{\"@type\":\"WebSite\",\"@id\":\"https:\/\/dev.antudigital.cl\/sites\/vc\/#website\",\"url\":\"https:\/\/dev.antudigital.cl\/sites\/vc\/\",\"name\":\"Valpara\u00ed\u00adso Creativo\",\"description\":\"\",\"potentialAction\":[{\"@type\":\"SearchAction\",\"target\":{\"@type\":\"EntryPoint\",\"urlTemplate\":\"https:\/\/dev.antudigital.cl\/sites\/vc\/?s={search_term_string}\"},\"query-input\":{\"@type\":\"PropertyValueSpecification\",\"valueRequired\":true,\"valueName\":\"search_term_string\"}}],\"inLanguage\":\"es\"},{\"@type\":\"Person\",\"@id\":\"https:\/\/dev.antudigital.cl\/sites\/vc\/#\/schema\/person\/c2b9da8dd545e27166fc5ab232837318\",\"name\":\"Valpara\u00edso Creativo\",\"description\":\"Periodista de cultura en la Regi\u00f3n de Valpara\u00edso.\",\"url\":\"https:\/\/dev.antudigital.cl\/sites\/vc\/author\/valpoadmin\/\"}]}<\/script>\n<!-- \/ Yoast SEO plugin. -->","yoast_head_json":{"title":"UPLA inicia diciembre con serie de actividades culturales gratuitas en Museo Vergara - Valpara\u00ed\u00adso Creativo","robots":{"index":"index","follow":"follow","max-snippet":"max-snippet:-1","max-image-preview":"max-image-preview:large","max-video-preview":"max-video-preview:-1"},"canonical":"https:\/\/dev.antudigital.cl\/sites\/vc\/upla-inicia-diciembre-con-serie-de-actividades-culturales-gratuitas-en-museo-vergara\/","og_locale":"es_ES","og_type":"article","og_title":"UPLA inicia diciembre con serie de actividades culturales gratuitas en Museo Vergara - Valpara\u00ed\u00adso Creativo","og_description":"La Universidad de Playa Ancha, a trav\u00e9s de su Direcci\u00f3n de Vinculaci\u00f3n con el Medio, invita a toda la comunidad a disfrutar de una serie de actividades culturales gratuitas que se realizar\u00e1n desde el jueves 5 hasta el s\u00e1bado 7 de diciembre, a las 18:00 horas, en el emblem\u00e1tico Museo Palacio Vergara de Vi\u00f1a del [&hellip;]","og_url":"https:\/\/dev.antudigital.cl\/sites\/vc\/upla-inicia-diciembre-con-serie-de-actividades-culturales-gratuitas-en-museo-vergara\/","og_site_name":"Valpara\u00ed\u00adso Creativo","article_published_time":"2024-12-04T19:06:11+00:00","article_modified_time":"2024-12-04T19:06:27+00:00","og_image":[{"width":1080,"height":1080,"url":"https:\/\/dev.antudigital.cl\/sites\/vc\/wp-content\/uploads\/2024\/12\/WhatsApp-Image-2024-12-02-at-11.21.20-AM-2.jpeg","type":"image\/jpeg"}],"author":"Valpara\u00edso Creativo","twitter_card":"summary_large_image","twitter_misc":{"Escrito por":"Valpara\u00edso Creativo","Tiempo de lectura":"3 minutos"},"schema":{"@context":"https:\/\/schema.org","@graph":[{"@type":"Article","@id":"https:\/\/dev.antudigital.cl\/sites\/vc\/upla-inicia-diciembre-con-serie-de-actividades-culturales-gratuitas-en-museo-vergara\/#article","isPartOf":{"@id":"https:\/\/dev.antudigital.cl\/sites\/vc\/upla-inicia-diciembre-con-serie-de-actividades-culturales-gratuitas-en-museo-vergara\/"},"author":{"name":"Valpara\u00edso Creativo","@id":"https:\/\/dev.antudigital.cl\/sites\/vc\/#\/schema\/person\/c2b9da8dd545e27166fc5ab232837318"},"headline":"UPLA inicia diciembre con serie de actividades culturales gratuitas en Museo Vergara","datePublished":"2024-12-04T19:06:11+00:00","dateModified":"2024-12-04T19:06:27+00:00","mainEntityOfPage":{"@id":"https:\/\/dev.antudigital.cl\/sites\/vc\/upla-inicia-diciembre-con-serie-de-actividades-culturales-gratuitas-en-museo-vergara\/"},"wordCount":461,"image":{"@id":"https:\/\/dev.antudigital.cl\/sites\/vc\/upla-inicia-diciembre-con-serie-de-actividades-culturales-gratuitas-en-museo-vergara\/#primaryimage"},"thumbnailUrl":"https:\/\/dev.antudigital.cl\/sites\/vc\/wp-content\/uploads\/2024\/12\/WhatsApp-Image-2024-12-02-at-11.21.20-AM-2.jpeg","articleSection":["Noticia"],"inLanguage":"es"},{"@type":"WebPage","@id":"https:\/\/dev.antudigital.cl\/sites\/vc\/upla-inicia-diciembre-con-serie-de-actividades-culturales-gratuitas-en-museo-vergara\/","url":"https:\/\/dev.antudigital.cl\/sites\/vc\/upla-inicia-diciembre-con-serie-de-actividades-culturales-gratuitas-en-museo-vergara\/","name":"UPLA inicia diciembre con serie de actividades culturales gratuitas en Museo Vergara - Valpara\u00ed\u00adso Creativo","isPartOf":{"@id":"https:\/\/dev.antudigital.cl\/sites\/vc\/#website"},"primaryImageOfPage":{"@id":"https:\/\/dev.antudigital.cl\/sites\/vc\/upla-inicia-diciembre-con-serie-de-actividades-culturales-gratuitas-en-museo-vergara\/#primaryimage"},"image":{"@id":"https:\/\/dev.antudigital.cl\/sites\/vc\/upla-inicia-diciembre-con-serie-de-actividades-culturales-gratuitas-en-museo-vergara\/#primaryimage"},"thumbnailUrl":"https:\/\/dev.antudigital.cl\/sites\/vc\/wp-content\/uploads\/2024\/12\/WhatsApp-Image-2024-12-02-at-11.21.20-AM-2.jpeg","datePublished":"2024-12-04T19:06:11+00:00","dateModified":"2024-12-04T19:06:27+00:00","author":{"@id":"https:\/\/dev.antudigital.cl\/sites\/vc\/#\/schema\/person\/c2b9da8dd545e27166fc5ab232837318"},"breadcrumb":{"@id":"https:\/\/dev.antudigital.cl\/sites\/vc\/upla-inicia-diciembre-con-serie-de-actividades-culturales-gratuitas-en-museo-vergara\/#breadcrumb"},"inLanguage":"es","potentialAction":[{"@type":"ReadAction","target":["https:\/\/dev.antudigital.cl\/sites\/vc\/upla-inicia-diciembre-con-serie-de-actividades-culturales-gratuitas-en-museo-vergara\/"]}]},{"@type":"ImageObject","inLanguage":"es","@id":"https:\/\/dev.antudigital.cl\/sites\/vc\/upla-inicia-diciembre-con-serie-de-actividades-culturales-gratuitas-en-museo-vergara\/#primaryimage","url":"https:\/\/dev.antudigital.cl\/sites\/vc\/wp-content\/uploads\/2024\/12\/WhatsApp-Image-2024-12-02-at-11.21.20-AM-2.jpeg","contentUrl":"https:\/\/dev.antudigital.cl\/sites\/vc\/wp-content\/uploads\/2024\/12\/WhatsApp-Image-2024-12-02-at-11.21.20-AM-2.jpeg","width":1080,"height":1080},{"@type":"BreadcrumbList","@id":"https:\/\/dev.antudigital.cl\/sites\/vc\/upla-inicia-diciembre-con-serie-de-actividades-culturales-gratuitas-en-museo-vergara\/#breadcrumb","itemListElement":[{"@type":"ListItem","position":1,"name":"Home","item":"https:\/\/dev.antudigital.cl\/sites\/vc\/"},{"@type":"ListItem","position":2,"name":"UPLA inicia diciembre con serie de actividades culturales gratuitas en Museo Vergara"}]},{"@type":"WebSite","@id":"https:\/\/dev.antudigital.cl\/sites\/vc\/#website","url":"https:\/\/dev.antudigital.cl\/sites\/vc\/","name":"Valpara\u00ed\u00adso Creativo","description":"","potentialAction":[{"@type":"SearchAction","target":{"@type":"EntryPoint","urlTemplate":"https:\/\/dev.antudigital.cl\/sites\/vc\/?s={search_term_string}"},"query-input":{"@type":"PropertyValueSpecification","valueRequired":true,"valueName":"search_term_string"}}],"inLanguage":"es"},{"@type":"Person","@id":"https:\/\/dev.antudigital.cl\/sites\/vc\/#\/schema\/person\/c2b9da8dd545e27166fc5ab232837318","name":"Valpara\u00edso Creativo","description":"Periodista de cultura en la Regi\u00f3n de Valpara\u00edso.","url":"https:\/\/dev.antudigital.cl\/sites\/vc\/author\/valpoadmin\/"}]}},"_links":{"self":[{"href":"https:\/\/dev.antudigital.cl\/sites\/vc\/wp-json\/wp\/v2\/posts\/21379","targetHints":{"allow":["GET"]}}],"collection":[{"href":"https:\/\/dev.antudigital.cl\/sites\/vc\/wp-json\/wp\/v2\/posts"}],"about":[{"href":"https:\/\/dev.antudigital.cl\/sites\/vc\/wp-json\/wp\/v2\/types\/post"}],"author":[{"embeddable":true,"href":"https:\/\/dev.antudigital.cl\/sites\/vc\/wp-json\/wp\/v2\/users\/1"}],"replies":[{"embeddable":true,"href":"https:\/\/dev.antudigital.cl\/sites\/vc\/wp-json\/wp\/v2\/comments?post=21379"}],"version-history":[{"count":1,"href":"https:\/\/dev.antudigital.cl\/sites\/vc\/wp-json\/wp\/v2\/posts\/21379\/revisions"}],"predecessor-version":[{"id":21383,"href":"https:\/\/dev.antudigital.cl\/sites\/vc\/wp-json\/wp\/v2\/posts\/21379\/revisions\/21383"}],"wp:featuredmedia":[{"embeddable":true,"href":"https:\/\/dev.antudigital.cl\/sites\/vc\/wp-json\/wp\/v2\/media\/21381"}],"wp:attachment":[{"href":"https:\/\/dev.antudigital.cl\/sites\/vc\/wp-json\/wp\/v2\/media?parent=21379"}],"wp:term":[{"taxonomy":"category","embeddable":true,"href":"https:\/\/dev.antudigital.cl\/sites\/vc\/wp-json\/wp\/v2\/categories?post=21379"},{"taxonomy":"post_tag","embeddable":true,"href":"https:\/\/dev.antudigital.cl\/sites\/vc\/wp-json\/wp\/v2\/tags?post=21379"}],"curies":[{"name":"wp","href":"https:\/\/api.w.org\/{rel}","templated":true}]}}