{"id":21384,"date":"2024-12-04T19:10:09","date_gmt":"2024-12-04T19:10:09","guid":{"rendered":"https:\/\/www.valparaisocreativo.cl\/?p=21384"},"modified":"2024-12-04T19:10:24","modified_gmt":"2024-12-04T19:10:24","slug":"aprendiendo-en-la-naturaleza-curso-gratuito-para-profesores-en-artequin-vina-del-mar","status":"publish","type":"post","link":"https:\/\/dev.antudigital.cl\/sites\/vc\/aprendiendo-en-la-naturaleza-curso-gratuito-para-profesores-en-artequin-vina-del-mar\/","title":{"rendered":"Aprendiendo en la Naturaleza: Curso gratuito para Profesores en Artequin Vi\u00f1a del Mar"},"content":{"rendered":"\n<p>El Museo Artequin Vi\u00f1a del Mar se prepara para recibir a profesores de diversas \u00e1reas educativas en el curso presencial <strong>\u00abAprendiendo en la Naturaleza\u00bb<\/strong>, una instancia \u00fanica para explorar nuevas metodolog\u00edas que integran el entorno natural como herramienta pedag\u00f3gica. Este taller se realizar\u00e1 el pr\u00f3ximo <strong>s\u00e1bado 7 de diciembre<\/strong>, de <strong>11:00 a 16:00 hrs<\/strong>, en el hermoso entorno del Parque Quinta Vergara, un espacio que ofrece la combinaci\u00f3n perfecta de tranquilidad, conexi\u00f3n con la naturaleza y cercan\u00eda urbana.<\/p>\n\n\n\n<h3 class=\"wp-block-heading\"><strong>\u00bfPor qu\u00e9 aprender en la naturaleza?<\/strong><\/h3>\n\n\n\n<p>El aprendizaje al aire libre no solo fomenta una conexi\u00f3n m\u00e1s profunda con el medioambiente, sino que tambi\u00e9n potencia habilidades como la creatividad, el trabajo en equipo y la capacidad de observaci\u00f3n. Este taller tiene como objetivo proporcionar herramientas pr\u00e1cticas que los profesores puedan aplicar en sus aulas, adapt\u00e1ndose a diferentes niveles educativos y contextos.<\/p>\n\n\n\n<h3 class=\"wp-block-heading\"><strong>Contenido del taller<\/strong><\/h3>\n\n\n\n<p>El curso est\u00e1 estructurado en cuatro m\u00f3dulos dise\u00f1ados para explorar el potencial educativo de la naturaleza:<\/p>\n\n\n\n<ol class=\"wp-block-list\">\n<li><strong>Aprendizaje en la naturaleza como gestor de beneficios:<\/strong> Una introducci\u00f3n a los impactos positivos de la educaci\u00f3n en entornos naturales.<\/li>\n\n\n\n<li><strong>Juego como lenguaje:<\/strong> C\u00f3mo utilizar el juego como una herramienta poderosa para la ense\u00f1anza.<\/li>\n\n\n\n<li><strong>La importancia del tiempo en el desarrollo del aprendizaje:<\/strong> Reflexiones sobre c\u00f3mo el ritmo natural contribuye al aprendizaje.<\/li>\n\n\n\n<li><strong>Planificaci\u00f3n de actividades basadas en el curr\u00edculo:<\/strong> Creaci\u00f3n de estrategias educativas adaptadas al entorno natural.<\/li>\n<\/ol>\n\n\n\n<h3 class=\"wp-block-heading\"><strong>Facilitadoras expertas<\/strong><\/h3>\n\n\n\n<p>El taller ser\u00e1 guiado por <strong>Klaudia Kachele Fuentes<\/strong> y <strong>Alejandra D\u00edaz Cruz<\/strong>, fundadoras de <strong>Outdoor Learning Chile<\/strong>, una organizaci\u00f3n con base en Conc\u00f3n que promueve la ense\u00f1anza al aire libre. Ambas cuentan con una amplia experiencia en educaci\u00f3n basada en la naturaleza, destac\u00e1ndose como referentes en este \u00e1mbito en Chile.<\/p>\n\n\n\n<h3 class=\"wp-block-heading\"><strong>Un entorno ideal para aprender<\/strong><\/h3>\n\n\n\n<p>Ubicado en el coraz\u00f3n de Vi\u00f1a del Mar, el Parque Quinta Vergara no solo ofrece un espacio de calma rodeado de naturaleza, sino que tambi\u00e9n se encuentra a pasos de la estaci\u00f3n del tren, facilitando el acceso desde diferentes puntos de la ciudad. Este entorno privilegiado se convierte en el marco ideal para una experiencia de aprendizaje inspiradora y transformadora.<\/p>\n\n\n\n<h3 class=\"wp-block-heading\"><strong>Detalles pr\u00e1cticos<\/strong><\/h3>\n\n\n\n<ul class=\"wp-block-list\">\n<li>&#x1f4cd; <strong>Lugar<\/strong>: Museo Artequin Vi\u00f1a del Mar, Parque Quinta Vergara<\/li>\n\n\n\n<li>&#x1f570;&#xfe0f; <strong>Horario<\/strong>: 11:00 a 16:00 hrs<\/li>\n\n\n\n<li>&#x1f4c6; <strong>Fecha<\/strong>: S\u00e1bado 7 de diciembre<\/li>\n\n\n\n<li>&#x1f39f;&#xfe0f; <strong>Reservas<\/strong>:<a href=\"mailto:inscripciones@artequinvina.cl\">inscripciones@artequinvina.cl<\/a><br>. M\u00e1s informaci\u00f3n en<a href=\"http:\/\/www.artequinvina.cl\"> www.artequinvina.cl<\/a><\/li>\n<\/ul>\n\n\n\n<p>\u00a1\u00danete a esta innovadora jornada y transforma tus pr\u00e1cticas educativas con la magia de la naturaleza! &#x1f333;<\/p>\n\n\n\n<figure class=\"wp-block-image size-large\"><img fetchpriority=\"high\" decoding=\"async\" width=\"1024\" height=\"1024\" src=\"https:\/\/www.valparaisocreativo.cl\/wp-content\/uploads\/2024\/12\/Curso-de-Profes-3-post-1-1024x1024.jpg\" alt=\"\" class=\"wp-image-21386\" srcset=\"https:\/\/dev.antudigital.cl\/sites\/vc\/wp-content\/uploads\/2024\/12\/Curso-de-Profes-3-post-1-1024x1024.jpg 1024w, https:\/\/dev.antudigital.cl\/sites\/vc\/wp-content\/uploads\/2024\/12\/Curso-de-Profes-3-post-1-300x300.jpg 300w, https:\/\/dev.antudigital.cl\/sites\/vc\/wp-content\/uploads\/2024\/12\/Curso-de-Profes-3-post-1-150x150.jpg 150w, https:\/\/dev.antudigital.cl\/sites\/vc\/wp-content\/uploads\/2024\/12\/Curso-de-Profes-3-post-1-768x767.jpg 768w, https:\/\/dev.antudigital.cl\/sites\/vc\/wp-content\/uploads\/2024\/12\/Curso-de-Profes-3-post-1-1080x1079.jpg 1080w, https:\/\/dev.antudigital.cl\/sites\/vc\/wp-content\/uploads\/2024\/12\/Curso-de-Profes-3-post-1-1280x1279.jpg 1280w, https:\/\/dev.antudigital.cl\/sites\/vc\/wp-content\/uploads\/2024\/12\/Curso-de-Profes-3-post-1-980x979.jpg 980w, https:\/\/dev.antudigital.cl\/sites\/vc\/wp-content\/uploads\/2024\/12\/Curso-de-Profes-3-post-1-480x480.jpg 480w, https:\/\/dev.antudigital.cl\/sites\/vc\/wp-content\/uploads\/2024\/12\/Curso-de-Profes-3-post-1-24x24.jpg 24w, https:\/\/dev.antudigital.cl\/sites\/vc\/wp-content\/uploads\/2024\/12\/Curso-de-Profes-3-post-1-36x36.jpg 36w, https:\/\/dev.antudigital.cl\/sites\/vc\/wp-content\/uploads\/2024\/12\/Curso-de-Profes-3-post-1-48x48.jpg 48w, https:\/\/dev.antudigital.cl\/sites\/vc\/wp-content\/uploads\/2024\/12\/Curso-de-Profes-3-post-1.jpg 1441w\" sizes=\"(max-width: 1024px) 100vw, 1024px\" \/><\/figure>\n","protected":false},"excerpt":{"rendered":"<p>El Museo Artequin Vi\u00f1a del Mar se prepara para recibir a profesores de diversas \u00e1reas educativas en el curso presencial \u00abAprendiendo en la Naturaleza\u00bb, una instancia \u00fanica para explorar nuevas metodolog\u00edas que integran el entorno natural como herramienta pedag\u00f3gica. Este taller se realizar\u00e1 el pr\u00f3ximo s\u00e1bado 7 de diciembre, de 11:00 a 16:00 hrs, en [&hellip;]<\/p>\n","protected":false},"author":1,"featured_media":21385,"comment_status":"closed","ping_status":"closed","sticky":false,"template":"","format":"standard","meta":{"_acf_changed":false,"footnotes":""},"categories":[8],"tags":[],"class_list":["post-21384","post","type-post","status-publish","format-standard","has-post-thumbnail","hentry","category-noticia"],"acf":[],"yoast_head":"<!-- This site is optimized with the Yoast SEO plugin v27.1.1 - https:\/\/yoast.com\/product\/yoast-seo-wordpress\/ -->\n<title>Aprendiendo en la Naturaleza: Curso gratuito para Profesores en Artequin Vi\u00f1a del Mar - Valpara\u00ed\u00adso Creativo<\/title>\n<meta name=\"robots\" content=\"index, follow, max-snippet:-1, max-image-preview:large, max-video-preview:-1\" \/>\n<link rel=\"canonical\" href=\"https:\/\/dev.antudigital.cl\/sites\/vc\/aprendiendo-en-la-naturaleza-curso-gratuito-para-profesores-en-artequin-vina-del-mar\/\" \/>\n<meta property=\"og:locale\" content=\"es_ES\" \/>\n<meta property=\"og:type\" content=\"article\" \/>\n<meta property=\"og:title\" content=\"Aprendiendo en la Naturaleza: Curso gratuito para Profesores en Artequin Vi\u00f1a del Mar - Valpara\u00ed\u00adso Creativo\" \/>\n<meta property=\"og:description\" content=\"El Museo Artequin Vi\u00f1a del Mar se prepara para recibir a profesores de diversas \u00e1reas educativas en el curso presencial \u00abAprendiendo en la Naturaleza\u00bb, una instancia \u00fanica para explorar nuevas metodolog\u00edas que integran el entorno natural como herramienta pedag\u00f3gica. Este taller se realizar\u00e1 el pr\u00f3ximo s\u00e1bado 7 de diciembre, de 11:00 a 16:00 hrs, en [&hellip;]\" \/>\n<meta property=\"og:url\" content=\"https:\/\/dev.antudigital.cl\/sites\/vc\/aprendiendo-en-la-naturaleza-curso-gratuito-para-profesores-en-artequin-vina-del-mar\/\" \/>\n<meta property=\"og:site_name\" content=\"Valpara\u00ed\u00adso Creativo\" \/>\n<meta property=\"article:published_time\" content=\"2024-12-04T19:10:09+00:00\" \/>\n<meta property=\"article:modified_time\" content=\"2024-12-04T19:10:24+00:00\" \/>\n<meta property=\"og:image\" content=\"https:\/\/dev.antudigital.cl\/sites\/vc\/wp-content\/uploads\/2024\/12\/T.Profes-19-scaled.jpg\" \/>\n\t<meta property=\"og:image:width\" content=\"2560\" \/>\n\t<meta property=\"og:image:height\" content=\"1707\" \/>\n\t<meta property=\"og:image:type\" content=\"image\/jpeg\" \/>\n<meta name=\"author\" content=\"Valpara\u00edso Creativo\" \/>\n<meta name=\"twitter:card\" content=\"summary_large_image\" \/>\n<meta name=\"twitter:label1\" content=\"Escrito por\" \/>\n\t<meta name=\"twitter:data1\" content=\"Valpara\u00edso Creativo\" \/>\n\t<meta name=\"twitter:label2\" content=\"Tiempo de lectura\" \/>\n\t<meta name=\"twitter:data2\" content=\"3 minutos\" \/>\n<script type=\"application\/ld+json\" class=\"yoast-schema-graph\">{\"@context\":\"https:\/\/schema.org\",\"@graph\":[{\"@type\":\"Article\",\"@id\":\"https:\/\/dev.antudigital.cl\/sites\/vc\/aprendiendo-en-la-naturaleza-curso-gratuito-para-profesores-en-artequin-vina-del-mar\/#article\",\"isPartOf\":{\"@id\":\"https:\/\/dev.antudigital.cl\/sites\/vc\/aprendiendo-en-la-naturaleza-curso-gratuito-para-profesores-en-artequin-vina-del-mar\/\"},\"author\":{\"name\":\"Valpara\u00edso Creativo\",\"@id\":\"https:\/\/dev.antudigital.cl\/sites\/vc\/#\/schema\/person\/c2b9da8dd545e27166fc5ab232837318\"},\"headline\":\"Aprendiendo en la Naturaleza: Curso gratuito para Profesores en Artequin Vi\u00f1a del Mar\",\"datePublished\":\"2024-12-04T19:10:09+00:00\",\"dateModified\":\"2024-12-04T19:10:24+00:00\",\"mainEntityOfPage\":{\"@id\":\"https:\/\/dev.antudigital.cl\/sites\/vc\/aprendiendo-en-la-naturaleza-curso-gratuito-para-profesores-en-artequin-vina-del-mar\/\"},\"wordCount\":454,\"image\":{\"@id\":\"https:\/\/dev.antudigital.cl\/sites\/vc\/aprendiendo-en-la-naturaleza-curso-gratuito-para-profesores-en-artequin-vina-del-mar\/#primaryimage\"},\"thumbnailUrl\":\"https:\/\/dev.antudigital.cl\/sites\/vc\/wp-content\/uploads\/2024\/12\/T.Profes-19-scaled.jpg\",\"articleSection\":[\"Noticia\"],\"inLanguage\":\"es\"},{\"@type\":\"WebPage\",\"@id\":\"https:\/\/dev.antudigital.cl\/sites\/vc\/aprendiendo-en-la-naturaleza-curso-gratuito-para-profesores-en-artequin-vina-del-mar\/\",\"url\":\"https:\/\/dev.antudigital.cl\/sites\/vc\/aprendiendo-en-la-naturaleza-curso-gratuito-para-profesores-en-artequin-vina-del-mar\/\",\"name\":\"Aprendiendo en la Naturaleza: Curso gratuito para Profesores en Artequin Vi\u00f1a del Mar - Valpara\u00ed\u00adso Creativo\",\"isPartOf\":{\"@id\":\"https:\/\/dev.antudigital.cl\/sites\/vc\/#website\"},\"primaryImageOfPage\":{\"@id\":\"https:\/\/dev.antudigital.cl\/sites\/vc\/aprendiendo-en-la-naturaleza-curso-gratuito-para-profesores-en-artequin-vina-del-mar\/#primaryimage\"},\"image\":{\"@id\":\"https:\/\/dev.antudigital.cl\/sites\/vc\/aprendiendo-en-la-naturaleza-curso-gratuito-para-profesores-en-artequin-vina-del-mar\/#primaryimage\"},\"thumbnailUrl\":\"https:\/\/dev.antudigital.cl\/sites\/vc\/wp-content\/uploads\/2024\/12\/T.Profes-19-scaled.jpg\",\"datePublished\":\"2024-12-04T19:10:09+00:00\",\"dateModified\":\"2024-12-04T19:10:24+00:00\",\"author\":{\"@id\":\"https:\/\/dev.antudigital.cl\/sites\/vc\/#\/schema\/person\/c2b9da8dd545e27166fc5ab232837318\"},\"breadcrumb\":{\"@id\":\"https:\/\/dev.antudigital.cl\/sites\/vc\/aprendiendo-en-la-naturaleza-curso-gratuito-para-profesores-en-artequin-vina-del-mar\/#breadcrumb\"},\"inLanguage\":\"es\",\"potentialAction\":[{\"@type\":\"ReadAction\",\"target\":[\"https:\/\/dev.antudigital.cl\/sites\/vc\/aprendiendo-en-la-naturaleza-curso-gratuito-para-profesores-en-artequin-vina-del-mar\/\"]}]},{\"@type\":\"ImageObject\",\"inLanguage\":\"es\",\"@id\":\"https:\/\/dev.antudigital.cl\/sites\/vc\/aprendiendo-en-la-naturaleza-curso-gratuito-para-profesores-en-artequin-vina-del-mar\/#primaryimage\",\"url\":\"https:\/\/dev.antudigital.cl\/sites\/vc\/wp-content\/uploads\/2024\/12\/T.Profes-19-scaled.jpg\",\"contentUrl\":\"https:\/\/dev.antudigital.cl\/sites\/vc\/wp-content\/uploads\/2024\/12\/T.Profes-19-scaled.jpg\",\"width\":2560,\"height\":1707},{\"@type\":\"BreadcrumbList\",\"@id\":\"https:\/\/dev.antudigital.cl\/sites\/vc\/aprendiendo-en-la-naturaleza-curso-gratuito-para-profesores-en-artequin-vina-del-mar\/#breadcrumb\",\"itemListElement\":[{\"@type\":\"ListItem\",\"position\":1,\"name\":\"Home\",\"item\":\"https:\/\/dev.antudigital.cl\/sites\/vc\/\"},{\"@type\":\"ListItem\",\"position\":2,\"name\":\"Aprendiendo en la Naturaleza: Curso gratuito para Profesores en Artequin Vi\u00f1a del Mar\"}]},{\"@type\":\"WebSite\",\"@id\":\"https:\/\/dev.antudigital.cl\/sites\/vc\/#website\",\"url\":\"https:\/\/dev.antudigital.cl\/sites\/vc\/\",\"name\":\"Valpara\u00ed\u00adso Creativo\",\"description\":\"\",\"potentialAction\":[{\"@type\":\"SearchAction\",\"target\":{\"@type\":\"EntryPoint\",\"urlTemplate\":\"https:\/\/dev.antudigital.cl\/sites\/vc\/?s={search_term_string}\"},\"query-input\":{\"@type\":\"PropertyValueSpecification\",\"valueRequired\":true,\"valueName\":\"search_term_string\"}}],\"inLanguage\":\"es\"},{\"@type\":\"Person\",\"@id\":\"https:\/\/dev.antudigital.cl\/sites\/vc\/#\/schema\/person\/c2b9da8dd545e27166fc5ab232837318\",\"name\":\"Valpara\u00edso Creativo\",\"description\":\"Periodista de cultura en la Regi\u00f3n de Valpara\u00edso.\",\"url\":\"https:\/\/dev.antudigital.cl\/sites\/vc\/author\/valpoadmin\/\"}]}<\/script>\n<!-- \/ Yoast SEO plugin. -->","yoast_head_json":{"title":"Aprendiendo en la Naturaleza: Curso gratuito para Profesores en Artequin Vi\u00f1a del Mar - Valpara\u00ed\u00adso Creativo","robots":{"index":"index","follow":"follow","max-snippet":"max-snippet:-1","max-image-preview":"max-image-preview:large","max-video-preview":"max-video-preview:-1"},"canonical":"https:\/\/dev.antudigital.cl\/sites\/vc\/aprendiendo-en-la-naturaleza-curso-gratuito-para-profesores-en-artequin-vina-del-mar\/","og_locale":"es_ES","og_type":"article","og_title":"Aprendiendo en la Naturaleza: Curso gratuito para Profesores en Artequin Vi\u00f1a del Mar - Valpara\u00ed\u00adso Creativo","og_description":"El Museo Artequin Vi\u00f1a del Mar se prepara para recibir a profesores de diversas \u00e1reas educativas en el curso presencial \u00abAprendiendo en la Naturaleza\u00bb, una instancia \u00fanica para explorar nuevas metodolog\u00edas que integran el entorno natural como herramienta pedag\u00f3gica. Este taller se realizar\u00e1 el pr\u00f3ximo s\u00e1bado 7 de diciembre, de 11:00 a 16:00 hrs, en [&hellip;]","og_url":"https:\/\/dev.antudigital.cl\/sites\/vc\/aprendiendo-en-la-naturaleza-curso-gratuito-para-profesores-en-artequin-vina-del-mar\/","og_site_name":"Valpara\u00ed\u00adso Creativo","article_published_time":"2024-12-04T19:10:09+00:00","article_modified_time":"2024-12-04T19:10:24+00:00","og_image":[{"width":2560,"height":1707,"url":"https:\/\/dev.antudigital.cl\/sites\/vc\/wp-content\/uploads\/2024\/12\/T.Profes-19-scaled.jpg","type":"image\/jpeg"}],"author":"Valpara\u00edso Creativo","twitter_card":"summary_large_image","twitter_misc":{"Escrito por":"Valpara\u00edso Creativo","Tiempo de lectura":"3 minutos"},"schema":{"@context":"https:\/\/schema.org","@graph":[{"@type":"Article","@id":"https:\/\/dev.antudigital.cl\/sites\/vc\/aprendiendo-en-la-naturaleza-curso-gratuito-para-profesores-en-artequin-vina-del-mar\/#article","isPartOf":{"@id":"https:\/\/dev.antudigital.cl\/sites\/vc\/aprendiendo-en-la-naturaleza-curso-gratuito-para-profesores-en-artequin-vina-del-mar\/"},"author":{"name":"Valpara\u00edso Creativo","@id":"https:\/\/dev.antudigital.cl\/sites\/vc\/#\/schema\/person\/c2b9da8dd545e27166fc5ab232837318"},"headline":"Aprendiendo en la Naturaleza: Curso gratuito para Profesores en Artequin Vi\u00f1a del Mar","datePublished":"2024-12-04T19:10:09+00:00","dateModified":"2024-12-04T19:10:24+00:00","mainEntityOfPage":{"@id":"https:\/\/dev.antudigital.cl\/sites\/vc\/aprendiendo-en-la-naturaleza-curso-gratuito-para-profesores-en-artequin-vina-del-mar\/"},"wordCount":454,"image":{"@id":"https:\/\/dev.antudigital.cl\/sites\/vc\/aprendiendo-en-la-naturaleza-curso-gratuito-para-profesores-en-artequin-vina-del-mar\/#primaryimage"},"thumbnailUrl":"https:\/\/dev.antudigital.cl\/sites\/vc\/wp-content\/uploads\/2024\/12\/T.Profes-19-scaled.jpg","articleSection":["Noticia"],"inLanguage":"es"},{"@type":"WebPage","@id":"https:\/\/dev.antudigital.cl\/sites\/vc\/aprendiendo-en-la-naturaleza-curso-gratuito-para-profesores-en-artequin-vina-del-mar\/","url":"https:\/\/dev.antudigital.cl\/sites\/vc\/aprendiendo-en-la-naturaleza-curso-gratuito-para-profesores-en-artequin-vina-del-mar\/","name":"Aprendiendo en la Naturaleza: Curso gratuito para Profesores en Artequin Vi\u00f1a del Mar - Valpara\u00ed\u00adso Creativo","isPartOf":{"@id":"https:\/\/dev.antudigital.cl\/sites\/vc\/#website"},"primaryImageOfPage":{"@id":"https:\/\/dev.antudigital.cl\/sites\/vc\/aprendiendo-en-la-naturaleza-curso-gratuito-para-profesores-en-artequin-vina-del-mar\/#primaryimage"},"image":{"@id":"https:\/\/dev.antudigital.cl\/sites\/vc\/aprendiendo-en-la-naturaleza-curso-gratuito-para-profesores-en-artequin-vina-del-mar\/#primaryimage"},"thumbnailUrl":"https:\/\/dev.antudigital.cl\/sites\/vc\/wp-content\/uploads\/2024\/12\/T.Profes-19-scaled.jpg","datePublished":"2024-12-04T19:10:09+00:00","dateModified":"2024-12-04T19:10:24+00:00","author":{"@id":"https:\/\/dev.antudigital.cl\/sites\/vc\/#\/schema\/person\/c2b9da8dd545e27166fc5ab232837318"},"breadcrumb":{"@id":"https:\/\/dev.antudigital.cl\/sites\/vc\/aprendiendo-en-la-naturaleza-curso-gratuito-para-profesores-en-artequin-vina-del-mar\/#breadcrumb"},"inLanguage":"es","potentialAction":[{"@type":"ReadAction","target":["https:\/\/dev.antudigital.cl\/sites\/vc\/aprendiendo-en-la-naturaleza-curso-gratuito-para-profesores-en-artequin-vina-del-mar\/"]}]},{"@type":"ImageObject","inLanguage":"es","@id":"https:\/\/dev.antudigital.cl\/sites\/vc\/aprendiendo-en-la-naturaleza-curso-gratuito-para-profesores-en-artequin-vina-del-mar\/#primaryimage","url":"https:\/\/dev.antudigital.cl\/sites\/vc\/wp-content\/uploads\/2024\/12\/T.Profes-19-scaled.jpg","contentUrl":"https:\/\/dev.antudigital.cl\/sites\/vc\/wp-content\/uploads\/2024\/12\/T.Profes-19-scaled.jpg","width":2560,"height":1707},{"@type":"BreadcrumbList","@id":"https:\/\/dev.antudigital.cl\/sites\/vc\/aprendiendo-en-la-naturaleza-curso-gratuito-para-profesores-en-artequin-vina-del-mar\/#breadcrumb","itemListElement":[{"@type":"ListItem","position":1,"name":"Home","item":"https:\/\/dev.antudigital.cl\/sites\/vc\/"},{"@type":"ListItem","position":2,"name":"Aprendiendo en la Naturaleza: Curso gratuito para Profesores en Artequin Vi\u00f1a del Mar"}]},{"@type":"WebSite","@id":"https:\/\/dev.antudigital.cl\/sites\/vc\/#website","url":"https:\/\/dev.antudigital.cl\/sites\/vc\/","name":"Valpara\u00ed\u00adso Creativo","description":"","potentialAction":[{"@type":"SearchAction","target":{"@type":"EntryPoint","urlTemplate":"https:\/\/dev.antudigital.cl\/sites\/vc\/?s={search_term_string}"},"query-input":{"@type":"PropertyValueSpecification","valueRequired":true,"valueName":"search_term_string"}}],"inLanguage":"es"},{"@type":"Person","@id":"https:\/\/dev.antudigital.cl\/sites\/vc\/#\/schema\/person\/c2b9da8dd545e27166fc5ab232837318","name":"Valpara\u00edso Creativo","description":"Periodista de cultura en la Regi\u00f3n de Valpara\u00edso.","url":"https:\/\/dev.antudigital.cl\/sites\/vc\/author\/valpoadmin\/"}]}},"_links":{"self":[{"href":"https:\/\/dev.antudigital.cl\/sites\/vc\/wp-json\/wp\/v2\/posts\/21384","targetHints":{"allow":["GET"]}}],"collection":[{"href":"https:\/\/dev.antudigital.cl\/sites\/vc\/wp-json\/wp\/v2\/posts"}],"about":[{"href":"https:\/\/dev.antudigital.cl\/sites\/vc\/wp-json\/wp\/v2\/types\/post"}],"author":[{"embeddable":true,"href":"https:\/\/dev.antudigital.cl\/sites\/vc\/wp-json\/wp\/v2\/users\/1"}],"replies":[{"embeddable":true,"href":"https:\/\/dev.antudigital.cl\/sites\/vc\/wp-json\/wp\/v2\/comments?post=21384"}],"version-history":[{"count":1,"href":"https:\/\/dev.antudigital.cl\/sites\/vc\/wp-json\/wp\/v2\/posts\/21384\/revisions"}],"predecessor-version":[{"id":21387,"href":"https:\/\/dev.antudigital.cl\/sites\/vc\/wp-json\/wp\/v2\/posts\/21384\/revisions\/21387"}],"wp:featuredmedia":[{"embeddable":true,"href":"https:\/\/dev.antudigital.cl\/sites\/vc\/wp-json\/wp\/v2\/media\/21385"}],"wp:attachment":[{"href":"https:\/\/dev.antudigital.cl\/sites\/vc\/wp-json\/wp\/v2\/media?parent=21384"}],"wp:term":[{"taxonomy":"category","embeddable":true,"href":"https:\/\/dev.antudigital.cl\/sites\/vc\/wp-json\/wp\/v2\/categories?post=21384"},{"taxonomy":"post_tag","embeddable":true,"href":"https:\/\/dev.antudigital.cl\/sites\/vc\/wp-json\/wp\/v2\/tags?post=21384"}],"curies":[{"name":"wp","href":"https:\/\/api.w.org\/{rel}","templated":true}]}}