{"id":21388,"date":"2024-12-04T19:13:27","date_gmt":"2024-12-04T19:13:27","guid":{"rendered":"https:\/\/www.valparaisocreativo.cl\/?p=21388"},"modified":"2024-12-04T19:13:44","modified_gmt":"2024-12-04T19:13:44","slug":"el-documental-musical-stop-making-sense-y-la-ultima-pelicula-de-almodovar-se-estrenaran-en-insomnia","status":"publish","type":"post","link":"https:\/\/dev.antudigital.cl\/sites\/vc\/el-documental-musical-stop-making-sense-y-la-ultima-pelicula-de-almodovar-se-estrenaran-en-insomnia\/","title":{"rendered":"El documental musical Stop making sense y la \u00faltima pel\u00edcula de Almod\u00f3var se estrenar\u00e1n en INSOMNIA"},"content":{"rendered":"\n<p>Dos estrenos imperdibles trae la cartelera de INSOMNIA Teatro Condell para este jueves 5 de diciembre, partiendo con \u201cStop making sense\u201d, film del director Jonathan Demme, que se proyectar\u00e1 a las 18:30 horas y ha sido calificado como uno de los mejores documentales musicales de todos los tiempos y \u201cLa habitaci\u00f3n de al lado\u201d del director Pedro Almod\u00f3var, ganadora del Le\u00f3n de Oro del Festival de Cine de Venecia.<\/p>\n\n\n\n<p>Recientemente restaurada en 4K para coincidir con su 40 aniversario, la pel\u00edcula de 1984 rodada por el cineasta Jonathan Demme est\u00e1 considerada por la cr\u00edtica como la mejor pel\u00edcula concierto de todos los tiempos. Stop Making Sense est\u00e1 protagonizada por los miembros principales de la banda David Byrne, Tina Weymouth, Chris Frantz y Jerry Harrison junto con Bernie Worrell, Alex Weir, Steve Scales, Lynn Mabry y Edna Holt. La presentaci\u00f3n en vivo se film\u00f3 durante tres noches en el Teatro Pantages de Hollywood en diciembre de 1983 y presenta las canciones m\u00e1s memorables de Talking Heads. Stop making sense se proyectar\u00e1 los d\u00edas Jueves 5 (18:30), viernes 6 (20:45), s\u00e1bado 7 (19:00), domingo 8 (21:00), martes 10 (19:00), mi\u00e9rcoles 11 (21:00), s\u00e1bado 14 (21:30) y domingo 15 (19:00).<\/p>\n\n\n\n<figure class=\"wp-block-image size-large\"><img fetchpriority=\"high\" decoding=\"async\" width=\"1024\" height=\"576\" src=\"https:\/\/www.valparaisocreativo.cl\/wp-content\/uploads\/2024\/12\/Stop-making-sense-2-1024x576.jpeg\" alt=\"\" class=\"wp-image-21389\" srcset=\"https:\/\/dev.antudigital.cl\/sites\/vc\/wp-content\/uploads\/2024\/12\/Stop-making-sense-2-1024x576.jpeg 1024w, https:\/\/dev.antudigital.cl\/sites\/vc\/wp-content\/uploads\/2024\/12\/Stop-making-sense-2-300x169.jpeg 300w, https:\/\/dev.antudigital.cl\/sites\/vc\/wp-content\/uploads\/2024\/12\/Stop-making-sense-2-768x432.jpeg 768w, https:\/\/dev.antudigital.cl\/sites\/vc\/wp-content\/uploads\/2024\/12\/Stop-making-sense-2-1536x864.jpeg 1536w, https:\/\/dev.antudigital.cl\/sites\/vc\/wp-content\/uploads\/2024\/12\/Stop-making-sense-2-1080x608.jpeg 1080w, https:\/\/dev.antudigital.cl\/sites\/vc\/wp-content\/uploads\/2024\/12\/Stop-making-sense-2-1280x720.jpeg 1280w, https:\/\/dev.antudigital.cl\/sites\/vc\/wp-content\/uploads\/2024\/12\/Stop-making-sense-2-980x551.jpeg 980w, https:\/\/dev.antudigital.cl\/sites\/vc\/wp-content\/uploads\/2024\/12\/Stop-making-sense-2-480x270.jpeg 480w, https:\/\/dev.antudigital.cl\/sites\/vc\/wp-content\/uploads\/2024\/12\/Stop-making-sense-2-24x14.jpeg 24w, https:\/\/dev.antudigital.cl\/sites\/vc\/wp-content\/uploads\/2024\/12\/Stop-making-sense-2-36x20.jpeg 36w, https:\/\/dev.antudigital.cl\/sites\/vc\/wp-content\/uploads\/2024\/12\/Stop-making-sense-2-48x27.jpeg 48w, https:\/\/dev.antudigital.cl\/sites\/vc\/wp-content\/uploads\/2024\/12\/Stop-making-sense-2.jpeg 1600w\" sizes=\"(max-width: 1024px) 100vw, 1024px\" \/><\/figure>\n\n\n\n<p>Pedro Almod\u00f3var, conocido por piezas magistrales como \u201cMujeres al borde de un ataque de nervios\u201d, \u201c\u00c1tame\u201d o \u201cLa piel que habito\u201d, nos vuelve a sorprender con un profundo drama y el reencuentro entre dos amigas en \u201cLa piel que habito\u201d, protagonizada por Tilda Swinton y Julianne Moore.<\/p>\n\n\n\n<p>Este film habla de Ingrid y Martha, dos amigas de juventud. Ambas trabajaban en la misma revista, pero Ingrid acab\u00f3 convertida en novelista de autoficci\u00f3n y Martha en reportera de guerra. Las circunstancias de la vida las separaron y, despu\u00e9s de muchos a\u00f1os sin tener contacto, vuelven a encontrarse en una situaci\u00f3n extrema, pero extra\u00f1amente dulce. Primer largometraje rodado \u00edntegramente en ingl\u00e9s de Pedro Almod\u00f3var.<\/p>\n\n\n\n<p>Claudio Pereira, Programador de INSOMNIA teatro Condell, destac\u00f3 que: \u201cPedro Almod\u00f3var ha construido un cine donde&nbsp;la&nbsp;figura de&nbsp;la&nbsp;libertad y&nbsp;la&nbsp;complicidad entre quienes no encajan en el mundo se ha vuelto su voz. Defender el derecho de las personas para escoger&nbsp;la&nbsp;vida que quieren llevar, a quienes desean y aman, as\u00ed como lo que no se transa\u201d.<\/p>\n\n\n\n<figure class=\"wp-block-image size-large\"><img decoding=\"async\" width=\"1024\" height=\"576\" src=\"https:\/\/www.valparaisocreativo.cl\/wp-content\/uploads\/2024\/12\/La-habitacion-de-al-lado-1-1024x576.jpeg\" alt=\"\" class=\"wp-image-21391\" srcset=\"https:\/\/dev.antudigital.cl\/sites\/vc\/wp-content\/uploads\/2024\/12\/La-habitacion-de-al-lado-1-1024x576.jpeg 1024w, https:\/\/dev.antudigital.cl\/sites\/vc\/wp-content\/uploads\/2024\/12\/La-habitacion-de-al-lado-1-300x169.jpeg 300w, https:\/\/dev.antudigital.cl\/sites\/vc\/wp-content\/uploads\/2024\/12\/La-habitacion-de-al-lado-1-768x432.jpeg 768w, https:\/\/dev.antudigital.cl\/sites\/vc\/wp-content\/uploads\/2024\/12\/La-habitacion-de-al-lado-1-1080x608.jpeg 1080w, https:\/\/dev.antudigital.cl\/sites\/vc\/wp-content\/uploads\/2024\/12\/La-habitacion-de-al-lado-1-980x551.jpeg 980w, https:\/\/dev.antudigital.cl\/sites\/vc\/wp-content\/uploads\/2024\/12\/La-habitacion-de-al-lado-1-480x270.jpeg 480w, https:\/\/dev.antudigital.cl\/sites\/vc\/wp-content\/uploads\/2024\/12\/La-habitacion-de-al-lado-1-24x14.jpeg 24w, https:\/\/dev.antudigital.cl\/sites\/vc\/wp-content\/uploads\/2024\/12\/La-habitacion-de-al-lado-1-36x20.jpeg 36w, https:\/\/dev.antudigital.cl\/sites\/vc\/wp-content\/uploads\/2024\/12\/La-habitacion-de-al-lado-1-48x27.jpeg 48w, https:\/\/dev.antudigital.cl\/sites\/vc\/wp-content\/uploads\/2024\/12\/La-habitacion-de-al-lado-1.jpeg 1200w\" sizes=\"(max-width: 1024px) 100vw, 1024px\" \/><\/figure>\n\n\n\n<p>\u201cPedro construye de forma \u00fanica y con extrema propiedad universos de mujeres c\u00f3mplices, movidas por el afecto y&nbsp;la&nbsp;sororidad, ri\u00e9ndose de&nbsp;la&nbsp;brutalidad de un mundo binario y de cart\u00f3n como de esas novelas rosas y telenovelas que le encanta citar en sus escenas cargadas de un intenso pantone crom\u00e1tico de rojos, amarillos y azules el\u00e9ctricos, como en \u201cKika\u201d o su ic\u00f3nica \u201cMujeres al borde un ataque de nervios\u201d.&nbsp;Sus obras siempre deslizan o abordan directamente un contexto pol\u00edtico como&nbsp;la&nbsp;pesada y amarga carga de&nbsp;la&nbsp;\u00e9poca de Franco en \u201cMadres paralelas\u201d, \u201cCarne tr\u00e9mula\u201d o estar en el centro del hurac\u00e1n del destape espa\u00f1ol como en \u201cLaberinto de pasiones\u201d y \u201cPepi, Lucy, Bom y otras chicas del mont\u00f3n\u201d (pel\u00edcula prohibida en Chile por casi 2 d\u00e9cadas)\u201d.&nbsp;<\/p>\n\n\n\n<p>Respecto a \u201cLa habitaci\u00f3n de al lado\u201d, Pereira afirm\u00f3 que: \u201cha sido ovacionada y aclamada, y es donde se cristaliza todo lo anteriormente dicho, porque su primera pel\u00edcula en ingl\u00e9s jam\u00e1s deja de ser una \u201cAlmod\u00f3var\u201d, donde sus protagonistas son mujeres que necesitan acompa\u00f1arse, tom\u00e1ndose&nbsp;la&nbsp;mano y resistiendo el dolor, defendiendo su derecho a elegir, a pesar de que el mundo se los niegue, en donde&nbsp;la&nbsp;palabra libertad a\u00fan sigue siendo una idea m\u00e1s que hecho.&nbsp; Con pre &#8211; estreno en FICVI\u00d1A 2024, llega a nuestras salas esta&nbsp;nueva Obra Maestra que seguramente traer\u00e1 profundas y complejas conversaciones, porque Pedro aborda de una manera&nbsp;\u00fanica el tema de&nbsp;la&nbsp;muerte, sin paternalismos, sin morbo, con&nbsp;la&nbsp;humanidad, amor, dulzura e incluso con&nbsp;la&nbsp;tranquilidad y empat\u00eda que solo \u00e9l sabe hacer\u201d.<\/p>\n\n\n\n<p>La habitaci\u00f3n de al lado se proyectar\u00e1 los d\u00edas jueves 5 (20:30), viernes 06 (16:30), s\u00e1bado 7 (21:00), domingo 8 (19:00), marte 10 (21:00), mi\u00e9rcoles 11 (19:00), jueves 12 (15:00) y s\u00e1bado 14 (17:30). Las entradas est\u00e1n disponibles para la venta en boleter\u00eda ubicada en Condell 1585. Para m\u00e1s informaci\u00f3n visita&nbsp;<a href=\"http:\/\/www.insomniacine.cl\/\" target=\"_blank\" rel=\"noreferrer noopener\">www.insomniacine.cl<\/a>.&nbsp;<\/p>\n","protected":false},"excerpt":{"rendered":"<p>Dos estrenos imperdibles trae la cartelera de INSOMNIA Teatro Condell para este jueves 5 de diciembre, partiendo con \u201cStop making sense\u201d, film del director Jonathan Demme, que se proyectar\u00e1 a las 18:30 horas y ha sido calificado como uno de los mejores documentales musicales de todos los tiempos y \u201cLa habitaci\u00f3n de al lado\u201d del [&hellip;]<\/p>\n","protected":false},"author":1,"featured_media":21390,"comment_status":"closed","ping_status":"closed","sticky":false,"template":"","format":"standard","meta":{"_acf_changed":false,"footnotes":""},"categories":[8],"tags":[],"class_list":["post-21388","post","type-post","status-publish","format-standard","has-post-thumbnail","hentry","category-noticia"],"acf":[],"yoast_head":"<!-- This site is optimized with the Yoast SEO plugin v27.1.1 - https:\/\/yoast.com\/product\/yoast-seo-wordpress\/ -->\n<title>El documental musical Stop making sense y la \u00faltima pel\u00edcula de Almod\u00f3var se estrenar\u00e1n en INSOMNIA - Valpara\u00ed\u00adso Creativo<\/title>\n<meta name=\"robots\" content=\"index, follow, max-snippet:-1, max-image-preview:large, max-video-preview:-1\" \/>\n<link rel=\"canonical\" href=\"https:\/\/dev.antudigital.cl\/sites\/vc\/el-documental-musical-stop-making-sense-y-la-ultima-pelicula-de-almodovar-se-estrenaran-en-insomnia\/\" \/>\n<meta property=\"og:locale\" content=\"es_ES\" \/>\n<meta property=\"og:type\" content=\"article\" \/>\n<meta property=\"og:title\" content=\"El documental musical Stop making sense y la \u00faltima pel\u00edcula de Almod\u00f3var se estrenar\u00e1n en INSOMNIA - Valpara\u00ed\u00adso Creativo\" \/>\n<meta property=\"og:description\" content=\"Dos estrenos imperdibles trae la cartelera de INSOMNIA Teatro Condell para este jueves 5 de diciembre, partiendo con \u201cStop making sense\u201d, film del director Jonathan Demme, que se proyectar\u00e1 a las 18:30 horas y ha sido calificado como uno de los mejores documentales musicales de todos los tiempos y \u201cLa habitaci\u00f3n de al lado\u201d del [&hellip;]\" \/>\n<meta property=\"og:url\" content=\"https:\/\/dev.antudigital.cl\/sites\/vc\/el-documental-musical-stop-making-sense-y-la-ultima-pelicula-de-almodovar-se-estrenaran-en-insomnia\/\" \/>\n<meta property=\"og:site_name\" content=\"Valpara\u00ed\u00adso Creativo\" \/>\n<meta property=\"article:published_time\" content=\"2024-12-04T19:13:27+00:00\" \/>\n<meta property=\"article:modified_time\" content=\"2024-12-04T19:13:44+00:00\" \/>\n<meta property=\"og:image\" content=\"https:\/\/dev.antudigital.cl\/sites\/vc\/wp-content\/uploads\/2024\/12\/Stop-making-sense-1.jpeg\" \/>\n\t<meta property=\"og:image:width\" content=\"1200\" \/>\n\t<meta property=\"og:image:height\" content=\"797\" \/>\n\t<meta property=\"og:image:type\" content=\"image\/jpeg\" \/>\n<meta name=\"author\" content=\"Valpara\u00edso Creativo\" \/>\n<meta name=\"twitter:card\" content=\"summary_large_image\" \/>\n<meta name=\"twitter:label1\" content=\"Escrito por\" \/>\n\t<meta name=\"twitter:data1\" content=\"Valpara\u00edso Creativo\" \/>\n\t<meta name=\"twitter:label2\" content=\"Tiempo de lectura\" \/>\n\t<meta name=\"twitter:data2\" content=\"4 minutos\" \/>\n<script type=\"application\/ld+json\" class=\"yoast-schema-graph\">{\"@context\":\"https:\/\/schema.org\",\"@graph\":[{\"@type\":\"Article\",\"@id\":\"https:\/\/dev.antudigital.cl\/sites\/vc\/el-documental-musical-stop-making-sense-y-la-ultima-pelicula-de-almodovar-se-estrenaran-en-insomnia\/#article\",\"isPartOf\":{\"@id\":\"https:\/\/dev.antudigital.cl\/sites\/vc\/el-documental-musical-stop-making-sense-y-la-ultima-pelicula-de-almodovar-se-estrenaran-en-insomnia\/\"},\"author\":{\"name\":\"Valpara\u00edso Creativo\",\"@id\":\"https:\/\/dev.antudigital.cl\/sites\/vc\/#\/schema\/person\/c2b9da8dd545e27166fc5ab232837318\"},\"headline\":\"El documental musical Stop making sense y la \u00faltima pel\u00edcula de Almod\u00f3var se estrenar\u00e1n en INSOMNIA\",\"datePublished\":\"2024-12-04T19:13:27+00:00\",\"dateModified\":\"2024-12-04T19:13:44+00:00\",\"mainEntityOfPage\":{\"@id\":\"https:\/\/dev.antudigital.cl\/sites\/vc\/el-documental-musical-stop-making-sense-y-la-ultima-pelicula-de-almodovar-se-estrenaran-en-insomnia\/\"},\"wordCount\":751,\"image\":{\"@id\":\"https:\/\/dev.antudigital.cl\/sites\/vc\/el-documental-musical-stop-making-sense-y-la-ultima-pelicula-de-almodovar-se-estrenaran-en-insomnia\/#primaryimage\"},\"thumbnailUrl\":\"https:\/\/dev.antudigital.cl\/sites\/vc\/wp-content\/uploads\/2024\/12\/Stop-making-sense-1.jpeg\",\"articleSection\":[\"Noticia\"],\"inLanguage\":\"es\"},{\"@type\":\"WebPage\",\"@id\":\"https:\/\/dev.antudigital.cl\/sites\/vc\/el-documental-musical-stop-making-sense-y-la-ultima-pelicula-de-almodovar-se-estrenaran-en-insomnia\/\",\"url\":\"https:\/\/dev.antudigital.cl\/sites\/vc\/el-documental-musical-stop-making-sense-y-la-ultima-pelicula-de-almodovar-se-estrenaran-en-insomnia\/\",\"name\":\"El documental musical Stop making sense y la \u00faltima pel\u00edcula de Almod\u00f3var se estrenar\u00e1n en INSOMNIA - Valpara\u00ed\u00adso Creativo\",\"isPartOf\":{\"@id\":\"https:\/\/dev.antudigital.cl\/sites\/vc\/#website\"},\"primaryImageOfPage\":{\"@id\":\"https:\/\/dev.antudigital.cl\/sites\/vc\/el-documental-musical-stop-making-sense-y-la-ultima-pelicula-de-almodovar-se-estrenaran-en-insomnia\/#primaryimage\"},\"image\":{\"@id\":\"https:\/\/dev.antudigital.cl\/sites\/vc\/el-documental-musical-stop-making-sense-y-la-ultima-pelicula-de-almodovar-se-estrenaran-en-insomnia\/#primaryimage\"},\"thumbnailUrl\":\"https:\/\/dev.antudigital.cl\/sites\/vc\/wp-content\/uploads\/2024\/12\/Stop-making-sense-1.jpeg\",\"datePublished\":\"2024-12-04T19:13:27+00:00\",\"dateModified\":\"2024-12-04T19:13:44+00:00\",\"author\":{\"@id\":\"https:\/\/dev.antudigital.cl\/sites\/vc\/#\/schema\/person\/c2b9da8dd545e27166fc5ab232837318\"},\"breadcrumb\":{\"@id\":\"https:\/\/dev.antudigital.cl\/sites\/vc\/el-documental-musical-stop-making-sense-y-la-ultima-pelicula-de-almodovar-se-estrenaran-en-insomnia\/#breadcrumb\"},\"inLanguage\":\"es\",\"potentialAction\":[{\"@type\":\"ReadAction\",\"target\":[\"https:\/\/dev.antudigital.cl\/sites\/vc\/el-documental-musical-stop-making-sense-y-la-ultima-pelicula-de-almodovar-se-estrenaran-en-insomnia\/\"]}]},{\"@type\":\"ImageObject\",\"inLanguage\":\"es\",\"@id\":\"https:\/\/dev.antudigital.cl\/sites\/vc\/el-documental-musical-stop-making-sense-y-la-ultima-pelicula-de-almodovar-se-estrenaran-en-insomnia\/#primaryimage\",\"url\":\"https:\/\/dev.antudigital.cl\/sites\/vc\/wp-content\/uploads\/2024\/12\/Stop-making-sense-1.jpeg\",\"contentUrl\":\"https:\/\/dev.antudigital.cl\/sites\/vc\/wp-content\/uploads\/2024\/12\/Stop-making-sense-1.jpeg\",\"width\":1200,\"height\":797},{\"@type\":\"BreadcrumbList\",\"@id\":\"https:\/\/dev.antudigital.cl\/sites\/vc\/el-documental-musical-stop-making-sense-y-la-ultima-pelicula-de-almodovar-se-estrenaran-en-insomnia\/#breadcrumb\",\"itemListElement\":[{\"@type\":\"ListItem\",\"position\":1,\"name\":\"Home\",\"item\":\"https:\/\/dev.antudigital.cl\/sites\/vc\/\"},{\"@type\":\"ListItem\",\"position\":2,\"name\":\"El documental musical Stop making sense y la \u00faltima pel\u00edcula de Almod\u00f3var se estrenar\u00e1n en INSOMNIA\"}]},{\"@type\":\"WebSite\",\"@id\":\"https:\/\/dev.antudigital.cl\/sites\/vc\/#website\",\"url\":\"https:\/\/dev.antudigital.cl\/sites\/vc\/\",\"name\":\"Valpara\u00ed\u00adso Creativo\",\"description\":\"\",\"potentialAction\":[{\"@type\":\"SearchAction\",\"target\":{\"@type\":\"EntryPoint\",\"urlTemplate\":\"https:\/\/dev.antudigital.cl\/sites\/vc\/?s={search_term_string}\"},\"query-input\":{\"@type\":\"PropertyValueSpecification\",\"valueRequired\":true,\"valueName\":\"search_term_string\"}}],\"inLanguage\":\"es\"},{\"@type\":\"Person\",\"@id\":\"https:\/\/dev.antudigital.cl\/sites\/vc\/#\/schema\/person\/c2b9da8dd545e27166fc5ab232837318\",\"name\":\"Valpara\u00edso Creativo\",\"description\":\"Periodista de cultura en la Regi\u00f3n de Valpara\u00edso.\",\"url\":\"https:\/\/dev.antudigital.cl\/sites\/vc\/author\/valpoadmin\/\"}]}<\/script>\n<!-- \/ Yoast SEO plugin. -->","yoast_head_json":{"title":"El documental musical Stop making sense y la \u00faltima pel\u00edcula de Almod\u00f3var se estrenar\u00e1n en INSOMNIA - Valpara\u00ed\u00adso Creativo","robots":{"index":"index","follow":"follow","max-snippet":"max-snippet:-1","max-image-preview":"max-image-preview:large","max-video-preview":"max-video-preview:-1"},"canonical":"https:\/\/dev.antudigital.cl\/sites\/vc\/el-documental-musical-stop-making-sense-y-la-ultima-pelicula-de-almodovar-se-estrenaran-en-insomnia\/","og_locale":"es_ES","og_type":"article","og_title":"El documental musical Stop making sense y la \u00faltima pel\u00edcula de Almod\u00f3var se estrenar\u00e1n en INSOMNIA - Valpara\u00ed\u00adso Creativo","og_description":"Dos estrenos imperdibles trae la cartelera de INSOMNIA Teatro Condell para este jueves 5 de diciembre, partiendo con \u201cStop making sense\u201d, film del director Jonathan Demme, que se proyectar\u00e1 a las 18:30 horas y ha sido calificado como uno de los mejores documentales musicales de todos los tiempos y \u201cLa habitaci\u00f3n de al lado\u201d del [&hellip;]","og_url":"https:\/\/dev.antudigital.cl\/sites\/vc\/el-documental-musical-stop-making-sense-y-la-ultima-pelicula-de-almodovar-se-estrenaran-en-insomnia\/","og_site_name":"Valpara\u00ed\u00adso Creativo","article_published_time":"2024-12-04T19:13:27+00:00","article_modified_time":"2024-12-04T19:13:44+00:00","og_image":[{"width":1200,"height":797,"url":"https:\/\/dev.antudigital.cl\/sites\/vc\/wp-content\/uploads\/2024\/12\/Stop-making-sense-1.jpeg","type":"image\/jpeg"}],"author":"Valpara\u00edso Creativo","twitter_card":"summary_large_image","twitter_misc":{"Escrito por":"Valpara\u00edso Creativo","Tiempo de lectura":"4 minutos"},"schema":{"@context":"https:\/\/schema.org","@graph":[{"@type":"Article","@id":"https:\/\/dev.antudigital.cl\/sites\/vc\/el-documental-musical-stop-making-sense-y-la-ultima-pelicula-de-almodovar-se-estrenaran-en-insomnia\/#article","isPartOf":{"@id":"https:\/\/dev.antudigital.cl\/sites\/vc\/el-documental-musical-stop-making-sense-y-la-ultima-pelicula-de-almodovar-se-estrenaran-en-insomnia\/"},"author":{"name":"Valpara\u00edso Creativo","@id":"https:\/\/dev.antudigital.cl\/sites\/vc\/#\/schema\/person\/c2b9da8dd545e27166fc5ab232837318"},"headline":"El documental musical Stop making sense y la \u00faltima pel\u00edcula de Almod\u00f3var se estrenar\u00e1n en INSOMNIA","datePublished":"2024-12-04T19:13:27+00:00","dateModified":"2024-12-04T19:13:44+00:00","mainEntityOfPage":{"@id":"https:\/\/dev.antudigital.cl\/sites\/vc\/el-documental-musical-stop-making-sense-y-la-ultima-pelicula-de-almodovar-se-estrenaran-en-insomnia\/"},"wordCount":751,"image":{"@id":"https:\/\/dev.antudigital.cl\/sites\/vc\/el-documental-musical-stop-making-sense-y-la-ultima-pelicula-de-almodovar-se-estrenaran-en-insomnia\/#primaryimage"},"thumbnailUrl":"https:\/\/dev.antudigital.cl\/sites\/vc\/wp-content\/uploads\/2024\/12\/Stop-making-sense-1.jpeg","articleSection":["Noticia"],"inLanguage":"es"},{"@type":"WebPage","@id":"https:\/\/dev.antudigital.cl\/sites\/vc\/el-documental-musical-stop-making-sense-y-la-ultima-pelicula-de-almodovar-se-estrenaran-en-insomnia\/","url":"https:\/\/dev.antudigital.cl\/sites\/vc\/el-documental-musical-stop-making-sense-y-la-ultima-pelicula-de-almodovar-se-estrenaran-en-insomnia\/","name":"El documental musical Stop making sense y la \u00faltima pel\u00edcula de Almod\u00f3var se estrenar\u00e1n en INSOMNIA - Valpara\u00ed\u00adso Creativo","isPartOf":{"@id":"https:\/\/dev.antudigital.cl\/sites\/vc\/#website"},"primaryImageOfPage":{"@id":"https:\/\/dev.antudigital.cl\/sites\/vc\/el-documental-musical-stop-making-sense-y-la-ultima-pelicula-de-almodovar-se-estrenaran-en-insomnia\/#primaryimage"},"image":{"@id":"https:\/\/dev.antudigital.cl\/sites\/vc\/el-documental-musical-stop-making-sense-y-la-ultima-pelicula-de-almodovar-se-estrenaran-en-insomnia\/#primaryimage"},"thumbnailUrl":"https:\/\/dev.antudigital.cl\/sites\/vc\/wp-content\/uploads\/2024\/12\/Stop-making-sense-1.jpeg","datePublished":"2024-12-04T19:13:27+00:00","dateModified":"2024-12-04T19:13:44+00:00","author":{"@id":"https:\/\/dev.antudigital.cl\/sites\/vc\/#\/schema\/person\/c2b9da8dd545e27166fc5ab232837318"},"breadcrumb":{"@id":"https:\/\/dev.antudigital.cl\/sites\/vc\/el-documental-musical-stop-making-sense-y-la-ultima-pelicula-de-almodovar-se-estrenaran-en-insomnia\/#breadcrumb"},"inLanguage":"es","potentialAction":[{"@type":"ReadAction","target":["https:\/\/dev.antudigital.cl\/sites\/vc\/el-documental-musical-stop-making-sense-y-la-ultima-pelicula-de-almodovar-se-estrenaran-en-insomnia\/"]}]},{"@type":"ImageObject","inLanguage":"es","@id":"https:\/\/dev.antudigital.cl\/sites\/vc\/el-documental-musical-stop-making-sense-y-la-ultima-pelicula-de-almodovar-se-estrenaran-en-insomnia\/#primaryimage","url":"https:\/\/dev.antudigital.cl\/sites\/vc\/wp-content\/uploads\/2024\/12\/Stop-making-sense-1.jpeg","contentUrl":"https:\/\/dev.antudigital.cl\/sites\/vc\/wp-content\/uploads\/2024\/12\/Stop-making-sense-1.jpeg","width":1200,"height":797},{"@type":"BreadcrumbList","@id":"https:\/\/dev.antudigital.cl\/sites\/vc\/el-documental-musical-stop-making-sense-y-la-ultima-pelicula-de-almodovar-se-estrenaran-en-insomnia\/#breadcrumb","itemListElement":[{"@type":"ListItem","position":1,"name":"Home","item":"https:\/\/dev.antudigital.cl\/sites\/vc\/"},{"@type":"ListItem","position":2,"name":"El documental musical Stop making sense y la \u00faltima pel\u00edcula de Almod\u00f3var se estrenar\u00e1n en INSOMNIA"}]},{"@type":"WebSite","@id":"https:\/\/dev.antudigital.cl\/sites\/vc\/#website","url":"https:\/\/dev.antudigital.cl\/sites\/vc\/","name":"Valpara\u00ed\u00adso Creativo","description":"","potentialAction":[{"@type":"SearchAction","target":{"@type":"EntryPoint","urlTemplate":"https:\/\/dev.antudigital.cl\/sites\/vc\/?s={search_term_string}"},"query-input":{"@type":"PropertyValueSpecification","valueRequired":true,"valueName":"search_term_string"}}],"inLanguage":"es"},{"@type":"Person","@id":"https:\/\/dev.antudigital.cl\/sites\/vc\/#\/schema\/person\/c2b9da8dd545e27166fc5ab232837318","name":"Valpara\u00edso Creativo","description":"Periodista de cultura en la Regi\u00f3n de Valpara\u00edso.","url":"https:\/\/dev.antudigital.cl\/sites\/vc\/author\/valpoadmin\/"}]}},"_links":{"self":[{"href":"https:\/\/dev.antudigital.cl\/sites\/vc\/wp-json\/wp\/v2\/posts\/21388","targetHints":{"allow":["GET"]}}],"collection":[{"href":"https:\/\/dev.antudigital.cl\/sites\/vc\/wp-json\/wp\/v2\/posts"}],"about":[{"href":"https:\/\/dev.antudigital.cl\/sites\/vc\/wp-json\/wp\/v2\/types\/post"}],"author":[{"embeddable":true,"href":"https:\/\/dev.antudigital.cl\/sites\/vc\/wp-json\/wp\/v2\/users\/1"}],"replies":[{"embeddable":true,"href":"https:\/\/dev.antudigital.cl\/sites\/vc\/wp-json\/wp\/v2\/comments?post=21388"}],"version-history":[{"count":1,"href":"https:\/\/dev.antudigital.cl\/sites\/vc\/wp-json\/wp\/v2\/posts\/21388\/revisions"}],"predecessor-version":[{"id":21392,"href":"https:\/\/dev.antudigital.cl\/sites\/vc\/wp-json\/wp\/v2\/posts\/21388\/revisions\/21392"}],"wp:featuredmedia":[{"embeddable":true,"href":"https:\/\/dev.antudigital.cl\/sites\/vc\/wp-json\/wp\/v2\/media\/21390"}],"wp:attachment":[{"href":"https:\/\/dev.antudigital.cl\/sites\/vc\/wp-json\/wp\/v2\/media?parent=21388"}],"wp:term":[{"taxonomy":"category","embeddable":true,"href":"https:\/\/dev.antudigital.cl\/sites\/vc\/wp-json\/wp\/v2\/categories?post=21388"},{"taxonomy":"post_tag","embeddable":true,"href":"https:\/\/dev.antudigital.cl\/sites\/vc\/wp-json\/wp\/v2\/tags?post=21388"}],"curies":[{"name":"wp","href":"https:\/\/api.w.org\/{rel}","templated":true}]}}