{"id":21442,"date":"2024-12-09T20:21:53","date_gmt":"2024-12-09T20:21:53","guid":{"rendered":"https:\/\/www.valparaisocreativo.cl\/?p=21442"},"modified":"2024-12-09T20:22:08","modified_gmt":"2024-12-09T20:22:08","slug":"rockodromo-anuncia-programacion-diaria-para-sus-20-anos","status":"publish","type":"post","link":"https:\/\/dev.antudigital.cl\/sites\/vc\/rockodromo-anuncia-programacion-diaria-para-sus-20-anos\/","title":{"rendered":"Rock\u00f3dromo anuncia programaci\u00f3n diaria para sus 20 a\u00f1os"},"content":{"rendered":"\n<p>Durante cinco d\u00edas la m\u00fasica nacional retumbar\u00e1 fuerte en distintos puntos de la Regi\u00f3n de Valpara\u00edso. Se trata de la celebraci\u00f3n de los 20 a\u00f1os del festival Rock\u00f3dromo, organizado por el Ministerio de las Culturas, las Artes y el Patrimonio a trav\u00e9s del programa Escuelas de Rock y M\u00fasica Popular, que se realizar\u00e1 del 11 al 15 de diciembre con entrada liberada.<\/p>\n\n\n\n<p>\u00bfD\u00f3nde? \u00bfCu\u00e1ndo? Las dos d\u00e9cadas de Rock\u00f3dromo cierran con dos jornadas en la Plaza Sotomayor (desde las 16.00 horas), donde bandas con m\u00e1s de 50 a\u00f1os de trayectoria, como Los \u00c1ngeles Negros, comparten cartel con agrupaciones seleccionadas desde las Escuelas de Rock y M\u00fasica Popular; invitados nacionales de la talla de \u00c1lex Anwandter, Pentagram y Pettinellis; e hist\u00f3ricos vinculados a estas dos d\u00e9cadas del festival porte\u00f1o, como La Floripondio y Pascuala Ilabaca &amp; Fauna. Ac\u00e1 los horarios de cada jornada:<\/p>\n\n\n\n<p><strong>S\u00e1bado 14:&nbsp;<\/strong><\/p>\n\n\n\n<p>16.00 \/ SAMUEL \u2022 Regi\u00f3n de Antofagasta&nbsp;<\/p>\n\n\n\n<p>16.20 \/ PHUYU Y LA FANTASMA \u2022 Regi\u00f3n de \u00d1uble&nbsp;<\/p>\n\n\n\n<p>16.40 \/ PAMPI &amp; VALENTINA \u2022 Regi\u00f3n de Tarapac\u00e1<\/p>\n\n\n\n<p>17.00 \/ LA COLECCIONISTA DE ATADURAS \u2022 Regi\u00f3n de Arica y Parinacota&nbsp;<\/p>\n\n\n\n<p>17.20 \/ VANE BRAVO TR\u00cdO \u2022 Regi\u00f3n del Maule<\/p>\n\n\n\n<p>17.40 \/ MELISSA JOHNSON Y CHAGUAL \u2022 Regi\u00f3n de Valpara\u00edso<\/p>\n\n\n\n<p>18.00 \/ QUIVIK \u2022 Regi\u00f3n O\u2019Higgins<\/p>\n\n\n\n<p>18.20 \/ MALDITA BANDA \u2022 Regi\u00f3n de Atacama<\/p>\n\n\n\n<p>18.40 \/ SELECCI\u00d3N ESCUELAS DE ROCK (por confirmar) \u2022 Regi\u00f3n Metropolitana<\/p>\n\n\n\n<p>19.00 \/ ROSSANA TADDEI \u2022 Uruguay<\/p>\n\n\n\n<p>19.30 \/ PETTINELLIS&nbsp;<\/p>\n\n\n\n<p>20.20 \/ LOS \u00c1NGELES NEGROS<\/p>\n\n\n\n<p>21.20 \/ GONDWANA<\/p>\n\n\n\n<p><strong>Domingo 15<\/strong><\/p>\n\n\n\n<p>16.00 \/ CHERC\u00c1N \u2022 Regi\u00f3n de Los R\u00edos<\/p>\n\n\n\n<p>16.20 \/ CAMILA RIQUELME \u2022 Regi\u00f3n de La Araucan\u00eda<\/p>\n\n\n\n<p>16.40 \/ EL MANSO LOTE \u2022 Regi\u00f3n de Valpara\u00edso<\/p>\n\n\n\n<p>17.00 \/ DODO \u2022 Regi\u00f3n de Los Lagos<\/p>\n\n\n\n<p>17.20 \/ ELI MOYA \u2022 Regi\u00f3n de Magallanes<\/p>\n\n\n\n<p>17.40 \/ RAIN OF FIRE \u2022 Colombia<\/p>\n\n\n\n<p>18.10 \/ PENTAGRAM&nbsp;<\/p>\n\n\n\n<p>18.50 \/ CHIMONOS CHIMONOS \u2022 Regi\u00f3n de Valpara\u00edso<\/p>\n\n\n\n<p>19.10 \/ ANIMALES EX\u00d3TICOS DESAMPARADOS \u2022 Regi\u00f3n del Biob\u00edo<\/p>\n\n\n\n<p>19.30 \/ LA FLORIPONDIO<\/p>\n\n\n\n<p>20.20 \/ LA SANT\u00cdSIMA VOLADORA \u2022 M\u00e9xico<\/p>\n\n\n\n<p>20.50 \/ PASCUALA ILABACA &amp; FAUNA<\/p>\n\n\n\n<p>21.30 \/ \u00c1LEX ANWANDTER<\/p>\n\n\n\n<p>El inicio del certamen se realizar\u00e1 desde una locaci\u00f3n in\u00e9dita. Por primera vez Rock\u00f3dromo extender\u00e1 sus actividades hasta Vi\u00f1a del Mar, con el Teatro Municipal como el espacio que recibir\u00e1 a m\u00fasicos y m\u00fasicas en la jornada inaugural, liderados por Yorka. Desde las 19.00 horas, previa reserva de entradas en teatrovina.cl.<\/p>\n\n\n\n<p>El jueves 12 ser\u00e1 el turno de Carnaza de gala en el Teatro Municipal de Valpara\u00edso, con las presentaciones de Manuel Garc\u00eda y Evelyn Cornejo. Desde las 19.00 horas, previa reserva de entradas en portaldisc.com.&nbsp;<\/p>\n\n\n\n<p>Como parte de la programaci\u00f3n de Rock\u00f3dromo Industria, el viernes 13 se realizar\u00e1n los showcases en Sala Rivoli (Victoria #2474, Valpara\u00edso), desde las 20 horas y previa reserva de entradas en passline.cl.&nbsp;<\/p>\n\n\n\n<p>El s\u00e1bado 14 el p\u00fablico infantil tiene su escenario Guagu\u00f3dromo en el Parque Cultural de Valpara\u00edso, mismo recinto que al d\u00eda siguiente recibe al Jazz\u00f3dromo. Ambas jornadas son desde las 15.00 horas y no requieren retiro previo de entradas.&nbsp;<\/p>\n\n\n\n<p>M\u00e1s informaci\u00f3n en escuelasderock.cultura.gob.cl.<\/p>\n\n\n\n<figure class=\"wp-block-gallery has-nested-images columns-default is-cropped wp-block-gallery-1 is-layout-flex wp-block-gallery-is-layout-flex\">\n<figure class=\"wp-block-image size-large\"><img fetchpriority=\"high\" decoding=\"async\" width=\"819\" height=\"1024\" data-id=\"21443\" src=\"https:\/\/www.valparaisocreativo.cl\/wp-content\/uploads\/2024\/12\/ROCKODROMO-24-PROG-DIARIA-imagenes-0-819x1024.jpg\" alt=\"\" class=\"wp-image-21443\" srcset=\"https:\/\/dev.antudigital.cl\/sites\/vc\/wp-content\/uploads\/2024\/12\/ROCKODROMO-24-PROG-DIARIA-imagenes-0-819x1024.jpg 819w, https:\/\/dev.antudigital.cl\/sites\/vc\/wp-content\/uploads\/2024\/12\/ROCKODROMO-24-PROG-DIARIA-imagenes-0-240x300.jpg 240w, https:\/\/dev.antudigital.cl\/sites\/vc\/wp-content\/uploads\/2024\/12\/ROCKODROMO-24-PROG-DIARIA-imagenes-0-768x960.jpg 768w, https:\/\/dev.antudigital.cl\/sites\/vc\/wp-content\/uploads\/2024\/12\/ROCKODROMO-24-PROG-DIARIA-imagenes-0-1229x1536.jpg 1229w, https:\/\/dev.antudigital.cl\/sites\/vc\/wp-content\/uploads\/2024\/12\/ROCKODROMO-24-PROG-DIARIA-imagenes-0-1638x2048.jpg 1638w, https:\/\/dev.antudigital.cl\/sites\/vc\/wp-content\/uploads\/2024\/12\/ROCKODROMO-24-PROG-DIARIA-imagenes-0-1080x1350.jpg 1080w, https:\/\/dev.antudigital.cl\/sites\/vc\/wp-content\/uploads\/2024\/12\/ROCKODROMO-24-PROG-DIARIA-imagenes-0-1280x1600.jpg 1280w, https:\/\/dev.antudigital.cl\/sites\/vc\/wp-content\/uploads\/2024\/12\/ROCKODROMO-24-PROG-DIARIA-imagenes-0-980x1225.jpg 980w, https:\/\/dev.antudigital.cl\/sites\/vc\/wp-content\/uploads\/2024\/12\/ROCKODROMO-24-PROG-DIARIA-imagenes-0-480x600.jpg 480w, https:\/\/dev.antudigital.cl\/sites\/vc\/wp-content\/uploads\/2024\/12\/ROCKODROMO-24-PROG-DIARIA-imagenes-0-19x24.jpg 19w, https:\/\/dev.antudigital.cl\/sites\/vc\/wp-content\/uploads\/2024\/12\/ROCKODROMO-24-PROG-DIARIA-imagenes-0-29x36.jpg 29w, https:\/\/dev.antudigital.cl\/sites\/vc\/wp-content\/uploads\/2024\/12\/ROCKODROMO-24-PROG-DIARIA-imagenes-0-38x48.jpg 38w, https:\/\/dev.antudigital.cl\/sites\/vc\/wp-content\/uploads\/2024\/12\/ROCKODROMO-24-PROG-DIARIA-imagenes-0.jpg 1772w\" sizes=\"(max-width: 819px) 100vw, 819px\" \/><\/figure>\n\n\n\n<figure class=\"wp-block-image size-large\"><img decoding=\"async\" width=\"819\" height=\"1024\" data-id=\"21446\" src=\"https:\/\/www.valparaisocreativo.cl\/wp-content\/uploads\/2024\/12\/ROCKODROMO-24-PROG-DIARIA-imagenes-1-819x1024.jpg\" alt=\"\" class=\"wp-image-21446\" srcset=\"https:\/\/dev.antudigital.cl\/sites\/vc\/wp-content\/uploads\/2024\/12\/ROCKODROMO-24-PROG-DIARIA-imagenes-1-819x1024.jpg 819w, https:\/\/dev.antudigital.cl\/sites\/vc\/wp-content\/uploads\/2024\/12\/ROCKODROMO-24-PROG-DIARIA-imagenes-1-240x300.jpg 240w, https:\/\/dev.antudigital.cl\/sites\/vc\/wp-content\/uploads\/2024\/12\/ROCKODROMO-24-PROG-DIARIA-imagenes-1-768x960.jpg 768w, https:\/\/dev.antudigital.cl\/sites\/vc\/wp-content\/uploads\/2024\/12\/ROCKODROMO-24-PROG-DIARIA-imagenes-1-1229x1536.jpg 1229w, https:\/\/dev.antudigital.cl\/sites\/vc\/wp-content\/uploads\/2024\/12\/ROCKODROMO-24-PROG-DIARIA-imagenes-1-1638x2048.jpg 1638w, https:\/\/dev.antudigital.cl\/sites\/vc\/wp-content\/uploads\/2024\/12\/ROCKODROMO-24-PROG-DIARIA-imagenes-1-1080x1350.jpg 1080w, https:\/\/dev.antudigital.cl\/sites\/vc\/wp-content\/uploads\/2024\/12\/ROCKODROMO-24-PROG-DIARIA-imagenes-1-1280x1600.jpg 1280w, https:\/\/dev.antudigital.cl\/sites\/vc\/wp-content\/uploads\/2024\/12\/ROCKODROMO-24-PROG-DIARIA-imagenes-1-980x1225.jpg 980w, https:\/\/dev.antudigital.cl\/sites\/vc\/wp-content\/uploads\/2024\/12\/ROCKODROMO-24-PROG-DIARIA-imagenes-1-480x600.jpg 480w, https:\/\/dev.antudigital.cl\/sites\/vc\/wp-content\/uploads\/2024\/12\/ROCKODROMO-24-PROG-DIARIA-imagenes-1-19x24.jpg 19w, https:\/\/dev.antudigital.cl\/sites\/vc\/wp-content\/uploads\/2024\/12\/ROCKODROMO-24-PROG-DIARIA-imagenes-1-29x36.jpg 29w, https:\/\/dev.antudigital.cl\/sites\/vc\/wp-content\/uploads\/2024\/12\/ROCKODROMO-24-PROG-DIARIA-imagenes-1-38x48.jpg 38w, https:\/\/dev.antudigital.cl\/sites\/vc\/wp-content\/uploads\/2024\/12\/ROCKODROMO-24-PROG-DIARIA-imagenes-1.jpg 1772w\" sizes=\"(max-width: 819px) 100vw, 819px\" \/><\/figure>\n\n\n\n<figure class=\"wp-block-image size-large\"><img decoding=\"async\" width=\"819\" height=\"1024\" data-id=\"21445\" src=\"https:\/\/www.valparaisocreativo.cl\/wp-content\/uploads\/2024\/12\/ROCKODROMO-24-PROG-DIARIA-imagenes-2-819x1024.jpg\" alt=\"\" class=\"wp-image-21445\" srcset=\"https:\/\/dev.antudigital.cl\/sites\/vc\/wp-content\/uploads\/2024\/12\/ROCKODROMO-24-PROG-DIARIA-imagenes-2-819x1024.jpg 819w, https:\/\/dev.antudigital.cl\/sites\/vc\/wp-content\/uploads\/2024\/12\/ROCKODROMO-24-PROG-DIARIA-imagenes-2-240x300.jpg 240w, https:\/\/dev.antudigital.cl\/sites\/vc\/wp-content\/uploads\/2024\/12\/ROCKODROMO-24-PROG-DIARIA-imagenes-2-768x960.jpg 768w, https:\/\/dev.antudigital.cl\/sites\/vc\/wp-content\/uploads\/2024\/12\/ROCKODROMO-24-PROG-DIARIA-imagenes-2-1229x1536.jpg 1229w, https:\/\/dev.antudigital.cl\/sites\/vc\/wp-content\/uploads\/2024\/12\/ROCKODROMO-24-PROG-DIARIA-imagenes-2-1638x2048.jpg 1638w, https:\/\/dev.antudigital.cl\/sites\/vc\/wp-content\/uploads\/2024\/12\/ROCKODROMO-24-PROG-DIARIA-imagenes-2-1080x1350.jpg 1080w, https:\/\/dev.antudigital.cl\/sites\/vc\/wp-content\/uploads\/2024\/12\/ROCKODROMO-24-PROG-DIARIA-imagenes-2-1280x1600.jpg 1280w, https:\/\/dev.antudigital.cl\/sites\/vc\/wp-content\/uploads\/2024\/12\/ROCKODROMO-24-PROG-DIARIA-imagenes-2-980x1225.jpg 980w, https:\/\/dev.antudigital.cl\/sites\/vc\/wp-content\/uploads\/2024\/12\/ROCKODROMO-24-PROG-DIARIA-imagenes-2-480x600.jpg 480w, https:\/\/dev.antudigital.cl\/sites\/vc\/wp-content\/uploads\/2024\/12\/ROCKODROMO-24-PROG-DIARIA-imagenes-2-19x24.jpg 19w, https:\/\/dev.antudigital.cl\/sites\/vc\/wp-content\/uploads\/2024\/12\/ROCKODROMO-24-PROG-DIARIA-imagenes-2-29x36.jpg 29w, https:\/\/dev.antudigital.cl\/sites\/vc\/wp-content\/uploads\/2024\/12\/ROCKODROMO-24-PROG-DIARIA-imagenes-2-38x48.jpg 38w, https:\/\/dev.antudigital.cl\/sites\/vc\/wp-content\/uploads\/2024\/12\/ROCKODROMO-24-PROG-DIARIA-imagenes-2.jpg 1772w\" sizes=\"(max-width: 819px) 100vw, 819px\" \/><\/figure>\n\n\n\n<figure class=\"wp-block-image size-large\"><img loading=\"lazy\" decoding=\"async\" width=\"819\" height=\"1024\" data-id=\"21444\" src=\"https:\/\/www.valparaisocreativo.cl\/wp-content\/uploads\/2024\/12\/ROCKODROMO-24-PROG-DIARIA-imagenes-3-819x1024.jpg\" alt=\"\" class=\"wp-image-21444\" srcset=\"https:\/\/dev.antudigital.cl\/sites\/vc\/wp-content\/uploads\/2024\/12\/ROCKODROMO-24-PROG-DIARIA-imagenes-3-819x1024.jpg 819w, https:\/\/dev.antudigital.cl\/sites\/vc\/wp-content\/uploads\/2024\/12\/ROCKODROMO-24-PROG-DIARIA-imagenes-3-240x300.jpg 240w, https:\/\/dev.antudigital.cl\/sites\/vc\/wp-content\/uploads\/2024\/12\/ROCKODROMO-24-PROG-DIARIA-imagenes-3-768x960.jpg 768w, https:\/\/dev.antudigital.cl\/sites\/vc\/wp-content\/uploads\/2024\/12\/ROCKODROMO-24-PROG-DIARIA-imagenes-3-1229x1536.jpg 1229w, https:\/\/dev.antudigital.cl\/sites\/vc\/wp-content\/uploads\/2024\/12\/ROCKODROMO-24-PROG-DIARIA-imagenes-3-1638x2048.jpg 1638w, https:\/\/dev.antudigital.cl\/sites\/vc\/wp-content\/uploads\/2024\/12\/ROCKODROMO-24-PROG-DIARIA-imagenes-3-1080x1350.jpg 1080w, https:\/\/dev.antudigital.cl\/sites\/vc\/wp-content\/uploads\/2024\/12\/ROCKODROMO-24-PROG-DIARIA-imagenes-3-1280x1600.jpg 1280w, https:\/\/dev.antudigital.cl\/sites\/vc\/wp-content\/uploads\/2024\/12\/ROCKODROMO-24-PROG-DIARIA-imagenes-3-980x1225.jpg 980w, https:\/\/dev.antudigital.cl\/sites\/vc\/wp-content\/uploads\/2024\/12\/ROCKODROMO-24-PROG-DIARIA-imagenes-3-480x600.jpg 480w, https:\/\/dev.antudigital.cl\/sites\/vc\/wp-content\/uploads\/2024\/12\/ROCKODROMO-24-PROG-DIARIA-imagenes-3-19x24.jpg 19w, https:\/\/dev.antudigital.cl\/sites\/vc\/wp-content\/uploads\/2024\/12\/ROCKODROMO-24-PROG-DIARIA-imagenes-3-29x36.jpg 29w, https:\/\/dev.antudigital.cl\/sites\/vc\/wp-content\/uploads\/2024\/12\/ROCKODROMO-24-PROG-DIARIA-imagenes-3-38x48.jpg 38w, https:\/\/dev.antudigital.cl\/sites\/vc\/wp-content\/uploads\/2024\/12\/ROCKODROMO-24-PROG-DIARIA-imagenes-3.jpg 1772w\" sizes=\"(max-width: 819px) 100vw, 819px\" \/><\/figure>\n\n\n\n<figure class=\"wp-block-image size-large\"><img loading=\"lazy\" decoding=\"async\" width=\"819\" height=\"1024\" data-id=\"21447\" src=\"https:\/\/www.valparaisocreativo.cl\/wp-content\/uploads\/2024\/12\/ROCKODROMO-24-PROG-DIARIA-imagenes-4-819x1024.jpg\" alt=\"\" class=\"wp-image-21447\" srcset=\"https:\/\/dev.antudigital.cl\/sites\/vc\/wp-content\/uploads\/2024\/12\/ROCKODROMO-24-PROG-DIARIA-imagenes-4-819x1024.jpg 819w, https:\/\/dev.antudigital.cl\/sites\/vc\/wp-content\/uploads\/2024\/12\/ROCKODROMO-24-PROG-DIARIA-imagenes-4-240x300.jpg 240w, https:\/\/dev.antudigital.cl\/sites\/vc\/wp-content\/uploads\/2024\/12\/ROCKODROMO-24-PROG-DIARIA-imagenes-4-768x960.jpg 768w, https:\/\/dev.antudigital.cl\/sites\/vc\/wp-content\/uploads\/2024\/12\/ROCKODROMO-24-PROG-DIARIA-imagenes-4-1229x1536.jpg 1229w, https:\/\/dev.antudigital.cl\/sites\/vc\/wp-content\/uploads\/2024\/12\/ROCKODROMO-24-PROG-DIARIA-imagenes-4-1638x2048.jpg 1638w, https:\/\/dev.antudigital.cl\/sites\/vc\/wp-content\/uploads\/2024\/12\/ROCKODROMO-24-PROG-DIARIA-imagenes-4-1080x1350.jpg 1080w, https:\/\/dev.antudigital.cl\/sites\/vc\/wp-content\/uploads\/2024\/12\/ROCKODROMO-24-PROG-DIARIA-imagenes-4-1280x1600.jpg 1280w, https:\/\/dev.antudigital.cl\/sites\/vc\/wp-content\/uploads\/2024\/12\/ROCKODROMO-24-PROG-DIARIA-imagenes-4-980x1225.jpg 980w, https:\/\/dev.antudigital.cl\/sites\/vc\/wp-content\/uploads\/2024\/12\/ROCKODROMO-24-PROG-DIARIA-imagenes-4-480x600.jpg 480w, https:\/\/dev.antudigital.cl\/sites\/vc\/wp-content\/uploads\/2024\/12\/ROCKODROMO-24-PROG-DIARIA-imagenes-4-19x24.jpg 19w, https:\/\/dev.antudigital.cl\/sites\/vc\/wp-content\/uploads\/2024\/12\/ROCKODROMO-24-PROG-DIARIA-imagenes-4-29x36.jpg 29w, https:\/\/dev.antudigital.cl\/sites\/vc\/wp-content\/uploads\/2024\/12\/ROCKODROMO-24-PROG-DIARIA-imagenes-4-38x48.jpg 38w, https:\/\/dev.antudigital.cl\/sites\/vc\/wp-content\/uploads\/2024\/12\/ROCKODROMO-24-PROG-DIARIA-imagenes-4.jpg 1772w\" sizes=\"(max-width: 819px) 100vw, 819px\" \/><\/figure>\n\n\n\n<figure class=\"wp-block-image size-large\"><img loading=\"lazy\" decoding=\"async\" width=\"819\" height=\"1024\" data-id=\"21448\" src=\"https:\/\/www.valparaisocreativo.cl\/wp-content\/uploads\/2024\/12\/ROCKODROMO-24-PROG-DIARIA-imagenes-5-819x1024.jpg\" alt=\"\" class=\"wp-image-21448\" srcset=\"https:\/\/dev.antudigital.cl\/sites\/vc\/wp-content\/uploads\/2024\/12\/ROCKODROMO-24-PROG-DIARIA-imagenes-5-819x1024.jpg 819w, https:\/\/dev.antudigital.cl\/sites\/vc\/wp-content\/uploads\/2024\/12\/ROCKODROMO-24-PROG-DIARIA-imagenes-5-240x300.jpg 240w, https:\/\/dev.antudigital.cl\/sites\/vc\/wp-content\/uploads\/2024\/12\/ROCKODROMO-24-PROG-DIARIA-imagenes-5-768x960.jpg 768w, https:\/\/dev.antudigital.cl\/sites\/vc\/wp-content\/uploads\/2024\/12\/ROCKODROMO-24-PROG-DIARIA-imagenes-5-1229x1536.jpg 1229w, https:\/\/dev.antudigital.cl\/sites\/vc\/wp-content\/uploads\/2024\/12\/ROCKODROMO-24-PROG-DIARIA-imagenes-5-1638x2048.jpg 1638w, https:\/\/dev.antudigital.cl\/sites\/vc\/wp-content\/uploads\/2024\/12\/ROCKODROMO-24-PROG-DIARIA-imagenes-5-1080x1350.jpg 1080w, https:\/\/dev.antudigital.cl\/sites\/vc\/wp-content\/uploads\/2024\/12\/ROCKODROMO-24-PROG-DIARIA-imagenes-5-1280x1600.jpg 1280w, https:\/\/dev.antudigital.cl\/sites\/vc\/wp-content\/uploads\/2024\/12\/ROCKODROMO-24-PROG-DIARIA-imagenes-5-980x1225.jpg 980w, https:\/\/dev.antudigital.cl\/sites\/vc\/wp-content\/uploads\/2024\/12\/ROCKODROMO-24-PROG-DIARIA-imagenes-5-480x600.jpg 480w, https:\/\/dev.antudigital.cl\/sites\/vc\/wp-content\/uploads\/2024\/12\/ROCKODROMO-24-PROG-DIARIA-imagenes-5-19x24.jpg 19w, https:\/\/dev.antudigital.cl\/sites\/vc\/wp-content\/uploads\/2024\/12\/ROCKODROMO-24-PROG-DIARIA-imagenes-5-29x36.jpg 29w, https:\/\/dev.antudigital.cl\/sites\/vc\/wp-content\/uploads\/2024\/12\/ROCKODROMO-24-PROG-DIARIA-imagenes-5-38x48.jpg 38w, https:\/\/dev.antudigital.cl\/sites\/vc\/wp-content\/uploads\/2024\/12\/ROCKODROMO-24-PROG-DIARIA-imagenes-5.jpg 1772w\" sizes=\"(max-width: 819px) 100vw, 819px\" \/><\/figure>\n\n\n\n<figure class=\"wp-block-image size-large\"><img loading=\"lazy\" decoding=\"async\" width=\"819\" height=\"1024\" data-id=\"21450\" src=\"https:\/\/www.valparaisocreativo.cl\/wp-content\/uploads\/2024\/12\/ROCKODROMO-24-PROG-DIARIA-imagenes-6-819x1024.jpg\" alt=\"\" class=\"wp-image-21450\" srcset=\"https:\/\/dev.antudigital.cl\/sites\/vc\/wp-content\/uploads\/2024\/12\/ROCKODROMO-24-PROG-DIARIA-imagenes-6-819x1024.jpg 819w, https:\/\/dev.antudigital.cl\/sites\/vc\/wp-content\/uploads\/2024\/12\/ROCKODROMO-24-PROG-DIARIA-imagenes-6-240x300.jpg 240w, https:\/\/dev.antudigital.cl\/sites\/vc\/wp-content\/uploads\/2024\/12\/ROCKODROMO-24-PROG-DIARIA-imagenes-6-768x960.jpg 768w, https:\/\/dev.antudigital.cl\/sites\/vc\/wp-content\/uploads\/2024\/12\/ROCKODROMO-24-PROG-DIARIA-imagenes-6-1229x1536.jpg 1229w, https:\/\/dev.antudigital.cl\/sites\/vc\/wp-content\/uploads\/2024\/12\/ROCKODROMO-24-PROG-DIARIA-imagenes-6-1638x2048.jpg 1638w, https:\/\/dev.antudigital.cl\/sites\/vc\/wp-content\/uploads\/2024\/12\/ROCKODROMO-24-PROG-DIARIA-imagenes-6-1080x1350.jpg 1080w, https:\/\/dev.antudigital.cl\/sites\/vc\/wp-content\/uploads\/2024\/12\/ROCKODROMO-24-PROG-DIARIA-imagenes-6-1280x1600.jpg 1280w, https:\/\/dev.antudigital.cl\/sites\/vc\/wp-content\/uploads\/2024\/12\/ROCKODROMO-24-PROG-DIARIA-imagenes-6-980x1225.jpg 980w, https:\/\/dev.antudigital.cl\/sites\/vc\/wp-content\/uploads\/2024\/12\/ROCKODROMO-24-PROG-DIARIA-imagenes-6-480x600.jpg 480w, https:\/\/dev.antudigital.cl\/sites\/vc\/wp-content\/uploads\/2024\/12\/ROCKODROMO-24-PROG-DIARIA-imagenes-6-19x24.jpg 19w, https:\/\/dev.antudigital.cl\/sites\/vc\/wp-content\/uploads\/2024\/12\/ROCKODROMO-24-PROG-DIARIA-imagenes-6-29x36.jpg 29w, https:\/\/dev.antudigital.cl\/sites\/vc\/wp-content\/uploads\/2024\/12\/ROCKODROMO-24-PROG-DIARIA-imagenes-6-38x48.jpg 38w, https:\/\/dev.antudigital.cl\/sites\/vc\/wp-content\/uploads\/2024\/12\/ROCKODROMO-24-PROG-DIARIA-imagenes-6.jpg 1772w\" sizes=\"(max-width: 819px) 100vw, 819px\" \/><\/figure>\n\n\n\n<figure class=\"wp-block-image size-large\"><img loading=\"lazy\" decoding=\"async\" width=\"819\" height=\"1024\" data-id=\"21451\" src=\"https:\/\/www.valparaisocreativo.cl\/wp-content\/uploads\/2024\/12\/ROCKODROMO-24-PROG-DIARIA-imagenes-7-819x1024.jpg\" alt=\"\" class=\"wp-image-21451\" srcset=\"https:\/\/dev.antudigital.cl\/sites\/vc\/wp-content\/uploads\/2024\/12\/ROCKODROMO-24-PROG-DIARIA-imagenes-7-819x1024.jpg 819w, https:\/\/dev.antudigital.cl\/sites\/vc\/wp-content\/uploads\/2024\/12\/ROCKODROMO-24-PROG-DIARIA-imagenes-7-240x300.jpg 240w, https:\/\/dev.antudigital.cl\/sites\/vc\/wp-content\/uploads\/2024\/12\/ROCKODROMO-24-PROG-DIARIA-imagenes-7-768x960.jpg 768w, https:\/\/dev.antudigital.cl\/sites\/vc\/wp-content\/uploads\/2024\/12\/ROCKODROMO-24-PROG-DIARIA-imagenes-7-1229x1536.jpg 1229w, https:\/\/dev.antudigital.cl\/sites\/vc\/wp-content\/uploads\/2024\/12\/ROCKODROMO-24-PROG-DIARIA-imagenes-7-1638x2048.jpg 1638w, https:\/\/dev.antudigital.cl\/sites\/vc\/wp-content\/uploads\/2024\/12\/ROCKODROMO-24-PROG-DIARIA-imagenes-7-1080x1350.jpg 1080w, https:\/\/dev.antudigital.cl\/sites\/vc\/wp-content\/uploads\/2024\/12\/ROCKODROMO-24-PROG-DIARIA-imagenes-7-1280x1600.jpg 1280w, https:\/\/dev.antudigital.cl\/sites\/vc\/wp-content\/uploads\/2024\/12\/ROCKODROMO-24-PROG-DIARIA-imagenes-7-980x1225.jpg 980w, https:\/\/dev.antudigital.cl\/sites\/vc\/wp-content\/uploads\/2024\/12\/ROCKODROMO-24-PROG-DIARIA-imagenes-7-480x600.jpg 480w, https:\/\/dev.antudigital.cl\/sites\/vc\/wp-content\/uploads\/2024\/12\/ROCKODROMO-24-PROG-DIARIA-imagenes-7-19x24.jpg 19w, https:\/\/dev.antudigital.cl\/sites\/vc\/wp-content\/uploads\/2024\/12\/ROCKODROMO-24-PROG-DIARIA-imagenes-7-29x36.jpg 29w, https:\/\/dev.antudigital.cl\/sites\/vc\/wp-content\/uploads\/2024\/12\/ROCKODROMO-24-PROG-DIARIA-imagenes-7-38x48.jpg 38w, https:\/\/dev.antudigital.cl\/sites\/vc\/wp-content\/uploads\/2024\/12\/ROCKODROMO-24-PROG-DIARIA-imagenes-7.jpg 1772w\" sizes=\"(max-width: 819px) 100vw, 819px\" \/><\/figure>\n\n\n\n<figure class=\"wp-block-image size-large\"><img loading=\"lazy\" decoding=\"async\" width=\"819\" height=\"1024\" data-id=\"21449\" src=\"https:\/\/www.valparaisocreativo.cl\/wp-content\/uploads\/2024\/12\/ROCKODROMO-24-PROG-DIARIA-imagenes-8-819x1024.jpg\" alt=\"\" class=\"wp-image-21449\" srcset=\"https:\/\/dev.antudigital.cl\/sites\/vc\/wp-content\/uploads\/2024\/12\/ROCKODROMO-24-PROG-DIARIA-imagenes-8-819x1024.jpg 819w, https:\/\/dev.antudigital.cl\/sites\/vc\/wp-content\/uploads\/2024\/12\/ROCKODROMO-24-PROG-DIARIA-imagenes-8-240x300.jpg 240w, https:\/\/dev.antudigital.cl\/sites\/vc\/wp-content\/uploads\/2024\/12\/ROCKODROMO-24-PROG-DIARIA-imagenes-8-768x960.jpg 768w, https:\/\/dev.antudigital.cl\/sites\/vc\/wp-content\/uploads\/2024\/12\/ROCKODROMO-24-PROG-DIARIA-imagenes-8-1229x1536.jpg 1229w, https:\/\/dev.antudigital.cl\/sites\/vc\/wp-content\/uploads\/2024\/12\/ROCKODROMO-24-PROG-DIARIA-imagenes-8-1638x2048.jpg 1638w, https:\/\/dev.antudigital.cl\/sites\/vc\/wp-content\/uploads\/2024\/12\/ROCKODROMO-24-PROG-DIARIA-imagenes-8-1080x1350.jpg 1080w, https:\/\/dev.antudigital.cl\/sites\/vc\/wp-content\/uploads\/2024\/12\/ROCKODROMO-24-PROG-DIARIA-imagenes-8-1280x1600.jpg 1280w, https:\/\/dev.antudigital.cl\/sites\/vc\/wp-content\/uploads\/2024\/12\/ROCKODROMO-24-PROG-DIARIA-imagenes-8-980x1225.jpg 980w, https:\/\/dev.antudigital.cl\/sites\/vc\/wp-content\/uploads\/2024\/12\/ROCKODROMO-24-PROG-DIARIA-imagenes-8-480x600.jpg 480w, https:\/\/dev.antudigital.cl\/sites\/vc\/wp-content\/uploads\/2024\/12\/ROCKODROMO-24-PROG-DIARIA-imagenes-8-19x24.jpg 19w, https:\/\/dev.antudigital.cl\/sites\/vc\/wp-content\/uploads\/2024\/12\/ROCKODROMO-24-PROG-DIARIA-imagenes-8-29x36.jpg 29w, https:\/\/dev.antudigital.cl\/sites\/vc\/wp-content\/uploads\/2024\/12\/ROCKODROMO-24-PROG-DIARIA-imagenes-8-38x48.jpg 38w, https:\/\/dev.antudigital.cl\/sites\/vc\/wp-content\/uploads\/2024\/12\/ROCKODROMO-24-PROG-DIARIA-imagenes-8.jpg 1772w\" sizes=\"(max-width: 819px) 100vw, 819px\" \/><\/figure>\n<\/figure>\n","protected":false},"excerpt":{"rendered":"<p>Durante cinco d\u00edas la m\u00fasica nacional retumbar\u00e1 fuerte en distintos puntos de la Regi\u00f3n de Valpara\u00edso. Se trata de la celebraci\u00f3n de los 20 a\u00f1os del festival Rock\u00f3dromo, organizado por el Ministerio de las Culturas, las Artes y el Patrimonio a trav\u00e9s del programa Escuelas de Rock y M\u00fasica Popular, que se realizar\u00e1 del 11 [&hellip;]<\/p>\n","protected":false},"author":1,"featured_media":21452,"comment_status":"closed","ping_status":"closed","sticky":false,"template":"","format":"standard","meta":{"_acf_changed":false,"footnotes":""},"categories":[8],"tags":[],"class_list":["post-21442","post","type-post","status-publish","format-standard","has-post-thumbnail","hentry","category-noticia"],"acf":[],"yoast_head":"<!-- This site is optimized with the Yoast SEO plugin v27.1.1 - https:\/\/yoast.com\/product\/yoast-seo-wordpress\/ -->\n<title>Rock\u00f3dromo anuncia programaci\u00f3n diaria para sus 20 a\u00f1os - Valpara\u00ed\u00adso Creativo<\/title>\n<meta name=\"robots\" content=\"index, follow, max-snippet:-1, max-image-preview:large, max-video-preview:-1\" \/>\n<link rel=\"canonical\" href=\"https:\/\/dev.antudigital.cl\/sites\/vc\/rockodromo-anuncia-programacion-diaria-para-sus-20-anos\/\" \/>\n<meta property=\"og:locale\" content=\"es_ES\" \/>\n<meta property=\"og:type\" content=\"article\" \/>\n<meta property=\"og:title\" content=\"Rock\u00f3dromo anuncia programaci\u00f3n diaria para sus 20 a\u00f1os - Valpara\u00ed\u00adso Creativo\" \/>\n<meta property=\"og:description\" content=\"Durante cinco d\u00edas la m\u00fasica nacional retumbar\u00e1 fuerte en distintos puntos de la Regi\u00f3n de Valpara\u00edso. Se trata de la celebraci\u00f3n de los 20 a\u00f1os del festival Rock\u00f3dromo, organizado por el Ministerio de las Culturas, las Artes y el Patrimonio a trav\u00e9s del programa Escuelas de Rock y M\u00fasica Popular, que se realizar\u00e1 del 11 [&hellip;]\" \/>\n<meta property=\"og:url\" content=\"https:\/\/dev.antudigital.cl\/sites\/vc\/rockodromo-anuncia-programacion-diaria-para-sus-20-anos\/\" \/>\n<meta property=\"og:site_name\" content=\"Valpara\u00ed\u00adso Creativo\" \/>\n<meta property=\"article:published_time\" content=\"2024-12-09T20:21:53+00:00\" \/>\n<meta property=\"article:modified_time\" content=\"2024-12-09T20:22:08+00:00\" \/>\n<meta property=\"og:image\" content=\"https:\/\/dev.antudigital.cl\/sites\/vc\/wp-content\/uploads\/2024\/12\/466008722_1072537354328530_8716983300946281746_n.png\" \/>\n\t<meta property=\"og:image:width\" content=\"820\" \/>\n\t<meta property=\"og:image:height\" content=\"360\" \/>\n\t<meta property=\"og:image:type\" content=\"image\/png\" \/>\n<meta name=\"author\" content=\"Valpara\u00edso Creativo\" \/>\n<meta name=\"twitter:card\" content=\"summary_large_image\" \/>\n<meta name=\"twitter:label1\" content=\"Escrito por\" \/>\n\t<meta name=\"twitter:data1\" content=\"Valpara\u00edso Creativo\" \/>\n\t<meta name=\"twitter:label2\" content=\"Tiempo de lectura\" \/>\n\t<meta name=\"twitter:data2\" content=\"5 minutos\" \/>\n<script type=\"application\/ld+json\" class=\"yoast-schema-graph\">{\"@context\":\"https:\/\/schema.org\",\"@graph\":[{\"@type\":\"Article\",\"@id\":\"https:\/\/dev.antudigital.cl\/sites\/vc\/rockodromo-anuncia-programacion-diaria-para-sus-20-anos\/#article\",\"isPartOf\":{\"@id\":\"https:\/\/dev.antudigital.cl\/sites\/vc\/rockodromo-anuncia-programacion-diaria-para-sus-20-anos\/\"},\"author\":{\"name\":\"Valpara\u00edso Creativo\",\"@id\":\"https:\/\/dev.antudigital.cl\/sites\/vc\/#\/schema\/person\/c2b9da8dd545e27166fc5ab232837318\"},\"headline\":\"Rock\u00f3dromo anuncia programaci\u00f3n diaria para sus 20 a\u00f1os\",\"datePublished\":\"2024-12-09T20:21:53+00:00\",\"dateModified\":\"2024-12-09T20:22:08+00:00\",\"mainEntityOfPage\":{\"@id\":\"https:\/\/dev.antudigital.cl\/sites\/vc\/rockodromo-anuncia-programacion-diaria-para-sus-20-anos\/\"},\"wordCount\":504,\"image\":{\"@id\":\"https:\/\/dev.antudigital.cl\/sites\/vc\/rockodromo-anuncia-programacion-diaria-para-sus-20-anos\/#primaryimage\"},\"thumbnailUrl\":\"https:\/\/dev.antudigital.cl\/sites\/vc\/wp-content\/uploads\/2024\/12\/466008722_1072537354328530_8716983300946281746_n.png\",\"articleSection\":[\"Noticia\"],\"inLanguage\":\"es\"},{\"@type\":\"WebPage\",\"@id\":\"https:\/\/dev.antudigital.cl\/sites\/vc\/rockodromo-anuncia-programacion-diaria-para-sus-20-anos\/\",\"url\":\"https:\/\/dev.antudigital.cl\/sites\/vc\/rockodromo-anuncia-programacion-diaria-para-sus-20-anos\/\",\"name\":\"Rock\u00f3dromo anuncia programaci\u00f3n diaria para sus 20 a\u00f1os - Valpara\u00ed\u00adso Creativo\",\"isPartOf\":{\"@id\":\"https:\/\/dev.antudigital.cl\/sites\/vc\/#website\"},\"primaryImageOfPage\":{\"@id\":\"https:\/\/dev.antudigital.cl\/sites\/vc\/rockodromo-anuncia-programacion-diaria-para-sus-20-anos\/#primaryimage\"},\"image\":{\"@id\":\"https:\/\/dev.antudigital.cl\/sites\/vc\/rockodromo-anuncia-programacion-diaria-para-sus-20-anos\/#primaryimage\"},\"thumbnailUrl\":\"https:\/\/dev.antudigital.cl\/sites\/vc\/wp-content\/uploads\/2024\/12\/466008722_1072537354328530_8716983300946281746_n.png\",\"datePublished\":\"2024-12-09T20:21:53+00:00\",\"dateModified\":\"2024-12-09T20:22:08+00:00\",\"author\":{\"@id\":\"https:\/\/dev.antudigital.cl\/sites\/vc\/#\/schema\/person\/c2b9da8dd545e27166fc5ab232837318\"},\"breadcrumb\":{\"@id\":\"https:\/\/dev.antudigital.cl\/sites\/vc\/rockodromo-anuncia-programacion-diaria-para-sus-20-anos\/#breadcrumb\"},\"inLanguage\":\"es\",\"potentialAction\":[{\"@type\":\"ReadAction\",\"target\":[\"https:\/\/dev.antudigital.cl\/sites\/vc\/rockodromo-anuncia-programacion-diaria-para-sus-20-anos\/\"]}]},{\"@type\":\"ImageObject\",\"inLanguage\":\"es\",\"@id\":\"https:\/\/dev.antudigital.cl\/sites\/vc\/rockodromo-anuncia-programacion-diaria-para-sus-20-anos\/#primaryimage\",\"url\":\"https:\/\/dev.antudigital.cl\/sites\/vc\/wp-content\/uploads\/2024\/12\/466008722_1072537354328530_8716983300946281746_n.png\",\"contentUrl\":\"https:\/\/dev.antudigital.cl\/sites\/vc\/wp-content\/uploads\/2024\/12\/466008722_1072537354328530_8716983300946281746_n.png\",\"width\":820,\"height\":360},{\"@type\":\"BreadcrumbList\",\"@id\":\"https:\/\/dev.antudigital.cl\/sites\/vc\/rockodromo-anuncia-programacion-diaria-para-sus-20-anos\/#breadcrumb\",\"itemListElement\":[{\"@type\":\"ListItem\",\"position\":1,\"name\":\"Home\",\"item\":\"https:\/\/dev.antudigital.cl\/sites\/vc\/\"},{\"@type\":\"ListItem\",\"position\":2,\"name\":\"Rock\u00f3dromo anuncia programaci\u00f3n diaria para sus 20 a\u00f1os\"}]},{\"@type\":\"WebSite\",\"@id\":\"https:\/\/dev.antudigital.cl\/sites\/vc\/#website\",\"url\":\"https:\/\/dev.antudigital.cl\/sites\/vc\/\",\"name\":\"Valpara\u00ed\u00adso Creativo\",\"description\":\"\",\"potentialAction\":[{\"@type\":\"SearchAction\",\"target\":{\"@type\":\"EntryPoint\",\"urlTemplate\":\"https:\/\/dev.antudigital.cl\/sites\/vc\/?s={search_term_string}\"},\"query-input\":{\"@type\":\"PropertyValueSpecification\",\"valueRequired\":true,\"valueName\":\"search_term_string\"}}],\"inLanguage\":\"es\"},{\"@type\":\"Person\",\"@id\":\"https:\/\/dev.antudigital.cl\/sites\/vc\/#\/schema\/person\/c2b9da8dd545e27166fc5ab232837318\",\"name\":\"Valpara\u00edso Creativo\",\"description\":\"Periodista de cultura en la Regi\u00f3n de Valpara\u00edso.\",\"url\":\"https:\/\/dev.antudigital.cl\/sites\/vc\/author\/valpoadmin\/\"}]}<\/script>\n<!-- \/ Yoast SEO plugin. -->","yoast_head_json":{"title":"Rock\u00f3dromo anuncia programaci\u00f3n diaria para sus 20 a\u00f1os - Valpara\u00ed\u00adso Creativo","robots":{"index":"index","follow":"follow","max-snippet":"max-snippet:-1","max-image-preview":"max-image-preview:large","max-video-preview":"max-video-preview:-1"},"canonical":"https:\/\/dev.antudigital.cl\/sites\/vc\/rockodromo-anuncia-programacion-diaria-para-sus-20-anos\/","og_locale":"es_ES","og_type":"article","og_title":"Rock\u00f3dromo anuncia programaci\u00f3n diaria para sus 20 a\u00f1os - Valpara\u00ed\u00adso Creativo","og_description":"Durante cinco d\u00edas la m\u00fasica nacional retumbar\u00e1 fuerte en distintos puntos de la Regi\u00f3n de Valpara\u00edso. Se trata de la celebraci\u00f3n de los 20 a\u00f1os del festival Rock\u00f3dromo, organizado por el Ministerio de las Culturas, las Artes y el Patrimonio a trav\u00e9s del programa Escuelas de Rock y M\u00fasica Popular, que se realizar\u00e1 del 11 [&hellip;]","og_url":"https:\/\/dev.antudigital.cl\/sites\/vc\/rockodromo-anuncia-programacion-diaria-para-sus-20-anos\/","og_site_name":"Valpara\u00ed\u00adso Creativo","article_published_time":"2024-12-09T20:21:53+00:00","article_modified_time":"2024-12-09T20:22:08+00:00","og_image":[{"width":820,"height":360,"url":"https:\/\/dev.antudigital.cl\/sites\/vc\/wp-content\/uploads\/2024\/12\/466008722_1072537354328530_8716983300946281746_n.png","type":"image\/png"}],"author":"Valpara\u00edso Creativo","twitter_card":"summary_large_image","twitter_misc":{"Escrito por":"Valpara\u00edso Creativo","Tiempo de lectura":"5 minutos"},"schema":{"@context":"https:\/\/schema.org","@graph":[{"@type":"Article","@id":"https:\/\/dev.antudigital.cl\/sites\/vc\/rockodromo-anuncia-programacion-diaria-para-sus-20-anos\/#article","isPartOf":{"@id":"https:\/\/dev.antudigital.cl\/sites\/vc\/rockodromo-anuncia-programacion-diaria-para-sus-20-anos\/"},"author":{"name":"Valpara\u00edso Creativo","@id":"https:\/\/dev.antudigital.cl\/sites\/vc\/#\/schema\/person\/c2b9da8dd545e27166fc5ab232837318"},"headline":"Rock\u00f3dromo anuncia programaci\u00f3n diaria para sus 20 a\u00f1os","datePublished":"2024-12-09T20:21:53+00:00","dateModified":"2024-12-09T20:22:08+00:00","mainEntityOfPage":{"@id":"https:\/\/dev.antudigital.cl\/sites\/vc\/rockodromo-anuncia-programacion-diaria-para-sus-20-anos\/"},"wordCount":504,"image":{"@id":"https:\/\/dev.antudigital.cl\/sites\/vc\/rockodromo-anuncia-programacion-diaria-para-sus-20-anos\/#primaryimage"},"thumbnailUrl":"https:\/\/dev.antudigital.cl\/sites\/vc\/wp-content\/uploads\/2024\/12\/466008722_1072537354328530_8716983300946281746_n.png","articleSection":["Noticia"],"inLanguage":"es"},{"@type":"WebPage","@id":"https:\/\/dev.antudigital.cl\/sites\/vc\/rockodromo-anuncia-programacion-diaria-para-sus-20-anos\/","url":"https:\/\/dev.antudigital.cl\/sites\/vc\/rockodromo-anuncia-programacion-diaria-para-sus-20-anos\/","name":"Rock\u00f3dromo anuncia programaci\u00f3n diaria para sus 20 a\u00f1os - Valpara\u00ed\u00adso Creativo","isPartOf":{"@id":"https:\/\/dev.antudigital.cl\/sites\/vc\/#website"},"primaryImageOfPage":{"@id":"https:\/\/dev.antudigital.cl\/sites\/vc\/rockodromo-anuncia-programacion-diaria-para-sus-20-anos\/#primaryimage"},"image":{"@id":"https:\/\/dev.antudigital.cl\/sites\/vc\/rockodromo-anuncia-programacion-diaria-para-sus-20-anos\/#primaryimage"},"thumbnailUrl":"https:\/\/dev.antudigital.cl\/sites\/vc\/wp-content\/uploads\/2024\/12\/466008722_1072537354328530_8716983300946281746_n.png","datePublished":"2024-12-09T20:21:53+00:00","dateModified":"2024-12-09T20:22:08+00:00","author":{"@id":"https:\/\/dev.antudigital.cl\/sites\/vc\/#\/schema\/person\/c2b9da8dd545e27166fc5ab232837318"},"breadcrumb":{"@id":"https:\/\/dev.antudigital.cl\/sites\/vc\/rockodromo-anuncia-programacion-diaria-para-sus-20-anos\/#breadcrumb"},"inLanguage":"es","potentialAction":[{"@type":"ReadAction","target":["https:\/\/dev.antudigital.cl\/sites\/vc\/rockodromo-anuncia-programacion-diaria-para-sus-20-anos\/"]}]},{"@type":"ImageObject","inLanguage":"es","@id":"https:\/\/dev.antudigital.cl\/sites\/vc\/rockodromo-anuncia-programacion-diaria-para-sus-20-anos\/#primaryimage","url":"https:\/\/dev.antudigital.cl\/sites\/vc\/wp-content\/uploads\/2024\/12\/466008722_1072537354328530_8716983300946281746_n.png","contentUrl":"https:\/\/dev.antudigital.cl\/sites\/vc\/wp-content\/uploads\/2024\/12\/466008722_1072537354328530_8716983300946281746_n.png","width":820,"height":360},{"@type":"BreadcrumbList","@id":"https:\/\/dev.antudigital.cl\/sites\/vc\/rockodromo-anuncia-programacion-diaria-para-sus-20-anos\/#breadcrumb","itemListElement":[{"@type":"ListItem","position":1,"name":"Home","item":"https:\/\/dev.antudigital.cl\/sites\/vc\/"},{"@type":"ListItem","position":2,"name":"Rock\u00f3dromo anuncia programaci\u00f3n diaria para sus 20 a\u00f1os"}]},{"@type":"WebSite","@id":"https:\/\/dev.antudigital.cl\/sites\/vc\/#website","url":"https:\/\/dev.antudigital.cl\/sites\/vc\/","name":"Valpara\u00ed\u00adso Creativo","description":"","potentialAction":[{"@type":"SearchAction","target":{"@type":"EntryPoint","urlTemplate":"https:\/\/dev.antudigital.cl\/sites\/vc\/?s={search_term_string}"},"query-input":{"@type":"PropertyValueSpecification","valueRequired":true,"valueName":"search_term_string"}}],"inLanguage":"es"},{"@type":"Person","@id":"https:\/\/dev.antudigital.cl\/sites\/vc\/#\/schema\/person\/c2b9da8dd545e27166fc5ab232837318","name":"Valpara\u00edso Creativo","description":"Periodista de cultura en la Regi\u00f3n de Valpara\u00edso.","url":"https:\/\/dev.antudigital.cl\/sites\/vc\/author\/valpoadmin\/"}]}},"_links":{"self":[{"href":"https:\/\/dev.antudigital.cl\/sites\/vc\/wp-json\/wp\/v2\/posts\/21442","targetHints":{"allow":["GET"]}}],"collection":[{"href":"https:\/\/dev.antudigital.cl\/sites\/vc\/wp-json\/wp\/v2\/posts"}],"about":[{"href":"https:\/\/dev.antudigital.cl\/sites\/vc\/wp-json\/wp\/v2\/types\/post"}],"author":[{"embeddable":true,"href":"https:\/\/dev.antudigital.cl\/sites\/vc\/wp-json\/wp\/v2\/users\/1"}],"replies":[{"embeddable":true,"href":"https:\/\/dev.antudigital.cl\/sites\/vc\/wp-json\/wp\/v2\/comments?post=21442"}],"version-history":[{"count":1,"href":"https:\/\/dev.antudigital.cl\/sites\/vc\/wp-json\/wp\/v2\/posts\/21442\/revisions"}],"predecessor-version":[{"id":21453,"href":"https:\/\/dev.antudigital.cl\/sites\/vc\/wp-json\/wp\/v2\/posts\/21442\/revisions\/21453"}],"wp:featuredmedia":[{"embeddable":true,"href":"https:\/\/dev.antudigital.cl\/sites\/vc\/wp-json\/wp\/v2\/media\/21452"}],"wp:attachment":[{"href":"https:\/\/dev.antudigital.cl\/sites\/vc\/wp-json\/wp\/v2\/media?parent=21442"}],"wp:term":[{"taxonomy":"category","embeddable":true,"href":"https:\/\/dev.antudigital.cl\/sites\/vc\/wp-json\/wp\/v2\/categories?post=21442"},{"taxonomy":"post_tag","embeddable":true,"href":"https:\/\/dev.antudigital.cl\/sites\/vc\/wp-json\/wp\/v2\/tags?post=21442"}],"curies":[{"name":"wp","href":"https:\/\/api.w.org\/{rel}","templated":true}]}}