{"id":21454,"date":"2024-12-09T20:25:26","date_gmt":"2024-12-09T20:25:26","guid":{"rendered":"https:\/\/www.valparaisocreativo.cl\/?p=21454"},"modified":"2024-12-09T20:25:53","modified_gmt":"2024-12-09T20:25:53","slug":"mercado-puerto-y-cerro-polanco-albergan-los-talleres-de-puesta-en-escena-ii-2024","status":"publish","type":"post","link":"https:\/\/dev.antudigital.cl\/sites\/vc\/mercado-puerto-y-cerro-polanco-albergan-los-talleres-de-puesta-en-escena-ii-2024\/","title":{"rendered":"Mercado Puerto y Cerro Polanco albergan los Talleres de Puesta en Escena II 2024"},"content":{"rendered":"\n<p>Dos propuestas fueron elaboradas a trav\u00e9s de la asignatura Taller de Puesta en Escena II de la Escuela de Teatro UV.<strong>&nbsp;Los d\u00edas lunes 9 a las 17:00 y martes 10 de diciembre a las 15:30 horas se presenta \u201cMARCHITA\u201d en el Mercado Puerto de Valpara\u00edso<\/strong>, adaptaci\u00f3n libre de \u201cYerma\u201d de Federico Garc\u00eda Lorca.&nbsp;<strong>\u201cEN MEDIO DEL CERRO, UN REFUGIO\u201d es una creaci\u00f3n colectiva que se presenta en las escaleras del Cerro Polanco el d\u00eda jueves 12 de diciembre con funciones a las 10:00 y 12:00 horas<\/strong>, partiendo a las afueras del ascensor Polanco.<\/p>\n\n\n\n<p><strong>Nicol\u00e1s Fernandois, docente y director de MARCHITA<\/strong>, se\u00f1ala: \u201cMe parece muy importante destacar el uso de los espacios no convencionales como lugares que proporcionan una cantidad incierta de dificultades t\u00e9cnicas y art\u00edsticas para realizar una obra de teatro, pero, al mismo tiempo, un mont\u00f3n de posibilidades de renovar las formas habituales de hacer y abordar una puesta en escena. Este proceso formativo permite que las y los estudiantes del curso puedan establecer estrategias de creaci\u00f3n art\u00edstica otras, que les posibilita encontrarse con otras facetas de la teatralidad y la creaci\u00f3n esc\u00e9nica\u201d.<\/p>\n\n\n\n<p>\u201cEn la obra MARCHITA el observador vivir\u00e1 un tr\u00e1nsito, podr\u00e1 relacionarse con la idea de una obra como circuito. Es una creaci\u00f3n libre a partir de la obra Yerma, y el proyecto surge desde la necesidad de plantearle a las y los estudiantes que pudiesen generar una reflexi\u00f3n esc\u00e9nica contempor\u00e1nea del cl\u00e1sico de Lorca, que invita a pensar sobre las presiones que ejerce la sociedad sobre las mujeres para que tengan hijos, generando un di\u00e1logo entre este texto escrito en la d\u00e9cada del \u201840 y hoy en 2024\u201d.<\/p>\n\n\n\n<p><strong>Nicol\u00e1s Eyzaguirre, docente y director de EN EL MEDIO DEL CERRO, UN REFUGIO,<\/strong>&nbsp;detalla: \u201cEs interesante la b\u00fasqueda, el esp\u00edritu investigativo que tiene este proceso en el que les estudiantes, el grupo de curso, se transforma en un grupo de investigaci\u00f3n sobre las teatralidades posibles en los espacios reales, no convencionales, los que est\u00e1n fuera de las salas o de los espacios concebidos para el arte, lugares vivos, donde est\u00e1 pasando algo. Quisiera destacar tambi\u00e9n esta pr\u00e1ctica, acci\u00f3n, voluntad, de ir al encuentro de teatralidades que est\u00e1n impl\u00edcitas en los espacios, donde quienes est\u00e1n implicados en la creaci\u00f3n van construyendo la escena incorporando lo inesperado\u201d.<\/p>\n\n\n\n<p>\u201cEN EL MEDIO DEL CERRO, UN REFUGIO nace a trav\u00e9s de varias derivas que se realizaron en clase. Nos entreg\u00e1bamos al a marcha, a caminar la ciudad, sus quebradas, sus veredas y avenidas, el tercer espacio, que es a lo que llamamos lugares donde hubo algo humano y luego fueron abandonados e intervenidos por la naturaleza. De todas estas derivas apareci\u00f3 la idea de que los intersticios de la ciudad se convierten en refugios de las diversidades. En este caso los vericuetos del Cerro Polanco se vuelven el refugio para la ficci\u00f3n de estudiantes de ense\u00f1anza media que tienen un d\u00eda, un viaje, un momento especial de detenci\u00f3n, donde entre esas calles acceden a reflexiones que les hacen replantearse qui\u00e9nes son, d\u00f3nde est\u00e1n\u201d.<\/p>\n\n\n\n<p>Para m\u00e1s informaci\u00f3n seguir a @escuelateatrouv en Instagram.<\/p>\n\n\n\n<figure class=\"wp-block-image size-full\"><img fetchpriority=\"high\" decoding=\"async\" width=\"626\" height=\"625\" src=\"https:\/\/www.valparaisocreativo.cl\/wp-content\/uploads\/2024\/12\/Captura-de-Pantalla-2024-12-09-a-las-17.24.30.png\" alt=\"\" class=\"wp-image-21456\" srcset=\"https:\/\/dev.antudigital.cl\/sites\/vc\/wp-content\/uploads\/2024\/12\/Captura-de-Pantalla-2024-12-09-a-las-17.24.30.png 626w, https:\/\/dev.antudigital.cl\/sites\/vc\/wp-content\/uploads\/2024\/12\/Captura-de-Pantalla-2024-12-09-a-las-17.24.30-300x300.png 300w, https:\/\/dev.antudigital.cl\/sites\/vc\/wp-content\/uploads\/2024\/12\/Captura-de-Pantalla-2024-12-09-a-las-17.24.30-150x150.png 150w, https:\/\/dev.antudigital.cl\/sites\/vc\/wp-content\/uploads\/2024\/12\/Captura-de-Pantalla-2024-12-09-a-las-17.24.30-480x479.png 480w, https:\/\/dev.antudigital.cl\/sites\/vc\/wp-content\/uploads\/2024\/12\/Captura-de-Pantalla-2024-12-09-a-las-17.24.30-24x24.png 24w, https:\/\/dev.antudigital.cl\/sites\/vc\/wp-content\/uploads\/2024\/12\/Captura-de-Pantalla-2024-12-09-a-las-17.24.30-36x36.png 36w, https:\/\/dev.antudigital.cl\/sites\/vc\/wp-content\/uploads\/2024\/12\/Captura-de-Pantalla-2024-12-09-a-las-17.24.30-48x48.png 48w\" sizes=\"(max-width: 626px) 100vw, 626px\" \/><\/figure>\n","protected":false},"excerpt":{"rendered":"<p>Dos propuestas fueron elaboradas a trav\u00e9s de la asignatura Taller de Puesta en Escena II de la Escuela de Teatro UV.&nbsp;Los d\u00edas lunes 9 a las 17:00 y martes 10 de diciembre a las 15:30 horas se presenta \u201cMARCHITA\u201d en el Mercado Puerto de Valpara\u00edso, adaptaci\u00f3n libre de \u201cYerma\u201d de Federico Garc\u00eda Lorca.&nbsp;\u201cEN MEDIO DEL [&hellip;]<\/p>\n","protected":false},"author":1,"featured_media":21455,"comment_status":"closed","ping_status":"closed","sticky":false,"template":"","format":"standard","meta":{"_acf_changed":false,"footnotes":""},"categories":[8],"tags":[],"class_list":["post-21454","post","type-post","status-publish","format-standard","has-post-thumbnail","hentry","category-noticia"],"acf":[],"yoast_head":"<!-- This site is optimized with the Yoast SEO plugin v27.1.1 - https:\/\/yoast.com\/product\/yoast-seo-wordpress\/ -->\n<title>Mercado Puerto y Cerro Polanco albergan los Talleres de Puesta en Escena II 2024 - Valpara\u00ed\u00adso Creativo<\/title>\n<meta name=\"robots\" content=\"index, follow, max-snippet:-1, max-image-preview:large, max-video-preview:-1\" \/>\n<link rel=\"canonical\" href=\"https:\/\/dev.antudigital.cl\/sites\/vc\/mercado-puerto-y-cerro-polanco-albergan-los-talleres-de-puesta-en-escena-ii-2024\/\" \/>\n<meta property=\"og:locale\" content=\"es_ES\" \/>\n<meta property=\"og:type\" content=\"article\" \/>\n<meta property=\"og:title\" content=\"Mercado Puerto y Cerro Polanco albergan los Talleres de Puesta en Escena II 2024 - Valpara\u00ed\u00adso Creativo\" \/>\n<meta property=\"og:description\" content=\"Dos propuestas fueron elaboradas a trav\u00e9s de la asignatura Taller de Puesta en Escena II de la Escuela de Teatro UV.&nbsp;Los d\u00edas lunes 9 a las 17:00 y martes 10 de diciembre a las 15:30 horas se presenta \u201cMARCHITA\u201d en el Mercado Puerto de Valpara\u00edso, adaptaci\u00f3n libre de \u201cYerma\u201d de Federico Garc\u00eda Lorca.&nbsp;\u201cEN MEDIO DEL [&hellip;]\" \/>\n<meta property=\"og:url\" content=\"https:\/\/dev.antudigital.cl\/sites\/vc\/mercado-puerto-y-cerro-polanco-albergan-los-talleres-de-puesta-en-escena-ii-2024\/\" \/>\n<meta property=\"og:site_name\" content=\"Valpara\u00ed\u00adso Creativo\" \/>\n<meta property=\"article:published_time\" content=\"2024-12-09T20:25:26+00:00\" \/>\n<meta property=\"article:modified_time\" content=\"2024-12-09T20:25:53+00:00\" \/>\n<meta property=\"og:image\" content=\"https:\/\/dev.antudigital.cl\/sites\/vc\/wp-content\/uploads\/2024\/12\/EN-MEDIO-DEL-CERRO-UN-REFUGIO.jpeg\" \/>\n\t<meta property=\"og:image:width\" content=\"1125\" \/>\n\t<meta property=\"og:image:height\" content=\"958\" \/>\n\t<meta property=\"og:image:type\" content=\"image\/jpeg\" \/>\n<meta name=\"author\" content=\"Valpara\u00edso Creativo\" \/>\n<meta name=\"twitter:card\" content=\"summary_large_image\" \/>\n<meta name=\"twitter:label1\" content=\"Escrito por\" \/>\n\t<meta name=\"twitter:data1\" content=\"Valpara\u00edso Creativo\" \/>\n\t<meta name=\"twitter:label2\" content=\"Tiempo de lectura\" \/>\n\t<meta name=\"twitter:data2\" content=\"3 minutos\" \/>\n<script type=\"application\/ld+json\" class=\"yoast-schema-graph\">{\"@context\":\"https:\/\/schema.org\",\"@graph\":[{\"@type\":\"Article\",\"@id\":\"https:\/\/dev.antudigital.cl\/sites\/vc\/mercado-puerto-y-cerro-polanco-albergan-los-talleres-de-puesta-en-escena-ii-2024\/#article\",\"isPartOf\":{\"@id\":\"https:\/\/dev.antudigital.cl\/sites\/vc\/mercado-puerto-y-cerro-polanco-albergan-los-talleres-de-puesta-en-escena-ii-2024\/\"},\"author\":{\"name\":\"Valpara\u00edso Creativo\",\"@id\":\"https:\/\/dev.antudigital.cl\/sites\/vc\/#\/schema\/person\/c2b9da8dd545e27166fc5ab232837318\"},\"headline\":\"Mercado Puerto y Cerro Polanco albergan los Talleres de Puesta en Escena II 2024\",\"datePublished\":\"2024-12-09T20:25:26+00:00\",\"dateModified\":\"2024-12-09T20:25:53+00:00\",\"mainEntityOfPage\":{\"@id\":\"https:\/\/dev.antudigital.cl\/sites\/vc\/mercado-puerto-y-cerro-polanco-albergan-los-talleres-de-puesta-en-escena-ii-2024\/\"},\"wordCount\":563,\"image\":{\"@id\":\"https:\/\/dev.antudigital.cl\/sites\/vc\/mercado-puerto-y-cerro-polanco-albergan-los-talleres-de-puesta-en-escena-ii-2024\/#primaryimage\"},\"thumbnailUrl\":\"https:\/\/dev.antudigital.cl\/sites\/vc\/wp-content\/uploads\/2024\/12\/EN-MEDIO-DEL-CERRO-UN-REFUGIO.jpeg\",\"articleSection\":[\"Noticia\"],\"inLanguage\":\"es\"},{\"@type\":\"WebPage\",\"@id\":\"https:\/\/dev.antudigital.cl\/sites\/vc\/mercado-puerto-y-cerro-polanco-albergan-los-talleres-de-puesta-en-escena-ii-2024\/\",\"url\":\"https:\/\/dev.antudigital.cl\/sites\/vc\/mercado-puerto-y-cerro-polanco-albergan-los-talleres-de-puesta-en-escena-ii-2024\/\",\"name\":\"Mercado Puerto y Cerro Polanco albergan los Talleres de Puesta en Escena II 2024 - Valpara\u00ed\u00adso Creativo\",\"isPartOf\":{\"@id\":\"https:\/\/dev.antudigital.cl\/sites\/vc\/#website\"},\"primaryImageOfPage\":{\"@id\":\"https:\/\/dev.antudigital.cl\/sites\/vc\/mercado-puerto-y-cerro-polanco-albergan-los-talleres-de-puesta-en-escena-ii-2024\/#primaryimage\"},\"image\":{\"@id\":\"https:\/\/dev.antudigital.cl\/sites\/vc\/mercado-puerto-y-cerro-polanco-albergan-los-talleres-de-puesta-en-escena-ii-2024\/#primaryimage\"},\"thumbnailUrl\":\"https:\/\/dev.antudigital.cl\/sites\/vc\/wp-content\/uploads\/2024\/12\/EN-MEDIO-DEL-CERRO-UN-REFUGIO.jpeg\",\"datePublished\":\"2024-12-09T20:25:26+00:00\",\"dateModified\":\"2024-12-09T20:25:53+00:00\",\"author\":{\"@id\":\"https:\/\/dev.antudigital.cl\/sites\/vc\/#\/schema\/person\/c2b9da8dd545e27166fc5ab232837318\"},\"breadcrumb\":{\"@id\":\"https:\/\/dev.antudigital.cl\/sites\/vc\/mercado-puerto-y-cerro-polanco-albergan-los-talleres-de-puesta-en-escena-ii-2024\/#breadcrumb\"},\"inLanguage\":\"es\",\"potentialAction\":[{\"@type\":\"ReadAction\",\"target\":[\"https:\/\/dev.antudigital.cl\/sites\/vc\/mercado-puerto-y-cerro-polanco-albergan-los-talleres-de-puesta-en-escena-ii-2024\/\"]}]},{\"@type\":\"ImageObject\",\"inLanguage\":\"es\",\"@id\":\"https:\/\/dev.antudigital.cl\/sites\/vc\/mercado-puerto-y-cerro-polanco-albergan-los-talleres-de-puesta-en-escena-ii-2024\/#primaryimage\",\"url\":\"https:\/\/dev.antudigital.cl\/sites\/vc\/wp-content\/uploads\/2024\/12\/EN-MEDIO-DEL-CERRO-UN-REFUGIO.jpeg\",\"contentUrl\":\"https:\/\/dev.antudigital.cl\/sites\/vc\/wp-content\/uploads\/2024\/12\/EN-MEDIO-DEL-CERRO-UN-REFUGIO.jpeg\",\"width\":1125,\"height\":958},{\"@type\":\"BreadcrumbList\",\"@id\":\"https:\/\/dev.antudigital.cl\/sites\/vc\/mercado-puerto-y-cerro-polanco-albergan-los-talleres-de-puesta-en-escena-ii-2024\/#breadcrumb\",\"itemListElement\":[{\"@type\":\"ListItem\",\"position\":1,\"name\":\"Home\",\"item\":\"https:\/\/dev.antudigital.cl\/sites\/vc\/\"},{\"@type\":\"ListItem\",\"position\":2,\"name\":\"Mercado Puerto y Cerro Polanco albergan los Talleres de Puesta en Escena II 2024\"}]},{\"@type\":\"WebSite\",\"@id\":\"https:\/\/dev.antudigital.cl\/sites\/vc\/#website\",\"url\":\"https:\/\/dev.antudigital.cl\/sites\/vc\/\",\"name\":\"Valpara\u00ed\u00adso Creativo\",\"description\":\"\",\"potentialAction\":[{\"@type\":\"SearchAction\",\"target\":{\"@type\":\"EntryPoint\",\"urlTemplate\":\"https:\/\/dev.antudigital.cl\/sites\/vc\/?s={search_term_string}\"},\"query-input\":{\"@type\":\"PropertyValueSpecification\",\"valueRequired\":true,\"valueName\":\"search_term_string\"}}],\"inLanguage\":\"es\"},{\"@type\":\"Person\",\"@id\":\"https:\/\/dev.antudigital.cl\/sites\/vc\/#\/schema\/person\/c2b9da8dd545e27166fc5ab232837318\",\"name\":\"Valpara\u00edso Creativo\",\"description\":\"Periodista de cultura en la Regi\u00f3n de Valpara\u00edso.\",\"url\":\"https:\/\/dev.antudigital.cl\/sites\/vc\/author\/valpoadmin\/\"}]}<\/script>\n<!-- \/ Yoast SEO plugin. -->","yoast_head_json":{"title":"Mercado Puerto y Cerro Polanco albergan los Talleres de Puesta en Escena II 2024 - Valpara\u00ed\u00adso Creativo","robots":{"index":"index","follow":"follow","max-snippet":"max-snippet:-1","max-image-preview":"max-image-preview:large","max-video-preview":"max-video-preview:-1"},"canonical":"https:\/\/dev.antudigital.cl\/sites\/vc\/mercado-puerto-y-cerro-polanco-albergan-los-talleres-de-puesta-en-escena-ii-2024\/","og_locale":"es_ES","og_type":"article","og_title":"Mercado Puerto y Cerro Polanco albergan los Talleres de Puesta en Escena II 2024 - Valpara\u00ed\u00adso Creativo","og_description":"Dos propuestas fueron elaboradas a trav\u00e9s de la asignatura Taller de Puesta en Escena II de la Escuela de Teatro UV.&nbsp;Los d\u00edas lunes 9 a las 17:00 y martes 10 de diciembre a las 15:30 horas se presenta \u201cMARCHITA\u201d en el Mercado Puerto de Valpara\u00edso, adaptaci\u00f3n libre de \u201cYerma\u201d de Federico Garc\u00eda Lorca.&nbsp;\u201cEN MEDIO DEL [&hellip;]","og_url":"https:\/\/dev.antudigital.cl\/sites\/vc\/mercado-puerto-y-cerro-polanco-albergan-los-talleres-de-puesta-en-escena-ii-2024\/","og_site_name":"Valpara\u00ed\u00adso Creativo","article_published_time":"2024-12-09T20:25:26+00:00","article_modified_time":"2024-12-09T20:25:53+00:00","og_image":[{"width":1125,"height":958,"url":"https:\/\/dev.antudigital.cl\/sites\/vc\/wp-content\/uploads\/2024\/12\/EN-MEDIO-DEL-CERRO-UN-REFUGIO.jpeg","type":"image\/jpeg"}],"author":"Valpara\u00edso Creativo","twitter_card":"summary_large_image","twitter_misc":{"Escrito por":"Valpara\u00edso Creativo","Tiempo de lectura":"3 minutos"},"schema":{"@context":"https:\/\/schema.org","@graph":[{"@type":"Article","@id":"https:\/\/dev.antudigital.cl\/sites\/vc\/mercado-puerto-y-cerro-polanco-albergan-los-talleres-de-puesta-en-escena-ii-2024\/#article","isPartOf":{"@id":"https:\/\/dev.antudigital.cl\/sites\/vc\/mercado-puerto-y-cerro-polanco-albergan-los-talleres-de-puesta-en-escena-ii-2024\/"},"author":{"name":"Valpara\u00edso Creativo","@id":"https:\/\/dev.antudigital.cl\/sites\/vc\/#\/schema\/person\/c2b9da8dd545e27166fc5ab232837318"},"headline":"Mercado Puerto y Cerro Polanco albergan los Talleres de Puesta en Escena II 2024","datePublished":"2024-12-09T20:25:26+00:00","dateModified":"2024-12-09T20:25:53+00:00","mainEntityOfPage":{"@id":"https:\/\/dev.antudigital.cl\/sites\/vc\/mercado-puerto-y-cerro-polanco-albergan-los-talleres-de-puesta-en-escena-ii-2024\/"},"wordCount":563,"image":{"@id":"https:\/\/dev.antudigital.cl\/sites\/vc\/mercado-puerto-y-cerro-polanco-albergan-los-talleres-de-puesta-en-escena-ii-2024\/#primaryimage"},"thumbnailUrl":"https:\/\/dev.antudigital.cl\/sites\/vc\/wp-content\/uploads\/2024\/12\/EN-MEDIO-DEL-CERRO-UN-REFUGIO.jpeg","articleSection":["Noticia"],"inLanguage":"es"},{"@type":"WebPage","@id":"https:\/\/dev.antudigital.cl\/sites\/vc\/mercado-puerto-y-cerro-polanco-albergan-los-talleres-de-puesta-en-escena-ii-2024\/","url":"https:\/\/dev.antudigital.cl\/sites\/vc\/mercado-puerto-y-cerro-polanco-albergan-los-talleres-de-puesta-en-escena-ii-2024\/","name":"Mercado Puerto y Cerro Polanco albergan los Talleres de Puesta en Escena II 2024 - Valpara\u00ed\u00adso Creativo","isPartOf":{"@id":"https:\/\/dev.antudigital.cl\/sites\/vc\/#website"},"primaryImageOfPage":{"@id":"https:\/\/dev.antudigital.cl\/sites\/vc\/mercado-puerto-y-cerro-polanco-albergan-los-talleres-de-puesta-en-escena-ii-2024\/#primaryimage"},"image":{"@id":"https:\/\/dev.antudigital.cl\/sites\/vc\/mercado-puerto-y-cerro-polanco-albergan-los-talleres-de-puesta-en-escena-ii-2024\/#primaryimage"},"thumbnailUrl":"https:\/\/dev.antudigital.cl\/sites\/vc\/wp-content\/uploads\/2024\/12\/EN-MEDIO-DEL-CERRO-UN-REFUGIO.jpeg","datePublished":"2024-12-09T20:25:26+00:00","dateModified":"2024-12-09T20:25:53+00:00","author":{"@id":"https:\/\/dev.antudigital.cl\/sites\/vc\/#\/schema\/person\/c2b9da8dd545e27166fc5ab232837318"},"breadcrumb":{"@id":"https:\/\/dev.antudigital.cl\/sites\/vc\/mercado-puerto-y-cerro-polanco-albergan-los-talleres-de-puesta-en-escena-ii-2024\/#breadcrumb"},"inLanguage":"es","potentialAction":[{"@type":"ReadAction","target":["https:\/\/dev.antudigital.cl\/sites\/vc\/mercado-puerto-y-cerro-polanco-albergan-los-talleres-de-puesta-en-escena-ii-2024\/"]}]},{"@type":"ImageObject","inLanguage":"es","@id":"https:\/\/dev.antudigital.cl\/sites\/vc\/mercado-puerto-y-cerro-polanco-albergan-los-talleres-de-puesta-en-escena-ii-2024\/#primaryimage","url":"https:\/\/dev.antudigital.cl\/sites\/vc\/wp-content\/uploads\/2024\/12\/EN-MEDIO-DEL-CERRO-UN-REFUGIO.jpeg","contentUrl":"https:\/\/dev.antudigital.cl\/sites\/vc\/wp-content\/uploads\/2024\/12\/EN-MEDIO-DEL-CERRO-UN-REFUGIO.jpeg","width":1125,"height":958},{"@type":"BreadcrumbList","@id":"https:\/\/dev.antudigital.cl\/sites\/vc\/mercado-puerto-y-cerro-polanco-albergan-los-talleres-de-puesta-en-escena-ii-2024\/#breadcrumb","itemListElement":[{"@type":"ListItem","position":1,"name":"Home","item":"https:\/\/dev.antudigital.cl\/sites\/vc\/"},{"@type":"ListItem","position":2,"name":"Mercado Puerto y Cerro Polanco albergan los Talleres de Puesta en Escena II 2024"}]},{"@type":"WebSite","@id":"https:\/\/dev.antudigital.cl\/sites\/vc\/#website","url":"https:\/\/dev.antudigital.cl\/sites\/vc\/","name":"Valpara\u00ed\u00adso Creativo","description":"","potentialAction":[{"@type":"SearchAction","target":{"@type":"EntryPoint","urlTemplate":"https:\/\/dev.antudigital.cl\/sites\/vc\/?s={search_term_string}"},"query-input":{"@type":"PropertyValueSpecification","valueRequired":true,"valueName":"search_term_string"}}],"inLanguage":"es"},{"@type":"Person","@id":"https:\/\/dev.antudigital.cl\/sites\/vc\/#\/schema\/person\/c2b9da8dd545e27166fc5ab232837318","name":"Valpara\u00edso Creativo","description":"Periodista de cultura en la Regi\u00f3n de Valpara\u00edso.","url":"https:\/\/dev.antudigital.cl\/sites\/vc\/author\/valpoadmin\/"}]}},"_links":{"self":[{"href":"https:\/\/dev.antudigital.cl\/sites\/vc\/wp-json\/wp\/v2\/posts\/21454","targetHints":{"allow":["GET"]}}],"collection":[{"href":"https:\/\/dev.antudigital.cl\/sites\/vc\/wp-json\/wp\/v2\/posts"}],"about":[{"href":"https:\/\/dev.antudigital.cl\/sites\/vc\/wp-json\/wp\/v2\/types\/post"}],"author":[{"embeddable":true,"href":"https:\/\/dev.antudigital.cl\/sites\/vc\/wp-json\/wp\/v2\/users\/1"}],"replies":[{"embeddable":true,"href":"https:\/\/dev.antudigital.cl\/sites\/vc\/wp-json\/wp\/v2\/comments?post=21454"}],"version-history":[{"count":1,"href":"https:\/\/dev.antudigital.cl\/sites\/vc\/wp-json\/wp\/v2\/posts\/21454\/revisions"}],"predecessor-version":[{"id":21457,"href":"https:\/\/dev.antudigital.cl\/sites\/vc\/wp-json\/wp\/v2\/posts\/21454\/revisions\/21457"}],"wp:featuredmedia":[{"embeddable":true,"href":"https:\/\/dev.antudigital.cl\/sites\/vc\/wp-json\/wp\/v2\/media\/21455"}],"wp:attachment":[{"href":"https:\/\/dev.antudigital.cl\/sites\/vc\/wp-json\/wp\/v2\/media?parent=21454"}],"wp:term":[{"taxonomy":"category","embeddable":true,"href":"https:\/\/dev.antudigital.cl\/sites\/vc\/wp-json\/wp\/v2\/categories?post=21454"},{"taxonomy":"post_tag","embeddable":true,"href":"https:\/\/dev.antudigital.cl\/sites\/vc\/wp-json\/wp\/v2\/tags?post=21454"}],"curies":[{"name":"wp","href":"https:\/\/api.w.org\/{rel}","templated":true}]}}