{"id":21458,"date":"2024-12-09T20:42:08","date_gmt":"2024-12-09T20:42:08","guid":{"rendered":"https:\/\/www.valparaisocreativo.cl\/?p=21458"},"modified":"2024-12-09T20:42:25","modified_gmt":"2024-12-09T20:42:25","slug":"invitacion-al-lanzamiento-del-libro-pathos-o-broza-de-paloma-kirchmann-en-quillota","status":"publish","type":"post","link":"https:\/\/dev.antudigital.cl\/sites\/vc\/invitacion-al-lanzamiento-del-libro-pathos-o-broza-de-paloma-kirchmann-en-quillota\/","title":{"rendered":"Invitaci\u00f3n al lanzamiento del libro \u201cPathos o Broza\u201d de Paloma Kirchmann en Quillota"},"content":{"rendered":"\n<p>El lanzamiento es organizado por la agrupaci\u00f3n \u2018<strong>Arte y Sonido Aconcagua<\/strong>\u2019, invitando a vivir una oportunidad \u00fanica para dialogar e intercambiar opiniones con otros artistas y amantes de la literatura en un ambiente acogedor.&nbsp;&nbsp;<\/p>\n\n\n\n<p><strong>\u201cPathos o Broza\u201d<\/strong><\/p>\n\n\n\n<p>Paloma Kirchmann es una destacada artista y referente cultural de Quillota, reconocida por su capacidad de plasmar emociones crudas y experiencias profundamente humanas. Esta vez nos presenta su segundo libro denominado <strong>\u201cPathos o Broza\u201d<\/strong>, una biograf\u00eda en microrrelatos que entrelaza la vida de una mujer adulta mayor atrapada en la depresi\u00f3n y que reflexiona sobre su propia eutanasia.<\/p>\n\n\n\n<p><em>\u00abMe cri\u00e9 en la violencia social y familiar; en la injusticia. Qu\u00e9 m\u00e1s puedo escribir o pensar sino es desde las cicatrices de mi existencia. As\u00ed es como me siento, un desecho en ella.\u00bb<\/em><\/p>\n\n\n\n<p>Esta obra, narrada a trav\u00e9s de un diario h\u00edbrido y no lineal, hace visible la discriminaci\u00f3n de g\u00e9nero, la violencia, los prejuicios sociales y la incomprensi\u00f3n que muchas mujeres han enfrentado. Es un grito literario desde las cicatrices de una existencia marcada por la lucha, pero tambi\u00e9n por una fuerza inquebrantable.<\/p>\n\n\n\n<p>Ven a conocer m\u00e1s sobre la obra y la artista en el lanzamiento este viernes 13 de diciembre a las 17:00 hrs en&nbsp;Caf\u00e9 Alma Bistr\u00f3.&nbsp;Donde Paloma leer\u00e1 extractos de su nuevo libro y estar\u00e1 firmando a quienes se lleven un ejemplar.&nbsp;<\/p>\n\n\n\n<p>Gabriel Guarda, presidente de Arte y Sonido Aconcagua, junto a todo el equipo organizador, invita a sumarse a este evento que busca abrir espacios para la cultura local y fortalecer la identidad art\u00edstica de nuestro territorio.<\/p>\n\n\n\n<p><strong>\u00a1Les esperamos!<\/strong><\/p>\n\n\n\n<p><strong>Lanzamiento libro: <\/strong><strong>\u201cPathos o Broza\u201d de <\/strong><strong>Paloma Kirchmann<\/strong><\/p>\n\n\n\n<p>Viernes 13 diciembre<\/p>\n\n\n\n<p>17:00 hrs&nbsp;<\/p>\n\n\n\n<p><em>Caf\u00e9 Alma Bistr\u00f3, San Mart\u00edn 470, Quillota.<\/em><\/p>\n\n\n\n<figure class=\"wp-block-image size-full\"><img fetchpriority=\"high\" decoding=\"async\" width=\"584\" height=\"544\" src=\"https:\/\/www.valparaisocreativo.cl\/wp-content\/uploads\/2024\/12\/Captura-de-Pantalla-2024-12-09-a-las-17.39.01.png\" alt=\"\" class=\"wp-image-21460\" srcset=\"https:\/\/dev.antudigital.cl\/sites\/vc\/wp-content\/uploads\/2024\/12\/Captura-de-Pantalla-2024-12-09-a-las-17.39.01.png 584w, https:\/\/dev.antudigital.cl\/sites\/vc\/wp-content\/uploads\/2024\/12\/Captura-de-Pantalla-2024-12-09-a-las-17.39.01-300x279.png 300w, https:\/\/dev.antudigital.cl\/sites\/vc\/wp-content\/uploads\/2024\/12\/Captura-de-Pantalla-2024-12-09-a-las-17.39.01-480x447.png 480w, https:\/\/dev.antudigital.cl\/sites\/vc\/wp-content\/uploads\/2024\/12\/Captura-de-Pantalla-2024-12-09-a-las-17.39.01-24x22.png 24w, https:\/\/dev.antudigital.cl\/sites\/vc\/wp-content\/uploads\/2024\/12\/Captura-de-Pantalla-2024-12-09-a-las-17.39.01-36x34.png 36w, https:\/\/dev.antudigital.cl\/sites\/vc\/wp-content\/uploads\/2024\/12\/Captura-de-Pantalla-2024-12-09-a-las-17.39.01-48x45.png 48w\" sizes=\"(max-width: 584px) 100vw, 584px\" \/><\/figure>\n","protected":false},"excerpt":{"rendered":"<p>El lanzamiento es organizado por la agrupaci\u00f3n \u2018Arte y Sonido Aconcagua\u2019, invitando a vivir una oportunidad \u00fanica para dialogar e intercambiar opiniones con otros artistas y amantes de la literatura en un ambiente acogedor.&nbsp;&nbsp; \u201cPathos o Broza\u201d Paloma Kirchmann es una destacada artista y referente cultural de Quillota, reconocida por su capacidad de plasmar emociones [&hellip;]<\/p>\n","protected":false},"author":1,"featured_media":21459,"comment_status":"closed","ping_status":"closed","sticky":false,"template":"","format":"standard","meta":{"_acf_changed":false,"footnotes":""},"categories":[8],"tags":[],"class_list":["post-21458","post","type-post","status-publish","format-standard","has-post-thumbnail","hentry","category-noticia"],"acf":[],"yoast_head":"<!-- This site is optimized with the Yoast SEO plugin v27.1.1 - https:\/\/yoast.com\/product\/yoast-seo-wordpress\/ -->\n<title>Invitaci\u00f3n al lanzamiento del libro \u201cPathos o Broza\u201d de Paloma Kirchmann en Quillota - Valpara\u00ed\u00adso Creativo<\/title>\n<meta name=\"robots\" content=\"index, follow, max-snippet:-1, max-image-preview:large, max-video-preview:-1\" \/>\n<link rel=\"canonical\" href=\"https:\/\/dev.antudigital.cl\/sites\/vc\/invitacion-al-lanzamiento-del-libro-pathos-o-broza-de-paloma-kirchmann-en-quillota\/\" \/>\n<meta property=\"og:locale\" content=\"es_ES\" \/>\n<meta property=\"og:type\" content=\"article\" \/>\n<meta property=\"og:title\" content=\"Invitaci\u00f3n al lanzamiento del libro \u201cPathos o Broza\u201d de Paloma Kirchmann en Quillota - Valpara\u00ed\u00adso Creativo\" \/>\n<meta property=\"og:description\" content=\"El lanzamiento es organizado por la agrupaci\u00f3n \u2018Arte y Sonido Aconcagua\u2019, invitando a vivir una oportunidad \u00fanica para dialogar e intercambiar opiniones con otros artistas y amantes de la literatura en un ambiente acogedor.&nbsp;&nbsp; \u201cPathos o Broza\u201d Paloma Kirchmann es una destacada artista y referente cultural de Quillota, reconocida por su capacidad de plasmar emociones [&hellip;]\" \/>\n<meta property=\"og:url\" content=\"https:\/\/dev.antudigital.cl\/sites\/vc\/invitacion-al-lanzamiento-del-libro-pathos-o-broza-de-paloma-kirchmann-en-quillota\/\" \/>\n<meta property=\"og:site_name\" content=\"Valpara\u00ed\u00adso Creativo\" \/>\n<meta property=\"article:published_time\" content=\"2024-12-09T20:42:08+00:00\" \/>\n<meta property=\"article:modified_time\" content=\"2024-12-09T20:42:25+00:00\" \/>\n<meta property=\"og:image\" content=\"https:\/\/dev.antudigital.cl\/sites\/vc\/wp-content\/uploads\/2024\/12\/Paloma.jpg\" \/>\n\t<meta property=\"og:image:width\" content=\"1224\" \/>\n\t<meta property=\"og:image:height\" content=\"817\" \/>\n\t<meta property=\"og:image:type\" content=\"image\/jpeg\" \/>\n<meta name=\"author\" content=\"Valpara\u00edso Creativo\" \/>\n<meta name=\"twitter:card\" content=\"summary_large_image\" \/>\n<meta name=\"twitter:label1\" content=\"Escrito por\" \/>\n\t<meta name=\"twitter:data1\" content=\"Valpara\u00edso Creativo\" \/>\n\t<meta name=\"twitter:label2\" content=\"Tiempo de lectura\" \/>\n\t<meta name=\"twitter:data2\" content=\"2 minutos\" \/>\n<script type=\"application\/ld+json\" class=\"yoast-schema-graph\">{\"@context\":\"https:\/\/schema.org\",\"@graph\":[{\"@type\":\"Article\",\"@id\":\"https:\/\/dev.antudigital.cl\/sites\/vc\/invitacion-al-lanzamiento-del-libro-pathos-o-broza-de-paloma-kirchmann-en-quillota\/#article\",\"isPartOf\":{\"@id\":\"https:\/\/dev.antudigital.cl\/sites\/vc\/invitacion-al-lanzamiento-del-libro-pathos-o-broza-de-paloma-kirchmann-en-quillota\/\"},\"author\":{\"name\":\"Valpara\u00edso Creativo\",\"@id\":\"https:\/\/dev.antudigital.cl\/sites\/vc\/#\/schema\/person\/c2b9da8dd545e27166fc5ab232837318\"},\"headline\":\"Invitaci\u00f3n al lanzamiento del libro \u201cPathos o Broza\u201d de Paloma Kirchmann en Quillota\",\"datePublished\":\"2024-12-09T20:42:08+00:00\",\"dateModified\":\"2024-12-09T20:42:25+00:00\",\"mainEntityOfPage\":{\"@id\":\"https:\/\/dev.antudigital.cl\/sites\/vc\/invitacion-al-lanzamiento-del-libro-pathos-o-broza-de-paloma-kirchmann-en-quillota\/\"},\"wordCount\":309,\"image\":{\"@id\":\"https:\/\/dev.antudigital.cl\/sites\/vc\/invitacion-al-lanzamiento-del-libro-pathos-o-broza-de-paloma-kirchmann-en-quillota\/#primaryimage\"},\"thumbnailUrl\":\"https:\/\/dev.antudigital.cl\/sites\/vc\/wp-content\/uploads\/2024\/12\/Paloma.jpg\",\"articleSection\":[\"Noticia\"],\"inLanguage\":\"es\"},{\"@type\":\"WebPage\",\"@id\":\"https:\/\/dev.antudigital.cl\/sites\/vc\/invitacion-al-lanzamiento-del-libro-pathos-o-broza-de-paloma-kirchmann-en-quillota\/\",\"url\":\"https:\/\/dev.antudigital.cl\/sites\/vc\/invitacion-al-lanzamiento-del-libro-pathos-o-broza-de-paloma-kirchmann-en-quillota\/\",\"name\":\"Invitaci\u00f3n al lanzamiento del libro \u201cPathos o Broza\u201d de Paloma Kirchmann en Quillota - Valpara\u00ed\u00adso Creativo\",\"isPartOf\":{\"@id\":\"https:\/\/dev.antudigital.cl\/sites\/vc\/#website\"},\"primaryImageOfPage\":{\"@id\":\"https:\/\/dev.antudigital.cl\/sites\/vc\/invitacion-al-lanzamiento-del-libro-pathos-o-broza-de-paloma-kirchmann-en-quillota\/#primaryimage\"},\"image\":{\"@id\":\"https:\/\/dev.antudigital.cl\/sites\/vc\/invitacion-al-lanzamiento-del-libro-pathos-o-broza-de-paloma-kirchmann-en-quillota\/#primaryimage\"},\"thumbnailUrl\":\"https:\/\/dev.antudigital.cl\/sites\/vc\/wp-content\/uploads\/2024\/12\/Paloma.jpg\",\"datePublished\":\"2024-12-09T20:42:08+00:00\",\"dateModified\":\"2024-12-09T20:42:25+00:00\",\"author\":{\"@id\":\"https:\/\/dev.antudigital.cl\/sites\/vc\/#\/schema\/person\/c2b9da8dd545e27166fc5ab232837318\"},\"breadcrumb\":{\"@id\":\"https:\/\/dev.antudigital.cl\/sites\/vc\/invitacion-al-lanzamiento-del-libro-pathos-o-broza-de-paloma-kirchmann-en-quillota\/#breadcrumb\"},\"inLanguage\":\"es\",\"potentialAction\":[{\"@type\":\"ReadAction\",\"target\":[\"https:\/\/dev.antudigital.cl\/sites\/vc\/invitacion-al-lanzamiento-del-libro-pathos-o-broza-de-paloma-kirchmann-en-quillota\/\"]}]},{\"@type\":\"ImageObject\",\"inLanguage\":\"es\",\"@id\":\"https:\/\/dev.antudigital.cl\/sites\/vc\/invitacion-al-lanzamiento-del-libro-pathos-o-broza-de-paloma-kirchmann-en-quillota\/#primaryimage\",\"url\":\"https:\/\/dev.antudigital.cl\/sites\/vc\/wp-content\/uploads\/2024\/12\/Paloma.jpg\",\"contentUrl\":\"https:\/\/dev.antudigital.cl\/sites\/vc\/wp-content\/uploads\/2024\/12\/Paloma.jpg\",\"width\":1224,\"height\":817},{\"@type\":\"BreadcrumbList\",\"@id\":\"https:\/\/dev.antudigital.cl\/sites\/vc\/invitacion-al-lanzamiento-del-libro-pathos-o-broza-de-paloma-kirchmann-en-quillota\/#breadcrumb\",\"itemListElement\":[{\"@type\":\"ListItem\",\"position\":1,\"name\":\"Home\",\"item\":\"https:\/\/dev.antudigital.cl\/sites\/vc\/\"},{\"@type\":\"ListItem\",\"position\":2,\"name\":\"Invitaci\u00f3n al lanzamiento del libro \u201cPathos o Broza\u201d de Paloma Kirchmann en Quillota\"}]},{\"@type\":\"WebSite\",\"@id\":\"https:\/\/dev.antudigital.cl\/sites\/vc\/#website\",\"url\":\"https:\/\/dev.antudigital.cl\/sites\/vc\/\",\"name\":\"Valpara\u00ed\u00adso Creativo\",\"description\":\"\",\"potentialAction\":[{\"@type\":\"SearchAction\",\"target\":{\"@type\":\"EntryPoint\",\"urlTemplate\":\"https:\/\/dev.antudigital.cl\/sites\/vc\/?s={search_term_string}\"},\"query-input\":{\"@type\":\"PropertyValueSpecification\",\"valueRequired\":true,\"valueName\":\"search_term_string\"}}],\"inLanguage\":\"es\"},{\"@type\":\"Person\",\"@id\":\"https:\/\/dev.antudigital.cl\/sites\/vc\/#\/schema\/person\/c2b9da8dd545e27166fc5ab232837318\",\"name\":\"Valpara\u00edso Creativo\",\"description\":\"Periodista de cultura en la Regi\u00f3n de Valpara\u00edso.\",\"url\":\"https:\/\/dev.antudigital.cl\/sites\/vc\/author\/valpoadmin\/\"}]}<\/script>\n<!-- \/ Yoast SEO plugin. -->","yoast_head_json":{"title":"Invitaci\u00f3n al lanzamiento del libro \u201cPathos o Broza\u201d de Paloma Kirchmann en Quillota - Valpara\u00ed\u00adso Creativo","robots":{"index":"index","follow":"follow","max-snippet":"max-snippet:-1","max-image-preview":"max-image-preview:large","max-video-preview":"max-video-preview:-1"},"canonical":"https:\/\/dev.antudigital.cl\/sites\/vc\/invitacion-al-lanzamiento-del-libro-pathos-o-broza-de-paloma-kirchmann-en-quillota\/","og_locale":"es_ES","og_type":"article","og_title":"Invitaci\u00f3n al lanzamiento del libro \u201cPathos o Broza\u201d de Paloma Kirchmann en Quillota - Valpara\u00ed\u00adso Creativo","og_description":"El lanzamiento es organizado por la agrupaci\u00f3n \u2018Arte y Sonido Aconcagua\u2019, invitando a vivir una oportunidad \u00fanica para dialogar e intercambiar opiniones con otros artistas y amantes de la literatura en un ambiente acogedor.&nbsp;&nbsp; \u201cPathos o Broza\u201d Paloma Kirchmann es una destacada artista y referente cultural de Quillota, reconocida por su capacidad de plasmar emociones [&hellip;]","og_url":"https:\/\/dev.antudigital.cl\/sites\/vc\/invitacion-al-lanzamiento-del-libro-pathos-o-broza-de-paloma-kirchmann-en-quillota\/","og_site_name":"Valpara\u00ed\u00adso Creativo","article_published_time":"2024-12-09T20:42:08+00:00","article_modified_time":"2024-12-09T20:42:25+00:00","og_image":[{"width":1224,"height":817,"url":"https:\/\/dev.antudigital.cl\/sites\/vc\/wp-content\/uploads\/2024\/12\/Paloma.jpg","type":"image\/jpeg"}],"author":"Valpara\u00edso Creativo","twitter_card":"summary_large_image","twitter_misc":{"Escrito por":"Valpara\u00edso Creativo","Tiempo de lectura":"2 minutos"},"schema":{"@context":"https:\/\/schema.org","@graph":[{"@type":"Article","@id":"https:\/\/dev.antudigital.cl\/sites\/vc\/invitacion-al-lanzamiento-del-libro-pathos-o-broza-de-paloma-kirchmann-en-quillota\/#article","isPartOf":{"@id":"https:\/\/dev.antudigital.cl\/sites\/vc\/invitacion-al-lanzamiento-del-libro-pathos-o-broza-de-paloma-kirchmann-en-quillota\/"},"author":{"name":"Valpara\u00edso Creativo","@id":"https:\/\/dev.antudigital.cl\/sites\/vc\/#\/schema\/person\/c2b9da8dd545e27166fc5ab232837318"},"headline":"Invitaci\u00f3n al lanzamiento del libro \u201cPathos o Broza\u201d de Paloma Kirchmann en Quillota","datePublished":"2024-12-09T20:42:08+00:00","dateModified":"2024-12-09T20:42:25+00:00","mainEntityOfPage":{"@id":"https:\/\/dev.antudigital.cl\/sites\/vc\/invitacion-al-lanzamiento-del-libro-pathos-o-broza-de-paloma-kirchmann-en-quillota\/"},"wordCount":309,"image":{"@id":"https:\/\/dev.antudigital.cl\/sites\/vc\/invitacion-al-lanzamiento-del-libro-pathos-o-broza-de-paloma-kirchmann-en-quillota\/#primaryimage"},"thumbnailUrl":"https:\/\/dev.antudigital.cl\/sites\/vc\/wp-content\/uploads\/2024\/12\/Paloma.jpg","articleSection":["Noticia"],"inLanguage":"es"},{"@type":"WebPage","@id":"https:\/\/dev.antudigital.cl\/sites\/vc\/invitacion-al-lanzamiento-del-libro-pathos-o-broza-de-paloma-kirchmann-en-quillota\/","url":"https:\/\/dev.antudigital.cl\/sites\/vc\/invitacion-al-lanzamiento-del-libro-pathos-o-broza-de-paloma-kirchmann-en-quillota\/","name":"Invitaci\u00f3n al lanzamiento del libro \u201cPathos o Broza\u201d de Paloma Kirchmann en Quillota - Valpara\u00ed\u00adso Creativo","isPartOf":{"@id":"https:\/\/dev.antudigital.cl\/sites\/vc\/#website"},"primaryImageOfPage":{"@id":"https:\/\/dev.antudigital.cl\/sites\/vc\/invitacion-al-lanzamiento-del-libro-pathos-o-broza-de-paloma-kirchmann-en-quillota\/#primaryimage"},"image":{"@id":"https:\/\/dev.antudigital.cl\/sites\/vc\/invitacion-al-lanzamiento-del-libro-pathos-o-broza-de-paloma-kirchmann-en-quillota\/#primaryimage"},"thumbnailUrl":"https:\/\/dev.antudigital.cl\/sites\/vc\/wp-content\/uploads\/2024\/12\/Paloma.jpg","datePublished":"2024-12-09T20:42:08+00:00","dateModified":"2024-12-09T20:42:25+00:00","author":{"@id":"https:\/\/dev.antudigital.cl\/sites\/vc\/#\/schema\/person\/c2b9da8dd545e27166fc5ab232837318"},"breadcrumb":{"@id":"https:\/\/dev.antudigital.cl\/sites\/vc\/invitacion-al-lanzamiento-del-libro-pathos-o-broza-de-paloma-kirchmann-en-quillota\/#breadcrumb"},"inLanguage":"es","potentialAction":[{"@type":"ReadAction","target":["https:\/\/dev.antudigital.cl\/sites\/vc\/invitacion-al-lanzamiento-del-libro-pathos-o-broza-de-paloma-kirchmann-en-quillota\/"]}]},{"@type":"ImageObject","inLanguage":"es","@id":"https:\/\/dev.antudigital.cl\/sites\/vc\/invitacion-al-lanzamiento-del-libro-pathos-o-broza-de-paloma-kirchmann-en-quillota\/#primaryimage","url":"https:\/\/dev.antudigital.cl\/sites\/vc\/wp-content\/uploads\/2024\/12\/Paloma.jpg","contentUrl":"https:\/\/dev.antudigital.cl\/sites\/vc\/wp-content\/uploads\/2024\/12\/Paloma.jpg","width":1224,"height":817},{"@type":"BreadcrumbList","@id":"https:\/\/dev.antudigital.cl\/sites\/vc\/invitacion-al-lanzamiento-del-libro-pathos-o-broza-de-paloma-kirchmann-en-quillota\/#breadcrumb","itemListElement":[{"@type":"ListItem","position":1,"name":"Home","item":"https:\/\/dev.antudigital.cl\/sites\/vc\/"},{"@type":"ListItem","position":2,"name":"Invitaci\u00f3n al lanzamiento del libro \u201cPathos o Broza\u201d de Paloma Kirchmann en Quillota"}]},{"@type":"WebSite","@id":"https:\/\/dev.antudigital.cl\/sites\/vc\/#website","url":"https:\/\/dev.antudigital.cl\/sites\/vc\/","name":"Valpara\u00ed\u00adso Creativo","description":"","potentialAction":[{"@type":"SearchAction","target":{"@type":"EntryPoint","urlTemplate":"https:\/\/dev.antudigital.cl\/sites\/vc\/?s={search_term_string}"},"query-input":{"@type":"PropertyValueSpecification","valueRequired":true,"valueName":"search_term_string"}}],"inLanguage":"es"},{"@type":"Person","@id":"https:\/\/dev.antudigital.cl\/sites\/vc\/#\/schema\/person\/c2b9da8dd545e27166fc5ab232837318","name":"Valpara\u00edso Creativo","description":"Periodista de cultura en la Regi\u00f3n de Valpara\u00edso.","url":"https:\/\/dev.antudigital.cl\/sites\/vc\/author\/valpoadmin\/"}]}},"_links":{"self":[{"href":"https:\/\/dev.antudigital.cl\/sites\/vc\/wp-json\/wp\/v2\/posts\/21458","targetHints":{"allow":["GET"]}}],"collection":[{"href":"https:\/\/dev.antudigital.cl\/sites\/vc\/wp-json\/wp\/v2\/posts"}],"about":[{"href":"https:\/\/dev.antudigital.cl\/sites\/vc\/wp-json\/wp\/v2\/types\/post"}],"author":[{"embeddable":true,"href":"https:\/\/dev.antudigital.cl\/sites\/vc\/wp-json\/wp\/v2\/users\/1"}],"replies":[{"embeddable":true,"href":"https:\/\/dev.antudigital.cl\/sites\/vc\/wp-json\/wp\/v2\/comments?post=21458"}],"version-history":[{"count":1,"href":"https:\/\/dev.antudigital.cl\/sites\/vc\/wp-json\/wp\/v2\/posts\/21458\/revisions"}],"predecessor-version":[{"id":21461,"href":"https:\/\/dev.antudigital.cl\/sites\/vc\/wp-json\/wp\/v2\/posts\/21458\/revisions\/21461"}],"wp:featuredmedia":[{"embeddable":true,"href":"https:\/\/dev.antudigital.cl\/sites\/vc\/wp-json\/wp\/v2\/media\/21459"}],"wp:attachment":[{"href":"https:\/\/dev.antudigital.cl\/sites\/vc\/wp-json\/wp\/v2\/media?parent=21458"}],"wp:term":[{"taxonomy":"category","embeddable":true,"href":"https:\/\/dev.antudigital.cl\/sites\/vc\/wp-json\/wp\/v2\/categories?post=21458"},{"taxonomy":"post_tag","embeddable":true,"href":"https:\/\/dev.antudigital.cl\/sites\/vc\/wp-json\/wp\/v2\/tags?post=21458"}],"curies":[{"name":"wp","href":"https:\/\/api.w.org\/{rel}","templated":true}]}}