{"id":21462,"date":"2024-12-09T20:46:42","date_gmt":"2024-12-09T20:46:42","guid":{"rendered":"https:\/\/www.valparaisocreativo.cl\/?p=21462"},"modified":"2024-12-09T20:47:02","modified_gmt":"2024-12-09T20:47:02","slug":"bajvalpo-abre-convocatoria-para-decima-version-del-laboratorio-de-produccion-musical","status":"publish","type":"post","link":"https:\/\/dev.antudigital.cl\/sites\/vc\/bajvalpo-abre-convocatoria-para-decima-version-del-laboratorio-de-produccion-musical\/","title":{"rendered":"BAJValpo abre convocatoria para d\u00e9cima versi\u00f3n del Laboratorio de Producci\u00f3n Musical"},"content":{"rendered":"\n<p>Balmaceda Arte Joven Valpara\u00edso invita a j\u00f3venes m\u00fasicos y productores de la regi\u00f3n a participar en la d\u00e9cima edici\u00f3n del <strong>Laboratorio de Producci\u00f3n Musical (LPM)<\/strong>, una instancia \u00fanica de creaci\u00f3n y formaci\u00f3n que este a\u00f1o rinde homenaje a los 80 a\u00f1os del Premio Nobel de Literatura otorgado a <strong>Gabriela Mistral<\/strong>.<\/p>\n\n\n\n<p>Esta edici\u00f3n especial busca reunir a <strong>20 solistas<\/strong> y <strong>10 productores\/as musicales<\/strong> para colaborar en la creaci\u00f3n de un disco compilatorio de <strong>10 piezas originales<\/strong>, inspirado en la obra y vida de Mistral. A lo largo de un proceso colectivo que incluye exploraci\u00f3n creativa, composici\u00f3n, grabaci\u00f3n y mezcla, los participantes trabajar\u00e1n bajo la gu\u00eda del destacado productor musical <strong>Charlie Checkz <\/strong>y otros reconocidos agentes de la industria musical chilena.<\/p>\n\n\n\n<p><strong>\u00bfQu\u00e9 ofrece el LPM?<\/strong><\/p>\n\n\n\n<ul class=\"wp-block-list\">\n<li><strong>Clases te\u00f3ricas y pr\u00e1cticas:<\/strong> Desde musicalizaci\u00f3n de poes\u00eda hasta t\u00e9cnicas de mezcla.<\/li>\n\n\n\n<li><strong>Trabajo colaborativo:<\/strong> Creaci\u00f3n conjunta entre solistas y productores\/as.<\/li>\n\n\n\n<li><strong>Orientaci\u00f3n profesional:<\/strong> Enfoque en producci\u00f3n ejecutiva, difusi\u00f3n y distribuci\u00f3n digital.<\/li>\n\n\n\n<li><\/li>\n<\/ul>\n\n\n\n<p>El laboratorio es una oportunidad para explorar la riqueza de la m\u00fasica popular, con g\u00e9neros como el rock, folk y urbano, adem\u00e1s de fortalecer las habilidades creativas y t\u00e9cnicas en un ambiente de aprendizaje colectivo.<\/p>\n\n\n\n<p><strong>Requisitos y plazos<\/strong><\/p>\n\n\n\n<ul class=\"wp-block-list\">\n<li><strong>Dirigido a:<\/strong> J\u00f3venes entre 18 y 29 a\u00f1os, residentes en la regi\u00f3n de Valpara\u00edso.<\/li>\n\n\n\n<li><strong>Cupos:<\/strong> 20 solistas y 10 productores\/as.<\/li>\n\n\n\n<li><strong>Plazo de postulaci\u00f3n:<\/strong> Desde el <strong>2 al 15 de diciembre de 2024<\/strong>.<\/li>\n\n\n\n<li><strong>Inicio del laboratorio:<\/strong> Martes 7 de enero de 2025.<\/li>\n<\/ul>\n\n\n\n<p><strong>C\u00f3mo postular<\/strong><\/p>\n\n\n\n<p>Los interesados deben completar el formulario en l\u00ednea disponible en la p\u00e1gina web de Balmaceda Arte Joven Valpara\u00edso (baj.cl) y adjuntar la documentaci\u00f3n requerida, incluyendo una carta de intenci\u00f3n y un dossier art\u00edstico.<\/p>\n\n\n\n<p><strong>Acerca del LPM<\/strong>Desde su creaci\u00f3n, el <strong>Laboratorio de Producci\u00f3n Musical<\/strong> ha sido un espacio formativo clave para artistas emergentes de la regi\u00f3n, con producciones destacadas como los discos \u00abEspiral\u00bb (2021), \u00abKomorebi\u00bb (2022) y \u00abMultiversos\u00bb (2023), disponibles en plataformas digitales.<\/p>\n\n\n\n<figure class=\"wp-block-image size-large\"><img fetchpriority=\"high\" decoding=\"async\" width=\"1024\" height=\"683\" src=\"https:\/\/www.valparaisocreativo.cl\/wp-content\/uploads\/2024\/12\/IMG_9119-39-1024x683.jpg\" alt=\"\" class=\"wp-image-21464\" srcset=\"https:\/\/dev.antudigital.cl\/sites\/vc\/wp-content\/uploads\/2024\/12\/IMG_9119-39-1024x683.jpg 1024w, https:\/\/dev.antudigital.cl\/sites\/vc\/wp-content\/uploads\/2024\/12\/IMG_9119-39-300x200.jpg 300w, https:\/\/dev.antudigital.cl\/sites\/vc\/wp-content\/uploads\/2024\/12\/IMG_9119-39-768x512.jpg 768w, https:\/\/dev.antudigital.cl\/sites\/vc\/wp-content\/uploads\/2024\/12\/IMG_9119-39-1536x1024.jpg 1536w, https:\/\/dev.antudigital.cl\/sites\/vc\/wp-content\/uploads\/2024\/12\/IMG_9119-39-1080x720.jpg 1080w, https:\/\/dev.antudigital.cl\/sites\/vc\/wp-content\/uploads\/2024\/12\/IMG_9119-39-1280x853.jpg 1280w, https:\/\/dev.antudigital.cl\/sites\/vc\/wp-content\/uploads\/2024\/12\/IMG_9119-39-980x653.jpg 980w, https:\/\/dev.antudigital.cl\/sites\/vc\/wp-content\/uploads\/2024\/12\/IMG_9119-39-480x320.jpg 480w, https:\/\/dev.antudigital.cl\/sites\/vc\/wp-content\/uploads\/2024\/12\/IMG_9119-39-24x16.jpg 24w, https:\/\/dev.antudigital.cl\/sites\/vc\/wp-content\/uploads\/2024\/12\/IMG_9119-39-36x24.jpg 36w, https:\/\/dev.antudigital.cl\/sites\/vc\/wp-content\/uploads\/2024\/12\/IMG_9119-39-48x32.jpg 48w, https:\/\/dev.antudigital.cl\/sites\/vc\/wp-content\/uploads\/2024\/12\/IMG_9119-39.jpg 2048w\" sizes=\"(max-width: 1024px) 100vw, 1024px\" \/><\/figure>\n","protected":false},"excerpt":{"rendered":"<p>Balmaceda Arte Joven Valpara\u00edso invita a j\u00f3venes m\u00fasicos y productores de la regi\u00f3n a participar en la d\u00e9cima edici\u00f3n del Laboratorio de Producci\u00f3n Musical (LPM), una instancia \u00fanica de creaci\u00f3n y formaci\u00f3n que este a\u00f1o rinde homenaje a los 80 a\u00f1os del Premio Nobel de Literatura otorgado a Gabriela Mistral. Esta edici\u00f3n especial busca reunir [&hellip;]<\/p>\n","protected":false},"author":1,"featured_media":21463,"comment_status":"closed","ping_status":"closed","sticky":false,"template":"","format":"standard","meta":{"_acf_changed":false,"footnotes":""},"categories":[8],"tags":[],"class_list":["post-21462","post","type-post","status-publish","format-standard","has-post-thumbnail","hentry","category-noticia"],"acf":[],"yoast_head":"<!-- This site is optimized with the Yoast SEO plugin v27.1.1 - https:\/\/yoast.com\/product\/yoast-seo-wordpress\/ -->\n<title>BAJValpo abre convocatoria para d\u00e9cima versi\u00f3n del Laboratorio de Producci\u00f3n Musical - Valpara\u00ed\u00adso Creativo<\/title>\n<meta name=\"robots\" content=\"index, follow, max-snippet:-1, max-image-preview:large, max-video-preview:-1\" \/>\n<link rel=\"canonical\" href=\"https:\/\/dev.antudigital.cl\/sites\/vc\/bajvalpo-abre-convocatoria-para-decima-version-del-laboratorio-de-produccion-musical\/\" \/>\n<meta property=\"og:locale\" content=\"es_ES\" \/>\n<meta property=\"og:type\" content=\"article\" \/>\n<meta property=\"og:title\" content=\"BAJValpo abre convocatoria para d\u00e9cima versi\u00f3n del Laboratorio de Producci\u00f3n Musical - Valpara\u00ed\u00adso Creativo\" \/>\n<meta property=\"og:description\" content=\"Balmaceda Arte Joven Valpara\u00edso invita a j\u00f3venes m\u00fasicos y productores de la regi\u00f3n a participar en la d\u00e9cima edici\u00f3n del Laboratorio de Producci\u00f3n Musical (LPM), una instancia \u00fanica de creaci\u00f3n y formaci\u00f3n que este a\u00f1o rinde homenaje a los 80 a\u00f1os del Premio Nobel de Literatura otorgado a Gabriela Mistral. Esta edici\u00f3n especial busca reunir [&hellip;]\" \/>\n<meta property=\"og:url\" content=\"https:\/\/dev.antudigital.cl\/sites\/vc\/bajvalpo-abre-convocatoria-para-decima-version-del-laboratorio-de-produccion-musical\/\" \/>\n<meta property=\"og:site_name\" content=\"Valpara\u00ed\u00adso Creativo\" \/>\n<meta property=\"article:published_time\" content=\"2024-12-09T20:46:42+00:00\" \/>\n<meta property=\"article:modified_time\" content=\"2024-12-09T20:47:02+00:00\" \/>\n<meta property=\"og:image\" content=\"https:\/\/dev.antudigital.cl\/sites\/vc\/wp-content\/uploads\/2024\/12\/Captura-de-Pantalla-2024-12-09-a-las-17.45.26.png\" \/>\n\t<meta property=\"og:image:width\" content=\"585\" \/>\n\t<meta property=\"og:image:height\" content=\"328\" \/>\n\t<meta property=\"og:image:type\" content=\"image\/png\" \/>\n<meta name=\"author\" content=\"Valpara\u00edso Creativo\" \/>\n<meta name=\"twitter:card\" content=\"summary_large_image\" \/>\n<meta name=\"twitter:label1\" content=\"Escrito por\" \/>\n\t<meta name=\"twitter:data1\" content=\"Valpara\u00edso Creativo\" \/>\n\t<meta name=\"twitter:label2\" content=\"Tiempo de lectura\" \/>\n\t<meta name=\"twitter:data2\" content=\"2 minutos\" \/>\n<script type=\"application\/ld+json\" class=\"yoast-schema-graph\">{\"@context\":\"https:\/\/schema.org\",\"@graph\":[{\"@type\":\"Article\",\"@id\":\"https:\/\/dev.antudigital.cl\/sites\/vc\/bajvalpo-abre-convocatoria-para-decima-version-del-laboratorio-de-produccion-musical\/#article\",\"isPartOf\":{\"@id\":\"https:\/\/dev.antudigital.cl\/sites\/vc\/bajvalpo-abre-convocatoria-para-decima-version-del-laboratorio-de-produccion-musical\/\"},\"author\":{\"name\":\"Valpara\u00edso Creativo\",\"@id\":\"https:\/\/dev.antudigital.cl\/sites\/vc\/#\/schema\/person\/c2b9da8dd545e27166fc5ab232837318\"},\"headline\":\"BAJValpo abre convocatoria para d\u00e9cima versi\u00f3n del Laboratorio de Producci\u00f3n Musical\",\"datePublished\":\"2024-12-09T20:46:42+00:00\",\"dateModified\":\"2024-12-09T20:47:02+00:00\",\"mainEntityOfPage\":{\"@id\":\"https:\/\/dev.antudigital.cl\/sites\/vc\/bajvalpo-abre-convocatoria-para-decima-version-del-laboratorio-de-produccion-musical\/\"},\"wordCount\":355,\"image\":{\"@id\":\"https:\/\/dev.antudigital.cl\/sites\/vc\/bajvalpo-abre-convocatoria-para-decima-version-del-laboratorio-de-produccion-musical\/#primaryimage\"},\"thumbnailUrl\":\"https:\/\/dev.antudigital.cl\/sites\/vc\/wp-content\/uploads\/2024\/12\/Captura-de-Pantalla-2024-12-09-a-las-17.45.26.png\",\"articleSection\":[\"Noticia\"],\"inLanguage\":\"es\"},{\"@type\":\"WebPage\",\"@id\":\"https:\/\/dev.antudigital.cl\/sites\/vc\/bajvalpo-abre-convocatoria-para-decima-version-del-laboratorio-de-produccion-musical\/\",\"url\":\"https:\/\/dev.antudigital.cl\/sites\/vc\/bajvalpo-abre-convocatoria-para-decima-version-del-laboratorio-de-produccion-musical\/\",\"name\":\"BAJValpo abre convocatoria para d\u00e9cima versi\u00f3n del Laboratorio de Producci\u00f3n Musical - Valpara\u00ed\u00adso Creativo\",\"isPartOf\":{\"@id\":\"https:\/\/dev.antudigital.cl\/sites\/vc\/#website\"},\"primaryImageOfPage\":{\"@id\":\"https:\/\/dev.antudigital.cl\/sites\/vc\/bajvalpo-abre-convocatoria-para-decima-version-del-laboratorio-de-produccion-musical\/#primaryimage\"},\"image\":{\"@id\":\"https:\/\/dev.antudigital.cl\/sites\/vc\/bajvalpo-abre-convocatoria-para-decima-version-del-laboratorio-de-produccion-musical\/#primaryimage\"},\"thumbnailUrl\":\"https:\/\/dev.antudigital.cl\/sites\/vc\/wp-content\/uploads\/2024\/12\/Captura-de-Pantalla-2024-12-09-a-las-17.45.26.png\",\"datePublished\":\"2024-12-09T20:46:42+00:00\",\"dateModified\":\"2024-12-09T20:47:02+00:00\",\"author\":{\"@id\":\"https:\/\/dev.antudigital.cl\/sites\/vc\/#\/schema\/person\/c2b9da8dd545e27166fc5ab232837318\"},\"breadcrumb\":{\"@id\":\"https:\/\/dev.antudigital.cl\/sites\/vc\/bajvalpo-abre-convocatoria-para-decima-version-del-laboratorio-de-produccion-musical\/#breadcrumb\"},\"inLanguage\":\"es\",\"potentialAction\":[{\"@type\":\"ReadAction\",\"target\":[\"https:\/\/dev.antudigital.cl\/sites\/vc\/bajvalpo-abre-convocatoria-para-decima-version-del-laboratorio-de-produccion-musical\/\"]}]},{\"@type\":\"ImageObject\",\"inLanguage\":\"es\",\"@id\":\"https:\/\/dev.antudigital.cl\/sites\/vc\/bajvalpo-abre-convocatoria-para-decima-version-del-laboratorio-de-produccion-musical\/#primaryimage\",\"url\":\"https:\/\/dev.antudigital.cl\/sites\/vc\/wp-content\/uploads\/2024\/12\/Captura-de-Pantalla-2024-12-09-a-las-17.45.26.png\",\"contentUrl\":\"https:\/\/dev.antudigital.cl\/sites\/vc\/wp-content\/uploads\/2024\/12\/Captura-de-Pantalla-2024-12-09-a-las-17.45.26.png\",\"width\":585,\"height\":328},{\"@type\":\"BreadcrumbList\",\"@id\":\"https:\/\/dev.antudigital.cl\/sites\/vc\/bajvalpo-abre-convocatoria-para-decima-version-del-laboratorio-de-produccion-musical\/#breadcrumb\",\"itemListElement\":[{\"@type\":\"ListItem\",\"position\":1,\"name\":\"Home\",\"item\":\"https:\/\/dev.antudigital.cl\/sites\/vc\/\"},{\"@type\":\"ListItem\",\"position\":2,\"name\":\"BAJValpo abre convocatoria para d\u00e9cima versi\u00f3n del Laboratorio de Producci\u00f3n Musical\"}]},{\"@type\":\"WebSite\",\"@id\":\"https:\/\/dev.antudigital.cl\/sites\/vc\/#website\",\"url\":\"https:\/\/dev.antudigital.cl\/sites\/vc\/\",\"name\":\"Valpara\u00ed\u00adso Creativo\",\"description\":\"\",\"potentialAction\":[{\"@type\":\"SearchAction\",\"target\":{\"@type\":\"EntryPoint\",\"urlTemplate\":\"https:\/\/dev.antudigital.cl\/sites\/vc\/?s={search_term_string}\"},\"query-input\":{\"@type\":\"PropertyValueSpecification\",\"valueRequired\":true,\"valueName\":\"search_term_string\"}}],\"inLanguage\":\"es\"},{\"@type\":\"Person\",\"@id\":\"https:\/\/dev.antudigital.cl\/sites\/vc\/#\/schema\/person\/c2b9da8dd545e27166fc5ab232837318\",\"name\":\"Valpara\u00edso Creativo\",\"description\":\"Periodista de cultura en la Regi\u00f3n de Valpara\u00edso.\",\"url\":\"https:\/\/dev.antudigital.cl\/sites\/vc\/author\/valpoadmin\/\"}]}<\/script>\n<!-- \/ Yoast SEO plugin. -->","yoast_head_json":{"title":"BAJValpo abre convocatoria para d\u00e9cima versi\u00f3n del Laboratorio de Producci\u00f3n Musical - Valpara\u00ed\u00adso Creativo","robots":{"index":"index","follow":"follow","max-snippet":"max-snippet:-1","max-image-preview":"max-image-preview:large","max-video-preview":"max-video-preview:-1"},"canonical":"https:\/\/dev.antudigital.cl\/sites\/vc\/bajvalpo-abre-convocatoria-para-decima-version-del-laboratorio-de-produccion-musical\/","og_locale":"es_ES","og_type":"article","og_title":"BAJValpo abre convocatoria para d\u00e9cima versi\u00f3n del Laboratorio de Producci\u00f3n Musical - Valpara\u00ed\u00adso Creativo","og_description":"Balmaceda Arte Joven Valpara\u00edso invita a j\u00f3venes m\u00fasicos y productores de la regi\u00f3n a participar en la d\u00e9cima edici\u00f3n del Laboratorio de Producci\u00f3n Musical (LPM), una instancia \u00fanica de creaci\u00f3n y formaci\u00f3n que este a\u00f1o rinde homenaje a los 80 a\u00f1os del Premio Nobel de Literatura otorgado a Gabriela Mistral. Esta edici\u00f3n especial busca reunir [&hellip;]","og_url":"https:\/\/dev.antudigital.cl\/sites\/vc\/bajvalpo-abre-convocatoria-para-decima-version-del-laboratorio-de-produccion-musical\/","og_site_name":"Valpara\u00ed\u00adso Creativo","article_published_time":"2024-12-09T20:46:42+00:00","article_modified_time":"2024-12-09T20:47:02+00:00","og_image":[{"width":585,"height":328,"url":"https:\/\/dev.antudigital.cl\/sites\/vc\/wp-content\/uploads\/2024\/12\/Captura-de-Pantalla-2024-12-09-a-las-17.45.26.png","type":"image\/png"}],"author":"Valpara\u00edso Creativo","twitter_card":"summary_large_image","twitter_misc":{"Escrito por":"Valpara\u00edso Creativo","Tiempo de lectura":"2 minutos"},"schema":{"@context":"https:\/\/schema.org","@graph":[{"@type":"Article","@id":"https:\/\/dev.antudigital.cl\/sites\/vc\/bajvalpo-abre-convocatoria-para-decima-version-del-laboratorio-de-produccion-musical\/#article","isPartOf":{"@id":"https:\/\/dev.antudigital.cl\/sites\/vc\/bajvalpo-abre-convocatoria-para-decima-version-del-laboratorio-de-produccion-musical\/"},"author":{"name":"Valpara\u00edso Creativo","@id":"https:\/\/dev.antudigital.cl\/sites\/vc\/#\/schema\/person\/c2b9da8dd545e27166fc5ab232837318"},"headline":"BAJValpo abre convocatoria para d\u00e9cima versi\u00f3n del Laboratorio de Producci\u00f3n Musical","datePublished":"2024-12-09T20:46:42+00:00","dateModified":"2024-12-09T20:47:02+00:00","mainEntityOfPage":{"@id":"https:\/\/dev.antudigital.cl\/sites\/vc\/bajvalpo-abre-convocatoria-para-decima-version-del-laboratorio-de-produccion-musical\/"},"wordCount":355,"image":{"@id":"https:\/\/dev.antudigital.cl\/sites\/vc\/bajvalpo-abre-convocatoria-para-decima-version-del-laboratorio-de-produccion-musical\/#primaryimage"},"thumbnailUrl":"https:\/\/dev.antudigital.cl\/sites\/vc\/wp-content\/uploads\/2024\/12\/Captura-de-Pantalla-2024-12-09-a-las-17.45.26.png","articleSection":["Noticia"],"inLanguage":"es"},{"@type":"WebPage","@id":"https:\/\/dev.antudigital.cl\/sites\/vc\/bajvalpo-abre-convocatoria-para-decima-version-del-laboratorio-de-produccion-musical\/","url":"https:\/\/dev.antudigital.cl\/sites\/vc\/bajvalpo-abre-convocatoria-para-decima-version-del-laboratorio-de-produccion-musical\/","name":"BAJValpo abre convocatoria para d\u00e9cima versi\u00f3n del Laboratorio de Producci\u00f3n Musical - Valpara\u00ed\u00adso Creativo","isPartOf":{"@id":"https:\/\/dev.antudigital.cl\/sites\/vc\/#website"},"primaryImageOfPage":{"@id":"https:\/\/dev.antudigital.cl\/sites\/vc\/bajvalpo-abre-convocatoria-para-decima-version-del-laboratorio-de-produccion-musical\/#primaryimage"},"image":{"@id":"https:\/\/dev.antudigital.cl\/sites\/vc\/bajvalpo-abre-convocatoria-para-decima-version-del-laboratorio-de-produccion-musical\/#primaryimage"},"thumbnailUrl":"https:\/\/dev.antudigital.cl\/sites\/vc\/wp-content\/uploads\/2024\/12\/Captura-de-Pantalla-2024-12-09-a-las-17.45.26.png","datePublished":"2024-12-09T20:46:42+00:00","dateModified":"2024-12-09T20:47:02+00:00","author":{"@id":"https:\/\/dev.antudigital.cl\/sites\/vc\/#\/schema\/person\/c2b9da8dd545e27166fc5ab232837318"},"breadcrumb":{"@id":"https:\/\/dev.antudigital.cl\/sites\/vc\/bajvalpo-abre-convocatoria-para-decima-version-del-laboratorio-de-produccion-musical\/#breadcrumb"},"inLanguage":"es","potentialAction":[{"@type":"ReadAction","target":["https:\/\/dev.antudigital.cl\/sites\/vc\/bajvalpo-abre-convocatoria-para-decima-version-del-laboratorio-de-produccion-musical\/"]}]},{"@type":"ImageObject","inLanguage":"es","@id":"https:\/\/dev.antudigital.cl\/sites\/vc\/bajvalpo-abre-convocatoria-para-decima-version-del-laboratorio-de-produccion-musical\/#primaryimage","url":"https:\/\/dev.antudigital.cl\/sites\/vc\/wp-content\/uploads\/2024\/12\/Captura-de-Pantalla-2024-12-09-a-las-17.45.26.png","contentUrl":"https:\/\/dev.antudigital.cl\/sites\/vc\/wp-content\/uploads\/2024\/12\/Captura-de-Pantalla-2024-12-09-a-las-17.45.26.png","width":585,"height":328},{"@type":"BreadcrumbList","@id":"https:\/\/dev.antudigital.cl\/sites\/vc\/bajvalpo-abre-convocatoria-para-decima-version-del-laboratorio-de-produccion-musical\/#breadcrumb","itemListElement":[{"@type":"ListItem","position":1,"name":"Home","item":"https:\/\/dev.antudigital.cl\/sites\/vc\/"},{"@type":"ListItem","position":2,"name":"BAJValpo abre convocatoria para d\u00e9cima versi\u00f3n del Laboratorio de Producci\u00f3n Musical"}]},{"@type":"WebSite","@id":"https:\/\/dev.antudigital.cl\/sites\/vc\/#website","url":"https:\/\/dev.antudigital.cl\/sites\/vc\/","name":"Valpara\u00ed\u00adso Creativo","description":"","potentialAction":[{"@type":"SearchAction","target":{"@type":"EntryPoint","urlTemplate":"https:\/\/dev.antudigital.cl\/sites\/vc\/?s={search_term_string}"},"query-input":{"@type":"PropertyValueSpecification","valueRequired":true,"valueName":"search_term_string"}}],"inLanguage":"es"},{"@type":"Person","@id":"https:\/\/dev.antudigital.cl\/sites\/vc\/#\/schema\/person\/c2b9da8dd545e27166fc5ab232837318","name":"Valpara\u00edso Creativo","description":"Periodista de cultura en la Regi\u00f3n de Valpara\u00edso.","url":"https:\/\/dev.antudigital.cl\/sites\/vc\/author\/valpoadmin\/"}]}},"_links":{"self":[{"href":"https:\/\/dev.antudigital.cl\/sites\/vc\/wp-json\/wp\/v2\/posts\/21462","targetHints":{"allow":["GET"]}}],"collection":[{"href":"https:\/\/dev.antudigital.cl\/sites\/vc\/wp-json\/wp\/v2\/posts"}],"about":[{"href":"https:\/\/dev.antudigital.cl\/sites\/vc\/wp-json\/wp\/v2\/types\/post"}],"author":[{"embeddable":true,"href":"https:\/\/dev.antudigital.cl\/sites\/vc\/wp-json\/wp\/v2\/users\/1"}],"replies":[{"embeddable":true,"href":"https:\/\/dev.antudigital.cl\/sites\/vc\/wp-json\/wp\/v2\/comments?post=21462"}],"version-history":[{"count":1,"href":"https:\/\/dev.antudigital.cl\/sites\/vc\/wp-json\/wp\/v2\/posts\/21462\/revisions"}],"predecessor-version":[{"id":21465,"href":"https:\/\/dev.antudigital.cl\/sites\/vc\/wp-json\/wp\/v2\/posts\/21462\/revisions\/21465"}],"wp:featuredmedia":[{"embeddable":true,"href":"https:\/\/dev.antudigital.cl\/sites\/vc\/wp-json\/wp\/v2\/media\/21463"}],"wp:attachment":[{"href":"https:\/\/dev.antudigital.cl\/sites\/vc\/wp-json\/wp\/v2\/media?parent=21462"}],"wp:term":[{"taxonomy":"category","embeddable":true,"href":"https:\/\/dev.antudigital.cl\/sites\/vc\/wp-json\/wp\/v2\/categories?post=21462"},{"taxonomy":"post_tag","embeddable":true,"href":"https:\/\/dev.antudigital.cl\/sites\/vc\/wp-json\/wp\/v2\/tags?post=21462"}],"curies":[{"name":"wp","href":"https:\/\/api.w.org\/{rel}","templated":true}]}}