{"id":21507,"date":"2024-12-10T19:07:39","date_gmt":"2024-12-10T19:07:39","guid":{"rendered":"https:\/\/www.valparaisocreativo.cl\/?p=21507"},"modified":"2024-12-10T19:07:56","modified_gmt":"2024-12-10T19:07:56","slug":"rockodromo-industria-el-festival-porteno-revela-la-programacion-para-su-encuentro-de-la-industria-musical","status":"publish","type":"post","link":"https:\/\/dev.antudigital.cl\/sites\/vc\/rockodromo-industria-el-festival-porteno-revela-la-programacion-para-su-encuentro-de-la-industria-musical\/","title":{"rendered":"Rock\u00f3dromo Industria: el festival porte\u00f1o revela la programaci\u00f3n para su encuentro de la industria musical"},"content":{"rendered":"\n<p>Faltan pocos d\u00edas para que Valpara\u00edso celebre las dos d\u00e9cadas del festival Rock\u00f3dromo: la cita musical organizada por el Ministerio de las Culturas, las Artes y el Patrimonio que re\u00fane a m\u00e1s de 50 bandas \u2013desde Arica a Magallanes, y tambi\u00e9n desde el extranjero- en escenarios p\u00fablicos y con entrada liberada. M\u00fasicos, profesionales y agentes de la industria llegar\u00e1n as\u00ed a la ciudad puerto para sumarse a la fiesta. Y aprovechando su presencia, el festival ofrecer\u00e1 una serie de actividades enfocadas en impulsar la industria musical local y conectar a sus protagonistas. Todo, en un encuentro denominado&nbsp;<strong>Rock\u00f3dromo Industria 2024<\/strong>.<\/p>\n\n\n\n<p>Entre el 11 y el 14 de diciembre, Rock\u00f3dromo Industria 2024 ofrecer\u00e1 charlas magistrales, talleres, showcases y actividades de networking. Con excepci\u00f3n de la actividad \u201cAula Rock\u00f3dromo\u201d \u2013un espacio de profesionalizaci\u00f3n exclusivo para m\u00fasicos provenientes de las Escuelas de Rock y M\u00fasica Popular del Ministerio de las Culturas-, todas las actividades son con entrada liberada y previa inscripci\u00f3n a trav\u00e9s del formulario disponible en&nbsp;<strong><a href=\"https:\/\/forms.sigmus.cl\/rockodromo-industrias\/\" target=\"_blank\" rel=\"noreferrer noopener\">https:\/\/forms.sigmus.cl\/rockodromo-industrias\/<\/a><\/strong><\/p>\n\n\n\n<h2 class=\"wp-block-heading\">Viernes de industria en Centex<\/h2>\n\n\n\n<p>Por el lado de las conferencias y talleres, la programaci\u00f3n se concentra en el viernes 13 y con el Centex del Ministerio de las Culturas (Sotomayor #233, Valpara\u00edso) como sede principal. All\u00ed, a las 9.00 horas, Stefany Navarro impartir\u00e1 un taller de \u00abFidelizaci\u00f3n del p\u00fablico en la m\u00fasica: herramientas y oportunidades\u00bb. A las 11.15 le seguir\u00e1 la inauguraci\u00f3n oficial de Rock\u00f3dromo Industria; para seguir a las 11.30 con una charla a cargo de la m\u00fasica Ana Tijoux, titulada \u201cAn\u00e9cdotas y m\u00fasica\u201d.<\/p>\n\n\n\n<p>A las 14.15, siempre en Centex, arranca un \u201cHerramientas para la autogesti\u00f3n en la m\u00fasica\u201d, con&nbsp;<strong>Doctor Zombie. Y a las 16.00 horas llega la primera instancia de&nbsp;<\/strong><strong>Encuentro con Programadores,&nbsp;<\/strong><strong>donde la comunidad musical local tendr\u00e1 la oportunidad de conectar con m\u00e1nagers, agentes de booking y representantes de festivales internacionales.&nbsp;<\/strong>Bogdan&nbsp;Benigar<strong>&nbsp;(<\/strong>del Festival Internacional Druga Godba, Ljubljana), Elena Beltrami<strong>&nbsp;(Directora del Festival La L\u00ednea y de Como No Promotions) y Javier Devia (Festival Internacional Unirock Alternativo-FIURA, Galeras Rock) son algunos de los nombres destacados entre los 20 invitados nacionales e internacionales al encuentro.<\/strong><\/p>\n\n\n\n<p>La jornada del viernes 13 continuar\u00e1 con una instancia en la Sala Rivoli (Victoria #2474, Valpara\u00edso) a las 18:00hrs., para compartir experiencias y conocer casos a trav\u00e9s de los programadores internacionales invitados en el contexto de Rock\u00f3dromo. Esta actividad gestionada junto a Valpara\u00edso Creativo con previa inscripci\u00f3n en este enlace: <a href=\"https:\/\/forms.gle\/9HFzyNXyhqu32rdVA\" target=\"_blank\" rel=\"noreferrer noopener\">https:\/\/forms.gle\/9HFzyNXyhqu32rdVA<\/a><\/p>\n\n\n\n<p>Finalmente, este d\u00eda concluir\u00e1 con m\u00fasica: desde las 20.00 horas en la misma Sala Rivoli, se vivir\u00e1 el Showcase Rock\u00f3dromo, donde se presentar\u00e1n algunas de las bandas internacionales invitadas al certamen: La Sant\u00edsima Voladora (M\u00e9xico), Rossana Taddei (Uruguay), Erich (M\u00e9xico) y Rain of Fire (Colombia), junto a la banda Personal Papers, proveniente de la Regi\u00f3n de O\u2019Higgins.<\/p>\n\n\n\n<figure class=\"wp-block-image size-large\"><img fetchpriority=\"high\" decoding=\"async\" width=\"1024\" height=\"1024\" src=\"https:\/\/www.valparaisocreativo.cl\/wp-content\/uploads\/2024\/12\/VC-ROCKODROMO-ENCUENTRO-MUSICOS-Y-PROGRAMADORES-OPCION-1-1024x1024.jpg\" alt=\"\" class=\"wp-image-21509\" srcset=\"https:\/\/dev.antudigital.cl\/sites\/vc\/wp-content\/uploads\/2024\/12\/VC-ROCKODROMO-ENCUENTRO-MUSICOS-Y-PROGRAMADORES-OPCION-1-1024x1024.jpg 1024w, https:\/\/dev.antudigital.cl\/sites\/vc\/wp-content\/uploads\/2024\/12\/VC-ROCKODROMO-ENCUENTRO-MUSICOS-Y-PROGRAMADORES-OPCION-1-300x300.jpg 300w, https:\/\/dev.antudigital.cl\/sites\/vc\/wp-content\/uploads\/2024\/12\/VC-ROCKODROMO-ENCUENTRO-MUSICOS-Y-PROGRAMADORES-OPCION-1-150x150.jpg 150w, https:\/\/dev.antudigital.cl\/sites\/vc\/wp-content\/uploads\/2024\/12\/VC-ROCKODROMO-ENCUENTRO-MUSICOS-Y-PROGRAMADORES-OPCION-1-768x768.jpg 768w, https:\/\/dev.antudigital.cl\/sites\/vc\/wp-content\/uploads\/2024\/12\/VC-ROCKODROMO-ENCUENTRO-MUSICOS-Y-PROGRAMADORES-OPCION-1-980x980.jpg 980w, https:\/\/dev.antudigital.cl\/sites\/vc\/wp-content\/uploads\/2024\/12\/VC-ROCKODROMO-ENCUENTRO-MUSICOS-Y-PROGRAMADORES-OPCION-1-480x480.jpg 480w, https:\/\/dev.antudigital.cl\/sites\/vc\/wp-content\/uploads\/2024\/12\/VC-ROCKODROMO-ENCUENTRO-MUSICOS-Y-PROGRAMADORES-OPCION-1-24x24.jpg 24w, https:\/\/dev.antudigital.cl\/sites\/vc\/wp-content\/uploads\/2024\/12\/VC-ROCKODROMO-ENCUENTRO-MUSICOS-Y-PROGRAMADORES-OPCION-1-36x36.jpg 36w, https:\/\/dev.antudigital.cl\/sites\/vc\/wp-content\/uploads\/2024\/12\/VC-ROCKODROMO-ENCUENTRO-MUSICOS-Y-PROGRAMADORES-OPCION-1-48x48.jpg 48w, https:\/\/dev.antudigital.cl\/sites\/vc\/wp-content\/uploads\/2024\/12\/VC-ROCKODROMO-ENCUENTRO-MUSICOS-Y-PROGRAMADORES-OPCION-1.jpg 1081w\" sizes=\"(max-width: 1024px) 100vw, 1024px\" \/><\/figure>\n\n\n\n<h2 class=\"wp-block-heading\">S\u00e1bado de charlas y conciertos<\/h2>\n\n\n\n<p>Las actividades de Rock\u00f3dromo Industria contin\u00faan el s\u00e1bado 14 desde Centex. A las 10.00 horas, la agenda de Industria se anota con el conversatorio \u00abC\u00f3mo llegar a Brasil y M\u00e9xico\u00bb, a cargo de Otavio Argento y Gerardo Castillo. Y al mediod\u00eda, una nueva oportunidad de encontrarse con los programadores de todo el mundo que llegan hasta Rock\u00f3dromo, con un nuevo \u201cEncuentro con programadores\u201d.<\/p>\n\n\n\n<p>Todo, antes de dar paso a la cita m\u00e1s masiva en esta edici\u00f3n del festival porte\u00f1o: Rock\u00f3dromo celebrar\u00e1 sus 20 a\u00f1os desde la Plaza Sotomayor, con un escenario doble, desde las 16.00 horas y con nombres como Los \u00c1ngeles Negros, Pettinellis, La Floripondio y Pascuala Ilabaca &amp; Fauna en su cartelera. La programaci\u00f3n completa, tanto de Rock\u00f3dromo Industria como del festival Rock\u00f3dromo, est\u00e1 disponible en escuelasderock.cultura.gob.cl<\/p>\n","protected":false},"excerpt":{"rendered":"<p>Faltan pocos d\u00edas para que Valpara\u00edso celebre las dos d\u00e9cadas del festival Rock\u00f3dromo: la cita musical organizada por el Ministerio de las Culturas, las Artes y el Patrimonio que re\u00fane a m\u00e1s de 50 bandas \u2013desde Arica a Magallanes, y tambi\u00e9n desde el extranjero- en escenarios p\u00fablicos y con entrada liberada. M\u00fasicos, profesionales y agentes [&hellip;]<\/p>\n","protected":false},"author":1,"featured_media":21508,"comment_status":"closed","ping_status":"closed","sticky":false,"template":"","format":"standard","meta":{"_acf_changed":false,"footnotes":""},"categories":[8],"tags":[],"class_list":["post-21507","post","type-post","status-publish","format-standard","has-post-thumbnail","hentry","category-noticia"],"acf":[],"yoast_head":"<!-- This site is optimized with the Yoast SEO plugin v27.1.1 - https:\/\/yoast.com\/product\/yoast-seo-wordpress\/ -->\n<title>Rock\u00f3dromo Industria: el festival porte\u00f1o revela la programaci\u00f3n para su encuentro de la industria musical - Valpara\u00ed\u00adso Creativo<\/title>\n<meta name=\"robots\" content=\"index, follow, max-snippet:-1, max-image-preview:large, max-video-preview:-1\" \/>\n<link rel=\"canonical\" href=\"https:\/\/dev.antudigital.cl\/sites\/vc\/rockodromo-industria-el-festival-porteno-revela-la-programacion-para-su-encuentro-de-la-industria-musical\/\" \/>\n<meta property=\"og:locale\" content=\"es_ES\" \/>\n<meta property=\"og:type\" content=\"article\" \/>\n<meta property=\"og:title\" content=\"Rock\u00f3dromo Industria: el festival porte\u00f1o revela la programaci\u00f3n para su encuentro de la industria musical - Valpara\u00ed\u00adso Creativo\" \/>\n<meta property=\"og:description\" content=\"Faltan pocos d\u00edas para que Valpara\u00edso celebre las dos d\u00e9cadas del festival Rock\u00f3dromo: la cita musical organizada por el Ministerio de las Culturas, las Artes y el Patrimonio que re\u00fane a m\u00e1s de 50 bandas \u2013desde Arica a Magallanes, y tambi\u00e9n desde el extranjero- en escenarios p\u00fablicos y con entrada liberada. M\u00fasicos, profesionales y agentes [&hellip;]\" \/>\n<meta property=\"og:url\" content=\"https:\/\/dev.antudigital.cl\/sites\/vc\/rockodromo-industria-el-festival-porteno-revela-la-programacion-para-su-encuentro-de-la-industria-musical\/\" \/>\n<meta property=\"og:site_name\" content=\"Valpara\u00ed\u00adso Creativo\" \/>\n<meta property=\"article:published_time\" content=\"2024-12-10T19:07:39+00:00\" \/>\n<meta property=\"article:modified_time\" content=\"2024-12-10T19:07:56+00:00\" \/>\n<meta property=\"og:image\" content=\"https:\/\/dev.antudigital.cl\/sites\/vc\/wp-content\/uploads\/2024\/12\/ana-tijoux.-credito-inti-gajardo-1536x1040-1.jpeg\" \/>\n\t<meta property=\"og:image:width\" content=\"1536\" \/>\n\t<meta property=\"og:image:height\" content=\"1040\" \/>\n\t<meta property=\"og:image:type\" content=\"image\/jpeg\" \/>\n<meta name=\"author\" content=\"Valpara\u00edso Creativo\" \/>\n<meta name=\"twitter:card\" content=\"summary_large_image\" \/>\n<meta name=\"twitter:label1\" content=\"Escrito por\" \/>\n\t<meta name=\"twitter:data1\" content=\"Valpara\u00edso Creativo\" \/>\n\t<meta name=\"twitter:label2\" content=\"Tiempo de lectura\" \/>\n\t<meta name=\"twitter:data2\" content=\"4 minutos\" \/>\n<script type=\"application\/ld+json\" class=\"yoast-schema-graph\">{\"@context\":\"https:\/\/schema.org\",\"@graph\":[{\"@type\":\"Article\",\"@id\":\"https:\/\/dev.antudigital.cl\/sites\/vc\/rockodromo-industria-el-festival-porteno-revela-la-programacion-para-su-encuentro-de-la-industria-musical\/#article\",\"isPartOf\":{\"@id\":\"https:\/\/dev.antudigital.cl\/sites\/vc\/rockodromo-industria-el-festival-porteno-revela-la-programacion-para-su-encuentro-de-la-industria-musical\/\"},\"author\":{\"name\":\"Valpara\u00edso Creativo\",\"@id\":\"https:\/\/dev.antudigital.cl\/sites\/vc\/#\/schema\/person\/c2b9da8dd545e27166fc5ab232837318\"},\"headline\":\"Rock\u00f3dromo Industria: el festival porte\u00f1o revela la programaci\u00f3n para su encuentro de la industria musical\",\"datePublished\":\"2024-12-10T19:07:39+00:00\",\"dateModified\":\"2024-12-10T19:07:56+00:00\",\"mainEntityOfPage\":{\"@id\":\"https:\/\/dev.antudigital.cl\/sites\/vc\/rockodromo-industria-el-festival-porteno-revela-la-programacion-para-su-encuentro-de-la-industria-musical\/\"},\"wordCount\":669,\"image\":{\"@id\":\"https:\/\/dev.antudigital.cl\/sites\/vc\/rockodromo-industria-el-festival-porteno-revela-la-programacion-para-su-encuentro-de-la-industria-musical\/#primaryimage\"},\"thumbnailUrl\":\"https:\/\/dev.antudigital.cl\/sites\/vc\/wp-content\/uploads\/2024\/12\/ana-tijoux.-credito-inti-gajardo-1536x1040-1.jpeg\",\"articleSection\":[\"Noticia\"],\"inLanguage\":\"es\"},{\"@type\":\"WebPage\",\"@id\":\"https:\/\/dev.antudigital.cl\/sites\/vc\/rockodromo-industria-el-festival-porteno-revela-la-programacion-para-su-encuentro-de-la-industria-musical\/\",\"url\":\"https:\/\/dev.antudigital.cl\/sites\/vc\/rockodromo-industria-el-festival-porteno-revela-la-programacion-para-su-encuentro-de-la-industria-musical\/\",\"name\":\"Rock\u00f3dromo Industria: el festival porte\u00f1o revela la programaci\u00f3n para su encuentro de la industria musical - Valpara\u00ed\u00adso Creativo\",\"isPartOf\":{\"@id\":\"https:\/\/dev.antudigital.cl\/sites\/vc\/#website\"},\"primaryImageOfPage\":{\"@id\":\"https:\/\/dev.antudigital.cl\/sites\/vc\/rockodromo-industria-el-festival-porteno-revela-la-programacion-para-su-encuentro-de-la-industria-musical\/#primaryimage\"},\"image\":{\"@id\":\"https:\/\/dev.antudigital.cl\/sites\/vc\/rockodromo-industria-el-festival-porteno-revela-la-programacion-para-su-encuentro-de-la-industria-musical\/#primaryimage\"},\"thumbnailUrl\":\"https:\/\/dev.antudigital.cl\/sites\/vc\/wp-content\/uploads\/2024\/12\/ana-tijoux.-credito-inti-gajardo-1536x1040-1.jpeg\",\"datePublished\":\"2024-12-10T19:07:39+00:00\",\"dateModified\":\"2024-12-10T19:07:56+00:00\",\"author\":{\"@id\":\"https:\/\/dev.antudigital.cl\/sites\/vc\/#\/schema\/person\/c2b9da8dd545e27166fc5ab232837318\"},\"breadcrumb\":{\"@id\":\"https:\/\/dev.antudigital.cl\/sites\/vc\/rockodromo-industria-el-festival-porteno-revela-la-programacion-para-su-encuentro-de-la-industria-musical\/#breadcrumb\"},\"inLanguage\":\"es\",\"potentialAction\":[{\"@type\":\"ReadAction\",\"target\":[\"https:\/\/dev.antudigital.cl\/sites\/vc\/rockodromo-industria-el-festival-porteno-revela-la-programacion-para-su-encuentro-de-la-industria-musical\/\"]}]},{\"@type\":\"ImageObject\",\"inLanguage\":\"es\",\"@id\":\"https:\/\/dev.antudigital.cl\/sites\/vc\/rockodromo-industria-el-festival-porteno-revela-la-programacion-para-su-encuentro-de-la-industria-musical\/#primaryimage\",\"url\":\"https:\/\/dev.antudigital.cl\/sites\/vc\/wp-content\/uploads\/2024\/12\/ana-tijoux.-credito-inti-gajardo-1536x1040-1.jpeg\",\"contentUrl\":\"https:\/\/dev.antudigital.cl\/sites\/vc\/wp-content\/uploads\/2024\/12\/ana-tijoux.-credito-inti-gajardo-1536x1040-1.jpeg\",\"width\":1536,\"height\":1040},{\"@type\":\"BreadcrumbList\",\"@id\":\"https:\/\/dev.antudigital.cl\/sites\/vc\/rockodromo-industria-el-festival-porteno-revela-la-programacion-para-su-encuentro-de-la-industria-musical\/#breadcrumb\",\"itemListElement\":[{\"@type\":\"ListItem\",\"position\":1,\"name\":\"Home\",\"item\":\"https:\/\/dev.antudigital.cl\/sites\/vc\/\"},{\"@type\":\"ListItem\",\"position\":2,\"name\":\"Rock\u00f3dromo Industria: el festival porte\u00f1o revela la programaci\u00f3n para su encuentro de la industria musical\"}]},{\"@type\":\"WebSite\",\"@id\":\"https:\/\/dev.antudigital.cl\/sites\/vc\/#website\",\"url\":\"https:\/\/dev.antudigital.cl\/sites\/vc\/\",\"name\":\"Valpara\u00ed\u00adso Creativo\",\"description\":\"\",\"potentialAction\":[{\"@type\":\"SearchAction\",\"target\":{\"@type\":\"EntryPoint\",\"urlTemplate\":\"https:\/\/dev.antudigital.cl\/sites\/vc\/?s={search_term_string}\"},\"query-input\":{\"@type\":\"PropertyValueSpecification\",\"valueRequired\":true,\"valueName\":\"search_term_string\"}}],\"inLanguage\":\"es\"},{\"@type\":\"Person\",\"@id\":\"https:\/\/dev.antudigital.cl\/sites\/vc\/#\/schema\/person\/c2b9da8dd545e27166fc5ab232837318\",\"name\":\"Valpara\u00edso Creativo\",\"description\":\"Periodista de cultura en la Regi\u00f3n de Valpara\u00edso.\",\"url\":\"https:\/\/dev.antudigital.cl\/sites\/vc\/author\/valpoadmin\/\"}]}<\/script>\n<!-- \/ Yoast SEO plugin. -->","yoast_head_json":{"title":"Rock\u00f3dromo Industria: el festival porte\u00f1o revela la programaci\u00f3n para su encuentro de la industria musical - Valpara\u00ed\u00adso Creativo","robots":{"index":"index","follow":"follow","max-snippet":"max-snippet:-1","max-image-preview":"max-image-preview:large","max-video-preview":"max-video-preview:-1"},"canonical":"https:\/\/dev.antudigital.cl\/sites\/vc\/rockodromo-industria-el-festival-porteno-revela-la-programacion-para-su-encuentro-de-la-industria-musical\/","og_locale":"es_ES","og_type":"article","og_title":"Rock\u00f3dromo Industria: el festival porte\u00f1o revela la programaci\u00f3n para su encuentro de la industria musical - Valpara\u00ed\u00adso Creativo","og_description":"Faltan pocos d\u00edas para que Valpara\u00edso celebre las dos d\u00e9cadas del festival Rock\u00f3dromo: la cita musical organizada por el Ministerio de las Culturas, las Artes y el Patrimonio que re\u00fane a m\u00e1s de 50 bandas \u2013desde Arica a Magallanes, y tambi\u00e9n desde el extranjero- en escenarios p\u00fablicos y con entrada liberada. M\u00fasicos, profesionales y agentes [&hellip;]","og_url":"https:\/\/dev.antudigital.cl\/sites\/vc\/rockodromo-industria-el-festival-porteno-revela-la-programacion-para-su-encuentro-de-la-industria-musical\/","og_site_name":"Valpara\u00ed\u00adso Creativo","article_published_time":"2024-12-10T19:07:39+00:00","article_modified_time":"2024-12-10T19:07:56+00:00","og_image":[{"width":1536,"height":1040,"url":"https:\/\/dev.antudigital.cl\/sites\/vc\/wp-content\/uploads\/2024\/12\/ana-tijoux.-credito-inti-gajardo-1536x1040-1.jpeg","type":"image\/jpeg"}],"author":"Valpara\u00edso Creativo","twitter_card":"summary_large_image","twitter_misc":{"Escrito por":"Valpara\u00edso Creativo","Tiempo de lectura":"4 minutos"},"schema":{"@context":"https:\/\/schema.org","@graph":[{"@type":"Article","@id":"https:\/\/dev.antudigital.cl\/sites\/vc\/rockodromo-industria-el-festival-porteno-revela-la-programacion-para-su-encuentro-de-la-industria-musical\/#article","isPartOf":{"@id":"https:\/\/dev.antudigital.cl\/sites\/vc\/rockodromo-industria-el-festival-porteno-revela-la-programacion-para-su-encuentro-de-la-industria-musical\/"},"author":{"name":"Valpara\u00edso Creativo","@id":"https:\/\/dev.antudigital.cl\/sites\/vc\/#\/schema\/person\/c2b9da8dd545e27166fc5ab232837318"},"headline":"Rock\u00f3dromo Industria: el festival porte\u00f1o revela la programaci\u00f3n para su encuentro de la industria musical","datePublished":"2024-12-10T19:07:39+00:00","dateModified":"2024-12-10T19:07:56+00:00","mainEntityOfPage":{"@id":"https:\/\/dev.antudigital.cl\/sites\/vc\/rockodromo-industria-el-festival-porteno-revela-la-programacion-para-su-encuentro-de-la-industria-musical\/"},"wordCount":669,"image":{"@id":"https:\/\/dev.antudigital.cl\/sites\/vc\/rockodromo-industria-el-festival-porteno-revela-la-programacion-para-su-encuentro-de-la-industria-musical\/#primaryimage"},"thumbnailUrl":"https:\/\/dev.antudigital.cl\/sites\/vc\/wp-content\/uploads\/2024\/12\/ana-tijoux.-credito-inti-gajardo-1536x1040-1.jpeg","articleSection":["Noticia"],"inLanguage":"es"},{"@type":"WebPage","@id":"https:\/\/dev.antudigital.cl\/sites\/vc\/rockodromo-industria-el-festival-porteno-revela-la-programacion-para-su-encuentro-de-la-industria-musical\/","url":"https:\/\/dev.antudigital.cl\/sites\/vc\/rockodromo-industria-el-festival-porteno-revela-la-programacion-para-su-encuentro-de-la-industria-musical\/","name":"Rock\u00f3dromo Industria: el festival porte\u00f1o revela la programaci\u00f3n para su encuentro de la industria musical - Valpara\u00ed\u00adso Creativo","isPartOf":{"@id":"https:\/\/dev.antudigital.cl\/sites\/vc\/#website"},"primaryImageOfPage":{"@id":"https:\/\/dev.antudigital.cl\/sites\/vc\/rockodromo-industria-el-festival-porteno-revela-la-programacion-para-su-encuentro-de-la-industria-musical\/#primaryimage"},"image":{"@id":"https:\/\/dev.antudigital.cl\/sites\/vc\/rockodromo-industria-el-festival-porteno-revela-la-programacion-para-su-encuentro-de-la-industria-musical\/#primaryimage"},"thumbnailUrl":"https:\/\/dev.antudigital.cl\/sites\/vc\/wp-content\/uploads\/2024\/12\/ana-tijoux.-credito-inti-gajardo-1536x1040-1.jpeg","datePublished":"2024-12-10T19:07:39+00:00","dateModified":"2024-12-10T19:07:56+00:00","author":{"@id":"https:\/\/dev.antudigital.cl\/sites\/vc\/#\/schema\/person\/c2b9da8dd545e27166fc5ab232837318"},"breadcrumb":{"@id":"https:\/\/dev.antudigital.cl\/sites\/vc\/rockodromo-industria-el-festival-porteno-revela-la-programacion-para-su-encuentro-de-la-industria-musical\/#breadcrumb"},"inLanguage":"es","potentialAction":[{"@type":"ReadAction","target":["https:\/\/dev.antudigital.cl\/sites\/vc\/rockodromo-industria-el-festival-porteno-revela-la-programacion-para-su-encuentro-de-la-industria-musical\/"]}]},{"@type":"ImageObject","inLanguage":"es","@id":"https:\/\/dev.antudigital.cl\/sites\/vc\/rockodromo-industria-el-festival-porteno-revela-la-programacion-para-su-encuentro-de-la-industria-musical\/#primaryimage","url":"https:\/\/dev.antudigital.cl\/sites\/vc\/wp-content\/uploads\/2024\/12\/ana-tijoux.-credito-inti-gajardo-1536x1040-1.jpeg","contentUrl":"https:\/\/dev.antudigital.cl\/sites\/vc\/wp-content\/uploads\/2024\/12\/ana-tijoux.-credito-inti-gajardo-1536x1040-1.jpeg","width":1536,"height":1040},{"@type":"BreadcrumbList","@id":"https:\/\/dev.antudigital.cl\/sites\/vc\/rockodromo-industria-el-festival-porteno-revela-la-programacion-para-su-encuentro-de-la-industria-musical\/#breadcrumb","itemListElement":[{"@type":"ListItem","position":1,"name":"Home","item":"https:\/\/dev.antudigital.cl\/sites\/vc\/"},{"@type":"ListItem","position":2,"name":"Rock\u00f3dromo Industria: el festival porte\u00f1o revela la programaci\u00f3n para su encuentro de la industria musical"}]},{"@type":"WebSite","@id":"https:\/\/dev.antudigital.cl\/sites\/vc\/#website","url":"https:\/\/dev.antudigital.cl\/sites\/vc\/","name":"Valpara\u00ed\u00adso Creativo","description":"","potentialAction":[{"@type":"SearchAction","target":{"@type":"EntryPoint","urlTemplate":"https:\/\/dev.antudigital.cl\/sites\/vc\/?s={search_term_string}"},"query-input":{"@type":"PropertyValueSpecification","valueRequired":true,"valueName":"search_term_string"}}],"inLanguage":"es"},{"@type":"Person","@id":"https:\/\/dev.antudigital.cl\/sites\/vc\/#\/schema\/person\/c2b9da8dd545e27166fc5ab232837318","name":"Valpara\u00edso Creativo","description":"Periodista de cultura en la Regi\u00f3n de Valpara\u00edso.","url":"https:\/\/dev.antudigital.cl\/sites\/vc\/author\/valpoadmin\/"}]}},"_links":{"self":[{"href":"https:\/\/dev.antudigital.cl\/sites\/vc\/wp-json\/wp\/v2\/posts\/21507","targetHints":{"allow":["GET"]}}],"collection":[{"href":"https:\/\/dev.antudigital.cl\/sites\/vc\/wp-json\/wp\/v2\/posts"}],"about":[{"href":"https:\/\/dev.antudigital.cl\/sites\/vc\/wp-json\/wp\/v2\/types\/post"}],"author":[{"embeddable":true,"href":"https:\/\/dev.antudigital.cl\/sites\/vc\/wp-json\/wp\/v2\/users\/1"}],"replies":[{"embeddable":true,"href":"https:\/\/dev.antudigital.cl\/sites\/vc\/wp-json\/wp\/v2\/comments?post=21507"}],"version-history":[{"count":1,"href":"https:\/\/dev.antudigital.cl\/sites\/vc\/wp-json\/wp\/v2\/posts\/21507\/revisions"}],"predecessor-version":[{"id":21510,"href":"https:\/\/dev.antudigital.cl\/sites\/vc\/wp-json\/wp\/v2\/posts\/21507\/revisions\/21510"}],"wp:featuredmedia":[{"embeddable":true,"href":"https:\/\/dev.antudigital.cl\/sites\/vc\/wp-json\/wp\/v2\/media\/21508"}],"wp:attachment":[{"href":"https:\/\/dev.antudigital.cl\/sites\/vc\/wp-json\/wp\/v2\/media?parent=21507"}],"wp:term":[{"taxonomy":"category","embeddable":true,"href":"https:\/\/dev.antudigital.cl\/sites\/vc\/wp-json\/wp\/v2\/categories?post=21507"},{"taxonomy":"post_tag","embeddable":true,"href":"https:\/\/dev.antudigital.cl\/sites\/vc\/wp-json\/wp\/v2\/tags?post=21507"}],"curies":[{"name":"wp","href":"https:\/\/api.w.org\/{rel}","templated":true}]}}