{"id":21633,"date":"2024-12-29T23:03:25","date_gmt":"2024-12-29T23:03:25","guid":{"rendered":"https:\/\/www.valparaisocreativo.cl\/?p=21633"},"modified":"2024-12-29T23:03:41","modified_gmt":"2024-12-29T23:03:41","slug":"con-masivas-y-gratuitas-presentaciones-parque-cultural-de-valparaiso-ya-comenzo-celebraciones-de-fin-de-ano","status":"publish","type":"post","link":"https:\/\/dev.antudigital.cl\/sites\/vc\/con-masivas-y-gratuitas-presentaciones-parque-cultural-de-valparaiso-ya-comenzo-celebraciones-de-fin-de-ano\/","title":{"rendered":"Con masivas y gratuitas presentaciones Parque Cultural de Valpara\u00edso ya comenz\u00f3 celebraciones de fin de a\u00f1o"},"content":{"rendered":"\n<p><strong><em>Tres d\u00edas de fiesta que PCdV program\u00f3 para este fin de semana en la jornada \u201cParque en Fiesta\u201d, con espect\u00e1culos gratuitos y masivos. Centenares de personas llegaron a la jornada inaugural que mezcl\u00f3 m\u00fasicos de primer nivel y una impactante performance en ex galer\u00eda de reos de la C\u00e1rcel P\u00fablica que existi\u00f3 en este Parque Cultural y Sitio de Memoria.<\/em><\/strong><\/p>\n\n\n\n<p>_______<\/p>\n\n\n\n<p>Centenares de personas asistieron este viernes a la jornada inaugural de \u201cParque en Fiesta\u201d en Valpara\u00edso, la jornada de tres d\u00edas que prepar\u00f3 PCdV-Ex C\u00e1rcel en la previa de las celebraciones de fin de a\u00f1o en la ciudad puerto. Actividades gratuitas y masivas pensadas en las familias con la convocatoria: \u201ccelebrar lo vivido y so\u00f1ar lo que viene\u201d.<\/p>\n\n\n\n<p>La t\u00f3nica es la mezcla de diversas manifestaciones art\u00edsticas que constituyen una trilog\u00eda para todos los p\u00fablicos: arte, cultura y memoria. En el primer d\u00eda de actividades, los asistentes llenaron el Teatro donde se presentaron \u201cM\u00fasica Ensamble &#8211; Banda Inclusiva\u201d; el \u201cQuinteto Foxtrot de Chile\u201d, con un aplaudido homenaje a Roberto Parra, sumando a Puerto Orquesta, embajadores culturales de Valpara\u00edso, quienes realizaron un viaje por la m\u00fasica popular chilena, terminando con un tributo al Gitano Rodr\u00edguez y su canci\u00f3n Valpara\u00edso.<\/p>\n\n\n\n<p>Se sum\u00f3 una presentaci\u00f3n de gran nivel de Danza MundoMoebio, en la explanada, arte inmersivo que invit\u00f3 a los asistentes hasta la ex galer\u00eda de reos, donde se inaugur\u00f3 la muestra permanente de fotograf\u00eda con im\u00e1genes in\u00e9ditas de lo que fue este centro penitenciario, \u201cLa presencia de los Ausentes\u201d de Nelson Mu\u00f1oz.<\/p>\n\n\n\n<p><strong>Este s\u00e1bado la atracci\u00f3n es el concierto de Sinergia Kids, la premiada y reconocida banda chilena que cuenta con un masivo p\u00fablico seguidor en diversas plataformas y en cada una de sus presentaciones.&nbsp;<\/strong>Marionetas gigantes, carnaval,Oani Teatro; Colectivo Sue\u00f1os de Mach\u00e9 &#8211; Pasacalles La Familia Gigante de Fiesta; Murga Infantil Manuel Bustos; Ludicirco, malabares y acrobacia a\u00e9reas; y la Gran Troupe del Circo Bulgareska.<\/p>\n\n\n\n<figure class=\"wp-block-image size-full\"><img fetchpriority=\"high\" decoding=\"async\" width=\"581\" height=\"323\" src=\"https:\/\/www.valparaisocreativo.cl\/wp-content\/uploads\/2024\/12\/WhatsApp-Image-2024-12-28-at-12.03.07-AM.jpeg\" alt=\"\" class=\"wp-image-21634\" srcset=\"https:\/\/dev.antudigital.cl\/sites\/vc\/wp-content\/uploads\/2024\/12\/WhatsApp-Image-2024-12-28-at-12.03.07-AM.jpeg 581w, https:\/\/dev.antudigital.cl\/sites\/vc\/wp-content\/uploads\/2024\/12\/WhatsApp-Image-2024-12-28-at-12.03.07-AM-300x167.jpeg 300w, https:\/\/dev.antudigital.cl\/sites\/vc\/wp-content\/uploads\/2024\/12\/WhatsApp-Image-2024-12-28-at-12.03.07-AM-480x267.jpeg 480w, https:\/\/dev.antudigital.cl\/sites\/vc\/wp-content\/uploads\/2024\/12\/WhatsApp-Image-2024-12-28-at-12.03.07-AM-24x13.jpeg 24w, https:\/\/dev.antudigital.cl\/sites\/vc\/wp-content\/uploads\/2024\/12\/WhatsApp-Image-2024-12-28-at-12.03.07-AM-36x20.jpeg 36w, https:\/\/dev.antudigital.cl\/sites\/vc\/wp-content\/uploads\/2024\/12\/WhatsApp-Image-2024-12-28-at-12.03.07-AM-48x27.jpeg 48w\" sizes=\"(max-width: 581px) 100vw, 581px\" \/><\/figure>\n\n\n\n<p>La \u00faltima jornada contempla actividades a partir de las 12 horas del domingo, con la Trilog\u00eda Libre en Lambe Lambe y la Asamblea Titiritera ATTICH V y, a partir de las 16 horas, circo, el Carnaval Las Ca\u00f1as, con el carnaval porte\u00f1o; el fest\u00edn de la risa y Romera y Chumbeque.<\/p>\n\n\n\n<p>Para la presidenta de PCdV-Ex C\u00e1rcel, Gianina Figueroa, \u201cesta es una Fiesta de tres d\u00edas con espect\u00e1culos de primer nivel para todas las familias, con accesos gratuitos y donde la variedad de panoramas permitir\u00e1 que los asistentes puedan hacer suyo nuestro lema para esta gran celebraci\u00f3n: celebrar lo vivido y so\u00f1ar lo que viene\u201d.&nbsp;<\/p>\n","protected":false},"excerpt":{"rendered":"<p>Tres d\u00edas de fiesta que PCdV program\u00f3 para este fin de semana en la jornada \u201cParque en Fiesta\u201d, con espect\u00e1culos gratuitos y masivos. Centenares de personas llegaron a la jornada inaugural que mezcl\u00f3 m\u00fasicos de primer nivel y una impactante performance en ex galer\u00eda de reos de la C\u00e1rcel P\u00fablica que existi\u00f3 en este Parque [&hellip;]<\/p>\n","protected":false},"author":1,"featured_media":21635,"comment_status":"closed","ping_status":"closed","sticky":false,"template":"","format":"standard","meta":{"_acf_changed":false,"footnotes":""},"categories":[8],"tags":[],"class_list":["post-21633","post","type-post","status-publish","format-standard","has-post-thumbnail","hentry","category-noticia"],"acf":[],"yoast_head":"<!-- This site is optimized with the Yoast SEO plugin v27.1.1 - https:\/\/yoast.com\/product\/yoast-seo-wordpress\/ -->\n<title>Con masivas y gratuitas presentaciones Parque Cultural de Valpara\u00edso ya comenz\u00f3 celebraciones de fin de a\u00f1o - Valpara\u00ed\u00adso Creativo<\/title>\n<meta name=\"robots\" content=\"index, follow, max-snippet:-1, max-image-preview:large, max-video-preview:-1\" \/>\n<link rel=\"canonical\" href=\"https:\/\/dev.antudigital.cl\/sites\/vc\/con-masivas-y-gratuitas-presentaciones-parque-cultural-de-valparaiso-ya-comenzo-celebraciones-de-fin-de-ano\/\" \/>\n<meta property=\"og:locale\" content=\"es_ES\" \/>\n<meta property=\"og:type\" content=\"article\" \/>\n<meta property=\"og:title\" content=\"Con masivas y gratuitas presentaciones Parque Cultural de Valpara\u00edso ya comenz\u00f3 celebraciones de fin de a\u00f1o - Valpara\u00ed\u00adso Creativo\" \/>\n<meta property=\"og:description\" content=\"Tres d\u00edas de fiesta que PCdV program\u00f3 para este fin de semana en la jornada \u201cParque en Fiesta\u201d, con espect\u00e1culos gratuitos y masivos. Centenares de personas llegaron a la jornada inaugural que mezcl\u00f3 m\u00fasicos de primer nivel y una impactante performance en ex galer\u00eda de reos de la C\u00e1rcel P\u00fablica que existi\u00f3 en este Parque [&hellip;]\" \/>\n<meta property=\"og:url\" content=\"https:\/\/dev.antudigital.cl\/sites\/vc\/con-masivas-y-gratuitas-presentaciones-parque-cultural-de-valparaiso-ya-comenzo-celebraciones-de-fin-de-ano\/\" \/>\n<meta property=\"og:site_name\" content=\"Valpara\u00ed\u00adso Creativo\" \/>\n<meta property=\"article:published_time\" content=\"2024-12-29T23:03:25+00:00\" \/>\n<meta property=\"article:modified_time\" content=\"2024-12-29T23:03:41+00:00\" \/>\n<meta property=\"og:image\" content=\"https:\/\/dev.antudigital.cl\/sites\/vc\/wp-content\/uploads\/2024\/12\/fd33f11f-6685-4c30-b967-4258650994b8.jpg\" \/>\n\t<meta property=\"og:image:width\" content=\"1600\" \/>\n\t<meta property=\"og:image:height\" content=\"1066\" \/>\n\t<meta property=\"og:image:type\" content=\"image\/jpeg\" \/>\n<meta name=\"author\" content=\"Valpara\u00edso Creativo\" \/>\n<meta name=\"twitter:card\" content=\"summary_large_image\" \/>\n<meta name=\"twitter:label1\" content=\"Escrito por\" \/>\n\t<meta name=\"twitter:data1\" content=\"Valpara\u00edso Creativo\" \/>\n\t<meta name=\"twitter:label2\" content=\"Tiempo de lectura\" \/>\n\t<meta name=\"twitter:data2\" content=\"3 minutos\" \/>\n<script type=\"application\/ld+json\" class=\"yoast-schema-graph\">{\"@context\":\"https:\/\/schema.org\",\"@graph\":[{\"@type\":\"Article\",\"@id\":\"https:\/\/dev.antudigital.cl\/sites\/vc\/con-masivas-y-gratuitas-presentaciones-parque-cultural-de-valparaiso-ya-comenzo-celebraciones-de-fin-de-ano\/#article\",\"isPartOf\":{\"@id\":\"https:\/\/dev.antudigital.cl\/sites\/vc\/con-masivas-y-gratuitas-presentaciones-parque-cultural-de-valparaiso-ya-comenzo-celebraciones-de-fin-de-ano\/\"},\"author\":{\"name\":\"Valpara\u00edso Creativo\",\"@id\":\"https:\/\/dev.antudigital.cl\/sites\/vc\/#\/schema\/person\/c2b9da8dd545e27166fc5ab232837318\"},\"headline\":\"Con masivas y gratuitas presentaciones Parque Cultural de Valpara\u00edso ya comenz\u00f3 celebraciones de fin de a\u00f1o\",\"datePublished\":\"2024-12-29T23:03:25+00:00\",\"dateModified\":\"2024-12-29T23:03:41+00:00\",\"mainEntityOfPage\":{\"@id\":\"https:\/\/dev.antudigital.cl\/sites\/vc\/con-masivas-y-gratuitas-presentaciones-parque-cultural-de-valparaiso-ya-comenzo-celebraciones-de-fin-de-ano\/\"},\"wordCount\":480,\"image\":{\"@id\":\"https:\/\/dev.antudigital.cl\/sites\/vc\/con-masivas-y-gratuitas-presentaciones-parque-cultural-de-valparaiso-ya-comenzo-celebraciones-de-fin-de-ano\/#primaryimage\"},\"thumbnailUrl\":\"https:\/\/dev.antudigital.cl\/sites\/vc\/wp-content\/uploads\/2024\/12\/fd33f11f-6685-4c30-b967-4258650994b8.jpg\",\"articleSection\":[\"Noticia\"],\"inLanguage\":\"es\"},{\"@type\":\"WebPage\",\"@id\":\"https:\/\/dev.antudigital.cl\/sites\/vc\/con-masivas-y-gratuitas-presentaciones-parque-cultural-de-valparaiso-ya-comenzo-celebraciones-de-fin-de-ano\/\",\"url\":\"https:\/\/dev.antudigital.cl\/sites\/vc\/con-masivas-y-gratuitas-presentaciones-parque-cultural-de-valparaiso-ya-comenzo-celebraciones-de-fin-de-ano\/\",\"name\":\"Con masivas y gratuitas presentaciones Parque Cultural de Valpara\u00edso ya comenz\u00f3 celebraciones de fin de a\u00f1o - Valpara\u00ed\u00adso Creativo\",\"isPartOf\":{\"@id\":\"https:\/\/dev.antudigital.cl\/sites\/vc\/#website\"},\"primaryImageOfPage\":{\"@id\":\"https:\/\/dev.antudigital.cl\/sites\/vc\/con-masivas-y-gratuitas-presentaciones-parque-cultural-de-valparaiso-ya-comenzo-celebraciones-de-fin-de-ano\/#primaryimage\"},\"image\":{\"@id\":\"https:\/\/dev.antudigital.cl\/sites\/vc\/con-masivas-y-gratuitas-presentaciones-parque-cultural-de-valparaiso-ya-comenzo-celebraciones-de-fin-de-ano\/#primaryimage\"},\"thumbnailUrl\":\"https:\/\/dev.antudigital.cl\/sites\/vc\/wp-content\/uploads\/2024\/12\/fd33f11f-6685-4c30-b967-4258650994b8.jpg\",\"datePublished\":\"2024-12-29T23:03:25+00:00\",\"dateModified\":\"2024-12-29T23:03:41+00:00\",\"author\":{\"@id\":\"https:\/\/dev.antudigital.cl\/sites\/vc\/#\/schema\/person\/c2b9da8dd545e27166fc5ab232837318\"},\"breadcrumb\":{\"@id\":\"https:\/\/dev.antudigital.cl\/sites\/vc\/con-masivas-y-gratuitas-presentaciones-parque-cultural-de-valparaiso-ya-comenzo-celebraciones-de-fin-de-ano\/#breadcrumb\"},\"inLanguage\":\"es\",\"potentialAction\":[{\"@type\":\"ReadAction\",\"target\":[\"https:\/\/dev.antudigital.cl\/sites\/vc\/con-masivas-y-gratuitas-presentaciones-parque-cultural-de-valparaiso-ya-comenzo-celebraciones-de-fin-de-ano\/\"]}]},{\"@type\":\"ImageObject\",\"inLanguage\":\"es\",\"@id\":\"https:\/\/dev.antudigital.cl\/sites\/vc\/con-masivas-y-gratuitas-presentaciones-parque-cultural-de-valparaiso-ya-comenzo-celebraciones-de-fin-de-ano\/#primaryimage\",\"url\":\"https:\/\/dev.antudigital.cl\/sites\/vc\/wp-content\/uploads\/2024\/12\/fd33f11f-6685-4c30-b967-4258650994b8.jpg\",\"contentUrl\":\"https:\/\/dev.antudigital.cl\/sites\/vc\/wp-content\/uploads\/2024\/12\/fd33f11f-6685-4c30-b967-4258650994b8.jpg\",\"width\":1600,\"height\":1066},{\"@type\":\"BreadcrumbList\",\"@id\":\"https:\/\/dev.antudigital.cl\/sites\/vc\/con-masivas-y-gratuitas-presentaciones-parque-cultural-de-valparaiso-ya-comenzo-celebraciones-de-fin-de-ano\/#breadcrumb\",\"itemListElement\":[{\"@type\":\"ListItem\",\"position\":1,\"name\":\"Home\",\"item\":\"https:\/\/dev.antudigital.cl\/sites\/vc\/\"},{\"@type\":\"ListItem\",\"position\":2,\"name\":\"Con masivas y gratuitas presentaciones Parque Cultural de Valpara\u00edso ya comenz\u00f3 celebraciones de fin de a\u00f1o\"}]},{\"@type\":\"WebSite\",\"@id\":\"https:\/\/dev.antudigital.cl\/sites\/vc\/#website\",\"url\":\"https:\/\/dev.antudigital.cl\/sites\/vc\/\",\"name\":\"Valpara\u00ed\u00adso Creativo\",\"description\":\"\",\"potentialAction\":[{\"@type\":\"SearchAction\",\"target\":{\"@type\":\"EntryPoint\",\"urlTemplate\":\"https:\/\/dev.antudigital.cl\/sites\/vc\/?s={search_term_string}\"},\"query-input\":{\"@type\":\"PropertyValueSpecification\",\"valueRequired\":true,\"valueName\":\"search_term_string\"}}],\"inLanguage\":\"es\"},{\"@type\":\"Person\",\"@id\":\"https:\/\/dev.antudigital.cl\/sites\/vc\/#\/schema\/person\/c2b9da8dd545e27166fc5ab232837318\",\"name\":\"Valpara\u00edso Creativo\",\"description\":\"Periodista de cultura en la Regi\u00f3n de Valpara\u00edso.\",\"url\":\"https:\/\/dev.antudigital.cl\/sites\/vc\/author\/valpoadmin\/\"}]}<\/script>\n<!-- \/ Yoast SEO plugin. -->","yoast_head_json":{"title":"Con masivas y gratuitas presentaciones Parque Cultural de Valpara\u00edso ya comenz\u00f3 celebraciones de fin de a\u00f1o - Valpara\u00ed\u00adso Creativo","robots":{"index":"index","follow":"follow","max-snippet":"max-snippet:-1","max-image-preview":"max-image-preview:large","max-video-preview":"max-video-preview:-1"},"canonical":"https:\/\/dev.antudigital.cl\/sites\/vc\/con-masivas-y-gratuitas-presentaciones-parque-cultural-de-valparaiso-ya-comenzo-celebraciones-de-fin-de-ano\/","og_locale":"es_ES","og_type":"article","og_title":"Con masivas y gratuitas presentaciones Parque Cultural de Valpara\u00edso ya comenz\u00f3 celebraciones de fin de a\u00f1o - Valpara\u00ed\u00adso Creativo","og_description":"Tres d\u00edas de fiesta que PCdV program\u00f3 para este fin de semana en la jornada \u201cParque en Fiesta\u201d, con espect\u00e1culos gratuitos y masivos. Centenares de personas llegaron a la jornada inaugural que mezcl\u00f3 m\u00fasicos de primer nivel y una impactante performance en ex galer\u00eda de reos de la C\u00e1rcel P\u00fablica que existi\u00f3 en este Parque [&hellip;]","og_url":"https:\/\/dev.antudigital.cl\/sites\/vc\/con-masivas-y-gratuitas-presentaciones-parque-cultural-de-valparaiso-ya-comenzo-celebraciones-de-fin-de-ano\/","og_site_name":"Valpara\u00ed\u00adso Creativo","article_published_time":"2024-12-29T23:03:25+00:00","article_modified_time":"2024-12-29T23:03:41+00:00","og_image":[{"width":1600,"height":1066,"url":"https:\/\/dev.antudigital.cl\/sites\/vc\/wp-content\/uploads\/2024\/12\/fd33f11f-6685-4c30-b967-4258650994b8.jpg","type":"image\/jpeg"}],"author":"Valpara\u00edso Creativo","twitter_card":"summary_large_image","twitter_misc":{"Escrito por":"Valpara\u00edso Creativo","Tiempo de lectura":"3 minutos"},"schema":{"@context":"https:\/\/schema.org","@graph":[{"@type":"Article","@id":"https:\/\/dev.antudigital.cl\/sites\/vc\/con-masivas-y-gratuitas-presentaciones-parque-cultural-de-valparaiso-ya-comenzo-celebraciones-de-fin-de-ano\/#article","isPartOf":{"@id":"https:\/\/dev.antudigital.cl\/sites\/vc\/con-masivas-y-gratuitas-presentaciones-parque-cultural-de-valparaiso-ya-comenzo-celebraciones-de-fin-de-ano\/"},"author":{"name":"Valpara\u00edso Creativo","@id":"https:\/\/dev.antudigital.cl\/sites\/vc\/#\/schema\/person\/c2b9da8dd545e27166fc5ab232837318"},"headline":"Con masivas y gratuitas presentaciones Parque Cultural de Valpara\u00edso ya comenz\u00f3 celebraciones de fin de a\u00f1o","datePublished":"2024-12-29T23:03:25+00:00","dateModified":"2024-12-29T23:03:41+00:00","mainEntityOfPage":{"@id":"https:\/\/dev.antudigital.cl\/sites\/vc\/con-masivas-y-gratuitas-presentaciones-parque-cultural-de-valparaiso-ya-comenzo-celebraciones-de-fin-de-ano\/"},"wordCount":480,"image":{"@id":"https:\/\/dev.antudigital.cl\/sites\/vc\/con-masivas-y-gratuitas-presentaciones-parque-cultural-de-valparaiso-ya-comenzo-celebraciones-de-fin-de-ano\/#primaryimage"},"thumbnailUrl":"https:\/\/dev.antudigital.cl\/sites\/vc\/wp-content\/uploads\/2024\/12\/fd33f11f-6685-4c30-b967-4258650994b8.jpg","articleSection":["Noticia"],"inLanguage":"es"},{"@type":"WebPage","@id":"https:\/\/dev.antudigital.cl\/sites\/vc\/con-masivas-y-gratuitas-presentaciones-parque-cultural-de-valparaiso-ya-comenzo-celebraciones-de-fin-de-ano\/","url":"https:\/\/dev.antudigital.cl\/sites\/vc\/con-masivas-y-gratuitas-presentaciones-parque-cultural-de-valparaiso-ya-comenzo-celebraciones-de-fin-de-ano\/","name":"Con masivas y gratuitas presentaciones Parque Cultural de Valpara\u00edso ya comenz\u00f3 celebraciones de fin de a\u00f1o - Valpara\u00ed\u00adso Creativo","isPartOf":{"@id":"https:\/\/dev.antudigital.cl\/sites\/vc\/#website"},"primaryImageOfPage":{"@id":"https:\/\/dev.antudigital.cl\/sites\/vc\/con-masivas-y-gratuitas-presentaciones-parque-cultural-de-valparaiso-ya-comenzo-celebraciones-de-fin-de-ano\/#primaryimage"},"image":{"@id":"https:\/\/dev.antudigital.cl\/sites\/vc\/con-masivas-y-gratuitas-presentaciones-parque-cultural-de-valparaiso-ya-comenzo-celebraciones-de-fin-de-ano\/#primaryimage"},"thumbnailUrl":"https:\/\/dev.antudigital.cl\/sites\/vc\/wp-content\/uploads\/2024\/12\/fd33f11f-6685-4c30-b967-4258650994b8.jpg","datePublished":"2024-12-29T23:03:25+00:00","dateModified":"2024-12-29T23:03:41+00:00","author":{"@id":"https:\/\/dev.antudigital.cl\/sites\/vc\/#\/schema\/person\/c2b9da8dd545e27166fc5ab232837318"},"breadcrumb":{"@id":"https:\/\/dev.antudigital.cl\/sites\/vc\/con-masivas-y-gratuitas-presentaciones-parque-cultural-de-valparaiso-ya-comenzo-celebraciones-de-fin-de-ano\/#breadcrumb"},"inLanguage":"es","potentialAction":[{"@type":"ReadAction","target":["https:\/\/dev.antudigital.cl\/sites\/vc\/con-masivas-y-gratuitas-presentaciones-parque-cultural-de-valparaiso-ya-comenzo-celebraciones-de-fin-de-ano\/"]}]},{"@type":"ImageObject","inLanguage":"es","@id":"https:\/\/dev.antudigital.cl\/sites\/vc\/con-masivas-y-gratuitas-presentaciones-parque-cultural-de-valparaiso-ya-comenzo-celebraciones-de-fin-de-ano\/#primaryimage","url":"https:\/\/dev.antudigital.cl\/sites\/vc\/wp-content\/uploads\/2024\/12\/fd33f11f-6685-4c30-b967-4258650994b8.jpg","contentUrl":"https:\/\/dev.antudigital.cl\/sites\/vc\/wp-content\/uploads\/2024\/12\/fd33f11f-6685-4c30-b967-4258650994b8.jpg","width":1600,"height":1066},{"@type":"BreadcrumbList","@id":"https:\/\/dev.antudigital.cl\/sites\/vc\/con-masivas-y-gratuitas-presentaciones-parque-cultural-de-valparaiso-ya-comenzo-celebraciones-de-fin-de-ano\/#breadcrumb","itemListElement":[{"@type":"ListItem","position":1,"name":"Home","item":"https:\/\/dev.antudigital.cl\/sites\/vc\/"},{"@type":"ListItem","position":2,"name":"Con masivas y gratuitas presentaciones Parque Cultural de Valpara\u00edso ya comenz\u00f3 celebraciones de fin de a\u00f1o"}]},{"@type":"WebSite","@id":"https:\/\/dev.antudigital.cl\/sites\/vc\/#website","url":"https:\/\/dev.antudigital.cl\/sites\/vc\/","name":"Valpara\u00ed\u00adso Creativo","description":"","potentialAction":[{"@type":"SearchAction","target":{"@type":"EntryPoint","urlTemplate":"https:\/\/dev.antudigital.cl\/sites\/vc\/?s={search_term_string}"},"query-input":{"@type":"PropertyValueSpecification","valueRequired":true,"valueName":"search_term_string"}}],"inLanguage":"es"},{"@type":"Person","@id":"https:\/\/dev.antudigital.cl\/sites\/vc\/#\/schema\/person\/c2b9da8dd545e27166fc5ab232837318","name":"Valpara\u00edso Creativo","description":"Periodista de cultura en la Regi\u00f3n de Valpara\u00edso.","url":"https:\/\/dev.antudigital.cl\/sites\/vc\/author\/valpoadmin\/"}]}},"_links":{"self":[{"href":"https:\/\/dev.antudigital.cl\/sites\/vc\/wp-json\/wp\/v2\/posts\/21633","targetHints":{"allow":["GET"]}}],"collection":[{"href":"https:\/\/dev.antudigital.cl\/sites\/vc\/wp-json\/wp\/v2\/posts"}],"about":[{"href":"https:\/\/dev.antudigital.cl\/sites\/vc\/wp-json\/wp\/v2\/types\/post"}],"author":[{"embeddable":true,"href":"https:\/\/dev.antudigital.cl\/sites\/vc\/wp-json\/wp\/v2\/users\/1"}],"replies":[{"embeddable":true,"href":"https:\/\/dev.antudigital.cl\/sites\/vc\/wp-json\/wp\/v2\/comments?post=21633"}],"version-history":[{"count":1,"href":"https:\/\/dev.antudigital.cl\/sites\/vc\/wp-json\/wp\/v2\/posts\/21633\/revisions"}],"predecessor-version":[{"id":21636,"href":"https:\/\/dev.antudigital.cl\/sites\/vc\/wp-json\/wp\/v2\/posts\/21633\/revisions\/21636"}],"wp:featuredmedia":[{"embeddable":true,"href":"https:\/\/dev.antudigital.cl\/sites\/vc\/wp-json\/wp\/v2\/media\/21635"}],"wp:attachment":[{"href":"https:\/\/dev.antudigital.cl\/sites\/vc\/wp-json\/wp\/v2\/media?parent=21633"}],"wp:term":[{"taxonomy":"category","embeddable":true,"href":"https:\/\/dev.antudigital.cl\/sites\/vc\/wp-json\/wp\/v2\/categories?post=21633"},{"taxonomy":"post_tag","embeddable":true,"href":"https:\/\/dev.antudigital.cl\/sites\/vc\/wp-json\/wp\/v2\/tags?post=21633"}],"curies":[{"name":"wp","href":"https:\/\/api.w.org\/{rel}","templated":true}]}}