{"id":21637,"date":"2024-12-29T23:11:25","date_gmt":"2024-12-29T23:11:25","guid":{"rendered":"https:\/\/www.valparaisocreativo.cl\/?p=21637"},"modified":"2024-12-29T23:11:41","modified_gmt":"2024-12-29T23:11:41","slug":"insomnia-estrena-el-thriller-nosferatu-de-robert-eggers-y-maria-la-nueva-biopic-de-pablo-larrain","status":"publish","type":"post","link":"https:\/\/dev.antudigital.cl\/sites\/vc\/insomnia-estrena-el-thriller-nosferatu-de-robert-eggers-y-maria-la-nueva-biopic-de-pablo-larrain\/","title":{"rendered":"INSOMNIA estrena el thriller Nosferatu de Robert Eggers y Mar\u00eda la nueva biopic de Pablo Larra\u00edn"},"content":{"rendered":"\n<p>INSOMNIA inaugura el a\u00f1o nuevo con el mejor cine del mundo gracias a las producciones cinematogr\u00e1ficas de Robert Eggers con Nosferatu y del director chileno Pablo Larra\u00edn con Mar\u00eda. Con un exitoso pre-estreno en el Festival de cine de Venecia, Pablo Larra\u00edn nos trae la biograf\u00eda de la cantante de \u00f3pera Mar\u00eda Callas interpretada por la destacada actriz Angelina Jolie quien deslumbra en uno de los mejores roles de su carrera. Este film se estrenar\u00e1 el jueves 2 de enero a las 18:00 hrs.<\/p>\n\n\n\n<p>Mar\u00eda retrata la tumultuosa, bella y tr\u00e1gica historia de la vida de la cantante de \u00f3pera m\u00e1s importante del mundo, revivida y reimaginada durante sus \u00faltimos d\u00edas en el Par\u00eds de los a\u00f1os setenta.&nbsp;Con un gui\u00f3n de Steven Knight y la direcci\u00f3n de Pablo Larra\u00edn, quien ya impact\u00f3 a la audiencia con las biograf\u00edas de Ladi Di (Spencer) y Jacqueline Kennedy Onassis (Jacquie), Mar\u00eda sorprende con una impecable interpretaci\u00f3n de Angelina Jolie junto a Pierfrancesco Favino y Alba Rohrwacher. Adem\u00e1s del d\u00eda del estreno, se proyectar\u00e1 en enero los d\u00edas s\u00e1bado 4 (21:30), domingo 5 (18:00), mi\u00e9rcoles 8 (18:30), s\u00e1bado 11 (15:00) y martes 14 (20:00).<\/p>\n\n\n\n<p>Claudio Pereira, programador de INSOMNIA, destaca de este estreno que: \u201cPablo Larra\u00edn, adem\u00e1s de la filmograf\u00eda que ya conocemos sobre la historia pol\u00edtica&nbsp;de Chile,&nbsp;con excepcionales pel\u00edculas como \u00abTony Manero\u00bb y \u00abEl club\u00bb, trabaje&nbsp;en la biograf\u00eda de mujeres notables de la de la cultura moderna como \u00abJackie\u00bb, \u00abSpencer\u00bb y ahora con \u00abMar\u00eda\u00bb sobre Mar\u00eda Callas. Tambi\u00e9n es indiscutible el equipo y elenco de protagonistas mujeres con las cuales ha trabajado y, en este caso, es una de las figuras \u00edconos de la industria del cine como es Angelina Jolie. Siempre es de alto inter\u00e9s poder ver una nueva pel\u00edcula de Pablo Larra\u00edn, director que se ha posicionado en la industria chilena y global\u201d.<\/p>\n\n\n\n<figure class=\"wp-block-image size-large\"><img fetchpriority=\"high\" decoding=\"async\" width=\"1024\" height=\"576\" src=\"https:\/\/www.valparaisocreativo.cl\/wp-content\/uploads\/2024\/12\/maria-1024x576.jpg\" alt=\"\" class=\"wp-image-21638\" srcset=\"https:\/\/dev.antudigital.cl\/sites\/vc\/wp-content\/uploads\/2024\/12\/maria-1024x576.jpg 1024w, https:\/\/dev.antudigital.cl\/sites\/vc\/wp-content\/uploads\/2024\/12\/maria-300x169.jpg 300w, https:\/\/dev.antudigital.cl\/sites\/vc\/wp-content\/uploads\/2024\/12\/maria-768x432.jpg 768w, https:\/\/dev.antudigital.cl\/sites\/vc\/wp-content\/uploads\/2024\/12\/maria-1080x608.jpg 1080w, https:\/\/dev.antudigital.cl\/sites\/vc\/wp-content\/uploads\/2024\/12\/maria-980x551.jpg 980w, https:\/\/dev.antudigital.cl\/sites\/vc\/wp-content\/uploads\/2024\/12\/maria-480x270.jpg 480w, https:\/\/dev.antudigital.cl\/sites\/vc\/wp-content\/uploads\/2024\/12\/maria-24x14.jpg 24w, https:\/\/dev.antudigital.cl\/sites\/vc\/wp-content\/uploads\/2024\/12\/maria-36x20.jpg 36w, https:\/\/dev.antudigital.cl\/sites\/vc\/wp-content\/uploads\/2024\/12\/maria-48x27.jpg 48w, https:\/\/dev.antudigital.cl\/sites\/vc\/wp-content\/uploads\/2024\/12\/maria.jpg 1280w\" sizes=\"(max-width: 1024px) 100vw, 1024px\" \/><\/figure>\n\n\n\n<p>A su vez, Robert Eggers se atreve a reversionar el cl\u00e1sico mito de Nosferatu del director F.W. Murnau de 1922 y de Herzog en 1979. Su pel\u00edcula Nosferatu tiene en los roles protag\u00f3nicos a Nicholas Hoult, Lily-Rose Depp, Aaron Taylor-Johnson, Emma Corrin, Willem Dafoe y a Bill Skarsg\u00e5rd como el Conde Orlok.<\/p>\n\n\n\n<p>Estrenada mundialmente en Berl\u00edn, esta pel\u00edcula de terror g\u00f3tico es una producci\u00f3n checo-estadounidense escrita y dirigida por Robert Eggers, conocido por sus pel\u00edculas The witch (La bruja) y The lighthouse (El faro). Nosferatu es la historia de un oscuro tr\u00edo rom\u00e1ntico entre una joven (Lily-Rose Depp), su esposo (Nicholas Hoult) y el vampiro que la acecha, el Conde Orlok (Bill Skarsg\u00e5rd).<\/p>\n\n\n\n<p>Para Claudio Pereira, se trata de uno de los directores: \u201cque ha renovado el cine de g\u00e9nero de horror, Robert Eggers, se encarga de realizar una nueva versi\u00f3n de la figura original que abre el inmenso y extraordinario imaginario del cine de vampiros con \u201cNosferatu\u201d. Si ya nos maravillamos con \u00abLa bruja\u00bb, \u00abEl faro\u00bb y \u00abEl hombre del norte\u00bb, sin duda esta pel\u00edcula ser\u00e1 un deleite para quienes amamos esta aterradora presencia que significa el vampiro caminando por ciudades medievales, trayendo la muerte a sus pies y viajando a trav\u00e9s de su sombra proyectada. Con un excepcional grupo de actores como&nbsp;Willem Dafoe (El faro), Lily-Rose Depp y&nbsp;Bill Skarsg\u00e5rd, le vuelve a otorgar la frialdad y oscuridad que merece esta iconogr\u00e1fica figura que encarna los miedos m\u00e1s profundos que atormentan a un mundo sumido en la irracionalidad\u201d.<\/p>\n\n\n\n<p>Asimismo, destac\u00f3 que este estreno: \u201cser\u00e1 acompa\u00f1ado por un especial \u00abVampiros eternos\u00bb que re\u00fane versiones cl\u00e1sicas, posmodernas y contempor\u00e1neas, desde la escalofriante versi\u00f3n de Murnau, las versiones pop del mainstream, hasta animaciones japonesas.&nbsp; Y el Taller de apreciaci\u00f3n cinematogr\u00e1fica \u00abEspanto y seducci\u00f3n\u00bb dedicado al cine de horror, terror y ciencia ficci\u00f3n\u201d.<\/p>\n\n\n\n<p>El rodaje de \u201cNosferatu\u201d se realiz\u00f3 en Praga, incluyendo locaciones como el Castillo de Hunyad en Transilvania, Ruman\u00eda; el Castillo de Pern\u0161tejn, Ro\u017emit\u00e1l pod T\u0159em\u0161\u00ednem y el complejo Invalidovna en Rep\u00fablica Checa. El film se exhibir\u00e1 en INSOMNIA los d\u00edas jueves 2 (20:30), viernes 3 (12:00 y 21:30), s\u00e1bado 4 (19:00), domingo 5 (20:30), mi\u00e9rcoles 8 (21:00), viernes 10 (19:15), domingo 12 (20:30) y mi\u00e9rcoles 15 (21:15). La venta de entradas se realiza presencialmente en boleter\u00eda, para m\u00e1s informaci\u00f3n visita&nbsp;<a href=\"http:\/\/www.insomniacine.cl\/\" target=\"_blank\" rel=\"noreferrer noopener\">www.insomniacine.cl<\/a>.&nbsp;<\/p>\n","protected":false},"excerpt":{"rendered":"<p>INSOMNIA inaugura el a\u00f1o nuevo con el mejor cine del mundo gracias a las producciones cinematogr\u00e1ficas de Robert Eggers con Nosferatu y del director chileno Pablo Larra\u00edn con Mar\u00eda. Con un exitoso pre-estreno en el Festival de cine de Venecia, Pablo Larra\u00edn nos trae la biograf\u00eda de la cantante de \u00f3pera Mar\u00eda Callas interpretada por [&hellip;]<\/p>\n","protected":false},"author":1,"featured_media":21639,"comment_status":"closed","ping_status":"closed","sticky":false,"template":"","format":"standard","meta":{"_acf_changed":false,"footnotes":""},"categories":[8],"tags":[],"class_list":["post-21637","post","type-post","status-publish","format-standard","has-post-thumbnail","hentry","category-noticia"],"acf":[],"yoast_head":"<!-- This site is optimized with the Yoast SEO plugin v27.1.1 - https:\/\/yoast.com\/product\/yoast-seo-wordpress\/ -->\n<title>INSOMNIA estrena el thriller Nosferatu de Robert Eggers y Mar\u00eda la nueva biopic de Pablo Larra\u00edn - Valpara\u00ed\u00adso Creativo<\/title>\n<meta name=\"robots\" content=\"index, follow, max-snippet:-1, max-image-preview:large, max-video-preview:-1\" \/>\n<link rel=\"canonical\" href=\"https:\/\/dev.antudigital.cl\/sites\/vc\/insomnia-estrena-el-thriller-nosferatu-de-robert-eggers-y-maria-la-nueva-biopic-de-pablo-larrain\/\" \/>\n<meta property=\"og:locale\" content=\"es_ES\" \/>\n<meta property=\"og:type\" content=\"article\" \/>\n<meta property=\"og:title\" content=\"INSOMNIA estrena el thriller Nosferatu de Robert Eggers y Mar\u00eda la nueva biopic de Pablo Larra\u00edn - Valpara\u00ed\u00adso Creativo\" \/>\n<meta property=\"og:description\" content=\"INSOMNIA inaugura el a\u00f1o nuevo con el mejor cine del mundo gracias a las producciones cinematogr\u00e1ficas de Robert Eggers con Nosferatu y del director chileno Pablo Larra\u00edn con Mar\u00eda. Con un exitoso pre-estreno en el Festival de cine de Venecia, Pablo Larra\u00edn nos trae la biograf\u00eda de la cantante de \u00f3pera Mar\u00eda Callas interpretada por [&hellip;]\" \/>\n<meta property=\"og:url\" content=\"https:\/\/dev.antudigital.cl\/sites\/vc\/insomnia-estrena-el-thriller-nosferatu-de-robert-eggers-y-maria-la-nueva-biopic-de-pablo-larrain\/\" \/>\n<meta property=\"og:site_name\" content=\"Valpara\u00ed\u00adso Creativo\" \/>\n<meta property=\"article:published_time\" content=\"2024-12-29T23:11:25+00:00\" \/>\n<meta property=\"article:modified_time\" content=\"2024-12-29T23:11:41+00:00\" \/>\n<meta property=\"og:image\" content=\"https:\/\/dev.antudigital.cl\/sites\/vc\/wp-content\/uploads\/2024\/12\/NOSTERATU_FP_00628_R.jpg\" \/>\n\t<meta property=\"og:image:width\" content=\"2400\" \/>\n\t<meta property=\"og:image:height\" content=\"1444\" \/>\n\t<meta property=\"og:image:type\" content=\"image\/jpeg\" \/>\n<meta name=\"author\" content=\"Valpara\u00edso Creativo\" \/>\n<meta name=\"twitter:card\" content=\"summary_large_image\" \/>\n<meta name=\"twitter:label1\" content=\"Escrito por\" \/>\n\t<meta name=\"twitter:data1\" content=\"Valpara\u00edso Creativo\" \/>\n\t<meta name=\"twitter:label2\" content=\"Tiempo de lectura\" \/>\n\t<meta name=\"twitter:data2\" content=\"4 minutos\" \/>\n<script type=\"application\/ld+json\" class=\"yoast-schema-graph\">{\"@context\":\"https:\/\/schema.org\",\"@graph\":[{\"@type\":\"Article\",\"@id\":\"https:\/\/dev.antudigital.cl\/sites\/vc\/insomnia-estrena-el-thriller-nosferatu-de-robert-eggers-y-maria-la-nueva-biopic-de-pablo-larrain\/#article\",\"isPartOf\":{\"@id\":\"https:\/\/dev.antudigital.cl\/sites\/vc\/insomnia-estrena-el-thriller-nosferatu-de-robert-eggers-y-maria-la-nueva-biopic-de-pablo-larrain\/\"},\"author\":{\"name\":\"Valpara\u00edso Creativo\",\"@id\":\"https:\/\/dev.antudigital.cl\/sites\/vc\/#\/schema\/person\/c2b9da8dd545e27166fc5ab232837318\"},\"headline\":\"INSOMNIA estrena el thriller Nosferatu de Robert Eggers y Mar\u00eda la nueva biopic de Pablo Larra\u00edn\",\"datePublished\":\"2024-12-29T23:11:25+00:00\",\"dateModified\":\"2024-12-29T23:11:41+00:00\",\"mainEntityOfPage\":{\"@id\":\"https:\/\/dev.antudigital.cl\/sites\/vc\/insomnia-estrena-el-thriller-nosferatu-de-robert-eggers-y-maria-la-nueva-biopic-de-pablo-larrain\/\"},\"wordCount\":767,\"image\":{\"@id\":\"https:\/\/dev.antudigital.cl\/sites\/vc\/insomnia-estrena-el-thriller-nosferatu-de-robert-eggers-y-maria-la-nueva-biopic-de-pablo-larrain\/#primaryimage\"},\"thumbnailUrl\":\"https:\/\/dev.antudigital.cl\/sites\/vc\/wp-content\/uploads\/2024\/12\/NOSTERATU_FP_00628_R.jpg\",\"articleSection\":[\"Noticia\"],\"inLanguage\":\"es\"},{\"@type\":\"WebPage\",\"@id\":\"https:\/\/dev.antudigital.cl\/sites\/vc\/insomnia-estrena-el-thriller-nosferatu-de-robert-eggers-y-maria-la-nueva-biopic-de-pablo-larrain\/\",\"url\":\"https:\/\/dev.antudigital.cl\/sites\/vc\/insomnia-estrena-el-thriller-nosferatu-de-robert-eggers-y-maria-la-nueva-biopic-de-pablo-larrain\/\",\"name\":\"INSOMNIA estrena el thriller Nosferatu de Robert Eggers y Mar\u00eda la nueva biopic de Pablo Larra\u00edn - Valpara\u00ed\u00adso Creativo\",\"isPartOf\":{\"@id\":\"https:\/\/dev.antudigital.cl\/sites\/vc\/#website\"},\"primaryImageOfPage\":{\"@id\":\"https:\/\/dev.antudigital.cl\/sites\/vc\/insomnia-estrena-el-thriller-nosferatu-de-robert-eggers-y-maria-la-nueva-biopic-de-pablo-larrain\/#primaryimage\"},\"image\":{\"@id\":\"https:\/\/dev.antudigital.cl\/sites\/vc\/insomnia-estrena-el-thriller-nosferatu-de-robert-eggers-y-maria-la-nueva-biopic-de-pablo-larrain\/#primaryimage\"},\"thumbnailUrl\":\"https:\/\/dev.antudigital.cl\/sites\/vc\/wp-content\/uploads\/2024\/12\/NOSTERATU_FP_00628_R.jpg\",\"datePublished\":\"2024-12-29T23:11:25+00:00\",\"dateModified\":\"2024-12-29T23:11:41+00:00\",\"author\":{\"@id\":\"https:\/\/dev.antudigital.cl\/sites\/vc\/#\/schema\/person\/c2b9da8dd545e27166fc5ab232837318\"},\"breadcrumb\":{\"@id\":\"https:\/\/dev.antudigital.cl\/sites\/vc\/insomnia-estrena-el-thriller-nosferatu-de-robert-eggers-y-maria-la-nueva-biopic-de-pablo-larrain\/#breadcrumb\"},\"inLanguage\":\"es\",\"potentialAction\":[{\"@type\":\"ReadAction\",\"target\":[\"https:\/\/dev.antudigital.cl\/sites\/vc\/insomnia-estrena-el-thriller-nosferatu-de-robert-eggers-y-maria-la-nueva-biopic-de-pablo-larrain\/\"]}]},{\"@type\":\"ImageObject\",\"inLanguage\":\"es\",\"@id\":\"https:\/\/dev.antudigital.cl\/sites\/vc\/insomnia-estrena-el-thriller-nosferatu-de-robert-eggers-y-maria-la-nueva-biopic-de-pablo-larrain\/#primaryimage\",\"url\":\"https:\/\/dev.antudigital.cl\/sites\/vc\/wp-content\/uploads\/2024\/12\/NOSTERATU_FP_00628_R.jpg\",\"contentUrl\":\"https:\/\/dev.antudigital.cl\/sites\/vc\/wp-content\/uploads\/2024\/12\/NOSTERATU_FP_00628_R.jpg\",\"width\":2400,\"height\":1444,\"caption\":\"NOSTERATU_FP_00628_R Lily-Rose Depp stars as Ellen Hutter in director Robert Eggers\u2019 NOSFERATU, a Focus Features release. Credit: Courtesy of Focus Features \/ \u00a9 2024 FOCUS FEATURES LLC\"},{\"@type\":\"BreadcrumbList\",\"@id\":\"https:\/\/dev.antudigital.cl\/sites\/vc\/insomnia-estrena-el-thriller-nosferatu-de-robert-eggers-y-maria-la-nueva-biopic-de-pablo-larrain\/#breadcrumb\",\"itemListElement\":[{\"@type\":\"ListItem\",\"position\":1,\"name\":\"Home\",\"item\":\"https:\/\/dev.antudigital.cl\/sites\/vc\/\"},{\"@type\":\"ListItem\",\"position\":2,\"name\":\"INSOMNIA estrena el thriller Nosferatu de Robert Eggers y Mar\u00eda la nueva biopic de Pablo Larra\u00edn\"}]},{\"@type\":\"WebSite\",\"@id\":\"https:\/\/dev.antudigital.cl\/sites\/vc\/#website\",\"url\":\"https:\/\/dev.antudigital.cl\/sites\/vc\/\",\"name\":\"Valpara\u00ed\u00adso Creativo\",\"description\":\"\",\"potentialAction\":[{\"@type\":\"SearchAction\",\"target\":{\"@type\":\"EntryPoint\",\"urlTemplate\":\"https:\/\/dev.antudigital.cl\/sites\/vc\/?s={search_term_string}\"},\"query-input\":{\"@type\":\"PropertyValueSpecification\",\"valueRequired\":true,\"valueName\":\"search_term_string\"}}],\"inLanguage\":\"es\"},{\"@type\":\"Person\",\"@id\":\"https:\/\/dev.antudigital.cl\/sites\/vc\/#\/schema\/person\/c2b9da8dd545e27166fc5ab232837318\",\"name\":\"Valpara\u00edso Creativo\",\"description\":\"Periodista de cultura en la Regi\u00f3n de Valpara\u00edso.\",\"url\":\"https:\/\/dev.antudigital.cl\/sites\/vc\/author\/valpoadmin\/\"}]}<\/script>\n<!-- \/ Yoast SEO plugin. -->","yoast_head_json":{"title":"INSOMNIA estrena el thriller Nosferatu de Robert Eggers y Mar\u00eda la nueva biopic de Pablo Larra\u00edn - Valpara\u00ed\u00adso Creativo","robots":{"index":"index","follow":"follow","max-snippet":"max-snippet:-1","max-image-preview":"max-image-preview:large","max-video-preview":"max-video-preview:-1"},"canonical":"https:\/\/dev.antudigital.cl\/sites\/vc\/insomnia-estrena-el-thriller-nosferatu-de-robert-eggers-y-maria-la-nueva-biopic-de-pablo-larrain\/","og_locale":"es_ES","og_type":"article","og_title":"INSOMNIA estrena el thriller Nosferatu de Robert Eggers y Mar\u00eda la nueva biopic de Pablo Larra\u00edn - Valpara\u00ed\u00adso Creativo","og_description":"INSOMNIA inaugura el a\u00f1o nuevo con el mejor cine del mundo gracias a las producciones cinematogr\u00e1ficas de Robert Eggers con Nosferatu y del director chileno Pablo Larra\u00edn con Mar\u00eda. Con un exitoso pre-estreno en el Festival de cine de Venecia, Pablo Larra\u00edn nos trae la biograf\u00eda de la cantante de \u00f3pera Mar\u00eda Callas interpretada por [&hellip;]","og_url":"https:\/\/dev.antudigital.cl\/sites\/vc\/insomnia-estrena-el-thriller-nosferatu-de-robert-eggers-y-maria-la-nueva-biopic-de-pablo-larrain\/","og_site_name":"Valpara\u00ed\u00adso Creativo","article_published_time":"2024-12-29T23:11:25+00:00","article_modified_time":"2024-12-29T23:11:41+00:00","og_image":[{"width":2400,"height":1444,"url":"https:\/\/dev.antudigital.cl\/sites\/vc\/wp-content\/uploads\/2024\/12\/NOSTERATU_FP_00628_R.jpg","type":"image\/jpeg"}],"author":"Valpara\u00edso Creativo","twitter_card":"summary_large_image","twitter_misc":{"Escrito por":"Valpara\u00edso Creativo","Tiempo de lectura":"4 minutos"},"schema":{"@context":"https:\/\/schema.org","@graph":[{"@type":"Article","@id":"https:\/\/dev.antudigital.cl\/sites\/vc\/insomnia-estrena-el-thriller-nosferatu-de-robert-eggers-y-maria-la-nueva-biopic-de-pablo-larrain\/#article","isPartOf":{"@id":"https:\/\/dev.antudigital.cl\/sites\/vc\/insomnia-estrena-el-thriller-nosferatu-de-robert-eggers-y-maria-la-nueva-biopic-de-pablo-larrain\/"},"author":{"name":"Valpara\u00edso Creativo","@id":"https:\/\/dev.antudigital.cl\/sites\/vc\/#\/schema\/person\/c2b9da8dd545e27166fc5ab232837318"},"headline":"INSOMNIA estrena el thriller Nosferatu de Robert Eggers y Mar\u00eda la nueva biopic de Pablo Larra\u00edn","datePublished":"2024-12-29T23:11:25+00:00","dateModified":"2024-12-29T23:11:41+00:00","mainEntityOfPage":{"@id":"https:\/\/dev.antudigital.cl\/sites\/vc\/insomnia-estrena-el-thriller-nosferatu-de-robert-eggers-y-maria-la-nueva-biopic-de-pablo-larrain\/"},"wordCount":767,"image":{"@id":"https:\/\/dev.antudigital.cl\/sites\/vc\/insomnia-estrena-el-thriller-nosferatu-de-robert-eggers-y-maria-la-nueva-biopic-de-pablo-larrain\/#primaryimage"},"thumbnailUrl":"https:\/\/dev.antudigital.cl\/sites\/vc\/wp-content\/uploads\/2024\/12\/NOSTERATU_FP_00628_R.jpg","articleSection":["Noticia"],"inLanguage":"es"},{"@type":"WebPage","@id":"https:\/\/dev.antudigital.cl\/sites\/vc\/insomnia-estrena-el-thriller-nosferatu-de-robert-eggers-y-maria-la-nueva-biopic-de-pablo-larrain\/","url":"https:\/\/dev.antudigital.cl\/sites\/vc\/insomnia-estrena-el-thriller-nosferatu-de-robert-eggers-y-maria-la-nueva-biopic-de-pablo-larrain\/","name":"INSOMNIA estrena el thriller Nosferatu de Robert Eggers y Mar\u00eda la nueva biopic de Pablo Larra\u00edn - Valpara\u00ed\u00adso Creativo","isPartOf":{"@id":"https:\/\/dev.antudigital.cl\/sites\/vc\/#website"},"primaryImageOfPage":{"@id":"https:\/\/dev.antudigital.cl\/sites\/vc\/insomnia-estrena-el-thriller-nosferatu-de-robert-eggers-y-maria-la-nueva-biopic-de-pablo-larrain\/#primaryimage"},"image":{"@id":"https:\/\/dev.antudigital.cl\/sites\/vc\/insomnia-estrena-el-thriller-nosferatu-de-robert-eggers-y-maria-la-nueva-biopic-de-pablo-larrain\/#primaryimage"},"thumbnailUrl":"https:\/\/dev.antudigital.cl\/sites\/vc\/wp-content\/uploads\/2024\/12\/NOSTERATU_FP_00628_R.jpg","datePublished":"2024-12-29T23:11:25+00:00","dateModified":"2024-12-29T23:11:41+00:00","author":{"@id":"https:\/\/dev.antudigital.cl\/sites\/vc\/#\/schema\/person\/c2b9da8dd545e27166fc5ab232837318"},"breadcrumb":{"@id":"https:\/\/dev.antudigital.cl\/sites\/vc\/insomnia-estrena-el-thriller-nosferatu-de-robert-eggers-y-maria-la-nueva-biopic-de-pablo-larrain\/#breadcrumb"},"inLanguage":"es","potentialAction":[{"@type":"ReadAction","target":["https:\/\/dev.antudigital.cl\/sites\/vc\/insomnia-estrena-el-thriller-nosferatu-de-robert-eggers-y-maria-la-nueva-biopic-de-pablo-larrain\/"]}]},{"@type":"ImageObject","inLanguage":"es","@id":"https:\/\/dev.antudigital.cl\/sites\/vc\/insomnia-estrena-el-thriller-nosferatu-de-robert-eggers-y-maria-la-nueva-biopic-de-pablo-larrain\/#primaryimage","url":"https:\/\/dev.antudigital.cl\/sites\/vc\/wp-content\/uploads\/2024\/12\/NOSTERATU_FP_00628_R.jpg","contentUrl":"https:\/\/dev.antudigital.cl\/sites\/vc\/wp-content\/uploads\/2024\/12\/NOSTERATU_FP_00628_R.jpg","width":2400,"height":1444,"caption":"NOSTERATU_FP_00628_R Lily-Rose Depp stars as Ellen Hutter in director Robert Eggers\u2019 NOSFERATU, a Focus Features release. Credit: Courtesy of Focus Features \/ \u00a9 2024 FOCUS FEATURES LLC"},{"@type":"BreadcrumbList","@id":"https:\/\/dev.antudigital.cl\/sites\/vc\/insomnia-estrena-el-thriller-nosferatu-de-robert-eggers-y-maria-la-nueva-biopic-de-pablo-larrain\/#breadcrumb","itemListElement":[{"@type":"ListItem","position":1,"name":"Home","item":"https:\/\/dev.antudigital.cl\/sites\/vc\/"},{"@type":"ListItem","position":2,"name":"INSOMNIA estrena el thriller Nosferatu de Robert Eggers y Mar\u00eda la nueva biopic de Pablo Larra\u00edn"}]},{"@type":"WebSite","@id":"https:\/\/dev.antudigital.cl\/sites\/vc\/#website","url":"https:\/\/dev.antudigital.cl\/sites\/vc\/","name":"Valpara\u00ed\u00adso Creativo","description":"","potentialAction":[{"@type":"SearchAction","target":{"@type":"EntryPoint","urlTemplate":"https:\/\/dev.antudigital.cl\/sites\/vc\/?s={search_term_string}"},"query-input":{"@type":"PropertyValueSpecification","valueRequired":true,"valueName":"search_term_string"}}],"inLanguage":"es"},{"@type":"Person","@id":"https:\/\/dev.antudigital.cl\/sites\/vc\/#\/schema\/person\/c2b9da8dd545e27166fc5ab232837318","name":"Valpara\u00edso Creativo","description":"Periodista de cultura en la Regi\u00f3n de Valpara\u00edso.","url":"https:\/\/dev.antudigital.cl\/sites\/vc\/author\/valpoadmin\/"}]}},"_links":{"self":[{"href":"https:\/\/dev.antudigital.cl\/sites\/vc\/wp-json\/wp\/v2\/posts\/21637","targetHints":{"allow":["GET"]}}],"collection":[{"href":"https:\/\/dev.antudigital.cl\/sites\/vc\/wp-json\/wp\/v2\/posts"}],"about":[{"href":"https:\/\/dev.antudigital.cl\/sites\/vc\/wp-json\/wp\/v2\/types\/post"}],"author":[{"embeddable":true,"href":"https:\/\/dev.antudigital.cl\/sites\/vc\/wp-json\/wp\/v2\/users\/1"}],"replies":[{"embeddable":true,"href":"https:\/\/dev.antudigital.cl\/sites\/vc\/wp-json\/wp\/v2\/comments?post=21637"}],"version-history":[{"count":1,"href":"https:\/\/dev.antudigital.cl\/sites\/vc\/wp-json\/wp\/v2\/posts\/21637\/revisions"}],"predecessor-version":[{"id":21640,"href":"https:\/\/dev.antudigital.cl\/sites\/vc\/wp-json\/wp\/v2\/posts\/21637\/revisions\/21640"}],"wp:featuredmedia":[{"embeddable":true,"href":"https:\/\/dev.antudigital.cl\/sites\/vc\/wp-json\/wp\/v2\/media\/21639"}],"wp:attachment":[{"href":"https:\/\/dev.antudigital.cl\/sites\/vc\/wp-json\/wp\/v2\/media?parent=21637"}],"wp:term":[{"taxonomy":"category","embeddable":true,"href":"https:\/\/dev.antudigital.cl\/sites\/vc\/wp-json\/wp\/v2\/categories?post=21637"},{"taxonomy":"post_tag","embeddable":true,"href":"https:\/\/dev.antudigital.cl\/sites\/vc\/wp-json\/wp\/v2\/tags?post=21637"}],"curies":[{"name":"wp","href":"https:\/\/api.w.org\/{rel}","templated":true}]}}