{"id":21644,"date":"2024-12-29T23:45:27","date_gmt":"2024-12-29T23:45:27","guid":{"rendered":"https:\/\/www.valparaisocreativo.cl\/?p=21644"},"modified":"2024-12-29T23:45:43","modified_gmt":"2024-12-29T23:45:43","slug":"red-de-salas-de-cine-de-chile-presenta-informe-2023-30-del-publico-de-espacios-independientes-asistio-a-ver-cine-chileno","status":"publish","type":"post","link":"https:\/\/dev.antudigital.cl\/sites\/vc\/red-de-salas-de-cine-de-chile-presenta-informe-2023-30-del-publico-de-espacios-independientes-asistio-a-ver-cine-chileno\/","title":{"rendered":"Red de Salas de Cine de Chile presenta Informe 2023: 30% del p\u00fablico de espacios independientes asisti\u00f3 a ver cine chileno"},"content":{"rendered":"\n<p>La\u00a0<strong>Asociaci\u00f3n Gremial Red de Salas Independientes de Cine de Chile<\/strong>\u00a0public\u00f3 recientemente el<em>\u00a0Informe de Programaci\u00f3n y P\u00fablicos 2023,<\/em>\u00a0realizado con el prop\u00f3sito de compartir informaci\u00f3n relevante sobre la programaci\u00f3n y asistencia de p\u00fablico a sus salas durante el a\u00f1o 2023. El documento, elaborado gracias al financiamiento del Ministerio de las Culturas, las Artes y el Patrimonio a trav\u00e9s de su Programa de Apoyo a Organizaciones Culturales Colaboradoras, arroj\u00f3 datos relevantes como el origen de las pel\u00edculas y el porcentaje de cine chileno programado en las salas independientes de cine, as\u00ed como la asistencia y preferencias del p\u00fablico.<\/p>\n\n\n\n<p>\u201cDurante todo el a\u00f1o, las diecis\u00e9is salas asociadas a la Red levantaron reportes mensuales de programaci\u00f3n y asistencia. Estos datos son un insumo fundamental no s\u00f3lo para entender el comportamiento de los p\u00fablicos, sino tambi\u00e9n para construir una base s\u00f3lida para el dise\u00f1o program\u00e1tico y la planificaci\u00f3n estrat\u00e9gica, tanto como Asociaci\u00f3n Gremial como para cada una de las salas participantes. Nuestra meta es seguir perfeccionando estas herramientas para aportar al desarrollo de la exhibici\u00f3n independiente de cine en Chile y el conocimiento de nuestro ecosistema audiovisual\u201d, destac\u00f3&nbsp;<strong>Daniela Fuentes Posada, coordinadora de la Red de Salas.<\/strong><\/p>\n\n\n\n<p>Entre los hallazgos destacados, se observa que un 30% del p\u00fablico total que asisti\u00f3 a las 6.710 funciones programadas por la Red de Salas durante el 2023, eligi\u00f3 ver cine chileno. Este dato se contrapone, a nivel porcentual, al 2,5% del p\u00fablico que asisti\u00f3 a ver pel\u00edculas nacionales en salas comerciales durante el mismo per\u00edodo. En cuanto a programaci\u00f3n, en los espacios de exhibici\u00f3n independientes se program\u00f3 un 29% de cine chileno, en contraste con las salas comerciales, que programaron un 8,4% ese a\u00f1o.<\/p>\n\n\n\n<figure class=\"wp-block-image size-large\"><img fetchpriority=\"high\" decoding=\"async\" width=\"1024\" height=\"768\" src=\"https:\/\/www.valparaisocreativo.cl\/wp-content\/uploads\/2024\/12\/P4-1024x768.jpg\" alt=\"\" class=\"wp-image-21645\" srcset=\"https:\/\/dev.antudigital.cl\/sites\/vc\/wp-content\/uploads\/2024\/12\/P4-1024x768.jpg 1024w, https:\/\/dev.antudigital.cl\/sites\/vc\/wp-content\/uploads\/2024\/12\/P4-300x225.jpg 300w, https:\/\/dev.antudigital.cl\/sites\/vc\/wp-content\/uploads\/2024\/12\/P4-768x576.jpg 768w, https:\/\/dev.antudigital.cl\/sites\/vc\/wp-content\/uploads\/2024\/12\/P4-1536x1152.jpg 1536w, https:\/\/dev.antudigital.cl\/sites\/vc\/wp-content\/uploads\/2024\/12\/P4-2048x1536.jpg 2048w, https:\/\/dev.antudigital.cl\/sites\/vc\/wp-content\/uploads\/2024\/12\/P4-510x382.jpg 510w, https:\/\/dev.antudigital.cl\/sites\/vc\/wp-content\/uploads\/2024\/12\/P4-1080x810.jpg 1080w, https:\/\/dev.antudigital.cl\/sites\/vc\/wp-content\/uploads\/2024\/12\/P4-1280x960.jpg 1280w, https:\/\/dev.antudigital.cl\/sites\/vc\/wp-content\/uploads\/2024\/12\/P4-980x735.jpg 980w, https:\/\/dev.antudigital.cl\/sites\/vc\/wp-content\/uploads\/2024\/12\/P4-480x360.jpg 480w, https:\/\/dev.antudigital.cl\/sites\/vc\/wp-content\/uploads\/2024\/12\/P4-24x18.jpg 24w, https:\/\/dev.antudigital.cl\/sites\/vc\/wp-content\/uploads\/2024\/12\/P4-36x27.jpg 36w, https:\/\/dev.antudigital.cl\/sites\/vc\/wp-content\/uploads\/2024\/12\/P4-48x36.jpg 48w\" sizes=\"(max-width: 1024px) 100vw, 1024px\" \/><\/figure>\n\n\n\n<p>La pel\u00edcula m\u00e1s vista en las salas de la Red fue&nbsp;<em>La memoria infinita<\/em>, dirigida por Maite Alberti. El largometraje nominado al \u00d3scar como Mejor Pel\u00edcula Documental, logr\u00f3 llevar 6.374 asistentes a los espacios de exhibici\u00f3n independientes, seguida por&nbsp;<em>Barbie<\/em>&nbsp;(Dir. Greta Gerwig, EEUU, 2023), con 5.544 asistentes; y&nbsp;<em>Oppenheimer&nbsp;<\/em>(Dir. Christopher Nolan, EEUU, 2023), con 5.417 asistentes, en las distintas salas de la Red.<\/p>\n\n\n\n<p>A nivel latinoamericano, sin contar las producciones nacionales, las pel\u00edculas m\u00e1s programadas fueron de origen Argentino (43%). Le siguen Brasil (14%), Colombia y M\u00e9xico (ambos con 11%); y los g\u00e9neros m\u00e1s vistos fueron Drama (40%), Documental (15%) y Animaci\u00f3n (15%).<\/p>\n\n\n\n<p>Por otro lado, el informe da cuenta de la preferencia del p\u00fablico a la hora de asistir a las salas independientes, ya sea en relaci\u00f3n al g\u00e9nero de la pel\u00edcula escogida o los meses, d\u00edas y horarios m\u00e1s concurridos. Los S\u00e1bados (21%), Jueves (16%) y Viernes (15%) fueron los d\u00edas favoritos de las audiencias para ir al cine y el horario de mayor preferencia fue el de las 19:00 (25%). En cuanto a los meses del a\u00f1o, Julio (12%), Mayo (11%) y Agosto (10%) fueron los meses con mayor asistencia a las salas; Diciembre (5%) y Febrero (6%), los m\u00e1s bajos.<\/p>\n\n\n\n<p>Lista de espacios asociados a la Red de Salas de Cine al 2023:<\/p>\n\n\n\n<p>\u2022\u2060 Centro MB2 de Arica<br>\u2022\u2060 Esquina Retornable de Antofagasta<br>\u2022\u2060 Sala Latente de La Serena<br>\u2022\u2060 Insomnia Teatro Condell de Valpara\u00edso<br>\u2022\u2060 CasaVerde de Los Andes<br>\u2022\u2060 Centro Cultural San Antonio de San Antonio<br>\u2022\u2060 Cineteca Nacional de Chile de Santiago<br>\u2022\u2060 Centro Arte Alameda de Santiago<br>\u2022\u2060 Sala K de Santiago y Maip\u00fa<br>\u2022\u2060 Sala Nemesio de La Reina<br>\u2022\u2060 EXT UCM de Talca<br>\u2022\u2060 Sala Cinec\u00f3n de Constituci\u00f3n<br>\u2022\u2060 Cine Club UACh de Valdivia<br>\u2022\u2060 -1 CINE de Puerto Varas<br>\u2022\u2060 Sala Mafalda Mora. Casa del Arte Diego Rivera de Puerto Montt<br>\u2022\u2060 Centro Cultural Coyhaique de Coyhaique<\/p>\n\n\n\n<p><strong>El<em>&nbsp;Informe de Programaci\u00f3n y P\u00fablicos 2023<\/em>&nbsp;fue desarrollado por la Asociaci\u00f3n Gremial Red de Salas Independientes de Cine de Chile gracias al financiamiento del Ministerio de las Culturas, las Artes y el Patrimonio a trav\u00e9s de su Programa de Apoyo a Organizaciones Culturales Colaboradoras, PAOCC, convocatoria 2023.<\/strong><\/p>\n\n\n\n<p><strong>Informe completo disponible en&nbsp;<\/strong><a href=\"http:\/\/redsalasdecine.cl\/\" target=\"_blank\" rel=\"noreferrer noopener\"><strong>redsalasdecine.cl&nbsp;<\/strong><\/a><\/p>\n","protected":false},"excerpt":{"rendered":"<p>La\u00a0Asociaci\u00f3n Gremial Red de Salas Independientes de Cine de Chile\u00a0public\u00f3 recientemente el\u00a0Informe de Programaci\u00f3n y P\u00fablicos 2023,\u00a0realizado con el prop\u00f3sito de compartir informaci\u00f3n relevante sobre la programaci\u00f3n y asistencia de p\u00fablico a sus salas durante el a\u00f1o 2023. El documento, elaborado gracias al financiamiento del Ministerio de las Culturas, las Artes y el Patrimonio a [&hellip;]<\/p>\n","protected":false},"author":1,"featured_media":21646,"comment_status":"closed","ping_status":"closed","sticky":false,"template":"","format":"standard","meta":{"_acf_changed":false,"footnotes":""},"categories":[8],"tags":[],"class_list":["post-21644","post","type-post","status-publish","format-standard","has-post-thumbnail","hentry","category-noticia"],"acf":[],"yoast_head":"<!-- This site is optimized with the Yoast SEO plugin v27.1.1 - https:\/\/yoast.com\/product\/yoast-seo-wordpress\/ -->\n<title>Red de Salas de Cine de Chile presenta Informe 2023: 30% del p\u00fablico de espacios independientes asisti\u00f3 a ver cine chileno - Valpara\u00ed\u00adso Creativo<\/title>\n<meta name=\"robots\" content=\"index, follow, max-snippet:-1, max-image-preview:large, max-video-preview:-1\" \/>\n<link rel=\"canonical\" href=\"https:\/\/dev.antudigital.cl\/sites\/vc\/red-de-salas-de-cine-de-chile-presenta-informe-2023-30-del-publico-de-espacios-independientes-asistio-a-ver-cine-chileno\/\" \/>\n<meta property=\"og:locale\" content=\"es_ES\" \/>\n<meta property=\"og:type\" content=\"article\" \/>\n<meta property=\"og:title\" content=\"Red de Salas de Cine de Chile presenta Informe 2023: 30% del p\u00fablico de espacios independientes asisti\u00f3 a ver cine chileno - Valpara\u00ed\u00adso Creativo\" \/>\n<meta property=\"og:description\" content=\"La\u00a0Asociaci\u00f3n Gremial Red de Salas Independientes de Cine de Chile\u00a0public\u00f3 recientemente el\u00a0Informe de Programaci\u00f3n y P\u00fablicos 2023,\u00a0realizado con el prop\u00f3sito de compartir informaci\u00f3n relevante sobre la programaci\u00f3n y asistencia de p\u00fablico a sus salas durante el a\u00f1o 2023. El documento, elaborado gracias al financiamiento del Ministerio de las Culturas, las Artes y el Patrimonio a [&hellip;]\" \/>\n<meta property=\"og:url\" content=\"https:\/\/dev.antudigital.cl\/sites\/vc\/red-de-salas-de-cine-de-chile-presenta-informe-2023-30-del-publico-de-espacios-independientes-asistio-a-ver-cine-chileno\/\" \/>\n<meta property=\"og:site_name\" content=\"Valpara\u00ed\u00adso Creativo\" \/>\n<meta property=\"article:published_time\" content=\"2024-12-29T23:45:27+00:00\" \/>\n<meta property=\"article:modified_time\" content=\"2024-12-29T23:45:43+00:00\" \/>\n<meta property=\"og:image\" content=\"https:\/\/dev.antudigital.cl\/sites\/vc\/wp-content\/uploads\/2024\/12\/P3.jpg\" \/>\n\t<meta property=\"og:image:width\" content=\"2560\" \/>\n\t<meta property=\"og:image:height\" content=\"1706\" \/>\n\t<meta property=\"og:image:type\" content=\"image\/jpeg\" \/>\n<meta name=\"author\" content=\"Valpara\u00edso Creativo\" \/>\n<meta name=\"twitter:card\" content=\"summary_large_image\" \/>\n<meta name=\"twitter:label1\" content=\"Escrito por\" \/>\n\t<meta name=\"twitter:data1\" content=\"Valpara\u00edso Creativo\" \/>\n\t<meta name=\"twitter:label2\" content=\"Tiempo de lectura\" \/>\n\t<meta name=\"twitter:data2\" content=\"4 minutos\" \/>\n<script type=\"application\/ld+json\" class=\"yoast-schema-graph\">{\"@context\":\"https:\/\/schema.org\",\"@graph\":[{\"@type\":\"Article\",\"@id\":\"https:\/\/dev.antudigital.cl\/sites\/vc\/red-de-salas-de-cine-de-chile-presenta-informe-2023-30-del-publico-de-espacios-independientes-asistio-a-ver-cine-chileno\/#article\",\"isPartOf\":{\"@id\":\"https:\/\/dev.antudigital.cl\/sites\/vc\/red-de-salas-de-cine-de-chile-presenta-informe-2023-30-del-publico-de-espacios-independientes-asistio-a-ver-cine-chileno\/\"},\"author\":{\"name\":\"Valpara\u00edso Creativo\",\"@id\":\"https:\/\/dev.antudigital.cl\/sites\/vc\/#\/schema\/person\/c2b9da8dd545e27166fc5ab232837318\"},\"headline\":\"Red de Salas de Cine de Chile presenta Informe 2023: 30% del p\u00fablico de espacios independientes asisti\u00f3 a ver cine chileno\",\"datePublished\":\"2024-12-29T23:45:27+00:00\",\"dateModified\":\"2024-12-29T23:45:43+00:00\",\"mainEntityOfPage\":{\"@id\":\"https:\/\/dev.antudigital.cl\/sites\/vc\/red-de-salas-de-cine-de-chile-presenta-informe-2023-30-del-publico-de-espacios-independientes-asistio-a-ver-cine-chileno\/\"},\"wordCount\":693,\"image\":{\"@id\":\"https:\/\/dev.antudigital.cl\/sites\/vc\/red-de-salas-de-cine-de-chile-presenta-informe-2023-30-del-publico-de-espacios-independientes-asistio-a-ver-cine-chileno\/#primaryimage\"},\"thumbnailUrl\":\"https:\/\/dev.antudigital.cl\/sites\/vc\/wp-content\/uploads\/2024\/12\/P3.jpg\",\"articleSection\":[\"Noticia\"],\"inLanguage\":\"es\"},{\"@type\":\"WebPage\",\"@id\":\"https:\/\/dev.antudigital.cl\/sites\/vc\/red-de-salas-de-cine-de-chile-presenta-informe-2023-30-del-publico-de-espacios-independientes-asistio-a-ver-cine-chileno\/\",\"url\":\"https:\/\/dev.antudigital.cl\/sites\/vc\/red-de-salas-de-cine-de-chile-presenta-informe-2023-30-del-publico-de-espacios-independientes-asistio-a-ver-cine-chileno\/\",\"name\":\"Red de Salas de Cine de Chile presenta Informe 2023: 30% del p\u00fablico de espacios independientes asisti\u00f3 a ver cine chileno - Valpara\u00ed\u00adso Creativo\",\"isPartOf\":{\"@id\":\"https:\/\/dev.antudigital.cl\/sites\/vc\/#website\"},\"primaryImageOfPage\":{\"@id\":\"https:\/\/dev.antudigital.cl\/sites\/vc\/red-de-salas-de-cine-de-chile-presenta-informe-2023-30-del-publico-de-espacios-independientes-asistio-a-ver-cine-chileno\/#primaryimage\"},\"image\":{\"@id\":\"https:\/\/dev.antudigital.cl\/sites\/vc\/red-de-salas-de-cine-de-chile-presenta-informe-2023-30-del-publico-de-espacios-independientes-asistio-a-ver-cine-chileno\/#primaryimage\"},\"thumbnailUrl\":\"https:\/\/dev.antudigital.cl\/sites\/vc\/wp-content\/uploads\/2024\/12\/P3.jpg\",\"datePublished\":\"2024-12-29T23:45:27+00:00\",\"dateModified\":\"2024-12-29T23:45:43+00:00\",\"author\":{\"@id\":\"https:\/\/dev.antudigital.cl\/sites\/vc\/#\/schema\/person\/c2b9da8dd545e27166fc5ab232837318\"},\"breadcrumb\":{\"@id\":\"https:\/\/dev.antudigital.cl\/sites\/vc\/red-de-salas-de-cine-de-chile-presenta-informe-2023-30-del-publico-de-espacios-independientes-asistio-a-ver-cine-chileno\/#breadcrumb\"},\"inLanguage\":\"es\",\"potentialAction\":[{\"@type\":\"ReadAction\",\"target\":[\"https:\/\/dev.antudigital.cl\/sites\/vc\/red-de-salas-de-cine-de-chile-presenta-informe-2023-30-del-publico-de-espacios-independientes-asistio-a-ver-cine-chileno\/\"]}]},{\"@type\":\"ImageObject\",\"inLanguage\":\"es\",\"@id\":\"https:\/\/dev.antudigital.cl\/sites\/vc\/red-de-salas-de-cine-de-chile-presenta-informe-2023-30-del-publico-de-espacios-independientes-asistio-a-ver-cine-chileno\/#primaryimage\",\"url\":\"https:\/\/dev.antudigital.cl\/sites\/vc\/wp-content\/uploads\/2024\/12\/P3.jpg\",\"contentUrl\":\"https:\/\/dev.antudigital.cl\/sites\/vc\/wp-content\/uploads\/2024\/12\/P3.jpg\",\"width\":2560,\"height\":1706},{\"@type\":\"BreadcrumbList\",\"@id\":\"https:\/\/dev.antudigital.cl\/sites\/vc\/red-de-salas-de-cine-de-chile-presenta-informe-2023-30-del-publico-de-espacios-independientes-asistio-a-ver-cine-chileno\/#breadcrumb\",\"itemListElement\":[{\"@type\":\"ListItem\",\"position\":1,\"name\":\"Home\",\"item\":\"https:\/\/dev.antudigital.cl\/sites\/vc\/\"},{\"@type\":\"ListItem\",\"position\":2,\"name\":\"Red de Salas de Cine de Chile presenta Informe 2023: 30% del p\u00fablico de espacios independientes asisti\u00f3 a ver cine chileno\"}]},{\"@type\":\"WebSite\",\"@id\":\"https:\/\/dev.antudigital.cl\/sites\/vc\/#website\",\"url\":\"https:\/\/dev.antudigital.cl\/sites\/vc\/\",\"name\":\"Valpara\u00ed\u00adso Creativo\",\"description\":\"\",\"potentialAction\":[{\"@type\":\"SearchAction\",\"target\":{\"@type\":\"EntryPoint\",\"urlTemplate\":\"https:\/\/dev.antudigital.cl\/sites\/vc\/?s={search_term_string}\"},\"query-input\":{\"@type\":\"PropertyValueSpecification\",\"valueRequired\":true,\"valueName\":\"search_term_string\"}}],\"inLanguage\":\"es\"},{\"@type\":\"Person\",\"@id\":\"https:\/\/dev.antudigital.cl\/sites\/vc\/#\/schema\/person\/c2b9da8dd545e27166fc5ab232837318\",\"name\":\"Valpara\u00edso Creativo\",\"description\":\"Periodista de cultura en la Regi\u00f3n de Valpara\u00edso.\",\"url\":\"https:\/\/dev.antudigital.cl\/sites\/vc\/author\/valpoadmin\/\"}]}<\/script>\n<!-- \/ Yoast SEO plugin. -->","yoast_head_json":{"title":"Red de Salas de Cine de Chile presenta Informe 2023: 30% del p\u00fablico de espacios independientes asisti\u00f3 a ver cine chileno - Valpara\u00ed\u00adso Creativo","robots":{"index":"index","follow":"follow","max-snippet":"max-snippet:-1","max-image-preview":"max-image-preview:large","max-video-preview":"max-video-preview:-1"},"canonical":"https:\/\/dev.antudigital.cl\/sites\/vc\/red-de-salas-de-cine-de-chile-presenta-informe-2023-30-del-publico-de-espacios-independientes-asistio-a-ver-cine-chileno\/","og_locale":"es_ES","og_type":"article","og_title":"Red de Salas de Cine de Chile presenta Informe 2023: 30% del p\u00fablico de espacios independientes asisti\u00f3 a ver cine chileno - Valpara\u00ed\u00adso Creativo","og_description":"La\u00a0Asociaci\u00f3n Gremial Red de Salas Independientes de Cine de Chile\u00a0public\u00f3 recientemente el\u00a0Informe de Programaci\u00f3n y P\u00fablicos 2023,\u00a0realizado con el prop\u00f3sito de compartir informaci\u00f3n relevante sobre la programaci\u00f3n y asistencia de p\u00fablico a sus salas durante el a\u00f1o 2023. El documento, elaborado gracias al financiamiento del Ministerio de las Culturas, las Artes y el Patrimonio a [&hellip;]","og_url":"https:\/\/dev.antudigital.cl\/sites\/vc\/red-de-salas-de-cine-de-chile-presenta-informe-2023-30-del-publico-de-espacios-independientes-asistio-a-ver-cine-chileno\/","og_site_name":"Valpara\u00ed\u00adso Creativo","article_published_time":"2024-12-29T23:45:27+00:00","article_modified_time":"2024-12-29T23:45:43+00:00","og_image":[{"width":2560,"height":1706,"url":"https:\/\/dev.antudigital.cl\/sites\/vc\/wp-content\/uploads\/2024\/12\/P3.jpg","type":"image\/jpeg"}],"author":"Valpara\u00edso Creativo","twitter_card":"summary_large_image","twitter_misc":{"Escrito por":"Valpara\u00edso Creativo","Tiempo de lectura":"4 minutos"},"schema":{"@context":"https:\/\/schema.org","@graph":[{"@type":"Article","@id":"https:\/\/dev.antudigital.cl\/sites\/vc\/red-de-salas-de-cine-de-chile-presenta-informe-2023-30-del-publico-de-espacios-independientes-asistio-a-ver-cine-chileno\/#article","isPartOf":{"@id":"https:\/\/dev.antudigital.cl\/sites\/vc\/red-de-salas-de-cine-de-chile-presenta-informe-2023-30-del-publico-de-espacios-independientes-asistio-a-ver-cine-chileno\/"},"author":{"name":"Valpara\u00edso Creativo","@id":"https:\/\/dev.antudigital.cl\/sites\/vc\/#\/schema\/person\/c2b9da8dd545e27166fc5ab232837318"},"headline":"Red de Salas de Cine de Chile presenta Informe 2023: 30% del p\u00fablico de espacios independientes asisti\u00f3 a ver cine chileno","datePublished":"2024-12-29T23:45:27+00:00","dateModified":"2024-12-29T23:45:43+00:00","mainEntityOfPage":{"@id":"https:\/\/dev.antudigital.cl\/sites\/vc\/red-de-salas-de-cine-de-chile-presenta-informe-2023-30-del-publico-de-espacios-independientes-asistio-a-ver-cine-chileno\/"},"wordCount":693,"image":{"@id":"https:\/\/dev.antudigital.cl\/sites\/vc\/red-de-salas-de-cine-de-chile-presenta-informe-2023-30-del-publico-de-espacios-independientes-asistio-a-ver-cine-chileno\/#primaryimage"},"thumbnailUrl":"https:\/\/dev.antudigital.cl\/sites\/vc\/wp-content\/uploads\/2024\/12\/P3.jpg","articleSection":["Noticia"],"inLanguage":"es"},{"@type":"WebPage","@id":"https:\/\/dev.antudigital.cl\/sites\/vc\/red-de-salas-de-cine-de-chile-presenta-informe-2023-30-del-publico-de-espacios-independientes-asistio-a-ver-cine-chileno\/","url":"https:\/\/dev.antudigital.cl\/sites\/vc\/red-de-salas-de-cine-de-chile-presenta-informe-2023-30-del-publico-de-espacios-independientes-asistio-a-ver-cine-chileno\/","name":"Red de Salas de Cine de Chile presenta Informe 2023: 30% del p\u00fablico de espacios independientes asisti\u00f3 a ver cine chileno - Valpara\u00ed\u00adso Creativo","isPartOf":{"@id":"https:\/\/dev.antudigital.cl\/sites\/vc\/#website"},"primaryImageOfPage":{"@id":"https:\/\/dev.antudigital.cl\/sites\/vc\/red-de-salas-de-cine-de-chile-presenta-informe-2023-30-del-publico-de-espacios-independientes-asistio-a-ver-cine-chileno\/#primaryimage"},"image":{"@id":"https:\/\/dev.antudigital.cl\/sites\/vc\/red-de-salas-de-cine-de-chile-presenta-informe-2023-30-del-publico-de-espacios-independientes-asistio-a-ver-cine-chileno\/#primaryimage"},"thumbnailUrl":"https:\/\/dev.antudigital.cl\/sites\/vc\/wp-content\/uploads\/2024\/12\/P3.jpg","datePublished":"2024-12-29T23:45:27+00:00","dateModified":"2024-12-29T23:45:43+00:00","author":{"@id":"https:\/\/dev.antudigital.cl\/sites\/vc\/#\/schema\/person\/c2b9da8dd545e27166fc5ab232837318"},"breadcrumb":{"@id":"https:\/\/dev.antudigital.cl\/sites\/vc\/red-de-salas-de-cine-de-chile-presenta-informe-2023-30-del-publico-de-espacios-independientes-asistio-a-ver-cine-chileno\/#breadcrumb"},"inLanguage":"es","potentialAction":[{"@type":"ReadAction","target":["https:\/\/dev.antudigital.cl\/sites\/vc\/red-de-salas-de-cine-de-chile-presenta-informe-2023-30-del-publico-de-espacios-independientes-asistio-a-ver-cine-chileno\/"]}]},{"@type":"ImageObject","inLanguage":"es","@id":"https:\/\/dev.antudigital.cl\/sites\/vc\/red-de-salas-de-cine-de-chile-presenta-informe-2023-30-del-publico-de-espacios-independientes-asistio-a-ver-cine-chileno\/#primaryimage","url":"https:\/\/dev.antudigital.cl\/sites\/vc\/wp-content\/uploads\/2024\/12\/P3.jpg","contentUrl":"https:\/\/dev.antudigital.cl\/sites\/vc\/wp-content\/uploads\/2024\/12\/P3.jpg","width":2560,"height":1706},{"@type":"BreadcrumbList","@id":"https:\/\/dev.antudigital.cl\/sites\/vc\/red-de-salas-de-cine-de-chile-presenta-informe-2023-30-del-publico-de-espacios-independientes-asistio-a-ver-cine-chileno\/#breadcrumb","itemListElement":[{"@type":"ListItem","position":1,"name":"Home","item":"https:\/\/dev.antudigital.cl\/sites\/vc\/"},{"@type":"ListItem","position":2,"name":"Red de Salas de Cine de Chile presenta Informe 2023: 30% del p\u00fablico de espacios independientes asisti\u00f3 a ver cine chileno"}]},{"@type":"WebSite","@id":"https:\/\/dev.antudigital.cl\/sites\/vc\/#website","url":"https:\/\/dev.antudigital.cl\/sites\/vc\/","name":"Valpara\u00ed\u00adso Creativo","description":"","potentialAction":[{"@type":"SearchAction","target":{"@type":"EntryPoint","urlTemplate":"https:\/\/dev.antudigital.cl\/sites\/vc\/?s={search_term_string}"},"query-input":{"@type":"PropertyValueSpecification","valueRequired":true,"valueName":"search_term_string"}}],"inLanguage":"es"},{"@type":"Person","@id":"https:\/\/dev.antudigital.cl\/sites\/vc\/#\/schema\/person\/c2b9da8dd545e27166fc5ab232837318","name":"Valpara\u00edso Creativo","description":"Periodista de cultura en la Regi\u00f3n de Valpara\u00edso.","url":"https:\/\/dev.antudigital.cl\/sites\/vc\/author\/valpoadmin\/"}]}},"_links":{"self":[{"href":"https:\/\/dev.antudigital.cl\/sites\/vc\/wp-json\/wp\/v2\/posts\/21644","targetHints":{"allow":["GET"]}}],"collection":[{"href":"https:\/\/dev.antudigital.cl\/sites\/vc\/wp-json\/wp\/v2\/posts"}],"about":[{"href":"https:\/\/dev.antudigital.cl\/sites\/vc\/wp-json\/wp\/v2\/types\/post"}],"author":[{"embeddable":true,"href":"https:\/\/dev.antudigital.cl\/sites\/vc\/wp-json\/wp\/v2\/users\/1"}],"replies":[{"embeddable":true,"href":"https:\/\/dev.antudigital.cl\/sites\/vc\/wp-json\/wp\/v2\/comments?post=21644"}],"version-history":[{"count":1,"href":"https:\/\/dev.antudigital.cl\/sites\/vc\/wp-json\/wp\/v2\/posts\/21644\/revisions"}],"predecessor-version":[{"id":21647,"href":"https:\/\/dev.antudigital.cl\/sites\/vc\/wp-json\/wp\/v2\/posts\/21644\/revisions\/21647"}],"wp:featuredmedia":[{"embeddable":true,"href":"https:\/\/dev.antudigital.cl\/sites\/vc\/wp-json\/wp\/v2\/media\/21646"}],"wp:attachment":[{"href":"https:\/\/dev.antudigital.cl\/sites\/vc\/wp-json\/wp\/v2\/media?parent=21644"}],"wp:term":[{"taxonomy":"category","embeddable":true,"href":"https:\/\/dev.antudigital.cl\/sites\/vc\/wp-json\/wp\/v2\/categories?post=21644"},{"taxonomy":"post_tag","embeddable":true,"href":"https:\/\/dev.antudigital.cl\/sites\/vc\/wp-json\/wp\/v2\/tags?post=21644"}],"curies":[{"name":"wp","href":"https:\/\/api.w.org\/{rel}","templated":true}]}}