{"id":21674,"date":"2024-10-28T21:47:00","date_gmt":"2024-10-28T21:47:00","guid":{"rendered":"https:\/\/www.valparaisocreativo.cl\/?p=21674"},"modified":"2025-01-02T21:50:26","modified_gmt":"2025-01-02T21:50:26","slug":"tacto-editora-llega-a-valparaiso-para-presentar-su-nuevo-proyecto-de-fotolibros-en-fifv-2024","status":"publish","type":"post","link":"https:\/\/dev.antudigital.cl\/sites\/vc\/tacto-editora-llega-a-valparaiso-para-presentar-su-nuevo-proyecto-de-fotolibros-en-fifv-2024\/","title":{"rendered":"Tacto Editora llega a Valpara\u00edso para presentar su nuevo proyecto de fotolibros en FIFV 2024"},"content":{"rendered":"\n<p>Este domingo 3 de noviembre, Catalina Juger, fot\u00f3grafa y fundadora de Tacto Editora, se presentar\u00e1 a las 19:45 hrs. en la Sala Negra de la Escuela de Teatro de la Universidad de Valpara\u00edso a ra\u00edz de este nuevo proyecto editorial. El lanzamiento se realiza en el marco de la 15\u00aa edici\u00f3n del Festival Internacional de Fotograf\u00eda en Valpara\u00edso (FIFV).<\/p>\n\n\n\n<p>A trav\u00e9s de una actividad gratuita, Tacto Editora comentar\u00e1 su visi\u00f3n y tambi\u00e9n podr\u00e1n mostrar los dos t\u00edtulos que ya tiene esta nueva editorial dedicada a los fotolibros.<\/p>\n\n\n\n<p>Tacto Editora nace impulsado por la fot\u00f3grafa Catalina Juger para, mediante un formato f\u00edsico, entrelazar texto e imagen, convirtiendo al fotolibro en un espacio de introspecci\u00f3n. Desde esta intenci\u00f3n se busca construir un proceso editorial en el que cada libro representa un universo sensorial y personal. Su primera publicaci\u00f3n fue fruto de una colaboraci\u00f3n con editorial&nbsp;<em>Buen Lugar<\/em>, buscando a trav\u00e9s de cada detalle enriquecer la experiencia del lector.<\/p>\n\n\n\n<p><strong>\u201cEl cielo se ha vuelto rojo\u201d<\/strong><\/p>\n\n\n\n<p><em>El cielo se ha vuelto rojo<\/em>&nbsp;es el primer t\u00edtulo de Tacto Editora y que surge de esta colaboraci\u00f3n antes mencionada, un fotolibro \u00edntimo y po\u00e9tico que invita a explorar los matices de las relaciones sexoafectivas y las complejidades emocionales.<\/p>\n\n\n\n<p>Esta publicaci\u00f3n de 88 p\u00e1ginas explora el concepto del amor, centr\u00e1ndose en una en la que la ambig\u00fcedad es un factor crucial. Catalina Juger comparte c\u00f3mo esta relaci\u00f3n se transform\u00f3 en un proceso creativo de a\u00f1os, plasm\u00e1ndolo&nbsp; en fotograf\u00edas y textos. La publicaci\u00f3n destaca por su formato compacto (12 x 16 cm), invitando al lector a una experiencia t\u00e1ctil y visual.<\/p>\n\n\n\n<p>Sobre el fotolibro, Juger comenta que: \u201cAborda y, al mismo tiempo, no aborda una relaci\u00f3n. Est\u00e1 constru\u00eddo desde algo ambiguo. El trabajo en s\u00ed tiene una especie de velo, pues as\u00ed fue esa experiencia afectiva\u201d.<\/p>\n\n\n\n<p><\/p>\n\n\n\n<figure class=\"wp-block-image size-full\"><img fetchpriority=\"high\" decoding=\"async\" width=\"583\" height=\"874\" src=\"https:\/\/www.valparaisocreativo.cl\/wp-content\/uploads\/2025\/01\/El-cielo-se-ha-vuelto-rojo-3.jpg\" alt=\"\" class=\"wp-image-21676\" srcset=\"https:\/\/dev.antudigital.cl\/sites\/vc\/wp-content\/uploads\/2025\/01\/El-cielo-se-ha-vuelto-rojo-3.jpg 583w, https:\/\/dev.antudigital.cl\/sites\/vc\/wp-content\/uploads\/2025\/01\/El-cielo-se-ha-vuelto-rojo-3-200x300.jpg 200w, https:\/\/dev.antudigital.cl\/sites\/vc\/wp-content\/uploads\/2025\/01\/El-cielo-se-ha-vuelto-rojo-3-480x720.jpg 480w, https:\/\/dev.antudigital.cl\/sites\/vc\/wp-content\/uploads\/2025\/01\/El-cielo-se-ha-vuelto-rojo-3-16x24.jpg 16w, https:\/\/dev.antudigital.cl\/sites\/vc\/wp-content\/uploads\/2025\/01\/El-cielo-se-ha-vuelto-rojo-3-24x36.jpg 24w, https:\/\/dev.antudigital.cl\/sites\/vc\/wp-content\/uploads\/2025\/01\/El-cielo-se-ha-vuelto-rojo-3-32x48.jpg 32w\" sizes=\"(max-width: 583px) 100vw, 583px\" \/><\/figure>\n\n\n\n<p><strong>Nuevas publicaciones<\/strong><\/p>\n\n\n\n<p>Junto a&nbsp;<em>El cielo se ha vuelto rojo<\/em>, el evento contar\u00e1 con la presentaci\u00f3n de la obra&nbsp;<em>Ganas de vivir, ganas de morir<\/em>&nbsp;de Macarena Pe\u00f1aloza, fot\u00f3grafa y docente en FotoDesign Chile e Instituto Arcos, y miembro de los colectivos Focom y Las Ni\u00f1as. En su publicaci\u00f3n, Pe\u00f1aloza explora temas de vida y muerte a trav\u00e9s de una narrativa fotogr\u00e1fica que lleva al lector a reflexionar sobre los universos emocionales que estos conceptos evocan.<\/p>\n\n\n\n<p><strong>El lanzamiento de Tacto Editora se realizar\u00e1 junto a ambas autoras en Sala Negra \u2013 Escuela de Teatro UV en el marco de los Di\u00e1logos Fotogr\u00e1ficos FIFV 2024.<\/strong><\/p>\n\n\n\n<p><strong>19:45hrs. Entrada liberada.<\/strong><\/p>\n\n\n\n<p><strong>Domingo 3 de noviembr<\/strong>e.<\/p>\n","protected":false},"excerpt":{"rendered":"<p>Este domingo 3 de noviembre, Catalina Juger, fot\u00f3grafa y fundadora de Tacto Editora, se presentar\u00e1 a las 19:45 hrs. en la Sala Negra de la Escuela de Teatro de la Universidad de Valpara\u00edso a ra\u00edz de este nuevo proyecto editorial. El lanzamiento se realiza en el marco de la 15\u00aa edici\u00f3n del Festival Internacional de [&hellip;]<\/p>\n","protected":false},"author":1,"featured_media":21675,"comment_status":"closed","ping_status":"closed","sticky":false,"template":"","format":"standard","meta":{"_acf_changed":false,"footnotes":""},"categories":[8],"tags":[],"class_list":["post-21674","post","type-post","status-publish","format-standard","has-post-thumbnail","hentry","category-noticia"],"acf":[],"yoast_head":"<!-- This site is optimized with the Yoast SEO plugin v27.1.1 - https:\/\/yoast.com\/product\/yoast-seo-wordpress\/ -->\n<title>Tacto Editora llega a Valpara\u00edso para presentar su nuevo proyecto de fotolibros en FIFV 2024 - Valpara\u00ed\u00adso Creativo<\/title>\n<meta name=\"robots\" content=\"index, follow, max-snippet:-1, max-image-preview:large, max-video-preview:-1\" \/>\n<link rel=\"canonical\" href=\"https:\/\/dev.antudigital.cl\/sites\/vc\/tacto-editora-llega-a-valparaiso-para-presentar-su-nuevo-proyecto-de-fotolibros-en-fifv-2024\/\" \/>\n<meta property=\"og:locale\" content=\"es_ES\" \/>\n<meta property=\"og:type\" content=\"article\" \/>\n<meta property=\"og:title\" content=\"Tacto Editora llega a Valpara\u00edso para presentar su nuevo proyecto de fotolibros en FIFV 2024 - Valpara\u00ed\u00adso Creativo\" \/>\n<meta property=\"og:description\" content=\"Este domingo 3 de noviembre, Catalina Juger, fot\u00f3grafa y fundadora de Tacto Editora, se presentar\u00e1 a las 19:45 hrs. en la Sala Negra de la Escuela de Teatro de la Universidad de Valpara\u00edso a ra\u00edz de este nuevo proyecto editorial. El lanzamiento se realiza en el marco de la 15\u00aa edici\u00f3n del Festival Internacional de [&hellip;]\" \/>\n<meta property=\"og:url\" content=\"https:\/\/dev.antudigital.cl\/sites\/vc\/tacto-editora-llega-a-valparaiso-para-presentar-su-nuevo-proyecto-de-fotolibros-en-fifv-2024\/\" \/>\n<meta property=\"og:site_name\" content=\"Valpara\u00ed\u00adso Creativo\" \/>\n<meta property=\"article:published_time\" content=\"2024-10-28T21:47:00+00:00\" \/>\n<meta property=\"article:modified_time\" content=\"2025-01-02T21:50:26+00:00\" \/>\n<meta property=\"og:image\" content=\"https:\/\/dev.antudigital.cl\/sites\/vc\/wp-content\/uploads\/2025\/01\/El-cielo-se-ha-vuelto-rojo.jpg\" \/>\n\t<meta property=\"og:image:width\" content=\"1311\" \/>\n\t<meta property=\"og:image:height\" content=\"874\" \/>\n\t<meta property=\"og:image:type\" content=\"image\/jpeg\" \/>\n<meta name=\"author\" content=\"Valpara\u00edso Creativo\" \/>\n<meta name=\"twitter:card\" content=\"summary_large_image\" \/>\n<meta name=\"twitter:label1\" content=\"Escrito por\" \/>\n\t<meta name=\"twitter:data1\" content=\"Valpara\u00edso Creativo\" \/>\n\t<meta name=\"twitter:label2\" content=\"Tiempo de lectura\" \/>\n\t<meta name=\"twitter:data2\" content=\"3 minutos\" \/>\n<script type=\"application\/ld+json\" class=\"yoast-schema-graph\">{\"@context\":\"https:\/\/schema.org\",\"@graph\":[{\"@type\":\"Article\",\"@id\":\"https:\/\/dev.antudigital.cl\/sites\/vc\/tacto-editora-llega-a-valparaiso-para-presentar-su-nuevo-proyecto-de-fotolibros-en-fifv-2024\/#article\",\"isPartOf\":{\"@id\":\"https:\/\/dev.antudigital.cl\/sites\/vc\/tacto-editora-llega-a-valparaiso-para-presentar-su-nuevo-proyecto-de-fotolibros-en-fifv-2024\/\"},\"author\":{\"name\":\"Valpara\u00edso Creativo\",\"@id\":\"https:\/\/dev.antudigital.cl\/sites\/vc\/#\/schema\/person\/c2b9da8dd545e27166fc5ab232837318\"},\"headline\":\"Tacto Editora llega a Valpara\u00edso para presentar su nuevo proyecto de fotolibros en FIFV 2024\",\"datePublished\":\"2024-10-28T21:47:00+00:00\",\"dateModified\":\"2025-01-02T21:50:26+00:00\",\"mainEntityOfPage\":{\"@id\":\"https:\/\/dev.antudigital.cl\/sites\/vc\/tacto-editora-llega-a-valparaiso-para-presentar-su-nuevo-proyecto-de-fotolibros-en-fifv-2024\/\"},\"wordCount\":465,\"image\":{\"@id\":\"https:\/\/dev.antudigital.cl\/sites\/vc\/tacto-editora-llega-a-valparaiso-para-presentar-su-nuevo-proyecto-de-fotolibros-en-fifv-2024\/#primaryimage\"},\"thumbnailUrl\":\"https:\/\/dev.antudigital.cl\/sites\/vc\/wp-content\/uploads\/2025\/01\/El-cielo-se-ha-vuelto-rojo.jpg\",\"articleSection\":[\"Noticia\"],\"inLanguage\":\"es\"},{\"@type\":\"WebPage\",\"@id\":\"https:\/\/dev.antudigital.cl\/sites\/vc\/tacto-editora-llega-a-valparaiso-para-presentar-su-nuevo-proyecto-de-fotolibros-en-fifv-2024\/\",\"url\":\"https:\/\/dev.antudigital.cl\/sites\/vc\/tacto-editora-llega-a-valparaiso-para-presentar-su-nuevo-proyecto-de-fotolibros-en-fifv-2024\/\",\"name\":\"Tacto Editora llega a Valpara\u00edso para presentar su nuevo proyecto de fotolibros en FIFV 2024 - Valpara\u00ed\u00adso Creativo\",\"isPartOf\":{\"@id\":\"https:\/\/dev.antudigital.cl\/sites\/vc\/#website\"},\"primaryImageOfPage\":{\"@id\":\"https:\/\/dev.antudigital.cl\/sites\/vc\/tacto-editora-llega-a-valparaiso-para-presentar-su-nuevo-proyecto-de-fotolibros-en-fifv-2024\/#primaryimage\"},\"image\":{\"@id\":\"https:\/\/dev.antudigital.cl\/sites\/vc\/tacto-editora-llega-a-valparaiso-para-presentar-su-nuevo-proyecto-de-fotolibros-en-fifv-2024\/#primaryimage\"},\"thumbnailUrl\":\"https:\/\/dev.antudigital.cl\/sites\/vc\/wp-content\/uploads\/2025\/01\/El-cielo-se-ha-vuelto-rojo.jpg\",\"datePublished\":\"2024-10-28T21:47:00+00:00\",\"dateModified\":\"2025-01-02T21:50:26+00:00\",\"author\":{\"@id\":\"https:\/\/dev.antudigital.cl\/sites\/vc\/#\/schema\/person\/c2b9da8dd545e27166fc5ab232837318\"},\"breadcrumb\":{\"@id\":\"https:\/\/dev.antudigital.cl\/sites\/vc\/tacto-editora-llega-a-valparaiso-para-presentar-su-nuevo-proyecto-de-fotolibros-en-fifv-2024\/#breadcrumb\"},\"inLanguage\":\"es\",\"potentialAction\":[{\"@type\":\"ReadAction\",\"target\":[\"https:\/\/dev.antudigital.cl\/sites\/vc\/tacto-editora-llega-a-valparaiso-para-presentar-su-nuevo-proyecto-de-fotolibros-en-fifv-2024\/\"]}]},{\"@type\":\"ImageObject\",\"inLanguage\":\"es\",\"@id\":\"https:\/\/dev.antudigital.cl\/sites\/vc\/tacto-editora-llega-a-valparaiso-para-presentar-su-nuevo-proyecto-de-fotolibros-en-fifv-2024\/#primaryimage\",\"url\":\"https:\/\/dev.antudigital.cl\/sites\/vc\/wp-content\/uploads\/2025\/01\/El-cielo-se-ha-vuelto-rojo.jpg\",\"contentUrl\":\"https:\/\/dev.antudigital.cl\/sites\/vc\/wp-content\/uploads\/2025\/01\/El-cielo-se-ha-vuelto-rojo.jpg\",\"width\":1311,\"height\":874},{\"@type\":\"BreadcrumbList\",\"@id\":\"https:\/\/dev.antudigital.cl\/sites\/vc\/tacto-editora-llega-a-valparaiso-para-presentar-su-nuevo-proyecto-de-fotolibros-en-fifv-2024\/#breadcrumb\",\"itemListElement\":[{\"@type\":\"ListItem\",\"position\":1,\"name\":\"Home\",\"item\":\"https:\/\/dev.antudigital.cl\/sites\/vc\/\"},{\"@type\":\"ListItem\",\"position\":2,\"name\":\"Tacto Editora llega a Valpara\u00edso para presentar su nuevo proyecto de fotolibros en FIFV 2024\"}]},{\"@type\":\"WebSite\",\"@id\":\"https:\/\/dev.antudigital.cl\/sites\/vc\/#website\",\"url\":\"https:\/\/dev.antudigital.cl\/sites\/vc\/\",\"name\":\"Valpara\u00ed\u00adso Creativo\",\"description\":\"\",\"potentialAction\":[{\"@type\":\"SearchAction\",\"target\":{\"@type\":\"EntryPoint\",\"urlTemplate\":\"https:\/\/dev.antudigital.cl\/sites\/vc\/?s={search_term_string}\"},\"query-input\":{\"@type\":\"PropertyValueSpecification\",\"valueRequired\":true,\"valueName\":\"search_term_string\"}}],\"inLanguage\":\"es\"},{\"@type\":\"Person\",\"@id\":\"https:\/\/dev.antudigital.cl\/sites\/vc\/#\/schema\/person\/c2b9da8dd545e27166fc5ab232837318\",\"name\":\"Valpara\u00edso Creativo\",\"description\":\"Periodista de cultura en la Regi\u00f3n de Valpara\u00edso.\",\"url\":\"https:\/\/dev.antudigital.cl\/sites\/vc\/author\/valpoadmin\/\"}]}<\/script>\n<!-- \/ Yoast SEO plugin. -->","yoast_head_json":{"title":"Tacto Editora llega a Valpara\u00edso para presentar su nuevo proyecto de fotolibros en FIFV 2024 - Valpara\u00ed\u00adso Creativo","robots":{"index":"index","follow":"follow","max-snippet":"max-snippet:-1","max-image-preview":"max-image-preview:large","max-video-preview":"max-video-preview:-1"},"canonical":"https:\/\/dev.antudigital.cl\/sites\/vc\/tacto-editora-llega-a-valparaiso-para-presentar-su-nuevo-proyecto-de-fotolibros-en-fifv-2024\/","og_locale":"es_ES","og_type":"article","og_title":"Tacto Editora llega a Valpara\u00edso para presentar su nuevo proyecto de fotolibros en FIFV 2024 - Valpara\u00ed\u00adso Creativo","og_description":"Este domingo 3 de noviembre, Catalina Juger, fot\u00f3grafa y fundadora de Tacto Editora, se presentar\u00e1 a las 19:45 hrs. en la Sala Negra de la Escuela de Teatro de la Universidad de Valpara\u00edso a ra\u00edz de este nuevo proyecto editorial. El lanzamiento se realiza en el marco de la 15\u00aa edici\u00f3n del Festival Internacional de [&hellip;]","og_url":"https:\/\/dev.antudigital.cl\/sites\/vc\/tacto-editora-llega-a-valparaiso-para-presentar-su-nuevo-proyecto-de-fotolibros-en-fifv-2024\/","og_site_name":"Valpara\u00ed\u00adso Creativo","article_published_time":"2024-10-28T21:47:00+00:00","article_modified_time":"2025-01-02T21:50:26+00:00","og_image":[{"width":1311,"height":874,"url":"https:\/\/dev.antudigital.cl\/sites\/vc\/wp-content\/uploads\/2025\/01\/El-cielo-se-ha-vuelto-rojo.jpg","type":"image\/jpeg"}],"author":"Valpara\u00edso Creativo","twitter_card":"summary_large_image","twitter_misc":{"Escrito por":"Valpara\u00edso Creativo","Tiempo de lectura":"3 minutos"},"schema":{"@context":"https:\/\/schema.org","@graph":[{"@type":"Article","@id":"https:\/\/dev.antudigital.cl\/sites\/vc\/tacto-editora-llega-a-valparaiso-para-presentar-su-nuevo-proyecto-de-fotolibros-en-fifv-2024\/#article","isPartOf":{"@id":"https:\/\/dev.antudigital.cl\/sites\/vc\/tacto-editora-llega-a-valparaiso-para-presentar-su-nuevo-proyecto-de-fotolibros-en-fifv-2024\/"},"author":{"name":"Valpara\u00edso Creativo","@id":"https:\/\/dev.antudigital.cl\/sites\/vc\/#\/schema\/person\/c2b9da8dd545e27166fc5ab232837318"},"headline":"Tacto Editora llega a Valpara\u00edso para presentar su nuevo proyecto de fotolibros en FIFV 2024","datePublished":"2024-10-28T21:47:00+00:00","dateModified":"2025-01-02T21:50:26+00:00","mainEntityOfPage":{"@id":"https:\/\/dev.antudigital.cl\/sites\/vc\/tacto-editora-llega-a-valparaiso-para-presentar-su-nuevo-proyecto-de-fotolibros-en-fifv-2024\/"},"wordCount":465,"image":{"@id":"https:\/\/dev.antudigital.cl\/sites\/vc\/tacto-editora-llega-a-valparaiso-para-presentar-su-nuevo-proyecto-de-fotolibros-en-fifv-2024\/#primaryimage"},"thumbnailUrl":"https:\/\/dev.antudigital.cl\/sites\/vc\/wp-content\/uploads\/2025\/01\/El-cielo-se-ha-vuelto-rojo.jpg","articleSection":["Noticia"],"inLanguage":"es"},{"@type":"WebPage","@id":"https:\/\/dev.antudigital.cl\/sites\/vc\/tacto-editora-llega-a-valparaiso-para-presentar-su-nuevo-proyecto-de-fotolibros-en-fifv-2024\/","url":"https:\/\/dev.antudigital.cl\/sites\/vc\/tacto-editora-llega-a-valparaiso-para-presentar-su-nuevo-proyecto-de-fotolibros-en-fifv-2024\/","name":"Tacto Editora llega a Valpara\u00edso para presentar su nuevo proyecto de fotolibros en FIFV 2024 - Valpara\u00ed\u00adso Creativo","isPartOf":{"@id":"https:\/\/dev.antudigital.cl\/sites\/vc\/#website"},"primaryImageOfPage":{"@id":"https:\/\/dev.antudigital.cl\/sites\/vc\/tacto-editora-llega-a-valparaiso-para-presentar-su-nuevo-proyecto-de-fotolibros-en-fifv-2024\/#primaryimage"},"image":{"@id":"https:\/\/dev.antudigital.cl\/sites\/vc\/tacto-editora-llega-a-valparaiso-para-presentar-su-nuevo-proyecto-de-fotolibros-en-fifv-2024\/#primaryimage"},"thumbnailUrl":"https:\/\/dev.antudigital.cl\/sites\/vc\/wp-content\/uploads\/2025\/01\/El-cielo-se-ha-vuelto-rojo.jpg","datePublished":"2024-10-28T21:47:00+00:00","dateModified":"2025-01-02T21:50:26+00:00","author":{"@id":"https:\/\/dev.antudigital.cl\/sites\/vc\/#\/schema\/person\/c2b9da8dd545e27166fc5ab232837318"},"breadcrumb":{"@id":"https:\/\/dev.antudigital.cl\/sites\/vc\/tacto-editora-llega-a-valparaiso-para-presentar-su-nuevo-proyecto-de-fotolibros-en-fifv-2024\/#breadcrumb"},"inLanguage":"es","potentialAction":[{"@type":"ReadAction","target":["https:\/\/dev.antudigital.cl\/sites\/vc\/tacto-editora-llega-a-valparaiso-para-presentar-su-nuevo-proyecto-de-fotolibros-en-fifv-2024\/"]}]},{"@type":"ImageObject","inLanguage":"es","@id":"https:\/\/dev.antudigital.cl\/sites\/vc\/tacto-editora-llega-a-valparaiso-para-presentar-su-nuevo-proyecto-de-fotolibros-en-fifv-2024\/#primaryimage","url":"https:\/\/dev.antudigital.cl\/sites\/vc\/wp-content\/uploads\/2025\/01\/El-cielo-se-ha-vuelto-rojo.jpg","contentUrl":"https:\/\/dev.antudigital.cl\/sites\/vc\/wp-content\/uploads\/2025\/01\/El-cielo-se-ha-vuelto-rojo.jpg","width":1311,"height":874},{"@type":"BreadcrumbList","@id":"https:\/\/dev.antudigital.cl\/sites\/vc\/tacto-editora-llega-a-valparaiso-para-presentar-su-nuevo-proyecto-de-fotolibros-en-fifv-2024\/#breadcrumb","itemListElement":[{"@type":"ListItem","position":1,"name":"Home","item":"https:\/\/dev.antudigital.cl\/sites\/vc\/"},{"@type":"ListItem","position":2,"name":"Tacto Editora llega a Valpara\u00edso para presentar su nuevo proyecto de fotolibros en FIFV 2024"}]},{"@type":"WebSite","@id":"https:\/\/dev.antudigital.cl\/sites\/vc\/#website","url":"https:\/\/dev.antudigital.cl\/sites\/vc\/","name":"Valpara\u00ed\u00adso Creativo","description":"","potentialAction":[{"@type":"SearchAction","target":{"@type":"EntryPoint","urlTemplate":"https:\/\/dev.antudigital.cl\/sites\/vc\/?s={search_term_string}"},"query-input":{"@type":"PropertyValueSpecification","valueRequired":true,"valueName":"search_term_string"}}],"inLanguage":"es"},{"@type":"Person","@id":"https:\/\/dev.antudigital.cl\/sites\/vc\/#\/schema\/person\/c2b9da8dd545e27166fc5ab232837318","name":"Valpara\u00edso Creativo","description":"Periodista de cultura en la Regi\u00f3n de Valpara\u00edso.","url":"https:\/\/dev.antudigital.cl\/sites\/vc\/author\/valpoadmin\/"}]}},"_links":{"self":[{"href":"https:\/\/dev.antudigital.cl\/sites\/vc\/wp-json\/wp\/v2\/posts\/21674","targetHints":{"allow":["GET"]}}],"collection":[{"href":"https:\/\/dev.antudigital.cl\/sites\/vc\/wp-json\/wp\/v2\/posts"}],"about":[{"href":"https:\/\/dev.antudigital.cl\/sites\/vc\/wp-json\/wp\/v2\/types\/post"}],"author":[{"embeddable":true,"href":"https:\/\/dev.antudigital.cl\/sites\/vc\/wp-json\/wp\/v2\/users\/1"}],"replies":[{"embeddable":true,"href":"https:\/\/dev.antudigital.cl\/sites\/vc\/wp-json\/wp\/v2\/comments?post=21674"}],"version-history":[{"count":1,"href":"https:\/\/dev.antudigital.cl\/sites\/vc\/wp-json\/wp\/v2\/posts\/21674\/revisions"}],"predecessor-version":[{"id":21677,"href":"https:\/\/dev.antudigital.cl\/sites\/vc\/wp-json\/wp\/v2\/posts\/21674\/revisions\/21677"}],"wp:featuredmedia":[{"embeddable":true,"href":"https:\/\/dev.antudigital.cl\/sites\/vc\/wp-json\/wp\/v2\/media\/21675"}],"wp:attachment":[{"href":"https:\/\/dev.antudigital.cl\/sites\/vc\/wp-json\/wp\/v2\/media?parent=21674"}],"wp:term":[{"taxonomy":"category","embeddable":true,"href":"https:\/\/dev.antudigital.cl\/sites\/vc\/wp-json\/wp\/v2\/categories?post=21674"},{"taxonomy":"post_tag","embeddable":true,"href":"https:\/\/dev.antudigital.cl\/sites\/vc\/wp-json\/wp\/v2\/tags?post=21674"}],"curies":[{"name":"wp","href":"https:\/\/api.w.org\/{rel}","templated":true}]}}