{"id":21704,"date":"2025-01-06T19:13:55","date_gmt":"2025-01-06T19:13:55","guid":{"rendered":"https:\/\/www.valparaisocreativo.cl\/?p=21704"},"modified":"2025-01-06T19:52:56","modified_gmt":"2025-01-06T19:52:56","slug":"parque-el-boldo-un-tesoro-natural-en-el-litoral-norte","status":"publish","type":"post","link":"https:\/\/dev.antudigital.cl\/sites\/vc\/parque-el-boldo-un-tesoro-natural-en-el-litoral-norte\/","title":{"rendered":"Parque El Boldo: Un tesoro natural en el litoral norte"},"content":{"rendered":"\n<p>Hoy queremos compartir un lugar \u00fanico que combina biodiversidad, historia y una experiencia de trekking que no puedes perderte: el <a href=\"https:\/\/bosquesdezapallar.cl\/parqueelboldo\/\"><strong>Parque El Boldo<\/strong><\/a>, en Zapallar. Este es un destino que puedes visitar durante todo el a\u00f1o, pero en esta temporada de vacaciones, te invitamos especialmente a descubrirlo y disfrutar de su belleza natural, a\u00f1adi\u00e9ndolo a tu lista de panoramas en la Regi\u00f3n de Valpara\u00edso.<\/p>\n\n\n\n<h3 class=\"wp-block-heading\"><strong>La historia del parque<\/strong><\/h3>\n\n\n\n<p>El Parque El Boldo tiene una historia especial. En 2010, un grupo de vecinos propietarios de Zapallar se unieron para preservar este espacio ante el avance de proyectos inmobiliarios, que en ese momento pusieron en peligro esta reserva. Se adquirieron entonces colectivamente 70 hect\u00e1reas de bosque de manera particular. Desde entonces, ha sido gestionado como un \u00e1rea protegida privada en colaboraci\u00f3n con la Corporaci\u00f3n Bosques de Zapallar, buscando conservar y poner en valor la rica biodiversidad de la zona, gestionando el espacio y cuidando su uso.&nbsp;<\/p>\n\n\n\n<p>Este parque no solo es un refugio para la flora y fauna local, sino tambi\u00e9n un s\u00edmbolo del compromiso de la comunidad por preservar el patrimonio natural de nuestra regi\u00f3n. Se trata de un sendero ideal para caminar, trotar, hacer trekking y\/o observar especies locales, siendo una buena opci\u00f3n para quienes aman la naturaleza.<\/p>\n\n\n\n<p>El bosque adem\u00e1s nos conecta con la zona Litoral Norte, admirando sus paisajes, donde el camino ya es un espect\u00e1culo de por s\u00ed, lleno de much\u00edsimo follaje y mezclando esto con la brisa marina que es caracter\u00edstica de la costa.<\/p>\n\n\n\n<figure class=\"wp-block-image size-full is-resized\"><img fetchpriority=\"high\" decoding=\"async\" width=\"672\" height=\"750\" src=\"https:\/\/www.valparaisocreativo.cl\/wp-content\/uploads\/2025\/01\/Captura-de-Pantalla-2025-01-06-a-las-15.40.00.png\" alt=\"\" class=\"wp-image-21707\" style=\"width:447px;height:auto\" srcset=\"https:\/\/dev.antudigital.cl\/sites\/vc\/wp-content\/uploads\/2025\/01\/Captura-de-Pantalla-2025-01-06-a-las-15.40.00.png 672w, https:\/\/dev.antudigital.cl\/sites\/vc\/wp-content\/uploads\/2025\/01\/Captura-de-Pantalla-2025-01-06-a-las-15.40.00-269x300.png 269w, https:\/\/dev.antudigital.cl\/sites\/vc\/wp-content\/uploads\/2025\/01\/Captura-de-Pantalla-2025-01-06-a-las-15.40.00-480x536.png 480w, https:\/\/dev.antudigital.cl\/sites\/vc\/wp-content\/uploads\/2025\/01\/Captura-de-Pantalla-2025-01-06-a-las-15.40.00-22x24.png 22w, https:\/\/dev.antudigital.cl\/sites\/vc\/wp-content\/uploads\/2025\/01\/Captura-de-Pantalla-2025-01-06-a-las-15.40.00-32x36.png 32w, https:\/\/dev.antudigital.cl\/sites\/vc\/wp-content\/uploads\/2025\/01\/Captura-de-Pantalla-2025-01-06-a-las-15.40.00-43x48.png 43w\" sizes=\"(max-width: 672px) 100vw, 672px\" \/><\/figure>\n\n\n\n<h3 class=\"wp-block-heading\"><strong>Una experiencia de trekking \u00fanica<\/strong><\/h3>\n\n\n\n<p>El recorrido total es de aproximadamente dos horas, con una dificultad media-alta debido a su inclinaci\u00f3n ya que es en subida. Sin embargo, est\u00e1 dise\u00f1ado para que cada visitante lo disfrute a su ritmo, haciendo pausas en los puntos se\u00f1alizados. Desde la cima del cerro, podr\u00e1s disfrutar de vistas realmente impresionantes: por un lado, el oc\u00e9ano y, por el otro, la Cordillera de los Andes si est\u00e1 despejado, enmarcando el verde exuberante del bosque.<\/p>\n\n\n\n<p>Desde el inicio del sendero, la densa vegetaci\u00f3n envuelve, con \u00e1rboles que ofrecen sombra y arbustos que pintan el paisaje con diversos tipos de verde. A medida que avanzas, el aire se llena de aromas, y puedes escuchar a las aves, lo que es muy agradable en el trayecto.<\/p>\n\n\n\n<p>A lo largo del sendero encontrar\u00e1s una incre\u00edble diversidad de flora y fauna. Especialmente en primavera, se llena el entorno de colores y aromas. Tambi\u00e9n es un lugar ideal para el avistamiento de aves. Una de sus paradas es un hermoso mirador que permite observar panoramicamente y detenerse a admirar el paisaje.<\/p>\n\n\n\n<figure class=\"wp-block-image size-full is-resized\"><img decoding=\"async\" width=\"508\" height=\"678\" src=\"https:\/\/www.valparaisocreativo.cl\/wp-content\/uploads\/2025\/01\/Captura-de-Pantalla-2025-01-06-a-las-15.40.17.png\" alt=\"\" class=\"wp-image-21709\" style=\"width:423px;height:auto\" srcset=\"https:\/\/dev.antudigital.cl\/sites\/vc\/wp-content\/uploads\/2025\/01\/Captura-de-Pantalla-2025-01-06-a-las-15.40.17.png 508w, https:\/\/dev.antudigital.cl\/sites\/vc\/wp-content\/uploads\/2025\/01\/Captura-de-Pantalla-2025-01-06-a-las-15.40.17-225x300.png 225w, https:\/\/dev.antudigital.cl\/sites\/vc\/wp-content\/uploads\/2025\/01\/Captura-de-Pantalla-2025-01-06-a-las-15.40.17-480x641.png 480w, https:\/\/dev.antudigital.cl\/sites\/vc\/wp-content\/uploads\/2025\/01\/Captura-de-Pantalla-2025-01-06-a-las-15.40.17-18x24.png 18w, https:\/\/dev.antudigital.cl\/sites\/vc\/wp-content\/uploads\/2025\/01\/Captura-de-Pantalla-2025-01-06-a-las-15.40.17-27x36.png 27w, https:\/\/dev.antudigital.cl\/sites\/vc\/wp-content\/uploads\/2025\/01\/Captura-de-Pantalla-2025-01-06-a-las-15.40.17-36x48.png 36w\" sizes=\"(max-width: 508px) 100vw, 508px\" \/><\/figure>\n\n\n\n<h3 class=\"wp-block-heading\"><strong>Una ventana a nuevas<\/strong><strong> <\/strong><strong>posibilidades<\/strong><\/h3>\n\n\n\n<p>Una de las ventajas del Parque El Boldo es que su recorrido no ocupa todo el d\u00eda, lo que lo convierte en un plan ideal para complementar con otras actividades en el litoral norte o donde prefieras. Despu\u00e9s del trekking, puedes explorar las playas de Zapallar, disfrutar de la gastronom\u00eda local, o incluso hacer una parada en comunas cercanas como Conc\u00f3n por sus destacadas empanadas y otros platos deliciosos que se destacan en m\u00faltiples paradas. O puedes aprovechar las playas de Zapallar por el d\u00eda y hacer un picnic en la playa.<\/p>\n\n\n\n<p>El Parque El Boldo es mucho m\u00e1s que un lugar para hacer trekking. Es un espacio que conecta con la naturaleza y la comunidad que lo protege. Conocerlo es una forma de apreciar la riqueza de nuestra regi\u00f3n y contribuir a su preservaci\u00f3n, d\u00e1ndonos a conocer especies de nuestra flora y fauna local.<\/p>\n\n\n\n<p>\u00bfTe animas a visitarlo? Reserva tu cupo y prep\u00e1rate para una experiencia que te permitir\u00e1 desconectarte de la rutina y conocer un hermoso lugar de nuestra Regi\u00f3n.<\/p>\n\n\n\n<figure class=\"wp-block-image size-full is-resized\"><img decoding=\"async\" width=\"506\" height=\"677\" src=\"https:\/\/www.valparaisocreativo.cl\/wp-content\/uploads\/2025\/01\/Captura-de-Pantalla-2025-01-06-a-las-15.40.10.png\" alt=\"\" class=\"wp-image-21708\" style=\"width:386px;height:auto\" srcset=\"https:\/\/dev.antudigital.cl\/sites\/vc\/wp-content\/uploads\/2025\/01\/Captura-de-Pantalla-2025-01-06-a-las-15.40.10.png 506w, https:\/\/dev.antudigital.cl\/sites\/vc\/wp-content\/uploads\/2025\/01\/Captura-de-Pantalla-2025-01-06-a-las-15.40.10-224x300.png 224w, https:\/\/dev.antudigital.cl\/sites\/vc\/wp-content\/uploads\/2025\/01\/Captura-de-Pantalla-2025-01-06-a-las-15.40.10-480x642.png 480w, https:\/\/dev.antudigital.cl\/sites\/vc\/wp-content\/uploads\/2025\/01\/Captura-de-Pantalla-2025-01-06-a-las-15.40.10-18x24.png 18w, https:\/\/dev.antudigital.cl\/sites\/vc\/wp-content\/uploads\/2025\/01\/Captura-de-Pantalla-2025-01-06-a-las-15.40.10-27x36.png 27w, https:\/\/dev.antudigital.cl\/sites\/vc\/wp-content\/uploads\/2025\/01\/Captura-de-Pantalla-2025-01-06-a-las-15.40.10-36x48.png 36w\" sizes=\"(max-width: 506px) 100vw, 506px\" \/><\/figure>\n\n\n\n<h3 class=\"wp-block-heading\"><strong>C\u00f3mo llegar y qu\u00e9 esperar<\/strong><\/h3>\n\n\n\n<p>El bosque est\u00e1 ubicado en la comuna de Zapallar, a unos 90 minutos de Valpara\u00edso en auto. Si bien puedes llegar en transporte p\u00fablico hasta Zapallar, se recomienda ir en veh\u00edculo privado debido al acceso final, que implica un ascenso hacia la cima del cerro que debe hacerse en auto. Esto puede ser complejo si vas sin veh\u00edculo, pues hay una extensa subida hasta el inicio del parque.<\/p>\n\n\n\n<p><strong>Horarios:<\/strong><strong><br><\/strong>El parque est\u00e1 abierto solo los s\u00e1bados y domingos, de 9:30 a 14:00 hrs. La capacidad m\u00e1xima es de 35 personas, por lo que te sugerimos reservar previamente a trav\u00e9s de su sitio web o correo electr\u00f3nico.<\/p>\n\n\n\n<p><a href=\"http:\/\/bosquesdezapallar.cl\">http:\/\/bosquesdezapallar.cl<\/a>&nbsp;&nbsp;<strong>Costos:<\/strong><strong><br><\/strong>La entrada tiene un valor de $3.000 para adultos y $2.000 para ni\u00f1os de 4 a 14 a\u00f1os. Al llegar, te entregar\u00e1n un mapa que te guiar\u00e1 por los senderos disponibles para que tu experiencia sea lo mejor posible y solo disfrutes.<\/p>\n\n\n\n<figure class=\"wp-block-image size-large\"><img loading=\"lazy\" decoding=\"async\" width=\"803\" height=\"1024\" src=\"https:\/\/www.valparaisocreativo.cl\/wp-content\/uploads\/2025\/01\/Screenshot-2022-06-28-at-18.55.07-803x1024.png\" alt=\"\" class=\"wp-image-21705\" srcset=\"https:\/\/dev.antudigital.cl\/sites\/vc\/wp-content\/uploads\/2025\/01\/Screenshot-2022-06-28-at-18.55.07-803x1024.png 803w, https:\/\/dev.antudigital.cl\/sites\/vc\/wp-content\/uploads\/2025\/01\/Screenshot-2022-06-28-at-18.55.07-235x300.png 235w, https:\/\/dev.antudigital.cl\/sites\/vc\/wp-content\/uploads\/2025\/01\/Screenshot-2022-06-28-at-18.55.07-768x980.png 768w, https:\/\/dev.antudigital.cl\/sites\/vc\/wp-content\/uploads\/2025\/01\/Screenshot-2022-06-28-at-18.55.07-980x1250.png 980w, https:\/\/dev.antudigital.cl\/sites\/vc\/wp-content\/uploads\/2025\/01\/Screenshot-2022-06-28-at-18.55.07-480x612.png 480w, https:\/\/dev.antudigital.cl\/sites\/vc\/wp-content\/uploads\/2025\/01\/Screenshot-2022-06-28-at-18.55.07-19x24.png 19w, https:\/\/dev.antudigital.cl\/sites\/vc\/wp-content\/uploads\/2025\/01\/Screenshot-2022-06-28-at-18.55.07-28x36.png 28w, https:\/\/dev.antudigital.cl\/sites\/vc\/wp-content\/uploads\/2025\/01\/Screenshot-2022-06-28-at-18.55.07-38x48.png 38w, https:\/\/dev.antudigital.cl\/sites\/vc\/wp-content\/uploads\/2025\/01\/Screenshot-2022-06-28-at-18.55.07.png 1058w\" sizes=\"(max-width: 803px) 100vw, 803px\" \/><\/figure>\n\n\n\n<h3 class=\"wp-block-heading\"><strong>Consejos para tu visita<\/strong><\/h3>\n\n\n\n<p>Para disfrutar al m\u00e1ximo de esta experiencia, te recomendamos:<\/p>\n\n\n\n<ul class=\"wp-block-list\">\n<li>Llevar agua y snacks.<\/li>\n\n\n\n<li>Usar ropa c\u00f3moda, calzado adecuado para trekking, gorro o lentes de sol.<\/li>\n\n\n\n<li>Aplicar bloqueador solar.<\/li>\n\n\n\n<li>Respetar las normas del parque: no est\u00e1 permitido el ingreso de bicicletas, mascotas ni coches, y no se permite encender fuego.<\/li>\n<\/ul>\n\n\n\n<p>Recuerda que el parque es un espacio de conservaci\u00f3n. Al visitarlo, contribuyes a su cuidado y a la protecci\u00f3n de especies end\u00e9micas as\u00ed que es importante cooperar con las normas.<\/p>\n\n\n\n<p>Contacta: <a href=\"mailto:info@bosquesdezapallar.cl\">info@bosquesdezapallar.cl<\/a><\/p>\n\n\n\n<figure class=\"wp-block-embed is-type-video is-provider-tiktok wp-block-embed-tiktok\"><div class=\"wp-block-embed__wrapper\">\nhttps:\/\/www.tiktok.com\/@sedicevalontin\/video\/7439876041981611319 \n<\/div><\/figure>\n","protected":false},"excerpt":{"rendered":"<p>Hoy queremos compartir un lugar \u00fanico que combina biodiversidad, historia y una experiencia de trekking que no puedes perderte: el Parque El Boldo, en Zapallar. Este es un destino que puedes visitar durante todo el a\u00f1o, pero en esta temporada de vacaciones, te invitamos especialmente a descubrirlo y disfrutar de su belleza natural, a\u00f1adi\u00e9ndolo a [&hellip;]<\/p>\n","protected":false},"author":1,"featured_media":21710,"comment_status":"closed","ping_status":"closed","sticky":false,"template":"","format":"standard","meta":{"_acf_changed":false,"footnotes":""},"categories":[218],"tags":[608,124,612],"class_list":["post-21704","post","type-post","status-publish","format-standard","has-post-thumbnail","hentry","category-blog","tag-destino","tag-turismo","tag-vacaciones"],"acf":[],"yoast_head":"<!-- This site is optimized with the Yoast SEO plugin v27.1.1 - https:\/\/yoast.com\/product\/yoast-seo-wordpress\/ -->\n<title>Parque El Boldo: Un tesoro natural en el litoral norte - Valpara\u00ed\u00adso Creativo<\/title>\n<meta name=\"robots\" content=\"index, follow, max-snippet:-1, max-image-preview:large, max-video-preview:-1\" \/>\n<link rel=\"canonical\" href=\"https:\/\/dev.antudigital.cl\/sites\/vc\/parque-el-boldo-un-tesoro-natural-en-el-litoral-norte\/\" \/>\n<meta property=\"og:locale\" content=\"es_ES\" \/>\n<meta property=\"og:type\" content=\"article\" \/>\n<meta property=\"og:title\" content=\"Parque El Boldo: Un tesoro natural en el litoral norte - Valpara\u00ed\u00adso Creativo\" \/>\n<meta property=\"og:description\" content=\"Hoy queremos compartir un lugar \u00fanico que combina biodiversidad, historia y una experiencia de trekking que no puedes perderte: el Parque El Boldo, en Zapallar. Este es un destino que puedes visitar durante todo el a\u00f1o, pero en esta temporada de vacaciones, te invitamos especialmente a descubrirlo y disfrutar de su belleza natural, a\u00f1adi\u00e9ndolo a [&hellip;]\" \/>\n<meta property=\"og:url\" content=\"https:\/\/dev.antudigital.cl\/sites\/vc\/parque-el-boldo-un-tesoro-natural-en-el-litoral-norte\/\" \/>\n<meta property=\"og:site_name\" content=\"Valpara\u00ed\u00adso Creativo\" \/>\n<meta property=\"article:published_time\" content=\"2025-01-06T19:13:55+00:00\" \/>\n<meta property=\"article:modified_time\" content=\"2025-01-06T19:52:56+00:00\" \/>\n<meta property=\"og:image\" content=\"https:\/\/dev.antudigital.cl\/sites\/vc\/wp-content\/uploads\/2025\/01\/Captura-de-Pantalla-2025-01-06-a-las-15.40.30.png\" \/>\n\t<meta property=\"og:image:width\" content=\"671\" \/>\n\t<meta property=\"og:image:height\" content=\"577\" \/>\n\t<meta property=\"og:image:type\" content=\"image\/png\" \/>\n<meta name=\"author\" content=\"Valpara\u00edso Creativo\" \/>\n<meta name=\"twitter:card\" content=\"summary_large_image\" \/>\n<meta name=\"twitter:label1\" content=\"Escrito por\" \/>\n\t<meta name=\"twitter:data1\" content=\"Valpara\u00edso Creativo\" \/>\n\t<meta name=\"twitter:label2\" content=\"Tiempo de lectura\" \/>\n\t<meta name=\"twitter:data2\" content=\"5 minutos\" \/>\n<script type=\"application\/ld+json\" class=\"yoast-schema-graph\">{\"@context\":\"https:\/\/schema.org\",\"@graph\":[{\"@type\":\"Article\",\"@id\":\"https:\/\/dev.antudigital.cl\/sites\/vc\/parque-el-boldo-un-tesoro-natural-en-el-litoral-norte\/#article\",\"isPartOf\":{\"@id\":\"https:\/\/dev.antudigital.cl\/sites\/vc\/parque-el-boldo-un-tesoro-natural-en-el-litoral-norte\/\"},\"author\":{\"name\":\"Valpara\u00edso Creativo\",\"@id\":\"https:\/\/dev.antudigital.cl\/sites\/vc\/#\/schema\/person\/c2b9da8dd545e27166fc5ab232837318\"},\"headline\":\"Parque El Boldo: Un tesoro natural en el litoral norte\",\"datePublished\":\"2025-01-06T19:13:55+00:00\",\"dateModified\":\"2025-01-06T19:52:56+00:00\",\"mainEntityOfPage\":{\"@id\":\"https:\/\/dev.antudigital.cl\/sites\/vc\/parque-el-boldo-un-tesoro-natural-en-el-litoral-norte\/\"},\"wordCount\":913,\"image\":{\"@id\":\"https:\/\/dev.antudigital.cl\/sites\/vc\/parque-el-boldo-un-tesoro-natural-en-el-litoral-norte\/#primaryimage\"},\"thumbnailUrl\":\"https:\/\/dev.antudigital.cl\/sites\/vc\/wp-content\/uploads\/2025\/01\/Captura-de-Pantalla-2025-01-06-a-las-15.40.30.png\",\"keywords\":[\"destino\",\"Turismo\",\"vacaciones\"],\"articleSection\":[\"Blog\"],\"inLanguage\":\"es\"},{\"@type\":\"WebPage\",\"@id\":\"https:\/\/dev.antudigital.cl\/sites\/vc\/parque-el-boldo-un-tesoro-natural-en-el-litoral-norte\/\",\"url\":\"https:\/\/dev.antudigital.cl\/sites\/vc\/parque-el-boldo-un-tesoro-natural-en-el-litoral-norte\/\",\"name\":\"Parque El Boldo: Un tesoro natural en el litoral norte - Valpara\u00ed\u00adso Creativo\",\"isPartOf\":{\"@id\":\"https:\/\/dev.antudigital.cl\/sites\/vc\/#website\"},\"primaryImageOfPage\":{\"@id\":\"https:\/\/dev.antudigital.cl\/sites\/vc\/parque-el-boldo-un-tesoro-natural-en-el-litoral-norte\/#primaryimage\"},\"image\":{\"@id\":\"https:\/\/dev.antudigital.cl\/sites\/vc\/parque-el-boldo-un-tesoro-natural-en-el-litoral-norte\/#primaryimage\"},\"thumbnailUrl\":\"https:\/\/dev.antudigital.cl\/sites\/vc\/wp-content\/uploads\/2025\/01\/Captura-de-Pantalla-2025-01-06-a-las-15.40.30.png\",\"datePublished\":\"2025-01-06T19:13:55+00:00\",\"dateModified\":\"2025-01-06T19:52:56+00:00\",\"author\":{\"@id\":\"https:\/\/dev.antudigital.cl\/sites\/vc\/#\/schema\/person\/c2b9da8dd545e27166fc5ab232837318\"},\"breadcrumb\":{\"@id\":\"https:\/\/dev.antudigital.cl\/sites\/vc\/parque-el-boldo-un-tesoro-natural-en-el-litoral-norte\/#breadcrumb\"},\"inLanguage\":\"es\",\"potentialAction\":[{\"@type\":\"ReadAction\",\"target\":[\"https:\/\/dev.antudigital.cl\/sites\/vc\/parque-el-boldo-un-tesoro-natural-en-el-litoral-norte\/\"]}]},{\"@type\":\"ImageObject\",\"inLanguage\":\"es\",\"@id\":\"https:\/\/dev.antudigital.cl\/sites\/vc\/parque-el-boldo-un-tesoro-natural-en-el-litoral-norte\/#primaryimage\",\"url\":\"https:\/\/dev.antudigital.cl\/sites\/vc\/wp-content\/uploads\/2025\/01\/Captura-de-Pantalla-2025-01-06-a-las-15.40.30.png\",\"contentUrl\":\"https:\/\/dev.antudigital.cl\/sites\/vc\/wp-content\/uploads\/2025\/01\/Captura-de-Pantalla-2025-01-06-a-las-15.40.30.png\",\"width\":671,\"height\":577},{\"@type\":\"BreadcrumbList\",\"@id\":\"https:\/\/dev.antudigital.cl\/sites\/vc\/parque-el-boldo-un-tesoro-natural-en-el-litoral-norte\/#breadcrumb\",\"itemListElement\":[{\"@type\":\"ListItem\",\"position\":1,\"name\":\"Home\",\"item\":\"https:\/\/dev.antudigital.cl\/sites\/vc\/\"},{\"@type\":\"ListItem\",\"position\":2,\"name\":\"Parque El Boldo: Un tesoro natural en el litoral norte\"}]},{\"@type\":\"WebSite\",\"@id\":\"https:\/\/dev.antudigital.cl\/sites\/vc\/#website\",\"url\":\"https:\/\/dev.antudigital.cl\/sites\/vc\/\",\"name\":\"Valpara\u00ed\u00adso Creativo\",\"description\":\"\",\"potentialAction\":[{\"@type\":\"SearchAction\",\"target\":{\"@type\":\"EntryPoint\",\"urlTemplate\":\"https:\/\/dev.antudigital.cl\/sites\/vc\/?s={search_term_string}\"},\"query-input\":{\"@type\":\"PropertyValueSpecification\",\"valueRequired\":true,\"valueName\":\"search_term_string\"}}],\"inLanguage\":\"es\"},{\"@type\":\"Person\",\"@id\":\"https:\/\/dev.antudigital.cl\/sites\/vc\/#\/schema\/person\/c2b9da8dd545e27166fc5ab232837318\",\"name\":\"Valpara\u00edso Creativo\",\"description\":\"Periodista de cultura en la Regi\u00f3n de Valpara\u00edso.\",\"url\":\"https:\/\/dev.antudigital.cl\/sites\/vc\/author\/valpoadmin\/\"}]}<\/script>\n<!-- \/ Yoast SEO plugin. -->","yoast_head_json":{"title":"Parque El Boldo: Un tesoro natural en el litoral norte - Valpara\u00ed\u00adso Creativo","robots":{"index":"index","follow":"follow","max-snippet":"max-snippet:-1","max-image-preview":"max-image-preview:large","max-video-preview":"max-video-preview:-1"},"canonical":"https:\/\/dev.antudigital.cl\/sites\/vc\/parque-el-boldo-un-tesoro-natural-en-el-litoral-norte\/","og_locale":"es_ES","og_type":"article","og_title":"Parque El Boldo: Un tesoro natural en el litoral norte - Valpara\u00ed\u00adso Creativo","og_description":"Hoy queremos compartir un lugar \u00fanico que combina biodiversidad, historia y una experiencia de trekking que no puedes perderte: el Parque El Boldo, en Zapallar. Este es un destino que puedes visitar durante todo el a\u00f1o, pero en esta temporada de vacaciones, te invitamos especialmente a descubrirlo y disfrutar de su belleza natural, a\u00f1adi\u00e9ndolo a [&hellip;]","og_url":"https:\/\/dev.antudigital.cl\/sites\/vc\/parque-el-boldo-un-tesoro-natural-en-el-litoral-norte\/","og_site_name":"Valpara\u00ed\u00adso Creativo","article_published_time":"2025-01-06T19:13:55+00:00","article_modified_time":"2025-01-06T19:52:56+00:00","og_image":[{"width":671,"height":577,"url":"https:\/\/dev.antudigital.cl\/sites\/vc\/wp-content\/uploads\/2025\/01\/Captura-de-Pantalla-2025-01-06-a-las-15.40.30.png","type":"image\/png"}],"author":"Valpara\u00edso Creativo","twitter_card":"summary_large_image","twitter_misc":{"Escrito por":"Valpara\u00edso Creativo","Tiempo de lectura":"5 minutos"},"schema":{"@context":"https:\/\/schema.org","@graph":[{"@type":"Article","@id":"https:\/\/dev.antudigital.cl\/sites\/vc\/parque-el-boldo-un-tesoro-natural-en-el-litoral-norte\/#article","isPartOf":{"@id":"https:\/\/dev.antudigital.cl\/sites\/vc\/parque-el-boldo-un-tesoro-natural-en-el-litoral-norte\/"},"author":{"name":"Valpara\u00edso Creativo","@id":"https:\/\/dev.antudigital.cl\/sites\/vc\/#\/schema\/person\/c2b9da8dd545e27166fc5ab232837318"},"headline":"Parque El Boldo: Un tesoro natural en el litoral norte","datePublished":"2025-01-06T19:13:55+00:00","dateModified":"2025-01-06T19:52:56+00:00","mainEntityOfPage":{"@id":"https:\/\/dev.antudigital.cl\/sites\/vc\/parque-el-boldo-un-tesoro-natural-en-el-litoral-norte\/"},"wordCount":913,"image":{"@id":"https:\/\/dev.antudigital.cl\/sites\/vc\/parque-el-boldo-un-tesoro-natural-en-el-litoral-norte\/#primaryimage"},"thumbnailUrl":"https:\/\/dev.antudigital.cl\/sites\/vc\/wp-content\/uploads\/2025\/01\/Captura-de-Pantalla-2025-01-06-a-las-15.40.30.png","keywords":["destino","Turismo","vacaciones"],"articleSection":["Blog"],"inLanguage":"es"},{"@type":"WebPage","@id":"https:\/\/dev.antudigital.cl\/sites\/vc\/parque-el-boldo-un-tesoro-natural-en-el-litoral-norte\/","url":"https:\/\/dev.antudigital.cl\/sites\/vc\/parque-el-boldo-un-tesoro-natural-en-el-litoral-norte\/","name":"Parque El Boldo: Un tesoro natural en el litoral norte - Valpara\u00ed\u00adso Creativo","isPartOf":{"@id":"https:\/\/dev.antudigital.cl\/sites\/vc\/#website"},"primaryImageOfPage":{"@id":"https:\/\/dev.antudigital.cl\/sites\/vc\/parque-el-boldo-un-tesoro-natural-en-el-litoral-norte\/#primaryimage"},"image":{"@id":"https:\/\/dev.antudigital.cl\/sites\/vc\/parque-el-boldo-un-tesoro-natural-en-el-litoral-norte\/#primaryimage"},"thumbnailUrl":"https:\/\/dev.antudigital.cl\/sites\/vc\/wp-content\/uploads\/2025\/01\/Captura-de-Pantalla-2025-01-06-a-las-15.40.30.png","datePublished":"2025-01-06T19:13:55+00:00","dateModified":"2025-01-06T19:52:56+00:00","author":{"@id":"https:\/\/dev.antudigital.cl\/sites\/vc\/#\/schema\/person\/c2b9da8dd545e27166fc5ab232837318"},"breadcrumb":{"@id":"https:\/\/dev.antudigital.cl\/sites\/vc\/parque-el-boldo-un-tesoro-natural-en-el-litoral-norte\/#breadcrumb"},"inLanguage":"es","potentialAction":[{"@type":"ReadAction","target":["https:\/\/dev.antudigital.cl\/sites\/vc\/parque-el-boldo-un-tesoro-natural-en-el-litoral-norte\/"]}]},{"@type":"ImageObject","inLanguage":"es","@id":"https:\/\/dev.antudigital.cl\/sites\/vc\/parque-el-boldo-un-tesoro-natural-en-el-litoral-norte\/#primaryimage","url":"https:\/\/dev.antudigital.cl\/sites\/vc\/wp-content\/uploads\/2025\/01\/Captura-de-Pantalla-2025-01-06-a-las-15.40.30.png","contentUrl":"https:\/\/dev.antudigital.cl\/sites\/vc\/wp-content\/uploads\/2025\/01\/Captura-de-Pantalla-2025-01-06-a-las-15.40.30.png","width":671,"height":577},{"@type":"BreadcrumbList","@id":"https:\/\/dev.antudigital.cl\/sites\/vc\/parque-el-boldo-un-tesoro-natural-en-el-litoral-norte\/#breadcrumb","itemListElement":[{"@type":"ListItem","position":1,"name":"Home","item":"https:\/\/dev.antudigital.cl\/sites\/vc\/"},{"@type":"ListItem","position":2,"name":"Parque El Boldo: Un tesoro natural en el litoral norte"}]},{"@type":"WebSite","@id":"https:\/\/dev.antudigital.cl\/sites\/vc\/#website","url":"https:\/\/dev.antudigital.cl\/sites\/vc\/","name":"Valpara\u00ed\u00adso Creativo","description":"","potentialAction":[{"@type":"SearchAction","target":{"@type":"EntryPoint","urlTemplate":"https:\/\/dev.antudigital.cl\/sites\/vc\/?s={search_term_string}"},"query-input":{"@type":"PropertyValueSpecification","valueRequired":true,"valueName":"search_term_string"}}],"inLanguage":"es"},{"@type":"Person","@id":"https:\/\/dev.antudigital.cl\/sites\/vc\/#\/schema\/person\/c2b9da8dd545e27166fc5ab232837318","name":"Valpara\u00edso Creativo","description":"Periodista de cultura en la Regi\u00f3n de Valpara\u00edso.","url":"https:\/\/dev.antudigital.cl\/sites\/vc\/author\/valpoadmin\/"}]}},"_links":{"self":[{"href":"https:\/\/dev.antudigital.cl\/sites\/vc\/wp-json\/wp\/v2\/posts\/21704","targetHints":{"allow":["GET"]}}],"collection":[{"href":"https:\/\/dev.antudigital.cl\/sites\/vc\/wp-json\/wp\/v2\/posts"}],"about":[{"href":"https:\/\/dev.antudigital.cl\/sites\/vc\/wp-json\/wp\/v2\/types\/post"}],"author":[{"embeddable":true,"href":"https:\/\/dev.antudigital.cl\/sites\/vc\/wp-json\/wp\/v2\/users\/1"}],"replies":[{"embeddable":true,"href":"https:\/\/dev.antudigital.cl\/sites\/vc\/wp-json\/wp\/v2\/comments?post=21704"}],"version-history":[{"count":3,"href":"https:\/\/dev.antudigital.cl\/sites\/vc\/wp-json\/wp\/v2\/posts\/21704\/revisions"}],"predecessor-version":[{"id":21717,"href":"https:\/\/dev.antudigital.cl\/sites\/vc\/wp-json\/wp\/v2\/posts\/21704\/revisions\/21717"}],"wp:featuredmedia":[{"embeddable":true,"href":"https:\/\/dev.antudigital.cl\/sites\/vc\/wp-json\/wp\/v2\/media\/21710"}],"wp:attachment":[{"href":"https:\/\/dev.antudigital.cl\/sites\/vc\/wp-json\/wp\/v2\/media?parent=21704"}],"wp:term":[{"taxonomy":"category","embeddable":true,"href":"https:\/\/dev.antudigital.cl\/sites\/vc\/wp-json\/wp\/v2\/categories?post=21704"},{"taxonomy":"post_tag","embeddable":true,"href":"https:\/\/dev.antudigital.cl\/sites\/vc\/wp-json\/wp\/v2\/tags?post=21704"}],"curies":[{"name":"wp","href":"https:\/\/api.w.org\/{rel}","templated":true}]}}