{"id":21722,"date":"2025-01-07T21:58:18","date_gmt":"2025-01-07T21:58:18","guid":{"rendered":"https:\/\/www.valparaisocreativo.cl\/?p=21722"},"modified":"2025-01-07T21:58:34","modified_gmt":"2025-01-07T21:58:34","slug":"leve-francesca-ancarola-lanza-videoclip-del-album-canciones-de-hugo-moraga","status":"publish","type":"post","link":"https:\/\/dev.antudigital.cl\/sites\/vc\/leve-francesca-ancarola-lanza-videoclip-del-album-canciones-de-hugo-moraga\/","title":{"rendered":"Leve: Francesca Ancarola lanza videoclip del \u00e1lbum Canciones de Hugo Moraga"},"content":{"rendered":"\n<p>En el mundo del arte es usual que se generen colaboraciones virtuosas que al fusionarse crean experiencias art\u00edsticas que vinculan el pasado con el presente. Este es el caso de \u201cLeve\u201d el nuevo videoclip de la destacada cantante nacional Francesca Ancarola, dirigido por el cineasta Benjam\u00edn Valencia, que reinterpreta la canci\u00f3n \u201cLeve\u201d del cantautor Hugo Moraga. La realizaci\u00f3n del videoclip cont\u00f3 con apoyo del Fondo de la M\u00fasica en la l\u00ednea de Videoclip y Registro Audiovisual para la Promoci\u00f3n de la M\u00fasica Nacional del Ministerio de las Artes, las Culturas y el Patrimonio y&nbsp; que ser\u00e1 lanzando por el canal de YouTube de Francesca Ancarola este viernes 10 de enero a las 21:00 hrs.<\/p>\n\n\n\n<p>Hugo Moraga es un m\u00fasico chileno de vasta trayectoria, con letras po\u00e9ticas, composiciones virtuosas y m\u00faltiples influencias musicales que van desde el rock progresivo, al jazz y folk. Usualmente vinculado al Canto Nuevo, se ha transformado en un autor de culto que ha influenciado fuertemente a generaciones de artistas nacionales. En un esfuerzo de dar mayor visibilidad al trabajo del maestro, Francesca Ancarola y Sim\u00f3n Schriever se unieron para realizar el proyecto musical \u201cCanciones de Hugo Moraga\u201d, en el que adem\u00e1s participaron Pablo Lecaros, Luis Barruetos, Carlos Aguirre, Aline Gon\u00e7alves y el mismo Hugo Moraga en algunos coros del \u00e1lbum.<\/p>\n\n\n\n<p>Poco tiempo despu\u00e9s, en un taller de canto impartido por Francesca Ancarola, se conocen con el cineasta Benjam\u00edn Valencia y nace la idea de crear un videoclip a partir de una de las canciones del disco. Es as\u00ed como estudiantes de la escuela de cine de Valpara\u00edso y de teatro de la UPLA dan vida al proyecto \u201cLeve\u201d, uniendo a tres generaciones de artistas de diversas disciplinas: la m\u00fasica, el audiovisual y las artes esc\u00e9nicas.<\/p>\n\n\n\n<p>El v\u00ednculo de Francesca Ancarola con la m\u00fasica de Hugo Moraga parte en su infancia: \u201ctengo una especial admiraci\u00f3n y el placer de escuchar las canciones de Hugo Moraga desde ni\u00f1a, desde que iba a unos conciertos que se ofrec\u00edan cerca de mi colegio. Y entre ellos recuerdo haber escuchado a Hugo Moraga en uno de esos festivales que ellos organizaron. Estamos hablando de principios de los ochenta, cuando Hugo cantaba activamente en colegios, en universidades y yo empec\u00e9 a ir a sus conciertos desde esa \u00e9poca\u201d.<\/p>\n\n\n\n<p>Benjam\u00edn Valencia, director del videoclip, explic\u00f3 sobre la realizaci\u00f3n conceptual del videoclip que: \u201cHugo tiene la virtud de no ser expl\u00edcito en sus letras, yo creo que Leve es una letra que contiene muchas im\u00e1genes y me pareci\u00f3 s\u00faper entretenido ir encontrando esos simbolismos, pero tambi\u00e9n lo complement\u00e9 con conversaciones telef\u00f3nicas con Hugo. Hablamos con \u00e9l durante la escritura del gui\u00f3n en dos oportunidades y \u00e9l igual me contaba parte de su proceso de composici\u00f3n de Leve, en qu\u00e9 momento estaba \u00e9l en su vida, cuando lo compuso, entonces todo eso fue nutriendo tambi\u00e9n esta conceptualizaci\u00f3n en gui\u00f3n y tambi\u00e9n la creaci\u00f3n de los personajes. En Leve vemos la historia de dos personajes, Luna y Mateo, que est\u00e1 muy enlazada con la historia personal de Hugo que inspir\u00f3 esta composici\u00f3n\u201d.<\/p>\n\n\n\n<p>Manuela Y\u00e1var y Gabriel Sierra protagonizan la historia que se construye sobre la base de dos l\u00edneas narrativas. La primera es el relato de ficci\u00f3n en donde vemos a una pareja, a Mateo y Luna, despidi\u00e9ndose con mucho amor y gratitud por la relaci\u00f3n que vivieron. Luego Luna comienza su viaje interior y exterior. Y la segunda l\u00ednea narrativa es la no ficci\u00f3n, en donde se van intercalando im\u00e1genes de la banda: Francesca, Luis Barrueto y Sim\u00f3n Schriever.<\/p>\n\n\n\n<p>\u201cEn esta segunda l\u00ednea narrativa vemos a los m\u00fasicos interpretando la canci\u00f3n Leve desde el espacio narrativo que habita Mateo, que es el hombre de esta relaci\u00f3n, que representa un poco al hablante l\u00edrico que vendr\u00eda siendo Hugo en la historia real. Entonces, digamos, la banda est\u00e1 en el espacio de Mateo. Francesca es la voz que comunica este mensaje. Y por otro lado vemos a Manuela, que su personaje es el que se aleja y vemos en el exterior, en Laguna Verde\u201d, puntualiza Valencia.<\/p>\n\n\n\n<figure class=\"wp-block-image size-large\"><img fetchpriority=\"high\" decoding=\"async\" width=\"1024\" height=\"682\" src=\"https:\/\/www.valparaisocreativo.cl\/wp-content\/uploads\/2025\/01\/Rodaje_Leve-2-1024x682.jpeg\" alt=\"\" class=\"wp-image-21724\" srcset=\"https:\/\/dev.antudigital.cl\/sites\/vc\/wp-content\/uploads\/2025\/01\/Rodaje_Leve-2-1024x682.jpeg 1024w, https:\/\/dev.antudigital.cl\/sites\/vc\/wp-content\/uploads\/2025\/01\/Rodaje_Leve-2-300x200.jpeg 300w, https:\/\/dev.antudigital.cl\/sites\/vc\/wp-content\/uploads\/2025\/01\/Rodaje_Leve-2-768x512.jpeg 768w, https:\/\/dev.antudigital.cl\/sites\/vc\/wp-content\/uploads\/2025\/01\/Rodaje_Leve-2-1536x1023.jpeg 1536w, https:\/\/dev.antudigital.cl\/sites\/vc\/wp-content\/uploads\/2025\/01\/Rodaje_Leve-2-1080x720.jpeg 1080w, https:\/\/dev.antudigital.cl\/sites\/vc\/wp-content\/uploads\/2025\/01\/Rodaje_Leve-2-1280x853.jpeg 1280w, https:\/\/dev.antudigital.cl\/sites\/vc\/wp-content\/uploads\/2025\/01\/Rodaje_Leve-2-980x653.jpeg 980w, https:\/\/dev.antudigital.cl\/sites\/vc\/wp-content\/uploads\/2025\/01\/Rodaje_Leve-2-480x320.jpeg 480w, https:\/\/dev.antudigital.cl\/sites\/vc\/wp-content\/uploads\/2025\/01\/Rodaje_Leve-2-24x16.jpeg 24w, https:\/\/dev.antudigital.cl\/sites\/vc\/wp-content\/uploads\/2025\/01\/Rodaje_Leve-2-36x24.jpeg 36w, https:\/\/dev.antudigital.cl\/sites\/vc\/wp-content\/uploads\/2025\/01\/Rodaje_Leve-2-48x32.jpeg 48w, https:\/\/dev.antudigital.cl\/sites\/vc\/wp-content\/uploads\/2025\/01\/Rodaje_Leve-2.jpeg 1600w\" sizes=\"(max-width: 1024px) 100vw, 1024px\" \/><\/figure>\n\n\n\n<p>Las locaciones se situaron en Valpara\u00edso y Laguna Verde, con un cuidado visual y est\u00e9tico importante a cargo de las productoras Carpanta Cine y Sinfon\u00eda Visual. Se trata de profesionales j\u00f3venes provenientes de la escuela de cine de la Universidad de Valpara\u00edso, quienes integraron el equipo liderado por Benjam\u00edn Valencia junto a Catalina Galindo, asistente de direcci\u00f3n; Katherinne Paris, productora; Manuel Hoppe, direcci\u00f3n de fotograf\u00eda; Juan Romero, montajista y Francisca Droppelmann, directora de arte.<\/p>\n\n\n\n<p>\u201cMe llam\u00f3 mucho la atenci\u00f3n la locaci\u00f3n, donde fue el rodaje para nosotros. Ten\u00edamos un set rodeado de vegetaci\u00f3n, muy cuidadosamente elegida y acomodada, con una luz muy especial en el set, hermosamente concebido en realidad. Con un grupo humano tremendamente profesional, todos muy j\u00f3venes, gente muy profesional, creativa, muy eficiente, se logr\u00f3 crear la atm\u00f3sfera que se necesitaba para el di\u00e1logo con estas dos formas de relato que comenta el Benja. Yo estoy muy feliz de ser parte de un equipo como el que se conform\u00f3\u201d, enfatiza Francesca Ancarola.<\/p>\n\n\n\n<p>El arte del disco \u201cCanciones de Hugo Moraga\u201d estuvo a cargo del fot\u00f3grafo Rodrigo Vega y el dise\u00f1o lo realiz\u00f3 Danila Ilabaca. Actualmente se encuentra disponible en plataformas digitales como YouTube y Spotify. El videoclip ser\u00e1 lanzado presencialmente en la Sala Rub\u00e9n Dar\u00edo del Centro de Extensi\u00f3n de la Universidad de Valpara\u00edso este viernes 10 de enero a las 16:45 hrs. y contar\u00e1 con un conversatorio posterior en el que el p\u00fablico podr\u00e1 conocer los detalles de este trabajo audiovisual junto a Francesca Ancarola y a Benjam\u00edn Valencia. Adem\u00e1s, la cantante interpretar\u00e1 algunos temas para el p\u00fablico presente. M\u00e1s informaci\u00f3n disponible en Instagram de @francescaancarolaoficial, @carpantacine y @sinfoniavisualprod.<\/p>\n","protected":false},"excerpt":{"rendered":"<p>En el mundo del arte es usual que se generen colaboraciones virtuosas que al fusionarse crean experiencias art\u00edsticas que vinculan el pasado con el presente. Este es el caso de \u201cLeve\u201d el nuevo videoclip de la destacada cantante nacional Francesca Ancarola, dirigido por el cineasta Benjam\u00edn Valencia, que reinterpreta la canci\u00f3n \u201cLeve\u201d del cantautor Hugo [&hellip;]<\/p>\n","protected":false},"author":1,"featured_media":21723,"comment_status":"closed","ping_status":"closed","sticky":false,"template":"","format":"standard","meta":{"_acf_changed":false,"footnotes":""},"categories":[8],"tags":[],"class_list":["post-21722","post","type-post","status-publish","format-standard","has-post-thumbnail","hentry","category-noticia"],"acf":[],"yoast_head":"<!-- This site is optimized with the Yoast SEO plugin v27.1.1 - https:\/\/yoast.com\/product\/yoast-seo-wordpress\/ -->\n<title>Leve: Francesca Ancarola lanza videoclip del \u00e1lbum Canciones de Hugo Moraga - Valpara\u00ed\u00adso Creativo<\/title>\n<meta name=\"robots\" content=\"index, follow, max-snippet:-1, max-image-preview:large, max-video-preview:-1\" \/>\n<link rel=\"canonical\" href=\"https:\/\/dev.antudigital.cl\/sites\/vc\/leve-francesca-ancarola-lanza-videoclip-del-album-canciones-de-hugo-moraga\/\" \/>\n<meta property=\"og:locale\" content=\"es_ES\" \/>\n<meta property=\"og:type\" content=\"article\" \/>\n<meta property=\"og:title\" content=\"Leve: Francesca Ancarola lanza videoclip del \u00e1lbum Canciones de Hugo Moraga - Valpara\u00ed\u00adso Creativo\" \/>\n<meta property=\"og:description\" content=\"En el mundo del arte es usual que se generen colaboraciones virtuosas que al fusionarse crean experiencias art\u00edsticas que vinculan el pasado con el presente. Este es el caso de \u201cLeve\u201d el nuevo videoclip de la destacada cantante nacional Francesca Ancarola, dirigido por el cineasta Benjam\u00edn Valencia, que reinterpreta la canci\u00f3n \u201cLeve\u201d del cantautor Hugo [&hellip;]\" \/>\n<meta property=\"og:url\" content=\"https:\/\/dev.antudigital.cl\/sites\/vc\/leve-francesca-ancarola-lanza-videoclip-del-album-canciones-de-hugo-moraga\/\" \/>\n<meta property=\"og:site_name\" content=\"Valpara\u00ed\u00adso Creativo\" \/>\n<meta property=\"article:published_time\" content=\"2025-01-07T21:58:18+00:00\" \/>\n<meta property=\"article:modified_time\" content=\"2025-01-07T21:58:34+00:00\" \/>\n<meta property=\"og:image\" content=\"https:\/\/dev.antudigital.cl\/sites\/vc\/wp-content\/uploads\/2025\/01\/Still_LEVE-3.jpeg\" \/>\n\t<meta property=\"og:image:width\" content=\"1600\" \/>\n\t<meta property=\"og:image:height\" content=\"900\" \/>\n\t<meta property=\"og:image:type\" content=\"image\/jpeg\" \/>\n<meta name=\"author\" content=\"Valpara\u00edso Creativo\" \/>\n<meta name=\"twitter:card\" content=\"summary_large_image\" \/>\n<meta name=\"twitter:label1\" content=\"Escrito por\" \/>\n\t<meta name=\"twitter:data1\" content=\"Valpara\u00edso Creativo\" \/>\n\t<meta name=\"twitter:label2\" content=\"Tiempo de lectura\" \/>\n\t<meta name=\"twitter:data2\" content=\"5 minutos\" \/>\n<script type=\"application\/ld+json\" class=\"yoast-schema-graph\">{\"@context\":\"https:\/\/schema.org\",\"@graph\":[{\"@type\":\"Article\",\"@id\":\"https:\/\/dev.antudigital.cl\/sites\/vc\/leve-francesca-ancarola-lanza-videoclip-del-album-canciones-de-hugo-moraga\/#article\",\"isPartOf\":{\"@id\":\"https:\/\/dev.antudigital.cl\/sites\/vc\/leve-francesca-ancarola-lanza-videoclip-del-album-canciones-de-hugo-moraga\/\"},\"author\":{\"name\":\"Valpara\u00edso Creativo\",\"@id\":\"https:\/\/dev.antudigital.cl\/sites\/vc\/#\/schema\/person\/c2b9da8dd545e27166fc5ab232837318\"},\"headline\":\"Leve: Francesca Ancarola lanza videoclip del \u00e1lbum Canciones de Hugo Moraga\",\"datePublished\":\"2025-01-07T21:58:18+00:00\",\"dateModified\":\"2025-01-07T21:58:34+00:00\",\"mainEntityOfPage\":{\"@id\":\"https:\/\/dev.antudigital.cl\/sites\/vc\/leve-francesca-ancarola-lanza-videoclip-del-album-canciones-de-hugo-moraga\/\"},\"wordCount\":1031,\"image\":{\"@id\":\"https:\/\/dev.antudigital.cl\/sites\/vc\/leve-francesca-ancarola-lanza-videoclip-del-album-canciones-de-hugo-moraga\/#primaryimage\"},\"thumbnailUrl\":\"https:\/\/dev.antudigital.cl\/sites\/vc\/wp-content\/uploads\/2025\/01\/Still_LEVE-3.jpeg\",\"articleSection\":[\"Noticia\"],\"inLanguage\":\"es\"},{\"@type\":\"WebPage\",\"@id\":\"https:\/\/dev.antudigital.cl\/sites\/vc\/leve-francesca-ancarola-lanza-videoclip-del-album-canciones-de-hugo-moraga\/\",\"url\":\"https:\/\/dev.antudigital.cl\/sites\/vc\/leve-francesca-ancarola-lanza-videoclip-del-album-canciones-de-hugo-moraga\/\",\"name\":\"Leve: Francesca Ancarola lanza videoclip del \u00e1lbum Canciones de Hugo Moraga - Valpara\u00ed\u00adso Creativo\",\"isPartOf\":{\"@id\":\"https:\/\/dev.antudigital.cl\/sites\/vc\/#website\"},\"primaryImageOfPage\":{\"@id\":\"https:\/\/dev.antudigital.cl\/sites\/vc\/leve-francesca-ancarola-lanza-videoclip-del-album-canciones-de-hugo-moraga\/#primaryimage\"},\"image\":{\"@id\":\"https:\/\/dev.antudigital.cl\/sites\/vc\/leve-francesca-ancarola-lanza-videoclip-del-album-canciones-de-hugo-moraga\/#primaryimage\"},\"thumbnailUrl\":\"https:\/\/dev.antudigital.cl\/sites\/vc\/wp-content\/uploads\/2025\/01\/Still_LEVE-3.jpeg\",\"datePublished\":\"2025-01-07T21:58:18+00:00\",\"dateModified\":\"2025-01-07T21:58:34+00:00\",\"author\":{\"@id\":\"https:\/\/dev.antudigital.cl\/sites\/vc\/#\/schema\/person\/c2b9da8dd545e27166fc5ab232837318\"},\"breadcrumb\":{\"@id\":\"https:\/\/dev.antudigital.cl\/sites\/vc\/leve-francesca-ancarola-lanza-videoclip-del-album-canciones-de-hugo-moraga\/#breadcrumb\"},\"inLanguage\":\"es\",\"potentialAction\":[{\"@type\":\"ReadAction\",\"target\":[\"https:\/\/dev.antudigital.cl\/sites\/vc\/leve-francesca-ancarola-lanza-videoclip-del-album-canciones-de-hugo-moraga\/\"]}]},{\"@type\":\"ImageObject\",\"inLanguage\":\"es\",\"@id\":\"https:\/\/dev.antudigital.cl\/sites\/vc\/leve-francesca-ancarola-lanza-videoclip-del-album-canciones-de-hugo-moraga\/#primaryimage\",\"url\":\"https:\/\/dev.antudigital.cl\/sites\/vc\/wp-content\/uploads\/2025\/01\/Still_LEVE-3.jpeg\",\"contentUrl\":\"https:\/\/dev.antudigital.cl\/sites\/vc\/wp-content\/uploads\/2025\/01\/Still_LEVE-3.jpeg\",\"width\":1600,\"height\":900},{\"@type\":\"BreadcrumbList\",\"@id\":\"https:\/\/dev.antudigital.cl\/sites\/vc\/leve-francesca-ancarola-lanza-videoclip-del-album-canciones-de-hugo-moraga\/#breadcrumb\",\"itemListElement\":[{\"@type\":\"ListItem\",\"position\":1,\"name\":\"Home\",\"item\":\"https:\/\/dev.antudigital.cl\/sites\/vc\/\"},{\"@type\":\"ListItem\",\"position\":2,\"name\":\"Leve: Francesca Ancarola lanza videoclip del \u00e1lbum Canciones de Hugo Moraga\"}]},{\"@type\":\"WebSite\",\"@id\":\"https:\/\/dev.antudigital.cl\/sites\/vc\/#website\",\"url\":\"https:\/\/dev.antudigital.cl\/sites\/vc\/\",\"name\":\"Valpara\u00ed\u00adso Creativo\",\"description\":\"\",\"potentialAction\":[{\"@type\":\"SearchAction\",\"target\":{\"@type\":\"EntryPoint\",\"urlTemplate\":\"https:\/\/dev.antudigital.cl\/sites\/vc\/?s={search_term_string}\"},\"query-input\":{\"@type\":\"PropertyValueSpecification\",\"valueRequired\":true,\"valueName\":\"search_term_string\"}}],\"inLanguage\":\"es\"},{\"@type\":\"Person\",\"@id\":\"https:\/\/dev.antudigital.cl\/sites\/vc\/#\/schema\/person\/c2b9da8dd545e27166fc5ab232837318\",\"name\":\"Valpara\u00edso Creativo\",\"description\":\"Periodista de cultura en la Regi\u00f3n de Valpara\u00edso.\",\"url\":\"https:\/\/dev.antudigital.cl\/sites\/vc\/author\/valpoadmin\/\"}]}<\/script>\n<!-- \/ Yoast SEO plugin. -->","yoast_head_json":{"title":"Leve: Francesca Ancarola lanza videoclip del \u00e1lbum Canciones de Hugo Moraga - Valpara\u00ed\u00adso Creativo","robots":{"index":"index","follow":"follow","max-snippet":"max-snippet:-1","max-image-preview":"max-image-preview:large","max-video-preview":"max-video-preview:-1"},"canonical":"https:\/\/dev.antudigital.cl\/sites\/vc\/leve-francesca-ancarola-lanza-videoclip-del-album-canciones-de-hugo-moraga\/","og_locale":"es_ES","og_type":"article","og_title":"Leve: Francesca Ancarola lanza videoclip del \u00e1lbum Canciones de Hugo Moraga - Valpara\u00ed\u00adso Creativo","og_description":"En el mundo del arte es usual que se generen colaboraciones virtuosas que al fusionarse crean experiencias art\u00edsticas que vinculan el pasado con el presente. Este es el caso de \u201cLeve\u201d el nuevo videoclip de la destacada cantante nacional Francesca Ancarola, dirigido por el cineasta Benjam\u00edn Valencia, que reinterpreta la canci\u00f3n \u201cLeve\u201d del cantautor Hugo [&hellip;]","og_url":"https:\/\/dev.antudigital.cl\/sites\/vc\/leve-francesca-ancarola-lanza-videoclip-del-album-canciones-de-hugo-moraga\/","og_site_name":"Valpara\u00ed\u00adso Creativo","article_published_time":"2025-01-07T21:58:18+00:00","article_modified_time":"2025-01-07T21:58:34+00:00","og_image":[{"width":1600,"height":900,"url":"https:\/\/dev.antudigital.cl\/sites\/vc\/wp-content\/uploads\/2025\/01\/Still_LEVE-3.jpeg","type":"image\/jpeg"}],"author":"Valpara\u00edso Creativo","twitter_card":"summary_large_image","twitter_misc":{"Escrito por":"Valpara\u00edso Creativo","Tiempo de lectura":"5 minutos"},"schema":{"@context":"https:\/\/schema.org","@graph":[{"@type":"Article","@id":"https:\/\/dev.antudigital.cl\/sites\/vc\/leve-francesca-ancarola-lanza-videoclip-del-album-canciones-de-hugo-moraga\/#article","isPartOf":{"@id":"https:\/\/dev.antudigital.cl\/sites\/vc\/leve-francesca-ancarola-lanza-videoclip-del-album-canciones-de-hugo-moraga\/"},"author":{"name":"Valpara\u00edso Creativo","@id":"https:\/\/dev.antudigital.cl\/sites\/vc\/#\/schema\/person\/c2b9da8dd545e27166fc5ab232837318"},"headline":"Leve: Francesca Ancarola lanza videoclip del \u00e1lbum Canciones de Hugo Moraga","datePublished":"2025-01-07T21:58:18+00:00","dateModified":"2025-01-07T21:58:34+00:00","mainEntityOfPage":{"@id":"https:\/\/dev.antudigital.cl\/sites\/vc\/leve-francesca-ancarola-lanza-videoclip-del-album-canciones-de-hugo-moraga\/"},"wordCount":1031,"image":{"@id":"https:\/\/dev.antudigital.cl\/sites\/vc\/leve-francesca-ancarola-lanza-videoclip-del-album-canciones-de-hugo-moraga\/#primaryimage"},"thumbnailUrl":"https:\/\/dev.antudigital.cl\/sites\/vc\/wp-content\/uploads\/2025\/01\/Still_LEVE-3.jpeg","articleSection":["Noticia"],"inLanguage":"es"},{"@type":"WebPage","@id":"https:\/\/dev.antudigital.cl\/sites\/vc\/leve-francesca-ancarola-lanza-videoclip-del-album-canciones-de-hugo-moraga\/","url":"https:\/\/dev.antudigital.cl\/sites\/vc\/leve-francesca-ancarola-lanza-videoclip-del-album-canciones-de-hugo-moraga\/","name":"Leve: Francesca Ancarola lanza videoclip del \u00e1lbum Canciones de Hugo Moraga - Valpara\u00ed\u00adso Creativo","isPartOf":{"@id":"https:\/\/dev.antudigital.cl\/sites\/vc\/#website"},"primaryImageOfPage":{"@id":"https:\/\/dev.antudigital.cl\/sites\/vc\/leve-francesca-ancarola-lanza-videoclip-del-album-canciones-de-hugo-moraga\/#primaryimage"},"image":{"@id":"https:\/\/dev.antudigital.cl\/sites\/vc\/leve-francesca-ancarola-lanza-videoclip-del-album-canciones-de-hugo-moraga\/#primaryimage"},"thumbnailUrl":"https:\/\/dev.antudigital.cl\/sites\/vc\/wp-content\/uploads\/2025\/01\/Still_LEVE-3.jpeg","datePublished":"2025-01-07T21:58:18+00:00","dateModified":"2025-01-07T21:58:34+00:00","author":{"@id":"https:\/\/dev.antudigital.cl\/sites\/vc\/#\/schema\/person\/c2b9da8dd545e27166fc5ab232837318"},"breadcrumb":{"@id":"https:\/\/dev.antudigital.cl\/sites\/vc\/leve-francesca-ancarola-lanza-videoclip-del-album-canciones-de-hugo-moraga\/#breadcrumb"},"inLanguage":"es","potentialAction":[{"@type":"ReadAction","target":["https:\/\/dev.antudigital.cl\/sites\/vc\/leve-francesca-ancarola-lanza-videoclip-del-album-canciones-de-hugo-moraga\/"]}]},{"@type":"ImageObject","inLanguage":"es","@id":"https:\/\/dev.antudigital.cl\/sites\/vc\/leve-francesca-ancarola-lanza-videoclip-del-album-canciones-de-hugo-moraga\/#primaryimage","url":"https:\/\/dev.antudigital.cl\/sites\/vc\/wp-content\/uploads\/2025\/01\/Still_LEVE-3.jpeg","contentUrl":"https:\/\/dev.antudigital.cl\/sites\/vc\/wp-content\/uploads\/2025\/01\/Still_LEVE-3.jpeg","width":1600,"height":900},{"@type":"BreadcrumbList","@id":"https:\/\/dev.antudigital.cl\/sites\/vc\/leve-francesca-ancarola-lanza-videoclip-del-album-canciones-de-hugo-moraga\/#breadcrumb","itemListElement":[{"@type":"ListItem","position":1,"name":"Home","item":"https:\/\/dev.antudigital.cl\/sites\/vc\/"},{"@type":"ListItem","position":2,"name":"Leve: Francesca Ancarola lanza videoclip del \u00e1lbum Canciones de Hugo Moraga"}]},{"@type":"WebSite","@id":"https:\/\/dev.antudigital.cl\/sites\/vc\/#website","url":"https:\/\/dev.antudigital.cl\/sites\/vc\/","name":"Valpara\u00ed\u00adso Creativo","description":"","potentialAction":[{"@type":"SearchAction","target":{"@type":"EntryPoint","urlTemplate":"https:\/\/dev.antudigital.cl\/sites\/vc\/?s={search_term_string}"},"query-input":{"@type":"PropertyValueSpecification","valueRequired":true,"valueName":"search_term_string"}}],"inLanguage":"es"},{"@type":"Person","@id":"https:\/\/dev.antudigital.cl\/sites\/vc\/#\/schema\/person\/c2b9da8dd545e27166fc5ab232837318","name":"Valpara\u00edso Creativo","description":"Periodista de cultura en la Regi\u00f3n de Valpara\u00edso.","url":"https:\/\/dev.antudigital.cl\/sites\/vc\/author\/valpoadmin\/"}]}},"_links":{"self":[{"href":"https:\/\/dev.antudigital.cl\/sites\/vc\/wp-json\/wp\/v2\/posts\/21722","targetHints":{"allow":["GET"]}}],"collection":[{"href":"https:\/\/dev.antudigital.cl\/sites\/vc\/wp-json\/wp\/v2\/posts"}],"about":[{"href":"https:\/\/dev.antudigital.cl\/sites\/vc\/wp-json\/wp\/v2\/types\/post"}],"author":[{"embeddable":true,"href":"https:\/\/dev.antudigital.cl\/sites\/vc\/wp-json\/wp\/v2\/users\/1"}],"replies":[{"embeddable":true,"href":"https:\/\/dev.antudigital.cl\/sites\/vc\/wp-json\/wp\/v2\/comments?post=21722"}],"version-history":[{"count":1,"href":"https:\/\/dev.antudigital.cl\/sites\/vc\/wp-json\/wp\/v2\/posts\/21722\/revisions"}],"predecessor-version":[{"id":21725,"href":"https:\/\/dev.antudigital.cl\/sites\/vc\/wp-json\/wp\/v2\/posts\/21722\/revisions\/21725"}],"wp:featuredmedia":[{"embeddable":true,"href":"https:\/\/dev.antudigital.cl\/sites\/vc\/wp-json\/wp\/v2\/media\/21723"}],"wp:attachment":[{"href":"https:\/\/dev.antudigital.cl\/sites\/vc\/wp-json\/wp\/v2\/media?parent=21722"}],"wp:term":[{"taxonomy":"category","embeddable":true,"href":"https:\/\/dev.antudigital.cl\/sites\/vc\/wp-json\/wp\/v2\/categories?post=21722"},{"taxonomy":"post_tag","embeddable":true,"href":"https:\/\/dev.antudigital.cl\/sites\/vc\/wp-json\/wp\/v2\/tags?post=21722"}],"curies":[{"name":"wp","href":"https:\/\/api.w.org\/{rel}","templated":true}]}}