{"id":21726,"date":"2025-01-07T22:02:07","date_gmt":"2025-01-07T22:02:07","guid":{"rendered":"https:\/\/www.valparaisocreativo.cl\/?p=21726"},"modified":"2025-01-07T22:02:24","modified_gmt":"2025-01-07T22:02:24","slug":"las-protagonistas-femeninas-se-toman-insomnia-con-los-estrenos-de-la-mutante-y-la-chica-de-la-aguja","status":"publish","type":"post","link":"https:\/\/dev.antudigital.cl\/sites\/vc\/las-protagonistas-femeninas-se-toman-insomnia-con-los-estrenos-de-la-mutante-y-la-chica-de-la-aguja\/","title":{"rendered":"Las protagonistas femeninas se toman INSOMNIA con los estrenos de La Mutante y La chica de la aguja"},"content":{"rendered":"\n<p>Desde Dinamarca y Chile llegan dos estrenos con protagonistas femeninas fuertes que enfrentan la maternidad en una sociedad hostil que, lejos de acoger y facilitar las condiciones de las mujeres que maternan, establece barreras tanto en lo social como en lo econ\u00f3mico para que \u00e9stas puedan salir adelante. Desde el cine documental, la directora Constanza Tejo Roa estrenar\u00e1 \u201cLa Mutante\u201d este jueves 9 de enero a las 18:00 hrs. con cineforo. Y desde el g\u00e9nero de ficci\u00f3n, se estrenar\u00e1 un drama thriller, basado en una historia real, de la mano del director Magnus van Horn: La chica de la Aguja.<\/p>\n\n\n\n<p>Con un tratamiento punky, \u201cLa mutante\u201d es un filme \u00edntimo y valiente que explora la experiencia de una directora de fotograf\u00eda que, al descubrir un embarazo inesperado, es marginada de su entorno laboral. Alejada del oficio, encuentra en su auto-registro la herramienta para documentar un proceso de transformaci\u00f3n f\u00edsico, emocional y profesional.<\/p>\n\n\n\n<p><em>\u201cDecid\u00ed hacer LA MUTANTE cuando qued\u00e9 embarazada y nadie m\u00e1s me llam\u00f3 a hacer cine. En esta pel\u00edcula indago la desilusi\u00f3n vivida tras enfrentarme a una maternidad que no es como me contaron y postergar mi carrera como directora de fotograf\u00eda. Me sent\u00eda tan sola, que la c\u00e1mara fue mi compa\u00f1\u00eda para atravesar esos 9 meses y no volverme loca mientras todo indicaba que ahora me correspond\u00eda ser s\u00f3lo due\u00f1a de casa\u201d, explica la directora Constanza Tejo Roa.<\/em><\/p>\n\n\n\n<p>En<strong>&nbsp;La Mutante<\/strong>, Tejo Roa se convierte tanto en autora como en protagonista, construyendo un retrato crudo y honesto de su metamorfosis hacia una nueva forma de ser cineasta y mujer. Relegada a los quehaceres del hogar y la nueva maternidad, la protagonista enfrenta las expectativas sociales, los v\u00ednculos familiares y los desaf\u00edos personales y profesionales, mientras busca en este obst\u00e1culo una oportunidad para reinventarse. La pel\u00edcula no solo reflexiona sobre la maternidad, sino tambi\u00e9n sobre las estructuras laborales y las barreras que enfrentan las mujeres en el mercado laboral.<\/p>\n\n\n\n<p>El trabajo de direcci\u00f3n de fotograf\u00eda, montaje y gui\u00f3n de Tejo Roa, crean una atm\u00f3sfera que por momentos es profundamente \u00edntima y evocadora, y en otros c\u00f3micamente contestataria. Adem\u00e1s, el filme destaca por la participaci\u00f3n de Soledad Roa y Coc\u00f3 Allende, madre y abuela respectivamente, quienes robustecen la narrativa desde la perspectiva femenina y familiar. El filme, logra una narraci\u00f3n profunda de autorretrato realizado con la maestr\u00eda del ojo de la directora de fotograf\u00eda quien a pesar del dif\u00edcil momento que enfrenta en su vida tiene la lucidez de registrarlo para llegar a convertir esta circunstancia en una obra cinematogr\u00e1fica sensible y atrevida.<\/p>\n\n\n\n<p>El estreno de La Mutante marca un hito en la cinematograf\u00eda chilena, consolidando a Constanza Tejo Roa como una voz relevante en el cine documental contempor\u00e1neo. Su enfoque valiente y aut\u00e9ntico promete generar una reflexi\u00f3n profunda sobre el ser mujer en el siglo XXI. Adem\u00e1s del estreno, el filme se proyectar\u00e1 el viernes 31 de enero a las 17:30 hrs.<\/p>\n\n\n\n<p><strong>La chica de la aguja: un oscuro cuento de hadas<\/strong><\/p>\n\n\n\n<p>Basada en una escalofriante historia real, \u201cLa chica de la aguja\u201d presenta una visi\u00f3n g\u00f3tica magistral con profunda resonancia contempor\u00e1nea. El premio al Mejor Largometraje Internacional de Dinamarca, ocupa el puesto 97 Los Premios de la Academia, tambi\u00e9n cuenta con actuaciones nominadas al EFA de Vic Carmen Sonne y Trine Dyrholm, magn\u00edfica fotograf\u00eda de Micha\u0142 Dymek de EO y una fascinante banda sonora de Frederikke Hoffmeier (Puce Mar\u00eda).<\/p>\n\n\n\n<figure class=\"wp-block-image size-large\"><img fetchpriority=\"high\" decoding=\"async\" width=\"1024\" height=\"712\" src=\"https:\/\/www.valparaisocreativo.cl\/wp-content\/uploads\/2025\/01\/La-chica-de-la-aguja-2-1024x712.jpeg\" alt=\"\" class=\"wp-image-21728\" srcset=\"https:\/\/dev.antudigital.cl\/sites\/vc\/wp-content\/uploads\/2025\/01\/La-chica-de-la-aguja-2-1024x712.jpeg 1024w, https:\/\/dev.antudigital.cl\/sites\/vc\/wp-content\/uploads\/2025\/01\/La-chica-de-la-aguja-2-300x209.jpeg 300w, https:\/\/dev.antudigital.cl\/sites\/vc\/wp-content\/uploads\/2025\/01\/La-chica-de-la-aguja-2-768x534.jpeg 768w, https:\/\/dev.antudigital.cl\/sites\/vc\/wp-content\/uploads\/2025\/01\/La-chica-de-la-aguja-2-1536x1068.jpeg 1536w, https:\/\/dev.antudigital.cl\/sites\/vc\/wp-content\/uploads\/2025\/01\/La-chica-de-la-aguja-2-1080x751.jpeg 1080w, https:\/\/dev.antudigital.cl\/sites\/vc\/wp-content\/uploads\/2025\/01\/La-chica-de-la-aguja-2-1280x890.jpeg 1280w, https:\/\/dev.antudigital.cl\/sites\/vc\/wp-content\/uploads\/2025\/01\/La-chica-de-la-aguja-2-980x682.jpeg 980w, https:\/\/dev.antudigital.cl\/sites\/vc\/wp-content\/uploads\/2025\/01\/La-chica-de-la-aguja-2-480x334.jpeg 480w, https:\/\/dev.antudigital.cl\/sites\/vc\/wp-content\/uploads\/2025\/01\/La-chica-de-la-aguja-2-24x17.jpeg 24w, https:\/\/dev.antudigital.cl\/sites\/vc\/wp-content\/uploads\/2025\/01\/La-chica-de-la-aguja-2-36x25.jpeg 36w, https:\/\/dev.antudigital.cl\/sites\/vc\/wp-content\/uploads\/2025\/01\/La-chica-de-la-aguja-2-48x33.jpeg 48w, https:\/\/dev.antudigital.cl\/sites\/vc\/wp-content\/uploads\/2025\/01\/La-chica-de-la-aguja-2.jpeg 1600w\" sizes=\"(max-width: 1024px) 100vw, 1024px\" \/><\/figure>\n\n\n\n<p>Escrita y dirigida por Magnus van Horn, tuvo una destacada participaci\u00f3n en el Festival de Cine de Cannes 2024. La chica de la aguja es un cuento de hadas oscuro. Se trata de la historia sobre la b\u00fasqueda de ternura y moralidad de una mujer en un mundo cruel. A la vez inquietante y exquisita, la historia sigue a una joven trabajadora de una f\u00e1brica llamada Karoline mientras lucha por sobrevivir en Copenhague despu\u00e9s de la Primera Guerra Mundial. Cuando ella termina desempleada, abandonada y embarazada, conoce a la carism\u00e1tica Dagmar quien la acoge para ayudarla a dirigir una agencia de adopci\u00f3n clandestina que ayuda a las madres a encontrar hogares de acogida para sus hijos no deseados.<\/p>\n\n\n\n<p>Magnus van Horn explica sobre su film que: \u201cen La chica de la aguja conocemos a una mujer pobre que vive en un \u00e1tico, un pr\u00edncipe sobre un caballo blanco que resulta ser un cobarde, un monstruo sin rostro, pero con un coraz\u00f3n de oro, y una bruja con una tienda de golosinas. Un cuento de hadas para adultos. Este es el estilo que hemos elegido utilizar para contar una historia que sucedi\u00f3 hace mucho, mucho tiempo, pero aborda un tema tan cercano a nosotros hoy: los no deseados y qu\u00e9 debemos hacer con ellos\u201d.<\/p>\n\n\n\n<p>\u201cLa protagonista, Karoline, lucha por encontrar una vida mejor. Pero \u00bfcu\u00e1l es la forma correcta de hacerlo? \u00bfentonces? Un mundo fr\u00edo crea m\u00e9todos fr\u00edos y la br\u00fajula moral de Karoline pierde direcci\u00f3n f\u00e1cilmente. Hacer el bien, se ve mal y viceversa. Seguimos a Karoline en un viaje tratando de escapar de la pobreza donde aprende que es f\u00e1cil coquetear con el diablo, pero que requiere un gran esfuerzo amar. Con su marido perdido en la guerra, experimenta un romance humillante que la lleva a un embarazo no deseado. Para una mujer como Karoline, la vida se convierte en un infierno, y con esta pel\u00edcula quer\u00eda explorar que s\u00ed es posible ser bueno en el infierno\u201d.<\/p>\n\n\n\n<p>La chica de la aguja est\u00e1 inspirada en hechos reales que rodearon el asesinato m\u00e1s controvertido en la historia danesa. Un trauma nacional que resuena a trav\u00e9s del tiempo y que a\u00fan hoy puede recordarnos lo que significa hacer la vista gorda ante los horrores de la sociedad. Se proyectar\u00e1 e INSOMNIA los d\u00edas viernes 10 (21:45) y viernes 12 (18:00). Para m\u00e1s informaci\u00f3n visita&nbsp;<a href=\"http:\/\/www.insomniacine.cl\/\" target=\"_blank\" rel=\"noreferrer noopener\">www.insomniacine.cl<\/a>.<\/p>\n","protected":false},"excerpt":{"rendered":"<p>Desde Dinamarca y Chile llegan dos estrenos con protagonistas femeninas fuertes que enfrentan la maternidad en una sociedad hostil que, lejos de acoger y facilitar las condiciones de las mujeres que maternan, establece barreras tanto en lo social como en lo econ\u00f3mico para que \u00e9stas puedan salir adelante. Desde el cine documental, la directora Constanza [&hellip;]<\/p>\n","protected":false},"author":1,"featured_media":21727,"comment_status":"closed","ping_status":"closed","sticky":false,"template":"","format":"standard","meta":{"_acf_changed":false,"footnotes":""},"categories":[8],"tags":[],"class_list":["post-21726","post","type-post","status-publish","format-standard","has-post-thumbnail","hentry","category-noticia"],"acf":[],"yoast_head":"<!-- This site is optimized with the Yoast SEO plugin v27.1.1 - https:\/\/yoast.com\/product\/yoast-seo-wordpress\/ -->\n<title>Las protagonistas femeninas se toman INSOMNIA con los estrenos de La Mutante y La chica de la aguja - Valpara\u00ed\u00adso Creativo<\/title>\n<meta name=\"robots\" content=\"index, follow, max-snippet:-1, max-image-preview:large, max-video-preview:-1\" \/>\n<link rel=\"canonical\" href=\"https:\/\/dev.antudigital.cl\/sites\/vc\/las-protagonistas-femeninas-se-toman-insomnia-con-los-estrenos-de-la-mutante-y-la-chica-de-la-aguja\/\" \/>\n<meta property=\"og:locale\" content=\"es_ES\" \/>\n<meta property=\"og:type\" content=\"article\" \/>\n<meta property=\"og:title\" content=\"Las protagonistas femeninas se toman INSOMNIA con los estrenos de La Mutante y La chica de la aguja - Valpara\u00ed\u00adso Creativo\" \/>\n<meta property=\"og:description\" content=\"Desde Dinamarca y Chile llegan dos estrenos con protagonistas femeninas fuertes que enfrentan la maternidad en una sociedad hostil que, lejos de acoger y facilitar las condiciones de las mujeres que maternan, establece barreras tanto en lo social como en lo econ\u00f3mico para que \u00e9stas puedan salir adelante. Desde el cine documental, la directora Constanza [&hellip;]\" \/>\n<meta property=\"og:url\" content=\"https:\/\/dev.antudigital.cl\/sites\/vc\/las-protagonistas-femeninas-se-toman-insomnia-con-los-estrenos-de-la-mutante-y-la-chica-de-la-aguja\/\" \/>\n<meta property=\"og:site_name\" content=\"Valpara\u00ed\u00adso Creativo\" \/>\n<meta property=\"article:published_time\" content=\"2025-01-07T22:02:07+00:00\" \/>\n<meta property=\"article:modified_time\" content=\"2025-01-07T22:02:24+00:00\" \/>\n<meta property=\"og:image\" content=\"https:\/\/dev.antudigital.cl\/sites\/vc\/wp-content\/uploads\/2025\/01\/La-Mutante.jpg\" \/>\n\t<meta property=\"og:image:width\" content=\"1920\" \/>\n\t<meta property=\"og:image:height\" content=\"1080\" \/>\n\t<meta property=\"og:image:type\" content=\"image\/jpeg\" \/>\n<meta name=\"author\" content=\"Valpara\u00edso Creativo\" \/>\n<meta name=\"twitter:card\" content=\"summary_large_image\" \/>\n<meta name=\"twitter:label1\" content=\"Escrito por\" \/>\n\t<meta name=\"twitter:data1\" content=\"Valpara\u00edso Creativo\" \/>\n\t<meta name=\"twitter:label2\" content=\"Tiempo de lectura\" \/>\n\t<meta name=\"twitter:data2\" content=\"5 minutos\" \/>\n<script type=\"application\/ld+json\" class=\"yoast-schema-graph\">{\"@context\":\"https:\/\/schema.org\",\"@graph\":[{\"@type\":\"Article\",\"@id\":\"https:\/\/dev.antudigital.cl\/sites\/vc\/las-protagonistas-femeninas-se-toman-insomnia-con-los-estrenos-de-la-mutante-y-la-chica-de-la-aguja\/#article\",\"isPartOf\":{\"@id\":\"https:\/\/dev.antudigital.cl\/sites\/vc\/las-protagonistas-femeninas-se-toman-insomnia-con-los-estrenos-de-la-mutante-y-la-chica-de-la-aguja\/\"},\"author\":{\"name\":\"Valpara\u00edso Creativo\",\"@id\":\"https:\/\/dev.antudigital.cl\/sites\/vc\/#\/schema\/person\/c2b9da8dd545e27166fc5ab232837318\"},\"headline\":\"Las protagonistas femeninas se toman INSOMNIA con los estrenos de La Mutante y La chica de la aguja\",\"datePublished\":\"2025-01-07T22:02:07+00:00\",\"dateModified\":\"2025-01-07T22:02:24+00:00\",\"mainEntityOfPage\":{\"@id\":\"https:\/\/dev.antudigital.cl\/sites\/vc\/las-protagonistas-femeninas-se-toman-insomnia-con-los-estrenos-de-la-mutante-y-la-chica-de-la-aguja\/\"},\"wordCount\":1035,\"image\":{\"@id\":\"https:\/\/dev.antudigital.cl\/sites\/vc\/las-protagonistas-femeninas-se-toman-insomnia-con-los-estrenos-de-la-mutante-y-la-chica-de-la-aguja\/#primaryimage\"},\"thumbnailUrl\":\"https:\/\/dev.antudigital.cl\/sites\/vc\/wp-content\/uploads\/2025\/01\/La-Mutante.jpg\",\"articleSection\":[\"Noticia\"],\"inLanguage\":\"es\"},{\"@type\":\"WebPage\",\"@id\":\"https:\/\/dev.antudigital.cl\/sites\/vc\/las-protagonistas-femeninas-se-toman-insomnia-con-los-estrenos-de-la-mutante-y-la-chica-de-la-aguja\/\",\"url\":\"https:\/\/dev.antudigital.cl\/sites\/vc\/las-protagonistas-femeninas-se-toman-insomnia-con-los-estrenos-de-la-mutante-y-la-chica-de-la-aguja\/\",\"name\":\"Las protagonistas femeninas se toman INSOMNIA con los estrenos de La Mutante y La chica de la aguja - Valpara\u00ed\u00adso Creativo\",\"isPartOf\":{\"@id\":\"https:\/\/dev.antudigital.cl\/sites\/vc\/#website\"},\"primaryImageOfPage\":{\"@id\":\"https:\/\/dev.antudigital.cl\/sites\/vc\/las-protagonistas-femeninas-se-toman-insomnia-con-los-estrenos-de-la-mutante-y-la-chica-de-la-aguja\/#primaryimage\"},\"image\":{\"@id\":\"https:\/\/dev.antudigital.cl\/sites\/vc\/las-protagonistas-femeninas-se-toman-insomnia-con-los-estrenos-de-la-mutante-y-la-chica-de-la-aguja\/#primaryimage\"},\"thumbnailUrl\":\"https:\/\/dev.antudigital.cl\/sites\/vc\/wp-content\/uploads\/2025\/01\/La-Mutante.jpg\",\"datePublished\":\"2025-01-07T22:02:07+00:00\",\"dateModified\":\"2025-01-07T22:02:24+00:00\",\"author\":{\"@id\":\"https:\/\/dev.antudigital.cl\/sites\/vc\/#\/schema\/person\/c2b9da8dd545e27166fc5ab232837318\"},\"breadcrumb\":{\"@id\":\"https:\/\/dev.antudigital.cl\/sites\/vc\/las-protagonistas-femeninas-se-toman-insomnia-con-los-estrenos-de-la-mutante-y-la-chica-de-la-aguja\/#breadcrumb\"},\"inLanguage\":\"es\",\"potentialAction\":[{\"@type\":\"ReadAction\",\"target\":[\"https:\/\/dev.antudigital.cl\/sites\/vc\/las-protagonistas-femeninas-se-toman-insomnia-con-los-estrenos-de-la-mutante-y-la-chica-de-la-aguja\/\"]}]},{\"@type\":\"ImageObject\",\"inLanguage\":\"es\",\"@id\":\"https:\/\/dev.antudigital.cl\/sites\/vc\/las-protagonistas-femeninas-se-toman-insomnia-con-los-estrenos-de-la-mutante-y-la-chica-de-la-aguja\/#primaryimage\",\"url\":\"https:\/\/dev.antudigital.cl\/sites\/vc\/wp-content\/uploads\/2025\/01\/La-Mutante.jpg\",\"contentUrl\":\"https:\/\/dev.antudigital.cl\/sites\/vc\/wp-content\/uploads\/2025\/01\/La-Mutante.jpg\",\"width\":1920,\"height\":1080},{\"@type\":\"BreadcrumbList\",\"@id\":\"https:\/\/dev.antudigital.cl\/sites\/vc\/las-protagonistas-femeninas-se-toman-insomnia-con-los-estrenos-de-la-mutante-y-la-chica-de-la-aguja\/#breadcrumb\",\"itemListElement\":[{\"@type\":\"ListItem\",\"position\":1,\"name\":\"Home\",\"item\":\"https:\/\/dev.antudigital.cl\/sites\/vc\/\"},{\"@type\":\"ListItem\",\"position\":2,\"name\":\"Las protagonistas femeninas se toman INSOMNIA con los estrenos de La Mutante y La chica de la aguja\"}]},{\"@type\":\"WebSite\",\"@id\":\"https:\/\/dev.antudigital.cl\/sites\/vc\/#website\",\"url\":\"https:\/\/dev.antudigital.cl\/sites\/vc\/\",\"name\":\"Valpara\u00ed\u00adso Creativo\",\"description\":\"\",\"potentialAction\":[{\"@type\":\"SearchAction\",\"target\":{\"@type\":\"EntryPoint\",\"urlTemplate\":\"https:\/\/dev.antudigital.cl\/sites\/vc\/?s={search_term_string}\"},\"query-input\":{\"@type\":\"PropertyValueSpecification\",\"valueRequired\":true,\"valueName\":\"search_term_string\"}}],\"inLanguage\":\"es\"},{\"@type\":\"Person\",\"@id\":\"https:\/\/dev.antudigital.cl\/sites\/vc\/#\/schema\/person\/c2b9da8dd545e27166fc5ab232837318\",\"name\":\"Valpara\u00edso Creativo\",\"description\":\"Periodista de cultura en la Regi\u00f3n de Valpara\u00edso.\",\"url\":\"https:\/\/dev.antudigital.cl\/sites\/vc\/author\/valpoadmin\/\"}]}<\/script>\n<!-- \/ Yoast SEO plugin. -->","yoast_head_json":{"title":"Las protagonistas femeninas se toman INSOMNIA con los estrenos de La Mutante y La chica de la aguja - Valpara\u00ed\u00adso Creativo","robots":{"index":"index","follow":"follow","max-snippet":"max-snippet:-1","max-image-preview":"max-image-preview:large","max-video-preview":"max-video-preview:-1"},"canonical":"https:\/\/dev.antudigital.cl\/sites\/vc\/las-protagonistas-femeninas-se-toman-insomnia-con-los-estrenos-de-la-mutante-y-la-chica-de-la-aguja\/","og_locale":"es_ES","og_type":"article","og_title":"Las protagonistas femeninas se toman INSOMNIA con los estrenos de La Mutante y La chica de la aguja - Valpara\u00ed\u00adso Creativo","og_description":"Desde Dinamarca y Chile llegan dos estrenos con protagonistas femeninas fuertes que enfrentan la maternidad en una sociedad hostil que, lejos de acoger y facilitar las condiciones de las mujeres que maternan, establece barreras tanto en lo social como en lo econ\u00f3mico para que \u00e9stas puedan salir adelante. Desde el cine documental, la directora Constanza [&hellip;]","og_url":"https:\/\/dev.antudigital.cl\/sites\/vc\/las-protagonistas-femeninas-se-toman-insomnia-con-los-estrenos-de-la-mutante-y-la-chica-de-la-aguja\/","og_site_name":"Valpara\u00ed\u00adso Creativo","article_published_time":"2025-01-07T22:02:07+00:00","article_modified_time":"2025-01-07T22:02:24+00:00","og_image":[{"width":1920,"height":1080,"url":"https:\/\/dev.antudigital.cl\/sites\/vc\/wp-content\/uploads\/2025\/01\/La-Mutante.jpg","type":"image\/jpeg"}],"author":"Valpara\u00edso Creativo","twitter_card":"summary_large_image","twitter_misc":{"Escrito por":"Valpara\u00edso Creativo","Tiempo de lectura":"5 minutos"},"schema":{"@context":"https:\/\/schema.org","@graph":[{"@type":"Article","@id":"https:\/\/dev.antudigital.cl\/sites\/vc\/las-protagonistas-femeninas-se-toman-insomnia-con-los-estrenos-de-la-mutante-y-la-chica-de-la-aguja\/#article","isPartOf":{"@id":"https:\/\/dev.antudigital.cl\/sites\/vc\/las-protagonistas-femeninas-se-toman-insomnia-con-los-estrenos-de-la-mutante-y-la-chica-de-la-aguja\/"},"author":{"name":"Valpara\u00edso Creativo","@id":"https:\/\/dev.antudigital.cl\/sites\/vc\/#\/schema\/person\/c2b9da8dd545e27166fc5ab232837318"},"headline":"Las protagonistas femeninas se toman INSOMNIA con los estrenos de La Mutante y La chica de la aguja","datePublished":"2025-01-07T22:02:07+00:00","dateModified":"2025-01-07T22:02:24+00:00","mainEntityOfPage":{"@id":"https:\/\/dev.antudigital.cl\/sites\/vc\/las-protagonistas-femeninas-se-toman-insomnia-con-los-estrenos-de-la-mutante-y-la-chica-de-la-aguja\/"},"wordCount":1035,"image":{"@id":"https:\/\/dev.antudigital.cl\/sites\/vc\/las-protagonistas-femeninas-se-toman-insomnia-con-los-estrenos-de-la-mutante-y-la-chica-de-la-aguja\/#primaryimage"},"thumbnailUrl":"https:\/\/dev.antudigital.cl\/sites\/vc\/wp-content\/uploads\/2025\/01\/La-Mutante.jpg","articleSection":["Noticia"],"inLanguage":"es"},{"@type":"WebPage","@id":"https:\/\/dev.antudigital.cl\/sites\/vc\/las-protagonistas-femeninas-se-toman-insomnia-con-los-estrenos-de-la-mutante-y-la-chica-de-la-aguja\/","url":"https:\/\/dev.antudigital.cl\/sites\/vc\/las-protagonistas-femeninas-se-toman-insomnia-con-los-estrenos-de-la-mutante-y-la-chica-de-la-aguja\/","name":"Las protagonistas femeninas se toman INSOMNIA con los estrenos de La Mutante y La chica de la aguja - Valpara\u00ed\u00adso Creativo","isPartOf":{"@id":"https:\/\/dev.antudigital.cl\/sites\/vc\/#website"},"primaryImageOfPage":{"@id":"https:\/\/dev.antudigital.cl\/sites\/vc\/las-protagonistas-femeninas-se-toman-insomnia-con-los-estrenos-de-la-mutante-y-la-chica-de-la-aguja\/#primaryimage"},"image":{"@id":"https:\/\/dev.antudigital.cl\/sites\/vc\/las-protagonistas-femeninas-se-toman-insomnia-con-los-estrenos-de-la-mutante-y-la-chica-de-la-aguja\/#primaryimage"},"thumbnailUrl":"https:\/\/dev.antudigital.cl\/sites\/vc\/wp-content\/uploads\/2025\/01\/La-Mutante.jpg","datePublished":"2025-01-07T22:02:07+00:00","dateModified":"2025-01-07T22:02:24+00:00","author":{"@id":"https:\/\/dev.antudigital.cl\/sites\/vc\/#\/schema\/person\/c2b9da8dd545e27166fc5ab232837318"},"breadcrumb":{"@id":"https:\/\/dev.antudigital.cl\/sites\/vc\/las-protagonistas-femeninas-se-toman-insomnia-con-los-estrenos-de-la-mutante-y-la-chica-de-la-aguja\/#breadcrumb"},"inLanguage":"es","potentialAction":[{"@type":"ReadAction","target":["https:\/\/dev.antudigital.cl\/sites\/vc\/las-protagonistas-femeninas-se-toman-insomnia-con-los-estrenos-de-la-mutante-y-la-chica-de-la-aguja\/"]}]},{"@type":"ImageObject","inLanguage":"es","@id":"https:\/\/dev.antudigital.cl\/sites\/vc\/las-protagonistas-femeninas-se-toman-insomnia-con-los-estrenos-de-la-mutante-y-la-chica-de-la-aguja\/#primaryimage","url":"https:\/\/dev.antudigital.cl\/sites\/vc\/wp-content\/uploads\/2025\/01\/La-Mutante.jpg","contentUrl":"https:\/\/dev.antudigital.cl\/sites\/vc\/wp-content\/uploads\/2025\/01\/La-Mutante.jpg","width":1920,"height":1080},{"@type":"BreadcrumbList","@id":"https:\/\/dev.antudigital.cl\/sites\/vc\/las-protagonistas-femeninas-se-toman-insomnia-con-los-estrenos-de-la-mutante-y-la-chica-de-la-aguja\/#breadcrumb","itemListElement":[{"@type":"ListItem","position":1,"name":"Home","item":"https:\/\/dev.antudigital.cl\/sites\/vc\/"},{"@type":"ListItem","position":2,"name":"Las protagonistas femeninas se toman INSOMNIA con los estrenos de La Mutante y La chica de la aguja"}]},{"@type":"WebSite","@id":"https:\/\/dev.antudigital.cl\/sites\/vc\/#website","url":"https:\/\/dev.antudigital.cl\/sites\/vc\/","name":"Valpara\u00ed\u00adso Creativo","description":"","potentialAction":[{"@type":"SearchAction","target":{"@type":"EntryPoint","urlTemplate":"https:\/\/dev.antudigital.cl\/sites\/vc\/?s={search_term_string}"},"query-input":{"@type":"PropertyValueSpecification","valueRequired":true,"valueName":"search_term_string"}}],"inLanguage":"es"},{"@type":"Person","@id":"https:\/\/dev.antudigital.cl\/sites\/vc\/#\/schema\/person\/c2b9da8dd545e27166fc5ab232837318","name":"Valpara\u00edso Creativo","description":"Periodista de cultura en la Regi\u00f3n de Valpara\u00edso.","url":"https:\/\/dev.antudigital.cl\/sites\/vc\/author\/valpoadmin\/"}]}},"_links":{"self":[{"href":"https:\/\/dev.antudigital.cl\/sites\/vc\/wp-json\/wp\/v2\/posts\/21726","targetHints":{"allow":["GET"]}}],"collection":[{"href":"https:\/\/dev.antudigital.cl\/sites\/vc\/wp-json\/wp\/v2\/posts"}],"about":[{"href":"https:\/\/dev.antudigital.cl\/sites\/vc\/wp-json\/wp\/v2\/types\/post"}],"author":[{"embeddable":true,"href":"https:\/\/dev.antudigital.cl\/sites\/vc\/wp-json\/wp\/v2\/users\/1"}],"replies":[{"embeddable":true,"href":"https:\/\/dev.antudigital.cl\/sites\/vc\/wp-json\/wp\/v2\/comments?post=21726"}],"version-history":[{"count":1,"href":"https:\/\/dev.antudigital.cl\/sites\/vc\/wp-json\/wp\/v2\/posts\/21726\/revisions"}],"predecessor-version":[{"id":21729,"href":"https:\/\/dev.antudigital.cl\/sites\/vc\/wp-json\/wp\/v2\/posts\/21726\/revisions\/21729"}],"wp:featuredmedia":[{"embeddable":true,"href":"https:\/\/dev.antudigital.cl\/sites\/vc\/wp-json\/wp\/v2\/media\/21727"}],"wp:attachment":[{"href":"https:\/\/dev.antudigital.cl\/sites\/vc\/wp-json\/wp\/v2\/media?parent=21726"}],"wp:term":[{"taxonomy":"category","embeddable":true,"href":"https:\/\/dev.antudigital.cl\/sites\/vc\/wp-json\/wp\/v2\/categories?post=21726"},{"taxonomy":"post_tag","embeddable":true,"href":"https:\/\/dev.antudigital.cl\/sites\/vc\/wp-json\/wp\/v2\/tags?post=21726"}],"curies":[{"name":"wp","href":"https:\/\/api.w.org\/{rel}","templated":true}]}}