{"id":21740,"date":"2025-01-09T17:29:44","date_gmt":"2025-01-09T17:29:44","guid":{"rendered":"https:\/\/www.valparaisocreativo.cl\/?p=21740"},"modified":"2025-01-09T17:30:02","modified_gmt":"2025-01-09T17:30:02","slug":"lo-que-se-viene-en-cuanto-a-estrenos-miradoc-2025","status":"publish","type":"post","link":"https:\/\/dev.antudigital.cl\/sites\/vc\/lo-que-se-viene-en-cuanto-a-estrenos-miradoc-2025\/","title":{"rendered":"Lo que se viene en cuanto a estrenos MIRADOC 2025"},"content":{"rendered":"\n<p>Durante este 2025 y en salas de Arica a Punta Arenas, el programa <a href=\"https:\/\/miradoc.cl\/\"><strong>Miradoc Estrenos<\/strong><\/a> traer\u00e1 a la cartelera nacional <strong>lo m\u00e1s reciente y destacado del documental chileno, <\/strong>con pel\u00edculas exhibidas en cert\u00e1menes internacionales y nacionales, que exponen una mirada fresca sobre diversas tem\u00e1ticas.&nbsp;<\/p>\n\n\n\n<p>\u201cMiradoc lleva 12 a\u00f1os sin parar, asegurando en la cartelera nacional la continuidad de pel\u00edculas documentales chilenas\u201d, se\u00f1ala <strong>Diego Pino, <\/strong>Director Ejecutivo de la Corporaci\u00f3n Chilena del Documental (CCDoc). \u201cNos hemos focalizado siempre en dar espacio a creaciones arriesgadas y diversas, de nuevos realizadores, as\u00ed como otros m\u00e1s experimentados, que permiten que el p\u00fablico se sumerja durante todo el a\u00f1o en historias sorprendentes que tienen la posibilidad de llevarnos por incre\u00edbles universos, paisajes, personajes, realidades y visiones del mundo\u201d, destaca.<\/p>\n\n\n\n<figure class=\"wp-block-embed is-type-video is-provider-youtube wp-block-embed-youtube wp-embed-aspect-16-9 wp-has-aspect-ratio\"><div class=\"wp-block-embed__wrapper\">\n<iframe title=\"Miradoc 2025: nuevas historias para el documental\" width=\"800\" height=\"450\" src=\"https:\/\/www.youtube.com\/embed\/fEEm73rX04E?feature=oembed\" frameborder=\"0\" allow=\"accelerometer; autoplay; clipboard-write; encrypted-media; gyroscope; picture-in-picture; web-share\" referrerpolicy=\"strict-origin-when-cross-origin\" allowfullscreen><\/iframe>\n<\/div><\/figure>\n\n\n\n<p>La pel\u00edcula encargada de abrir los fuegos es <a href=\"https:\/\/miradoc.cl\/piropolis\/\"><strong><em>Pir\u00f3polis<\/em><\/strong><\/a><strong>,<\/strong> un documental dirigido por <strong>Nicol\u00e1s Molina <\/strong>y producido por <strong>Jos\u00e9phine Schroeder <\/strong>(Pequ\u00e9n Producciones), <strong>Francisca Barraza<\/strong> y <strong>Mart\u00edn Duplaquet <\/strong>(Funky Films),<strong> <\/strong>sobre la fuerza, valent\u00eda y camarader\u00eda de la \u201cPompe France\u201d, una compa\u00f1\u00eda de bomberos en Valpara\u00edso \u2014con lazos diplom\u00e1ticos con Francia\u2014 que debe recibir a Baptista, un bombero franc\u00e9s que llega a instruir al equipo en medio del estallido social y la inclusi\u00f3n de mujeres en un grupo hist\u00f3ricamente compuesto por hombres. Luego de su paso por festivales mundialmente reconocidos como Tribeca, Sheffield DocFest, DocLisboa y FIDOCS, la pel\u00edcula tendr\u00e1 su estreno el 3 de abril. <a href=\"http:\/\/youtu.be\/2MlvSMTI2d4\"><strong>Puedes ver su tr\u00e1iler por ac\u00e1.<\/strong><\/a><strong>&nbsp;<\/strong><\/p>\n\n\n\n<p>Otro de los estrenos es el documental <a href=\"https:\/\/miradoc.cl\/memoria-implacable\/\"><strong><em>Memoria implacable<\/em><\/strong><\/a> dirigido por <strong>Paula Rodr\u00edguez Sickert<\/strong> y producido por <strong>Paola Castillo Villagr\u00e1n <\/strong>(Errante Producciones) junto a la co-producci\u00f3n argentina de <strong>Gema Ju\u00e1rez Allen <\/strong>(Gema Films, Argentina). La pel\u00edcula muestra la vida de Margarita, una joven acad\u00e9mica mapuche que descubre archivos in\u00e9ditos en Berl\u00edn: testimonios de prisioneros mapuche que fueron expulsados de sus territorios durante las invasiones militares que fundaron Argentina y Chile. Conmovida por el hallazgo, emprende un viaje para recorrer las rutas de deportaci\u00f3n de sus antepasados. Tras su paso por Sheffield DocFest y obtener la Menci\u00f3n honrosa del Festival Internacional de Documentales de Ir\u00e1n, la pel\u00edcula llegar\u00e1 a cines el 29 de mayo.<\/p>\n\n\n\n<p>Por otro lado, est\u00e1 el largometraje <a href=\"https:\/\/miradoc.cl\/nada-es-como-antes\/\"><strong><em>Nada es como antes<\/em><\/strong><\/a>, un documental escrito, dirigido y producido por <strong>Sebasti\u00e1n Pereira <\/strong>(parte de las casas productoras La Copia Feliz y LaWarrior Films) sobre <a href=\"https:\/\/www.instagram.com\/lapatogallina\/\"><strong>La Patogallina<\/strong><\/a>, una emblem\u00e1tica compa\u00f1\u00eda de teatro chilena con m\u00e1s de 25 a\u00f1os de trayectoria. Junto a la producci\u00f3n de <strong>Mart\u00edn Erazo, Lorena Ojeda, La Patogallina, <\/strong>y<strong> <\/strong>la colaboraci\u00f3n de <strong>Fundaci\u00f3n Teatro a Mil,<\/strong> esta tragic\u00f3mica historia se sumerge en el ins\u00f3lito y accidentado proceso creativo al que se enfrenta la banda al adaptar el cl\u00e1sico relato de <em>Romeo y Julieta<\/em> para la televisi\u00f3n\u2026 en plena pandemia. El largometraje tendr\u00e1 su estreno el 7 de agosto.<\/p>\n\n\n\n<p>Otro de los estrenos es <a href=\"https:\/\/miradoc.cl\/yo-no-canto-por-cantar\/\"><strong><em>Yo no canto por cantar<\/em><\/strong><\/a>, un sensible documental escrito y dirigido por <strong>Ana L\u2019Homme,<\/strong> quien adem\u00e1s lo produce con <strong>Eduardo Fuenzalida<\/strong> (Le\u00f3n Alado Producciones), junto a la co-producci\u00f3n de<strong> Carlos Castro<\/strong> (Colombia), en asociaci\u00f3n con <strong>Canal Cultura<\/strong> (Colombia). La pel\u00edcula cuenta la historia de Mauricia Saavedra, una cantora campesina gay de la zona central de Chile que ante el machismo de la cultura rural y el rechazo de la iglesia, encuentra un refugio en el canto. Tras ser nombrado Documental del a\u00f1o en el reciente Festival Internacional de Cine y Documental Musical In-Edit, la pel\u00edcula llegar\u00e1 a cines durante octubre.<\/p>\n\n\n\n<figure class=\"wp-block-image size-large\"><img fetchpriority=\"high\" decoding=\"async\" width=\"1024\" height=\"576\" src=\"https:\/\/www.valparaisocreativo.cl\/wp-content\/uploads\/2025\/01\/Ensayos-y-errores-1-1-1024x576.jpg\" alt=\"\" class=\"wp-image-21741\" srcset=\"https:\/\/dev.antudigital.cl\/sites\/vc\/wp-content\/uploads\/2025\/01\/Ensayos-y-errores-1-1-1024x576.jpg 1024w, https:\/\/dev.antudigital.cl\/sites\/vc\/wp-content\/uploads\/2025\/01\/Ensayos-y-errores-1-1-300x169.jpg 300w, https:\/\/dev.antudigital.cl\/sites\/vc\/wp-content\/uploads\/2025\/01\/Ensayos-y-errores-1-1-768x432.jpg 768w, https:\/\/dev.antudigital.cl\/sites\/vc\/wp-content\/uploads\/2025\/01\/Ensayos-y-errores-1-1-1536x864.jpg 1536w, https:\/\/dev.antudigital.cl\/sites\/vc\/wp-content\/uploads\/2025\/01\/Ensayos-y-errores-1-1-1080x608.jpg 1080w, https:\/\/dev.antudigital.cl\/sites\/vc\/wp-content\/uploads\/2025\/01\/Ensayos-y-errores-1-1-1280x720.jpg 1280w, https:\/\/dev.antudigital.cl\/sites\/vc\/wp-content\/uploads\/2025\/01\/Ensayos-y-errores-1-1-980x551.jpg 980w, https:\/\/dev.antudigital.cl\/sites\/vc\/wp-content\/uploads\/2025\/01\/Ensayos-y-errores-1-1-480x270.jpg 480w, https:\/\/dev.antudigital.cl\/sites\/vc\/wp-content\/uploads\/2025\/01\/Ensayos-y-errores-1-1-24x14.jpg 24w, https:\/\/dev.antudigital.cl\/sites\/vc\/wp-content\/uploads\/2025\/01\/Ensayos-y-errores-1-1-36x20.jpg 36w, https:\/\/dev.antudigital.cl\/sites\/vc\/wp-content\/uploads\/2025\/01\/Ensayos-y-errores-1-1-48x27.jpg 48w, https:\/\/dev.antudigital.cl\/sites\/vc\/wp-content\/uploads\/2025\/01\/Ensayos-y-errores-1-1.jpg 1920w\" sizes=\"(max-width: 1024px) 100vw, 1024px\" \/><\/figure>\n\n\n\n<p>Finalmente, llega el documental <a href=\"https:\/\/miradoc.cl\/ensayos-y-errores\/\"><strong><em>Ensayos y errores<\/em><\/strong><\/a>, producido por<strong> Sebasti\u00e1n Cartajena Alvarado<\/strong> (producci\u00f3n general) y <strong>Alexis S\u00e1nchez Baeza<\/strong> (producci\u00f3n ejecutiva), y protagonizado por su director y guionista: <strong>Ignacio Rojas Vallejo. <\/strong>Al no tener trabajo, su extravagante madre le ofrece un puesto como vendedor en la boutique familiar ubicada en Re\u00f1aca. Su lista de trabajo en la tienda es extensa: atender a las clientas, realizar un video publicitario y hacer fotograf\u00edas de moda; pero nada de ello le sale bien. Entre vestidos, modelos, disparos y una posible historia de amor, encontrar\u00e1 la posibilidad de hacer su primera pel\u00edcula. Luego de recibir la Menci\u00f3n especial del jurado de la Competencia nacional de largometraje durante el reciente FIDOCS, la pel\u00edcula tendr\u00e1 su estreno en noviembre.<\/p>\n\n\n\n<p>Puedes encontrar m\u00e1s informaci\u00f3n en nuestra cuenta de Instagram <a href=\"http:\/\/instagram.com\/miradocchile\"><strong>@miradocchile<\/strong><\/a> o en el sitio web <a href=\"http:\/\/miradoc.cl\"><strong>miradoc.cl<\/strong><\/a><\/p>\n\n\n\n<p><strong>\u00bfQU\u00c9 ES MIRADOC?<\/strong><\/p>\n\n\n\n<p><strong>Miradoc<\/strong> es un programa de distribuci\u00f3n de cine que estrena lo m\u00e1s relevante y contingente del documental chileno a lo largo de todo el pa\u00eds. Es organizado por la Corporaci\u00f3n Chilena del Documental CCDoc y financiado por el Ministerio de las Culturas, las Artes y el Patrimonio; y el Programa de Apoyo a Organizaciones Culturales Colaboradoras del mismo organismo.<\/p>\n","protected":false},"excerpt":{"rendered":"<p>Durante este 2025 y en salas de Arica a Punta Arenas, el programa Miradoc Estrenos traer\u00e1 a la cartelera nacional lo m\u00e1s reciente y destacado del documental chileno, con pel\u00edculas exhibidas en cert\u00e1menes internacionales y nacionales, que exponen una mirada fresca sobre diversas tem\u00e1ticas.&nbsp; \u201cMiradoc lleva 12 a\u00f1os sin parar, asegurando en la cartelera nacional [&hellip;]<\/p>\n","protected":false},"author":1,"featured_media":21742,"comment_status":"closed","ping_status":"closed","sticky":false,"template":"","format":"standard","meta":{"_acf_changed":false,"footnotes":""},"categories":[8],"tags":[],"class_list":["post-21740","post","type-post","status-publish","format-standard","has-post-thumbnail","hentry","category-noticia"],"acf":[],"yoast_head":"<!-- This site is optimized with the Yoast SEO plugin v27.1.1 - https:\/\/yoast.com\/product\/yoast-seo-wordpress\/ -->\n<title>Lo que se viene en cuanto a estrenos MIRADOC 2025 - Valpara\u00ed\u00adso Creativo<\/title>\n<meta name=\"robots\" content=\"index, follow, max-snippet:-1, max-image-preview:large, max-video-preview:-1\" \/>\n<link rel=\"canonical\" href=\"https:\/\/dev.antudigital.cl\/sites\/vc\/lo-que-se-viene-en-cuanto-a-estrenos-miradoc-2025\/\" \/>\n<meta property=\"og:locale\" content=\"es_ES\" \/>\n<meta property=\"og:type\" content=\"article\" \/>\n<meta property=\"og:title\" content=\"Lo que se viene en cuanto a estrenos MIRADOC 2025 - Valpara\u00ed\u00adso Creativo\" \/>\n<meta property=\"og:description\" content=\"Durante este 2025 y en salas de Arica a Punta Arenas, el programa Miradoc Estrenos traer\u00e1 a la cartelera nacional lo m\u00e1s reciente y destacado del documental chileno, con pel\u00edculas exhibidas en cert\u00e1menes internacionales y nacionales, que exponen una mirada fresca sobre diversas tem\u00e1ticas.&nbsp; \u201cMiradoc lleva 12 a\u00f1os sin parar, asegurando en la cartelera nacional [&hellip;]\" \/>\n<meta property=\"og:url\" content=\"https:\/\/dev.antudigital.cl\/sites\/vc\/lo-que-se-viene-en-cuanto-a-estrenos-miradoc-2025\/\" \/>\n<meta property=\"og:site_name\" content=\"Valpara\u00ed\u00adso Creativo\" \/>\n<meta property=\"article:published_time\" content=\"2025-01-09T17:29:44+00:00\" \/>\n<meta property=\"article:modified_time\" content=\"2025-01-09T17:30:02+00:00\" \/>\n<meta property=\"og:image\" content=\"https:\/\/dev.antudigital.cl\/sites\/vc\/wp-content\/uploads\/2025\/01\/Memoria-Implacable-1.jpg\" \/>\n\t<meta property=\"og:image:width\" content=\"1920\" \/>\n\t<meta property=\"og:image:height\" content=\"1080\" \/>\n\t<meta property=\"og:image:type\" content=\"image\/jpeg\" \/>\n<meta name=\"author\" content=\"Valpara\u00edso Creativo\" \/>\n<meta name=\"twitter:card\" content=\"summary_large_image\" \/>\n<meta name=\"twitter:label1\" content=\"Escrito por\" \/>\n\t<meta name=\"twitter:data1\" content=\"Valpara\u00edso Creativo\" \/>\n\t<meta name=\"twitter:label2\" content=\"Tiempo de lectura\" \/>\n\t<meta name=\"twitter:data2\" content=\"4 minutos\" \/>\n<script type=\"application\/ld+json\" class=\"yoast-schema-graph\">{\"@context\":\"https:\/\/schema.org\",\"@graph\":[{\"@type\":\"Article\",\"@id\":\"https:\/\/dev.antudigital.cl\/sites\/vc\/lo-que-se-viene-en-cuanto-a-estrenos-miradoc-2025\/#article\",\"isPartOf\":{\"@id\":\"https:\/\/dev.antudigital.cl\/sites\/vc\/lo-que-se-viene-en-cuanto-a-estrenos-miradoc-2025\/\"},\"author\":{\"name\":\"Valpara\u00edso Creativo\",\"@id\":\"https:\/\/dev.antudigital.cl\/sites\/vc\/#\/schema\/person\/c2b9da8dd545e27166fc5ab232837318\"},\"headline\":\"Lo que se viene en cuanto a estrenos MIRADOC 2025\",\"datePublished\":\"2025-01-09T17:29:44+00:00\",\"dateModified\":\"2025-01-09T17:30:02+00:00\",\"mainEntityOfPage\":{\"@id\":\"https:\/\/dev.antudigital.cl\/sites\/vc\/lo-que-se-viene-en-cuanto-a-estrenos-miradoc-2025\/\"},\"wordCount\":853,\"image\":{\"@id\":\"https:\/\/dev.antudigital.cl\/sites\/vc\/lo-que-se-viene-en-cuanto-a-estrenos-miradoc-2025\/#primaryimage\"},\"thumbnailUrl\":\"https:\/\/dev.antudigital.cl\/sites\/vc\/wp-content\/uploads\/2025\/01\/Memoria-Implacable-1.jpg\",\"articleSection\":[\"Noticia\"],\"inLanguage\":\"es\"},{\"@type\":\"WebPage\",\"@id\":\"https:\/\/dev.antudigital.cl\/sites\/vc\/lo-que-se-viene-en-cuanto-a-estrenos-miradoc-2025\/\",\"url\":\"https:\/\/dev.antudigital.cl\/sites\/vc\/lo-que-se-viene-en-cuanto-a-estrenos-miradoc-2025\/\",\"name\":\"Lo que se viene en cuanto a estrenos MIRADOC 2025 - Valpara\u00ed\u00adso Creativo\",\"isPartOf\":{\"@id\":\"https:\/\/dev.antudigital.cl\/sites\/vc\/#website\"},\"primaryImageOfPage\":{\"@id\":\"https:\/\/dev.antudigital.cl\/sites\/vc\/lo-que-se-viene-en-cuanto-a-estrenos-miradoc-2025\/#primaryimage\"},\"image\":{\"@id\":\"https:\/\/dev.antudigital.cl\/sites\/vc\/lo-que-se-viene-en-cuanto-a-estrenos-miradoc-2025\/#primaryimage\"},\"thumbnailUrl\":\"https:\/\/dev.antudigital.cl\/sites\/vc\/wp-content\/uploads\/2025\/01\/Memoria-Implacable-1.jpg\",\"datePublished\":\"2025-01-09T17:29:44+00:00\",\"dateModified\":\"2025-01-09T17:30:02+00:00\",\"author\":{\"@id\":\"https:\/\/dev.antudigital.cl\/sites\/vc\/#\/schema\/person\/c2b9da8dd545e27166fc5ab232837318\"},\"breadcrumb\":{\"@id\":\"https:\/\/dev.antudigital.cl\/sites\/vc\/lo-que-se-viene-en-cuanto-a-estrenos-miradoc-2025\/#breadcrumb\"},\"inLanguage\":\"es\",\"potentialAction\":[{\"@type\":\"ReadAction\",\"target\":[\"https:\/\/dev.antudigital.cl\/sites\/vc\/lo-que-se-viene-en-cuanto-a-estrenos-miradoc-2025\/\"]}]},{\"@type\":\"ImageObject\",\"inLanguage\":\"es\",\"@id\":\"https:\/\/dev.antudigital.cl\/sites\/vc\/lo-que-se-viene-en-cuanto-a-estrenos-miradoc-2025\/#primaryimage\",\"url\":\"https:\/\/dev.antudigital.cl\/sites\/vc\/wp-content\/uploads\/2025\/01\/Memoria-Implacable-1.jpg\",\"contentUrl\":\"https:\/\/dev.antudigital.cl\/sites\/vc\/wp-content\/uploads\/2025\/01\/Memoria-Implacable-1.jpg\",\"width\":1920,\"height\":1080},{\"@type\":\"BreadcrumbList\",\"@id\":\"https:\/\/dev.antudigital.cl\/sites\/vc\/lo-que-se-viene-en-cuanto-a-estrenos-miradoc-2025\/#breadcrumb\",\"itemListElement\":[{\"@type\":\"ListItem\",\"position\":1,\"name\":\"Home\",\"item\":\"https:\/\/dev.antudigital.cl\/sites\/vc\/\"},{\"@type\":\"ListItem\",\"position\":2,\"name\":\"Lo que se viene en cuanto a estrenos MIRADOC 2025\"}]},{\"@type\":\"WebSite\",\"@id\":\"https:\/\/dev.antudigital.cl\/sites\/vc\/#website\",\"url\":\"https:\/\/dev.antudigital.cl\/sites\/vc\/\",\"name\":\"Valpara\u00ed\u00adso Creativo\",\"description\":\"\",\"potentialAction\":[{\"@type\":\"SearchAction\",\"target\":{\"@type\":\"EntryPoint\",\"urlTemplate\":\"https:\/\/dev.antudigital.cl\/sites\/vc\/?s={search_term_string}\"},\"query-input\":{\"@type\":\"PropertyValueSpecification\",\"valueRequired\":true,\"valueName\":\"search_term_string\"}}],\"inLanguage\":\"es\"},{\"@type\":\"Person\",\"@id\":\"https:\/\/dev.antudigital.cl\/sites\/vc\/#\/schema\/person\/c2b9da8dd545e27166fc5ab232837318\",\"name\":\"Valpara\u00edso Creativo\",\"description\":\"Periodista de cultura en la Regi\u00f3n de Valpara\u00edso.\",\"url\":\"https:\/\/dev.antudigital.cl\/sites\/vc\/author\/valpoadmin\/\"}]}<\/script>\n<!-- \/ Yoast SEO plugin. -->","yoast_head_json":{"title":"Lo que se viene en cuanto a estrenos MIRADOC 2025 - Valpara\u00ed\u00adso Creativo","robots":{"index":"index","follow":"follow","max-snippet":"max-snippet:-1","max-image-preview":"max-image-preview:large","max-video-preview":"max-video-preview:-1"},"canonical":"https:\/\/dev.antudigital.cl\/sites\/vc\/lo-que-se-viene-en-cuanto-a-estrenos-miradoc-2025\/","og_locale":"es_ES","og_type":"article","og_title":"Lo que se viene en cuanto a estrenos MIRADOC 2025 - Valpara\u00ed\u00adso Creativo","og_description":"Durante este 2025 y en salas de Arica a Punta Arenas, el programa Miradoc Estrenos traer\u00e1 a la cartelera nacional lo m\u00e1s reciente y destacado del documental chileno, con pel\u00edculas exhibidas en cert\u00e1menes internacionales y nacionales, que exponen una mirada fresca sobre diversas tem\u00e1ticas.&nbsp; \u201cMiradoc lleva 12 a\u00f1os sin parar, asegurando en la cartelera nacional [&hellip;]","og_url":"https:\/\/dev.antudigital.cl\/sites\/vc\/lo-que-se-viene-en-cuanto-a-estrenos-miradoc-2025\/","og_site_name":"Valpara\u00ed\u00adso Creativo","article_published_time":"2025-01-09T17:29:44+00:00","article_modified_time":"2025-01-09T17:30:02+00:00","og_image":[{"width":1920,"height":1080,"url":"https:\/\/dev.antudigital.cl\/sites\/vc\/wp-content\/uploads\/2025\/01\/Memoria-Implacable-1.jpg","type":"image\/jpeg"}],"author":"Valpara\u00edso Creativo","twitter_card":"summary_large_image","twitter_misc":{"Escrito por":"Valpara\u00edso Creativo","Tiempo de lectura":"4 minutos"},"schema":{"@context":"https:\/\/schema.org","@graph":[{"@type":"Article","@id":"https:\/\/dev.antudigital.cl\/sites\/vc\/lo-que-se-viene-en-cuanto-a-estrenos-miradoc-2025\/#article","isPartOf":{"@id":"https:\/\/dev.antudigital.cl\/sites\/vc\/lo-que-se-viene-en-cuanto-a-estrenos-miradoc-2025\/"},"author":{"name":"Valpara\u00edso Creativo","@id":"https:\/\/dev.antudigital.cl\/sites\/vc\/#\/schema\/person\/c2b9da8dd545e27166fc5ab232837318"},"headline":"Lo que se viene en cuanto a estrenos MIRADOC 2025","datePublished":"2025-01-09T17:29:44+00:00","dateModified":"2025-01-09T17:30:02+00:00","mainEntityOfPage":{"@id":"https:\/\/dev.antudigital.cl\/sites\/vc\/lo-que-se-viene-en-cuanto-a-estrenos-miradoc-2025\/"},"wordCount":853,"image":{"@id":"https:\/\/dev.antudigital.cl\/sites\/vc\/lo-que-se-viene-en-cuanto-a-estrenos-miradoc-2025\/#primaryimage"},"thumbnailUrl":"https:\/\/dev.antudigital.cl\/sites\/vc\/wp-content\/uploads\/2025\/01\/Memoria-Implacable-1.jpg","articleSection":["Noticia"],"inLanguage":"es"},{"@type":"WebPage","@id":"https:\/\/dev.antudigital.cl\/sites\/vc\/lo-que-se-viene-en-cuanto-a-estrenos-miradoc-2025\/","url":"https:\/\/dev.antudigital.cl\/sites\/vc\/lo-que-se-viene-en-cuanto-a-estrenos-miradoc-2025\/","name":"Lo que se viene en cuanto a estrenos MIRADOC 2025 - Valpara\u00ed\u00adso Creativo","isPartOf":{"@id":"https:\/\/dev.antudigital.cl\/sites\/vc\/#website"},"primaryImageOfPage":{"@id":"https:\/\/dev.antudigital.cl\/sites\/vc\/lo-que-se-viene-en-cuanto-a-estrenos-miradoc-2025\/#primaryimage"},"image":{"@id":"https:\/\/dev.antudigital.cl\/sites\/vc\/lo-que-se-viene-en-cuanto-a-estrenos-miradoc-2025\/#primaryimage"},"thumbnailUrl":"https:\/\/dev.antudigital.cl\/sites\/vc\/wp-content\/uploads\/2025\/01\/Memoria-Implacable-1.jpg","datePublished":"2025-01-09T17:29:44+00:00","dateModified":"2025-01-09T17:30:02+00:00","author":{"@id":"https:\/\/dev.antudigital.cl\/sites\/vc\/#\/schema\/person\/c2b9da8dd545e27166fc5ab232837318"},"breadcrumb":{"@id":"https:\/\/dev.antudigital.cl\/sites\/vc\/lo-que-se-viene-en-cuanto-a-estrenos-miradoc-2025\/#breadcrumb"},"inLanguage":"es","potentialAction":[{"@type":"ReadAction","target":["https:\/\/dev.antudigital.cl\/sites\/vc\/lo-que-se-viene-en-cuanto-a-estrenos-miradoc-2025\/"]}]},{"@type":"ImageObject","inLanguage":"es","@id":"https:\/\/dev.antudigital.cl\/sites\/vc\/lo-que-se-viene-en-cuanto-a-estrenos-miradoc-2025\/#primaryimage","url":"https:\/\/dev.antudigital.cl\/sites\/vc\/wp-content\/uploads\/2025\/01\/Memoria-Implacable-1.jpg","contentUrl":"https:\/\/dev.antudigital.cl\/sites\/vc\/wp-content\/uploads\/2025\/01\/Memoria-Implacable-1.jpg","width":1920,"height":1080},{"@type":"BreadcrumbList","@id":"https:\/\/dev.antudigital.cl\/sites\/vc\/lo-que-se-viene-en-cuanto-a-estrenos-miradoc-2025\/#breadcrumb","itemListElement":[{"@type":"ListItem","position":1,"name":"Home","item":"https:\/\/dev.antudigital.cl\/sites\/vc\/"},{"@type":"ListItem","position":2,"name":"Lo que se viene en cuanto a estrenos MIRADOC 2025"}]},{"@type":"WebSite","@id":"https:\/\/dev.antudigital.cl\/sites\/vc\/#website","url":"https:\/\/dev.antudigital.cl\/sites\/vc\/","name":"Valpara\u00ed\u00adso Creativo","description":"","potentialAction":[{"@type":"SearchAction","target":{"@type":"EntryPoint","urlTemplate":"https:\/\/dev.antudigital.cl\/sites\/vc\/?s={search_term_string}"},"query-input":{"@type":"PropertyValueSpecification","valueRequired":true,"valueName":"search_term_string"}}],"inLanguage":"es"},{"@type":"Person","@id":"https:\/\/dev.antudigital.cl\/sites\/vc\/#\/schema\/person\/c2b9da8dd545e27166fc5ab232837318","name":"Valpara\u00edso Creativo","description":"Periodista de cultura en la Regi\u00f3n de Valpara\u00edso.","url":"https:\/\/dev.antudigital.cl\/sites\/vc\/author\/valpoadmin\/"}]}},"_links":{"self":[{"href":"https:\/\/dev.antudigital.cl\/sites\/vc\/wp-json\/wp\/v2\/posts\/21740","targetHints":{"allow":["GET"]}}],"collection":[{"href":"https:\/\/dev.antudigital.cl\/sites\/vc\/wp-json\/wp\/v2\/posts"}],"about":[{"href":"https:\/\/dev.antudigital.cl\/sites\/vc\/wp-json\/wp\/v2\/types\/post"}],"author":[{"embeddable":true,"href":"https:\/\/dev.antudigital.cl\/sites\/vc\/wp-json\/wp\/v2\/users\/1"}],"replies":[{"embeddable":true,"href":"https:\/\/dev.antudigital.cl\/sites\/vc\/wp-json\/wp\/v2\/comments?post=21740"}],"version-history":[{"count":1,"href":"https:\/\/dev.antudigital.cl\/sites\/vc\/wp-json\/wp\/v2\/posts\/21740\/revisions"}],"predecessor-version":[{"id":21743,"href":"https:\/\/dev.antudigital.cl\/sites\/vc\/wp-json\/wp\/v2\/posts\/21740\/revisions\/21743"}],"wp:featuredmedia":[{"embeddable":true,"href":"https:\/\/dev.antudigital.cl\/sites\/vc\/wp-json\/wp\/v2\/media\/21742"}],"wp:attachment":[{"href":"https:\/\/dev.antudigital.cl\/sites\/vc\/wp-json\/wp\/v2\/media?parent=21740"}],"wp:term":[{"taxonomy":"category","embeddable":true,"href":"https:\/\/dev.antudigital.cl\/sites\/vc\/wp-json\/wp\/v2\/categories?post=21740"},{"taxonomy":"post_tag","embeddable":true,"href":"https:\/\/dev.antudigital.cl\/sites\/vc\/wp-json\/wp\/v2\/tags?post=21740"}],"curies":[{"name":"wp","href":"https:\/\/api.w.org\/{rel}","templated":true}]}}