{"id":21744,"date":"2025-01-09T19:34:21","date_gmt":"2025-01-09T19:34:21","guid":{"rendered":"https:\/\/www.valparaisocreativo.cl\/?p=21744"},"modified":"2025-01-09T19:34:36","modified_gmt":"2025-01-09T19:34:36","slug":"primer-show-de-yorka-en-san-felipe","status":"publish","type":"post","link":"https:\/\/dev.antudigital.cl\/sites\/vc\/primer-show-de-yorka-en-san-felipe\/","title":{"rendered":"Primer Show de YORKA en San Felipe"},"content":{"rendered":"\n<p>Este viernes 17 de enero, en el bar Patio 21, la banda chilena de indie pop <strong>Yorka<\/strong> se presenta por primera vez en el Valle de Aconcagua con un espect\u00e1culo \u00fanico en San Felipe. <strong>Yorka<\/strong>, liderada por las talentosas hermanas Daniela y Yorka Pastenes, ha ganado reconocimiento internacional con su m\u00fasica que fusiona pop alternativo y folk, logrando hitos como el Festival de la Canci\u00f3n de Vi\u00f1a del Mar 2023. Su \u00faltimo \u00e1lbum \u00abChao\u00bb ha sido aclamado por su esencia indie folk y su capacidad para transmitir emociones profundas a trav\u00e9s de sus melod\u00edas y letras.<\/p>\n\n\n\n<p>Este evento tambi\u00e9n contar\u00e1 con la participaci\u00f3n de <strong>Ari Montiel<\/strong> y <strong>Montse<\/strong>, ambos oriundos del Valle de Aconcagua. Ari Montiel, conocido por su emotiva balada \u00abPA TI\u00bb dedicada a la comunidad LGBTQIA+, y Montse, con su primer disco \u00abMirando al Horizonte\u00bb que refleja momentos importantes de su vida, complementar\u00e1n el show con su estilo indie folk, creando una noche \u00fanica en San Felipe.<\/p>\n\n\n\n<figure class=\"wp-block-image size-large\"><img fetchpriority=\"high\" decoding=\"async\" width=\"819\" height=\"1024\" src=\"https:\/\/www.valparaisocreativo.cl\/wp-content\/uploads\/2025\/01\/IMAGEN-Ari-Montiel-819x1024.jpeg\" alt=\"\" class=\"wp-image-21749\" srcset=\"https:\/\/dev.antudigital.cl\/sites\/vc\/wp-content\/uploads\/2025\/01\/IMAGEN-Ari-Montiel-819x1024.jpeg 819w, https:\/\/dev.antudigital.cl\/sites\/vc\/wp-content\/uploads\/2025\/01\/IMAGEN-Ari-Montiel-240x300.jpeg 240w, https:\/\/dev.antudigital.cl\/sites\/vc\/wp-content\/uploads\/2025\/01\/IMAGEN-Ari-Montiel-768x960.jpeg 768w, https:\/\/dev.antudigital.cl\/sites\/vc\/wp-content\/uploads\/2025\/01\/IMAGEN-Ari-Montiel-1229x1536.jpeg 1229w, https:\/\/dev.antudigital.cl\/sites\/vc\/wp-content\/uploads\/2025\/01\/IMAGEN-Ari-Montiel-1639x2048.jpeg 1639w, https:\/\/dev.antudigital.cl\/sites\/vc\/wp-content\/uploads\/2025\/01\/IMAGEN-Ari-Montiel-1080x1350.jpeg 1080w, https:\/\/dev.antudigital.cl\/sites\/vc\/wp-content\/uploads\/2025\/01\/IMAGEN-Ari-Montiel-1280x1600.jpeg 1280w, https:\/\/dev.antudigital.cl\/sites\/vc\/wp-content\/uploads\/2025\/01\/IMAGEN-Ari-Montiel-980x1225.jpeg 980w, https:\/\/dev.antudigital.cl\/sites\/vc\/wp-content\/uploads\/2025\/01\/IMAGEN-Ari-Montiel-480x600.jpeg 480w, https:\/\/dev.antudigital.cl\/sites\/vc\/wp-content\/uploads\/2025\/01\/IMAGEN-Ari-Montiel-19x24.jpeg 19w, https:\/\/dev.antudigital.cl\/sites\/vc\/wp-content\/uploads\/2025\/01\/IMAGEN-Ari-Montiel-29x36.jpeg 29w, https:\/\/dev.antudigital.cl\/sites\/vc\/wp-content\/uploads\/2025\/01\/IMAGEN-Ari-Montiel-38x48.jpeg 38w, https:\/\/dev.antudigital.cl\/sites\/vc\/wp-content\/uploads\/2025\/01\/IMAGEN-Ari-Montiel-scaled.jpeg 2048w\" sizes=\"(max-width: 819px) 100vw, 819px\" \/><\/figure>\n\n\n\n<p>Este concierto es un momento ic\u00f3nico en San Felipe, donde se unen tres bandas cuyo sonidos particulares, logran entregar una sensaci\u00f3n de tranquilidad y nostalgia. Yorkas, Ari Montiel y Montse ofrecer\u00e1n una noche de indie folk que promete ser inolvidable para los asistentes. Este evento no solo marca el debut de Yorkas en el Valle de Aconcagua, sino que tambi\u00e9n re\u00fane a tres artistas afines en un mismo escenario, creando una experiencia musical excepcional.<\/p>\n\n\n\n<p>El evento es producido por <strong>SiPo Producciones<\/strong>, conocidos por su compromiso con la promoci\u00f3n de la cultura y el arte en San Felipe.<\/p>\n\n\n\n<p><strong>Fecha:<\/strong> Viernes 17 de enero <strong>Lugar:<\/strong> Bar Patio 21, San Felipe, Chile <strong>Hora:<\/strong> 20:00 hrs.<\/p>\n\n\n\n<p><strong>Entrada: <\/strong>Preventa 1 &#8211; $8.000<\/p>\n\n\n\n<p>&nbsp; Preventa 2 &#8211; $12.000<\/p>\n\n\n\n<p>&nbsp; Entrada Puerta &#8211; $14.000<\/p>\n\n\n\n<figure class=\"wp-block-image size-full\"><img decoding=\"async\" width=\"666\" height=\"668\" src=\"https:\/\/www.valparaisocreativo.cl\/wp-content\/uploads\/2025\/01\/Afiche-Evento-Yorka-en-San-Felipe.jpg\" alt=\"\" class=\"wp-image-21748\" srcset=\"https:\/\/dev.antudigital.cl\/sites\/vc\/wp-content\/uploads\/2025\/01\/Afiche-Evento-Yorka-en-San-Felipe.jpg 666w, https:\/\/dev.antudigital.cl\/sites\/vc\/wp-content\/uploads\/2025\/01\/Afiche-Evento-Yorka-en-San-Felipe-300x300.jpg 300w, https:\/\/dev.antudigital.cl\/sites\/vc\/wp-content\/uploads\/2025\/01\/Afiche-Evento-Yorka-en-San-Felipe-150x150.jpg 150w, https:\/\/dev.antudigital.cl\/sites\/vc\/wp-content\/uploads\/2025\/01\/Afiche-Evento-Yorka-en-San-Felipe-480x481.jpg 480w, https:\/\/dev.antudigital.cl\/sites\/vc\/wp-content\/uploads\/2025\/01\/Afiche-Evento-Yorka-en-San-Felipe-24x24.jpg 24w, https:\/\/dev.antudigital.cl\/sites\/vc\/wp-content\/uploads\/2025\/01\/Afiche-Evento-Yorka-en-San-Felipe-36x36.jpg 36w, https:\/\/dev.antudigital.cl\/sites\/vc\/wp-content\/uploads\/2025\/01\/Afiche-Evento-Yorka-en-San-Felipe-48x48.jpg 48w\" sizes=\"(max-width: 666px) 100vw, 666px\" \/><\/figure>\n","protected":false},"excerpt":{"rendered":"<p>Este viernes 17 de enero, en el bar Patio 21, la banda chilena de indie pop Yorka se presenta por primera vez en el Valle de Aconcagua con un espect\u00e1culo \u00fanico en San Felipe. Yorka, liderada por las talentosas hermanas Daniela y Yorka Pastenes, ha ganado reconocimiento internacional con su m\u00fasica que fusiona pop alternativo [&hellip;]<\/p>\n","protected":false},"author":1,"featured_media":21750,"comment_status":"closed","ping_status":"closed","sticky":false,"template":"","format":"standard","meta":{"_acf_changed":false,"footnotes":""},"categories":[8],"tags":[],"class_list":["post-21744","post","type-post","status-publish","format-standard","has-post-thumbnail","hentry","category-noticia"],"acf":[],"yoast_head":"<!-- This site is optimized with the Yoast SEO plugin v27.1.1 - https:\/\/yoast.com\/product\/yoast-seo-wordpress\/ -->\n<title>Primer Show de YORKA en San Felipe - Valpara\u00ed\u00adso Creativo<\/title>\n<meta name=\"robots\" content=\"index, follow, max-snippet:-1, max-image-preview:large, max-video-preview:-1\" \/>\n<link rel=\"canonical\" href=\"https:\/\/dev.antudigital.cl\/sites\/vc\/primer-show-de-yorka-en-san-felipe\/\" \/>\n<meta property=\"og:locale\" content=\"es_ES\" \/>\n<meta property=\"og:type\" content=\"article\" \/>\n<meta property=\"og:title\" content=\"Primer Show de YORKA en San Felipe - Valpara\u00ed\u00adso Creativo\" \/>\n<meta property=\"og:description\" content=\"Este viernes 17 de enero, en el bar Patio 21, la banda chilena de indie pop Yorka se presenta por primera vez en el Valle de Aconcagua con un espect\u00e1culo \u00fanico en San Felipe. Yorka, liderada por las talentosas hermanas Daniela y Yorka Pastenes, ha ganado reconocimiento internacional con su m\u00fasica que fusiona pop alternativo [&hellip;]\" \/>\n<meta property=\"og:url\" content=\"https:\/\/dev.antudigital.cl\/sites\/vc\/primer-show-de-yorka-en-san-felipe\/\" \/>\n<meta property=\"og:site_name\" content=\"Valpara\u00ed\u00adso Creativo\" \/>\n<meta property=\"article:published_time\" content=\"2025-01-09T19:34:21+00:00\" \/>\n<meta property=\"article:modified_time\" content=\"2025-01-09T19:34:36+00:00\" \/>\n<meta property=\"og:image\" content=\"https:\/\/dev.antudigital.cl\/sites\/vc\/wp-content\/uploads\/2025\/01\/IMAGEN-Yorka-e1736451235912.jpg\" \/>\n\t<meta property=\"og:image:width\" content=\"1200\" \/>\n\t<meta property=\"og:image:height\" content=\"840\" \/>\n\t<meta property=\"og:image:type\" content=\"image\/jpeg\" \/>\n<meta name=\"author\" content=\"Valpara\u00edso Creativo\" \/>\n<meta name=\"twitter:card\" content=\"summary_large_image\" \/>\n<meta name=\"twitter:label1\" content=\"Escrito por\" \/>\n\t<meta name=\"twitter:data1\" content=\"Valpara\u00edso Creativo\" \/>\n\t<meta name=\"twitter:label2\" content=\"Tiempo de lectura\" \/>\n\t<meta name=\"twitter:data2\" content=\"2 minutos\" \/>\n<script type=\"application\/ld+json\" class=\"yoast-schema-graph\">{\"@context\":\"https:\/\/schema.org\",\"@graph\":[{\"@type\":\"Article\",\"@id\":\"https:\/\/dev.antudigital.cl\/sites\/vc\/primer-show-de-yorka-en-san-felipe\/#article\",\"isPartOf\":{\"@id\":\"https:\/\/dev.antudigital.cl\/sites\/vc\/primer-show-de-yorka-en-san-felipe\/\"},\"author\":{\"name\":\"Valpara\u00edso Creativo\",\"@id\":\"https:\/\/dev.antudigital.cl\/sites\/vc\/#\/schema\/person\/c2b9da8dd545e27166fc5ab232837318\"},\"headline\":\"Primer Show de YORKA en San Felipe\",\"datePublished\":\"2025-01-09T19:34:21+00:00\",\"dateModified\":\"2025-01-09T19:34:36+00:00\",\"mainEntityOfPage\":{\"@id\":\"https:\/\/dev.antudigital.cl\/sites\/vc\/primer-show-de-yorka-en-san-felipe\/\"},\"wordCount\":297,\"image\":{\"@id\":\"https:\/\/dev.antudigital.cl\/sites\/vc\/primer-show-de-yorka-en-san-felipe\/#primaryimage\"},\"thumbnailUrl\":\"https:\/\/dev.antudigital.cl\/sites\/vc\/wp-content\/uploads\/2025\/01\/IMAGEN-Yorka-e1736451235912.jpg\",\"articleSection\":[\"Noticia\"],\"inLanguage\":\"es\"},{\"@type\":\"WebPage\",\"@id\":\"https:\/\/dev.antudigital.cl\/sites\/vc\/primer-show-de-yorka-en-san-felipe\/\",\"url\":\"https:\/\/dev.antudigital.cl\/sites\/vc\/primer-show-de-yorka-en-san-felipe\/\",\"name\":\"Primer Show de YORKA en San Felipe - Valpara\u00ed\u00adso Creativo\",\"isPartOf\":{\"@id\":\"https:\/\/dev.antudigital.cl\/sites\/vc\/#website\"},\"primaryImageOfPage\":{\"@id\":\"https:\/\/dev.antudigital.cl\/sites\/vc\/primer-show-de-yorka-en-san-felipe\/#primaryimage\"},\"image\":{\"@id\":\"https:\/\/dev.antudigital.cl\/sites\/vc\/primer-show-de-yorka-en-san-felipe\/#primaryimage\"},\"thumbnailUrl\":\"https:\/\/dev.antudigital.cl\/sites\/vc\/wp-content\/uploads\/2025\/01\/IMAGEN-Yorka-e1736451235912.jpg\",\"datePublished\":\"2025-01-09T19:34:21+00:00\",\"dateModified\":\"2025-01-09T19:34:36+00:00\",\"author\":{\"@id\":\"https:\/\/dev.antudigital.cl\/sites\/vc\/#\/schema\/person\/c2b9da8dd545e27166fc5ab232837318\"},\"breadcrumb\":{\"@id\":\"https:\/\/dev.antudigital.cl\/sites\/vc\/primer-show-de-yorka-en-san-felipe\/#breadcrumb\"},\"inLanguage\":\"es\",\"potentialAction\":[{\"@type\":\"ReadAction\",\"target\":[\"https:\/\/dev.antudigital.cl\/sites\/vc\/primer-show-de-yorka-en-san-felipe\/\"]}]},{\"@type\":\"ImageObject\",\"inLanguage\":\"es\",\"@id\":\"https:\/\/dev.antudigital.cl\/sites\/vc\/primer-show-de-yorka-en-san-felipe\/#primaryimage\",\"url\":\"https:\/\/dev.antudigital.cl\/sites\/vc\/wp-content\/uploads\/2025\/01\/IMAGEN-Yorka-e1736451235912.jpg\",\"contentUrl\":\"https:\/\/dev.antudigital.cl\/sites\/vc\/wp-content\/uploads\/2025\/01\/IMAGEN-Yorka-e1736451235912.jpg\",\"width\":1200,\"height\":840},{\"@type\":\"BreadcrumbList\",\"@id\":\"https:\/\/dev.antudigital.cl\/sites\/vc\/primer-show-de-yorka-en-san-felipe\/#breadcrumb\",\"itemListElement\":[{\"@type\":\"ListItem\",\"position\":1,\"name\":\"Home\",\"item\":\"https:\/\/dev.antudigital.cl\/sites\/vc\/\"},{\"@type\":\"ListItem\",\"position\":2,\"name\":\"Primer Show de YORKA en San Felipe\"}]},{\"@type\":\"WebSite\",\"@id\":\"https:\/\/dev.antudigital.cl\/sites\/vc\/#website\",\"url\":\"https:\/\/dev.antudigital.cl\/sites\/vc\/\",\"name\":\"Valpara\u00ed\u00adso Creativo\",\"description\":\"\",\"potentialAction\":[{\"@type\":\"SearchAction\",\"target\":{\"@type\":\"EntryPoint\",\"urlTemplate\":\"https:\/\/dev.antudigital.cl\/sites\/vc\/?s={search_term_string}\"},\"query-input\":{\"@type\":\"PropertyValueSpecification\",\"valueRequired\":true,\"valueName\":\"search_term_string\"}}],\"inLanguage\":\"es\"},{\"@type\":\"Person\",\"@id\":\"https:\/\/dev.antudigital.cl\/sites\/vc\/#\/schema\/person\/c2b9da8dd545e27166fc5ab232837318\",\"name\":\"Valpara\u00edso Creativo\",\"description\":\"Periodista de cultura en la Regi\u00f3n de Valpara\u00edso.\",\"url\":\"https:\/\/dev.antudigital.cl\/sites\/vc\/author\/valpoadmin\/\"}]}<\/script>\n<!-- \/ Yoast SEO plugin. -->","yoast_head_json":{"title":"Primer Show de YORKA en San Felipe - Valpara\u00ed\u00adso Creativo","robots":{"index":"index","follow":"follow","max-snippet":"max-snippet:-1","max-image-preview":"max-image-preview:large","max-video-preview":"max-video-preview:-1"},"canonical":"https:\/\/dev.antudigital.cl\/sites\/vc\/primer-show-de-yorka-en-san-felipe\/","og_locale":"es_ES","og_type":"article","og_title":"Primer Show de YORKA en San Felipe - Valpara\u00ed\u00adso Creativo","og_description":"Este viernes 17 de enero, en el bar Patio 21, la banda chilena de indie pop Yorka se presenta por primera vez en el Valle de Aconcagua con un espect\u00e1culo \u00fanico en San Felipe. Yorka, liderada por las talentosas hermanas Daniela y Yorka Pastenes, ha ganado reconocimiento internacional con su m\u00fasica que fusiona pop alternativo [&hellip;]","og_url":"https:\/\/dev.antudigital.cl\/sites\/vc\/primer-show-de-yorka-en-san-felipe\/","og_site_name":"Valpara\u00ed\u00adso Creativo","article_published_time":"2025-01-09T19:34:21+00:00","article_modified_time":"2025-01-09T19:34:36+00:00","og_image":[{"width":1200,"height":840,"url":"https:\/\/dev.antudigital.cl\/sites\/vc\/wp-content\/uploads\/2025\/01\/IMAGEN-Yorka-e1736451235912.jpg","type":"image\/jpeg"}],"author":"Valpara\u00edso Creativo","twitter_card":"summary_large_image","twitter_misc":{"Escrito por":"Valpara\u00edso Creativo","Tiempo de lectura":"2 minutos"},"schema":{"@context":"https:\/\/schema.org","@graph":[{"@type":"Article","@id":"https:\/\/dev.antudigital.cl\/sites\/vc\/primer-show-de-yorka-en-san-felipe\/#article","isPartOf":{"@id":"https:\/\/dev.antudigital.cl\/sites\/vc\/primer-show-de-yorka-en-san-felipe\/"},"author":{"name":"Valpara\u00edso Creativo","@id":"https:\/\/dev.antudigital.cl\/sites\/vc\/#\/schema\/person\/c2b9da8dd545e27166fc5ab232837318"},"headline":"Primer Show de YORKA en San Felipe","datePublished":"2025-01-09T19:34:21+00:00","dateModified":"2025-01-09T19:34:36+00:00","mainEntityOfPage":{"@id":"https:\/\/dev.antudigital.cl\/sites\/vc\/primer-show-de-yorka-en-san-felipe\/"},"wordCount":297,"image":{"@id":"https:\/\/dev.antudigital.cl\/sites\/vc\/primer-show-de-yorka-en-san-felipe\/#primaryimage"},"thumbnailUrl":"https:\/\/dev.antudigital.cl\/sites\/vc\/wp-content\/uploads\/2025\/01\/IMAGEN-Yorka-e1736451235912.jpg","articleSection":["Noticia"],"inLanguage":"es"},{"@type":"WebPage","@id":"https:\/\/dev.antudigital.cl\/sites\/vc\/primer-show-de-yorka-en-san-felipe\/","url":"https:\/\/dev.antudigital.cl\/sites\/vc\/primer-show-de-yorka-en-san-felipe\/","name":"Primer Show de YORKA en San Felipe - Valpara\u00ed\u00adso Creativo","isPartOf":{"@id":"https:\/\/dev.antudigital.cl\/sites\/vc\/#website"},"primaryImageOfPage":{"@id":"https:\/\/dev.antudigital.cl\/sites\/vc\/primer-show-de-yorka-en-san-felipe\/#primaryimage"},"image":{"@id":"https:\/\/dev.antudigital.cl\/sites\/vc\/primer-show-de-yorka-en-san-felipe\/#primaryimage"},"thumbnailUrl":"https:\/\/dev.antudigital.cl\/sites\/vc\/wp-content\/uploads\/2025\/01\/IMAGEN-Yorka-e1736451235912.jpg","datePublished":"2025-01-09T19:34:21+00:00","dateModified":"2025-01-09T19:34:36+00:00","author":{"@id":"https:\/\/dev.antudigital.cl\/sites\/vc\/#\/schema\/person\/c2b9da8dd545e27166fc5ab232837318"},"breadcrumb":{"@id":"https:\/\/dev.antudigital.cl\/sites\/vc\/primer-show-de-yorka-en-san-felipe\/#breadcrumb"},"inLanguage":"es","potentialAction":[{"@type":"ReadAction","target":["https:\/\/dev.antudigital.cl\/sites\/vc\/primer-show-de-yorka-en-san-felipe\/"]}]},{"@type":"ImageObject","inLanguage":"es","@id":"https:\/\/dev.antudigital.cl\/sites\/vc\/primer-show-de-yorka-en-san-felipe\/#primaryimage","url":"https:\/\/dev.antudigital.cl\/sites\/vc\/wp-content\/uploads\/2025\/01\/IMAGEN-Yorka-e1736451235912.jpg","contentUrl":"https:\/\/dev.antudigital.cl\/sites\/vc\/wp-content\/uploads\/2025\/01\/IMAGEN-Yorka-e1736451235912.jpg","width":1200,"height":840},{"@type":"BreadcrumbList","@id":"https:\/\/dev.antudigital.cl\/sites\/vc\/primer-show-de-yorka-en-san-felipe\/#breadcrumb","itemListElement":[{"@type":"ListItem","position":1,"name":"Home","item":"https:\/\/dev.antudigital.cl\/sites\/vc\/"},{"@type":"ListItem","position":2,"name":"Primer Show de YORKA en San Felipe"}]},{"@type":"WebSite","@id":"https:\/\/dev.antudigital.cl\/sites\/vc\/#website","url":"https:\/\/dev.antudigital.cl\/sites\/vc\/","name":"Valpara\u00ed\u00adso Creativo","description":"","potentialAction":[{"@type":"SearchAction","target":{"@type":"EntryPoint","urlTemplate":"https:\/\/dev.antudigital.cl\/sites\/vc\/?s={search_term_string}"},"query-input":{"@type":"PropertyValueSpecification","valueRequired":true,"valueName":"search_term_string"}}],"inLanguage":"es"},{"@type":"Person","@id":"https:\/\/dev.antudigital.cl\/sites\/vc\/#\/schema\/person\/c2b9da8dd545e27166fc5ab232837318","name":"Valpara\u00edso Creativo","description":"Periodista de cultura en la Regi\u00f3n de Valpara\u00edso.","url":"https:\/\/dev.antudigital.cl\/sites\/vc\/author\/valpoadmin\/"}]}},"_links":{"self":[{"href":"https:\/\/dev.antudigital.cl\/sites\/vc\/wp-json\/wp\/v2\/posts\/21744","targetHints":{"allow":["GET"]}}],"collection":[{"href":"https:\/\/dev.antudigital.cl\/sites\/vc\/wp-json\/wp\/v2\/posts"}],"about":[{"href":"https:\/\/dev.antudigital.cl\/sites\/vc\/wp-json\/wp\/v2\/types\/post"}],"author":[{"embeddable":true,"href":"https:\/\/dev.antudigital.cl\/sites\/vc\/wp-json\/wp\/v2\/users\/1"}],"replies":[{"embeddable":true,"href":"https:\/\/dev.antudigital.cl\/sites\/vc\/wp-json\/wp\/v2\/comments?post=21744"}],"version-history":[{"count":2,"href":"https:\/\/dev.antudigital.cl\/sites\/vc\/wp-json\/wp\/v2\/posts\/21744\/revisions"}],"predecessor-version":[{"id":21751,"href":"https:\/\/dev.antudigital.cl\/sites\/vc\/wp-json\/wp\/v2\/posts\/21744\/revisions\/21751"}],"wp:featuredmedia":[{"embeddable":true,"href":"https:\/\/dev.antudigital.cl\/sites\/vc\/wp-json\/wp\/v2\/media\/21750"}],"wp:attachment":[{"href":"https:\/\/dev.antudigital.cl\/sites\/vc\/wp-json\/wp\/v2\/media?parent=21744"}],"wp:term":[{"taxonomy":"category","embeddable":true,"href":"https:\/\/dev.antudigital.cl\/sites\/vc\/wp-json\/wp\/v2\/categories?post=21744"},{"taxonomy":"post_tag","embeddable":true,"href":"https:\/\/dev.antudigital.cl\/sites\/vc\/wp-json\/wp\/v2\/tags?post=21744"}],"curies":[{"name":"wp","href":"https:\/\/api.w.org\/{rel}","templated":true}]}}