{"id":21752,"date":"2025-01-09T19:49:41","date_gmt":"2025-01-09T19:49:41","guid":{"rendered":"https:\/\/www.valparaisocreativo.cl\/?p=21752"},"modified":"2025-01-09T19:49:55","modified_gmt":"2025-01-09T19:49:55","slug":"daniela-gatica-y-el-fruto-del-ruido-en-san-felipe","status":"publish","type":"post","link":"https:\/\/dev.antudigital.cl\/sites\/vc\/daniela-gatica-y-el-fruto-del-ruido-en-san-felipe\/","title":{"rendered":"Daniela Gatica y el Fruto del Ruido en San Felipe"},"content":{"rendered":"\n<p><strong>Primer Show de Daniela Gatica y el Fruto del Ruido en San Felipe<\/strong><\/p>\n\n\n\n<p>El 09 de enero de 2025, el Hostal y Shoper\u00eda Aconcagua ser\u00e1 el escenario de un evento musical \u00fanico en San Felipe. Daniela Gatica y el Fruto del Ruido, una banda de folk rock experimental originaria de Valpara\u00edso, presentar\u00e1 su primer show en la ciudad, acompa\u00f1ada por la banda local La F\u00e1brica de Volantines.<\/p>\n\n\n\n<p><strong>Daniela Gatica y el Fruto del Ruido<\/strong> es conocida por su estilo ecl\u00e9ctico que combina elementos de rock, m\u00fasica latinoamericana y experimentaci\u00f3n instrumental. La banda, formada por Daniela Gatica (voz, guitarra y saxof\u00f3n), Pavlo Robinson (guitarra), Pablo Contreras (bater\u00eda), Tom\u00e1s Caruz (bajo), Nicol\u00e1s L\u00f3pez (clarinete) y Carlos Soto (bajo), ha lanzado cuatro producciones discogr\u00e1ficas: \u00abHom\u00f3nimo\u00bb (2017), \u00abAtrapado\u00bb (2019), \u00abSentada cantando debajo del agua\u00bb (2021) y \u00abPir\u00f3mano de la flor del cactus\u00bb (2023). Sus letras profundas y delicadamente construidas exploran reflexiones cotidianas y paisajes on\u00edricos.<\/p>\n\n\n\n<figure class=\"wp-block-image size-large\"><img fetchpriority=\"high\" decoding=\"async\" width=\"1024\" height=\"683\" src=\"https:\/\/www.valparaisocreativo.cl\/wp-content\/uploads\/2025\/01\/IMAGEN-La-Fabrica-de-Volantines-1024x683.jpg\" alt=\"\" class=\"wp-image-21756\" srcset=\"https:\/\/dev.antudigital.cl\/sites\/vc\/wp-content\/uploads\/2025\/01\/IMAGEN-La-Fabrica-de-Volantines-1024x683.jpg 1024w, https:\/\/dev.antudigital.cl\/sites\/vc\/wp-content\/uploads\/2025\/01\/IMAGEN-La-Fabrica-de-Volantines-300x200.jpg 300w, https:\/\/dev.antudigital.cl\/sites\/vc\/wp-content\/uploads\/2025\/01\/IMAGEN-La-Fabrica-de-Volantines-768x512.jpg 768w, https:\/\/dev.antudigital.cl\/sites\/vc\/wp-content\/uploads\/2025\/01\/IMAGEN-La-Fabrica-de-Volantines-1536x1024.jpg 1536w, https:\/\/dev.antudigital.cl\/sites\/vc\/wp-content\/uploads\/2025\/01\/IMAGEN-La-Fabrica-de-Volantines-2048x1365.jpg 2048w, https:\/\/dev.antudigital.cl\/sites\/vc\/wp-content\/uploads\/2025\/01\/IMAGEN-La-Fabrica-de-Volantines-1080x720.jpg 1080w, https:\/\/dev.antudigital.cl\/sites\/vc\/wp-content\/uploads\/2025\/01\/IMAGEN-La-Fabrica-de-Volantines-1280x854.jpg 1280w, https:\/\/dev.antudigital.cl\/sites\/vc\/wp-content\/uploads\/2025\/01\/IMAGEN-La-Fabrica-de-Volantines-980x653.jpg 980w, https:\/\/dev.antudigital.cl\/sites\/vc\/wp-content\/uploads\/2025\/01\/IMAGEN-La-Fabrica-de-Volantines-480x320.jpg 480w, https:\/\/dev.antudigital.cl\/sites\/vc\/wp-content\/uploads\/2025\/01\/IMAGEN-La-Fabrica-de-Volantines-24x16.jpg 24w, https:\/\/dev.antudigital.cl\/sites\/vc\/wp-content\/uploads\/2025\/01\/IMAGEN-La-Fabrica-de-Volantines-36x24.jpg 36w, https:\/\/dev.antudigital.cl\/sites\/vc\/wp-content\/uploads\/2025\/01\/IMAGEN-La-Fabrica-de-Volantines-48x32.jpg 48w\" sizes=\"(max-width: 1024px) 100vw, 1024px\" \/><\/figure>\n\n\n\n<p><strong>La F\u00e1brica de Volantines<\/strong>, una banda sanfelipe\u00f1a que entrelaza el esp\u00edritu de aconcag\u00fcinos, porte\u00f1os y santiaguinos, se unir\u00e1 a Daniela Gatica y el Fruto del Ruido en este evento. Formada por Rub\u00e9n Varas C\u00f3rdova (guitarra y compositor), Vasti Polanco Olivares (letrista y cantante), Cristian Ahumada Ahumada (baterista) y Emiliano Mu\u00f1oz Cousi\u00f1o (bajista y compositor), La F\u00e1brica de Volantines ha lanzado varios sencillos que reflejan su experiencia y creatividad.<\/p>\n\n\n\n<p>Este evento es especialmente relevante ya que cuenta con dos bandas de folk rock experimental cuyas vocalistas son mujeres, destacando la diversidad y talento femenino en la m\u00fasica local. La importancia de este tipo de eventos para el acontecer musical y cultural de San Felipe y el Valle de Aconcagua no puede ser subestimada, ya que fomentan la producci\u00f3n y exhibici\u00f3n de las artes esc\u00e9nicas en la regi\u00f3n.<\/p>\n\n\n\n<p>El evento es producido por <strong>SiPo Producciones<\/strong>, conocidos por su compromiso con la promoci\u00f3n de la cultura y el arte en San Felipe.<\/p>\n\n\n\n<p><strong>Fecha:<\/strong> 09 de enero de 2025 <strong>Hora:<\/strong> 20:00 <strong>Lugar:<\/strong> Hostal y Shoperia Aconcagua, San Felipe <strong>Entrada:<\/strong> $4.000 &#8211; 2 x $7.000<\/p>\n\n\n\n<figure class=\"wp-block-image size-full\"><img decoding=\"async\" src=\"https:\/\/www.valparaisocreativo.cl\/wp-content\/uploads\/2025\/01\/Afiche-Evento-Daniela-Gatica-y-EFDR-en-San-Felipe-1.jpg\" alt=\"\" class=\"wp-image-21754\"\/><\/figure>\n","protected":false},"excerpt":{"rendered":"<p>Primer Show de Daniela Gatica y el Fruto del Ruido en San Felipe El 09 de enero de 2025, el Hostal y Shoper\u00eda Aconcagua ser\u00e1 el escenario de un evento musical \u00fanico en San Felipe. Daniela Gatica y el Fruto del Ruido, una banda de folk rock experimental originaria de Valpara\u00edso, presentar\u00e1 su primer show [&hellip;]<\/p>\n","protected":false},"author":1,"featured_media":21755,"comment_status":"closed","ping_status":"closed","sticky":false,"template":"","format":"standard","meta":{"_acf_changed":false,"footnotes":""},"categories":[8],"tags":[],"class_list":["post-21752","post","type-post","status-publish","format-standard","has-post-thumbnail","hentry","category-noticia"],"acf":[],"yoast_head":"<!-- This site is optimized with the Yoast SEO plugin v27.1.1 - https:\/\/yoast.com\/product\/yoast-seo-wordpress\/ -->\n<title>Daniela Gatica y el Fruto del Ruido en San Felipe - Valpara\u00ed\u00adso Creativo<\/title>\n<meta name=\"robots\" content=\"index, follow, max-snippet:-1, max-image-preview:large, max-video-preview:-1\" \/>\n<link rel=\"canonical\" href=\"https:\/\/dev.antudigital.cl\/sites\/vc\/daniela-gatica-y-el-fruto-del-ruido-en-san-felipe\/\" \/>\n<meta property=\"og:locale\" content=\"es_ES\" \/>\n<meta property=\"og:type\" content=\"article\" \/>\n<meta property=\"og:title\" content=\"Daniela Gatica y el Fruto del Ruido en San Felipe - Valpara\u00ed\u00adso Creativo\" \/>\n<meta property=\"og:description\" content=\"Primer Show de Daniela Gatica y el Fruto del Ruido en San Felipe El 09 de enero de 2025, el Hostal y Shoper\u00eda Aconcagua ser\u00e1 el escenario de un evento musical \u00fanico en San Felipe. Daniela Gatica y el Fruto del Ruido, una banda de folk rock experimental originaria de Valpara\u00edso, presentar\u00e1 su primer show [&hellip;]\" \/>\n<meta property=\"og:url\" content=\"https:\/\/dev.antudigital.cl\/sites\/vc\/daniela-gatica-y-el-fruto-del-ruido-en-san-felipe\/\" \/>\n<meta property=\"og:site_name\" content=\"Valpara\u00ed\u00adso Creativo\" \/>\n<meta property=\"article:published_time\" content=\"2025-01-09T19:49:41+00:00\" \/>\n<meta property=\"article:modified_time\" content=\"2025-01-09T19:49:55+00:00\" \/>\n<meta property=\"og:image\" content=\"https:\/\/dev.antudigital.cl\/sites\/vc\/wp-content\/uploads\/2025\/01\/IMAGEN-Daniela-Gatica-y-EFDR-1024x576.png\" \/>\n\t<meta property=\"og:image:width\" content=\"1024\" \/>\n\t<meta property=\"og:image:height\" content=\"576\" \/>\n\t<meta property=\"og:image:type\" content=\"image\/png\" \/>\n<meta name=\"author\" content=\"Valpara\u00edso Creativo\" \/>\n<meta name=\"twitter:card\" content=\"summary_large_image\" \/>\n<meta name=\"twitter:label1\" content=\"Escrito por\" \/>\n\t<meta name=\"twitter:data1\" content=\"Valpara\u00edso Creativo\" \/>\n\t<meta name=\"twitter:label2\" content=\"Tiempo de lectura\" \/>\n\t<meta name=\"twitter:data2\" content=\"3 minutos\" \/>\n<script type=\"application\/ld+json\" class=\"yoast-schema-graph\">{\"@context\":\"https:\/\/schema.org\",\"@graph\":[{\"@type\":\"Article\",\"@id\":\"https:\/\/dev.antudigital.cl\/sites\/vc\/daniela-gatica-y-el-fruto-del-ruido-en-san-felipe\/#article\",\"isPartOf\":{\"@id\":\"https:\/\/dev.antudigital.cl\/sites\/vc\/daniela-gatica-y-el-fruto-del-ruido-en-san-felipe\/\"},\"author\":{\"name\":\"Valpara\u00edso Creativo\",\"@id\":\"https:\/\/dev.antudigital.cl\/sites\/vc\/#\/schema\/person\/c2b9da8dd545e27166fc5ab232837318\"},\"headline\":\"Daniela Gatica y el Fruto del Ruido en San Felipe\",\"datePublished\":\"2025-01-09T19:49:41+00:00\",\"dateModified\":\"2025-01-09T19:49:55+00:00\",\"mainEntityOfPage\":{\"@id\":\"https:\/\/dev.antudigital.cl\/sites\/vc\/daniela-gatica-y-el-fruto-del-ruido-en-san-felipe\/\"},\"wordCount\":361,\"image\":{\"@id\":\"https:\/\/dev.antudigital.cl\/sites\/vc\/daniela-gatica-y-el-fruto-del-ruido-en-san-felipe\/#primaryimage\"},\"thumbnailUrl\":\"https:\/\/dev.antudigital.cl\/sites\/vc\/wp-content\/uploads\/2025\/01\/IMAGEN-Daniela-Gatica-y-EFDR.png\",\"articleSection\":[\"Noticia\"],\"inLanguage\":\"es\"},{\"@type\":\"WebPage\",\"@id\":\"https:\/\/dev.antudigital.cl\/sites\/vc\/daniela-gatica-y-el-fruto-del-ruido-en-san-felipe\/\",\"url\":\"https:\/\/dev.antudigital.cl\/sites\/vc\/daniela-gatica-y-el-fruto-del-ruido-en-san-felipe\/\",\"name\":\"Daniela Gatica y el Fruto del Ruido en San Felipe - Valpara\u00ed\u00adso Creativo\",\"isPartOf\":{\"@id\":\"https:\/\/dev.antudigital.cl\/sites\/vc\/#website\"},\"primaryImageOfPage\":{\"@id\":\"https:\/\/dev.antudigital.cl\/sites\/vc\/daniela-gatica-y-el-fruto-del-ruido-en-san-felipe\/#primaryimage\"},\"image\":{\"@id\":\"https:\/\/dev.antudigital.cl\/sites\/vc\/daniela-gatica-y-el-fruto-del-ruido-en-san-felipe\/#primaryimage\"},\"thumbnailUrl\":\"https:\/\/dev.antudigital.cl\/sites\/vc\/wp-content\/uploads\/2025\/01\/IMAGEN-Daniela-Gatica-y-EFDR.png\",\"datePublished\":\"2025-01-09T19:49:41+00:00\",\"dateModified\":\"2025-01-09T19:49:55+00:00\",\"author\":{\"@id\":\"https:\/\/dev.antudigital.cl\/sites\/vc\/#\/schema\/person\/c2b9da8dd545e27166fc5ab232837318\"},\"breadcrumb\":{\"@id\":\"https:\/\/dev.antudigital.cl\/sites\/vc\/daniela-gatica-y-el-fruto-del-ruido-en-san-felipe\/#breadcrumb\"},\"inLanguage\":\"es\",\"potentialAction\":[{\"@type\":\"ReadAction\",\"target\":[\"https:\/\/dev.antudigital.cl\/sites\/vc\/daniela-gatica-y-el-fruto-del-ruido-en-san-felipe\/\"]}]},{\"@type\":\"ImageObject\",\"inLanguage\":\"es\",\"@id\":\"https:\/\/dev.antudigital.cl\/sites\/vc\/daniela-gatica-y-el-fruto-del-ruido-en-san-felipe\/#primaryimage\",\"url\":\"https:\/\/dev.antudigital.cl\/sites\/vc\/wp-content\/uploads\/2025\/01\/IMAGEN-Daniela-Gatica-y-EFDR.png\",\"contentUrl\":\"https:\/\/dev.antudigital.cl\/sites\/vc\/wp-content\/uploads\/2025\/01\/IMAGEN-Daniela-Gatica-y-EFDR.png\",\"width\":2083,\"height\":1172},{\"@type\":\"BreadcrumbList\",\"@id\":\"https:\/\/dev.antudigital.cl\/sites\/vc\/daniela-gatica-y-el-fruto-del-ruido-en-san-felipe\/#breadcrumb\",\"itemListElement\":[{\"@type\":\"ListItem\",\"position\":1,\"name\":\"Home\",\"item\":\"https:\/\/dev.antudigital.cl\/sites\/vc\/\"},{\"@type\":\"ListItem\",\"position\":2,\"name\":\"Daniela Gatica y el Fruto del Ruido en San Felipe\"}]},{\"@type\":\"WebSite\",\"@id\":\"https:\/\/dev.antudigital.cl\/sites\/vc\/#website\",\"url\":\"https:\/\/dev.antudigital.cl\/sites\/vc\/\",\"name\":\"Valpara\u00ed\u00adso Creativo\",\"description\":\"\",\"potentialAction\":[{\"@type\":\"SearchAction\",\"target\":{\"@type\":\"EntryPoint\",\"urlTemplate\":\"https:\/\/dev.antudigital.cl\/sites\/vc\/?s={search_term_string}\"},\"query-input\":{\"@type\":\"PropertyValueSpecification\",\"valueRequired\":true,\"valueName\":\"search_term_string\"}}],\"inLanguage\":\"es\"},{\"@type\":\"Person\",\"@id\":\"https:\/\/dev.antudigital.cl\/sites\/vc\/#\/schema\/person\/c2b9da8dd545e27166fc5ab232837318\",\"name\":\"Valpara\u00edso Creativo\",\"description\":\"Periodista de cultura en la Regi\u00f3n de Valpara\u00edso.\",\"url\":\"https:\/\/dev.antudigital.cl\/sites\/vc\/author\/valpoadmin\/\"}]}<\/script>\n<!-- \/ Yoast SEO plugin. -->","yoast_head_json":{"title":"Daniela Gatica y el Fruto del Ruido en San Felipe - Valpara\u00ed\u00adso Creativo","robots":{"index":"index","follow":"follow","max-snippet":"max-snippet:-1","max-image-preview":"max-image-preview:large","max-video-preview":"max-video-preview:-1"},"canonical":"https:\/\/dev.antudigital.cl\/sites\/vc\/daniela-gatica-y-el-fruto-del-ruido-en-san-felipe\/","og_locale":"es_ES","og_type":"article","og_title":"Daniela Gatica y el Fruto del Ruido en San Felipe - Valpara\u00ed\u00adso Creativo","og_description":"Primer Show de Daniela Gatica y el Fruto del Ruido en San Felipe El 09 de enero de 2025, el Hostal y Shoper\u00eda Aconcagua ser\u00e1 el escenario de un evento musical \u00fanico en San Felipe. Daniela Gatica y el Fruto del Ruido, una banda de folk rock experimental originaria de Valpara\u00edso, presentar\u00e1 su primer show [&hellip;]","og_url":"https:\/\/dev.antudigital.cl\/sites\/vc\/daniela-gatica-y-el-fruto-del-ruido-en-san-felipe\/","og_site_name":"Valpara\u00ed\u00adso Creativo","article_published_time":"2025-01-09T19:49:41+00:00","article_modified_time":"2025-01-09T19:49:55+00:00","og_image":[{"width":1024,"height":576,"url":"https:\/\/dev.antudigital.cl\/sites\/vc\/wp-content\/uploads\/2025\/01\/IMAGEN-Daniela-Gatica-y-EFDR-1024x576.png","type":"image\/png"}],"author":"Valpara\u00edso Creativo","twitter_card":"summary_large_image","twitter_misc":{"Escrito por":"Valpara\u00edso Creativo","Tiempo de lectura":"3 minutos"},"schema":{"@context":"https:\/\/schema.org","@graph":[{"@type":"Article","@id":"https:\/\/dev.antudigital.cl\/sites\/vc\/daniela-gatica-y-el-fruto-del-ruido-en-san-felipe\/#article","isPartOf":{"@id":"https:\/\/dev.antudigital.cl\/sites\/vc\/daniela-gatica-y-el-fruto-del-ruido-en-san-felipe\/"},"author":{"name":"Valpara\u00edso Creativo","@id":"https:\/\/dev.antudigital.cl\/sites\/vc\/#\/schema\/person\/c2b9da8dd545e27166fc5ab232837318"},"headline":"Daniela Gatica y el Fruto del Ruido en San Felipe","datePublished":"2025-01-09T19:49:41+00:00","dateModified":"2025-01-09T19:49:55+00:00","mainEntityOfPage":{"@id":"https:\/\/dev.antudigital.cl\/sites\/vc\/daniela-gatica-y-el-fruto-del-ruido-en-san-felipe\/"},"wordCount":361,"image":{"@id":"https:\/\/dev.antudigital.cl\/sites\/vc\/daniela-gatica-y-el-fruto-del-ruido-en-san-felipe\/#primaryimage"},"thumbnailUrl":"https:\/\/dev.antudigital.cl\/sites\/vc\/wp-content\/uploads\/2025\/01\/IMAGEN-Daniela-Gatica-y-EFDR.png","articleSection":["Noticia"],"inLanguage":"es"},{"@type":"WebPage","@id":"https:\/\/dev.antudigital.cl\/sites\/vc\/daniela-gatica-y-el-fruto-del-ruido-en-san-felipe\/","url":"https:\/\/dev.antudigital.cl\/sites\/vc\/daniela-gatica-y-el-fruto-del-ruido-en-san-felipe\/","name":"Daniela Gatica y el Fruto del Ruido en San Felipe - Valpara\u00ed\u00adso Creativo","isPartOf":{"@id":"https:\/\/dev.antudigital.cl\/sites\/vc\/#website"},"primaryImageOfPage":{"@id":"https:\/\/dev.antudigital.cl\/sites\/vc\/daniela-gatica-y-el-fruto-del-ruido-en-san-felipe\/#primaryimage"},"image":{"@id":"https:\/\/dev.antudigital.cl\/sites\/vc\/daniela-gatica-y-el-fruto-del-ruido-en-san-felipe\/#primaryimage"},"thumbnailUrl":"https:\/\/dev.antudigital.cl\/sites\/vc\/wp-content\/uploads\/2025\/01\/IMAGEN-Daniela-Gatica-y-EFDR.png","datePublished":"2025-01-09T19:49:41+00:00","dateModified":"2025-01-09T19:49:55+00:00","author":{"@id":"https:\/\/dev.antudigital.cl\/sites\/vc\/#\/schema\/person\/c2b9da8dd545e27166fc5ab232837318"},"breadcrumb":{"@id":"https:\/\/dev.antudigital.cl\/sites\/vc\/daniela-gatica-y-el-fruto-del-ruido-en-san-felipe\/#breadcrumb"},"inLanguage":"es","potentialAction":[{"@type":"ReadAction","target":["https:\/\/dev.antudigital.cl\/sites\/vc\/daniela-gatica-y-el-fruto-del-ruido-en-san-felipe\/"]}]},{"@type":"ImageObject","inLanguage":"es","@id":"https:\/\/dev.antudigital.cl\/sites\/vc\/daniela-gatica-y-el-fruto-del-ruido-en-san-felipe\/#primaryimage","url":"https:\/\/dev.antudigital.cl\/sites\/vc\/wp-content\/uploads\/2025\/01\/IMAGEN-Daniela-Gatica-y-EFDR.png","contentUrl":"https:\/\/dev.antudigital.cl\/sites\/vc\/wp-content\/uploads\/2025\/01\/IMAGEN-Daniela-Gatica-y-EFDR.png","width":2083,"height":1172},{"@type":"BreadcrumbList","@id":"https:\/\/dev.antudigital.cl\/sites\/vc\/daniela-gatica-y-el-fruto-del-ruido-en-san-felipe\/#breadcrumb","itemListElement":[{"@type":"ListItem","position":1,"name":"Home","item":"https:\/\/dev.antudigital.cl\/sites\/vc\/"},{"@type":"ListItem","position":2,"name":"Daniela Gatica y el Fruto del Ruido en San Felipe"}]},{"@type":"WebSite","@id":"https:\/\/dev.antudigital.cl\/sites\/vc\/#website","url":"https:\/\/dev.antudigital.cl\/sites\/vc\/","name":"Valpara\u00ed\u00adso Creativo","description":"","potentialAction":[{"@type":"SearchAction","target":{"@type":"EntryPoint","urlTemplate":"https:\/\/dev.antudigital.cl\/sites\/vc\/?s={search_term_string}"},"query-input":{"@type":"PropertyValueSpecification","valueRequired":true,"valueName":"search_term_string"}}],"inLanguage":"es"},{"@type":"Person","@id":"https:\/\/dev.antudigital.cl\/sites\/vc\/#\/schema\/person\/c2b9da8dd545e27166fc5ab232837318","name":"Valpara\u00edso Creativo","description":"Periodista de cultura en la Regi\u00f3n de Valpara\u00edso.","url":"https:\/\/dev.antudigital.cl\/sites\/vc\/author\/valpoadmin\/"}]}},"_links":{"self":[{"href":"https:\/\/dev.antudigital.cl\/sites\/vc\/wp-json\/wp\/v2\/posts\/21752","targetHints":{"allow":["GET"]}}],"collection":[{"href":"https:\/\/dev.antudigital.cl\/sites\/vc\/wp-json\/wp\/v2\/posts"}],"about":[{"href":"https:\/\/dev.antudigital.cl\/sites\/vc\/wp-json\/wp\/v2\/types\/post"}],"author":[{"embeddable":true,"href":"https:\/\/dev.antudigital.cl\/sites\/vc\/wp-json\/wp\/v2\/users\/1"}],"replies":[{"embeddable":true,"href":"https:\/\/dev.antudigital.cl\/sites\/vc\/wp-json\/wp\/v2\/comments?post=21752"}],"version-history":[{"count":1,"href":"https:\/\/dev.antudigital.cl\/sites\/vc\/wp-json\/wp\/v2\/posts\/21752\/revisions"}],"predecessor-version":[{"id":21758,"href":"https:\/\/dev.antudigital.cl\/sites\/vc\/wp-json\/wp\/v2\/posts\/21752\/revisions\/21758"}],"wp:featuredmedia":[{"embeddable":true,"href":"https:\/\/dev.antudigital.cl\/sites\/vc\/wp-json\/wp\/v2\/media\/21755"}],"wp:attachment":[{"href":"https:\/\/dev.antudigital.cl\/sites\/vc\/wp-json\/wp\/v2\/media?parent=21752"}],"wp:term":[{"taxonomy":"category","embeddable":true,"href":"https:\/\/dev.antudigital.cl\/sites\/vc\/wp-json\/wp\/v2\/categories?post=21752"},{"taxonomy":"post_tag","embeddable":true,"href":"https:\/\/dev.antudigital.cl\/sites\/vc\/wp-json\/wp\/v2\/tags?post=21752"}],"curies":[{"name":"wp","href":"https:\/\/api.w.org\/{rel}","templated":true}]}}