{"id":21759,"date":"2025-01-09T20:08:57","date_gmt":"2025-01-09T20:08:57","guid":{"rendered":"https:\/\/www.valparaisocreativo.cl\/?p=21759"},"modified":"2025-01-09T20:09:16","modified_gmt":"2025-01-09T20:09:16","slug":"festival-tsonami-presenta-su-18o-edicion-atmosferica-basada-en-la-fascinacion-por-los-fenomenos-naturales","status":"publish","type":"post","link":"https:\/\/dev.antudigital.cl\/sites\/vc\/festival-tsonami-presenta-su-18o-edicion-atmosferica-basada-en-la-fascinacion-por-los-fenomenos-naturales\/","title":{"rendered":"Festival Tsonami presenta su 18\u00ba edici\u00f3n \u201cAtmosf\u00e9rica\u201d basada en la fascinaci\u00f3n por los fen\u00f3menos naturales"},"content":{"rendered":"\n<p>Como un espacio para el encuentro y la investigaci\u00f3n sonora, la reflexi\u00f3n disciplinar y la participaci\u00f3n abierta del p\u00fablico, el&nbsp;<strong>Festival de arte sonoro&nbsp;Tsonami&nbsp;<\/strong>presenta su decimoctava edici\u00f3n&nbsp;<strong>\u201cAtmosf\u00e9rica\u201d<\/strong>, que se realizar\u00e1 entre el 14 y el 19 de enero en Valpara\u00edso.<\/p>\n\n\n\n<p>Esta versi\u00f3n, basada en la fascinaci\u00f3n por los fen\u00f3menos naturales y su observaci\u00f3n a nivel f\u00edsico y simb\u00f3lico, busca otras formas de relaci\u00f3n con el entorno desde las pr\u00e1cticas sonoro-auditivas, que pretenden abordar nuevas lecturas y explorar las fuerzas de lo invisible, en un momento en el cual las crisis humanitarias afectan a nivel planetario.<\/p>\n\n\n\n<p>De tal manera, la necesidad de observar y darle sentido a dichos fen\u00f3menos resulta relevante, m\u00e1s all\u00e1 de las perspectivas cient\u00edficas cl\u00e1sicas y racionales.<\/p>\n\n\n\n<figure class=\"wp-block-image size-large\"><img fetchpriority=\"high\" decoding=\"async\" width=\"1024\" height=\"683\" src=\"https:\/\/www.valparaisocreativo.cl\/wp-content\/uploads\/2025\/01\/unnamed-1024x683.jpeg\" alt=\"\" class=\"wp-image-21760\" srcset=\"https:\/\/dev.antudigital.cl\/sites\/vc\/wp-content\/uploads\/2025\/01\/unnamed-1024x683.jpeg 1024w, https:\/\/dev.antudigital.cl\/sites\/vc\/wp-content\/uploads\/2025\/01\/unnamed-300x200.jpeg 300w, https:\/\/dev.antudigital.cl\/sites\/vc\/wp-content\/uploads\/2025\/01\/unnamed-768x513.jpeg 768w, https:\/\/dev.antudigital.cl\/sites\/vc\/wp-content\/uploads\/2025\/01\/unnamed-1536x1025.jpeg 1536w, https:\/\/dev.antudigital.cl\/sites\/vc\/wp-content\/uploads\/2025\/01\/unnamed-2048x1367.jpeg 2048w, https:\/\/dev.antudigital.cl\/sites\/vc\/wp-content\/uploads\/2025\/01\/unnamed-1080x721.jpeg 1080w, https:\/\/dev.antudigital.cl\/sites\/vc\/wp-content\/uploads\/2025\/01\/unnamed-1280x855.jpeg 1280w, https:\/\/dev.antudigital.cl\/sites\/vc\/wp-content\/uploads\/2025\/01\/unnamed-980x654.jpeg 980w, https:\/\/dev.antudigital.cl\/sites\/vc\/wp-content\/uploads\/2025\/01\/unnamed-480x320.jpeg 480w, https:\/\/dev.antudigital.cl\/sites\/vc\/wp-content\/uploads\/2025\/01\/unnamed-24x16.jpeg 24w, https:\/\/dev.antudigital.cl\/sites\/vc\/wp-content\/uploads\/2025\/01\/unnamed-36x24.jpeg 36w, https:\/\/dev.antudigital.cl\/sites\/vc\/wp-content\/uploads\/2025\/01\/unnamed-48x32.jpeg 48w\" sizes=\"(max-width: 1024px) 100vw, 1024px\" \/><\/figure>\n\n\n\n<p><em>\u201cNos damos cuenta que, desde las pr\u00e1cticas art\u00edsticas, podemos generar insumos relevantes para la comprensi\u00f3n de nuestro entorno. Cosas que antes eran tan cotidianas se han ido perdiendo, como observar las lluvias, escuchar los vientos, hacer lecturas del cielo, son acciones profundamente humanas y necesarias para habitar de mejor manera nuestro planeta\u201d<\/em>, comentan sus organizadores sobre el prop\u00f3sito que motiva el Festival.&nbsp;<\/p>\n\n\n\n<p>Para estos fines, la programaci\u00f3n&nbsp;<strong>se extender\u00e1 por 6 d\u00edas ininterrumpidos, donde se realizar\u00e1n laboratorios, conciertos, caminatas de escucha, intervenciones urbanas, un seminario y una exhibici\u00f3n colectiva abierta al p\u00fablico<\/strong>. El Festival contar\u00e1 con dos locaciones principales \u2013el Parque Cultural de Valpara\u00edso y la Galer\u00eda Municipal de Arte de Valpara\u00edso\u2013, en el cual participar\u00e1n&nbsp;m\u00e1s de 60 artistas de diversos pa\u00edses quienes se har\u00e1n presentes en la ciudad Puerto y, de manera remota, a trav\u00e9s de la se\u00f1al online de Radio Tsonami.&nbsp;<\/p>\n\n\n\n<figure class=\"wp-block-image size-large\"><img decoding=\"async\" width=\"1024\" height=\"683\" src=\"https:\/\/www.valparaisocreativo.cl\/wp-content\/uploads\/2025\/01\/unnamed3-1024x683.jpeg\" alt=\"\" class=\"wp-image-21763\" srcset=\"https:\/\/dev.antudigital.cl\/sites\/vc\/wp-content\/uploads\/2025\/01\/unnamed3-1024x683.jpeg 1024w, https:\/\/dev.antudigital.cl\/sites\/vc\/wp-content\/uploads\/2025\/01\/unnamed3-300x200.jpeg 300w, https:\/\/dev.antudigital.cl\/sites\/vc\/wp-content\/uploads\/2025\/01\/unnamed3-768x513.jpeg 768w, https:\/\/dev.antudigital.cl\/sites\/vc\/wp-content\/uploads\/2025\/01\/unnamed3-1536x1025.jpeg 1536w, https:\/\/dev.antudigital.cl\/sites\/vc\/wp-content\/uploads\/2025\/01\/unnamed3-2048x1367.jpeg 2048w, https:\/\/dev.antudigital.cl\/sites\/vc\/wp-content\/uploads\/2025\/01\/unnamed3-1080x721.jpeg 1080w, https:\/\/dev.antudigital.cl\/sites\/vc\/wp-content\/uploads\/2025\/01\/unnamed3-1280x855.jpeg 1280w, https:\/\/dev.antudigital.cl\/sites\/vc\/wp-content\/uploads\/2025\/01\/unnamed3-980x654.jpeg 980w, https:\/\/dev.antudigital.cl\/sites\/vc\/wp-content\/uploads\/2025\/01\/unnamed3-480x320.jpeg 480w, https:\/\/dev.antudigital.cl\/sites\/vc\/wp-content\/uploads\/2025\/01\/unnamed3-24x16.jpeg 24w, https:\/\/dev.antudigital.cl\/sites\/vc\/wp-content\/uploads\/2025\/01\/unnamed3-36x24.jpeg 36w, https:\/\/dev.antudigital.cl\/sites\/vc\/wp-content\/uploads\/2025\/01\/unnamed3-48x32.jpeg 48w\" sizes=\"(max-width: 1024px) 100vw, 1024px\" \/><\/figure>\n\n\n\n<p><strong>Una pr\u00e1ctica desde la antig\u00fcedad<\/strong><\/p>\n\n\n\n<p>La observaci\u00f3n de los fen\u00f3menos naturales, el intento de predecir y comprender el comportamiento del agua, el viento y las fuerzas naturales, no es s\u00f3lo un campo de exploraci\u00f3n de la ciencia occidental, sino que ha sido una pr\u00e1ctica desde la antig\u00fcedad, vinculada a sistemas de creencias que daban sentido a la vida cotidiana, en su relaci\u00f3n con el medio ambiente.<\/p>\n\n\n\n<p>Es por lo mismo, que esta pr\u00f3xima versi\u00f3n del Festival se busca abordar acontecimientos, sistemas y ciclos de gran escala como el clima, los vientos, las mareas, las radiaciones provenientes del espacio, las ondas de radio naturales y artificiales, sistema de fuerzas imperceptibles, en su relaci\u00f3n con nuestras formas de pensamiento y vinculaci\u00f3n con el planeta.<\/p>\n\n\n\n<p><strong>Para mayor informaci\u00f3n sobre la programaci\u00f3n del XVIII Festival de Arte Sonoro Tsonami, incluyendo sus horarios y formas de participaci\u00f3n, te invitamos a revisar el sitio web oficial&nbsp;<a href=\"https:\/\/us8.mailchimp.com\/mctx\/clicks?url=http%3A%2F%2Fwww.tsonami.cl&amp;xid=db231398c2&amp;uid=30203575&amp;iid=c0f6dc41ab&amp;pool=cts&amp;v=2&amp;c=1736364681&amp;h=5d493a218c7744768799ed57a2e189ab73c1533656852c3cdbcf5508e192ce5c\" target=\"_blank\" rel=\"noreferrer noopener\">www.tsonami.cl&nbsp;<\/a><\/strong><\/p>\n\n\n\n<figure class=\"wp-block-image size-large\"><img decoding=\"async\" width=\"704\" height=\"1024\" src=\"https:\/\/www.valparaisocreativo.cl\/wp-content\/uploads\/2025\/01\/unnamed-704x1024.png\" alt=\"\" class=\"wp-image-21761\" srcset=\"https:\/\/dev.antudigital.cl\/sites\/vc\/wp-content\/uploads\/2025\/01\/unnamed-704x1024.png 704w, https:\/\/dev.antudigital.cl\/sites\/vc\/wp-content\/uploads\/2025\/01\/unnamed-206x300.png 206w, https:\/\/dev.antudigital.cl\/sites\/vc\/wp-content\/uploads\/2025\/01\/unnamed-768x1117.png 768w, https:\/\/dev.antudigital.cl\/sites\/vc\/wp-content\/uploads\/2025\/01\/unnamed-480x698.png 480w, https:\/\/dev.antudigital.cl\/sites\/vc\/wp-content\/uploads\/2025\/01\/unnamed-17x24.png 17w, https:\/\/dev.antudigital.cl\/sites\/vc\/wp-content\/uploads\/2025\/01\/unnamed-25x36.png 25w, https:\/\/dev.antudigital.cl\/sites\/vc\/wp-content\/uploads\/2025\/01\/unnamed-33x48.png 33w, https:\/\/dev.antudigital.cl\/sites\/vc\/wp-content\/uploads\/2025\/01\/unnamed.png 825w\" sizes=\"(max-width: 704px) 100vw, 704px\" \/><\/figure>\n","protected":false},"excerpt":{"rendered":"<p>Como un espacio para el encuentro y la investigaci\u00f3n sonora, la reflexi\u00f3n disciplinar y la participaci\u00f3n abierta del p\u00fablico, el&nbsp;Festival de arte sonoro&nbsp;Tsonami&nbsp;presenta su decimoctava edici\u00f3n&nbsp;\u201cAtmosf\u00e9rica\u201d, que se realizar\u00e1 entre el 14 y el 19 de enero en Valpara\u00edso. Esta versi\u00f3n, basada en la fascinaci\u00f3n por los fen\u00f3menos naturales y su observaci\u00f3n a nivel f\u00edsico [&hellip;]<\/p>\n","protected":false},"author":1,"featured_media":21762,"comment_status":"closed","ping_status":"closed","sticky":false,"template":"","format":"standard","meta":{"_acf_changed":false,"footnotes":""},"categories":[8],"tags":[],"class_list":["post-21759","post","type-post","status-publish","format-standard","has-post-thumbnail","hentry","category-noticia"],"acf":[],"yoast_head":"<!-- This site is optimized with the Yoast SEO plugin v27.1.1 - https:\/\/yoast.com\/product\/yoast-seo-wordpress\/ -->\n<title>Festival Tsonami presenta su 18\u00ba edici\u00f3n \u201cAtmosf\u00e9rica\u201d basada en la fascinaci\u00f3n por los fen\u00f3menos naturales - Valpara\u00ed\u00adso Creativo<\/title>\n<meta name=\"robots\" content=\"index, follow, max-snippet:-1, max-image-preview:large, max-video-preview:-1\" \/>\n<link rel=\"canonical\" href=\"https:\/\/dev.antudigital.cl\/sites\/vc\/festival-tsonami-presenta-su-18o-edicion-atmosferica-basada-en-la-fascinacion-por-los-fenomenos-naturales\/\" \/>\n<meta property=\"og:locale\" content=\"es_ES\" \/>\n<meta property=\"og:type\" content=\"article\" \/>\n<meta property=\"og:title\" content=\"Festival Tsonami presenta su 18\u00ba edici\u00f3n \u201cAtmosf\u00e9rica\u201d basada en la fascinaci\u00f3n por los fen\u00f3menos naturales - Valpara\u00ed\u00adso Creativo\" \/>\n<meta property=\"og:description\" content=\"Como un espacio para el encuentro y la investigaci\u00f3n sonora, la reflexi\u00f3n disciplinar y la participaci\u00f3n abierta del p\u00fablico, el&nbsp;Festival de arte sonoro&nbsp;Tsonami&nbsp;presenta su decimoctava edici\u00f3n&nbsp;\u201cAtmosf\u00e9rica\u201d, que se realizar\u00e1 entre el 14 y el 19 de enero en Valpara\u00edso. Esta versi\u00f3n, basada en la fascinaci\u00f3n por los fen\u00f3menos naturales y su observaci\u00f3n a nivel f\u00edsico [&hellip;]\" \/>\n<meta property=\"og:url\" content=\"https:\/\/dev.antudigital.cl\/sites\/vc\/festival-tsonami-presenta-su-18o-edicion-atmosferica-basada-en-la-fascinacion-por-los-fenomenos-naturales\/\" \/>\n<meta property=\"og:site_name\" content=\"Valpara\u00ed\u00adso Creativo\" \/>\n<meta property=\"article:published_time\" content=\"2025-01-09T20:08:57+00:00\" \/>\n<meta property=\"article:modified_time\" content=\"2025-01-09T20:09:16+00:00\" \/>\n<meta property=\"og:image\" content=\"https:\/\/dev.antudigital.cl\/sites\/vc\/wp-content\/uploads\/2025\/01\/unnamed2-scaled.jpeg\" \/>\n\t<meta property=\"og:image:width\" content=\"2560\" \/>\n\t<meta property=\"og:image:height\" content=\"1709\" \/>\n\t<meta property=\"og:image:type\" content=\"image\/jpeg\" \/>\n<meta name=\"author\" content=\"Valpara\u00edso Creativo\" \/>\n<meta name=\"twitter:card\" content=\"summary_large_image\" \/>\n<meta name=\"twitter:label1\" content=\"Escrito por\" \/>\n\t<meta name=\"twitter:data1\" content=\"Valpara\u00edso Creativo\" \/>\n\t<meta name=\"twitter:label2\" content=\"Tiempo de lectura\" \/>\n\t<meta name=\"twitter:data2\" content=\"3 minutos\" \/>\n<script type=\"application\/ld+json\" class=\"yoast-schema-graph\">{\"@context\":\"https:\/\/schema.org\",\"@graph\":[{\"@type\":\"Article\",\"@id\":\"https:\/\/dev.antudigital.cl\/sites\/vc\/festival-tsonami-presenta-su-18o-edicion-atmosferica-basada-en-la-fascinacion-por-los-fenomenos-naturales\/#article\",\"isPartOf\":{\"@id\":\"https:\/\/dev.antudigital.cl\/sites\/vc\/festival-tsonami-presenta-su-18o-edicion-atmosferica-basada-en-la-fascinacion-por-los-fenomenos-naturales\/\"},\"author\":{\"name\":\"Valpara\u00edso Creativo\",\"@id\":\"https:\/\/dev.antudigital.cl\/sites\/vc\/#\/schema\/person\/c2b9da8dd545e27166fc5ab232837318\"},\"headline\":\"Festival Tsonami presenta su 18\u00ba edici\u00f3n \u201cAtmosf\u00e9rica\u201d basada en la fascinaci\u00f3n por los fen\u00f3menos naturales\",\"datePublished\":\"2025-01-09T20:08:57+00:00\",\"dateModified\":\"2025-01-09T20:09:16+00:00\",\"mainEntityOfPage\":{\"@id\":\"https:\/\/dev.antudigital.cl\/sites\/vc\/festival-tsonami-presenta-su-18o-edicion-atmosferica-basada-en-la-fascinacion-por-los-fenomenos-naturales\/\"},\"wordCount\":496,\"image\":{\"@id\":\"https:\/\/dev.antudigital.cl\/sites\/vc\/festival-tsonami-presenta-su-18o-edicion-atmosferica-basada-en-la-fascinacion-por-los-fenomenos-naturales\/#primaryimage\"},\"thumbnailUrl\":\"https:\/\/dev.antudigital.cl\/sites\/vc\/wp-content\/uploads\/2025\/01\/unnamed2-scaled.jpeg\",\"articleSection\":[\"Noticia\"],\"inLanguage\":\"es\"},{\"@type\":\"WebPage\",\"@id\":\"https:\/\/dev.antudigital.cl\/sites\/vc\/festival-tsonami-presenta-su-18o-edicion-atmosferica-basada-en-la-fascinacion-por-los-fenomenos-naturales\/\",\"url\":\"https:\/\/dev.antudigital.cl\/sites\/vc\/festival-tsonami-presenta-su-18o-edicion-atmosferica-basada-en-la-fascinacion-por-los-fenomenos-naturales\/\",\"name\":\"Festival Tsonami presenta su 18\u00ba edici\u00f3n \u201cAtmosf\u00e9rica\u201d basada en la fascinaci\u00f3n por los fen\u00f3menos naturales - Valpara\u00ed\u00adso Creativo\",\"isPartOf\":{\"@id\":\"https:\/\/dev.antudigital.cl\/sites\/vc\/#website\"},\"primaryImageOfPage\":{\"@id\":\"https:\/\/dev.antudigital.cl\/sites\/vc\/festival-tsonami-presenta-su-18o-edicion-atmosferica-basada-en-la-fascinacion-por-los-fenomenos-naturales\/#primaryimage\"},\"image\":{\"@id\":\"https:\/\/dev.antudigital.cl\/sites\/vc\/festival-tsonami-presenta-su-18o-edicion-atmosferica-basada-en-la-fascinacion-por-los-fenomenos-naturales\/#primaryimage\"},\"thumbnailUrl\":\"https:\/\/dev.antudigital.cl\/sites\/vc\/wp-content\/uploads\/2025\/01\/unnamed2-scaled.jpeg\",\"datePublished\":\"2025-01-09T20:08:57+00:00\",\"dateModified\":\"2025-01-09T20:09:16+00:00\",\"author\":{\"@id\":\"https:\/\/dev.antudigital.cl\/sites\/vc\/#\/schema\/person\/c2b9da8dd545e27166fc5ab232837318\"},\"breadcrumb\":{\"@id\":\"https:\/\/dev.antudigital.cl\/sites\/vc\/festival-tsonami-presenta-su-18o-edicion-atmosferica-basada-en-la-fascinacion-por-los-fenomenos-naturales\/#breadcrumb\"},\"inLanguage\":\"es\",\"potentialAction\":[{\"@type\":\"ReadAction\",\"target\":[\"https:\/\/dev.antudigital.cl\/sites\/vc\/festival-tsonami-presenta-su-18o-edicion-atmosferica-basada-en-la-fascinacion-por-los-fenomenos-naturales\/\"]}]},{\"@type\":\"ImageObject\",\"inLanguage\":\"es\",\"@id\":\"https:\/\/dev.antudigital.cl\/sites\/vc\/festival-tsonami-presenta-su-18o-edicion-atmosferica-basada-en-la-fascinacion-por-los-fenomenos-naturales\/#primaryimage\",\"url\":\"https:\/\/dev.antudigital.cl\/sites\/vc\/wp-content\/uploads\/2025\/01\/unnamed2-scaled.jpeg\",\"contentUrl\":\"https:\/\/dev.antudigital.cl\/sites\/vc\/wp-content\/uploads\/2025\/01\/unnamed2-scaled.jpeg\",\"width\":2560,\"height\":1709},{\"@type\":\"BreadcrumbList\",\"@id\":\"https:\/\/dev.antudigital.cl\/sites\/vc\/festival-tsonami-presenta-su-18o-edicion-atmosferica-basada-en-la-fascinacion-por-los-fenomenos-naturales\/#breadcrumb\",\"itemListElement\":[{\"@type\":\"ListItem\",\"position\":1,\"name\":\"Home\",\"item\":\"https:\/\/dev.antudigital.cl\/sites\/vc\/\"},{\"@type\":\"ListItem\",\"position\":2,\"name\":\"Festival Tsonami presenta su 18\u00ba edici\u00f3n \u201cAtmosf\u00e9rica\u201d basada en la fascinaci\u00f3n por los fen\u00f3menos naturales\"}]},{\"@type\":\"WebSite\",\"@id\":\"https:\/\/dev.antudigital.cl\/sites\/vc\/#website\",\"url\":\"https:\/\/dev.antudigital.cl\/sites\/vc\/\",\"name\":\"Valpara\u00ed\u00adso Creativo\",\"description\":\"\",\"potentialAction\":[{\"@type\":\"SearchAction\",\"target\":{\"@type\":\"EntryPoint\",\"urlTemplate\":\"https:\/\/dev.antudigital.cl\/sites\/vc\/?s={search_term_string}\"},\"query-input\":{\"@type\":\"PropertyValueSpecification\",\"valueRequired\":true,\"valueName\":\"search_term_string\"}}],\"inLanguage\":\"es\"},{\"@type\":\"Person\",\"@id\":\"https:\/\/dev.antudigital.cl\/sites\/vc\/#\/schema\/person\/c2b9da8dd545e27166fc5ab232837318\",\"name\":\"Valpara\u00edso Creativo\",\"description\":\"Periodista de cultura en la Regi\u00f3n de Valpara\u00edso.\",\"url\":\"https:\/\/dev.antudigital.cl\/sites\/vc\/author\/valpoadmin\/\"}]}<\/script>\n<!-- \/ Yoast SEO plugin. -->","yoast_head_json":{"title":"Festival Tsonami presenta su 18\u00ba edici\u00f3n \u201cAtmosf\u00e9rica\u201d basada en la fascinaci\u00f3n por los fen\u00f3menos naturales - Valpara\u00ed\u00adso Creativo","robots":{"index":"index","follow":"follow","max-snippet":"max-snippet:-1","max-image-preview":"max-image-preview:large","max-video-preview":"max-video-preview:-1"},"canonical":"https:\/\/dev.antudigital.cl\/sites\/vc\/festival-tsonami-presenta-su-18o-edicion-atmosferica-basada-en-la-fascinacion-por-los-fenomenos-naturales\/","og_locale":"es_ES","og_type":"article","og_title":"Festival Tsonami presenta su 18\u00ba edici\u00f3n \u201cAtmosf\u00e9rica\u201d basada en la fascinaci\u00f3n por los fen\u00f3menos naturales - Valpara\u00ed\u00adso Creativo","og_description":"Como un espacio para el encuentro y la investigaci\u00f3n sonora, la reflexi\u00f3n disciplinar y la participaci\u00f3n abierta del p\u00fablico, el&nbsp;Festival de arte sonoro&nbsp;Tsonami&nbsp;presenta su decimoctava edici\u00f3n&nbsp;\u201cAtmosf\u00e9rica\u201d, que se realizar\u00e1 entre el 14 y el 19 de enero en Valpara\u00edso. Esta versi\u00f3n, basada en la fascinaci\u00f3n por los fen\u00f3menos naturales y su observaci\u00f3n a nivel f\u00edsico [&hellip;]","og_url":"https:\/\/dev.antudigital.cl\/sites\/vc\/festival-tsonami-presenta-su-18o-edicion-atmosferica-basada-en-la-fascinacion-por-los-fenomenos-naturales\/","og_site_name":"Valpara\u00ed\u00adso Creativo","article_published_time":"2025-01-09T20:08:57+00:00","article_modified_time":"2025-01-09T20:09:16+00:00","og_image":[{"width":2560,"height":1709,"url":"https:\/\/dev.antudigital.cl\/sites\/vc\/wp-content\/uploads\/2025\/01\/unnamed2-scaled.jpeg","type":"image\/jpeg"}],"author":"Valpara\u00edso Creativo","twitter_card":"summary_large_image","twitter_misc":{"Escrito por":"Valpara\u00edso Creativo","Tiempo de lectura":"3 minutos"},"schema":{"@context":"https:\/\/schema.org","@graph":[{"@type":"Article","@id":"https:\/\/dev.antudigital.cl\/sites\/vc\/festival-tsonami-presenta-su-18o-edicion-atmosferica-basada-en-la-fascinacion-por-los-fenomenos-naturales\/#article","isPartOf":{"@id":"https:\/\/dev.antudigital.cl\/sites\/vc\/festival-tsonami-presenta-su-18o-edicion-atmosferica-basada-en-la-fascinacion-por-los-fenomenos-naturales\/"},"author":{"name":"Valpara\u00edso Creativo","@id":"https:\/\/dev.antudigital.cl\/sites\/vc\/#\/schema\/person\/c2b9da8dd545e27166fc5ab232837318"},"headline":"Festival Tsonami presenta su 18\u00ba edici\u00f3n \u201cAtmosf\u00e9rica\u201d basada en la fascinaci\u00f3n por los fen\u00f3menos naturales","datePublished":"2025-01-09T20:08:57+00:00","dateModified":"2025-01-09T20:09:16+00:00","mainEntityOfPage":{"@id":"https:\/\/dev.antudigital.cl\/sites\/vc\/festival-tsonami-presenta-su-18o-edicion-atmosferica-basada-en-la-fascinacion-por-los-fenomenos-naturales\/"},"wordCount":496,"image":{"@id":"https:\/\/dev.antudigital.cl\/sites\/vc\/festival-tsonami-presenta-su-18o-edicion-atmosferica-basada-en-la-fascinacion-por-los-fenomenos-naturales\/#primaryimage"},"thumbnailUrl":"https:\/\/dev.antudigital.cl\/sites\/vc\/wp-content\/uploads\/2025\/01\/unnamed2-scaled.jpeg","articleSection":["Noticia"],"inLanguage":"es"},{"@type":"WebPage","@id":"https:\/\/dev.antudigital.cl\/sites\/vc\/festival-tsonami-presenta-su-18o-edicion-atmosferica-basada-en-la-fascinacion-por-los-fenomenos-naturales\/","url":"https:\/\/dev.antudigital.cl\/sites\/vc\/festival-tsonami-presenta-su-18o-edicion-atmosferica-basada-en-la-fascinacion-por-los-fenomenos-naturales\/","name":"Festival Tsonami presenta su 18\u00ba edici\u00f3n \u201cAtmosf\u00e9rica\u201d basada en la fascinaci\u00f3n por los fen\u00f3menos naturales - Valpara\u00ed\u00adso Creativo","isPartOf":{"@id":"https:\/\/dev.antudigital.cl\/sites\/vc\/#website"},"primaryImageOfPage":{"@id":"https:\/\/dev.antudigital.cl\/sites\/vc\/festival-tsonami-presenta-su-18o-edicion-atmosferica-basada-en-la-fascinacion-por-los-fenomenos-naturales\/#primaryimage"},"image":{"@id":"https:\/\/dev.antudigital.cl\/sites\/vc\/festival-tsonami-presenta-su-18o-edicion-atmosferica-basada-en-la-fascinacion-por-los-fenomenos-naturales\/#primaryimage"},"thumbnailUrl":"https:\/\/dev.antudigital.cl\/sites\/vc\/wp-content\/uploads\/2025\/01\/unnamed2-scaled.jpeg","datePublished":"2025-01-09T20:08:57+00:00","dateModified":"2025-01-09T20:09:16+00:00","author":{"@id":"https:\/\/dev.antudigital.cl\/sites\/vc\/#\/schema\/person\/c2b9da8dd545e27166fc5ab232837318"},"breadcrumb":{"@id":"https:\/\/dev.antudigital.cl\/sites\/vc\/festival-tsonami-presenta-su-18o-edicion-atmosferica-basada-en-la-fascinacion-por-los-fenomenos-naturales\/#breadcrumb"},"inLanguage":"es","potentialAction":[{"@type":"ReadAction","target":["https:\/\/dev.antudigital.cl\/sites\/vc\/festival-tsonami-presenta-su-18o-edicion-atmosferica-basada-en-la-fascinacion-por-los-fenomenos-naturales\/"]}]},{"@type":"ImageObject","inLanguage":"es","@id":"https:\/\/dev.antudigital.cl\/sites\/vc\/festival-tsonami-presenta-su-18o-edicion-atmosferica-basada-en-la-fascinacion-por-los-fenomenos-naturales\/#primaryimage","url":"https:\/\/dev.antudigital.cl\/sites\/vc\/wp-content\/uploads\/2025\/01\/unnamed2-scaled.jpeg","contentUrl":"https:\/\/dev.antudigital.cl\/sites\/vc\/wp-content\/uploads\/2025\/01\/unnamed2-scaled.jpeg","width":2560,"height":1709},{"@type":"BreadcrumbList","@id":"https:\/\/dev.antudigital.cl\/sites\/vc\/festival-tsonami-presenta-su-18o-edicion-atmosferica-basada-en-la-fascinacion-por-los-fenomenos-naturales\/#breadcrumb","itemListElement":[{"@type":"ListItem","position":1,"name":"Home","item":"https:\/\/dev.antudigital.cl\/sites\/vc\/"},{"@type":"ListItem","position":2,"name":"Festival Tsonami presenta su 18\u00ba edici\u00f3n \u201cAtmosf\u00e9rica\u201d basada en la fascinaci\u00f3n por los fen\u00f3menos naturales"}]},{"@type":"WebSite","@id":"https:\/\/dev.antudigital.cl\/sites\/vc\/#website","url":"https:\/\/dev.antudigital.cl\/sites\/vc\/","name":"Valpara\u00ed\u00adso Creativo","description":"","potentialAction":[{"@type":"SearchAction","target":{"@type":"EntryPoint","urlTemplate":"https:\/\/dev.antudigital.cl\/sites\/vc\/?s={search_term_string}"},"query-input":{"@type":"PropertyValueSpecification","valueRequired":true,"valueName":"search_term_string"}}],"inLanguage":"es"},{"@type":"Person","@id":"https:\/\/dev.antudigital.cl\/sites\/vc\/#\/schema\/person\/c2b9da8dd545e27166fc5ab232837318","name":"Valpara\u00edso Creativo","description":"Periodista de cultura en la Regi\u00f3n de Valpara\u00edso.","url":"https:\/\/dev.antudigital.cl\/sites\/vc\/author\/valpoadmin\/"}]}},"_links":{"self":[{"href":"https:\/\/dev.antudigital.cl\/sites\/vc\/wp-json\/wp\/v2\/posts\/21759","targetHints":{"allow":["GET"]}}],"collection":[{"href":"https:\/\/dev.antudigital.cl\/sites\/vc\/wp-json\/wp\/v2\/posts"}],"about":[{"href":"https:\/\/dev.antudigital.cl\/sites\/vc\/wp-json\/wp\/v2\/types\/post"}],"author":[{"embeddable":true,"href":"https:\/\/dev.antudigital.cl\/sites\/vc\/wp-json\/wp\/v2\/users\/1"}],"replies":[{"embeddable":true,"href":"https:\/\/dev.antudigital.cl\/sites\/vc\/wp-json\/wp\/v2\/comments?post=21759"}],"version-history":[{"count":1,"href":"https:\/\/dev.antudigital.cl\/sites\/vc\/wp-json\/wp\/v2\/posts\/21759\/revisions"}],"predecessor-version":[{"id":21764,"href":"https:\/\/dev.antudigital.cl\/sites\/vc\/wp-json\/wp\/v2\/posts\/21759\/revisions\/21764"}],"wp:featuredmedia":[{"embeddable":true,"href":"https:\/\/dev.antudigital.cl\/sites\/vc\/wp-json\/wp\/v2\/media\/21762"}],"wp:attachment":[{"href":"https:\/\/dev.antudigital.cl\/sites\/vc\/wp-json\/wp\/v2\/media?parent=21759"}],"wp:term":[{"taxonomy":"category","embeddable":true,"href":"https:\/\/dev.antudigital.cl\/sites\/vc\/wp-json\/wp\/v2\/categories?post=21759"},{"taxonomy":"post_tag","embeddable":true,"href":"https:\/\/dev.antudigital.cl\/sites\/vc\/wp-json\/wp\/v2\/tags?post=21759"}],"curies":[{"name":"wp","href":"https:\/\/api.w.org\/{rel}","templated":true}]}}