{"id":21776,"date":"2025-01-17T13:39:42","date_gmt":"2025-01-17T13:39:42","guid":{"rendered":"https:\/\/www.valparaisocreativo.cl\/?p=21776"},"modified":"2025-01-17T13:39:58","modified_gmt":"2025-01-17T13:39:58","slug":"4o-encuentro-de-ruidismo-poesia-y-musicas-post-industriales-prepara-una-nueva-version-en-valparaiso","status":"publish","type":"post","link":"https:\/\/dev.antudigital.cl\/sites\/vc\/4o-encuentro-de-ruidismo-poesia-y-musicas-post-industriales-prepara-una-nueva-version-en-valparaiso\/","title":{"rendered":"4\u00ba Encuentro de Ruidismo, Poes\u00eda y M\u00fasicas Post-Industriales prepara una nueva versi\u00f3n en Valpara\u00edso"},"content":{"rendered":"\n<p>Con el enfoque puesto en la resistencia creativa, el viernes 24 de enero se llevar\u00e1 a cabo el&nbsp;<strong>4\u00ba<\/strong>&nbsp;<strong>Encuentro de Ruidismo, Poes\u00eda y M\u00fasicas Post-Industriales<\/strong>&nbsp;en la ciudad de Valpara\u00edso.<\/p>\n\n\n\n<p>Bajo la organizaci\u00f3n de un colectivo de artistas y m\u00fasicos locales, en esta oportunidad, entre los artistas invitados se contar\u00e1 con las presentaciones de&nbsp;<strong>Frank Millard<\/strong>&nbsp;(Valpara\u00edso),&nbsp;<strong>El Negro es la Noche<\/strong>&nbsp;(Vi\u00f1a del Mar),&nbsp;<strong>Boh\u00f3rquez<\/strong>&nbsp;(Valpara\u00edso),&nbsp;<strong>Elpueblodechina<\/strong>&nbsp;(Santa Cruz) y&nbsp;<strong>P3mb<\/strong>&nbsp;(Carr\u00e1n).<\/p>\n\n\n\n<p>Sus organizadores comentan sobre lo que ser\u00e1 el Encuentro:<em>&nbsp;\u201cEn esta versi\u00f3n, estaremos enfocadas en la m\u00fasica como alternativa a la cultura r\u00e1pida y en la micropolitica de la repetici\u00f3n. Con este mensaje, queremos presentar una diversidad de propuestas que se unifican en un sentir creativo y de apoyo mutuo\u201d.<\/em><\/p>\n\n\n\n<p>Originado en el invierno de 2024, al interior de la regi\u00f3n de Valpara\u00edso, el prop\u00f3sito del Encuentro es abrir espacios en torno a la m\u00fasica, la poes\u00eda, pero tambi\u00e9n respecto al pensamiento pol\u00edtico. Anteriormente, el encuentro se ha organizado en Limache, Vi\u00f1a del Mar y Valpara\u00edso.<\/p>\n\n\n\n<p>A partir de las 18 horas y con entrada gratuita, esta versi\u00f3n se efectuar\u00e1 en la Sala Rub\u00e9n Dar\u00edo, instalada en la sede de la Direcci\u00f3n de Extensi\u00f3n y Comunicaciones, de la Universidad de Valpara\u00edso.<\/p>\n\n\n\n<figure class=\"wp-block-image size-large\"><img fetchpriority=\"high\" decoding=\"async\" width=\"707\" height=\"1024\" src=\"https:\/\/www.valparaisocreativo.cl\/wp-content\/uploads\/2025\/01\/unnamed-1-707x1024.png\" alt=\"\" class=\"wp-image-21778\" srcset=\"https:\/\/dev.antudigital.cl\/sites\/vc\/wp-content\/uploads\/2025\/01\/unnamed-1-707x1024.png 707w, https:\/\/dev.antudigital.cl\/sites\/vc\/wp-content\/uploads\/2025\/01\/unnamed-1-207x300.png 207w, https:\/\/dev.antudigital.cl\/sites\/vc\/wp-content\/uploads\/2025\/01\/unnamed-1-768x1112.png 768w, https:\/\/dev.antudigital.cl\/sites\/vc\/wp-content\/uploads\/2025\/01\/unnamed-1-1061x1536.png 1061w, https:\/\/dev.antudigital.cl\/sites\/vc\/wp-content\/uploads\/2025\/01\/unnamed-1-1414x2048.png 1414w, https:\/\/dev.antudigital.cl\/sites\/vc\/wp-content\/uploads\/2025\/01\/unnamed-1-1080x1564.png 1080w, https:\/\/dev.antudigital.cl\/sites\/vc\/wp-content\/uploads\/2025\/01\/unnamed-1-1280x1853.png 1280w, https:\/\/dev.antudigital.cl\/sites\/vc\/wp-content\/uploads\/2025\/01\/unnamed-1-980x1419.png 980w, https:\/\/dev.antudigital.cl\/sites\/vc\/wp-content\/uploads\/2025\/01\/unnamed-1-480x695.png 480w, https:\/\/dev.antudigital.cl\/sites\/vc\/wp-content\/uploads\/2025\/01\/unnamed-1-17x24.png 17w, https:\/\/dev.antudigital.cl\/sites\/vc\/wp-content\/uploads\/2025\/01\/unnamed-1-25x36.png 25w, https:\/\/dev.antudigital.cl\/sites\/vc\/wp-content\/uploads\/2025\/01\/unnamed-1-33x48.png 33w\" sizes=\"(max-width: 707px) 100vw, 707px\" \/><\/figure>\n\n\n\n<p><strong>Sobre los artistas de esta edici\u00f3n<\/strong><\/p>\n\n\n\n<p><strong>Frank Millard&nbsp;<\/strong>es un m\u00fasico experimental de Valpara\u00edso. Su producci\u00f3n se caracteriza por la utilizaci\u00f3n de m\u00faltiples t\u00e9cnicas de sampling y programaci\u00f3n de sonido. Su propuesta en vivo es una apertura al proceso creativo en estado latente.<\/p>\n\n\n\n<p><strong>El Negro es la Noche&nbsp;<\/strong>es el proyecto del m\u00fasico y compositor Francisco Z\u00fa\u00f1iga. Su m\u00fasica esta inspirada en el ambient y en el minimalismo del comienzo de los 60&#8242;. A trav\u00e9s de atm\u00f3sferas oscuras, paisajes sonoros lentos y melanc\u00f3licos invita a la contemplaci\u00f3n del tiempo y el espacio.<\/p>\n\n\n\n<p><strong>Boh\u00f3rquez&nbsp;<\/strong>es el nombre del proyecto de m\u00fasica y sonidos de Gustavo Celed\u00f3n B\u00f3rquez. Del pop al noise, la m\u00fasica de Boh\u00f3rquez busca mezclarse, m\u00e1s all\u00e1 del mensaje, con problem\u00e1ticas e inquietudes filos\u00f3ficas y pol\u00edticas.<\/p>\n\n\n\n<p><strong>Elpueblodechina&nbsp;<\/strong>es el proyecto ruidista de Alejandra P\u00e9rez. Su sonido es ejecutado en la superposici\u00f3n de oscilaciones y texturas producidas con instrumentos simples, principalmente basados en el disparador de Schmitt, integrados de l\u00f3gicas inversoras y transistores.<\/p>\n\n\n\n<p><strong>P3mb<\/strong>&nbsp;es Pablo Mollenhauer, artista post-medios y programador de sistemas po\u00e9ticos. Presenta visuales interactivas con montaje automatizado que explora la generaci\u00f3n de conexiones impensadas para representar tiempos de constante crisis.<\/p>\n","protected":false},"excerpt":{"rendered":"<p>Con el enfoque puesto en la resistencia creativa, el viernes 24 de enero se llevar\u00e1 a cabo el&nbsp;4\u00ba&nbsp;Encuentro de Ruidismo, Poes\u00eda y M\u00fasicas Post-Industriales&nbsp;en la ciudad de Valpara\u00edso. Bajo la organizaci\u00f3n de un colectivo de artistas y m\u00fasicos locales, en esta oportunidad, entre los artistas invitados se contar\u00e1 con las presentaciones de&nbsp;Frank Millard&nbsp;(Valpara\u00edso),&nbsp;El Negro es [&hellip;]<\/p>\n","protected":false},"author":1,"featured_media":21777,"comment_status":"closed","ping_status":"closed","sticky":false,"template":"","format":"standard","meta":{"_acf_changed":false,"footnotes":""},"categories":[8],"tags":[],"class_list":["post-21776","post","type-post","status-publish","format-standard","has-post-thumbnail","hentry","category-noticia"],"acf":[],"yoast_head":"<!-- This site is optimized with the Yoast SEO plugin v27.1.1 - https:\/\/yoast.com\/product\/yoast-seo-wordpress\/ -->\n<title>4\u00ba Encuentro de Ruidismo, Poes\u00eda y M\u00fasicas Post-Industriales prepara una nueva versi\u00f3n en Valpara\u00edso - Valpara\u00ed\u00adso Creativo<\/title>\n<meta name=\"robots\" content=\"index, follow, max-snippet:-1, max-image-preview:large, max-video-preview:-1\" \/>\n<link rel=\"canonical\" href=\"https:\/\/dev.antudigital.cl\/sites\/vc\/4o-encuentro-de-ruidismo-poesia-y-musicas-post-industriales-prepara-una-nueva-version-en-valparaiso\/\" \/>\n<meta property=\"og:locale\" content=\"es_ES\" \/>\n<meta property=\"og:type\" content=\"article\" \/>\n<meta property=\"og:title\" content=\"4\u00ba Encuentro de Ruidismo, Poes\u00eda y M\u00fasicas Post-Industriales prepara una nueva versi\u00f3n en Valpara\u00edso - Valpara\u00ed\u00adso Creativo\" \/>\n<meta property=\"og:description\" content=\"Con el enfoque puesto en la resistencia creativa, el viernes 24 de enero se llevar\u00e1 a cabo el&nbsp;4\u00ba&nbsp;Encuentro de Ruidismo, Poes\u00eda y M\u00fasicas Post-Industriales&nbsp;en la ciudad de Valpara\u00edso. Bajo la organizaci\u00f3n de un colectivo de artistas y m\u00fasicos locales, en esta oportunidad, entre los artistas invitados se contar\u00e1 con las presentaciones de&nbsp;Frank Millard&nbsp;(Valpara\u00edso),&nbsp;El Negro es [&hellip;]\" \/>\n<meta property=\"og:url\" content=\"https:\/\/dev.antudigital.cl\/sites\/vc\/4o-encuentro-de-ruidismo-poesia-y-musicas-post-industriales-prepara-una-nueva-version-en-valparaiso\/\" \/>\n<meta property=\"og:site_name\" content=\"Valpara\u00ed\u00adso Creativo\" \/>\n<meta property=\"article:published_time\" content=\"2025-01-17T13:39:42+00:00\" \/>\n<meta property=\"article:modified_time\" content=\"2025-01-17T13:39:58+00:00\" \/>\n<meta property=\"og:image\" content=\"https:\/\/dev.antudigital.cl\/sites\/vc\/wp-content\/uploads\/2025\/01\/unnamed-1.jpg\" \/>\n\t<meta property=\"og:image:width\" content=\"2544\" \/>\n\t<meta property=\"og:image:height\" content=\"1696\" \/>\n\t<meta property=\"og:image:type\" content=\"image\/jpeg\" \/>\n<meta name=\"author\" content=\"Valpara\u00edso Creativo\" \/>\n<meta name=\"twitter:card\" content=\"summary_large_image\" \/>\n<meta name=\"twitter:label1\" content=\"Escrito por\" \/>\n\t<meta name=\"twitter:data1\" content=\"Valpara\u00edso Creativo\" \/>\n\t<meta name=\"twitter:label2\" content=\"Tiempo de lectura\" \/>\n\t<meta name=\"twitter:data2\" content=\"3 minutos\" \/>\n<script type=\"application\/ld+json\" class=\"yoast-schema-graph\">{\"@context\":\"https:\/\/schema.org\",\"@graph\":[{\"@type\":\"Article\",\"@id\":\"https:\/\/dev.antudigital.cl\/sites\/vc\/4o-encuentro-de-ruidismo-poesia-y-musicas-post-industriales-prepara-una-nueva-version-en-valparaiso\/#article\",\"isPartOf\":{\"@id\":\"https:\/\/dev.antudigital.cl\/sites\/vc\/4o-encuentro-de-ruidismo-poesia-y-musicas-post-industriales-prepara-una-nueva-version-en-valparaiso\/\"},\"author\":{\"name\":\"Valpara\u00edso Creativo\",\"@id\":\"https:\/\/dev.antudigital.cl\/sites\/vc\/#\/schema\/person\/c2b9da8dd545e27166fc5ab232837318\"},\"headline\":\"4\u00ba Encuentro de Ruidismo, Poes\u00eda y M\u00fasicas Post-Industriales prepara una nueva versi\u00f3n en Valpara\u00edso\",\"datePublished\":\"2025-01-17T13:39:42+00:00\",\"dateModified\":\"2025-01-17T13:39:58+00:00\",\"mainEntityOfPage\":{\"@id\":\"https:\/\/dev.antudigital.cl\/sites\/vc\/4o-encuentro-de-ruidismo-poesia-y-musicas-post-industriales-prepara-una-nueva-version-en-valparaiso\/\"},\"wordCount\":490,\"image\":{\"@id\":\"https:\/\/dev.antudigital.cl\/sites\/vc\/4o-encuentro-de-ruidismo-poesia-y-musicas-post-industriales-prepara-una-nueva-version-en-valparaiso\/#primaryimage\"},\"thumbnailUrl\":\"https:\/\/dev.antudigital.cl\/sites\/vc\/wp-content\/uploads\/2025\/01\/unnamed-1.jpg\",\"articleSection\":[\"Noticia\"],\"inLanguage\":\"es\"},{\"@type\":\"WebPage\",\"@id\":\"https:\/\/dev.antudigital.cl\/sites\/vc\/4o-encuentro-de-ruidismo-poesia-y-musicas-post-industriales-prepara-una-nueva-version-en-valparaiso\/\",\"url\":\"https:\/\/dev.antudigital.cl\/sites\/vc\/4o-encuentro-de-ruidismo-poesia-y-musicas-post-industriales-prepara-una-nueva-version-en-valparaiso\/\",\"name\":\"4\u00ba Encuentro de Ruidismo, Poes\u00eda y M\u00fasicas Post-Industriales prepara una nueva versi\u00f3n en Valpara\u00edso - Valpara\u00ed\u00adso Creativo\",\"isPartOf\":{\"@id\":\"https:\/\/dev.antudigital.cl\/sites\/vc\/#website\"},\"primaryImageOfPage\":{\"@id\":\"https:\/\/dev.antudigital.cl\/sites\/vc\/4o-encuentro-de-ruidismo-poesia-y-musicas-post-industriales-prepara-una-nueva-version-en-valparaiso\/#primaryimage\"},\"image\":{\"@id\":\"https:\/\/dev.antudigital.cl\/sites\/vc\/4o-encuentro-de-ruidismo-poesia-y-musicas-post-industriales-prepara-una-nueva-version-en-valparaiso\/#primaryimage\"},\"thumbnailUrl\":\"https:\/\/dev.antudigital.cl\/sites\/vc\/wp-content\/uploads\/2025\/01\/unnamed-1.jpg\",\"datePublished\":\"2025-01-17T13:39:42+00:00\",\"dateModified\":\"2025-01-17T13:39:58+00:00\",\"author\":{\"@id\":\"https:\/\/dev.antudigital.cl\/sites\/vc\/#\/schema\/person\/c2b9da8dd545e27166fc5ab232837318\"},\"breadcrumb\":{\"@id\":\"https:\/\/dev.antudigital.cl\/sites\/vc\/4o-encuentro-de-ruidismo-poesia-y-musicas-post-industriales-prepara-una-nueva-version-en-valparaiso\/#breadcrumb\"},\"inLanguage\":\"es\",\"potentialAction\":[{\"@type\":\"ReadAction\",\"target\":[\"https:\/\/dev.antudigital.cl\/sites\/vc\/4o-encuentro-de-ruidismo-poesia-y-musicas-post-industriales-prepara-una-nueva-version-en-valparaiso\/\"]}]},{\"@type\":\"ImageObject\",\"inLanguage\":\"es\",\"@id\":\"https:\/\/dev.antudigital.cl\/sites\/vc\/4o-encuentro-de-ruidismo-poesia-y-musicas-post-industriales-prepara-una-nueva-version-en-valparaiso\/#primaryimage\",\"url\":\"https:\/\/dev.antudigital.cl\/sites\/vc\/wp-content\/uploads\/2025\/01\/unnamed-1.jpg\",\"contentUrl\":\"https:\/\/dev.antudigital.cl\/sites\/vc\/wp-content\/uploads\/2025\/01\/unnamed-1.jpg\",\"width\":2544,\"height\":1696},{\"@type\":\"BreadcrumbList\",\"@id\":\"https:\/\/dev.antudigital.cl\/sites\/vc\/4o-encuentro-de-ruidismo-poesia-y-musicas-post-industriales-prepara-una-nueva-version-en-valparaiso\/#breadcrumb\",\"itemListElement\":[{\"@type\":\"ListItem\",\"position\":1,\"name\":\"Home\",\"item\":\"https:\/\/dev.antudigital.cl\/sites\/vc\/\"},{\"@type\":\"ListItem\",\"position\":2,\"name\":\"4\u00ba Encuentro de Ruidismo, Poes\u00eda y M\u00fasicas Post-Industriales prepara una nueva versi\u00f3n en Valpara\u00edso\"}]},{\"@type\":\"WebSite\",\"@id\":\"https:\/\/dev.antudigital.cl\/sites\/vc\/#website\",\"url\":\"https:\/\/dev.antudigital.cl\/sites\/vc\/\",\"name\":\"Valpara\u00ed\u00adso Creativo\",\"description\":\"\",\"potentialAction\":[{\"@type\":\"SearchAction\",\"target\":{\"@type\":\"EntryPoint\",\"urlTemplate\":\"https:\/\/dev.antudigital.cl\/sites\/vc\/?s={search_term_string}\"},\"query-input\":{\"@type\":\"PropertyValueSpecification\",\"valueRequired\":true,\"valueName\":\"search_term_string\"}}],\"inLanguage\":\"es\"},{\"@type\":\"Person\",\"@id\":\"https:\/\/dev.antudigital.cl\/sites\/vc\/#\/schema\/person\/c2b9da8dd545e27166fc5ab232837318\",\"name\":\"Valpara\u00edso Creativo\",\"description\":\"Periodista de cultura en la Regi\u00f3n de Valpara\u00edso.\",\"url\":\"https:\/\/dev.antudigital.cl\/sites\/vc\/author\/valpoadmin\/\"}]}<\/script>\n<!-- \/ Yoast SEO plugin. -->","yoast_head_json":{"title":"4\u00ba Encuentro de Ruidismo, Poes\u00eda y M\u00fasicas Post-Industriales prepara una nueva versi\u00f3n en Valpara\u00edso - Valpara\u00ed\u00adso Creativo","robots":{"index":"index","follow":"follow","max-snippet":"max-snippet:-1","max-image-preview":"max-image-preview:large","max-video-preview":"max-video-preview:-1"},"canonical":"https:\/\/dev.antudigital.cl\/sites\/vc\/4o-encuentro-de-ruidismo-poesia-y-musicas-post-industriales-prepara-una-nueva-version-en-valparaiso\/","og_locale":"es_ES","og_type":"article","og_title":"4\u00ba Encuentro de Ruidismo, Poes\u00eda y M\u00fasicas Post-Industriales prepara una nueva versi\u00f3n en Valpara\u00edso - Valpara\u00ed\u00adso Creativo","og_description":"Con el enfoque puesto en la resistencia creativa, el viernes 24 de enero se llevar\u00e1 a cabo el&nbsp;4\u00ba&nbsp;Encuentro de Ruidismo, Poes\u00eda y M\u00fasicas Post-Industriales&nbsp;en la ciudad de Valpara\u00edso. Bajo la organizaci\u00f3n de un colectivo de artistas y m\u00fasicos locales, en esta oportunidad, entre los artistas invitados se contar\u00e1 con las presentaciones de&nbsp;Frank Millard&nbsp;(Valpara\u00edso),&nbsp;El Negro es [&hellip;]","og_url":"https:\/\/dev.antudigital.cl\/sites\/vc\/4o-encuentro-de-ruidismo-poesia-y-musicas-post-industriales-prepara-una-nueva-version-en-valparaiso\/","og_site_name":"Valpara\u00ed\u00adso Creativo","article_published_time":"2025-01-17T13:39:42+00:00","article_modified_time":"2025-01-17T13:39:58+00:00","og_image":[{"width":2544,"height":1696,"url":"https:\/\/dev.antudigital.cl\/sites\/vc\/wp-content\/uploads\/2025\/01\/unnamed-1.jpg","type":"image\/jpeg"}],"author":"Valpara\u00edso Creativo","twitter_card":"summary_large_image","twitter_misc":{"Escrito por":"Valpara\u00edso Creativo","Tiempo de lectura":"3 minutos"},"schema":{"@context":"https:\/\/schema.org","@graph":[{"@type":"Article","@id":"https:\/\/dev.antudigital.cl\/sites\/vc\/4o-encuentro-de-ruidismo-poesia-y-musicas-post-industriales-prepara-una-nueva-version-en-valparaiso\/#article","isPartOf":{"@id":"https:\/\/dev.antudigital.cl\/sites\/vc\/4o-encuentro-de-ruidismo-poesia-y-musicas-post-industriales-prepara-una-nueva-version-en-valparaiso\/"},"author":{"name":"Valpara\u00edso Creativo","@id":"https:\/\/dev.antudigital.cl\/sites\/vc\/#\/schema\/person\/c2b9da8dd545e27166fc5ab232837318"},"headline":"4\u00ba Encuentro de Ruidismo, Poes\u00eda y M\u00fasicas Post-Industriales prepara una nueva versi\u00f3n en Valpara\u00edso","datePublished":"2025-01-17T13:39:42+00:00","dateModified":"2025-01-17T13:39:58+00:00","mainEntityOfPage":{"@id":"https:\/\/dev.antudigital.cl\/sites\/vc\/4o-encuentro-de-ruidismo-poesia-y-musicas-post-industriales-prepara-una-nueva-version-en-valparaiso\/"},"wordCount":490,"image":{"@id":"https:\/\/dev.antudigital.cl\/sites\/vc\/4o-encuentro-de-ruidismo-poesia-y-musicas-post-industriales-prepara-una-nueva-version-en-valparaiso\/#primaryimage"},"thumbnailUrl":"https:\/\/dev.antudigital.cl\/sites\/vc\/wp-content\/uploads\/2025\/01\/unnamed-1.jpg","articleSection":["Noticia"],"inLanguage":"es"},{"@type":"WebPage","@id":"https:\/\/dev.antudigital.cl\/sites\/vc\/4o-encuentro-de-ruidismo-poesia-y-musicas-post-industriales-prepara-una-nueva-version-en-valparaiso\/","url":"https:\/\/dev.antudigital.cl\/sites\/vc\/4o-encuentro-de-ruidismo-poesia-y-musicas-post-industriales-prepara-una-nueva-version-en-valparaiso\/","name":"4\u00ba Encuentro de Ruidismo, Poes\u00eda y M\u00fasicas Post-Industriales prepara una nueva versi\u00f3n en Valpara\u00edso - Valpara\u00ed\u00adso Creativo","isPartOf":{"@id":"https:\/\/dev.antudigital.cl\/sites\/vc\/#website"},"primaryImageOfPage":{"@id":"https:\/\/dev.antudigital.cl\/sites\/vc\/4o-encuentro-de-ruidismo-poesia-y-musicas-post-industriales-prepara-una-nueva-version-en-valparaiso\/#primaryimage"},"image":{"@id":"https:\/\/dev.antudigital.cl\/sites\/vc\/4o-encuentro-de-ruidismo-poesia-y-musicas-post-industriales-prepara-una-nueva-version-en-valparaiso\/#primaryimage"},"thumbnailUrl":"https:\/\/dev.antudigital.cl\/sites\/vc\/wp-content\/uploads\/2025\/01\/unnamed-1.jpg","datePublished":"2025-01-17T13:39:42+00:00","dateModified":"2025-01-17T13:39:58+00:00","author":{"@id":"https:\/\/dev.antudigital.cl\/sites\/vc\/#\/schema\/person\/c2b9da8dd545e27166fc5ab232837318"},"breadcrumb":{"@id":"https:\/\/dev.antudigital.cl\/sites\/vc\/4o-encuentro-de-ruidismo-poesia-y-musicas-post-industriales-prepara-una-nueva-version-en-valparaiso\/#breadcrumb"},"inLanguage":"es","potentialAction":[{"@type":"ReadAction","target":["https:\/\/dev.antudigital.cl\/sites\/vc\/4o-encuentro-de-ruidismo-poesia-y-musicas-post-industriales-prepara-una-nueva-version-en-valparaiso\/"]}]},{"@type":"ImageObject","inLanguage":"es","@id":"https:\/\/dev.antudigital.cl\/sites\/vc\/4o-encuentro-de-ruidismo-poesia-y-musicas-post-industriales-prepara-una-nueva-version-en-valparaiso\/#primaryimage","url":"https:\/\/dev.antudigital.cl\/sites\/vc\/wp-content\/uploads\/2025\/01\/unnamed-1.jpg","contentUrl":"https:\/\/dev.antudigital.cl\/sites\/vc\/wp-content\/uploads\/2025\/01\/unnamed-1.jpg","width":2544,"height":1696},{"@type":"BreadcrumbList","@id":"https:\/\/dev.antudigital.cl\/sites\/vc\/4o-encuentro-de-ruidismo-poesia-y-musicas-post-industriales-prepara-una-nueva-version-en-valparaiso\/#breadcrumb","itemListElement":[{"@type":"ListItem","position":1,"name":"Home","item":"https:\/\/dev.antudigital.cl\/sites\/vc\/"},{"@type":"ListItem","position":2,"name":"4\u00ba Encuentro de Ruidismo, Poes\u00eda y M\u00fasicas Post-Industriales prepara una nueva versi\u00f3n en Valpara\u00edso"}]},{"@type":"WebSite","@id":"https:\/\/dev.antudigital.cl\/sites\/vc\/#website","url":"https:\/\/dev.antudigital.cl\/sites\/vc\/","name":"Valpara\u00ed\u00adso Creativo","description":"","potentialAction":[{"@type":"SearchAction","target":{"@type":"EntryPoint","urlTemplate":"https:\/\/dev.antudigital.cl\/sites\/vc\/?s={search_term_string}"},"query-input":{"@type":"PropertyValueSpecification","valueRequired":true,"valueName":"search_term_string"}}],"inLanguage":"es"},{"@type":"Person","@id":"https:\/\/dev.antudigital.cl\/sites\/vc\/#\/schema\/person\/c2b9da8dd545e27166fc5ab232837318","name":"Valpara\u00edso Creativo","description":"Periodista de cultura en la Regi\u00f3n de Valpara\u00edso.","url":"https:\/\/dev.antudigital.cl\/sites\/vc\/author\/valpoadmin\/"}]}},"_links":{"self":[{"href":"https:\/\/dev.antudigital.cl\/sites\/vc\/wp-json\/wp\/v2\/posts\/21776","targetHints":{"allow":["GET"]}}],"collection":[{"href":"https:\/\/dev.antudigital.cl\/sites\/vc\/wp-json\/wp\/v2\/posts"}],"about":[{"href":"https:\/\/dev.antudigital.cl\/sites\/vc\/wp-json\/wp\/v2\/types\/post"}],"author":[{"embeddable":true,"href":"https:\/\/dev.antudigital.cl\/sites\/vc\/wp-json\/wp\/v2\/users\/1"}],"replies":[{"embeddable":true,"href":"https:\/\/dev.antudigital.cl\/sites\/vc\/wp-json\/wp\/v2\/comments?post=21776"}],"version-history":[{"count":1,"href":"https:\/\/dev.antudigital.cl\/sites\/vc\/wp-json\/wp\/v2\/posts\/21776\/revisions"}],"predecessor-version":[{"id":21779,"href":"https:\/\/dev.antudigital.cl\/sites\/vc\/wp-json\/wp\/v2\/posts\/21776\/revisions\/21779"}],"wp:featuredmedia":[{"embeddable":true,"href":"https:\/\/dev.antudigital.cl\/sites\/vc\/wp-json\/wp\/v2\/media\/21777"}],"wp:attachment":[{"href":"https:\/\/dev.antudigital.cl\/sites\/vc\/wp-json\/wp\/v2\/media?parent=21776"}],"wp:term":[{"taxonomy":"category","embeddable":true,"href":"https:\/\/dev.antudigital.cl\/sites\/vc\/wp-json\/wp\/v2\/categories?post=21776"},{"taxonomy":"post_tag","embeddable":true,"href":"https:\/\/dev.antudigital.cl\/sites\/vc\/wp-json\/wp\/v2\/tags?post=21776"}],"curies":[{"name":"wp","href":"https:\/\/api.w.org\/{rel}","templated":true}]}}