{"id":21781,"date":"2025-01-17T13:50:53","date_gmt":"2025-01-17T13:50:53","guid":{"rendered":"https:\/\/www.valparaisocreativo.cl\/?p=21781"},"modified":"2025-01-17T13:51:09","modified_gmt":"2025-01-17T13:51:09","slug":"judas-galeria-inicia-el-ano-con-una-potente-performance-de-nicol-rivera","status":"publish","type":"post","link":"https:\/\/dev.antudigital.cl\/sites\/vc\/judas-galeria-inicia-el-ano-con-una-potente-performance-de-nicol-rivera\/","title":{"rendered":"Judas Galer\u00eda inicia el a\u00f1o con una potente performance de Nicol Rivera"},"content":{"rendered":"\n<p><em>La artista chilena radicada en Berl\u00edn presenta \u00abNoise from the Matrix\u00bb, una obra que explora el cuerpo como territorio pol\u00edtico y de resistencia.<\/em><\/p>\n\n\n\n<p>Judas Galer\u00eda inaugura la temporada 2025 con la performer <a href=\"https:\/\/www.nicolrivera.de\/\">Nicol Rivera<\/a>, quien presentar\u00e1 de manera exclusiva su obra \u201cNoise from the Matrix\u201d de Nicol Rivera el pr\u00f3ximo viernes 17 de enero a las 20:30 hrs. en G\u00e1lvez 167, Cerro Concepci\u00f3n, Valpara\u00edso.&nbsp;<\/p>\n\n\n\n<p>Este evento marca el inicio de una programaci\u00f3n de actividades que Judas Galer\u00eda ha preparado, tras una temporada de ferias internacionales que llev\u00f3 a sus fundadores y gestores, Juvenal Barr\u00eda y Jos\u00e9 Pemjean, a representar la galer\u00eda en eventos como Pinta Miami 2024 en Estados Unidos.<\/p>\n\n\n\n<p>Nicol Rivera Aro (Osorno, 1990) es una performer, actriz e investigadora chilena radicada en Berl\u00edn. Licenciada en Actuaci\u00f3n con especialidad en dramaturgia por la Universidad de Valpara\u00edso (2015), actualmente es candidata a doctora en Filolog\u00eda en el Centro de Investigaci\u00f3n Iberoamericana de Leipzig, Alemania. Su obra art\u00edstica e investigativa explora la relaci\u00f3n entre el cuerpo y las interfaces tecnol\u00f3gicas, abordando discursos de g\u00e9nero y posporno mediante el uso de electr\u00f3nica DIY.<\/p>\n\n\n\n<p>Rivera ha presentado performances colectivas en Chile, Berl\u00edn y Polonia, y ha colaborado como dramaturga de la compa\u00f1\u00eda Tinta Negra en Valpara\u00edso. Adem\u00e1s, su experiencia acad\u00e9mica incluye la docencia en materias como Movimiento V, Historia del Teatro Chileno y Dramaturgia en la Universidad de Valpara\u00edso (2016-2018).&nbsp;<\/p>\n\n\n\n<figure class=\"wp-block-image size-large\"><img fetchpriority=\"high\" decoding=\"async\" width=\"1024\" height=\"902\" src=\"https:\/\/www.valparaisocreativo.cl\/wp-content\/uploads\/2025\/01\/Afiche-Noise-from-the-Matrix-1024x902.jpeg\" alt=\"\" class=\"wp-image-21782\" srcset=\"https:\/\/dev.antudigital.cl\/sites\/vc\/wp-content\/uploads\/2025\/01\/Afiche-Noise-from-the-Matrix-1024x902.jpeg 1024w, https:\/\/dev.antudigital.cl\/sites\/vc\/wp-content\/uploads\/2025\/01\/Afiche-Noise-from-the-Matrix-300x264.jpeg 300w, https:\/\/dev.antudigital.cl\/sites\/vc\/wp-content\/uploads\/2025\/01\/Afiche-Noise-from-the-Matrix-768x676.jpeg 768w, https:\/\/dev.antudigital.cl\/sites\/vc\/wp-content\/uploads\/2025\/01\/Afiche-Noise-from-the-Matrix-1080x951.jpeg 1080w, https:\/\/dev.antudigital.cl\/sites\/vc\/wp-content\/uploads\/2025\/01\/Afiche-Noise-from-the-Matrix-1280x1127.jpeg 1280w, https:\/\/dev.antudigital.cl\/sites\/vc\/wp-content\/uploads\/2025\/01\/Afiche-Noise-from-the-Matrix-980x863.jpeg 980w, https:\/\/dev.antudigital.cl\/sites\/vc\/wp-content\/uploads\/2025\/01\/Afiche-Noise-from-the-Matrix-480x423.jpeg 480w, https:\/\/dev.antudigital.cl\/sites\/vc\/wp-content\/uploads\/2025\/01\/Afiche-Noise-from-the-Matrix-24x21.jpeg 24w, https:\/\/dev.antudigital.cl\/sites\/vc\/wp-content\/uploads\/2025\/01\/Afiche-Noise-from-the-Matrix-36x32.jpeg 36w, https:\/\/dev.antudigital.cl\/sites\/vc\/wp-content\/uploads\/2025\/01\/Afiche-Noise-from-the-Matrix-48x42.jpeg 48w, https:\/\/dev.antudigital.cl\/sites\/vc\/wp-content\/uploads\/2025\/01\/Afiche-Noise-from-the-Matrix.jpeg 1414w\" sizes=\"(max-width: 1024px) 100vw, 1024px\" \/><\/figure>\n\n\n\n<p><strong>Sobre \u201cNoise from the Matrix\u201d<\/strong><\/p>\n\n\n\n<p>\u201cNoise from the Matrix\u201d es una performance que utiliza un micr\u00f3fono de contacto para generar una atm\u00f3sfera de post-porno y ruido. La acci\u00f3n explora el cuerpo como territorio en disputa, reivindicando su soberan\u00eda y el derecho al placer. Mediante la masturbaci\u00f3n femenina como acto perform\u00e1tico, la obra busca elevar una protesta sonora que visibilice la autonom\u00eda del cuerpo frente a las imposiciones sociales y pol\u00edticas.<\/p>\n\n\n\n<p>Esta performance ha sido presentada en diversos formatos, como video performance, performance individual y colectiva, y metaformance colaborativa en l\u00ednea. Entre sus escenarios m\u00e1s destacados se encuentran Live Performers Meeting 2022 (Italia), Porny Days Festival 2023 (Z\u00fcrich, Suiza), Vondelbunker 2023 (Amsterdam, Pa\u00edses Bajos) y Tiny Noise 2024 (Berl\u00edn, Alemania). Su impacto en espacios internacionales reafirma el valor de su propuesta est\u00e9tica y pol\u00edtica.<\/p>\n\n\n\n<p><strong>Potenciando el arte desde Valpara\u00edso<\/strong><\/p>\n\n\n\n<p>Judas Galer\u00eda se ha consolidado en la visibilizaci\u00f3n, difusi\u00f3n y distribuci\u00f3n de artistas chilenos de diversas regiones del pa\u00eds. Tambi\u00e9n miembro de la agrupaci\u00f3n Valpara\u00edso Arte Contempor\u00e1neo (VAC), la galer\u00eda promueve iniciativas que dinamizan la escena en Valpara\u00edso. Esta colaboraci\u00f3n con Nicol Rivera refuerza su compromiso con el arte.<\/p>\n\n\n\n<p>La entrada al evento es liberada. Para m\u00e1s informaci\u00f3n, visita: <a href=\"http:\/\/instagram.com\/judasgaleria\">http:\/\/instagram.com\/judasgaleria<\/a>&nbsp;<\/p>\n\n\n\n<p><a href=\"https:\/\/www.instagram.com\/nicolorina_\/\">https:\/\/www.instagram.com\/nicolorina_\/<\/a><strong>Cr\u00e9ditos de fotograf\u00edas:<\/strong> \u00a9 Porny Days Festival Z\u00fcrich y (c) Michel Gilgen.<\/p>\n","protected":false},"excerpt":{"rendered":"<p>La artista chilena radicada en Berl\u00edn presenta \u00abNoise from the Matrix\u00bb, una obra que explora el cuerpo como territorio pol\u00edtico y de resistencia. Judas Galer\u00eda inaugura la temporada 2025 con la performer Nicol Rivera, quien presentar\u00e1 de manera exclusiva su obra \u201cNoise from the Matrix\u201d de Nicol Rivera el pr\u00f3ximo viernes 17 de enero a [&hellip;]<\/p>\n","protected":false},"author":1,"featured_media":21783,"comment_status":"closed","ping_status":"closed","sticky":false,"template":"","format":"standard","meta":{"_acf_changed":false,"footnotes":""},"categories":[8],"tags":[],"class_list":["post-21781","post","type-post","status-publish","format-standard","has-post-thumbnail","hentry","category-noticia"],"acf":[],"yoast_head":"<!-- This site is optimized with the Yoast SEO plugin v27.1.1 - https:\/\/yoast.com\/product\/yoast-seo-wordpress\/ -->\n<title>Judas Galer\u00eda inicia el a\u00f1o con una potente performance de Nicol Rivera - Valpara\u00ed\u00adso Creativo<\/title>\n<meta name=\"robots\" content=\"index, follow, max-snippet:-1, max-image-preview:large, max-video-preview:-1\" \/>\n<link rel=\"canonical\" href=\"https:\/\/dev.antudigital.cl\/sites\/vc\/judas-galeria-inicia-el-ano-con-una-potente-performance-de-nicol-rivera\/\" \/>\n<meta property=\"og:locale\" content=\"es_ES\" \/>\n<meta property=\"og:type\" content=\"article\" \/>\n<meta property=\"og:title\" content=\"Judas Galer\u00eda inicia el a\u00f1o con una potente performance de Nicol Rivera - Valpara\u00ed\u00adso Creativo\" \/>\n<meta property=\"og:description\" content=\"La artista chilena radicada en Berl\u00edn presenta \u00abNoise from the Matrix\u00bb, una obra que explora el cuerpo como territorio pol\u00edtico y de resistencia. Judas Galer\u00eda inaugura la temporada 2025 con la performer Nicol Rivera, quien presentar\u00e1 de manera exclusiva su obra \u201cNoise from the Matrix\u201d de Nicol Rivera el pr\u00f3ximo viernes 17 de enero a [&hellip;]\" \/>\n<meta property=\"og:url\" content=\"https:\/\/dev.antudigital.cl\/sites\/vc\/judas-galeria-inicia-el-ano-con-una-potente-performance-de-nicol-rivera\/\" \/>\n<meta property=\"og:site_name\" content=\"Valpara\u00ed\u00adso Creativo\" \/>\n<meta property=\"article:published_time\" content=\"2025-01-17T13:50:53+00:00\" \/>\n<meta property=\"article:modified_time\" content=\"2025-01-17T13:51:09+00:00\" \/>\n<meta property=\"og:image\" content=\"https:\/\/dev.antudigital.cl\/sites\/vc\/wp-content\/uploads\/2025\/01\/Porny_2ndDay_2023_RX-543-scaled.jpg\" \/>\n\t<meta property=\"og:image:width\" content=\"2560\" \/>\n\t<meta property=\"og:image:height\" content=\"1706\" \/>\n\t<meta property=\"og:image:type\" content=\"image\/jpeg\" \/>\n<meta name=\"author\" content=\"Valpara\u00edso Creativo\" \/>\n<meta name=\"twitter:card\" content=\"summary_large_image\" \/>\n<meta name=\"twitter:label1\" content=\"Escrito por\" \/>\n\t<meta name=\"twitter:data1\" content=\"Valpara\u00edso Creativo\" \/>\n\t<meta name=\"twitter:label2\" content=\"Tiempo de lectura\" \/>\n\t<meta name=\"twitter:data2\" content=\"3 minutos\" \/>\n<script type=\"application\/ld+json\" class=\"yoast-schema-graph\">{\"@context\":\"https:\/\/schema.org\",\"@graph\":[{\"@type\":\"Article\",\"@id\":\"https:\/\/dev.antudigital.cl\/sites\/vc\/judas-galeria-inicia-el-ano-con-una-potente-performance-de-nicol-rivera\/#article\",\"isPartOf\":{\"@id\":\"https:\/\/dev.antudigital.cl\/sites\/vc\/judas-galeria-inicia-el-ano-con-una-potente-performance-de-nicol-rivera\/\"},\"author\":{\"name\":\"Valpara\u00edso Creativo\",\"@id\":\"https:\/\/dev.antudigital.cl\/sites\/vc\/#\/schema\/person\/c2b9da8dd545e27166fc5ab232837318\"},\"headline\":\"Judas Galer\u00eda inicia el a\u00f1o con una potente performance de Nicol Rivera\",\"datePublished\":\"2025-01-17T13:50:53+00:00\",\"dateModified\":\"2025-01-17T13:51:09+00:00\",\"mainEntityOfPage\":{\"@id\":\"https:\/\/dev.antudigital.cl\/sites\/vc\/judas-galeria-inicia-el-ano-con-una-potente-performance-de-nicol-rivera\/\"},\"wordCount\":510,\"image\":{\"@id\":\"https:\/\/dev.antudigital.cl\/sites\/vc\/judas-galeria-inicia-el-ano-con-una-potente-performance-de-nicol-rivera\/#primaryimage\"},\"thumbnailUrl\":\"https:\/\/dev.antudigital.cl\/sites\/vc\/wp-content\/uploads\/2025\/01\/Porny_2ndDay_2023_RX-543-scaled.jpg\",\"articleSection\":[\"Noticia\"],\"inLanguage\":\"es\"},{\"@type\":\"WebPage\",\"@id\":\"https:\/\/dev.antudigital.cl\/sites\/vc\/judas-galeria-inicia-el-ano-con-una-potente-performance-de-nicol-rivera\/\",\"url\":\"https:\/\/dev.antudigital.cl\/sites\/vc\/judas-galeria-inicia-el-ano-con-una-potente-performance-de-nicol-rivera\/\",\"name\":\"Judas Galer\u00eda inicia el a\u00f1o con una potente performance de Nicol Rivera - Valpara\u00ed\u00adso Creativo\",\"isPartOf\":{\"@id\":\"https:\/\/dev.antudigital.cl\/sites\/vc\/#website\"},\"primaryImageOfPage\":{\"@id\":\"https:\/\/dev.antudigital.cl\/sites\/vc\/judas-galeria-inicia-el-ano-con-una-potente-performance-de-nicol-rivera\/#primaryimage\"},\"image\":{\"@id\":\"https:\/\/dev.antudigital.cl\/sites\/vc\/judas-galeria-inicia-el-ano-con-una-potente-performance-de-nicol-rivera\/#primaryimage\"},\"thumbnailUrl\":\"https:\/\/dev.antudigital.cl\/sites\/vc\/wp-content\/uploads\/2025\/01\/Porny_2ndDay_2023_RX-543-scaled.jpg\",\"datePublished\":\"2025-01-17T13:50:53+00:00\",\"dateModified\":\"2025-01-17T13:51:09+00:00\",\"author\":{\"@id\":\"https:\/\/dev.antudigital.cl\/sites\/vc\/#\/schema\/person\/c2b9da8dd545e27166fc5ab232837318\"},\"breadcrumb\":{\"@id\":\"https:\/\/dev.antudigital.cl\/sites\/vc\/judas-galeria-inicia-el-ano-con-una-potente-performance-de-nicol-rivera\/#breadcrumb\"},\"inLanguage\":\"es\",\"potentialAction\":[{\"@type\":\"ReadAction\",\"target\":[\"https:\/\/dev.antudigital.cl\/sites\/vc\/judas-galeria-inicia-el-ano-con-una-potente-performance-de-nicol-rivera\/\"]}]},{\"@type\":\"ImageObject\",\"inLanguage\":\"es\",\"@id\":\"https:\/\/dev.antudigital.cl\/sites\/vc\/judas-galeria-inicia-el-ano-con-una-potente-performance-de-nicol-rivera\/#primaryimage\",\"url\":\"https:\/\/dev.antudigital.cl\/sites\/vc\/wp-content\/uploads\/2025\/01\/Porny_2ndDay_2023_RX-543-scaled.jpg\",\"contentUrl\":\"https:\/\/dev.antudigital.cl\/sites\/vc\/wp-content\/uploads\/2025\/01\/Porny_2ndDay_2023_RX-543-scaled.jpg\",\"width\":2560,\"height\":1706},{\"@type\":\"BreadcrumbList\",\"@id\":\"https:\/\/dev.antudigital.cl\/sites\/vc\/judas-galeria-inicia-el-ano-con-una-potente-performance-de-nicol-rivera\/#breadcrumb\",\"itemListElement\":[{\"@type\":\"ListItem\",\"position\":1,\"name\":\"Home\",\"item\":\"https:\/\/dev.antudigital.cl\/sites\/vc\/\"},{\"@type\":\"ListItem\",\"position\":2,\"name\":\"Judas Galer\u00eda inicia el a\u00f1o con una potente performance de Nicol Rivera\"}]},{\"@type\":\"WebSite\",\"@id\":\"https:\/\/dev.antudigital.cl\/sites\/vc\/#website\",\"url\":\"https:\/\/dev.antudigital.cl\/sites\/vc\/\",\"name\":\"Valpara\u00ed\u00adso Creativo\",\"description\":\"\",\"potentialAction\":[{\"@type\":\"SearchAction\",\"target\":{\"@type\":\"EntryPoint\",\"urlTemplate\":\"https:\/\/dev.antudigital.cl\/sites\/vc\/?s={search_term_string}\"},\"query-input\":{\"@type\":\"PropertyValueSpecification\",\"valueRequired\":true,\"valueName\":\"search_term_string\"}}],\"inLanguage\":\"es\"},{\"@type\":\"Person\",\"@id\":\"https:\/\/dev.antudigital.cl\/sites\/vc\/#\/schema\/person\/c2b9da8dd545e27166fc5ab232837318\",\"name\":\"Valpara\u00edso Creativo\",\"description\":\"Periodista de cultura en la Regi\u00f3n de Valpara\u00edso.\",\"url\":\"https:\/\/dev.antudigital.cl\/sites\/vc\/author\/valpoadmin\/\"}]}<\/script>\n<!-- \/ Yoast SEO plugin. -->","yoast_head_json":{"title":"Judas Galer\u00eda inicia el a\u00f1o con una potente performance de Nicol Rivera - Valpara\u00ed\u00adso Creativo","robots":{"index":"index","follow":"follow","max-snippet":"max-snippet:-1","max-image-preview":"max-image-preview:large","max-video-preview":"max-video-preview:-1"},"canonical":"https:\/\/dev.antudigital.cl\/sites\/vc\/judas-galeria-inicia-el-ano-con-una-potente-performance-de-nicol-rivera\/","og_locale":"es_ES","og_type":"article","og_title":"Judas Galer\u00eda inicia el a\u00f1o con una potente performance de Nicol Rivera - Valpara\u00ed\u00adso Creativo","og_description":"La artista chilena radicada en Berl\u00edn presenta \u00abNoise from the Matrix\u00bb, una obra que explora el cuerpo como territorio pol\u00edtico y de resistencia. Judas Galer\u00eda inaugura la temporada 2025 con la performer Nicol Rivera, quien presentar\u00e1 de manera exclusiva su obra \u201cNoise from the Matrix\u201d de Nicol Rivera el pr\u00f3ximo viernes 17 de enero a [&hellip;]","og_url":"https:\/\/dev.antudigital.cl\/sites\/vc\/judas-galeria-inicia-el-ano-con-una-potente-performance-de-nicol-rivera\/","og_site_name":"Valpara\u00ed\u00adso Creativo","article_published_time":"2025-01-17T13:50:53+00:00","article_modified_time":"2025-01-17T13:51:09+00:00","og_image":[{"width":2560,"height":1706,"url":"https:\/\/dev.antudigital.cl\/sites\/vc\/wp-content\/uploads\/2025\/01\/Porny_2ndDay_2023_RX-543-scaled.jpg","type":"image\/jpeg"}],"author":"Valpara\u00edso Creativo","twitter_card":"summary_large_image","twitter_misc":{"Escrito por":"Valpara\u00edso Creativo","Tiempo de lectura":"3 minutos"},"schema":{"@context":"https:\/\/schema.org","@graph":[{"@type":"Article","@id":"https:\/\/dev.antudigital.cl\/sites\/vc\/judas-galeria-inicia-el-ano-con-una-potente-performance-de-nicol-rivera\/#article","isPartOf":{"@id":"https:\/\/dev.antudigital.cl\/sites\/vc\/judas-galeria-inicia-el-ano-con-una-potente-performance-de-nicol-rivera\/"},"author":{"name":"Valpara\u00edso Creativo","@id":"https:\/\/dev.antudigital.cl\/sites\/vc\/#\/schema\/person\/c2b9da8dd545e27166fc5ab232837318"},"headline":"Judas Galer\u00eda inicia el a\u00f1o con una potente performance de Nicol Rivera","datePublished":"2025-01-17T13:50:53+00:00","dateModified":"2025-01-17T13:51:09+00:00","mainEntityOfPage":{"@id":"https:\/\/dev.antudigital.cl\/sites\/vc\/judas-galeria-inicia-el-ano-con-una-potente-performance-de-nicol-rivera\/"},"wordCount":510,"image":{"@id":"https:\/\/dev.antudigital.cl\/sites\/vc\/judas-galeria-inicia-el-ano-con-una-potente-performance-de-nicol-rivera\/#primaryimage"},"thumbnailUrl":"https:\/\/dev.antudigital.cl\/sites\/vc\/wp-content\/uploads\/2025\/01\/Porny_2ndDay_2023_RX-543-scaled.jpg","articleSection":["Noticia"],"inLanguage":"es"},{"@type":"WebPage","@id":"https:\/\/dev.antudigital.cl\/sites\/vc\/judas-galeria-inicia-el-ano-con-una-potente-performance-de-nicol-rivera\/","url":"https:\/\/dev.antudigital.cl\/sites\/vc\/judas-galeria-inicia-el-ano-con-una-potente-performance-de-nicol-rivera\/","name":"Judas Galer\u00eda inicia el a\u00f1o con una potente performance de Nicol Rivera - Valpara\u00ed\u00adso Creativo","isPartOf":{"@id":"https:\/\/dev.antudigital.cl\/sites\/vc\/#website"},"primaryImageOfPage":{"@id":"https:\/\/dev.antudigital.cl\/sites\/vc\/judas-galeria-inicia-el-ano-con-una-potente-performance-de-nicol-rivera\/#primaryimage"},"image":{"@id":"https:\/\/dev.antudigital.cl\/sites\/vc\/judas-galeria-inicia-el-ano-con-una-potente-performance-de-nicol-rivera\/#primaryimage"},"thumbnailUrl":"https:\/\/dev.antudigital.cl\/sites\/vc\/wp-content\/uploads\/2025\/01\/Porny_2ndDay_2023_RX-543-scaled.jpg","datePublished":"2025-01-17T13:50:53+00:00","dateModified":"2025-01-17T13:51:09+00:00","author":{"@id":"https:\/\/dev.antudigital.cl\/sites\/vc\/#\/schema\/person\/c2b9da8dd545e27166fc5ab232837318"},"breadcrumb":{"@id":"https:\/\/dev.antudigital.cl\/sites\/vc\/judas-galeria-inicia-el-ano-con-una-potente-performance-de-nicol-rivera\/#breadcrumb"},"inLanguage":"es","potentialAction":[{"@type":"ReadAction","target":["https:\/\/dev.antudigital.cl\/sites\/vc\/judas-galeria-inicia-el-ano-con-una-potente-performance-de-nicol-rivera\/"]}]},{"@type":"ImageObject","inLanguage":"es","@id":"https:\/\/dev.antudigital.cl\/sites\/vc\/judas-galeria-inicia-el-ano-con-una-potente-performance-de-nicol-rivera\/#primaryimage","url":"https:\/\/dev.antudigital.cl\/sites\/vc\/wp-content\/uploads\/2025\/01\/Porny_2ndDay_2023_RX-543-scaled.jpg","contentUrl":"https:\/\/dev.antudigital.cl\/sites\/vc\/wp-content\/uploads\/2025\/01\/Porny_2ndDay_2023_RX-543-scaled.jpg","width":2560,"height":1706},{"@type":"BreadcrumbList","@id":"https:\/\/dev.antudigital.cl\/sites\/vc\/judas-galeria-inicia-el-ano-con-una-potente-performance-de-nicol-rivera\/#breadcrumb","itemListElement":[{"@type":"ListItem","position":1,"name":"Home","item":"https:\/\/dev.antudigital.cl\/sites\/vc\/"},{"@type":"ListItem","position":2,"name":"Judas Galer\u00eda inicia el a\u00f1o con una potente performance de Nicol Rivera"}]},{"@type":"WebSite","@id":"https:\/\/dev.antudigital.cl\/sites\/vc\/#website","url":"https:\/\/dev.antudigital.cl\/sites\/vc\/","name":"Valpara\u00ed\u00adso Creativo","description":"","potentialAction":[{"@type":"SearchAction","target":{"@type":"EntryPoint","urlTemplate":"https:\/\/dev.antudigital.cl\/sites\/vc\/?s={search_term_string}"},"query-input":{"@type":"PropertyValueSpecification","valueRequired":true,"valueName":"search_term_string"}}],"inLanguage":"es"},{"@type":"Person","@id":"https:\/\/dev.antudigital.cl\/sites\/vc\/#\/schema\/person\/c2b9da8dd545e27166fc5ab232837318","name":"Valpara\u00edso Creativo","description":"Periodista de cultura en la Regi\u00f3n de Valpara\u00edso.","url":"https:\/\/dev.antudigital.cl\/sites\/vc\/author\/valpoadmin\/"}]}},"_links":{"self":[{"href":"https:\/\/dev.antudigital.cl\/sites\/vc\/wp-json\/wp\/v2\/posts\/21781","targetHints":{"allow":["GET"]}}],"collection":[{"href":"https:\/\/dev.antudigital.cl\/sites\/vc\/wp-json\/wp\/v2\/posts"}],"about":[{"href":"https:\/\/dev.antudigital.cl\/sites\/vc\/wp-json\/wp\/v2\/types\/post"}],"author":[{"embeddable":true,"href":"https:\/\/dev.antudigital.cl\/sites\/vc\/wp-json\/wp\/v2\/users\/1"}],"replies":[{"embeddable":true,"href":"https:\/\/dev.antudigital.cl\/sites\/vc\/wp-json\/wp\/v2\/comments?post=21781"}],"version-history":[{"count":1,"href":"https:\/\/dev.antudigital.cl\/sites\/vc\/wp-json\/wp\/v2\/posts\/21781\/revisions"}],"predecessor-version":[{"id":21784,"href":"https:\/\/dev.antudigital.cl\/sites\/vc\/wp-json\/wp\/v2\/posts\/21781\/revisions\/21784"}],"wp:featuredmedia":[{"embeddable":true,"href":"https:\/\/dev.antudigital.cl\/sites\/vc\/wp-json\/wp\/v2\/media\/21783"}],"wp:attachment":[{"href":"https:\/\/dev.antudigital.cl\/sites\/vc\/wp-json\/wp\/v2\/media?parent=21781"}],"wp:term":[{"taxonomy":"category","embeddable":true,"href":"https:\/\/dev.antudigital.cl\/sites\/vc\/wp-json\/wp\/v2\/categories?post=21781"},{"taxonomy":"post_tag","embeddable":true,"href":"https:\/\/dev.antudigital.cl\/sites\/vc\/wp-json\/wp\/v2\/tags?post=21781"}],"curies":[{"name":"wp","href":"https:\/\/api.w.org\/{rel}","templated":true}]}}