{"id":21785,"date":"2025-01-17T14:07:46","date_gmt":"2025-01-17T14:07:46","guid":{"rendered":"https:\/\/www.valparaisocreativo.cl\/?p=21785"},"modified":"2025-01-17T14:08:03","modified_gmt":"2025-01-17T14:08:03","slug":"seminario-lab_-prefiero-estar-en-el-cuerpo-llega-a-la-escuela-de-teatro-de-la-universidad-de-valparaiso","status":"publish","type":"post","link":"https:\/\/dev.antudigital.cl\/sites\/vc\/seminario-lab_-prefiero-estar-en-el-cuerpo-llega-a-la-escuela-de-teatro-de-la-universidad-de-valparaiso\/","title":{"rendered":"Seminario.LAB_ \u201cPrefiero estar en el cuerpo\u201d llega a la Escuela de Teatro de la Universidad de Valpara\u00edso"},"content":{"rendered":"\n<p>Con el objetivo de&nbsp;construir un proceso sistem\u00e1tico y evolutivo, orientado a la habitabilidad del propio&nbsp;cuerpo en un espacio de&nbsp;car\u00e1cter pr\u00e1ctico-te\u00f3rico-reflexivo,&nbsp;<strong>el Seminario.LAB \u201cPrefiero estar en el cuerpo\u201d tendr\u00e1 su primera versi\u00f3n local en un formato intensivo que se realizar\u00e1 los d\u00edas mi\u00e9rcoles 22, jueves 23, viernes 24, lunes 27, martes 28 y mi\u00e9rcoles 29 de enero de 10:00 a 13:00 horas en la Escuela de Teatro de la Universidad de Valpara\u00edso<\/strong>, luego de dos ediciones compartidas en Ciudad de M\u00e9xico y Oaxaca.<\/p>\n\n\n\n<p>La primera edici\u00f3n local de este seminario invita a las y los participantes a adentrarse en el&nbsp;conocimiento y reconocimiento de sus potencias y posibilidades desde el movimiento y la sonoridad en un contexto esc\u00e9nico, trabajando el territorio corporal desde la conciencia individual, posibilitando pr\u00e1cticas grupales desde el contacto y el juego,&nbsp;desarrollando capacidades&nbsp;creativas y&nbsp;expresivas desde una presencia org\u00e1nica e integrada.<\/p>\n\n\n\n<p><strong>Iv\u00e1n S\u00e1nchez, director, docente, dise\u00f1ador y gestor esc\u00e9nico, a cargo de esta actividad<\/strong>, comenta: \u201cLa propuesta est\u00e1 abierta a personas con o sin experiencia que deseen explorar desde el movimiento y la voz, distintas y complementarias pr\u00e1cticas individuales y grupales, ampliando las posibilidades creativas orientadas a la integraci\u00f3n de potencias esc\u00e9nicas sensibles desde un cuerpo consciente y org\u00e1nico\u201d.<\/p>\n\n\n\n<p><strong>DE M\u00c9XICO A VALPARA\u00cdSO<\/strong><\/p>\n\n\n\n<p>El Seminario tuvo su primera versi\u00f3n el a\u00f1o 2022, donde el profesional, junto a la performer y creadora esc\u00e9nica Julia Barrios de la Mora (M\u00e9xico), bajo una impronta de colaboraci\u00f3n, compartieron pr\u00e1cticas sensibles durante la pandemia en Ciudad de M\u00e9xico, invitando a las y los participantes del Laboratorio Permanente \u201cHackeando las coreogr\u00e1fias cotidianas\u201d a un proceso realizado en el Parque \u201cLos Viveros de Coyoac\u00e1n\u201d y la Ciudad Universitaria de la UNAM, que dio como resultado final una video-creaci\u00f3n que fue transmitida por los canales de difusi\u00f3n del Centro Cultural de Espa\u00f1a en M\u00e9xico.<\/p>\n\n\n\n<figure class=\"wp-block-image aligncenter size-large is-resized\"><img fetchpriority=\"high\" decoding=\"async\" width=\"682\" height=\"1024\" src=\"https:\/\/www.valparaisocreativo.cl\/wp-content\/uploads\/2025\/01\/4.-Cierre-Taller-BESTIx-en-Casa-de-la-Cultura-Oaxaquena.-Fotografia.-Waterports-682x1024.jpeg\" alt=\"\" class=\"wp-image-21787\" style=\"width:260px;height:auto\" srcset=\"https:\/\/dev.antudigital.cl\/sites\/vc\/wp-content\/uploads\/2025\/01\/4.-Cierre-Taller-BESTIx-en-Casa-de-la-Cultura-Oaxaquena.-Fotografia.-Waterports-682x1024.jpeg 682w, https:\/\/dev.antudigital.cl\/sites\/vc\/wp-content\/uploads\/2025\/01\/4.-Cierre-Taller-BESTIx-en-Casa-de-la-Cultura-Oaxaquena.-Fotografia.-Waterports-200x300.jpeg 200w, https:\/\/dev.antudigital.cl\/sites\/vc\/wp-content\/uploads\/2025\/01\/4.-Cierre-Taller-BESTIx-en-Casa-de-la-Cultura-Oaxaquena.-Fotografia.-Waterports-768x1153.jpeg 768w, https:\/\/dev.antudigital.cl\/sites\/vc\/wp-content\/uploads\/2025\/01\/4.-Cierre-Taller-BESTIx-en-Casa-de-la-Cultura-Oaxaquena.-Fotografia.-Waterports-1023x1536.jpeg 1023w, https:\/\/dev.antudigital.cl\/sites\/vc\/wp-content\/uploads\/2025\/01\/4.-Cierre-Taller-BESTIx-en-Casa-de-la-Cultura-Oaxaquena.-Fotografia.-Waterports-980x1471.jpeg 980w, https:\/\/dev.antudigital.cl\/sites\/vc\/wp-content\/uploads\/2025\/01\/4.-Cierre-Taller-BESTIx-en-Casa-de-la-Cultura-Oaxaquena.-Fotografia.-Waterports-480x720.jpeg 480w, https:\/\/dev.antudigital.cl\/sites\/vc\/wp-content\/uploads\/2025\/01\/4.-Cierre-Taller-BESTIx-en-Casa-de-la-Cultura-Oaxaquena.-Fotografia.-Waterports-16x24.jpeg 16w, https:\/\/dev.antudigital.cl\/sites\/vc\/wp-content\/uploads\/2025\/01\/4.-Cierre-Taller-BESTIx-en-Casa-de-la-Cultura-Oaxaquena.-Fotografia.-Waterports-24x36.jpeg 24w, https:\/\/dev.antudigital.cl\/sites\/vc\/wp-content\/uploads\/2025\/01\/4.-Cierre-Taller-BESTIx-en-Casa-de-la-Cultura-Oaxaquena.-Fotografia.-Waterports-32x48.jpeg 32w, https:\/\/dev.antudigital.cl\/sites\/vc\/wp-content\/uploads\/2025\/01\/4.-Cierre-Taller-BESTIx-en-Casa-de-la-Cultura-Oaxaquena.-Fotografia.-Waterports.jpeg 1066w\" sizes=\"(max-width: 682px) 100vw, 682px\" \/><\/figure>\n\n\n\n<p>La segunda versi\u00f3n se realiz\u00f3 en el Espacio de Creaci\u00f3n \u00cdntima y Aut\u00f3noma\/NECIA&nbsp;en&nbsp;la ciudad de Oaxaca, M\u00e9xico. S\u00e1nchez colabor\u00f3 durante una semana con seis creadoras y creadores desde el movimiento para la construcci\u00f3n de unipersonales coreogr\u00e1ficos que abordaron diversas t\u00e9cnicas de apropiaci\u00f3n de los contenidos, realizando una muestra final donde intervinieron los distintos niveles y espacios de NECIA.<\/p>\n\n\n\n<p><strong>LARGA TRAYECTORIA<\/strong><\/p>\n\n\n\n<p>Iv\u00e1n S\u00e1nchez ha desarrollado su carrera como director, dise\u00f1ador, docente y gestor de Artes Esc\u00e9nicas, primero en la ciudad de Santiago, donde fue creador y fundador, junto a un importante equipo de creadores esc\u00e9nicos, del Teatro de la Ortopedia,&nbsp;estrenando piezas en formatos de teatro, danza y artes integradas. Realiz\u00f3 la adaptaci\u00f3n y direcci\u00f3n de las obras \u00abLa Hierba Roja\u00bb de Boris Vian (1997); \u00abEntre Lilas\u00bb de Alejandra Pizarnik (1998); \u00abEl Retrato de Dorian Gray\u00bb de Oscar Wilde (1999); \u00abTemblor de Cielo\u00bb de Vicente Huidobro (2000); y \u00abEl Extranjero\u00bb de Albert Camus (2001), con funciones en destacados espacios a nivel nacional.<\/p>\n\n\n\n<p>El a\u00f1o 2001 traslada su quehacer a Valpara\u00edso, enfocado en la investigaci\u00f3n y creaci\u00f3n desde el movimiento para la escena. En paralelo, desarrolla una labor de transmisi\u00f3n y creaci\u00f3n de procesos de aprendizaje, dise\u00f1ado programas de perfeccionamiento para Danza Contempor\u00e1nea, programas anuales de iniciaci\u00f3n a las Artes Esc\u00e9nicas Integradas y programas para la inserci\u00f3n de herramientas educativas para el aula pre-escolar y Escuelas Art\u00edsticas. Dirige los montajes coreogr\u00e1ficos \u201cLo que nunca percibiste\u201d, \u201cInestable\u201d, \u201cUn Organismo\u201d, \u201cGraffitis en Movimiento\u201d, \u201cDevenir\u201d, \u201cL\u00edmites Difusos\u201d y \u201cSuceder\u201d, en formato sala, intervenci\u00f3n urbana y espacios no convencionales, realizando giras a nivel nacional e internacional.&nbsp;<\/p>\n\n\n\n<p>Desde el a\u00f1o 2019 ejecuta un proceso de colaboraci\u00f3n e intercambio en M\u00e9xico, cocreando y dirigiendo Difusos L\u00edmites Colectivo en la ciudad de San Luis Potos\u00ed, adem\u00e1s de realizar talleres, seminarios y acompa\u00f1ar procesos creativos en Ciudad de M\u00e9xico y Oaxaca. Actualmente es director de&nbsp;<a href=\"http:\/\/www.escenalborde.cl\/\" target=\"_blank\" rel=\"noreferrer noopener\">www.escenalborde.cl<\/a>&nbsp;y gestor de la Bienal de Danza Moderna y Contempor\u00e1nea de la Regi\u00f3n de Valpara\u00edso.<\/p>\n\n\n\n<p>Para solicitar m\u00e1s informaci\u00f3n e inscripciones escribir al correo electr\u00f3nico:&nbsp;<a href=\"mailto:escenalborde.info@gmail.com\" target=\"_blank\" rel=\"noreferrer noopener\">escenalborde.info@gmail.com<\/a>.<\/p>\n\n\n\n<p>En facebook: Ivro San y Escenalborde Artes Esc\u00e9nicas<\/p>\n\n\n\n<p>En Instagram: @ivan_sancheezr @escenalborde&nbsp;<a>@escuelateatrouv<\/a><\/p>\n","protected":false},"excerpt":{"rendered":"<p>Con el objetivo de&nbsp;construir un proceso sistem\u00e1tico y evolutivo, orientado a la habitabilidad del propio&nbsp;cuerpo en un espacio de&nbsp;car\u00e1cter pr\u00e1ctico-te\u00f3rico-reflexivo,&nbsp;el Seminario.LAB \u201cPrefiero estar en el cuerpo\u201d tendr\u00e1 su primera versi\u00f3n local en un formato intensivo que se realizar\u00e1 los d\u00edas mi\u00e9rcoles 22, jueves 23, viernes 24, lunes 27, martes 28 y mi\u00e9rcoles 29 de enero [&hellip;]<\/p>\n","protected":false},"author":1,"featured_media":21786,"comment_status":"closed","ping_status":"closed","sticky":false,"template":"","format":"standard","meta":{"_acf_changed":false,"footnotes":""},"categories":[8],"tags":[],"class_list":["post-21785","post","type-post","status-publish","format-standard","has-post-thumbnail","hentry","category-noticia"],"acf":[],"yoast_head":"<!-- This site is optimized with the Yoast SEO plugin v27.1.1 - https:\/\/yoast.com\/product\/yoast-seo-wordpress\/ -->\n<title>Seminario.LAB_ \u201cPrefiero estar en el cuerpo\u201d llega a la Escuela de Teatro de la Universidad de Valpara\u00edso - Valpara\u00ed\u00adso Creativo<\/title>\n<meta name=\"robots\" content=\"index, follow, max-snippet:-1, max-image-preview:large, max-video-preview:-1\" \/>\n<link rel=\"canonical\" href=\"https:\/\/dev.antudigital.cl\/sites\/vc\/seminario-lab_-prefiero-estar-en-el-cuerpo-llega-a-la-escuela-de-teatro-de-la-universidad-de-valparaiso\/\" \/>\n<meta property=\"og:locale\" content=\"es_ES\" \/>\n<meta property=\"og:type\" content=\"article\" \/>\n<meta property=\"og:title\" content=\"Seminario.LAB_ \u201cPrefiero estar en el cuerpo\u201d llega a la Escuela de Teatro de la Universidad de Valpara\u00edso - Valpara\u00ed\u00adso Creativo\" \/>\n<meta property=\"og:description\" content=\"Con el objetivo de&nbsp;construir un proceso sistem\u00e1tico y evolutivo, orientado a la habitabilidad del propio&nbsp;cuerpo en un espacio de&nbsp;car\u00e1cter pr\u00e1ctico-te\u00f3rico-reflexivo,&nbsp;el Seminario.LAB \u201cPrefiero estar en el cuerpo\u201d tendr\u00e1 su primera versi\u00f3n local en un formato intensivo que se realizar\u00e1 los d\u00edas mi\u00e9rcoles 22, jueves 23, viernes 24, lunes 27, martes 28 y mi\u00e9rcoles 29 de enero [&hellip;]\" \/>\n<meta property=\"og:url\" content=\"https:\/\/dev.antudigital.cl\/sites\/vc\/seminario-lab_-prefiero-estar-en-el-cuerpo-llega-a-la-escuela-de-teatro-de-la-universidad-de-valparaiso\/\" \/>\n<meta property=\"og:site_name\" content=\"Valpara\u00ed\u00adso Creativo\" \/>\n<meta property=\"article:published_time\" content=\"2025-01-17T14:07:46+00:00\" \/>\n<meta property=\"article:modified_time\" content=\"2025-01-17T14:08:03+00:00\" \/>\n<meta property=\"og:image\" content=\"https:\/\/dev.antudigital.cl\/sites\/vc\/wp-content\/uploads\/2025\/01\/3.Cierre-Taller-EXALTACION-Oaxaca-Mexico.Fotografia-Azul-Avelino.jpg\" \/>\n\t<meta property=\"og:image:width\" content=\"1258\" \/>\n\t<meta property=\"og:image:height\" content=\"838\" \/>\n\t<meta property=\"og:image:type\" content=\"image\/jpeg\" \/>\n<meta name=\"author\" content=\"Valpara\u00edso Creativo\" \/>\n<meta name=\"twitter:card\" content=\"summary_large_image\" \/>\n<meta name=\"twitter:label1\" content=\"Escrito por\" \/>\n\t<meta name=\"twitter:data1\" content=\"Valpara\u00edso Creativo\" \/>\n\t<meta name=\"twitter:label2\" content=\"Tiempo de lectura\" \/>\n\t<meta name=\"twitter:data2\" content=\"4 minutos\" \/>\n<script type=\"application\/ld+json\" class=\"yoast-schema-graph\">{\"@context\":\"https:\/\/schema.org\",\"@graph\":[{\"@type\":\"Article\",\"@id\":\"https:\/\/dev.antudigital.cl\/sites\/vc\/seminario-lab_-prefiero-estar-en-el-cuerpo-llega-a-la-escuela-de-teatro-de-la-universidad-de-valparaiso\/#article\",\"isPartOf\":{\"@id\":\"https:\/\/dev.antudigital.cl\/sites\/vc\/seminario-lab_-prefiero-estar-en-el-cuerpo-llega-a-la-escuela-de-teatro-de-la-universidad-de-valparaiso\/\"},\"author\":{\"name\":\"Valpara\u00edso Creativo\",\"@id\":\"https:\/\/dev.antudigital.cl\/sites\/vc\/#\/schema\/person\/c2b9da8dd545e27166fc5ab232837318\"},\"headline\":\"Seminario.LAB_ \u201cPrefiero estar en el cuerpo\u201d llega a la Escuela de Teatro de la Universidad de Valpara\u00edso\",\"datePublished\":\"2025-01-17T14:07:46+00:00\",\"dateModified\":\"2025-01-17T14:08:03+00:00\",\"mainEntityOfPage\":{\"@id\":\"https:\/\/dev.antudigital.cl\/sites\/vc\/seminario-lab_-prefiero-estar-en-el-cuerpo-llega-a-la-escuela-de-teatro-de-la-universidad-de-valparaiso\/\"},\"wordCount\":759,\"image\":{\"@id\":\"https:\/\/dev.antudigital.cl\/sites\/vc\/seminario-lab_-prefiero-estar-en-el-cuerpo-llega-a-la-escuela-de-teatro-de-la-universidad-de-valparaiso\/#primaryimage\"},\"thumbnailUrl\":\"https:\/\/dev.antudigital.cl\/sites\/vc\/wp-content\/uploads\/2025\/01\/3.Cierre-Taller-EXALTACION-Oaxaca-Mexico.Fotografia-Azul-Avelino.jpg\",\"articleSection\":[\"Noticia\"],\"inLanguage\":\"es\"},{\"@type\":\"WebPage\",\"@id\":\"https:\/\/dev.antudigital.cl\/sites\/vc\/seminario-lab_-prefiero-estar-en-el-cuerpo-llega-a-la-escuela-de-teatro-de-la-universidad-de-valparaiso\/\",\"url\":\"https:\/\/dev.antudigital.cl\/sites\/vc\/seminario-lab_-prefiero-estar-en-el-cuerpo-llega-a-la-escuela-de-teatro-de-la-universidad-de-valparaiso\/\",\"name\":\"Seminario.LAB_ \u201cPrefiero estar en el cuerpo\u201d llega a la Escuela de Teatro de la Universidad de Valpara\u00edso - Valpara\u00ed\u00adso Creativo\",\"isPartOf\":{\"@id\":\"https:\/\/dev.antudigital.cl\/sites\/vc\/#website\"},\"primaryImageOfPage\":{\"@id\":\"https:\/\/dev.antudigital.cl\/sites\/vc\/seminario-lab_-prefiero-estar-en-el-cuerpo-llega-a-la-escuela-de-teatro-de-la-universidad-de-valparaiso\/#primaryimage\"},\"image\":{\"@id\":\"https:\/\/dev.antudigital.cl\/sites\/vc\/seminario-lab_-prefiero-estar-en-el-cuerpo-llega-a-la-escuela-de-teatro-de-la-universidad-de-valparaiso\/#primaryimage\"},\"thumbnailUrl\":\"https:\/\/dev.antudigital.cl\/sites\/vc\/wp-content\/uploads\/2025\/01\/3.Cierre-Taller-EXALTACION-Oaxaca-Mexico.Fotografia-Azul-Avelino.jpg\",\"datePublished\":\"2025-01-17T14:07:46+00:00\",\"dateModified\":\"2025-01-17T14:08:03+00:00\",\"author\":{\"@id\":\"https:\/\/dev.antudigital.cl\/sites\/vc\/#\/schema\/person\/c2b9da8dd545e27166fc5ab232837318\"},\"breadcrumb\":{\"@id\":\"https:\/\/dev.antudigital.cl\/sites\/vc\/seminario-lab_-prefiero-estar-en-el-cuerpo-llega-a-la-escuela-de-teatro-de-la-universidad-de-valparaiso\/#breadcrumb\"},\"inLanguage\":\"es\",\"potentialAction\":[{\"@type\":\"ReadAction\",\"target\":[\"https:\/\/dev.antudigital.cl\/sites\/vc\/seminario-lab_-prefiero-estar-en-el-cuerpo-llega-a-la-escuela-de-teatro-de-la-universidad-de-valparaiso\/\"]}]},{\"@type\":\"ImageObject\",\"inLanguage\":\"es\",\"@id\":\"https:\/\/dev.antudigital.cl\/sites\/vc\/seminario-lab_-prefiero-estar-en-el-cuerpo-llega-a-la-escuela-de-teatro-de-la-universidad-de-valparaiso\/#primaryimage\",\"url\":\"https:\/\/dev.antudigital.cl\/sites\/vc\/wp-content\/uploads\/2025\/01\/3.Cierre-Taller-EXALTACION-Oaxaca-Mexico.Fotografia-Azul-Avelino.jpg\",\"contentUrl\":\"https:\/\/dev.antudigital.cl\/sites\/vc\/wp-content\/uploads\/2025\/01\/3.Cierre-Taller-EXALTACION-Oaxaca-Mexico.Fotografia-Azul-Avelino.jpg\",\"width\":1258,\"height\":838},{\"@type\":\"BreadcrumbList\",\"@id\":\"https:\/\/dev.antudigital.cl\/sites\/vc\/seminario-lab_-prefiero-estar-en-el-cuerpo-llega-a-la-escuela-de-teatro-de-la-universidad-de-valparaiso\/#breadcrumb\",\"itemListElement\":[{\"@type\":\"ListItem\",\"position\":1,\"name\":\"Home\",\"item\":\"https:\/\/dev.antudigital.cl\/sites\/vc\/\"},{\"@type\":\"ListItem\",\"position\":2,\"name\":\"Seminario.LAB_ \u201cPrefiero estar en el cuerpo\u201d llega a la Escuela de Teatro de la Universidad de Valpara\u00edso\"}]},{\"@type\":\"WebSite\",\"@id\":\"https:\/\/dev.antudigital.cl\/sites\/vc\/#website\",\"url\":\"https:\/\/dev.antudigital.cl\/sites\/vc\/\",\"name\":\"Valpara\u00ed\u00adso Creativo\",\"description\":\"\",\"potentialAction\":[{\"@type\":\"SearchAction\",\"target\":{\"@type\":\"EntryPoint\",\"urlTemplate\":\"https:\/\/dev.antudigital.cl\/sites\/vc\/?s={search_term_string}\"},\"query-input\":{\"@type\":\"PropertyValueSpecification\",\"valueRequired\":true,\"valueName\":\"search_term_string\"}}],\"inLanguage\":\"es\"},{\"@type\":\"Person\",\"@id\":\"https:\/\/dev.antudigital.cl\/sites\/vc\/#\/schema\/person\/c2b9da8dd545e27166fc5ab232837318\",\"name\":\"Valpara\u00edso Creativo\",\"description\":\"Periodista de cultura en la Regi\u00f3n de Valpara\u00edso.\",\"url\":\"https:\/\/dev.antudigital.cl\/sites\/vc\/author\/valpoadmin\/\"}]}<\/script>\n<!-- \/ Yoast SEO plugin. -->","yoast_head_json":{"title":"Seminario.LAB_ \u201cPrefiero estar en el cuerpo\u201d llega a la Escuela de Teatro de la Universidad de Valpara\u00edso - Valpara\u00ed\u00adso Creativo","robots":{"index":"index","follow":"follow","max-snippet":"max-snippet:-1","max-image-preview":"max-image-preview:large","max-video-preview":"max-video-preview:-1"},"canonical":"https:\/\/dev.antudigital.cl\/sites\/vc\/seminario-lab_-prefiero-estar-en-el-cuerpo-llega-a-la-escuela-de-teatro-de-la-universidad-de-valparaiso\/","og_locale":"es_ES","og_type":"article","og_title":"Seminario.LAB_ \u201cPrefiero estar en el cuerpo\u201d llega a la Escuela de Teatro de la Universidad de Valpara\u00edso - Valpara\u00ed\u00adso Creativo","og_description":"Con el objetivo de&nbsp;construir un proceso sistem\u00e1tico y evolutivo, orientado a la habitabilidad del propio&nbsp;cuerpo en un espacio de&nbsp;car\u00e1cter pr\u00e1ctico-te\u00f3rico-reflexivo,&nbsp;el Seminario.LAB \u201cPrefiero estar en el cuerpo\u201d tendr\u00e1 su primera versi\u00f3n local en un formato intensivo que se realizar\u00e1 los d\u00edas mi\u00e9rcoles 22, jueves 23, viernes 24, lunes 27, martes 28 y mi\u00e9rcoles 29 de enero [&hellip;]","og_url":"https:\/\/dev.antudigital.cl\/sites\/vc\/seminario-lab_-prefiero-estar-en-el-cuerpo-llega-a-la-escuela-de-teatro-de-la-universidad-de-valparaiso\/","og_site_name":"Valpara\u00ed\u00adso Creativo","article_published_time":"2025-01-17T14:07:46+00:00","article_modified_time":"2025-01-17T14:08:03+00:00","og_image":[{"width":1258,"height":838,"url":"https:\/\/dev.antudigital.cl\/sites\/vc\/wp-content\/uploads\/2025\/01\/3.Cierre-Taller-EXALTACION-Oaxaca-Mexico.Fotografia-Azul-Avelino.jpg","type":"image\/jpeg"}],"author":"Valpara\u00edso Creativo","twitter_card":"summary_large_image","twitter_misc":{"Escrito por":"Valpara\u00edso Creativo","Tiempo de lectura":"4 minutos"},"schema":{"@context":"https:\/\/schema.org","@graph":[{"@type":"Article","@id":"https:\/\/dev.antudigital.cl\/sites\/vc\/seminario-lab_-prefiero-estar-en-el-cuerpo-llega-a-la-escuela-de-teatro-de-la-universidad-de-valparaiso\/#article","isPartOf":{"@id":"https:\/\/dev.antudigital.cl\/sites\/vc\/seminario-lab_-prefiero-estar-en-el-cuerpo-llega-a-la-escuela-de-teatro-de-la-universidad-de-valparaiso\/"},"author":{"name":"Valpara\u00edso Creativo","@id":"https:\/\/dev.antudigital.cl\/sites\/vc\/#\/schema\/person\/c2b9da8dd545e27166fc5ab232837318"},"headline":"Seminario.LAB_ \u201cPrefiero estar en el cuerpo\u201d llega a la Escuela de Teatro de la Universidad de Valpara\u00edso","datePublished":"2025-01-17T14:07:46+00:00","dateModified":"2025-01-17T14:08:03+00:00","mainEntityOfPage":{"@id":"https:\/\/dev.antudigital.cl\/sites\/vc\/seminario-lab_-prefiero-estar-en-el-cuerpo-llega-a-la-escuela-de-teatro-de-la-universidad-de-valparaiso\/"},"wordCount":759,"image":{"@id":"https:\/\/dev.antudigital.cl\/sites\/vc\/seminario-lab_-prefiero-estar-en-el-cuerpo-llega-a-la-escuela-de-teatro-de-la-universidad-de-valparaiso\/#primaryimage"},"thumbnailUrl":"https:\/\/dev.antudigital.cl\/sites\/vc\/wp-content\/uploads\/2025\/01\/3.Cierre-Taller-EXALTACION-Oaxaca-Mexico.Fotografia-Azul-Avelino.jpg","articleSection":["Noticia"],"inLanguage":"es"},{"@type":"WebPage","@id":"https:\/\/dev.antudigital.cl\/sites\/vc\/seminario-lab_-prefiero-estar-en-el-cuerpo-llega-a-la-escuela-de-teatro-de-la-universidad-de-valparaiso\/","url":"https:\/\/dev.antudigital.cl\/sites\/vc\/seminario-lab_-prefiero-estar-en-el-cuerpo-llega-a-la-escuela-de-teatro-de-la-universidad-de-valparaiso\/","name":"Seminario.LAB_ \u201cPrefiero estar en el cuerpo\u201d llega a la Escuela de Teatro de la Universidad de Valpara\u00edso - Valpara\u00ed\u00adso Creativo","isPartOf":{"@id":"https:\/\/dev.antudigital.cl\/sites\/vc\/#website"},"primaryImageOfPage":{"@id":"https:\/\/dev.antudigital.cl\/sites\/vc\/seminario-lab_-prefiero-estar-en-el-cuerpo-llega-a-la-escuela-de-teatro-de-la-universidad-de-valparaiso\/#primaryimage"},"image":{"@id":"https:\/\/dev.antudigital.cl\/sites\/vc\/seminario-lab_-prefiero-estar-en-el-cuerpo-llega-a-la-escuela-de-teatro-de-la-universidad-de-valparaiso\/#primaryimage"},"thumbnailUrl":"https:\/\/dev.antudigital.cl\/sites\/vc\/wp-content\/uploads\/2025\/01\/3.Cierre-Taller-EXALTACION-Oaxaca-Mexico.Fotografia-Azul-Avelino.jpg","datePublished":"2025-01-17T14:07:46+00:00","dateModified":"2025-01-17T14:08:03+00:00","author":{"@id":"https:\/\/dev.antudigital.cl\/sites\/vc\/#\/schema\/person\/c2b9da8dd545e27166fc5ab232837318"},"breadcrumb":{"@id":"https:\/\/dev.antudigital.cl\/sites\/vc\/seminario-lab_-prefiero-estar-en-el-cuerpo-llega-a-la-escuela-de-teatro-de-la-universidad-de-valparaiso\/#breadcrumb"},"inLanguage":"es","potentialAction":[{"@type":"ReadAction","target":["https:\/\/dev.antudigital.cl\/sites\/vc\/seminario-lab_-prefiero-estar-en-el-cuerpo-llega-a-la-escuela-de-teatro-de-la-universidad-de-valparaiso\/"]}]},{"@type":"ImageObject","inLanguage":"es","@id":"https:\/\/dev.antudigital.cl\/sites\/vc\/seminario-lab_-prefiero-estar-en-el-cuerpo-llega-a-la-escuela-de-teatro-de-la-universidad-de-valparaiso\/#primaryimage","url":"https:\/\/dev.antudigital.cl\/sites\/vc\/wp-content\/uploads\/2025\/01\/3.Cierre-Taller-EXALTACION-Oaxaca-Mexico.Fotografia-Azul-Avelino.jpg","contentUrl":"https:\/\/dev.antudigital.cl\/sites\/vc\/wp-content\/uploads\/2025\/01\/3.Cierre-Taller-EXALTACION-Oaxaca-Mexico.Fotografia-Azul-Avelino.jpg","width":1258,"height":838},{"@type":"BreadcrumbList","@id":"https:\/\/dev.antudigital.cl\/sites\/vc\/seminario-lab_-prefiero-estar-en-el-cuerpo-llega-a-la-escuela-de-teatro-de-la-universidad-de-valparaiso\/#breadcrumb","itemListElement":[{"@type":"ListItem","position":1,"name":"Home","item":"https:\/\/dev.antudigital.cl\/sites\/vc\/"},{"@type":"ListItem","position":2,"name":"Seminario.LAB_ \u201cPrefiero estar en el cuerpo\u201d llega a la Escuela de Teatro de la Universidad de Valpara\u00edso"}]},{"@type":"WebSite","@id":"https:\/\/dev.antudigital.cl\/sites\/vc\/#website","url":"https:\/\/dev.antudigital.cl\/sites\/vc\/","name":"Valpara\u00ed\u00adso Creativo","description":"","potentialAction":[{"@type":"SearchAction","target":{"@type":"EntryPoint","urlTemplate":"https:\/\/dev.antudigital.cl\/sites\/vc\/?s={search_term_string}"},"query-input":{"@type":"PropertyValueSpecification","valueRequired":true,"valueName":"search_term_string"}}],"inLanguage":"es"},{"@type":"Person","@id":"https:\/\/dev.antudigital.cl\/sites\/vc\/#\/schema\/person\/c2b9da8dd545e27166fc5ab232837318","name":"Valpara\u00edso Creativo","description":"Periodista de cultura en la Regi\u00f3n de Valpara\u00edso.","url":"https:\/\/dev.antudigital.cl\/sites\/vc\/author\/valpoadmin\/"}]}},"_links":{"self":[{"href":"https:\/\/dev.antudigital.cl\/sites\/vc\/wp-json\/wp\/v2\/posts\/21785","targetHints":{"allow":["GET"]}}],"collection":[{"href":"https:\/\/dev.antudigital.cl\/sites\/vc\/wp-json\/wp\/v2\/posts"}],"about":[{"href":"https:\/\/dev.antudigital.cl\/sites\/vc\/wp-json\/wp\/v2\/types\/post"}],"author":[{"embeddable":true,"href":"https:\/\/dev.antudigital.cl\/sites\/vc\/wp-json\/wp\/v2\/users\/1"}],"replies":[{"embeddable":true,"href":"https:\/\/dev.antudigital.cl\/sites\/vc\/wp-json\/wp\/v2\/comments?post=21785"}],"version-history":[{"count":1,"href":"https:\/\/dev.antudigital.cl\/sites\/vc\/wp-json\/wp\/v2\/posts\/21785\/revisions"}],"predecessor-version":[{"id":21788,"href":"https:\/\/dev.antudigital.cl\/sites\/vc\/wp-json\/wp\/v2\/posts\/21785\/revisions\/21788"}],"wp:featuredmedia":[{"embeddable":true,"href":"https:\/\/dev.antudigital.cl\/sites\/vc\/wp-json\/wp\/v2\/media\/21786"}],"wp:attachment":[{"href":"https:\/\/dev.antudigital.cl\/sites\/vc\/wp-json\/wp\/v2\/media?parent=21785"}],"wp:term":[{"taxonomy":"category","embeddable":true,"href":"https:\/\/dev.antudigital.cl\/sites\/vc\/wp-json\/wp\/v2\/categories?post=21785"},{"taxonomy":"post_tag","embeddable":true,"href":"https:\/\/dev.antudigital.cl\/sites\/vc\/wp-json\/wp\/v2\/tags?post=21785"}],"curies":[{"name":"wp","href":"https:\/\/api.w.org\/{rel}","templated":true}]}}