{"id":21789,"date":"2025-01-17T14:12:24","date_gmt":"2025-01-17T14:12:24","guid":{"rendered":"https:\/\/www.valparaisocreativo.cl\/?p=21789"},"modified":"2025-01-17T14:12:41","modified_gmt":"2025-01-17T14:12:41","slug":"festival-tsonami-continua-sus-actividades-este-fin-de-semana-en-valparaiso","status":"publish","type":"post","link":"https:\/\/dev.antudigital.cl\/sites\/vc\/festival-tsonami-continua-sus-actividades-este-fin-de-semana-en-valparaiso\/","title":{"rendered":"Festival Tsonami contin\u00faa sus actividades este fin de semana en Valpara\u00edso"},"content":{"rendered":"\n<p>Ante la presencia de autoridades, artistas y asistentes, el&nbsp;<strong>XVIII Festival Tsonami comenz\u00f3, este martes 14 de enero, su presente edici\u00f3n en la Galer\u00eda Municipal de Artes de Valpara\u00edso<\/strong>, y pretende extenderse con diversas actividades hasta el domingo 19 de enero.<\/p>\n\n\n\n<p>De esta manera, y durante todo el fin de semana, se efectuar\u00e1n acciones art\u00edsticas en el espacio p\u00fablico, como intervenciones y caminatas de escucha por lugares de la ciudad, conciertos en el Parque Cultural de Valpara\u00edso y la exhibici\u00f3n \u201cAtmosf\u00e9rica\u201d, en la Galer\u00eda Municipal de Arte en calle Condell.<\/p>\n\n\n\n<p>Esta nueva versi\u00f3n del festival, basada en la fascinaci\u00f3n por los fen\u00f3menos naturales y su investigaci\u00f3n, a nivel f\u00edsico y simb\u00f3lico, busca que las personas asistentes puedan experimentar otras formas de relacionarse con el mundo que habitamos,&nbsp;a trav\u00e9s de las pr\u00e1cticas sonoro-auditivas.<\/p>\n\n\n\n<figure class=\"wp-block-image size-large\"><img fetchpriority=\"high\" decoding=\"async\" width=\"1024\" height=\"683\" src=\"https:\/\/www.valparaisocreativo.cl\/wp-content\/uploads\/2025\/01\/unnamed-1-1-1024x683.jpg\" alt=\"\" class=\"wp-image-21792\" srcset=\"https:\/\/dev.antudigital.cl\/sites\/vc\/wp-content\/uploads\/2025\/01\/unnamed-1-1-1024x683.jpg 1024w, https:\/\/dev.antudigital.cl\/sites\/vc\/wp-content\/uploads\/2025\/01\/unnamed-1-1-300x200.jpg 300w, https:\/\/dev.antudigital.cl\/sites\/vc\/wp-content\/uploads\/2025\/01\/unnamed-1-1-768x513.jpg 768w, https:\/\/dev.antudigital.cl\/sites\/vc\/wp-content\/uploads\/2025\/01\/unnamed-1-1-1536x1025.jpg 1536w, https:\/\/dev.antudigital.cl\/sites\/vc\/wp-content\/uploads\/2025\/01\/unnamed-1-1-2048x1367.jpg 2048w, https:\/\/dev.antudigital.cl\/sites\/vc\/wp-content\/uploads\/2025\/01\/unnamed-1-1-1080x721.jpg 1080w, https:\/\/dev.antudigital.cl\/sites\/vc\/wp-content\/uploads\/2025\/01\/unnamed-1-1-1280x855.jpg 1280w, https:\/\/dev.antudigital.cl\/sites\/vc\/wp-content\/uploads\/2025\/01\/unnamed-1-1-980x654.jpg 980w, https:\/\/dev.antudigital.cl\/sites\/vc\/wp-content\/uploads\/2025\/01\/unnamed-1-1-480x320.jpg 480w, https:\/\/dev.antudigital.cl\/sites\/vc\/wp-content\/uploads\/2025\/01\/unnamed-1-1-24x16.jpg 24w, https:\/\/dev.antudigital.cl\/sites\/vc\/wp-content\/uploads\/2025\/01\/unnamed-1-1-36x24.jpg 36w, https:\/\/dev.antudigital.cl\/sites\/vc\/wp-content\/uploads\/2025\/01\/unnamed-1-1-48x32.jpg 48w\" sizes=\"(max-width: 1024px) 100vw, 1024px\" \/><\/figure>\n\n\n\n<p>Diversas voces asistentes a la exhibici\u00f3n \u00abAtmosf\u00e9rica\u00bb, en su jornada inaugural, han valorado al Festival Tsonami por su aporte en la entrega de nuevas propuestas art\u00edsticas para la comunidad. La&nbsp;<strong>alcaldesa Camila Nieto<\/strong>&nbsp;coment\u00f3 al respecto:&nbsp;<em>\u00abNos parece s\u00faper potente que nos podamos conectar a Valpara\u00edso con otros sentidos del ser humano. No solo lo visual sino tambi\u00e9n lo auditivo\u00bb.<\/em><\/p>\n\n\n\n<p>Todas&nbsp;<strong>las actividades son con entrada liberada, abiertas a todo p\u00fablico<\/strong>&nbsp;y estar\u00e1n protagonizadas por din\u00e1micas de contemplaci\u00f3n al atardecer; caminatas de encuentro con el viento; sonorizaciones de edificios; &nbsp;y escucha de paisajes sonoros de la tierra y del espacio a trav\u00e9s de ondas radiales y satelitales en vivo.<\/p>\n\n\n\n<p><strong>Puedes revisar toda la informaci\u00f3n, de las actividades y los artistas presentes del Festival de Arte Sonoro Tsonami 2025, en el sitio web oficial de Tsonami Arte Sonoro,&nbsp;<a href=\"http:\/\/www.tsonami.cl\/\" target=\"_blank\" rel=\"noreferrer noopener\">www.tsonami.cl<\/a><\/strong><\/p>\n\n\n\n<figure class=\"wp-block-image size-large\"><img decoding=\"async\" width=\"704\" height=\"1024\" src=\"https:\/\/www.valparaisocreativo.cl\/wp-content\/uploads\/2025\/01\/unnamed-2-704x1024.png\" alt=\"\" class=\"wp-image-21790\" srcset=\"https:\/\/dev.antudigital.cl\/sites\/vc\/wp-content\/uploads\/2025\/01\/unnamed-2-704x1024.png 704w, https:\/\/dev.antudigital.cl\/sites\/vc\/wp-content\/uploads\/2025\/01\/unnamed-2-206x300.png 206w, https:\/\/dev.antudigital.cl\/sites\/vc\/wp-content\/uploads\/2025\/01\/unnamed-2-768x1117.png 768w, https:\/\/dev.antudigital.cl\/sites\/vc\/wp-content\/uploads\/2025\/01\/unnamed-2-480x698.png 480w, https:\/\/dev.antudigital.cl\/sites\/vc\/wp-content\/uploads\/2025\/01\/unnamed-2-17x24.png 17w, https:\/\/dev.antudigital.cl\/sites\/vc\/wp-content\/uploads\/2025\/01\/unnamed-2-25x36.png 25w, https:\/\/dev.antudigital.cl\/sites\/vc\/wp-content\/uploads\/2025\/01\/unnamed-2-33x48.png 33w, https:\/\/dev.antudigital.cl\/sites\/vc\/wp-content\/uploads\/2025\/01\/unnamed-2.png 825w\" sizes=\"(max-width: 704px) 100vw, 704px\" \/><\/figure>\n","protected":false},"excerpt":{"rendered":"<p>Ante la presencia de autoridades, artistas y asistentes, el&nbsp;XVIII Festival Tsonami comenz\u00f3, este martes 14 de enero, su presente edici\u00f3n en la Galer\u00eda Municipal de Artes de Valpara\u00edso, y pretende extenderse con diversas actividades hasta el domingo 19 de enero. De esta manera, y durante todo el fin de semana, se efectuar\u00e1n acciones art\u00edsticas en [&hellip;]<\/p>\n","protected":false},"author":1,"featured_media":21791,"comment_status":"closed","ping_status":"closed","sticky":false,"template":"","format":"standard","meta":{"_acf_changed":false,"footnotes":""},"categories":[8],"tags":[],"class_list":["post-21789","post","type-post","status-publish","format-standard","has-post-thumbnail","hentry","category-noticia"],"acf":[],"yoast_head":"<!-- This site is optimized with the Yoast SEO plugin v27.1.1 - https:\/\/yoast.com\/product\/yoast-seo-wordpress\/ -->\n<title>Festival Tsonami contin\u00faa sus actividades este fin de semana en Valpara\u00edso - Valpara\u00ed\u00adso Creativo<\/title>\n<meta name=\"robots\" content=\"index, follow, max-snippet:-1, max-image-preview:large, max-video-preview:-1\" \/>\n<link rel=\"canonical\" href=\"https:\/\/dev.antudigital.cl\/sites\/vc\/festival-tsonami-continua-sus-actividades-este-fin-de-semana-en-valparaiso\/\" \/>\n<meta property=\"og:locale\" content=\"es_ES\" \/>\n<meta property=\"og:type\" content=\"article\" \/>\n<meta property=\"og:title\" content=\"Festival Tsonami contin\u00faa sus actividades este fin de semana en Valpara\u00edso - Valpara\u00ed\u00adso Creativo\" \/>\n<meta property=\"og:description\" content=\"Ante la presencia de autoridades, artistas y asistentes, el&nbsp;XVIII Festival Tsonami comenz\u00f3, este martes 14 de enero, su presente edici\u00f3n en la Galer\u00eda Municipal de Artes de Valpara\u00edso, y pretende extenderse con diversas actividades hasta el domingo 19 de enero. De esta manera, y durante todo el fin de semana, se efectuar\u00e1n acciones art\u00edsticas en [&hellip;]\" \/>\n<meta property=\"og:url\" content=\"https:\/\/dev.antudigital.cl\/sites\/vc\/festival-tsonami-continua-sus-actividades-este-fin-de-semana-en-valparaiso\/\" \/>\n<meta property=\"og:site_name\" content=\"Valpara\u00ed\u00adso Creativo\" \/>\n<meta property=\"article:published_time\" content=\"2025-01-17T14:12:24+00:00\" \/>\n<meta property=\"article:modified_time\" content=\"2025-01-17T14:12:41+00:00\" \/>\n<meta property=\"og:image\" content=\"https:\/\/dev.antudigital.cl\/sites\/vc\/wp-content\/uploads\/2025\/01\/unnamed-1-1.png\" \/>\n\t<meta property=\"og:image:width\" content=\"770\" \/>\n\t<meta property=\"og:image:height\" content=\"200\" \/>\n\t<meta property=\"og:image:type\" content=\"image\/png\" \/>\n<meta name=\"author\" content=\"Valpara\u00edso Creativo\" \/>\n<meta name=\"twitter:card\" content=\"summary_large_image\" \/>\n<meta name=\"twitter:label1\" content=\"Escrito por\" \/>\n\t<meta name=\"twitter:data1\" content=\"Valpara\u00edso Creativo\" \/>\n\t<meta name=\"twitter:label2\" content=\"Tiempo de lectura\" \/>\n\t<meta name=\"twitter:data2\" content=\"2 minutos\" \/>\n<script type=\"application\/ld+json\" class=\"yoast-schema-graph\">{\"@context\":\"https:\/\/schema.org\",\"@graph\":[{\"@type\":\"Article\",\"@id\":\"https:\/\/dev.antudigital.cl\/sites\/vc\/festival-tsonami-continua-sus-actividades-este-fin-de-semana-en-valparaiso\/#article\",\"isPartOf\":{\"@id\":\"https:\/\/dev.antudigital.cl\/sites\/vc\/festival-tsonami-continua-sus-actividades-este-fin-de-semana-en-valparaiso\/\"},\"author\":{\"name\":\"Valpara\u00edso Creativo\",\"@id\":\"https:\/\/dev.antudigital.cl\/sites\/vc\/#\/schema\/person\/c2b9da8dd545e27166fc5ab232837318\"},\"headline\":\"Festival Tsonami contin\u00faa sus actividades este fin de semana en Valpara\u00edso\",\"datePublished\":\"2025-01-17T14:12:24+00:00\",\"dateModified\":\"2025-01-17T14:12:41+00:00\",\"mainEntityOfPage\":{\"@id\":\"https:\/\/dev.antudigital.cl\/sites\/vc\/festival-tsonami-continua-sus-actividades-este-fin-de-semana-en-valparaiso\/\"},\"wordCount\":322,\"image\":{\"@id\":\"https:\/\/dev.antudigital.cl\/sites\/vc\/festival-tsonami-continua-sus-actividades-este-fin-de-semana-en-valparaiso\/#primaryimage\"},\"thumbnailUrl\":\"https:\/\/dev.antudigital.cl\/sites\/vc\/wp-content\/uploads\/2025\/01\/unnamed-1-1.png\",\"articleSection\":[\"Noticia\"],\"inLanguage\":\"es\"},{\"@type\":\"WebPage\",\"@id\":\"https:\/\/dev.antudigital.cl\/sites\/vc\/festival-tsonami-continua-sus-actividades-este-fin-de-semana-en-valparaiso\/\",\"url\":\"https:\/\/dev.antudigital.cl\/sites\/vc\/festival-tsonami-continua-sus-actividades-este-fin-de-semana-en-valparaiso\/\",\"name\":\"Festival Tsonami contin\u00faa sus actividades este fin de semana en Valpara\u00edso - Valpara\u00ed\u00adso Creativo\",\"isPartOf\":{\"@id\":\"https:\/\/dev.antudigital.cl\/sites\/vc\/#website\"},\"primaryImageOfPage\":{\"@id\":\"https:\/\/dev.antudigital.cl\/sites\/vc\/festival-tsonami-continua-sus-actividades-este-fin-de-semana-en-valparaiso\/#primaryimage\"},\"image\":{\"@id\":\"https:\/\/dev.antudigital.cl\/sites\/vc\/festival-tsonami-continua-sus-actividades-este-fin-de-semana-en-valparaiso\/#primaryimage\"},\"thumbnailUrl\":\"https:\/\/dev.antudigital.cl\/sites\/vc\/wp-content\/uploads\/2025\/01\/unnamed-1-1.png\",\"datePublished\":\"2025-01-17T14:12:24+00:00\",\"dateModified\":\"2025-01-17T14:12:41+00:00\",\"author\":{\"@id\":\"https:\/\/dev.antudigital.cl\/sites\/vc\/#\/schema\/person\/c2b9da8dd545e27166fc5ab232837318\"},\"breadcrumb\":{\"@id\":\"https:\/\/dev.antudigital.cl\/sites\/vc\/festival-tsonami-continua-sus-actividades-este-fin-de-semana-en-valparaiso\/#breadcrumb\"},\"inLanguage\":\"es\",\"potentialAction\":[{\"@type\":\"ReadAction\",\"target\":[\"https:\/\/dev.antudigital.cl\/sites\/vc\/festival-tsonami-continua-sus-actividades-este-fin-de-semana-en-valparaiso\/\"]}]},{\"@type\":\"ImageObject\",\"inLanguage\":\"es\",\"@id\":\"https:\/\/dev.antudigital.cl\/sites\/vc\/festival-tsonami-continua-sus-actividades-este-fin-de-semana-en-valparaiso\/#primaryimage\",\"url\":\"https:\/\/dev.antudigital.cl\/sites\/vc\/wp-content\/uploads\/2025\/01\/unnamed-1-1.png\",\"contentUrl\":\"https:\/\/dev.antudigital.cl\/sites\/vc\/wp-content\/uploads\/2025\/01\/unnamed-1-1.png\",\"width\":770,\"height\":200},{\"@type\":\"BreadcrumbList\",\"@id\":\"https:\/\/dev.antudigital.cl\/sites\/vc\/festival-tsonami-continua-sus-actividades-este-fin-de-semana-en-valparaiso\/#breadcrumb\",\"itemListElement\":[{\"@type\":\"ListItem\",\"position\":1,\"name\":\"Home\",\"item\":\"https:\/\/dev.antudigital.cl\/sites\/vc\/\"},{\"@type\":\"ListItem\",\"position\":2,\"name\":\"Festival Tsonami contin\u00faa sus actividades este fin de semana en Valpara\u00edso\"}]},{\"@type\":\"WebSite\",\"@id\":\"https:\/\/dev.antudigital.cl\/sites\/vc\/#website\",\"url\":\"https:\/\/dev.antudigital.cl\/sites\/vc\/\",\"name\":\"Valpara\u00ed\u00adso Creativo\",\"description\":\"\",\"potentialAction\":[{\"@type\":\"SearchAction\",\"target\":{\"@type\":\"EntryPoint\",\"urlTemplate\":\"https:\/\/dev.antudigital.cl\/sites\/vc\/?s={search_term_string}\"},\"query-input\":{\"@type\":\"PropertyValueSpecification\",\"valueRequired\":true,\"valueName\":\"search_term_string\"}}],\"inLanguage\":\"es\"},{\"@type\":\"Person\",\"@id\":\"https:\/\/dev.antudigital.cl\/sites\/vc\/#\/schema\/person\/c2b9da8dd545e27166fc5ab232837318\",\"name\":\"Valpara\u00edso Creativo\",\"description\":\"Periodista de cultura en la Regi\u00f3n de Valpara\u00edso.\",\"url\":\"https:\/\/dev.antudigital.cl\/sites\/vc\/author\/valpoadmin\/\"}]}<\/script>\n<!-- \/ Yoast SEO plugin. -->","yoast_head_json":{"title":"Festival Tsonami contin\u00faa sus actividades este fin de semana en Valpara\u00edso - Valpara\u00ed\u00adso Creativo","robots":{"index":"index","follow":"follow","max-snippet":"max-snippet:-1","max-image-preview":"max-image-preview:large","max-video-preview":"max-video-preview:-1"},"canonical":"https:\/\/dev.antudigital.cl\/sites\/vc\/festival-tsonami-continua-sus-actividades-este-fin-de-semana-en-valparaiso\/","og_locale":"es_ES","og_type":"article","og_title":"Festival Tsonami contin\u00faa sus actividades este fin de semana en Valpara\u00edso - Valpara\u00ed\u00adso Creativo","og_description":"Ante la presencia de autoridades, artistas y asistentes, el&nbsp;XVIII Festival Tsonami comenz\u00f3, este martes 14 de enero, su presente edici\u00f3n en la Galer\u00eda Municipal de Artes de Valpara\u00edso, y pretende extenderse con diversas actividades hasta el domingo 19 de enero. De esta manera, y durante todo el fin de semana, se efectuar\u00e1n acciones art\u00edsticas en [&hellip;]","og_url":"https:\/\/dev.antudigital.cl\/sites\/vc\/festival-tsonami-continua-sus-actividades-este-fin-de-semana-en-valparaiso\/","og_site_name":"Valpara\u00ed\u00adso Creativo","article_published_time":"2025-01-17T14:12:24+00:00","article_modified_time":"2025-01-17T14:12:41+00:00","og_image":[{"width":770,"height":200,"url":"https:\/\/dev.antudigital.cl\/sites\/vc\/wp-content\/uploads\/2025\/01\/unnamed-1-1.png","type":"image\/png"}],"author":"Valpara\u00edso Creativo","twitter_card":"summary_large_image","twitter_misc":{"Escrito por":"Valpara\u00edso Creativo","Tiempo de lectura":"2 minutos"},"schema":{"@context":"https:\/\/schema.org","@graph":[{"@type":"Article","@id":"https:\/\/dev.antudigital.cl\/sites\/vc\/festival-tsonami-continua-sus-actividades-este-fin-de-semana-en-valparaiso\/#article","isPartOf":{"@id":"https:\/\/dev.antudigital.cl\/sites\/vc\/festival-tsonami-continua-sus-actividades-este-fin-de-semana-en-valparaiso\/"},"author":{"name":"Valpara\u00edso Creativo","@id":"https:\/\/dev.antudigital.cl\/sites\/vc\/#\/schema\/person\/c2b9da8dd545e27166fc5ab232837318"},"headline":"Festival Tsonami contin\u00faa sus actividades este fin de semana en Valpara\u00edso","datePublished":"2025-01-17T14:12:24+00:00","dateModified":"2025-01-17T14:12:41+00:00","mainEntityOfPage":{"@id":"https:\/\/dev.antudigital.cl\/sites\/vc\/festival-tsonami-continua-sus-actividades-este-fin-de-semana-en-valparaiso\/"},"wordCount":322,"image":{"@id":"https:\/\/dev.antudigital.cl\/sites\/vc\/festival-tsonami-continua-sus-actividades-este-fin-de-semana-en-valparaiso\/#primaryimage"},"thumbnailUrl":"https:\/\/dev.antudigital.cl\/sites\/vc\/wp-content\/uploads\/2025\/01\/unnamed-1-1.png","articleSection":["Noticia"],"inLanguage":"es"},{"@type":"WebPage","@id":"https:\/\/dev.antudigital.cl\/sites\/vc\/festival-tsonami-continua-sus-actividades-este-fin-de-semana-en-valparaiso\/","url":"https:\/\/dev.antudigital.cl\/sites\/vc\/festival-tsonami-continua-sus-actividades-este-fin-de-semana-en-valparaiso\/","name":"Festival Tsonami contin\u00faa sus actividades este fin de semana en Valpara\u00edso - Valpara\u00ed\u00adso Creativo","isPartOf":{"@id":"https:\/\/dev.antudigital.cl\/sites\/vc\/#website"},"primaryImageOfPage":{"@id":"https:\/\/dev.antudigital.cl\/sites\/vc\/festival-tsonami-continua-sus-actividades-este-fin-de-semana-en-valparaiso\/#primaryimage"},"image":{"@id":"https:\/\/dev.antudigital.cl\/sites\/vc\/festival-tsonami-continua-sus-actividades-este-fin-de-semana-en-valparaiso\/#primaryimage"},"thumbnailUrl":"https:\/\/dev.antudigital.cl\/sites\/vc\/wp-content\/uploads\/2025\/01\/unnamed-1-1.png","datePublished":"2025-01-17T14:12:24+00:00","dateModified":"2025-01-17T14:12:41+00:00","author":{"@id":"https:\/\/dev.antudigital.cl\/sites\/vc\/#\/schema\/person\/c2b9da8dd545e27166fc5ab232837318"},"breadcrumb":{"@id":"https:\/\/dev.antudigital.cl\/sites\/vc\/festival-tsonami-continua-sus-actividades-este-fin-de-semana-en-valparaiso\/#breadcrumb"},"inLanguage":"es","potentialAction":[{"@type":"ReadAction","target":["https:\/\/dev.antudigital.cl\/sites\/vc\/festival-tsonami-continua-sus-actividades-este-fin-de-semana-en-valparaiso\/"]}]},{"@type":"ImageObject","inLanguage":"es","@id":"https:\/\/dev.antudigital.cl\/sites\/vc\/festival-tsonami-continua-sus-actividades-este-fin-de-semana-en-valparaiso\/#primaryimage","url":"https:\/\/dev.antudigital.cl\/sites\/vc\/wp-content\/uploads\/2025\/01\/unnamed-1-1.png","contentUrl":"https:\/\/dev.antudigital.cl\/sites\/vc\/wp-content\/uploads\/2025\/01\/unnamed-1-1.png","width":770,"height":200},{"@type":"BreadcrumbList","@id":"https:\/\/dev.antudigital.cl\/sites\/vc\/festival-tsonami-continua-sus-actividades-este-fin-de-semana-en-valparaiso\/#breadcrumb","itemListElement":[{"@type":"ListItem","position":1,"name":"Home","item":"https:\/\/dev.antudigital.cl\/sites\/vc\/"},{"@type":"ListItem","position":2,"name":"Festival Tsonami contin\u00faa sus actividades este fin de semana en Valpara\u00edso"}]},{"@type":"WebSite","@id":"https:\/\/dev.antudigital.cl\/sites\/vc\/#website","url":"https:\/\/dev.antudigital.cl\/sites\/vc\/","name":"Valpara\u00ed\u00adso Creativo","description":"","potentialAction":[{"@type":"SearchAction","target":{"@type":"EntryPoint","urlTemplate":"https:\/\/dev.antudigital.cl\/sites\/vc\/?s={search_term_string}"},"query-input":{"@type":"PropertyValueSpecification","valueRequired":true,"valueName":"search_term_string"}}],"inLanguage":"es"},{"@type":"Person","@id":"https:\/\/dev.antudigital.cl\/sites\/vc\/#\/schema\/person\/c2b9da8dd545e27166fc5ab232837318","name":"Valpara\u00edso Creativo","description":"Periodista de cultura en la Regi\u00f3n de Valpara\u00edso.","url":"https:\/\/dev.antudigital.cl\/sites\/vc\/author\/valpoadmin\/"}]}},"_links":{"self":[{"href":"https:\/\/dev.antudigital.cl\/sites\/vc\/wp-json\/wp\/v2\/posts\/21789","targetHints":{"allow":["GET"]}}],"collection":[{"href":"https:\/\/dev.antudigital.cl\/sites\/vc\/wp-json\/wp\/v2\/posts"}],"about":[{"href":"https:\/\/dev.antudigital.cl\/sites\/vc\/wp-json\/wp\/v2\/types\/post"}],"author":[{"embeddable":true,"href":"https:\/\/dev.antudigital.cl\/sites\/vc\/wp-json\/wp\/v2\/users\/1"}],"replies":[{"embeddable":true,"href":"https:\/\/dev.antudigital.cl\/sites\/vc\/wp-json\/wp\/v2\/comments?post=21789"}],"version-history":[{"count":1,"href":"https:\/\/dev.antudigital.cl\/sites\/vc\/wp-json\/wp\/v2\/posts\/21789\/revisions"}],"predecessor-version":[{"id":21793,"href":"https:\/\/dev.antudigital.cl\/sites\/vc\/wp-json\/wp\/v2\/posts\/21789\/revisions\/21793"}],"wp:featuredmedia":[{"embeddable":true,"href":"https:\/\/dev.antudigital.cl\/sites\/vc\/wp-json\/wp\/v2\/media\/21791"}],"wp:attachment":[{"href":"https:\/\/dev.antudigital.cl\/sites\/vc\/wp-json\/wp\/v2\/media?parent=21789"}],"wp:term":[{"taxonomy":"category","embeddable":true,"href":"https:\/\/dev.antudigital.cl\/sites\/vc\/wp-json\/wp\/v2\/categories?post=21789"},{"taxonomy":"post_tag","embeddable":true,"href":"https:\/\/dev.antudigital.cl\/sites\/vc\/wp-json\/wp\/v2\/tags?post=21789"}],"curies":[{"name":"wp","href":"https:\/\/api.w.org\/{rel}","templated":true}]}}