{"id":21794,"date":"2025-01-17T14:16:40","date_gmt":"2025-01-17T14:16:40","guid":{"rendered":"https:\/\/www.valparaisocreativo.cl\/?p=21794"},"modified":"2025-01-17T14:16:57","modified_gmt":"2025-01-17T14:16:57","slug":"los-mejores-estrenos-cinematograficos-se-viven-en-insomnia-teatro-condell-este-verano","status":"publish","type":"post","link":"https:\/\/dev.antudigital.cl\/sites\/vc\/los-mejores-estrenos-cinematograficos-se-viven-en-insomnia-teatro-condell-este-verano\/","title":{"rendered":"Los mejores estrenos cinematogr\u00e1ficos se viven en INSOMNIA Teatro Condell este verano"},"content":{"rendered":"\n<p>A partir de este jueves comienzan a proyectarse los nuevos estrenos de la semana en INSOMNIA Teatro Condell y ser\u00e1 dif\u00edcil alejarse del cine con una cartelera nutrida por cl\u00e1sicos, como el especial de Francis Ford Coppola, y estrenos para todas las edades y gustos. La lluvia de estrenos comienza el jueves 16 a las 15:00 hrs. con \u201cPaddington en Per\u00fa\u201d, la tercera entrega de la saga del ic\u00f3nico oso que es adoptado en Londres por la familia Brown. A las 18:00 hrs. se estrena con cine foro la co-producci\u00f3n chilena-colombiana \u201cLa piel en primavera\u201d para finalizar el d\u00eda a las 21:30 con el drama er\u00f3tico protagonizado por Nicole Kidman \u201cBabygirl\u201d.<\/p>\n\n\n\n<p>El viernes 17 a las 19:30 se estrena el documental chileno del director Rodrigo Avil\u00e9s \u201cLa ruta infinita &#8211; Los Jaivas 60 A\u00f1os\u00bb con la historia de la emblem\u00e1tica banda chilena contada coralmente por sus protagonistas y a las 21:30 el documental \u201cS\/He Is Still Her\/e: the Official Genesis P-Orridge Doc\u201d del director David Charles Rodr\u00edgues sobre una figura emblem\u00e1tica del underground estadounidense, artista visual, performer, m\u00fasico poeta y ocultista P-Orrige Doc. Adem\u00e1s, el d\u00eda s\u00e1bado, para los amantes del cine de terror se estrenar\u00e1 a las 19:30 la pel\u00edcula irlandesa \u201cM\u00e9dium (Oddity)\u201d del director Damian McCarthy.<\/p>\n\n\n\n<figure class=\"wp-block-image size-large\"><img fetchpriority=\"high\" decoding=\"async\" width=\"1024\" height=\"538\" src=\"https:\/\/www.valparaisocreativo.cl\/wp-content\/uploads\/2025\/01\/La-ruta-infinita-Los-jaivas-1024x538.jpeg\" alt=\"\" class=\"wp-image-21797\" srcset=\"https:\/\/dev.antudigital.cl\/sites\/vc\/wp-content\/uploads\/2025\/01\/La-ruta-infinita-Los-jaivas-1024x538.jpeg 1024w, https:\/\/dev.antudigital.cl\/sites\/vc\/wp-content\/uploads\/2025\/01\/La-ruta-infinita-Los-jaivas-300x158.jpeg 300w, https:\/\/dev.antudigital.cl\/sites\/vc\/wp-content\/uploads\/2025\/01\/La-ruta-infinita-Los-jaivas-768x403.jpeg 768w, https:\/\/dev.antudigital.cl\/sites\/vc\/wp-content\/uploads\/2025\/01\/La-ruta-infinita-Los-jaivas-1080x567.jpeg 1080w, https:\/\/dev.antudigital.cl\/sites\/vc\/wp-content\/uploads\/2025\/01\/La-ruta-infinita-Los-jaivas-980x515.jpeg 980w, https:\/\/dev.antudigital.cl\/sites\/vc\/wp-content\/uploads\/2025\/01\/La-ruta-infinita-Los-jaivas-480x252.jpeg 480w, https:\/\/dev.antudigital.cl\/sites\/vc\/wp-content\/uploads\/2025\/01\/La-ruta-infinita-Los-jaivas-24x13.jpeg 24w, https:\/\/dev.antudigital.cl\/sites\/vc\/wp-content\/uploads\/2025\/01\/La-ruta-infinita-Los-jaivas-36x19.jpeg 36w, https:\/\/dev.antudigital.cl\/sites\/vc\/wp-content\/uploads\/2025\/01\/La-ruta-infinita-Los-jaivas-48x25.jpeg 48w, https:\/\/dev.antudigital.cl\/sites\/vc\/wp-content\/uploads\/2025\/01\/La-ruta-infinita-Los-jaivas.jpeg 1200w\" sizes=\"(max-width: 1024px) 100vw, 1024px\" \/><\/figure>\n\n\n\n<p>\u201cPaddington en Per\u00fa\u201d es la tercera pel\u00edcula del oso m\u00e1s querido de Inglaterra, esta vez bajo la direcci\u00f3n&nbsp;Dougal Wilson, con las actuaciones de Antonio Banderas y Olivia Coleman nos sumergimos en una comedia familiar para acompa\u00f1ar a Paddington y a su familia de regreso a sus ra\u00edces en la selva peruana para visitar a su t\u00eda Lucy, en donde un misterio los enviar\u00e1 a la selva amaz\u00f3nica y a las monta\u00f1as peruanas. La pel\u00edcula se proyectar\u00e1 los d\u00edas jueves 16 (12:00), viernes 17 (15:00), s\u00e1bado 18 (15:00), domingo 19 (12:00), jueves 23 (12:00), viernes 24 (12:00), mi\u00e9rcoles 29 (15:00) y viernes 31 (12:00).<\/p>\n\n\n\n<p>La co-producci\u00f3n chilena colombiana \u201cLa piel en primavera\u201d de la directora Yennifer Uribe Alzate se estrenar\u00e1 con cine foro este jueves 16 a las 18:00 hrs. La pel\u00edcula nos lleva a la l\u00ednea 243 de autob\u00fas que lleva a Sandra a su trabajo como vigilante de seguridad en un centro comercial. Dedicada a su papel, a\u00fan le queda el uniforme, aunque su hijo ya tiene 15 a\u00f1os, as\u00ed que se plantea un cambio de carrera. Al cine foro asistir\u00e1 la productora Rebeca Guti\u00e9rrez. Adem\u00e1s del d\u00eda del estreno, la pel\u00edcula se proyectar\u00e1 el mi\u00e9rcoles 22 a las 17:00 hrs.<\/p>\n\n\n\n<p>\u201cBabygirl\u201d es un drama er\u00f3tico escrito y dirigido por Halina Reijn y protagonizado por Nicole Kidman, Harris Dickinson y Antonio Banderas. Romy es una alta ejecutiva que inicia una ardiente aventura de sexo extremo con su joven becario, Samuel (Harris Dickinson) a espaldas de su marido Jacob (Antonio Banderas). Romy invertir\u00e1 su rol habitual en el trabajo, pasando de ser quien da las \u00f3rdenes a disfrutar siendo sometida en la cama. Esta t\u00f3rrida relaci\u00f3n extramatrimonial le permitir\u00e1 encontrar el camino hacia su libertad sexual, a pesar del riesgo y los prejuicios. Este filme se proyectar\u00e1 los d\u00edas jueves 16 (21:00), s\u00e1bado 18 (17:00) y viernes 24 (17:00).<\/p>\n\n\n\n<figure class=\"wp-block-image size-large\"><img decoding=\"async\" width=\"1024\" height=\"576\" src=\"https:\/\/www.valparaisocreativo.cl\/wp-content\/uploads\/2025\/01\/Baby-girl-1024x576.jpeg\" alt=\"\" class=\"wp-image-21795\" srcset=\"https:\/\/dev.antudigital.cl\/sites\/vc\/wp-content\/uploads\/2025\/01\/Baby-girl-1024x576.jpeg 1024w, https:\/\/dev.antudigital.cl\/sites\/vc\/wp-content\/uploads\/2025\/01\/Baby-girl-300x169.jpeg 300w, https:\/\/dev.antudigital.cl\/sites\/vc\/wp-content\/uploads\/2025\/01\/Baby-girl-768x432.jpeg 768w, https:\/\/dev.antudigital.cl\/sites\/vc\/wp-content\/uploads\/2025\/01\/Baby-girl-1080x608.jpeg 1080w, https:\/\/dev.antudigital.cl\/sites\/vc\/wp-content\/uploads\/2025\/01\/Baby-girl-980x551.jpeg 980w, https:\/\/dev.antudigital.cl\/sites\/vc\/wp-content\/uploads\/2025\/01\/Baby-girl-480x270.jpeg 480w, https:\/\/dev.antudigital.cl\/sites\/vc\/wp-content\/uploads\/2025\/01\/Baby-girl-24x14.jpeg 24w, https:\/\/dev.antudigital.cl\/sites\/vc\/wp-content\/uploads\/2025\/01\/Baby-girl-36x20.jpeg 36w, https:\/\/dev.antudigital.cl\/sites\/vc\/wp-content\/uploads\/2025\/01\/Baby-girl-48x27.jpeg 48w, https:\/\/dev.antudigital.cl\/sites\/vc\/wp-content\/uploads\/2025\/01\/Baby-girl.jpeg 1200w\" sizes=\"(max-width: 1024px) 100vw, 1024px\" \/><\/figure>\n\n\n\n<p>El d\u00eda viernes 17 a las 19:30 hrs. se estrena el documental \u201cLa ruta infinita\u201d que celebra los 60 a\u00f1os de Los Jaivas. Esta pieza audiovisual del director Rodrigo Avil\u00e9s (Violeta existe) narra la celebraci\u00f3n del aniversario mediante un relato coral, tomando como punto de partida los comienzos de Los Jaivas, siendo estudiantes de un liceo de Vi\u00f1a del Mar. Por eso, y en consonancia po\u00e9tica con su historia, la grabaci\u00f3n del largometraje se realiz\u00f3 a bordo del tren o en sitios ferroviarios hist\u00f3ricos. Adem\u00e1s del detalle que el liceo Guillermo Rivera al que pertenec\u00edan, tambi\u00e9n se ubica a un costado de la estaci\u00f3n de trenes de la ciudad jard\u00edn. Tambi\u00e9n se exhibir\u00e1 los d\u00edas domingo 19 (17:30), mi\u00e9rcoles 22 (15:00) y martes 28 (17:00).<\/p>\n\n\n\n<p>\u201cS\/He Is Still Her\/e: the Official Genesis P-Orridge Doc\u201d es un retrato completo, fascinante y acertadamente provocativo del cantautor, m\u00fasico, poeta, artista de performance, artista visual y ocultista conocido como Genesis P-Orridge. La pel\u00edcula del director David Charles Rodr\u00edgues, es un intento de abarcar las muchas vidas, medios y formas que adopt\u00f3 esta extraordinaria figura de la vanguardia estadounidense.<\/p>\n\n\n\n<p>Con acceso a material de archivo extraordinario (personal, p\u00fablico y de actuaciones) junto con apariciones de William Burroughs, Brion Gyson y Timothy Leary, adem\u00e1s de monjes nepaleses, curanderos africanos y un cameo de la Reina Isabel, la pel\u00edcula tambi\u00e9n captura a P-Orridge mientras enfrentan su propia mortalidad, una inevitabilidad que abraza con un sorprendente grado de agudeza. El film, distribuido por el Centro de Arte Alameda, tendr\u00e1 una funci\u00f3n \u00fanica este viernes 17 a las 21:30 hrs.<\/p>\n\n\n\n<p>El director irland\u00e9s Damian McCarthy sorprende con el thriller \u201cM\u00e9dium (Oddity)\u201d en donde Darcy, una m\u00e9dium ciega y vendedora de curiosidades, sigue llorando la muerte de su hermana gemela tras un a\u00f1o desde su fallecimiento. Un maniqu\u00ed de madera de su gabinete de curiosidades se convierte en un elemento crucial para descubrir la verdad sobre el asesinato de su hermana. Con una espectacular fotograf\u00eda de Colm Hogan y actuaciones estelares de Carolyn Bracken, Gwilym Lee y Tadgh Murphy, el film se exhibir\u00e1 en INSOMNIA los d\u00edas s\u00e1bado 18 (19:30), mi\u00e9rcoles 22 (19:00) y martes 28 (19:00). Las entradas est\u00e1n a la venta en boleter\u00eda en Condell 1585, para m\u00e1s informaci\u00f3n visita&nbsp;<a href=\"http:\/\/www.insomniacine.cl\/\" target=\"_blank\" rel=\"noreferrer noopener\">www.insomniacine.cl<\/a>.<\/p>\n","protected":false},"excerpt":{"rendered":"<p>A partir de este jueves comienzan a proyectarse los nuevos estrenos de la semana en INSOMNIA Teatro Condell y ser\u00e1 dif\u00edcil alejarse del cine con una cartelera nutrida por cl\u00e1sicos, como el especial de Francis Ford Coppola, y estrenos para todas las edades y gustos. La lluvia de estrenos comienza el jueves 16 a las [&hellip;]<\/p>\n","protected":false},"author":1,"featured_media":21796,"comment_status":"closed","ping_status":"closed","sticky":false,"template":"","format":"standard","meta":{"_acf_changed":false,"footnotes":""},"categories":[8],"tags":[],"class_list":["post-21794","post","type-post","status-publish","format-standard","has-post-thumbnail","hentry","category-noticia"],"acf":[],"yoast_head":"<!-- This site is optimized with the Yoast SEO plugin v27.1.1 - https:\/\/yoast.com\/product\/yoast-seo-wordpress\/ -->\n<title>Los mejores estrenos cinematogr\u00e1ficos se viven en INSOMNIA Teatro Condell este verano - Valpara\u00ed\u00adso Creativo<\/title>\n<meta name=\"robots\" content=\"index, follow, max-snippet:-1, max-image-preview:large, max-video-preview:-1\" \/>\n<link rel=\"canonical\" href=\"https:\/\/dev.antudigital.cl\/sites\/vc\/los-mejores-estrenos-cinematograficos-se-viven-en-insomnia-teatro-condell-este-verano\/\" \/>\n<meta property=\"og:locale\" content=\"es_ES\" \/>\n<meta property=\"og:type\" content=\"article\" \/>\n<meta property=\"og:title\" content=\"Los mejores estrenos cinematogr\u00e1ficos se viven en INSOMNIA Teatro Condell este verano - Valpara\u00ed\u00adso Creativo\" \/>\n<meta property=\"og:description\" content=\"A partir de este jueves comienzan a proyectarse los nuevos estrenos de la semana en INSOMNIA Teatro Condell y ser\u00e1 dif\u00edcil alejarse del cine con una cartelera nutrida por cl\u00e1sicos, como el especial de Francis Ford Coppola, y estrenos para todas las edades y gustos. La lluvia de estrenos comienza el jueves 16 a las [&hellip;]\" \/>\n<meta property=\"og:url\" content=\"https:\/\/dev.antudigital.cl\/sites\/vc\/los-mejores-estrenos-cinematograficos-se-viven-en-insomnia-teatro-condell-este-verano\/\" \/>\n<meta property=\"og:site_name\" content=\"Valpara\u00ed\u00adso Creativo\" \/>\n<meta property=\"article:published_time\" content=\"2025-01-17T14:16:40+00:00\" \/>\n<meta property=\"article:modified_time\" content=\"2025-01-17T14:16:57+00:00\" \/>\n<meta property=\"og:image\" content=\"https:\/\/dev.antudigital.cl\/sites\/vc\/wp-content\/uploads\/2025\/01\/He-Is-Still-Here-the-Official-Genesis-P-Orridge-Doc.jpeg\" \/>\n\t<meta property=\"og:image:width\" content=\"1000\" \/>\n\t<meta property=\"og:image:height\" content=\"493\" \/>\n\t<meta property=\"og:image:type\" content=\"image\/jpeg\" \/>\n<meta name=\"author\" content=\"Valpara\u00edso Creativo\" \/>\n<meta name=\"twitter:card\" content=\"summary_large_image\" \/>\n<meta name=\"twitter:label1\" content=\"Escrito por\" \/>\n\t<meta name=\"twitter:data1\" content=\"Valpara\u00edso Creativo\" \/>\n\t<meta name=\"twitter:label2\" content=\"Tiempo de lectura\" \/>\n\t<meta name=\"twitter:data2\" content=\"5 minutos\" \/>\n<script type=\"application\/ld+json\" class=\"yoast-schema-graph\">{\"@context\":\"https:\/\/schema.org\",\"@graph\":[{\"@type\":\"Article\",\"@id\":\"https:\/\/dev.antudigital.cl\/sites\/vc\/los-mejores-estrenos-cinematograficos-se-viven-en-insomnia-teatro-condell-este-verano\/#article\",\"isPartOf\":{\"@id\":\"https:\/\/dev.antudigital.cl\/sites\/vc\/los-mejores-estrenos-cinematograficos-se-viven-en-insomnia-teatro-condell-este-verano\/\"},\"author\":{\"name\":\"Valpara\u00edso Creativo\",\"@id\":\"https:\/\/dev.antudigital.cl\/sites\/vc\/#\/schema\/person\/c2b9da8dd545e27166fc5ab232837318\"},\"headline\":\"Los mejores estrenos cinematogr\u00e1ficos se viven en INSOMNIA Teatro Condell este verano\",\"datePublished\":\"2025-01-17T14:16:40+00:00\",\"dateModified\":\"2025-01-17T14:16:57+00:00\",\"mainEntityOfPage\":{\"@id\":\"https:\/\/dev.antudigital.cl\/sites\/vc\/los-mejores-estrenos-cinematograficos-se-viven-en-insomnia-teatro-condell-este-verano\/\"},\"wordCount\":938,\"image\":{\"@id\":\"https:\/\/dev.antudigital.cl\/sites\/vc\/los-mejores-estrenos-cinematograficos-se-viven-en-insomnia-teatro-condell-este-verano\/#primaryimage\"},\"thumbnailUrl\":\"https:\/\/dev.antudigital.cl\/sites\/vc\/wp-content\/uploads\/2025\/01\/He-Is-Still-Here-the-Official-Genesis-P-Orridge-Doc.jpeg\",\"articleSection\":[\"Noticia\"],\"inLanguage\":\"es\"},{\"@type\":\"WebPage\",\"@id\":\"https:\/\/dev.antudigital.cl\/sites\/vc\/los-mejores-estrenos-cinematograficos-se-viven-en-insomnia-teatro-condell-este-verano\/\",\"url\":\"https:\/\/dev.antudigital.cl\/sites\/vc\/los-mejores-estrenos-cinematograficos-se-viven-en-insomnia-teatro-condell-este-verano\/\",\"name\":\"Los mejores estrenos cinematogr\u00e1ficos se viven en INSOMNIA Teatro Condell este verano - Valpara\u00ed\u00adso Creativo\",\"isPartOf\":{\"@id\":\"https:\/\/dev.antudigital.cl\/sites\/vc\/#website\"},\"primaryImageOfPage\":{\"@id\":\"https:\/\/dev.antudigital.cl\/sites\/vc\/los-mejores-estrenos-cinematograficos-se-viven-en-insomnia-teatro-condell-este-verano\/#primaryimage\"},\"image\":{\"@id\":\"https:\/\/dev.antudigital.cl\/sites\/vc\/los-mejores-estrenos-cinematograficos-se-viven-en-insomnia-teatro-condell-este-verano\/#primaryimage\"},\"thumbnailUrl\":\"https:\/\/dev.antudigital.cl\/sites\/vc\/wp-content\/uploads\/2025\/01\/He-Is-Still-Here-the-Official-Genesis-P-Orridge-Doc.jpeg\",\"datePublished\":\"2025-01-17T14:16:40+00:00\",\"dateModified\":\"2025-01-17T14:16:57+00:00\",\"author\":{\"@id\":\"https:\/\/dev.antudigital.cl\/sites\/vc\/#\/schema\/person\/c2b9da8dd545e27166fc5ab232837318\"},\"breadcrumb\":{\"@id\":\"https:\/\/dev.antudigital.cl\/sites\/vc\/los-mejores-estrenos-cinematograficos-se-viven-en-insomnia-teatro-condell-este-verano\/#breadcrumb\"},\"inLanguage\":\"es\",\"potentialAction\":[{\"@type\":\"ReadAction\",\"target\":[\"https:\/\/dev.antudigital.cl\/sites\/vc\/los-mejores-estrenos-cinematograficos-se-viven-en-insomnia-teatro-condell-este-verano\/\"]}]},{\"@type\":\"ImageObject\",\"inLanguage\":\"es\",\"@id\":\"https:\/\/dev.antudigital.cl\/sites\/vc\/los-mejores-estrenos-cinematograficos-se-viven-en-insomnia-teatro-condell-este-verano\/#primaryimage\",\"url\":\"https:\/\/dev.antudigital.cl\/sites\/vc\/wp-content\/uploads\/2025\/01\/He-Is-Still-Here-the-Official-Genesis-P-Orridge-Doc.jpeg\",\"contentUrl\":\"https:\/\/dev.antudigital.cl\/sites\/vc\/wp-content\/uploads\/2025\/01\/He-Is-Still-Here-the-Official-Genesis-P-Orridge-Doc.jpeg\",\"width\":1000,\"height\":493},{\"@type\":\"BreadcrumbList\",\"@id\":\"https:\/\/dev.antudigital.cl\/sites\/vc\/los-mejores-estrenos-cinematograficos-se-viven-en-insomnia-teatro-condell-este-verano\/#breadcrumb\",\"itemListElement\":[{\"@type\":\"ListItem\",\"position\":1,\"name\":\"Home\",\"item\":\"https:\/\/dev.antudigital.cl\/sites\/vc\/\"},{\"@type\":\"ListItem\",\"position\":2,\"name\":\"Los mejores estrenos cinematogr\u00e1ficos se viven en INSOMNIA Teatro Condell este verano\"}]},{\"@type\":\"WebSite\",\"@id\":\"https:\/\/dev.antudigital.cl\/sites\/vc\/#website\",\"url\":\"https:\/\/dev.antudigital.cl\/sites\/vc\/\",\"name\":\"Valpara\u00ed\u00adso Creativo\",\"description\":\"\",\"potentialAction\":[{\"@type\":\"SearchAction\",\"target\":{\"@type\":\"EntryPoint\",\"urlTemplate\":\"https:\/\/dev.antudigital.cl\/sites\/vc\/?s={search_term_string}\"},\"query-input\":{\"@type\":\"PropertyValueSpecification\",\"valueRequired\":true,\"valueName\":\"search_term_string\"}}],\"inLanguage\":\"es\"},{\"@type\":\"Person\",\"@id\":\"https:\/\/dev.antudigital.cl\/sites\/vc\/#\/schema\/person\/c2b9da8dd545e27166fc5ab232837318\",\"name\":\"Valpara\u00edso Creativo\",\"description\":\"Periodista de cultura en la Regi\u00f3n de Valpara\u00edso.\",\"url\":\"https:\/\/dev.antudigital.cl\/sites\/vc\/author\/valpoadmin\/\"}]}<\/script>\n<!-- \/ Yoast SEO plugin. -->","yoast_head_json":{"title":"Los mejores estrenos cinematogr\u00e1ficos se viven en INSOMNIA Teatro Condell este verano - Valpara\u00ed\u00adso Creativo","robots":{"index":"index","follow":"follow","max-snippet":"max-snippet:-1","max-image-preview":"max-image-preview:large","max-video-preview":"max-video-preview:-1"},"canonical":"https:\/\/dev.antudigital.cl\/sites\/vc\/los-mejores-estrenos-cinematograficos-se-viven-en-insomnia-teatro-condell-este-verano\/","og_locale":"es_ES","og_type":"article","og_title":"Los mejores estrenos cinematogr\u00e1ficos se viven en INSOMNIA Teatro Condell este verano - Valpara\u00ed\u00adso Creativo","og_description":"A partir de este jueves comienzan a proyectarse los nuevos estrenos de la semana en INSOMNIA Teatro Condell y ser\u00e1 dif\u00edcil alejarse del cine con una cartelera nutrida por cl\u00e1sicos, como el especial de Francis Ford Coppola, y estrenos para todas las edades y gustos. La lluvia de estrenos comienza el jueves 16 a las [&hellip;]","og_url":"https:\/\/dev.antudigital.cl\/sites\/vc\/los-mejores-estrenos-cinematograficos-se-viven-en-insomnia-teatro-condell-este-verano\/","og_site_name":"Valpara\u00ed\u00adso Creativo","article_published_time":"2025-01-17T14:16:40+00:00","article_modified_time":"2025-01-17T14:16:57+00:00","og_image":[{"width":1000,"height":493,"url":"https:\/\/dev.antudigital.cl\/sites\/vc\/wp-content\/uploads\/2025\/01\/He-Is-Still-Here-the-Official-Genesis-P-Orridge-Doc.jpeg","type":"image\/jpeg"}],"author":"Valpara\u00edso Creativo","twitter_card":"summary_large_image","twitter_misc":{"Escrito por":"Valpara\u00edso Creativo","Tiempo de lectura":"5 minutos"},"schema":{"@context":"https:\/\/schema.org","@graph":[{"@type":"Article","@id":"https:\/\/dev.antudigital.cl\/sites\/vc\/los-mejores-estrenos-cinematograficos-se-viven-en-insomnia-teatro-condell-este-verano\/#article","isPartOf":{"@id":"https:\/\/dev.antudigital.cl\/sites\/vc\/los-mejores-estrenos-cinematograficos-se-viven-en-insomnia-teatro-condell-este-verano\/"},"author":{"name":"Valpara\u00edso Creativo","@id":"https:\/\/dev.antudigital.cl\/sites\/vc\/#\/schema\/person\/c2b9da8dd545e27166fc5ab232837318"},"headline":"Los mejores estrenos cinematogr\u00e1ficos se viven en INSOMNIA Teatro Condell este verano","datePublished":"2025-01-17T14:16:40+00:00","dateModified":"2025-01-17T14:16:57+00:00","mainEntityOfPage":{"@id":"https:\/\/dev.antudigital.cl\/sites\/vc\/los-mejores-estrenos-cinematograficos-se-viven-en-insomnia-teatro-condell-este-verano\/"},"wordCount":938,"image":{"@id":"https:\/\/dev.antudigital.cl\/sites\/vc\/los-mejores-estrenos-cinematograficos-se-viven-en-insomnia-teatro-condell-este-verano\/#primaryimage"},"thumbnailUrl":"https:\/\/dev.antudigital.cl\/sites\/vc\/wp-content\/uploads\/2025\/01\/He-Is-Still-Here-the-Official-Genesis-P-Orridge-Doc.jpeg","articleSection":["Noticia"],"inLanguage":"es"},{"@type":"WebPage","@id":"https:\/\/dev.antudigital.cl\/sites\/vc\/los-mejores-estrenos-cinematograficos-se-viven-en-insomnia-teatro-condell-este-verano\/","url":"https:\/\/dev.antudigital.cl\/sites\/vc\/los-mejores-estrenos-cinematograficos-se-viven-en-insomnia-teatro-condell-este-verano\/","name":"Los mejores estrenos cinematogr\u00e1ficos se viven en INSOMNIA Teatro Condell este verano - Valpara\u00ed\u00adso Creativo","isPartOf":{"@id":"https:\/\/dev.antudigital.cl\/sites\/vc\/#website"},"primaryImageOfPage":{"@id":"https:\/\/dev.antudigital.cl\/sites\/vc\/los-mejores-estrenos-cinematograficos-se-viven-en-insomnia-teatro-condell-este-verano\/#primaryimage"},"image":{"@id":"https:\/\/dev.antudigital.cl\/sites\/vc\/los-mejores-estrenos-cinematograficos-se-viven-en-insomnia-teatro-condell-este-verano\/#primaryimage"},"thumbnailUrl":"https:\/\/dev.antudigital.cl\/sites\/vc\/wp-content\/uploads\/2025\/01\/He-Is-Still-Here-the-Official-Genesis-P-Orridge-Doc.jpeg","datePublished":"2025-01-17T14:16:40+00:00","dateModified":"2025-01-17T14:16:57+00:00","author":{"@id":"https:\/\/dev.antudigital.cl\/sites\/vc\/#\/schema\/person\/c2b9da8dd545e27166fc5ab232837318"},"breadcrumb":{"@id":"https:\/\/dev.antudigital.cl\/sites\/vc\/los-mejores-estrenos-cinematograficos-se-viven-en-insomnia-teatro-condell-este-verano\/#breadcrumb"},"inLanguage":"es","potentialAction":[{"@type":"ReadAction","target":["https:\/\/dev.antudigital.cl\/sites\/vc\/los-mejores-estrenos-cinematograficos-se-viven-en-insomnia-teatro-condell-este-verano\/"]}]},{"@type":"ImageObject","inLanguage":"es","@id":"https:\/\/dev.antudigital.cl\/sites\/vc\/los-mejores-estrenos-cinematograficos-se-viven-en-insomnia-teatro-condell-este-verano\/#primaryimage","url":"https:\/\/dev.antudigital.cl\/sites\/vc\/wp-content\/uploads\/2025\/01\/He-Is-Still-Here-the-Official-Genesis-P-Orridge-Doc.jpeg","contentUrl":"https:\/\/dev.antudigital.cl\/sites\/vc\/wp-content\/uploads\/2025\/01\/He-Is-Still-Here-the-Official-Genesis-P-Orridge-Doc.jpeg","width":1000,"height":493},{"@type":"BreadcrumbList","@id":"https:\/\/dev.antudigital.cl\/sites\/vc\/los-mejores-estrenos-cinematograficos-se-viven-en-insomnia-teatro-condell-este-verano\/#breadcrumb","itemListElement":[{"@type":"ListItem","position":1,"name":"Home","item":"https:\/\/dev.antudigital.cl\/sites\/vc\/"},{"@type":"ListItem","position":2,"name":"Los mejores estrenos cinematogr\u00e1ficos se viven en INSOMNIA Teatro Condell este verano"}]},{"@type":"WebSite","@id":"https:\/\/dev.antudigital.cl\/sites\/vc\/#website","url":"https:\/\/dev.antudigital.cl\/sites\/vc\/","name":"Valpara\u00ed\u00adso Creativo","description":"","potentialAction":[{"@type":"SearchAction","target":{"@type":"EntryPoint","urlTemplate":"https:\/\/dev.antudigital.cl\/sites\/vc\/?s={search_term_string}"},"query-input":{"@type":"PropertyValueSpecification","valueRequired":true,"valueName":"search_term_string"}}],"inLanguage":"es"},{"@type":"Person","@id":"https:\/\/dev.antudigital.cl\/sites\/vc\/#\/schema\/person\/c2b9da8dd545e27166fc5ab232837318","name":"Valpara\u00edso Creativo","description":"Periodista de cultura en la Regi\u00f3n de Valpara\u00edso.","url":"https:\/\/dev.antudigital.cl\/sites\/vc\/author\/valpoadmin\/"}]}},"_links":{"self":[{"href":"https:\/\/dev.antudigital.cl\/sites\/vc\/wp-json\/wp\/v2\/posts\/21794","targetHints":{"allow":["GET"]}}],"collection":[{"href":"https:\/\/dev.antudigital.cl\/sites\/vc\/wp-json\/wp\/v2\/posts"}],"about":[{"href":"https:\/\/dev.antudigital.cl\/sites\/vc\/wp-json\/wp\/v2\/types\/post"}],"author":[{"embeddable":true,"href":"https:\/\/dev.antudigital.cl\/sites\/vc\/wp-json\/wp\/v2\/users\/1"}],"replies":[{"embeddable":true,"href":"https:\/\/dev.antudigital.cl\/sites\/vc\/wp-json\/wp\/v2\/comments?post=21794"}],"version-history":[{"count":1,"href":"https:\/\/dev.antudigital.cl\/sites\/vc\/wp-json\/wp\/v2\/posts\/21794\/revisions"}],"predecessor-version":[{"id":21798,"href":"https:\/\/dev.antudigital.cl\/sites\/vc\/wp-json\/wp\/v2\/posts\/21794\/revisions\/21798"}],"wp:featuredmedia":[{"embeddable":true,"href":"https:\/\/dev.antudigital.cl\/sites\/vc\/wp-json\/wp\/v2\/media\/21796"}],"wp:attachment":[{"href":"https:\/\/dev.antudigital.cl\/sites\/vc\/wp-json\/wp\/v2\/media?parent=21794"}],"wp:term":[{"taxonomy":"category","embeddable":true,"href":"https:\/\/dev.antudigital.cl\/sites\/vc\/wp-json\/wp\/v2\/categories?post=21794"},{"taxonomy":"post_tag","embeddable":true,"href":"https:\/\/dev.antudigital.cl\/sites\/vc\/wp-json\/wp\/v2\/tags?post=21794"}],"curies":[{"name":"wp","href":"https:\/\/api.w.org\/{rel}","templated":true}]}}