{"id":21799,"date":"2025-01-17T14:29:44","date_gmt":"2025-01-17T14:29:44","guid":{"rendered":"https:\/\/www.valparaisocreativo.cl\/?p=21799"},"modified":"2025-01-17T14:30:00","modified_gmt":"2025-01-17T14:30:00","slug":"valparaiso-tridimensional-exposicion-de-obras-textiles-de-cuidadoras-de-pacientes-de-la-teleton-inaugurada-en-parque-cultural-ex-carcel","status":"publish","type":"post","link":"https:\/\/dev.antudigital.cl\/sites\/vc\/valparaiso-tridimensional-exposicion-de-obras-textiles-de-cuidadoras-de-pacientes-de-la-teleton-inaugurada-en-parque-cultural-ex-carcel\/","title":{"rendered":"\u201cValpara\u00edso tridimensional\u201d: Exposici\u00f3n de obras textiles de cuidadoras de pacientes de la Telet\u00f3n inaugurada en Parque Cultural-Ex C\u00e1rcel"},"content":{"rendered":"\n<p>En el Parque Cultural de Valpara\u00edso (Ex C\u00e1rcel) se inaugur\u00f3 la exposici\u00f3n gratuita<strong>&nbsp;\u201cValpara\u00edso Tridimensional\u201d<\/strong>, que estar\u00e1 abierta hasta el pr\u00f3ximo 28 de enero y que re\u00fane 23 bordados realizados por cuidadoras de pacientes del Instituto Telet\u00f3n de Valpara\u00edso, plasmando su visi\u00f3n de la ciudad puerto desde una perspectiva femenina.<\/p>\n\n\n\n<p>El taller textil de la UTAC de Telet\u00f3n Valpara\u00edso es un espacio de encuentro y expresi\u00f3n para madres y abuelas que enfrentan los desaf\u00edos emocionales y cotidianos del cuidado. Seg\u00fan&nbsp;<strong>Renee Adaros<\/strong>, profesora del taller, \u201cdurante dos a\u00f1os, hemos trabajado en esta muestra, convirti\u00e9ndola en un espacio seguro de apoyo mutuo y hermandad\u201d.<\/p>\n\n\n\n<p>El 93% de las cuidadoras en Telet\u00f3n son mujeres, quienes enfrentan m\u00faltiples cargas y sacrifican su bienestar. \u201cEn medicina existe lo que se llama \u201cs\u00edndrome del estr\u00e9s del cuidador\u201d, que se produce por vivir para el otro, hacer todo por el otro. En este taller las cuidadoras exploran, empatizan, comparten y liberan carga emocional, convirti\u00e9ndose en un momento para ellas. Creo que el enfoque de la rehabilitaci\u00f3n es biopsicosocial y estas unidades como la de arte y deporte, apuntan precisamente a eso y a apoyar a quienes cuidan a nuestros pacientes\u201d, detalla la doctora&nbsp;<strong>Dalila Salgado<\/strong>, directora del Instituto Telet\u00f3n de Valpara\u00edso.<\/p>\n\n\n\n<p>En esta misma l\u00ednea, la directora general de Fundaci\u00f3n Telet\u00f3n,&nbsp;<strong>Mar\u00eda Jos\u00e9 Zald\u00edvar<\/strong>, enfatiz\u00f3 que \u201cel trabajo y el cuidado que hacen estas madres es realmente fundamental para la rehabilitaci\u00f3n e integraci\u00f3n de los ni\u00f1os. Ellas tienen una carga emocional, f\u00edsica y econ\u00f3mica, que pocas veces es reconocida. El hecho de que tengan un espacio en el cual se puedan juntar y hablar de estas cosas es s\u00faper importante\u201d.<\/p>\n\n\n\n<p>Asimismo,&nbsp;<strong>la representante del directorio de Parque Cultural de Valpara\u00edso, Ana Karina Pi\u00f1a<\/strong>, destac\u00f3 \u201cel gran valor de esta exposici\u00f3n que enlaza el arte con la contenci\u00f3n\u201d, agregando que \u201ceste a\u00f1o empezaremos una relaci\u00f3n permanente con Telet\u00f3n Valpara\u00edso a trav\u00e9s de acciones de mediaci\u00f3n o talleres art\u00edsticos que permitan colaborar en procesos de sanaci\u00f3n incorporando a infancias y cuidadoras\u201d.<\/p>\n\n\n\n<p>En mayo de 2023 las participantes del taller comenzaron a bordar sus experiencias en obras que reflejan los colores, paisajes y arquitectura de Valpara\u00edso.<strong>&nbsp;Evelyn Arriagada<\/strong>, cuidadora, afirm\u00f3 que Telet\u00f3n le permiti\u00f3 encontrar apoyo y ver a su hijo salir adelante, destacando el impacto positivo de estos espacios. \u201cCuando reci\u00e9n llegu\u00e9 estaba angustiada, no sab\u00eda qu\u00e9 hacer, ni qu\u00e9 se vendr\u00eda, pero fui encontrando caminos y personas que me permitieron sentir que la tarea no era tan dif\u00edcil. Se me abri\u00f3 un mundo totalmente lindo y vi a mi hijo salir adelante. \u00c9l ahora ya trabaja y est\u00e1 estudiando para ser profesional. Estos son grandes logros que uno consigue a trav\u00e9s justamente de Telet\u00f3n, porque ellos nos dan todas las herramientas para poder seguir\u201d, coment\u00f3 conmovida.<br><br>La exposici\u00f3n busca visibilizar el rol de las mujeres cuidadoras y fomentar la corresponsabilidad social. La seremi de la Mujer y Equidad de G\u00e9nero,&nbsp;<strong>Camila Lazo<\/strong>, enfatiz\u00f3 la importancia de reconocer y cuidar a quienes cuidan, recalcando que \u201cel 93% de quienes cuidan a los pacientes de Telet\u00f3n son mujeres y eso tambi\u00e9n se refleja en nuestros mismos \u00edndices a trav\u00e9s del m\u00f3dulo de personas cuidadoras del Registro Social de Hogares; la mayor\u00eda de quienes hoy en d\u00eda llevan adelante este trabajo, muchas veces invisible, muchas veces no reconocido, muchas veces con muchas cargas\u201d.<\/p>\n","protected":false},"excerpt":{"rendered":"<p>En el Parque Cultural de Valpara\u00edso (Ex C\u00e1rcel) se inaugur\u00f3 la exposici\u00f3n gratuita&nbsp;\u201cValpara\u00edso Tridimensional\u201d, que estar\u00e1 abierta hasta el pr\u00f3ximo 28 de enero y que re\u00fane 23 bordados realizados por cuidadoras de pacientes del Instituto Telet\u00f3n de Valpara\u00edso, plasmando su visi\u00f3n de la ciudad puerto desde una perspectiva femenina. El taller textil de la UTAC [&hellip;]<\/p>\n","protected":false},"author":1,"featured_media":21800,"comment_status":"closed","ping_status":"closed","sticky":false,"template":"","format":"standard","meta":{"_acf_changed":false,"footnotes":""},"categories":[1],"tags":[],"class_list":["post-21799","post","type-post","status-publish","format-standard","has-post-thumbnail","hentry","category-uncategorized"],"acf":[],"yoast_head":"<!-- This site is optimized with the Yoast SEO plugin v27.1.1 - https:\/\/yoast.com\/product\/yoast-seo-wordpress\/ -->\n<title>\u201cValpara\u00edso tridimensional\u201d: Exposici\u00f3n de obras textiles de cuidadoras de pacientes de la Telet\u00f3n inaugurada en Parque Cultural-Ex C\u00e1rcel - Valpara\u00ed\u00adso Creativo<\/title>\n<meta name=\"robots\" content=\"index, follow, max-snippet:-1, max-image-preview:large, max-video-preview:-1\" \/>\n<link rel=\"canonical\" href=\"https:\/\/dev.antudigital.cl\/sites\/vc\/valparaiso-tridimensional-exposicion-de-obras-textiles-de-cuidadoras-de-pacientes-de-la-teleton-inaugurada-en-parque-cultural-ex-carcel\/\" \/>\n<meta property=\"og:locale\" content=\"es_ES\" \/>\n<meta property=\"og:type\" content=\"article\" \/>\n<meta property=\"og:title\" content=\"\u201cValpara\u00edso tridimensional\u201d: Exposici\u00f3n de obras textiles de cuidadoras de pacientes de la Telet\u00f3n inaugurada en Parque Cultural-Ex C\u00e1rcel - Valpara\u00ed\u00adso Creativo\" \/>\n<meta property=\"og:description\" content=\"En el Parque Cultural de Valpara\u00edso (Ex C\u00e1rcel) se inaugur\u00f3 la exposici\u00f3n gratuita&nbsp;\u201cValpara\u00edso Tridimensional\u201d, que estar\u00e1 abierta hasta el pr\u00f3ximo 28 de enero y que re\u00fane 23 bordados realizados por cuidadoras de pacientes del Instituto Telet\u00f3n de Valpara\u00edso, plasmando su visi\u00f3n de la ciudad puerto desde una perspectiva femenina. El taller textil de la UTAC [&hellip;]\" \/>\n<meta property=\"og:url\" content=\"https:\/\/dev.antudigital.cl\/sites\/vc\/valparaiso-tridimensional-exposicion-de-obras-textiles-de-cuidadoras-de-pacientes-de-la-teleton-inaugurada-en-parque-cultural-ex-carcel\/\" \/>\n<meta property=\"og:site_name\" content=\"Valpara\u00ed\u00adso Creativo\" \/>\n<meta property=\"article:published_time\" content=\"2025-01-17T14:29:44+00:00\" \/>\n<meta property=\"article:modified_time\" content=\"2025-01-17T14:30:00+00:00\" \/>\n<meta property=\"og:image\" content=\"https:\/\/dev.antudigital.cl\/sites\/vc\/wp-content\/uploads\/2025\/01\/DSC9426-scaled.jpg\" \/>\n\t<meta property=\"og:image:width\" content=\"2560\" \/>\n\t<meta property=\"og:image:height\" content=\"1806\" \/>\n\t<meta property=\"og:image:type\" content=\"image\/jpeg\" \/>\n<meta name=\"author\" content=\"Valpara\u00edso Creativo\" \/>\n<meta name=\"twitter:card\" content=\"summary_large_image\" \/>\n<meta name=\"twitter:label1\" content=\"Escrito por\" \/>\n\t<meta name=\"twitter:data1\" content=\"Valpara\u00edso Creativo\" \/>\n\t<meta name=\"twitter:label2\" content=\"Tiempo de lectura\" \/>\n\t<meta name=\"twitter:data2\" content=\"3 minutos\" \/>\n<script type=\"application\/ld+json\" class=\"yoast-schema-graph\">{\"@context\":\"https:\/\/schema.org\",\"@graph\":[{\"@type\":\"Article\",\"@id\":\"https:\/\/dev.antudigital.cl\/sites\/vc\/valparaiso-tridimensional-exposicion-de-obras-textiles-de-cuidadoras-de-pacientes-de-la-teleton-inaugurada-en-parque-cultural-ex-carcel\/#article\",\"isPartOf\":{\"@id\":\"https:\/\/dev.antudigital.cl\/sites\/vc\/valparaiso-tridimensional-exposicion-de-obras-textiles-de-cuidadoras-de-pacientes-de-la-teleton-inaugurada-en-parque-cultural-ex-carcel\/\"},\"author\":{\"name\":\"Valpara\u00edso Creativo\",\"@id\":\"https:\/\/dev.antudigital.cl\/sites\/vc\/#\/schema\/person\/c2b9da8dd545e27166fc5ab232837318\"},\"headline\":\"\u201cValpara\u00edso tridimensional\u201d: Exposici\u00f3n de obras textiles de cuidadoras de pacientes de la Telet\u00f3n inaugurada en Parque Cultural-Ex C\u00e1rcel\",\"datePublished\":\"2025-01-17T14:29:44+00:00\",\"dateModified\":\"2025-01-17T14:30:00+00:00\",\"mainEntityOfPage\":{\"@id\":\"https:\/\/dev.antudigital.cl\/sites\/vc\/valparaiso-tridimensional-exposicion-de-obras-textiles-de-cuidadoras-de-pacientes-de-la-teleton-inaugurada-en-parque-cultural-ex-carcel\/\"},\"wordCount\":640,\"image\":{\"@id\":\"https:\/\/dev.antudigital.cl\/sites\/vc\/valparaiso-tridimensional-exposicion-de-obras-textiles-de-cuidadoras-de-pacientes-de-la-teleton-inaugurada-en-parque-cultural-ex-carcel\/#primaryimage\"},\"thumbnailUrl\":\"https:\/\/dev.antudigital.cl\/sites\/vc\/wp-content\/uploads\/2025\/01\/DSC9426-scaled.jpg\",\"articleSection\":[\"Uncategorized\"],\"inLanguage\":\"es\"},{\"@type\":\"WebPage\",\"@id\":\"https:\/\/dev.antudigital.cl\/sites\/vc\/valparaiso-tridimensional-exposicion-de-obras-textiles-de-cuidadoras-de-pacientes-de-la-teleton-inaugurada-en-parque-cultural-ex-carcel\/\",\"url\":\"https:\/\/dev.antudigital.cl\/sites\/vc\/valparaiso-tridimensional-exposicion-de-obras-textiles-de-cuidadoras-de-pacientes-de-la-teleton-inaugurada-en-parque-cultural-ex-carcel\/\",\"name\":\"\u201cValpara\u00edso tridimensional\u201d: Exposici\u00f3n de obras textiles de cuidadoras de pacientes de la Telet\u00f3n inaugurada en Parque Cultural-Ex C\u00e1rcel - Valpara\u00ed\u00adso Creativo\",\"isPartOf\":{\"@id\":\"https:\/\/dev.antudigital.cl\/sites\/vc\/#website\"},\"primaryImageOfPage\":{\"@id\":\"https:\/\/dev.antudigital.cl\/sites\/vc\/valparaiso-tridimensional-exposicion-de-obras-textiles-de-cuidadoras-de-pacientes-de-la-teleton-inaugurada-en-parque-cultural-ex-carcel\/#primaryimage\"},\"image\":{\"@id\":\"https:\/\/dev.antudigital.cl\/sites\/vc\/valparaiso-tridimensional-exposicion-de-obras-textiles-de-cuidadoras-de-pacientes-de-la-teleton-inaugurada-en-parque-cultural-ex-carcel\/#primaryimage\"},\"thumbnailUrl\":\"https:\/\/dev.antudigital.cl\/sites\/vc\/wp-content\/uploads\/2025\/01\/DSC9426-scaled.jpg\",\"datePublished\":\"2025-01-17T14:29:44+00:00\",\"dateModified\":\"2025-01-17T14:30:00+00:00\",\"author\":{\"@id\":\"https:\/\/dev.antudigital.cl\/sites\/vc\/#\/schema\/person\/c2b9da8dd545e27166fc5ab232837318\"},\"breadcrumb\":{\"@id\":\"https:\/\/dev.antudigital.cl\/sites\/vc\/valparaiso-tridimensional-exposicion-de-obras-textiles-de-cuidadoras-de-pacientes-de-la-teleton-inaugurada-en-parque-cultural-ex-carcel\/#breadcrumb\"},\"inLanguage\":\"es\",\"potentialAction\":[{\"@type\":\"ReadAction\",\"target\":[\"https:\/\/dev.antudigital.cl\/sites\/vc\/valparaiso-tridimensional-exposicion-de-obras-textiles-de-cuidadoras-de-pacientes-de-la-teleton-inaugurada-en-parque-cultural-ex-carcel\/\"]}]},{\"@type\":\"ImageObject\",\"inLanguage\":\"es\",\"@id\":\"https:\/\/dev.antudigital.cl\/sites\/vc\/valparaiso-tridimensional-exposicion-de-obras-textiles-de-cuidadoras-de-pacientes-de-la-teleton-inaugurada-en-parque-cultural-ex-carcel\/#primaryimage\",\"url\":\"https:\/\/dev.antudigital.cl\/sites\/vc\/wp-content\/uploads\/2025\/01\/DSC9426-scaled.jpg\",\"contentUrl\":\"https:\/\/dev.antudigital.cl\/sites\/vc\/wp-content\/uploads\/2025\/01\/DSC9426-scaled.jpg\",\"width\":2560,\"height\":1806},{\"@type\":\"BreadcrumbList\",\"@id\":\"https:\/\/dev.antudigital.cl\/sites\/vc\/valparaiso-tridimensional-exposicion-de-obras-textiles-de-cuidadoras-de-pacientes-de-la-teleton-inaugurada-en-parque-cultural-ex-carcel\/#breadcrumb\",\"itemListElement\":[{\"@type\":\"ListItem\",\"position\":1,\"name\":\"Home\",\"item\":\"https:\/\/dev.antudigital.cl\/sites\/vc\/\"},{\"@type\":\"ListItem\",\"position\":2,\"name\":\"\u201cValpara\u00edso tridimensional\u201d: Exposici\u00f3n de obras textiles de cuidadoras de pacientes de la Telet\u00f3n inaugurada en Parque Cultural-Ex C\u00e1rcel\"}]},{\"@type\":\"WebSite\",\"@id\":\"https:\/\/dev.antudigital.cl\/sites\/vc\/#website\",\"url\":\"https:\/\/dev.antudigital.cl\/sites\/vc\/\",\"name\":\"Valpara\u00ed\u00adso Creativo\",\"description\":\"\",\"potentialAction\":[{\"@type\":\"SearchAction\",\"target\":{\"@type\":\"EntryPoint\",\"urlTemplate\":\"https:\/\/dev.antudigital.cl\/sites\/vc\/?s={search_term_string}\"},\"query-input\":{\"@type\":\"PropertyValueSpecification\",\"valueRequired\":true,\"valueName\":\"search_term_string\"}}],\"inLanguage\":\"es\"},{\"@type\":\"Person\",\"@id\":\"https:\/\/dev.antudigital.cl\/sites\/vc\/#\/schema\/person\/c2b9da8dd545e27166fc5ab232837318\",\"name\":\"Valpara\u00edso Creativo\",\"description\":\"Periodista de cultura en la Regi\u00f3n de Valpara\u00edso.\",\"url\":\"https:\/\/dev.antudigital.cl\/sites\/vc\/author\/valpoadmin\/\"}]}<\/script>\n<!-- \/ Yoast SEO plugin. -->","yoast_head_json":{"title":"\u201cValpara\u00edso tridimensional\u201d: Exposici\u00f3n de obras textiles de cuidadoras de pacientes de la Telet\u00f3n inaugurada en Parque Cultural-Ex C\u00e1rcel - Valpara\u00ed\u00adso Creativo","robots":{"index":"index","follow":"follow","max-snippet":"max-snippet:-1","max-image-preview":"max-image-preview:large","max-video-preview":"max-video-preview:-1"},"canonical":"https:\/\/dev.antudigital.cl\/sites\/vc\/valparaiso-tridimensional-exposicion-de-obras-textiles-de-cuidadoras-de-pacientes-de-la-teleton-inaugurada-en-parque-cultural-ex-carcel\/","og_locale":"es_ES","og_type":"article","og_title":"\u201cValpara\u00edso tridimensional\u201d: Exposici\u00f3n de obras textiles de cuidadoras de pacientes de la Telet\u00f3n inaugurada en Parque Cultural-Ex C\u00e1rcel - Valpara\u00ed\u00adso Creativo","og_description":"En el Parque Cultural de Valpara\u00edso (Ex C\u00e1rcel) se inaugur\u00f3 la exposici\u00f3n gratuita&nbsp;\u201cValpara\u00edso Tridimensional\u201d, que estar\u00e1 abierta hasta el pr\u00f3ximo 28 de enero y que re\u00fane 23 bordados realizados por cuidadoras de pacientes del Instituto Telet\u00f3n de Valpara\u00edso, plasmando su visi\u00f3n de la ciudad puerto desde una perspectiva femenina. El taller textil de la UTAC [&hellip;]","og_url":"https:\/\/dev.antudigital.cl\/sites\/vc\/valparaiso-tridimensional-exposicion-de-obras-textiles-de-cuidadoras-de-pacientes-de-la-teleton-inaugurada-en-parque-cultural-ex-carcel\/","og_site_name":"Valpara\u00ed\u00adso Creativo","article_published_time":"2025-01-17T14:29:44+00:00","article_modified_time":"2025-01-17T14:30:00+00:00","og_image":[{"width":2560,"height":1806,"url":"https:\/\/dev.antudigital.cl\/sites\/vc\/wp-content\/uploads\/2025\/01\/DSC9426-scaled.jpg","type":"image\/jpeg"}],"author":"Valpara\u00edso Creativo","twitter_card":"summary_large_image","twitter_misc":{"Escrito por":"Valpara\u00edso Creativo","Tiempo de lectura":"3 minutos"},"schema":{"@context":"https:\/\/schema.org","@graph":[{"@type":"Article","@id":"https:\/\/dev.antudigital.cl\/sites\/vc\/valparaiso-tridimensional-exposicion-de-obras-textiles-de-cuidadoras-de-pacientes-de-la-teleton-inaugurada-en-parque-cultural-ex-carcel\/#article","isPartOf":{"@id":"https:\/\/dev.antudigital.cl\/sites\/vc\/valparaiso-tridimensional-exposicion-de-obras-textiles-de-cuidadoras-de-pacientes-de-la-teleton-inaugurada-en-parque-cultural-ex-carcel\/"},"author":{"name":"Valpara\u00edso Creativo","@id":"https:\/\/dev.antudigital.cl\/sites\/vc\/#\/schema\/person\/c2b9da8dd545e27166fc5ab232837318"},"headline":"\u201cValpara\u00edso tridimensional\u201d: Exposici\u00f3n de obras textiles de cuidadoras de pacientes de la Telet\u00f3n inaugurada en Parque Cultural-Ex C\u00e1rcel","datePublished":"2025-01-17T14:29:44+00:00","dateModified":"2025-01-17T14:30:00+00:00","mainEntityOfPage":{"@id":"https:\/\/dev.antudigital.cl\/sites\/vc\/valparaiso-tridimensional-exposicion-de-obras-textiles-de-cuidadoras-de-pacientes-de-la-teleton-inaugurada-en-parque-cultural-ex-carcel\/"},"wordCount":640,"image":{"@id":"https:\/\/dev.antudigital.cl\/sites\/vc\/valparaiso-tridimensional-exposicion-de-obras-textiles-de-cuidadoras-de-pacientes-de-la-teleton-inaugurada-en-parque-cultural-ex-carcel\/#primaryimage"},"thumbnailUrl":"https:\/\/dev.antudigital.cl\/sites\/vc\/wp-content\/uploads\/2025\/01\/DSC9426-scaled.jpg","articleSection":["Uncategorized"],"inLanguage":"es"},{"@type":"WebPage","@id":"https:\/\/dev.antudigital.cl\/sites\/vc\/valparaiso-tridimensional-exposicion-de-obras-textiles-de-cuidadoras-de-pacientes-de-la-teleton-inaugurada-en-parque-cultural-ex-carcel\/","url":"https:\/\/dev.antudigital.cl\/sites\/vc\/valparaiso-tridimensional-exposicion-de-obras-textiles-de-cuidadoras-de-pacientes-de-la-teleton-inaugurada-en-parque-cultural-ex-carcel\/","name":"\u201cValpara\u00edso tridimensional\u201d: Exposici\u00f3n de obras textiles de cuidadoras de pacientes de la Telet\u00f3n inaugurada en Parque Cultural-Ex C\u00e1rcel - Valpara\u00ed\u00adso Creativo","isPartOf":{"@id":"https:\/\/dev.antudigital.cl\/sites\/vc\/#website"},"primaryImageOfPage":{"@id":"https:\/\/dev.antudigital.cl\/sites\/vc\/valparaiso-tridimensional-exposicion-de-obras-textiles-de-cuidadoras-de-pacientes-de-la-teleton-inaugurada-en-parque-cultural-ex-carcel\/#primaryimage"},"image":{"@id":"https:\/\/dev.antudigital.cl\/sites\/vc\/valparaiso-tridimensional-exposicion-de-obras-textiles-de-cuidadoras-de-pacientes-de-la-teleton-inaugurada-en-parque-cultural-ex-carcel\/#primaryimage"},"thumbnailUrl":"https:\/\/dev.antudigital.cl\/sites\/vc\/wp-content\/uploads\/2025\/01\/DSC9426-scaled.jpg","datePublished":"2025-01-17T14:29:44+00:00","dateModified":"2025-01-17T14:30:00+00:00","author":{"@id":"https:\/\/dev.antudigital.cl\/sites\/vc\/#\/schema\/person\/c2b9da8dd545e27166fc5ab232837318"},"breadcrumb":{"@id":"https:\/\/dev.antudigital.cl\/sites\/vc\/valparaiso-tridimensional-exposicion-de-obras-textiles-de-cuidadoras-de-pacientes-de-la-teleton-inaugurada-en-parque-cultural-ex-carcel\/#breadcrumb"},"inLanguage":"es","potentialAction":[{"@type":"ReadAction","target":["https:\/\/dev.antudigital.cl\/sites\/vc\/valparaiso-tridimensional-exposicion-de-obras-textiles-de-cuidadoras-de-pacientes-de-la-teleton-inaugurada-en-parque-cultural-ex-carcel\/"]}]},{"@type":"ImageObject","inLanguage":"es","@id":"https:\/\/dev.antudigital.cl\/sites\/vc\/valparaiso-tridimensional-exposicion-de-obras-textiles-de-cuidadoras-de-pacientes-de-la-teleton-inaugurada-en-parque-cultural-ex-carcel\/#primaryimage","url":"https:\/\/dev.antudigital.cl\/sites\/vc\/wp-content\/uploads\/2025\/01\/DSC9426-scaled.jpg","contentUrl":"https:\/\/dev.antudigital.cl\/sites\/vc\/wp-content\/uploads\/2025\/01\/DSC9426-scaled.jpg","width":2560,"height":1806},{"@type":"BreadcrumbList","@id":"https:\/\/dev.antudigital.cl\/sites\/vc\/valparaiso-tridimensional-exposicion-de-obras-textiles-de-cuidadoras-de-pacientes-de-la-teleton-inaugurada-en-parque-cultural-ex-carcel\/#breadcrumb","itemListElement":[{"@type":"ListItem","position":1,"name":"Home","item":"https:\/\/dev.antudigital.cl\/sites\/vc\/"},{"@type":"ListItem","position":2,"name":"\u201cValpara\u00edso tridimensional\u201d: Exposici\u00f3n de obras textiles de cuidadoras de pacientes de la Telet\u00f3n inaugurada en Parque Cultural-Ex C\u00e1rcel"}]},{"@type":"WebSite","@id":"https:\/\/dev.antudigital.cl\/sites\/vc\/#website","url":"https:\/\/dev.antudigital.cl\/sites\/vc\/","name":"Valpara\u00ed\u00adso Creativo","description":"","potentialAction":[{"@type":"SearchAction","target":{"@type":"EntryPoint","urlTemplate":"https:\/\/dev.antudigital.cl\/sites\/vc\/?s={search_term_string}"},"query-input":{"@type":"PropertyValueSpecification","valueRequired":true,"valueName":"search_term_string"}}],"inLanguage":"es"},{"@type":"Person","@id":"https:\/\/dev.antudigital.cl\/sites\/vc\/#\/schema\/person\/c2b9da8dd545e27166fc5ab232837318","name":"Valpara\u00edso Creativo","description":"Periodista de cultura en la Regi\u00f3n de Valpara\u00edso.","url":"https:\/\/dev.antudigital.cl\/sites\/vc\/author\/valpoadmin\/"}]}},"_links":{"self":[{"href":"https:\/\/dev.antudigital.cl\/sites\/vc\/wp-json\/wp\/v2\/posts\/21799","targetHints":{"allow":["GET"]}}],"collection":[{"href":"https:\/\/dev.antudigital.cl\/sites\/vc\/wp-json\/wp\/v2\/posts"}],"about":[{"href":"https:\/\/dev.antudigital.cl\/sites\/vc\/wp-json\/wp\/v2\/types\/post"}],"author":[{"embeddable":true,"href":"https:\/\/dev.antudigital.cl\/sites\/vc\/wp-json\/wp\/v2\/users\/1"}],"replies":[{"embeddable":true,"href":"https:\/\/dev.antudigital.cl\/sites\/vc\/wp-json\/wp\/v2\/comments?post=21799"}],"version-history":[{"count":1,"href":"https:\/\/dev.antudigital.cl\/sites\/vc\/wp-json\/wp\/v2\/posts\/21799\/revisions"}],"predecessor-version":[{"id":21801,"href":"https:\/\/dev.antudigital.cl\/sites\/vc\/wp-json\/wp\/v2\/posts\/21799\/revisions\/21801"}],"wp:featuredmedia":[{"embeddable":true,"href":"https:\/\/dev.antudigital.cl\/sites\/vc\/wp-json\/wp\/v2\/media\/21800"}],"wp:attachment":[{"href":"https:\/\/dev.antudigital.cl\/sites\/vc\/wp-json\/wp\/v2\/media?parent=21799"}],"wp:term":[{"taxonomy":"category","embeddable":true,"href":"https:\/\/dev.antudigital.cl\/sites\/vc\/wp-json\/wp\/v2\/categories?post=21799"},{"taxonomy":"post_tag","embeddable":true,"href":"https:\/\/dev.antudigital.cl\/sites\/vc\/wp-json\/wp\/v2\/tags?post=21799"}],"curies":[{"name":"wp","href":"https:\/\/api.w.org\/{rel}","templated":true}]}}