{"id":21805,"date":"2025-01-17T19:50:31","date_gmt":"2025-01-17T19:50:31","guid":{"rendered":"https:\/\/www.valparaisocreativo.cl\/?p=21805"},"modified":"2025-01-17T19:50:48","modified_gmt":"2025-01-17T19:50:48","slug":"chilecreativo-anuncia-primer-mapeo-tecnocreativo-de-chile","status":"publish","type":"post","link":"https:\/\/dev.antudigital.cl\/sites\/vc\/chilecreativo-anuncia-primer-mapeo-tecnocreativo-de-chile\/","title":{"rendered":"ChileCreativo anuncia Primer Mapeo Tecnocreativo de Chile"},"content":{"rendered":"\n<p>El reciente\u00a0<strong>Congreso del Futuro<\/strong>\u00a0fue el escenario para un hito en la industria creativa chilena: la presentaci\u00f3n del<strong>\u00a0Primer Mapeo Tecnocreativo de Chile.\u00a0<\/strong>Este estudio, liderado por la C\u00e1mara de Empresas Creativas de Chile, el programa\u00a0<strong>Chilecreativo<\/strong>\u00a0de Corfo, y el\u00a0<em><strong>Centro para la Revoluci\u00f3n Tecnol\u00f3gica en Industrias Creativas<\/strong><\/em>\u00a0(<em><strong>CRTIC<\/strong><\/em>) ofrece una visi\u00f3n sin precedentes de un sector en auge que fusiona creatividad y tecnolog\u00eda.<br><a href=\"https:\/\/substackcdn.com\/image\/fetch\/f_auto,q_auto:good,fl_progressive:steep\/https%3A%2F%2Fsubstack-post-media.s3.amazonaws.com%2Fpublic%2Fimages%2F72dec5d1-44e5-4d26-9635-84d8762e86fe_3024x4032.heic\" target=\"_blank\" rel=\"noreferrer noopener\"><\/a><br><strong>a Visi\u00f3n de la Econom\u00eda Creativa:<\/strong><\/p>\n\n\n\n<p>Alejandra Ferrari, directora ejecutiva de la&nbsp;<strong>C\u00e1mara de Empresas Creativas<\/strong>, dio inicio al debate, resaltando que la econom\u00eda creativa es un motor global para el desarrollo econ\u00f3mico y humano.&nbsp;<em>\u00abLas industrias creativas no solo tienen capacidad de crecer como sector, sino la magia de dinamizar a otros sectores,\u00bb<\/em>&nbsp;afirm\u00f3 Ferrari. Subray\u00f3 el momento clave que vive la tecnocreatividad,&nbsp;<em>\u00abHoy estamos en el minuto m\u00e1s m\u00e1gico, desafiante y apasionante de la industria creativa en el mundo,\u00bb<\/em>&nbsp;a\u00f1adiendo que&nbsp;<em>\u00abla tecnocreatividad es la combinaci\u00f3n de tecnolog\u00eda y creatividad para generar soluciones innovadoras y disruptivas.\u00bb<\/em>&nbsp;La econom\u00eda creativa no solo es un sector, sino un impulsor del crecimiento global.<\/p>\n\n\n\n<figure class=\"wp-block-image\"><a href=\"https:\/\/substackcdn.com\/image\/fetch\/f_auto,q_auto:good,fl_progressive:steep\/https%3A%2F%2Fsubstack-post-media.s3.amazonaws.com%2Fpublic%2Fimages%2Fd861cc84-573c-4a69-90e6-73b199d677e7_3024x4032.heic\" target=\"_blank\" rel=\"noreferrer noopener\"><img decoding=\"async\" src=\"https:\/\/substackcdn.com\/image\/fetch\/w_1456,c_limit,f_auto,q_auto:good,fl_progressive:steep\/https%3A%2F%2Fsubstack-post-media.s3.amazonaws.com%2Fpublic%2Fimages%2Fd861cc84-573c-4a69-90e6-73b199d677e7_3024x4032.heic\" alt=\"\"\/><\/a><\/figure>\n\n\n\n<h3 class=\"wp-block-heading\">Resultados del Mapeo: Un llamado a la Acci\u00f3n<\/h3>\n\n\n\n<p>Mauricio Cifuentes, Gerente de Chilecreativo, present\u00f3 los resultados del estudio, destacando su car\u00e1cter in\u00e9dito en Chile.&nbsp;<em>\u00abLos estudios son s\u00faper necesarios, en este caso es un estudio in\u00e9dito en Chile, y es importante que ustedes empiecen a conocer los resultados e interactuar,\u00bb<\/em>&nbsp;enfatiz\u00f3 Cifuentes. Resalt\u00f3 el potencial de la industria creativa en Chile, compuesta por 45,000 empresas que generan 150,000 empleos y un 2% del PIB, una&nbsp;<em>\u00abindustria del sentido y de futuro\u00bb<\/em>.&nbsp;<em>\u00abLa industria creativa es la que genera sentido y es una industria de futuro\u00bb<\/em>, a\u00f1adi\u00f3. Se hizo un llamado a utilizar los datos para la toma de decisiones informadas.<\/p>\n\n\n\n<h3 class=\"wp-block-heading\">Brechas, Drivers y Tendencias: La Mirada de CRTIC<\/h3>\n\n\n\n<p>Pablo Christiny, Jefe de Formaci\u00f3n del Centro para la Revoluci\u00f3n Tecnol\u00f3gica de Industrias Creativas (CRTIC), profundiz\u00f3 en las brechas y desaf\u00edos del sector.&nbsp;<em>\u00abUno de los temas que a nosotros nos compete es justamente acortar las brechas,\u00bb<\/em>&nbsp;dijo, identificando el financiamiento como un obst\u00e1culo clave:&nbsp;<em>\u00abFinanciamiento aparece como una de las grandes brechas hoy en el ecosistema.\u00bb&nbsp;<\/em>Tambi\u00e9n subray\u00f3 la importancia del acceso a las&nbsp;<em>\u00abtecnolog\u00edas de vanguardia\u00bb.<\/em>&nbsp;Sin embargo, destac\u00f3 drivers como la colaboraci\u00f3n y el trabajo interdisciplinario.&nbsp;<em>\u00abUno de los elementos fundamentales que destacan todos es la colaboraci\u00f3n y el trabajo interdisciplinario,\u00bb<\/em>&nbsp;afirm\u00f3. En cuanto a las tendencias, destac\u00f3 el rol de la inteligencia artificial y la realidad extendida.&nbsp;<em>\u00abLo que m\u00e1s destaca es justamente la inteligencia artificial, que probablemente va a ser un elemento importante en casi todas las acciones que realicemos\u00bb.&nbsp;<\/em>Christiny concluy\u00f3 con una visi\u00f3n optimista: \u00abExiste una visi\u00f3n optimista de que vamos a tener un futuro positivo en este sector,\u00bb<\/p>\n\n\n\n<figure class=\"wp-block-image\"><a href=\"https:\/\/substackcdn.com\/image\/fetch\/f_auto,q_auto:good,fl_progressive:steep\/https%3A%2F%2Fsubstack-post-media.s3.amazonaws.com%2Fpublic%2Fimages%2F6e7c5079-2fe2-438b-9b3e-018f788dae7c_4032x3024.heic\" target=\"_blank\" rel=\"noreferrer noopener\"><img decoding=\"async\" src=\"https:\/\/substackcdn.com\/image\/fetch\/w_1456,c_limit,f_auto,q_auto:good,fl_progressive:steep\/https%3A%2F%2Fsubstack-post-media.s3.amazonaws.com%2Fpublic%2Fimages%2F6e7c5079-2fe2-438b-9b3e-018f788dae7c_4032x3024.heic\" alt=\"\"\/><\/a><\/figure>\n\n\n\n<h3 class=\"wp-block-heading\">Desaf\u00edos y Oportunidades en la Exportaci\u00f3n:<\/h3>\n\n\n\n<p>El evento culmin\u00f3 con un espacio de preguntas y respuestas. Entre los participantes, un representante de la Subsecretar\u00eda de Relaciones Econ\u00f3micas Internacionales (SUBREI) destac\u00f3 el alto potencial exportador del sector.&nbsp;<em>\u00abPr\u00e1cticamente el 50% de la oferta es exportable, a pesar de que son montos econ\u00f3micamente irrelevantes,\u00bb<\/em>&nbsp;plante\u00f3 el representante, invitando a fortalecer la relaci\u00f3n entre Chilecreativo de Corfo e InvestChile. Tambi\u00e9n pregunt\u00f3:&nbsp;<em>\u00abSi existe alg\u00fan incentivo a la declaraci\u00f3n o a la formalizaci\u00f3n del servicio que se presta.\u00bb<\/em>&nbsp;Cifuentes reconoci\u00f3 la necesidad de fortalecer relaciones con InvestChile y buscar oportunidades de inversi\u00f3n.&nbsp;<em>\u00abEntiendo que no hay una relaci\u00f3n continua con InvestChile, si se han generado algunos acercamientos,\u00bb<\/em>&nbsp;explic\u00f3. Christiny a\u00f1adi\u00f3 que se est\u00e1n creando relaciones con Corea del Sur para impulsar la econom\u00eda creativa<em>. \u00abEstamos tratando de generar relaciones internacionales, de hecho la SUBREI nos ha facilitado bastante ese trabajo sobre todo con organismos Surcoreanos.\u00bb<\/em>&nbsp;Ferrari enfatiz\u00f3 la falta de incentivos para la formalizaci\u00f3n de la exportaci\u00f3n de servicios.&nbsp;<em>\u00abEn empresas m\u00e1s medianas, incluso un poquito m\u00e1s grandes, hay cero incentivo por formalizar o por buscar instancias de formalizaci\u00f3n en la exportaci\u00f3n de servicios.\u00bb<\/em><\/p>\n\n\n\n<figure class=\"wp-block-image\"><a href=\"https:\/\/substackcdn.com\/image\/fetch\/f_auto,q_auto:good,fl_progressive:steep\/https%3A%2F%2Fsubstack-post-media.s3.amazonaws.com%2Fpublic%2Fimages%2Ff69f7f68-eec9-4792-bfdb-43767d890292_4032x3024.heic\" target=\"_blank\" rel=\"noreferrer noopener\"><img decoding=\"async\" src=\"https:\/\/substackcdn.com\/image\/fetch\/w_1456,c_limit,f_auto,q_auto:good,fl_progressive:steep\/https%3A%2F%2Fsubstack-post-media.s3.amazonaws.com%2Fpublic%2Fimages%2Ff69f7f68-eec9-4792-bfdb-43767d890292_4032x3024.heic\" alt=\"\"\/><\/a><\/figure>\n\n\n\n<p>El Primer Mapeo Tecnocreativo de Chile se presenta como una herramienta fundamental para comprender y potenciar este sector. El estudio revela que, aunque existen desaf\u00edos, tambi\u00e9n hay un enorme potencial de crecimiento. La actualizaci\u00f3n continua de este mapeo ser\u00e1 clave para seguir el pulso de la evoluci\u00f3n de la tecnocreatividad en Chile. Se requiere un esfuerzo colaborativo entre el sector p\u00fablico y privado para capitalizar las oportunidades que ofrece esta industria del futuro.<\/p>\n","protected":false},"excerpt":{"rendered":"<p>El reciente\u00a0Congreso del Futuro\u00a0fue el escenario para un hito en la industria creativa chilena: la presentaci\u00f3n del\u00a0Primer Mapeo Tecnocreativo de Chile.\u00a0Este estudio, liderado por la C\u00e1mara de Empresas Creativas de Chile, el programa\u00a0Chilecreativo\u00a0de Corfo, y el\u00a0Centro para la Revoluci\u00f3n Tecnol\u00f3gica en Industrias Creativas\u00a0(CRTIC) ofrece una visi\u00f3n sin precedentes de un sector en auge que fusiona [&hellip;]<\/p>\n","protected":false},"author":1,"featured_media":21807,"comment_status":"closed","ping_status":"closed","sticky":false,"template":"","format":"standard","meta":{"_acf_changed":false,"footnotes":""},"categories":[8],"tags":[],"class_list":["post-21805","post","type-post","status-publish","format-standard","has-post-thumbnail","hentry","category-noticia"],"acf":[],"yoast_head":"<!-- This site is optimized with the Yoast SEO plugin v27.1.1 - https:\/\/yoast.com\/product\/yoast-seo-wordpress\/ -->\n<title>ChileCreativo anuncia Primer Mapeo Tecnocreativo de Chile - Valpara\u00ed\u00adso Creativo<\/title>\n<meta name=\"robots\" content=\"index, follow, max-snippet:-1, max-image-preview:large, max-video-preview:-1\" \/>\n<link rel=\"canonical\" href=\"https:\/\/dev.antudigital.cl\/sites\/vc\/chilecreativo-anuncia-primer-mapeo-tecnocreativo-de-chile\/\" \/>\n<meta property=\"og:locale\" content=\"es_ES\" \/>\n<meta property=\"og:type\" content=\"article\" \/>\n<meta property=\"og:title\" content=\"ChileCreativo anuncia Primer Mapeo Tecnocreativo de Chile - Valpara\u00ed\u00adso Creativo\" \/>\n<meta property=\"og:description\" content=\"El reciente\u00a0Congreso del Futuro\u00a0fue el escenario para un hito en la industria creativa chilena: la presentaci\u00f3n del\u00a0Primer Mapeo Tecnocreativo de Chile.\u00a0Este estudio, liderado por la C\u00e1mara de Empresas Creativas de Chile, el programa\u00a0Chilecreativo\u00a0de Corfo, y el\u00a0Centro para la Revoluci\u00f3n Tecnol\u00f3gica en Industrias Creativas\u00a0(CRTIC) ofrece una visi\u00f3n sin precedentes de un sector en auge que fusiona [&hellip;]\" \/>\n<meta property=\"og:url\" content=\"https:\/\/dev.antudigital.cl\/sites\/vc\/chilecreativo-anuncia-primer-mapeo-tecnocreativo-de-chile\/\" \/>\n<meta property=\"og:site_name\" content=\"Valpara\u00ed\u00adso Creativo\" \/>\n<meta property=\"article:published_time\" content=\"2025-01-17T19:50:31+00:00\" \/>\n<meta property=\"article:modified_time\" content=\"2025-01-17T19:50:48+00:00\" \/>\n<meta property=\"og:image\" content=\"https:\/\/dev.antudigital.cl\/sites\/vc\/wp-content\/uploads\/2025\/01\/Captura-de-Pantalla-2025-01-17-a-las-16.49.21.png\" \/>\n\t<meta property=\"og:image:width\" content=\"698\" \/>\n\t<meta property=\"og:image:height\" content=\"303\" \/>\n\t<meta property=\"og:image:type\" content=\"image\/png\" \/>\n<meta name=\"author\" content=\"Valpara\u00edso Creativo\" \/>\n<meta name=\"twitter:card\" content=\"summary_large_image\" \/>\n<meta name=\"twitter:label1\" content=\"Escrito por\" \/>\n\t<meta name=\"twitter:data1\" content=\"Valpara\u00edso Creativo\" \/>\n\t<meta name=\"twitter:label2\" content=\"Tiempo de lectura\" \/>\n\t<meta name=\"twitter:data2\" content=\"5 minutos\" \/>\n<script type=\"application\/ld+json\" class=\"yoast-schema-graph\">{\"@context\":\"https:\/\/schema.org\",\"@graph\":[{\"@type\":\"Article\",\"@id\":\"https:\/\/dev.antudigital.cl\/sites\/vc\/chilecreativo-anuncia-primer-mapeo-tecnocreativo-de-chile\/#article\",\"isPartOf\":{\"@id\":\"https:\/\/dev.antudigital.cl\/sites\/vc\/chilecreativo-anuncia-primer-mapeo-tecnocreativo-de-chile\/\"},\"author\":{\"name\":\"Valpara\u00edso Creativo\",\"@id\":\"https:\/\/dev.antudigital.cl\/sites\/vc\/#\/schema\/person\/c2b9da8dd545e27166fc5ab232837318\"},\"headline\":\"ChileCreativo anuncia Primer Mapeo Tecnocreativo de Chile\",\"datePublished\":\"2025-01-17T19:50:31+00:00\",\"dateModified\":\"2025-01-17T19:50:48+00:00\",\"mainEntityOfPage\":{\"@id\":\"https:\/\/dev.antudigital.cl\/sites\/vc\/chilecreativo-anuncia-primer-mapeo-tecnocreativo-de-chile\/\"},\"wordCount\":809,\"image\":{\"@id\":\"https:\/\/dev.antudigital.cl\/sites\/vc\/chilecreativo-anuncia-primer-mapeo-tecnocreativo-de-chile\/#primaryimage\"},\"thumbnailUrl\":\"https:\/\/dev.antudigital.cl\/sites\/vc\/wp-content\/uploads\/2025\/01\/Captura-de-Pantalla-2025-01-17-a-las-16.49.21.png\",\"articleSection\":[\"Noticia\"],\"inLanguage\":\"es\"},{\"@type\":\"WebPage\",\"@id\":\"https:\/\/dev.antudigital.cl\/sites\/vc\/chilecreativo-anuncia-primer-mapeo-tecnocreativo-de-chile\/\",\"url\":\"https:\/\/dev.antudigital.cl\/sites\/vc\/chilecreativo-anuncia-primer-mapeo-tecnocreativo-de-chile\/\",\"name\":\"ChileCreativo anuncia Primer Mapeo Tecnocreativo de Chile - Valpara\u00ed\u00adso Creativo\",\"isPartOf\":{\"@id\":\"https:\/\/dev.antudigital.cl\/sites\/vc\/#website\"},\"primaryImageOfPage\":{\"@id\":\"https:\/\/dev.antudigital.cl\/sites\/vc\/chilecreativo-anuncia-primer-mapeo-tecnocreativo-de-chile\/#primaryimage\"},\"image\":{\"@id\":\"https:\/\/dev.antudigital.cl\/sites\/vc\/chilecreativo-anuncia-primer-mapeo-tecnocreativo-de-chile\/#primaryimage\"},\"thumbnailUrl\":\"https:\/\/dev.antudigital.cl\/sites\/vc\/wp-content\/uploads\/2025\/01\/Captura-de-Pantalla-2025-01-17-a-las-16.49.21.png\",\"datePublished\":\"2025-01-17T19:50:31+00:00\",\"dateModified\":\"2025-01-17T19:50:48+00:00\",\"author\":{\"@id\":\"https:\/\/dev.antudigital.cl\/sites\/vc\/#\/schema\/person\/c2b9da8dd545e27166fc5ab232837318\"},\"breadcrumb\":{\"@id\":\"https:\/\/dev.antudigital.cl\/sites\/vc\/chilecreativo-anuncia-primer-mapeo-tecnocreativo-de-chile\/#breadcrumb\"},\"inLanguage\":\"es\",\"potentialAction\":[{\"@type\":\"ReadAction\",\"target\":[\"https:\/\/dev.antudigital.cl\/sites\/vc\/chilecreativo-anuncia-primer-mapeo-tecnocreativo-de-chile\/\"]}]},{\"@type\":\"ImageObject\",\"inLanguage\":\"es\",\"@id\":\"https:\/\/dev.antudigital.cl\/sites\/vc\/chilecreativo-anuncia-primer-mapeo-tecnocreativo-de-chile\/#primaryimage\",\"url\":\"https:\/\/dev.antudigital.cl\/sites\/vc\/wp-content\/uploads\/2025\/01\/Captura-de-Pantalla-2025-01-17-a-las-16.49.21.png\",\"contentUrl\":\"https:\/\/dev.antudigital.cl\/sites\/vc\/wp-content\/uploads\/2025\/01\/Captura-de-Pantalla-2025-01-17-a-las-16.49.21.png\",\"width\":698,\"height\":303},{\"@type\":\"BreadcrumbList\",\"@id\":\"https:\/\/dev.antudigital.cl\/sites\/vc\/chilecreativo-anuncia-primer-mapeo-tecnocreativo-de-chile\/#breadcrumb\",\"itemListElement\":[{\"@type\":\"ListItem\",\"position\":1,\"name\":\"Home\",\"item\":\"https:\/\/dev.antudigital.cl\/sites\/vc\/\"},{\"@type\":\"ListItem\",\"position\":2,\"name\":\"ChileCreativo anuncia Primer Mapeo Tecnocreativo de Chile\"}]},{\"@type\":\"WebSite\",\"@id\":\"https:\/\/dev.antudigital.cl\/sites\/vc\/#website\",\"url\":\"https:\/\/dev.antudigital.cl\/sites\/vc\/\",\"name\":\"Valpara\u00ed\u00adso Creativo\",\"description\":\"\",\"potentialAction\":[{\"@type\":\"SearchAction\",\"target\":{\"@type\":\"EntryPoint\",\"urlTemplate\":\"https:\/\/dev.antudigital.cl\/sites\/vc\/?s={search_term_string}\"},\"query-input\":{\"@type\":\"PropertyValueSpecification\",\"valueRequired\":true,\"valueName\":\"search_term_string\"}}],\"inLanguage\":\"es\"},{\"@type\":\"Person\",\"@id\":\"https:\/\/dev.antudigital.cl\/sites\/vc\/#\/schema\/person\/c2b9da8dd545e27166fc5ab232837318\",\"name\":\"Valpara\u00edso Creativo\",\"description\":\"Periodista de cultura en la Regi\u00f3n de Valpara\u00edso.\",\"url\":\"https:\/\/dev.antudigital.cl\/sites\/vc\/author\/valpoadmin\/\"}]}<\/script>\n<!-- \/ Yoast SEO plugin. -->","yoast_head_json":{"title":"ChileCreativo anuncia Primer Mapeo Tecnocreativo de Chile - Valpara\u00ed\u00adso Creativo","robots":{"index":"index","follow":"follow","max-snippet":"max-snippet:-1","max-image-preview":"max-image-preview:large","max-video-preview":"max-video-preview:-1"},"canonical":"https:\/\/dev.antudigital.cl\/sites\/vc\/chilecreativo-anuncia-primer-mapeo-tecnocreativo-de-chile\/","og_locale":"es_ES","og_type":"article","og_title":"ChileCreativo anuncia Primer Mapeo Tecnocreativo de Chile - Valpara\u00ed\u00adso Creativo","og_description":"El reciente\u00a0Congreso del Futuro\u00a0fue el escenario para un hito en la industria creativa chilena: la presentaci\u00f3n del\u00a0Primer Mapeo Tecnocreativo de Chile.\u00a0Este estudio, liderado por la C\u00e1mara de Empresas Creativas de Chile, el programa\u00a0Chilecreativo\u00a0de Corfo, y el\u00a0Centro para la Revoluci\u00f3n Tecnol\u00f3gica en Industrias Creativas\u00a0(CRTIC) ofrece una visi\u00f3n sin precedentes de un sector en auge que fusiona [&hellip;]","og_url":"https:\/\/dev.antudigital.cl\/sites\/vc\/chilecreativo-anuncia-primer-mapeo-tecnocreativo-de-chile\/","og_site_name":"Valpara\u00ed\u00adso Creativo","article_published_time":"2025-01-17T19:50:31+00:00","article_modified_time":"2025-01-17T19:50:48+00:00","og_image":[{"width":698,"height":303,"url":"https:\/\/dev.antudigital.cl\/sites\/vc\/wp-content\/uploads\/2025\/01\/Captura-de-Pantalla-2025-01-17-a-las-16.49.21.png","type":"image\/png"}],"author":"Valpara\u00edso Creativo","twitter_card":"summary_large_image","twitter_misc":{"Escrito por":"Valpara\u00edso Creativo","Tiempo de lectura":"5 minutos"},"schema":{"@context":"https:\/\/schema.org","@graph":[{"@type":"Article","@id":"https:\/\/dev.antudigital.cl\/sites\/vc\/chilecreativo-anuncia-primer-mapeo-tecnocreativo-de-chile\/#article","isPartOf":{"@id":"https:\/\/dev.antudigital.cl\/sites\/vc\/chilecreativo-anuncia-primer-mapeo-tecnocreativo-de-chile\/"},"author":{"name":"Valpara\u00edso Creativo","@id":"https:\/\/dev.antudigital.cl\/sites\/vc\/#\/schema\/person\/c2b9da8dd545e27166fc5ab232837318"},"headline":"ChileCreativo anuncia Primer Mapeo Tecnocreativo de Chile","datePublished":"2025-01-17T19:50:31+00:00","dateModified":"2025-01-17T19:50:48+00:00","mainEntityOfPage":{"@id":"https:\/\/dev.antudigital.cl\/sites\/vc\/chilecreativo-anuncia-primer-mapeo-tecnocreativo-de-chile\/"},"wordCount":809,"image":{"@id":"https:\/\/dev.antudigital.cl\/sites\/vc\/chilecreativo-anuncia-primer-mapeo-tecnocreativo-de-chile\/#primaryimage"},"thumbnailUrl":"https:\/\/dev.antudigital.cl\/sites\/vc\/wp-content\/uploads\/2025\/01\/Captura-de-Pantalla-2025-01-17-a-las-16.49.21.png","articleSection":["Noticia"],"inLanguage":"es"},{"@type":"WebPage","@id":"https:\/\/dev.antudigital.cl\/sites\/vc\/chilecreativo-anuncia-primer-mapeo-tecnocreativo-de-chile\/","url":"https:\/\/dev.antudigital.cl\/sites\/vc\/chilecreativo-anuncia-primer-mapeo-tecnocreativo-de-chile\/","name":"ChileCreativo anuncia Primer Mapeo Tecnocreativo de Chile - Valpara\u00ed\u00adso Creativo","isPartOf":{"@id":"https:\/\/dev.antudigital.cl\/sites\/vc\/#website"},"primaryImageOfPage":{"@id":"https:\/\/dev.antudigital.cl\/sites\/vc\/chilecreativo-anuncia-primer-mapeo-tecnocreativo-de-chile\/#primaryimage"},"image":{"@id":"https:\/\/dev.antudigital.cl\/sites\/vc\/chilecreativo-anuncia-primer-mapeo-tecnocreativo-de-chile\/#primaryimage"},"thumbnailUrl":"https:\/\/dev.antudigital.cl\/sites\/vc\/wp-content\/uploads\/2025\/01\/Captura-de-Pantalla-2025-01-17-a-las-16.49.21.png","datePublished":"2025-01-17T19:50:31+00:00","dateModified":"2025-01-17T19:50:48+00:00","author":{"@id":"https:\/\/dev.antudigital.cl\/sites\/vc\/#\/schema\/person\/c2b9da8dd545e27166fc5ab232837318"},"breadcrumb":{"@id":"https:\/\/dev.antudigital.cl\/sites\/vc\/chilecreativo-anuncia-primer-mapeo-tecnocreativo-de-chile\/#breadcrumb"},"inLanguage":"es","potentialAction":[{"@type":"ReadAction","target":["https:\/\/dev.antudigital.cl\/sites\/vc\/chilecreativo-anuncia-primer-mapeo-tecnocreativo-de-chile\/"]}]},{"@type":"ImageObject","inLanguage":"es","@id":"https:\/\/dev.antudigital.cl\/sites\/vc\/chilecreativo-anuncia-primer-mapeo-tecnocreativo-de-chile\/#primaryimage","url":"https:\/\/dev.antudigital.cl\/sites\/vc\/wp-content\/uploads\/2025\/01\/Captura-de-Pantalla-2025-01-17-a-las-16.49.21.png","contentUrl":"https:\/\/dev.antudigital.cl\/sites\/vc\/wp-content\/uploads\/2025\/01\/Captura-de-Pantalla-2025-01-17-a-las-16.49.21.png","width":698,"height":303},{"@type":"BreadcrumbList","@id":"https:\/\/dev.antudigital.cl\/sites\/vc\/chilecreativo-anuncia-primer-mapeo-tecnocreativo-de-chile\/#breadcrumb","itemListElement":[{"@type":"ListItem","position":1,"name":"Home","item":"https:\/\/dev.antudigital.cl\/sites\/vc\/"},{"@type":"ListItem","position":2,"name":"ChileCreativo anuncia Primer Mapeo Tecnocreativo de Chile"}]},{"@type":"WebSite","@id":"https:\/\/dev.antudigital.cl\/sites\/vc\/#website","url":"https:\/\/dev.antudigital.cl\/sites\/vc\/","name":"Valpara\u00ed\u00adso Creativo","description":"","potentialAction":[{"@type":"SearchAction","target":{"@type":"EntryPoint","urlTemplate":"https:\/\/dev.antudigital.cl\/sites\/vc\/?s={search_term_string}"},"query-input":{"@type":"PropertyValueSpecification","valueRequired":true,"valueName":"search_term_string"}}],"inLanguage":"es"},{"@type":"Person","@id":"https:\/\/dev.antudigital.cl\/sites\/vc\/#\/schema\/person\/c2b9da8dd545e27166fc5ab232837318","name":"Valpara\u00edso Creativo","description":"Periodista de cultura en la Regi\u00f3n de Valpara\u00edso.","url":"https:\/\/dev.antudigital.cl\/sites\/vc\/author\/valpoadmin\/"}]}},"_links":{"self":[{"href":"https:\/\/dev.antudigital.cl\/sites\/vc\/wp-json\/wp\/v2\/posts\/21805","targetHints":{"allow":["GET"]}}],"collection":[{"href":"https:\/\/dev.antudigital.cl\/sites\/vc\/wp-json\/wp\/v2\/posts"}],"about":[{"href":"https:\/\/dev.antudigital.cl\/sites\/vc\/wp-json\/wp\/v2\/types\/post"}],"author":[{"embeddable":true,"href":"https:\/\/dev.antudigital.cl\/sites\/vc\/wp-json\/wp\/v2\/users\/1"}],"replies":[{"embeddable":true,"href":"https:\/\/dev.antudigital.cl\/sites\/vc\/wp-json\/wp\/v2\/comments?post=21805"}],"version-history":[{"count":1,"href":"https:\/\/dev.antudigital.cl\/sites\/vc\/wp-json\/wp\/v2\/posts\/21805\/revisions"}],"predecessor-version":[{"id":21808,"href":"https:\/\/dev.antudigital.cl\/sites\/vc\/wp-json\/wp\/v2\/posts\/21805\/revisions\/21808"}],"wp:featuredmedia":[{"embeddable":true,"href":"https:\/\/dev.antudigital.cl\/sites\/vc\/wp-json\/wp\/v2\/media\/21807"}],"wp:attachment":[{"href":"https:\/\/dev.antudigital.cl\/sites\/vc\/wp-json\/wp\/v2\/media?parent=21805"}],"wp:term":[{"taxonomy":"category","embeddable":true,"href":"https:\/\/dev.antudigital.cl\/sites\/vc\/wp-json\/wp\/v2\/categories?post=21805"},{"taxonomy":"post_tag","embeddable":true,"href":"https:\/\/dev.antudigital.cl\/sites\/vc\/wp-json\/wp\/v2\/tags?post=21805"}],"curies":[{"name":"wp","href":"https:\/\/api.w.org\/{rel}","templated":true}]}}