{"id":21810,"date":"2025-01-17T21:52:55","date_gmt":"2025-01-17T21:52:55","guid":{"rendered":"https:\/\/www.valparaisocreativo.cl\/?p=21810"},"modified":"2025-01-17T21:53:12","modified_gmt":"2025-01-17T21:53:12","slug":"sumate-al-taller-de-cocina-koreana-de-fundacion-lumbre","status":"publish","type":"post","link":"https:\/\/dev.antudigital.cl\/sites\/vc\/sumate-al-taller-de-cocina-koreana-de-fundacion-lumbre\/","title":{"rendered":"S\u00famate al taller de cocina koreana de Fundaci\u00f3n Lumbre"},"content":{"rendered":"\n<p>\u00a1Les invitamos a participar en el taller de cocina coreana que impartir\u00e1 Se-rok Park en Lumbre! &#x1f35a;<\/p>\n\n\n\n<p>En el taller vamos a cocinar exquisitas recetas del estilo de templo budistas coreanas, que consisten en un set de Banchans (acompa\u00f1amientos), sopa de Miso (Doenjang Kuk) y \u201carroz de 5 granos\u201d (Ogok- Bap). Las recetas, inspiradas en la chef y monja budista Wookwan, se destacan por su simpleza, siendo a la vez muy sabrosas y saludables.<br>Trabajaremos con algunos ingredientes claves coreanos para dar el sabor \u00fanico tales como el miso (Doenjang), pero con las recetas adaptadas para utilizar lo m\u00e1s posible ingredientes de la zona.<br>\u00a1Despu\u00e9s compartiremos las delicias!<\/p>\n\n\n\n<p>Imparte Se-Rok Park : coreana- alemana, radicada en Chile, V.Regi\u00f3n, desde 2012. Aprend\u00ed cocinar con mi abuela y mi mama coreanas. He cocinado entre 2012- 2019 para talleres y retiros (de movimiento, teatro y meditaci\u00f3n) con un enfoque en la cocina macrobi\u00f3tica, los 5 elementos y coreana budista. En los \u00faltimos viajes a Corea del Sul, mi tierra materna, he tomado cursos de cocina coreana budista. Tambi\u00e9n soy gu\u00eda de Qigong\/ Meditaci\u00f3n.<\/p>\n\n\n\n<p>&#x1f539;FECHA: Viernes 24 de Enero<\/p>\n\n\n\n<p>&#x1f539;HORARIO: De 10:30 a 14:00 hrs.<\/p>\n\n\n\n<p>&#x1f539;APORTE: $26.000 ((incluye materiales, almuerzo y paquetito de esenciales coreanos para casa)<br>S\u00f3lo se les pedir\u00e1 a los participantes:<br>-un cuchillo<br>-tabla para cortar<br>-delantal si lo necesitan<\/p>\n\n\n\n<p>&#x1f539;INSCRIPCIONES:<br>A trav\u00e9s del formulario disponible en el siguiente link: https:\/\/forms.gle\/MN7kW8uUatXrWfwJ7<br>O al mail: fundacionlumbre@gmail.com<br>\u00b156 9 63473517<\/p>\n\n\n\n<p>\u00a1Les esperamos! &#x1f917;<\/p>\n\n\n\n<figure class=\"wp-block-image size-large\"><img fetchpriority=\"high\" decoding=\"async\" width=\"1024\" height=\"1024\" src=\"https:\/\/www.valparaisocreativo.cl\/wp-content\/uploads\/2025\/01\/WhatsApp-Image-2025-01-17-at-5.01.42-PM-1024x1024.jpeg\" alt=\"\" class=\"wp-image-21812\" srcset=\"https:\/\/dev.antudigital.cl\/sites\/vc\/wp-content\/uploads\/2025\/01\/WhatsApp-Image-2025-01-17-at-5.01.42-PM-1024x1024.jpeg 1024w, https:\/\/dev.antudigital.cl\/sites\/vc\/wp-content\/uploads\/2025\/01\/WhatsApp-Image-2025-01-17-at-5.01.42-PM-300x300.jpeg 300w, https:\/\/dev.antudigital.cl\/sites\/vc\/wp-content\/uploads\/2025\/01\/WhatsApp-Image-2025-01-17-at-5.01.42-PM-150x150.jpeg 150w, https:\/\/dev.antudigital.cl\/sites\/vc\/wp-content\/uploads\/2025\/01\/WhatsApp-Image-2025-01-17-at-5.01.42-PM-768x768.jpeg 768w, https:\/\/dev.antudigital.cl\/sites\/vc\/wp-content\/uploads\/2025\/01\/WhatsApp-Image-2025-01-17-at-5.01.42-PM-1536x1536.jpeg 1536w, https:\/\/dev.antudigital.cl\/sites\/vc\/wp-content\/uploads\/2025\/01\/WhatsApp-Image-2025-01-17-at-5.01.42-PM-1080x1080.jpeg 1080w, https:\/\/dev.antudigital.cl\/sites\/vc\/wp-content\/uploads\/2025\/01\/WhatsApp-Image-2025-01-17-at-5.01.42-PM-1280x1280.jpeg 1280w, https:\/\/dev.antudigital.cl\/sites\/vc\/wp-content\/uploads\/2025\/01\/WhatsApp-Image-2025-01-17-at-5.01.42-PM-980x980.jpeg 980w, https:\/\/dev.antudigital.cl\/sites\/vc\/wp-content\/uploads\/2025\/01\/WhatsApp-Image-2025-01-17-at-5.01.42-PM-480x480.jpeg 480w, https:\/\/dev.antudigital.cl\/sites\/vc\/wp-content\/uploads\/2025\/01\/WhatsApp-Image-2025-01-17-at-5.01.42-PM-24x24.jpeg 24w, https:\/\/dev.antudigital.cl\/sites\/vc\/wp-content\/uploads\/2025\/01\/WhatsApp-Image-2025-01-17-at-5.01.42-PM-36x36.jpeg 36w, https:\/\/dev.antudigital.cl\/sites\/vc\/wp-content\/uploads\/2025\/01\/WhatsApp-Image-2025-01-17-at-5.01.42-PM-48x48.jpeg 48w, https:\/\/dev.antudigital.cl\/sites\/vc\/wp-content\/uploads\/2025\/01\/WhatsApp-Image-2025-01-17-at-5.01.42-PM.jpeg 1600w\" sizes=\"(max-width: 1024px) 100vw, 1024px\" \/><\/figure>\n","protected":false},"excerpt":{"rendered":"<p>\u00a1Les invitamos a participar en el taller de cocina coreana que impartir\u00e1 Se-rok Park en Lumbre! &#x1f35a; En el taller vamos a cocinar exquisitas recetas del estilo de templo budistas coreanas, que consisten en un set de Banchans (acompa\u00f1amientos), sopa de Miso (Doenjang Kuk) y \u201carroz de 5 granos\u201d (Ogok- Bap). Las recetas, inspiradas en [&hellip;]<\/p>\n","protected":false},"author":1,"featured_media":21811,"comment_status":"closed","ping_status":"closed","sticky":false,"template":"","format":"standard","meta":{"_acf_changed":false,"footnotes":""},"categories":[8],"tags":[],"class_list":["post-21810","post","type-post","status-publish","format-standard","has-post-thumbnail","hentry","category-noticia"],"acf":[],"yoast_head":"<!-- This site is optimized with the Yoast SEO plugin v27.1.1 - https:\/\/yoast.com\/product\/yoast-seo-wordpress\/ -->\n<title>S\u00famate al taller de cocina koreana de Fundaci\u00f3n Lumbre - Valpara\u00ed\u00adso Creativo<\/title>\n<meta name=\"robots\" content=\"index, follow, max-snippet:-1, max-image-preview:large, max-video-preview:-1\" \/>\n<link rel=\"canonical\" href=\"https:\/\/dev.antudigital.cl\/sites\/vc\/sumate-al-taller-de-cocina-koreana-de-fundacion-lumbre\/\" \/>\n<meta property=\"og:locale\" content=\"es_ES\" \/>\n<meta property=\"og:type\" content=\"article\" \/>\n<meta property=\"og:title\" content=\"S\u00famate al taller de cocina koreana de Fundaci\u00f3n Lumbre - Valpara\u00ed\u00adso Creativo\" \/>\n<meta property=\"og:description\" content=\"\u00a1Les invitamos a participar en el taller de cocina coreana que impartir\u00e1 Se-rok Park en Lumbre! &#x1f35a; En el taller vamos a cocinar exquisitas recetas del estilo de templo budistas coreanas, que consisten en un set de Banchans (acompa\u00f1amientos), sopa de Miso (Doenjang Kuk) y \u201carroz de 5 granos\u201d (Ogok- Bap). Las recetas, inspiradas en [&hellip;]\" \/>\n<meta property=\"og:url\" content=\"https:\/\/dev.antudigital.cl\/sites\/vc\/sumate-al-taller-de-cocina-koreana-de-fundacion-lumbre\/\" \/>\n<meta property=\"og:site_name\" content=\"Valpara\u00ed\u00adso Creativo\" \/>\n<meta property=\"article:published_time\" content=\"2025-01-17T21:52:55+00:00\" \/>\n<meta property=\"article:modified_time\" content=\"2025-01-17T21:53:12+00:00\" \/>\n<meta property=\"og:image\" content=\"https:\/\/dev.antudigital.cl\/sites\/vc\/wp-content\/uploads\/2025\/01\/Fundacion_Lumbre_de_Limache-54d26c3c.jpeg\" \/>\n\t<meta property=\"og:image:width\" content=\"500\" \/>\n\t<meta property=\"og:image:height\" content=\"300\" \/>\n\t<meta property=\"og:image:type\" content=\"image\/jpeg\" \/>\n<meta name=\"author\" content=\"Valpara\u00edso Creativo\" \/>\n<meta name=\"twitter:card\" content=\"summary_large_image\" \/>\n<meta name=\"twitter:label1\" content=\"Escrito por\" \/>\n\t<meta name=\"twitter:data1\" content=\"Valpara\u00edso Creativo\" \/>\n\t<meta name=\"twitter:label2\" content=\"Tiempo de lectura\" \/>\n\t<meta name=\"twitter:data2\" content=\"2 minutos\" \/>\n<script type=\"application\/ld+json\" class=\"yoast-schema-graph\">{\"@context\":\"https:\/\/schema.org\",\"@graph\":[{\"@type\":\"Article\",\"@id\":\"https:\/\/dev.antudigital.cl\/sites\/vc\/sumate-al-taller-de-cocina-koreana-de-fundacion-lumbre\/#article\",\"isPartOf\":{\"@id\":\"https:\/\/dev.antudigital.cl\/sites\/vc\/sumate-al-taller-de-cocina-koreana-de-fundacion-lumbre\/\"},\"author\":{\"name\":\"Valpara\u00edso Creativo\",\"@id\":\"https:\/\/dev.antudigital.cl\/sites\/vc\/#\/schema\/person\/c2b9da8dd545e27166fc5ab232837318\"},\"headline\":\"S\u00famate al taller de cocina koreana de Fundaci\u00f3n Lumbre\",\"datePublished\":\"2025-01-17T21:52:55+00:00\",\"dateModified\":\"2025-01-17T21:53:12+00:00\",\"mainEntityOfPage\":{\"@id\":\"https:\/\/dev.antudigital.cl\/sites\/vc\/sumate-al-taller-de-cocina-koreana-de-fundacion-lumbre\/\"},\"wordCount\":267,\"image\":{\"@id\":\"https:\/\/dev.antudigital.cl\/sites\/vc\/sumate-al-taller-de-cocina-koreana-de-fundacion-lumbre\/#primaryimage\"},\"thumbnailUrl\":\"https:\/\/dev.antudigital.cl\/sites\/vc\/wp-content\/uploads\/2025\/01\/Fundacion_Lumbre_de_Limache-54d26c3c.jpeg\",\"articleSection\":[\"Noticia\"],\"inLanguage\":\"es\"},{\"@type\":\"WebPage\",\"@id\":\"https:\/\/dev.antudigital.cl\/sites\/vc\/sumate-al-taller-de-cocina-koreana-de-fundacion-lumbre\/\",\"url\":\"https:\/\/dev.antudigital.cl\/sites\/vc\/sumate-al-taller-de-cocina-koreana-de-fundacion-lumbre\/\",\"name\":\"S\u00famate al taller de cocina koreana de Fundaci\u00f3n Lumbre - Valpara\u00ed\u00adso Creativo\",\"isPartOf\":{\"@id\":\"https:\/\/dev.antudigital.cl\/sites\/vc\/#website\"},\"primaryImageOfPage\":{\"@id\":\"https:\/\/dev.antudigital.cl\/sites\/vc\/sumate-al-taller-de-cocina-koreana-de-fundacion-lumbre\/#primaryimage\"},\"image\":{\"@id\":\"https:\/\/dev.antudigital.cl\/sites\/vc\/sumate-al-taller-de-cocina-koreana-de-fundacion-lumbre\/#primaryimage\"},\"thumbnailUrl\":\"https:\/\/dev.antudigital.cl\/sites\/vc\/wp-content\/uploads\/2025\/01\/Fundacion_Lumbre_de_Limache-54d26c3c.jpeg\",\"datePublished\":\"2025-01-17T21:52:55+00:00\",\"dateModified\":\"2025-01-17T21:53:12+00:00\",\"author\":{\"@id\":\"https:\/\/dev.antudigital.cl\/sites\/vc\/#\/schema\/person\/c2b9da8dd545e27166fc5ab232837318\"},\"breadcrumb\":{\"@id\":\"https:\/\/dev.antudigital.cl\/sites\/vc\/sumate-al-taller-de-cocina-koreana-de-fundacion-lumbre\/#breadcrumb\"},\"inLanguage\":\"es\",\"potentialAction\":[{\"@type\":\"ReadAction\",\"target\":[\"https:\/\/dev.antudigital.cl\/sites\/vc\/sumate-al-taller-de-cocina-koreana-de-fundacion-lumbre\/\"]}]},{\"@type\":\"ImageObject\",\"inLanguage\":\"es\",\"@id\":\"https:\/\/dev.antudigital.cl\/sites\/vc\/sumate-al-taller-de-cocina-koreana-de-fundacion-lumbre\/#primaryimage\",\"url\":\"https:\/\/dev.antudigital.cl\/sites\/vc\/wp-content\/uploads\/2025\/01\/Fundacion_Lumbre_de_Limache-54d26c3c.jpeg\",\"contentUrl\":\"https:\/\/dev.antudigital.cl\/sites\/vc\/wp-content\/uploads\/2025\/01\/Fundacion_Lumbre_de_Limache-54d26c3c.jpeg\",\"width\":500,\"height\":300},{\"@type\":\"BreadcrumbList\",\"@id\":\"https:\/\/dev.antudigital.cl\/sites\/vc\/sumate-al-taller-de-cocina-koreana-de-fundacion-lumbre\/#breadcrumb\",\"itemListElement\":[{\"@type\":\"ListItem\",\"position\":1,\"name\":\"Home\",\"item\":\"https:\/\/dev.antudigital.cl\/sites\/vc\/\"},{\"@type\":\"ListItem\",\"position\":2,\"name\":\"S\u00famate al taller de cocina koreana de Fundaci\u00f3n Lumbre\"}]},{\"@type\":\"WebSite\",\"@id\":\"https:\/\/dev.antudigital.cl\/sites\/vc\/#website\",\"url\":\"https:\/\/dev.antudigital.cl\/sites\/vc\/\",\"name\":\"Valpara\u00ed\u00adso Creativo\",\"description\":\"\",\"potentialAction\":[{\"@type\":\"SearchAction\",\"target\":{\"@type\":\"EntryPoint\",\"urlTemplate\":\"https:\/\/dev.antudigital.cl\/sites\/vc\/?s={search_term_string}\"},\"query-input\":{\"@type\":\"PropertyValueSpecification\",\"valueRequired\":true,\"valueName\":\"search_term_string\"}}],\"inLanguage\":\"es\"},{\"@type\":\"Person\",\"@id\":\"https:\/\/dev.antudigital.cl\/sites\/vc\/#\/schema\/person\/c2b9da8dd545e27166fc5ab232837318\",\"name\":\"Valpara\u00edso Creativo\",\"description\":\"Periodista de cultura en la Regi\u00f3n de Valpara\u00edso.\",\"url\":\"https:\/\/dev.antudigital.cl\/sites\/vc\/author\/valpoadmin\/\"}]}<\/script>\n<!-- \/ Yoast SEO plugin. -->","yoast_head_json":{"title":"S\u00famate al taller de cocina koreana de Fundaci\u00f3n Lumbre - Valpara\u00ed\u00adso Creativo","robots":{"index":"index","follow":"follow","max-snippet":"max-snippet:-1","max-image-preview":"max-image-preview:large","max-video-preview":"max-video-preview:-1"},"canonical":"https:\/\/dev.antudigital.cl\/sites\/vc\/sumate-al-taller-de-cocina-koreana-de-fundacion-lumbre\/","og_locale":"es_ES","og_type":"article","og_title":"S\u00famate al taller de cocina koreana de Fundaci\u00f3n Lumbre - Valpara\u00ed\u00adso Creativo","og_description":"\u00a1Les invitamos a participar en el taller de cocina coreana que impartir\u00e1 Se-rok Park en Lumbre! &#x1f35a; En el taller vamos a cocinar exquisitas recetas del estilo de templo budistas coreanas, que consisten en un set de Banchans (acompa\u00f1amientos), sopa de Miso (Doenjang Kuk) y \u201carroz de 5 granos\u201d (Ogok- Bap). Las recetas, inspiradas en [&hellip;]","og_url":"https:\/\/dev.antudigital.cl\/sites\/vc\/sumate-al-taller-de-cocina-koreana-de-fundacion-lumbre\/","og_site_name":"Valpara\u00ed\u00adso Creativo","article_published_time":"2025-01-17T21:52:55+00:00","article_modified_time":"2025-01-17T21:53:12+00:00","og_image":[{"width":500,"height":300,"url":"https:\/\/dev.antudigital.cl\/sites\/vc\/wp-content\/uploads\/2025\/01\/Fundacion_Lumbre_de_Limache-54d26c3c.jpeg","type":"image\/jpeg"}],"author":"Valpara\u00edso Creativo","twitter_card":"summary_large_image","twitter_misc":{"Escrito por":"Valpara\u00edso Creativo","Tiempo de lectura":"2 minutos"},"schema":{"@context":"https:\/\/schema.org","@graph":[{"@type":"Article","@id":"https:\/\/dev.antudigital.cl\/sites\/vc\/sumate-al-taller-de-cocina-koreana-de-fundacion-lumbre\/#article","isPartOf":{"@id":"https:\/\/dev.antudigital.cl\/sites\/vc\/sumate-al-taller-de-cocina-koreana-de-fundacion-lumbre\/"},"author":{"name":"Valpara\u00edso Creativo","@id":"https:\/\/dev.antudigital.cl\/sites\/vc\/#\/schema\/person\/c2b9da8dd545e27166fc5ab232837318"},"headline":"S\u00famate al taller de cocina koreana de Fundaci\u00f3n Lumbre","datePublished":"2025-01-17T21:52:55+00:00","dateModified":"2025-01-17T21:53:12+00:00","mainEntityOfPage":{"@id":"https:\/\/dev.antudigital.cl\/sites\/vc\/sumate-al-taller-de-cocina-koreana-de-fundacion-lumbre\/"},"wordCount":267,"image":{"@id":"https:\/\/dev.antudigital.cl\/sites\/vc\/sumate-al-taller-de-cocina-koreana-de-fundacion-lumbre\/#primaryimage"},"thumbnailUrl":"https:\/\/dev.antudigital.cl\/sites\/vc\/wp-content\/uploads\/2025\/01\/Fundacion_Lumbre_de_Limache-54d26c3c.jpeg","articleSection":["Noticia"],"inLanguage":"es"},{"@type":"WebPage","@id":"https:\/\/dev.antudigital.cl\/sites\/vc\/sumate-al-taller-de-cocina-koreana-de-fundacion-lumbre\/","url":"https:\/\/dev.antudigital.cl\/sites\/vc\/sumate-al-taller-de-cocina-koreana-de-fundacion-lumbre\/","name":"S\u00famate al taller de cocina koreana de Fundaci\u00f3n Lumbre - Valpara\u00ed\u00adso Creativo","isPartOf":{"@id":"https:\/\/dev.antudigital.cl\/sites\/vc\/#website"},"primaryImageOfPage":{"@id":"https:\/\/dev.antudigital.cl\/sites\/vc\/sumate-al-taller-de-cocina-koreana-de-fundacion-lumbre\/#primaryimage"},"image":{"@id":"https:\/\/dev.antudigital.cl\/sites\/vc\/sumate-al-taller-de-cocina-koreana-de-fundacion-lumbre\/#primaryimage"},"thumbnailUrl":"https:\/\/dev.antudigital.cl\/sites\/vc\/wp-content\/uploads\/2025\/01\/Fundacion_Lumbre_de_Limache-54d26c3c.jpeg","datePublished":"2025-01-17T21:52:55+00:00","dateModified":"2025-01-17T21:53:12+00:00","author":{"@id":"https:\/\/dev.antudigital.cl\/sites\/vc\/#\/schema\/person\/c2b9da8dd545e27166fc5ab232837318"},"breadcrumb":{"@id":"https:\/\/dev.antudigital.cl\/sites\/vc\/sumate-al-taller-de-cocina-koreana-de-fundacion-lumbre\/#breadcrumb"},"inLanguage":"es","potentialAction":[{"@type":"ReadAction","target":["https:\/\/dev.antudigital.cl\/sites\/vc\/sumate-al-taller-de-cocina-koreana-de-fundacion-lumbre\/"]}]},{"@type":"ImageObject","inLanguage":"es","@id":"https:\/\/dev.antudigital.cl\/sites\/vc\/sumate-al-taller-de-cocina-koreana-de-fundacion-lumbre\/#primaryimage","url":"https:\/\/dev.antudigital.cl\/sites\/vc\/wp-content\/uploads\/2025\/01\/Fundacion_Lumbre_de_Limache-54d26c3c.jpeg","contentUrl":"https:\/\/dev.antudigital.cl\/sites\/vc\/wp-content\/uploads\/2025\/01\/Fundacion_Lumbre_de_Limache-54d26c3c.jpeg","width":500,"height":300},{"@type":"BreadcrumbList","@id":"https:\/\/dev.antudigital.cl\/sites\/vc\/sumate-al-taller-de-cocina-koreana-de-fundacion-lumbre\/#breadcrumb","itemListElement":[{"@type":"ListItem","position":1,"name":"Home","item":"https:\/\/dev.antudigital.cl\/sites\/vc\/"},{"@type":"ListItem","position":2,"name":"S\u00famate al taller de cocina koreana de Fundaci\u00f3n Lumbre"}]},{"@type":"WebSite","@id":"https:\/\/dev.antudigital.cl\/sites\/vc\/#website","url":"https:\/\/dev.antudigital.cl\/sites\/vc\/","name":"Valpara\u00ed\u00adso Creativo","description":"","potentialAction":[{"@type":"SearchAction","target":{"@type":"EntryPoint","urlTemplate":"https:\/\/dev.antudigital.cl\/sites\/vc\/?s={search_term_string}"},"query-input":{"@type":"PropertyValueSpecification","valueRequired":true,"valueName":"search_term_string"}}],"inLanguage":"es"},{"@type":"Person","@id":"https:\/\/dev.antudigital.cl\/sites\/vc\/#\/schema\/person\/c2b9da8dd545e27166fc5ab232837318","name":"Valpara\u00edso Creativo","description":"Periodista de cultura en la Regi\u00f3n de Valpara\u00edso.","url":"https:\/\/dev.antudigital.cl\/sites\/vc\/author\/valpoadmin\/"}]}},"_links":{"self":[{"href":"https:\/\/dev.antudigital.cl\/sites\/vc\/wp-json\/wp\/v2\/posts\/21810","targetHints":{"allow":["GET"]}}],"collection":[{"href":"https:\/\/dev.antudigital.cl\/sites\/vc\/wp-json\/wp\/v2\/posts"}],"about":[{"href":"https:\/\/dev.antudigital.cl\/sites\/vc\/wp-json\/wp\/v2\/types\/post"}],"author":[{"embeddable":true,"href":"https:\/\/dev.antudigital.cl\/sites\/vc\/wp-json\/wp\/v2\/users\/1"}],"replies":[{"embeddable":true,"href":"https:\/\/dev.antudigital.cl\/sites\/vc\/wp-json\/wp\/v2\/comments?post=21810"}],"version-history":[{"count":1,"href":"https:\/\/dev.antudigital.cl\/sites\/vc\/wp-json\/wp\/v2\/posts\/21810\/revisions"}],"predecessor-version":[{"id":21813,"href":"https:\/\/dev.antudigital.cl\/sites\/vc\/wp-json\/wp\/v2\/posts\/21810\/revisions\/21813"}],"wp:featuredmedia":[{"embeddable":true,"href":"https:\/\/dev.antudigital.cl\/sites\/vc\/wp-json\/wp\/v2\/media\/21811"}],"wp:attachment":[{"href":"https:\/\/dev.antudigital.cl\/sites\/vc\/wp-json\/wp\/v2\/media?parent=21810"}],"wp:term":[{"taxonomy":"category","embeddable":true,"href":"https:\/\/dev.antudigital.cl\/sites\/vc\/wp-json\/wp\/v2\/categories?post=21810"},{"taxonomy":"post_tag","embeddable":true,"href":"https:\/\/dev.antudigital.cl\/sites\/vc\/wp-json\/wp\/v2\/tags?post=21810"}],"curies":[{"name":"wp","href":"https:\/\/api.w.org\/{rel}","templated":true}]}}