{"id":21814,"date":"2025-01-19T22:34:05","date_gmt":"2025-01-19T22:34:05","guid":{"rendered":"https:\/\/www.valparaisocreativo.cl\/?p=21814"},"modified":"2025-01-31T16:04:27","modified_gmt":"2025-01-31T16:04:27","slug":"andres-nusser-anuncia-fechas-de-verano-para-presentar-mortal-combak","status":"publish","type":"post","link":"https:\/\/dev.antudigital.cl\/sites\/vc\/andres-nusser-anuncia-fechas-de-verano-para-presentar-mortal-combak\/","title":{"rendered":"Andr\u00e9s Nusser anuncia fechas de verano para presentar\u00a0&#8216;Mortal Combak&#8217;"},"content":{"rendered":"\n<p>Luego de debutar en solitario con el LP&nbsp;<a href=\"https:\/\/bh1ik.r.sp1-brevo.net\/mk\/cl\/f\/sh\/SMK1E8tHeFuBoQM96k87BDh2s6UA\/jRjY0qbICNF_\" target=\"_blank\" rel=\"noreferrer noopener\"><strong>\u00abTAMC (te amo mucho cora)\u00bb<\/strong><\/a><strong>,&nbsp;<\/strong>y presentarse en escenarios como Lollapalooza Chile y Fauna Primavera, el productor, compositor y parte de la elemental agrupaci\u00f3n chilena&nbsp;<strong>Astro<\/strong>, comienza el 2025 con una serie de presentaciones por el pa\u00eds para celebrar una era de singles como<a href=\"https:\/\/bh1ik.r.sp1-brevo.net\/mk\/cl\/f\/sh\/SMK1E8tHeG13GZB6HuHbH2zmqP4Q\/z6G2jvQM06U6\" target=\"_blank\" rel=\"noreferrer noopener\"><strong>&#8216;Fuiste&#8217;<\/strong><\/a>&nbsp;y el m\u00e1s reciente<a href=\"https:\/\/bh1ik.r.sp1-brevo.net\/mk\/cl\/f\/sh\/SMK1E8tHeG7uii03T4R5MsIWoheg\/yDjO4jq3QBtI\" target=\"_blank\" rel=\"noreferrer noopener\"><strong>&#8216;Mortal Combak&#8217;<\/strong><\/a><a><strong>.<\/strong><\/a><\/p>\n\n\n\n<p>El silencio del bosque, el dolor de la tierra, la sanaci\u00f3n del mar. Retraerse del destello, reflexionar s\u00f3nicamente y volver con la fuerza que s\u00f3lo da el reencontrarse,&nbsp;<strong>\u00bfy qu\u00e9 mejor que compartir las lecciones de ese camino en el ritual que significa la m\u00fasica en vivo?<\/strong><\/p>\n\n\n\n<p><a href=\"https:\/\/bh1ik.r.sp1-brevo.net\/mk\/cl\/f\/sh\/SMK1E8tHeGLdczdxpOk3YWu0lIpC\/Y-MKo-PzfsHX\" target=\"_blank\" rel=\"noreferrer noopener\"><strong>Andr\u00e9s Nusser<\/strong><\/a>, reconocido productor y m\u00fasico clave del pop chileno de las \u00faltimas d\u00e9cadas como frontman de Astro, anuncia una serie de fechas para este verano 2025. Luego de un a\u00f1o que lo trajo de regreso al ruedo discogr\u00e1fico con&nbsp;<a href=\"https:\/\/bh1ik.r.sp1-brevo.net\/mk\/cl\/f\/sh\/SMK1E8tHeGSV58Sv0YtXeMCkjbPS\/3W40nphqmVFc\" target=\"_blank\" rel=\"noreferrer noopener\"><strong>\u00abTAMC (te amo mucho cora)\u00bb<\/strong><\/a>, y presentar los sencillos&nbsp;<a href=\"https:\/\/bh1ik.r.sp1-brevo.net\/mk\/cl\/f\/sh\/SMK1E8tHeGZMXHHsBj31kBVUhtzi\/lshiBOjuWSQP\" target=\"_blank\" rel=\"noreferrer noopener\">&#8216;Fuiste&#8217;<\/a>&nbsp;y&nbsp;<a href=\"https:\/\/bh1ik.r.sp1-brevo.net\/mk\/cl\/f\/sh\/SMK1E8tHeGgDzQ6pMtCVq0oEgCZy\/f5uySUX7V_yz\" target=\"_blank\" rel=\"noreferrer noopener\"><strong>&#8216;Mortal Combak<\/strong><strong>&#8216;<\/strong><\/a>, el artista desplegar\u00e1 su repertorio capaz de alimentarse de R&amp;B, indie en c\u00f3digos rock y pop, e intimidad de cantautor. &nbsp;<\/p>\n\n\n\n<p>Partiendo este&nbsp;<a href=\"https:\/\/bh1ik.r.sp1-brevo.net\/mk\/cl\/f\/sh\/SMK1E8tHeGtwthkjjDVU1fPicnkU\/iEbIeGDSlQvG\" target=\"_blank\" rel=\"noreferrer noopener\"><strong>24 de enero en Temuco, junto a Pau y Lar\u00f3<\/strong><\/a>, continuando el&nbsp;<strong>6 de febrero en Vi\u00f1a del Mar, al d\u00eda siguiente en Pichilemu<\/strong>; para seguir en&nbsp;<strong>Valdivia y Concepci\u00f3n durante marzo junto a Ni\u00f1os del Cerro<\/strong>, Nusser describe este momento como un punto&nbsp;<strong>\u00abexploratorio en el que estoy constantemente buscando algo que me haga sentir que estoy tomando agua nueva de un manantial. No me gusta repetirme, me gusta explorarme\u00bb<\/strong>, cuenta sobre una era en la que su m\u00fasica est\u00e1 escrita desde el coraz\u00f3n.<\/p>\n\n\n\n<figure class=\"wp-block-image size-large\"><img fetchpriority=\"high\" decoding=\"async\" width=\"819\" height=\"1024\" src=\"https:\/\/www.valparaisocreativo.cl\/wp-content\/uploads\/2025\/01\/unnamed5-819x1024.jpeg\" alt=\"\" class=\"wp-image-21816\" srcset=\"https:\/\/dev.antudigital.cl\/sites\/vc\/wp-content\/uploads\/2025\/01\/unnamed5-819x1024.jpeg 819w, https:\/\/dev.antudigital.cl\/sites\/vc\/wp-content\/uploads\/2025\/01\/unnamed5-240x300.jpeg 240w, https:\/\/dev.antudigital.cl\/sites\/vc\/wp-content\/uploads\/2025\/01\/unnamed5-768x960.jpeg 768w, https:\/\/dev.antudigital.cl\/sites\/vc\/wp-content\/uploads\/2025\/01\/unnamed5-1229x1536.jpeg 1229w, https:\/\/dev.antudigital.cl\/sites\/vc\/wp-content\/uploads\/2025\/01\/unnamed5-1638x2048.jpeg 1638w, https:\/\/dev.antudigital.cl\/sites\/vc\/wp-content\/uploads\/2025\/01\/unnamed5-1080x1350.jpeg 1080w, https:\/\/dev.antudigital.cl\/sites\/vc\/wp-content\/uploads\/2025\/01\/unnamed5-1280x1600.jpeg 1280w, https:\/\/dev.antudigital.cl\/sites\/vc\/wp-content\/uploads\/2025\/01\/unnamed5-980x1225.jpeg 980w, https:\/\/dev.antudigital.cl\/sites\/vc\/wp-content\/uploads\/2025\/01\/unnamed5-480x600.jpeg 480w, https:\/\/dev.antudigital.cl\/sites\/vc\/wp-content\/uploads\/2025\/01\/unnamed5-19x24.jpeg 19w, https:\/\/dev.antudigital.cl\/sites\/vc\/wp-content\/uploads\/2025\/01\/unnamed5-29x36.jpeg 29w, https:\/\/dev.antudigital.cl\/sites\/vc\/wp-content\/uploads\/2025\/01\/unnamed5-38x48.jpeg 38w, https:\/\/dev.antudigital.cl\/sites\/vc\/wp-content\/uploads\/2025\/01\/unnamed5-scaled.jpeg 2048w\" sizes=\"(max-width: 819px) 100vw, 819px\" \/><\/figure>\n\n\n\n<p><strong>\u00abSi la gente conecta con lo que estoy hablando, y con la m\u00fasica que acompa\u00f1a estas emociones relatadas, quedo m\u00e1s que feliz\u00bb.<\/strong><\/p>\n\n\n\n<p>Con inspiraciones que van desde el brasile\u00f1o Pedro Martins hasta Domi &amp; JD Beck, Rusowsky o Milton Nascimento, el artista que actualmente se acompa\u00f1a por Pablo Chaparro e Iv\u00e1n Roco en su construcci\u00f3n musical, celebra esta etapa de brillantes sencillos post primer largaduraci\u00f3n en solitario con la otra moneda de la creaci\u00f3n:&nbsp;<strong>presentarla al mundo en esta gira<\/strong>.<br>&nbsp;<\/p>\n\n\n\n<p>Salir del bosque y contarnos qu\u00e9 fue lo que vio y sinti\u00f3 en todos los procesos que hoy suenan como canci\u00f3n; eso es lo que este verano&nbsp;<a href=\"https:\/\/bh1ik.r.sp1-brevo.net\/mk\/cl\/f\/sh\/1t6Af4OiGsDhYHebBwok2Dzq8v0lcs\/kdC95wVsVy5R\" target=\"_blank\" rel=\"noreferrer noopener\"><strong>Andr\u00e9s Nusser<\/strong><\/a>&nbsp;amplificar\u00e1 por Chile para volver a conectar en comunidad, con ese encuentro ritualezco que significa la m\u00fasica en vivo, tal como ya hizo en Lollapalooza Chile y Fauna Primavera.&nbsp;<\/p>\n\n\n\n<h2 class=\"wp-block-heading\">Ahora Andr\u00e9s llega a Vi\u00f1a del Mar, y puedes <a href=\"https:\/\/portaldisc.com\/evento\/andresnusserenvina\">encontrar las entradas aqu\u00ed.<\/a><\/h2>\n\n\n\n<figure class=\"wp-block-embed is-type-rich is-provider-spotify wp-block-embed-spotify wp-embed-aspect-21-9 wp-has-aspect-ratio\"><div class=\"wp-block-embed__wrapper\">\n<iframe title=\"Spotify Embed: mortal combak\" style=\"border-radius: 12px\" width=\"100%\" height=\"152\" frameborder=\"0\" allowfullscreen allow=\"autoplay; clipboard-write; encrypted-media; fullscreen; picture-in-picture\" loading=\"lazy\" src=\"https:\/\/open.spotify.com\/embed\/track\/7CRyL6Vx1BEuCAtieheRaN?si=e3488bc142c64816&#038;nd=1&#038;dlsi=f3e682f98dab4a54&#038;utm_source=oembed\"><\/iframe>\n<\/div><\/figure>\n","protected":false},"excerpt":{"rendered":"<p>Luego de debutar en solitario con el LP&nbsp;\u00abTAMC (te amo mucho cora)\u00bb,&nbsp;y presentarse en escenarios como Lollapalooza Chile y Fauna Primavera, el productor, compositor y parte de la elemental agrupaci\u00f3n chilena&nbsp;Astro, comienza el 2025 con una serie de presentaciones por el pa\u00eds para celebrar una era de singles como&#8216;Fuiste&#8217;&nbsp;y el m\u00e1s reciente&#8216;Mortal Combak&#8217;. El silencio [&hellip;]<\/p>\n","protected":false},"author":1,"featured_media":21815,"comment_status":"closed","ping_status":"closed","sticky":false,"template":"","format":"standard","meta":{"_acf_changed":false,"footnotes":""},"categories":[8],"tags":[],"class_list":["post-21814","post","type-post","status-publish","format-standard","has-post-thumbnail","hentry","category-noticia"],"acf":[],"yoast_head":"<!-- This site is optimized with the Yoast SEO plugin v27.1.1 - https:\/\/yoast.com\/product\/yoast-seo-wordpress\/ -->\n<title>Andr\u00e9s Nusser anuncia fechas de verano para presentar\u00a0&#039;Mortal Combak&#039; - Valpara\u00ed\u00adso Creativo<\/title>\n<meta name=\"robots\" content=\"index, follow, max-snippet:-1, max-image-preview:large, max-video-preview:-1\" \/>\n<link rel=\"canonical\" href=\"https:\/\/dev.antudigital.cl\/sites\/vc\/andres-nusser-anuncia-fechas-de-verano-para-presentar-mortal-combak\/\" \/>\n<meta property=\"og:locale\" content=\"es_ES\" \/>\n<meta property=\"og:type\" content=\"article\" \/>\n<meta property=\"og:title\" content=\"Andr\u00e9s Nusser anuncia fechas de verano para presentar\u00a0&#039;Mortal Combak&#039; - Valpara\u00ed\u00adso Creativo\" \/>\n<meta property=\"og:description\" content=\"Luego de debutar en solitario con el LP&nbsp;\u00abTAMC (te amo mucho cora)\u00bb,&nbsp;y presentarse en escenarios como Lollapalooza Chile y Fauna Primavera, el productor, compositor y parte de la elemental agrupaci\u00f3n chilena&nbsp;Astro, comienza el 2025 con una serie de presentaciones por el pa\u00eds para celebrar una era de singles como&#8216;Fuiste&#8217;&nbsp;y el m\u00e1s reciente&#8216;Mortal Combak&#8217;. El silencio [&hellip;]\" \/>\n<meta property=\"og:url\" content=\"https:\/\/dev.antudigital.cl\/sites\/vc\/andres-nusser-anuncia-fechas-de-verano-para-presentar-mortal-combak\/\" \/>\n<meta property=\"og:site_name\" content=\"Valpara\u00ed\u00adso Creativo\" \/>\n<meta property=\"article:published_time\" content=\"2025-01-19T22:34:05+00:00\" \/>\n<meta property=\"article:modified_time\" content=\"2025-01-31T16:04:27+00:00\" \/>\n<meta property=\"og:image\" content=\"https:\/\/dev.antudigital.cl\/sites\/vc\/wp-content\/uploads\/2025\/01\/unnamed-1-scaled.jpeg\" \/>\n\t<meta property=\"og:image:width\" content=\"2560\" \/>\n\t<meta property=\"og:image:height\" content=\"1707\" \/>\n\t<meta property=\"og:image:type\" content=\"image\/jpeg\" \/>\n<meta name=\"author\" content=\"Valpara\u00edso Creativo\" \/>\n<meta name=\"twitter:card\" content=\"summary_large_image\" \/>\n<meta name=\"twitter:label1\" content=\"Escrito por\" \/>\n\t<meta name=\"twitter:data1\" content=\"Valpara\u00edso Creativo\" \/>\n\t<meta name=\"twitter:label2\" content=\"Tiempo de lectura\" \/>\n\t<meta name=\"twitter:data2\" content=\"3 minutos\" \/>\n<script type=\"application\/ld+json\" class=\"yoast-schema-graph\">{\"@context\":\"https:\/\/schema.org\",\"@graph\":[{\"@type\":\"Article\",\"@id\":\"https:\/\/dev.antudigital.cl\/sites\/vc\/andres-nusser-anuncia-fechas-de-verano-para-presentar-mortal-combak\/#article\",\"isPartOf\":{\"@id\":\"https:\/\/dev.antudigital.cl\/sites\/vc\/andres-nusser-anuncia-fechas-de-verano-para-presentar-mortal-combak\/\"},\"author\":{\"name\":\"Valpara\u00edso Creativo\",\"@id\":\"https:\/\/dev.antudigital.cl\/sites\/vc\/#\/schema\/person\/c2b9da8dd545e27166fc5ab232837318\"},\"headline\":\"Andr\u00e9s Nusser anuncia fechas de verano para presentar\u00a0&#8216;Mortal Combak&#8217;\",\"datePublished\":\"2025-01-19T22:34:05+00:00\",\"dateModified\":\"2025-01-31T16:04:27+00:00\",\"mainEntityOfPage\":{\"@id\":\"https:\/\/dev.antudigital.cl\/sites\/vc\/andres-nusser-anuncia-fechas-de-verano-para-presentar-mortal-combak\/\"},\"wordCount\":500,\"image\":{\"@id\":\"https:\/\/dev.antudigital.cl\/sites\/vc\/andres-nusser-anuncia-fechas-de-verano-para-presentar-mortal-combak\/#primaryimage\"},\"thumbnailUrl\":\"https:\/\/dev.antudigital.cl\/sites\/vc\/wp-content\/uploads\/2025\/01\/unnamed-1-scaled.jpeg\",\"articleSection\":[\"Noticia\"],\"inLanguage\":\"es\"},{\"@type\":\"WebPage\",\"@id\":\"https:\/\/dev.antudigital.cl\/sites\/vc\/andres-nusser-anuncia-fechas-de-verano-para-presentar-mortal-combak\/\",\"url\":\"https:\/\/dev.antudigital.cl\/sites\/vc\/andres-nusser-anuncia-fechas-de-verano-para-presentar-mortal-combak\/\",\"name\":\"Andr\u00e9s Nusser anuncia fechas de verano para presentar\u00a0'Mortal Combak' - Valpara\u00ed\u00adso Creativo\",\"isPartOf\":{\"@id\":\"https:\/\/dev.antudigital.cl\/sites\/vc\/#website\"},\"primaryImageOfPage\":{\"@id\":\"https:\/\/dev.antudigital.cl\/sites\/vc\/andres-nusser-anuncia-fechas-de-verano-para-presentar-mortal-combak\/#primaryimage\"},\"image\":{\"@id\":\"https:\/\/dev.antudigital.cl\/sites\/vc\/andres-nusser-anuncia-fechas-de-verano-para-presentar-mortal-combak\/#primaryimage\"},\"thumbnailUrl\":\"https:\/\/dev.antudigital.cl\/sites\/vc\/wp-content\/uploads\/2025\/01\/unnamed-1-scaled.jpeg\",\"datePublished\":\"2025-01-19T22:34:05+00:00\",\"dateModified\":\"2025-01-31T16:04:27+00:00\",\"author\":{\"@id\":\"https:\/\/dev.antudigital.cl\/sites\/vc\/#\/schema\/person\/c2b9da8dd545e27166fc5ab232837318\"},\"breadcrumb\":{\"@id\":\"https:\/\/dev.antudigital.cl\/sites\/vc\/andres-nusser-anuncia-fechas-de-verano-para-presentar-mortal-combak\/#breadcrumb\"},\"inLanguage\":\"es\",\"potentialAction\":[{\"@type\":\"ReadAction\",\"target\":[\"https:\/\/dev.antudigital.cl\/sites\/vc\/andres-nusser-anuncia-fechas-de-verano-para-presentar-mortal-combak\/\"]}]},{\"@type\":\"ImageObject\",\"inLanguage\":\"es\",\"@id\":\"https:\/\/dev.antudigital.cl\/sites\/vc\/andres-nusser-anuncia-fechas-de-verano-para-presentar-mortal-combak\/#primaryimage\",\"url\":\"https:\/\/dev.antudigital.cl\/sites\/vc\/wp-content\/uploads\/2025\/01\/unnamed-1-scaled.jpeg\",\"contentUrl\":\"https:\/\/dev.antudigital.cl\/sites\/vc\/wp-content\/uploads\/2025\/01\/unnamed-1-scaled.jpeg\",\"width\":2560,\"height\":1707},{\"@type\":\"BreadcrumbList\",\"@id\":\"https:\/\/dev.antudigital.cl\/sites\/vc\/andres-nusser-anuncia-fechas-de-verano-para-presentar-mortal-combak\/#breadcrumb\",\"itemListElement\":[{\"@type\":\"ListItem\",\"position\":1,\"name\":\"Home\",\"item\":\"https:\/\/dev.antudigital.cl\/sites\/vc\/\"},{\"@type\":\"ListItem\",\"position\":2,\"name\":\"Andr\u00e9s Nusser anuncia fechas de verano para presentar\u00a0&#8216;Mortal Combak&#8217;\"}]},{\"@type\":\"WebSite\",\"@id\":\"https:\/\/dev.antudigital.cl\/sites\/vc\/#website\",\"url\":\"https:\/\/dev.antudigital.cl\/sites\/vc\/\",\"name\":\"Valpara\u00ed\u00adso Creativo\",\"description\":\"\",\"potentialAction\":[{\"@type\":\"SearchAction\",\"target\":{\"@type\":\"EntryPoint\",\"urlTemplate\":\"https:\/\/dev.antudigital.cl\/sites\/vc\/?s={search_term_string}\"},\"query-input\":{\"@type\":\"PropertyValueSpecification\",\"valueRequired\":true,\"valueName\":\"search_term_string\"}}],\"inLanguage\":\"es\"},{\"@type\":\"Person\",\"@id\":\"https:\/\/dev.antudigital.cl\/sites\/vc\/#\/schema\/person\/c2b9da8dd545e27166fc5ab232837318\",\"name\":\"Valpara\u00edso Creativo\",\"description\":\"Periodista de cultura en la Regi\u00f3n de Valpara\u00edso.\",\"url\":\"https:\/\/dev.antudigital.cl\/sites\/vc\/author\/valpoadmin\/\"}]}<\/script>\n<!-- \/ Yoast SEO plugin. -->","yoast_head_json":{"title":"Andr\u00e9s Nusser anuncia fechas de verano para presentar\u00a0'Mortal Combak' - Valpara\u00ed\u00adso Creativo","robots":{"index":"index","follow":"follow","max-snippet":"max-snippet:-1","max-image-preview":"max-image-preview:large","max-video-preview":"max-video-preview:-1"},"canonical":"https:\/\/dev.antudigital.cl\/sites\/vc\/andres-nusser-anuncia-fechas-de-verano-para-presentar-mortal-combak\/","og_locale":"es_ES","og_type":"article","og_title":"Andr\u00e9s Nusser anuncia fechas de verano para presentar\u00a0'Mortal Combak' - Valpara\u00ed\u00adso Creativo","og_description":"Luego de debutar en solitario con el LP&nbsp;\u00abTAMC (te amo mucho cora)\u00bb,&nbsp;y presentarse en escenarios como Lollapalooza Chile y Fauna Primavera, el productor, compositor y parte de la elemental agrupaci\u00f3n chilena&nbsp;Astro, comienza el 2025 con una serie de presentaciones por el pa\u00eds para celebrar una era de singles como&#8216;Fuiste&#8217;&nbsp;y el m\u00e1s reciente&#8216;Mortal Combak&#8217;. El silencio [&hellip;]","og_url":"https:\/\/dev.antudigital.cl\/sites\/vc\/andres-nusser-anuncia-fechas-de-verano-para-presentar-mortal-combak\/","og_site_name":"Valpara\u00ed\u00adso Creativo","article_published_time":"2025-01-19T22:34:05+00:00","article_modified_time":"2025-01-31T16:04:27+00:00","og_image":[{"width":2560,"height":1707,"url":"https:\/\/dev.antudigital.cl\/sites\/vc\/wp-content\/uploads\/2025\/01\/unnamed-1-scaled.jpeg","type":"image\/jpeg"}],"author":"Valpara\u00edso Creativo","twitter_card":"summary_large_image","twitter_misc":{"Escrito por":"Valpara\u00edso Creativo","Tiempo de lectura":"3 minutos"},"schema":{"@context":"https:\/\/schema.org","@graph":[{"@type":"Article","@id":"https:\/\/dev.antudigital.cl\/sites\/vc\/andres-nusser-anuncia-fechas-de-verano-para-presentar-mortal-combak\/#article","isPartOf":{"@id":"https:\/\/dev.antudigital.cl\/sites\/vc\/andres-nusser-anuncia-fechas-de-verano-para-presentar-mortal-combak\/"},"author":{"name":"Valpara\u00edso Creativo","@id":"https:\/\/dev.antudigital.cl\/sites\/vc\/#\/schema\/person\/c2b9da8dd545e27166fc5ab232837318"},"headline":"Andr\u00e9s Nusser anuncia fechas de verano para presentar\u00a0&#8216;Mortal Combak&#8217;","datePublished":"2025-01-19T22:34:05+00:00","dateModified":"2025-01-31T16:04:27+00:00","mainEntityOfPage":{"@id":"https:\/\/dev.antudigital.cl\/sites\/vc\/andres-nusser-anuncia-fechas-de-verano-para-presentar-mortal-combak\/"},"wordCount":500,"image":{"@id":"https:\/\/dev.antudigital.cl\/sites\/vc\/andres-nusser-anuncia-fechas-de-verano-para-presentar-mortal-combak\/#primaryimage"},"thumbnailUrl":"https:\/\/dev.antudigital.cl\/sites\/vc\/wp-content\/uploads\/2025\/01\/unnamed-1-scaled.jpeg","articleSection":["Noticia"],"inLanguage":"es"},{"@type":"WebPage","@id":"https:\/\/dev.antudigital.cl\/sites\/vc\/andres-nusser-anuncia-fechas-de-verano-para-presentar-mortal-combak\/","url":"https:\/\/dev.antudigital.cl\/sites\/vc\/andres-nusser-anuncia-fechas-de-verano-para-presentar-mortal-combak\/","name":"Andr\u00e9s Nusser anuncia fechas de verano para presentar\u00a0'Mortal Combak' - Valpara\u00ed\u00adso Creativo","isPartOf":{"@id":"https:\/\/dev.antudigital.cl\/sites\/vc\/#website"},"primaryImageOfPage":{"@id":"https:\/\/dev.antudigital.cl\/sites\/vc\/andres-nusser-anuncia-fechas-de-verano-para-presentar-mortal-combak\/#primaryimage"},"image":{"@id":"https:\/\/dev.antudigital.cl\/sites\/vc\/andres-nusser-anuncia-fechas-de-verano-para-presentar-mortal-combak\/#primaryimage"},"thumbnailUrl":"https:\/\/dev.antudigital.cl\/sites\/vc\/wp-content\/uploads\/2025\/01\/unnamed-1-scaled.jpeg","datePublished":"2025-01-19T22:34:05+00:00","dateModified":"2025-01-31T16:04:27+00:00","author":{"@id":"https:\/\/dev.antudigital.cl\/sites\/vc\/#\/schema\/person\/c2b9da8dd545e27166fc5ab232837318"},"breadcrumb":{"@id":"https:\/\/dev.antudigital.cl\/sites\/vc\/andres-nusser-anuncia-fechas-de-verano-para-presentar-mortal-combak\/#breadcrumb"},"inLanguage":"es","potentialAction":[{"@type":"ReadAction","target":["https:\/\/dev.antudigital.cl\/sites\/vc\/andres-nusser-anuncia-fechas-de-verano-para-presentar-mortal-combak\/"]}]},{"@type":"ImageObject","inLanguage":"es","@id":"https:\/\/dev.antudigital.cl\/sites\/vc\/andres-nusser-anuncia-fechas-de-verano-para-presentar-mortal-combak\/#primaryimage","url":"https:\/\/dev.antudigital.cl\/sites\/vc\/wp-content\/uploads\/2025\/01\/unnamed-1-scaled.jpeg","contentUrl":"https:\/\/dev.antudigital.cl\/sites\/vc\/wp-content\/uploads\/2025\/01\/unnamed-1-scaled.jpeg","width":2560,"height":1707},{"@type":"BreadcrumbList","@id":"https:\/\/dev.antudigital.cl\/sites\/vc\/andres-nusser-anuncia-fechas-de-verano-para-presentar-mortal-combak\/#breadcrumb","itemListElement":[{"@type":"ListItem","position":1,"name":"Home","item":"https:\/\/dev.antudigital.cl\/sites\/vc\/"},{"@type":"ListItem","position":2,"name":"Andr\u00e9s Nusser anuncia fechas de verano para presentar\u00a0&#8216;Mortal Combak&#8217;"}]},{"@type":"WebSite","@id":"https:\/\/dev.antudigital.cl\/sites\/vc\/#website","url":"https:\/\/dev.antudigital.cl\/sites\/vc\/","name":"Valpara\u00ed\u00adso Creativo","description":"","potentialAction":[{"@type":"SearchAction","target":{"@type":"EntryPoint","urlTemplate":"https:\/\/dev.antudigital.cl\/sites\/vc\/?s={search_term_string}"},"query-input":{"@type":"PropertyValueSpecification","valueRequired":true,"valueName":"search_term_string"}}],"inLanguage":"es"},{"@type":"Person","@id":"https:\/\/dev.antudigital.cl\/sites\/vc\/#\/schema\/person\/c2b9da8dd545e27166fc5ab232837318","name":"Valpara\u00edso Creativo","description":"Periodista de cultura en la Regi\u00f3n de Valpara\u00edso.","url":"https:\/\/dev.antudigital.cl\/sites\/vc\/author\/valpoadmin\/"}]}},"_links":{"self":[{"href":"https:\/\/dev.antudigital.cl\/sites\/vc\/wp-json\/wp\/v2\/posts\/21814","targetHints":{"allow":["GET"]}}],"collection":[{"href":"https:\/\/dev.antudigital.cl\/sites\/vc\/wp-json\/wp\/v2\/posts"}],"about":[{"href":"https:\/\/dev.antudigital.cl\/sites\/vc\/wp-json\/wp\/v2\/types\/post"}],"author":[{"embeddable":true,"href":"https:\/\/dev.antudigital.cl\/sites\/vc\/wp-json\/wp\/v2\/users\/1"}],"replies":[{"embeddable":true,"href":"https:\/\/dev.antudigital.cl\/sites\/vc\/wp-json\/wp\/v2\/comments?post=21814"}],"version-history":[{"count":2,"href":"https:\/\/dev.antudigital.cl\/sites\/vc\/wp-json\/wp\/v2\/posts\/21814\/revisions"}],"predecessor-version":[{"id":21963,"href":"https:\/\/dev.antudigital.cl\/sites\/vc\/wp-json\/wp\/v2\/posts\/21814\/revisions\/21963"}],"wp:featuredmedia":[{"embeddable":true,"href":"https:\/\/dev.antudigital.cl\/sites\/vc\/wp-json\/wp\/v2\/media\/21815"}],"wp:attachment":[{"href":"https:\/\/dev.antudigital.cl\/sites\/vc\/wp-json\/wp\/v2\/media?parent=21814"}],"wp:term":[{"taxonomy":"category","embeddable":true,"href":"https:\/\/dev.antudigital.cl\/sites\/vc\/wp-json\/wp\/v2\/categories?post=21814"},{"taxonomy":"post_tag","embeddable":true,"href":"https:\/\/dev.antudigital.cl\/sites\/vc\/wp-json\/wp\/v2\/tags?post=21814"}],"curies":[{"name":"wp","href":"https:\/\/api.w.org\/{rel}","templated":true}]}}