{"id":21821,"date":"2025-01-19T23:51:32","date_gmt":"2025-01-19T23:51:32","guid":{"rendered":"https:\/\/www.valparaisocreativo.cl\/?p=21821"},"modified":"2025-01-19T23:51:47","modified_gmt":"2025-01-19T23:51:47","slug":"dialogo-y-reflexion-en-el-cierre-del-xiii-laboratorio-de-critica-cultural-en-balmaceda-arte-joven-valparaiso","status":"publish","type":"post","link":"https:\/\/dev.antudigital.cl\/sites\/vc\/dialogo-y-reflexion-en-el-cierre-del-xiii-laboratorio-de-critica-cultural-en-balmaceda-arte-joven-valparaiso\/","title":{"rendered":"Di\u00e1logo y Reflexi\u00f3n en el Cierre del XIII Laboratorio de Cr\u00edtica Cultural en Balmaceda Arte Joven Valpara\u00edso"},"content":{"rendered":"\n<p>El pr\u00f3ximo martes 21 de enero, a las 18:00 horas, Balmaceda Arte Joven Valpara\u00edso ser\u00e1 el escenario del evento de clausura del XIII Laboratorio de Cr\u00edtica Cultural (LCC), una actividad abierta a todo p\u00fablico que invita a explorar y debatir en torno a las pr\u00e1cticas art\u00edsticas contempor\u00e1neas y el ejercicio cr\u00edtico.<\/p>\n\n\n\n<p>El LCC, con ocho ediciones realizadas hasta la fecha, es un espacio formativo destinado a j\u00f3venes de entre 18 y 29 a\u00f1os interesados en desarrollar una perspectiva cr\u00edtica y contempor\u00e1nea centrada en las artes visuales. Coordinado por el destacado artista visual Jos\u00e9 Pemjean, esta versi\u00f3n del laboratorio cont\u00f3 con la participaci\u00f3n de reconocidos invitados como Juan Yolin, escritor y curador, y Nancy Mansilla, artista visual, profesora y curadora, quienes enriquecieron el programa con sus reflexiones sobre cr\u00edtica y an\u00e1lisis cultural.<\/p>\n\n\n\n<figure class=\"wp-block-image size-large\"><img fetchpriority=\"high\" decoding=\"async\" width=\"866\" height=\"1024\" src=\"https:\/\/www.valparaisocreativo.cl\/wp-content\/uploads\/2025\/01\/IMAGEN-LCC-866x1024.jpg\" alt=\"\" class=\"wp-image-21823\" srcset=\"https:\/\/dev.antudigital.cl\/sites\/vc\/wp-content\/uploads\/2025\/01\/IMAGEN-LCC-866x1024.jpg 866w, https:\/\/dev.antudigital.cl\/sites\/vc\/wp-content\/uploads\/2025\/01\/IMAGEN-LCC-254x300.jpg 254w, https:\/\/dev.antudigital.cl\/sites\/vc\/wp-content\/uploads\/2025\/01\/IMAGEN-LCC-768x908.jpg 768w, https:\/\/dev.antudigital.cl\/sites\/vc\/wp-content\/uploads\/2025\/01\/IMAGEN-LCC-1299x1536.jpg 1299w, https:\/\/dev.antudigital.cl\/sites\/vc\/wp-content\/uploads\/2025\/01\/IMAGEN-LCC-1732x2048.jpg 1732w, https:\/\/dev.antudigital.cl\/sites\/vc\/wp-content\/uploads\/2025\/01\/IMAGEN-LCC-1080x1277.jpg 1080w, https:\/\/dev.antudigital.cl\/sites\/vc\/wp-content\/uploads\/2025\/01\/IMAGEN-LCC-1280x1514.jpg 1280w, https:\/\/dev.antudigital.cl\/sites\/vc\/wp-content\/uploads\/2025\/01\/IMAGEN-LCC-980x1159.jpg 980w, https:\/\/dev.antudigital.cl\/sites\/vc\/wp-content\/uploads\/2025\/01\/IMAGEN-LCC-480x568.jpg 480w, https:\/\/dev.antudigital.cl\/sites\/vc\/wp-content\/uploads\/2025\/01\/IMAGEN-LCC-20x24.jpg 20w, https:\/\/dev.antudigital.cl\/sites\/vc\/wp-content\/uploads\/2025\/01\/IMAGEN-LCC-30x36.jpg 30w, https:\/\/dev.antudigital.cl\/sites\/vc\/wp-content\/uploads\/2025\/01\/IMAGEN-LCC-41x48.jpg 41w\" sizes=\"(max-width: 866px) 100vw, 866px\" \/><\/figure>\n\n\n\n<p><strong>Di\u00e1logo abierto con participantes<\/strong><\/p>\n\n\n\n<p>Como actividad de cierre, los participantes del LCC protagonizar\u00e1n un di\u00e1logo abierto en el que reflexionar\u00e1n sobre los textos cr\u00edticos desarrollados a partir de visitas a exposiciones realizadas en diversas galer\u00edas y espacios art\u00edsticos de la regi\u00f3n. Entre estas se encuentran:<\/p>\n\n\n\n<ul class=\"wp-block-list\">\n<li><strong>XLVI Concurso Nacional Arte Joven<\/strong> (Sala El Farol)<\/li>\n\n\n\n<li><strong>Mu\u00f1eca\u2019s House<\/strong> de Daniela Bertollini (CENTEX)<\/li>\n\n\n\n<li>La residencia de Rodrigo G\u00f3mez Rovira (Sala Galia, Bah\u00eda Ut\u00f3pica)<\/li>\n\n\n\n<li>La muestra de Eduardo Vilches (Museo Baburizza)<\/li>\n<\/ul>\n\n\n\n<p>Este espacio permitir\u00e1 a los asistentes conocer de primera mano las perspectivas y reflexiones cr\u00edticas de los j\u00f3venes participantes, fomentando un debate enriquecedor sobre el estado del arte en la regi\u00f3n.<\/p>\n\n\n\n<p><strong>Invitada Valentina Montero Pe\u00f1a<\/strong><\/p>\n\n\n\n<p>La actividad tambi\u00e9n contar\u00e1 con la destacada participaci\u00f3n de Valentina Montero Pe\u00f1a, investigadora, docente y curadora en arte contempor\u00e1neo, conocida por su trabajo en la intersecci\u00f3n entre arte, ciencia y tecnolog\u00eda. Montero abrir\u00e1 la jornada con una charla centrada en el ejercicio cr\u00edtico dentro de las pr\u00e1cticas art\u00edsticas contempor\u00e1neas, destacando los nuevos lenguajes y herramientas tecnol\u00f3gicas en el contexto art\u00edstico latinoamericano.<\/p>\n\n\n\n<p><strong>Una Invitaci\u00f3n Abierta al Di\u00e1logo<\/strong><\/p>\n\n\n\n<p>El cierre del XIII Laboratorio de Cr\u00edtica Cultural es una oportunidad para dialogar y reflexionar sobre las exhibiciones art\u00edsticas de la regi\u00f3n, fomentando un espacio de debate en torno al estado actual del arte y sus posibilidades futuras. Balmaceda Arte Joven Valpara\u00edso extiende esta invitaci\u00f3n a la comunidad, consolidando su compromiso con la formaci\u00f3n y promoci\u00f3n de los j\u00f3venes cr\u00edticos y creadores.<\/p>\n\n\n\n<ul class=\"wp-block-list\">\n<li>Fecha: Martes 21 de enero<\/li>\n\n\n\n<li>Hora: 18:00 horas<\/li>\n\n\n\n<li>Lugar: Balmaceda Arte Joven Valpara\u00edso<\/li>\n\n\n\n<li>Actividad gratuita y abierta a todo p\u00fablico<\/li>\n<\/ul>\n\n\n\n<p>Para m\u00e1s informaci\u00f3n, visita baj.cl<\/p>\n","protected":false},"excerpt":{"rendered":"<p>El pr\u00f3ximo martes 21 de enero, a las 18:00 horas, Balmaceda Arte Joven Valpara\u00edso ser\u00e1 el escenario del evento de clausura del XIII Laboratorio de Cr\u00edtica Cultural (LCC), una actividad abierta a todo p\u00fablico que invita a explorar y debatir en torno a las pr\u00e1cticas art\u00edsticas contempor\u00e1neas y el ejercicio cr\u00edtico. El LCC, con ocho [&hellip;]<\/p>\n","protected":false},"author":1,"featured_media":21822,"comment_status":"closed","ping_status":"closed","sticky":false,"template":"","format":"standard","meta":{"_acf_changed":false,"footnotes":""},"categories":[8],"tags":[],"class_list":["post-21821","post","type-post","status-publish","format-standard","has-post-thumbnail","hentry","category-noticia"],"acf":[],"yoast_head":"<!-- This site is optimized with the Yoast SEO plugin v27.1.1 - https:\/\/yoast.com\/product\/yoast-seo-wordpress\/ -->\n<title>Di\u00e1logo y Reflexi\u00f3n en el Cierre del XIII Laboratorio de Cr\u00edtica Cultural en Balmaceda Arte Joven Valpara\u00edso - Valpara\u00ed\u00adso Creativo<\/title>\n<meta name=\"robots\" content=\"index, follow, max-snippet:-1, max-image-preview:large, max-video-preview:-1\" \/>\n<link rel=\"canonical\" href=\"https:\/\/dev.antudigital.cl\/sites\/vc\/dialogo-y-reflexion-en-el-cierre-del-xiii-laboratorio-de-critica-cultural-en-balmaceda-arte-joven-valparaiso\/\" \/>\n<meta property=\"og:locale\" content=\"es_ES\" \/>\n<meta property=\"og:type\" content=\"article\" \/>\n<meta property=\"og:title\" content=\"Di\u00e1logo y Reflexi\u00f3n en el Cierre del XIII Laboratorio de Cr\u00edtica Cultural en Balmaceda Arte Joven Valpara\u00edso - Valpara\u00ed\u00adso Creativo\" \/>\n<meta property=\"og:description\" content=\"El pr\u00f3ximo martes 21 de enero, a las 18:00 horas, Balmaceda Arte Joven Valpara\u00edso ser\u00e1 el escenario del evento de clausura del XIII Laboratorio de Cr\u00edtica Cultural (LCC), una actividad abierta a todo p\u00fablico que invita a explorar y debatir en torno a las pr\u00e1cticas art\u00edsticas contempor\u00e1neas y el ejercicio cr\u00edtico. El LCC, con ocho [&hellip;]\" \/>\n<meta property=\"og:url\" content=\"https:\/\/dev.antudigital.cl\/sites\/vc\/dialogo-y-reflexion-en-el-cierre-del-xiii-laboratorio-de-critica-cultural-en-balmaceda-arte-joven-valparaiso\/\" \/>\n<meta property=\"og:site_name\" content=\"Valpara\u00ed\u00adso Creativo\" \/>\n<meta property=\"article:published_time\" content=\"2025-01-19T23:51:32+00:00\" \/>\n<meta property=\"article:modified_time\" content=\"2025-01-19T23:51:47+00:00\" \/>\n<meta property=\"og:image\" content=\"https:\/\/dev.antudigital.cl\/sites\/vc\/wp-content\/uploads\/2025\/01\/BAJ-VALPO-scaled.jpg\" \/>\n\t<meta property=\"og:image:width\" content=\"2560\" \/>\n\t<meta property=\"og:image:height\" content=\"1505\" \/>\n\t<meta property=\"og:image:type\" content=\"image\/jpeg\" \/>\n<meta name=\"author\" content=\"Valpara\u00edso Creativo\" \/>\n<meta name=\"twitter:card\" content=\"summary_large_image\" \/>\n<meta name=\"twitter:label1\" content=\"Escrito por\" \/>\n\t<meta name=\"twitter:data1\" content=\"Valpara\u00edso Creativo\" \/>\n\t<meta name=\"twitter:label2\" content=\"Tiempo de lectura\" \/>\n\t<meta name=\"twitter:data2\" content=\"3 minutos\" \/>\n<script type=\"application\/ld+json\" class=\"yoast-schema-graph\">{\"@context\":\"https:\/\/schema.org\",\"@graph\":[{\"@type\":\"Article\",\"@id\":\"https:\/\/dev.antudigital.cl\/sites\/vc\/dialogo-y-reflexion-en-el-cierre-del-xiii-laboratorio-de-critica-cultural-en-balmaceda-arte-joven-valparaiso\/#article\",\"isPartOf\":{\"@id\":\"https:\/\/dev.antudigital.cl\/sites\/vc\/dialogo-y-reflexion-en-el-cierre-del-xiii-laboratorio-de-critica-cultural-en-balmaceda-arte-joven-valparaiso\/\"},\"author\":{\"name\":\"Valpara\u00edso Creativo\",\"@id\":\"https:\/\/dev.antudigital.cl\/sites\/vc\/#\/schema\/person\/c2b9da8dd545e27166fc5ab232837318\"},\"headline\":\"Di\u00e1logo y Reflexi\u00f3n en el Cierre del XIII Laboratorio de Cr\u00edtica Cultural en Balmaceda Arte Joven Valpara\u00edso\",\"datePublished\":\"2025-01-19T23:51:32+00:00\",\"dateModified\":\"2025-01-19T23:51:47+00:00\",\"mainEntityOfPage\":{\"@id\":\"https:\/\/dev.antudigital.cl\/sites\/vc\/dialogo-y-reflexion-en-el-cierre-del-xiii-laboratorio-de-critica-cultural-en-balmaceda-arte-joven-valparaiso\/\"},\"wordCount\":471,\"image\":{\"@id\":\"https:\/\/dev.antudigital.cl\/sites\/vc\/dialogo-y-reflexion-en-el-cierre-del-xiii-laboratorio-de-critica-cultural-en-balmaceda-arte-joven-valparaiso\/#primaryimage\"},\"thumbnailUrl\":\"https:\/\/dev.antudigital.cl\/sites\/vc\/wp-content\/uploads\/2025\/01\/BAJ-VALPO-scaled.jpg\",\"articleSection\":[\"Noticia\"],\"inLanguage\":\"es\"},{\"@type\":\"WebPage\",\"@id\":\"https:\/\/dev.antudigital.cl\/sites\/vc\/dialogo-y-reflexion-en-el-cierre-del-xiii-laboratorio-de-critica-cultural-en-balmaceda-arte-joven-valparaiso\/\",\"url\":\"https:\/\/dev.antudigital.cl\/sites\/vc\/dialogo-y-reflexion-en-el-cierre-del-xiii-laboratorio-de-critica-cultural-en-balmaceda-arte-joven-valparaiso\/\",\"name\":\"Di\u00e1logo y Reflexi\u00f3n en el Cierre del XIII Laboratorio de Cr\u00edtica Cultural en Balmaceda Arte Joven Valpara\u00edso - Valpara\u00ed\u00adso Creativo\",\"isPartOf\":{\"@id\":\"https:\/\/dev.antudigital.cl\/sites\/vc\/#website\"},\"primaryImageOfPage\":{\"@id\":\"https:\/\/dev.antudigital.cl\/sites\/vc\/dialogo-y-reflexion-en-el-cierre-del-xiii-laboratorio-de-critica-cultural-en-balmaceda-arte-joven-valparaiso\/#primaryimage\"},\"image\":{\"@id\":\"https:\/\/dev.antudigital.cl\/sites\/vc\/dialogo-y-reflexion-en-el-cierre-del-xiii-laboratorio-de-critica-cultural-en-balmaceda-arte-joven-valparaiso\/#primaryimage\"},\"thumbnailUrl\":\"https:\/\/dev.antudigital.cl\/sites\/vc\/wp-content\/uploads\/2025\/01\/BAJ-VALPO-scaled.jpg\",\"datePublished\":\"2025-01-19T23:51:32+00:00\",\"dateModified\":\"2025-01-19T23:51:47+00:00\",\"author\":{\"@id\":\"https:\/\/dev.antudigital.cl\/sites\/vc\/#\/schema\/person\/c2b9da8dd545e27166fc5ab232837318\"},\"breadcrumb\":{\"@id\":\"https:\/\/dev.antudigital.cl\/sites\/vc\/dialogo-y-reflexion-en-el-cierre-del-xiii-laboratorio-de-critica-cultural-en-balmaceda-arte-joven-valparaiso\/#breadcrumb\"},\"inLanguage\":\"es\",\"potentialAction\":[{\"@type\":\"ReadAction\",\"target\":[\"https:\/\/dev.antudigital.cl\/sites\/vc\/dialogo-y-reflexion-en-el-cierre-del-xiii-laboratorio-de-critica-cultural-en-balmaceda-arte-joven-valparaiso\/\"]}]},{\"@type\":\"ImageObject\",\"inLanguage\":\"es\",\"@id\":\"https:\/\/dev.antudigital.cl\/sites\/vc\/dialogo-y-reflexion-en-el-cierre-del-xiii-laboratorio-de-critica-cultural-en-balmaceda-arte-joven-valparaiso\/#primaryimage\",\"url\":\"https:\/\/dev.antudigital.cl\/sites\/vc\/wp-content\/uploads\/2025\/01\/BAJ-VALPO-scaled.jpg\",\"contentUrl\":\"https:\/\/dev.antudigital.cl\/sites\/vc\/wp-content\/uploads\/2025\/01\/BAJ-VALPO-scaled.jpg\",\"width\":2560,\"height\":1505,\"caption\":\"Screenshot\"},{\"@type\":\"BreadcrumbList\",\"@id\":\"https:\/\/dev.antudigital.cl\/sites\/vc\/dialogo-y-reflexion-en-el-cierre-del-xiii-laboratorio-de-critica-cultural-en-balmaceda-arte-joven-valparaiso\/#breadcrumb\",\"itemListElement\":[{\"@type\":\"ListItem\",\"position\":1,\"name\":\"Home\",\"item\":\"https:\/\/dev.antudigital.cl\/sites\/vc\/\"},{\"@type\":\"ListItem\",\"position\":2,\"name\":\"Di\u00e1logo y Reflexi\u00f3n en el Cierre del XIII Laboratorio de Cr\u00edtica Cultural en Balmaceda Arte Joven Valpara\u00edso\"}]},{\"@type\":\"WebSite\",\"@id\":\"https:\/\/dev.antudigital.cl\/sites\/vc\/#website\",\"url\":\"https:\/\/dev.antudigital.cl\/sites\/vc\/\",\"name\":\"Valpara\u00ed\u00adso Creativo\",\"description\":\"\",\"potentialAction\":[{\"@type\":\"SearchAction\",\"target\":{\"@type\":\"EntryPoint\",\"urlTemplate\":\"https:\/\/dev.antudigital.cl\/sites\/vc\/?s={search_term_string}\"},\"query-input\":{\"@type\":\"PropertyValueSpecification\",\"valueRequired\":true,\"valueName\":\"search_term_string\"}}],\"inLanguage\":\"es\"},{\"@type\":\"Person\",\"@id\":\"https:\/\/dev.antudigital.cl\/sites\/vc\/#\/schema\/person\/c2b9da8dd545e27166fc5ab232837318\",\"name\":\"Valpara\u00edso Creativo\",\"description\":\"Periodista de cultura en la Regi\u00f3n de Valpara\u00edso.\",\"url\":\"https:\/\/dev.antudigital.cl\/sites\/vc\/author\/valpoadmin\/\"}]}<\/script>\n<!-- \/ Yoast SEO plugin. -->","yoast_head_json":{"title":"Di\u00e1logo y Reflexi\u00f3n en el Cierre del XIII Laboratorio de Cr\u00edtica Cultural en Balmaceda Arte Joven Valpara\u00edso - Valpara\u00ed\u00adso Creativo","robots":{"index":"index","follow":"follow","max-snippet":"max-snippet:-1","max-image-preview":"max-image-preview:large","max-video-preview":"max-video-preview:-1"},"canonical":"https:\/\/dev.antudigital.cl\/sites\/vc\/dialogo-y-reflexion-en-el-cierre-del-xiii-laboratorio-de-critica-cultural-en-balmaceda-arte-joven-valparaiso\/","og_locale":"es_ES","og_type":"article","og_title":"Di\u00e1logo y Reflexi\u00f3n en el Cierre del XIII Laboratorio de Cr\u00edtica Cultural en Balmaceda Arte Joven Valpara\u00edso - Valpara\u00ed\u00adso Creativo","og_description":"El pr\u00f3ximo martes 21 de enero, a las 18:00 horas, Balmaceda Arte Joven Valpara\u00edso ser\u00e1 el escenario del evento de clausura del XIII Laboratorio de Cr\u00edtica Cultural (LCC), una actividad abierta a todo p\u00fablico que invita a explorar y debatir en torno a las pr\u00e1cticas art\u00edsticas contempor\u00e1neas y el ejercicio cr\u00edtico. El LCC, con ocho [&hellip;]","og_url":"https:\/\/dev.antudigital.cl\/sites\/vc\/dialogo-y-reflexion-en-el-cierre-del-xiii-laboratorio-de-critica-cultural-en-balmaceda-arte-joven-valparaiso\/","og_site_name":"Valpara\u00ed\u00adso Creativo","article_published_time":"2025-01-19T23:51:32+00:00","article_modified_time":"2025-01-19T23:51:47+00:00","og_image":[{"width":2560,"height":1505,"url":"https:\/\/dev.antudigital.cl\/sites\/vc\/wp-content\/uploads\/2025\/01\/BAJ-VALPO-scaled.jpg","type":"image\/jpeg"}],"author":"Valpara\u00edso Creativo","twitter_card":"summary_large_image","twitter_misc":{"Escrito por":"Valpara\u00edso Creativo","Tiempo de lectura":"3 minutos"},"schema":{"@context":"https:\/\/schema.org","@graph":[{"@type":"Article","@id":"https:\/\/dev.antudigital.cl\/sites\/vc\/dialogo-y-reflexion-en-el-cierre-del-xiii-laboratorio-de-critica-cultural-en-balmaceda-arte-joven-valparaiso\/#article","isPartOf":{"@id":"https:\/\/dev.antudigital.cl\/sites\/vc\/dialogo-y-reflexion-en-el-cierre-del-xiii-laboratorio-de-critica-cultural-en-balmaceda-arte-joven-valparaiso\/"},"author":{"name":"Valpara\u00edso Creativo","@id":"https:\/\/dev.antudigital.cl\/sites\/vc\/#\/schema\/person\/c2b9da8dd545e27166fc5ab232837318"},"headline":"Di\u00e1logo y Reflexi\u00f3n en el Cierre del XIII Laboratorio de Cr\u00edtica Cultural en Balmaceda Arte Joven Valpara\u00edso","datePublished":"2025-01-19T23:51:32+00:00","dateModified":"2025-01-19T23:51:47+00:00","mainEntityOfPage":{"@id":"https:\/\/dev.antudigital.cl\/sites\/vc\/dialogo-y-reflexion-en-el-cierre-del-xiii-laboratorio-de-critica-cultural-en-balmaceda-arte-joven-valparaiso\/"},"wordCount":471,"image":{"@id":"https:\/\/dev.antudigital.cl\/sites\/vc\/dialogo-y-reflexion-en-el-cierre-del-xiii-laboratorio-de-critica-cultural-en-balmaceda-arte-joven-valparaiso\/#primaryimage"},"thumbnailUrl":"https:\/\/dev.antudigital.cl\/sites\/vc\/wp-content\/uploads\/2025\/01\/BAJ-VALPO-scaled.jpg","articleSection":["Noticia"],"inLanguage":"es"},{"@type":"WebPage","@id":"https:\/\/dev.antudigital.cl\/sites\/vc\/dialogo-y-reflexion-en-el-cierre-del-xiii-laboratorio-de-critica-cultural-en-balmaceda-arte-joven-valparaiso\/","url":"https:\/\/dev.antudigital.cl\/sites\/vc\/dialogo-y-reflexion-en-el-cierre-del-xiii-laboratorio-de-critica-cultural-en-balmaceda-arte-joven-valparaiso\/","name":"Di\u00e1logo y Reflexi\u00f3n en el Cierre del XIII Laboratorio de Cr\u00edtica Cultural en Balmaceda Arte Joven Valpara\u00edso - Valpara\u00ed\u00adso Creativo","isPartOf":{"@id":"https:\/\/dev.antudigital.cl\/sites\/vc\/#website"},"primaryImageOfPage":{"@id":"https:\/\/dev.antudigital.cl\/sites\/vc\/dialogo-y-reflexion-en-el-cierre-del-xiii-laboratorio-de-critica-cultural-en-balmaceda-arte-joven-valparaiso\/#primaryimage"},"image":{"@id":"https:\/\/dev.antudigital.cl\/sites\/vc\/dialogo-y-reflexion-en-el-cierre-del-xiii-laboratorio-de-critica-cultural-en-balmaceda-arte-joven-valparaiso\/#primaryimage"},"thumbnailUrl":"https:\/\/dev.antudigital.cl\/sites\/vc\/wp-content\/uploads\/2025\/01\/BAJ-VALPO-scaled.jpg","datePublished":"2025-01-19T23:51:32+00:00","dateModified":"2025-01-19T23:51:47+00:00","author":{"@id":"https:\/\/dev.antudigital.cl\/sites\/vc\/#\/schema\/person\/c2b9da8dd545e27166fc5ab232837318"},"breadcrumb":{"@id":"https:\/\/dev.antudigital.cl\/sites\/vc\/dialogo-y-reflexion-en-el-cierre-del-xiii-laboratorio-de-critica-cultural-en-balmaceda-arte-joven-valparaiso\/#breadcrumb"},"inLanguage":"es","potentialAction":[{"@type":"ReadAction","target":["https:\/\/dev.antudigital.cl\/sites\/vc\/dialogo-y-reflexion-en-el-cierre-del-xiii-laboratorio-de-critica-cultural-en-balmaceda-arte-joven-valparaiso\/"]}]},{"@type":"ImageObject","inLanguage":"es","@id":"https:\/\/dev.antudigital.cl\/sites\/vc\/dialogo-y-reflexion-en-el-cierre-del-xiii-laboratorio-de-critica-cultural-en-balmaceda-arte-joven-valparaiso\/#primaryimage","url":"https:\/\/dev.antudigital.cl\/sites\/vc\/wp-content\/uploads\/2025\/01\/BAJ-VALPO-scaled.jpg","contentUrl":"https:\/\/dev.antudigital.cl\/sites\/vc\/wp-content\/uploads\/2025\/01\/BAJ-VALPO-scaled.jpg","width":2560,"height":1505,"caption":"Screenshot"},{"@type":"BreadcrumbList","@id":"https:\/\/dev.antudigital.cl\/sites\/vc\/dialogo-y-reflexion-en-el-cierre-del-xiii-laboratorio-de-critica-cultural-en-balmaceda-arte-joven-valparaiso\/#breadcrumb","itemListElement":[{"@type":"ListItem","position":1,"name":"Home","item":"https:\/\/dev.antudigital.cl\/sites\/vc\/"},{"@type":"ListItem","position":2,"name":"Di\u00e1logo y Reflexi\u00f3n en el Cierre del XIII Laboratorio de Cr\u00edtica Cultural en Balmaceda Arte Joven Valpara\u00edso"}]},{"@type":"WebSite","@id":"https:\/\/dev.antudigital.cl\/sites\/vc\/#website","url":"https:\/\/dev.antudigital.cl\/sites\/vc\/","name":"Valpara\u00ed\u00adso Creativo","description":"","potentialAction":[{"@type":"SearchAction","target":{"@type":"EntryPoint","urlTemplate":"https:\/\/dev.antudigital.cl\/sites\/vc\/?s={search_term_string}"},"query-input":{"@type":"PropertyValueSpecification","valueRequired":true,"valueName":"search_term_string"}}],"inLanguage":"es"},{"@type":"Person","@id":"https:\/\/dev.antudigital.cl\/sites\/vc\/#\/schema\/person\/c2b9da8dd545e27166fc5ab232837318","name":"Valpara\u00edso Creativo","description":"Periodista de cultura en la Regi\u00f3n de Valpara\u00edso.","url":"https:\/\/dev.antudigital.cl\/sites\/vc\/author\/valpoadmin\/"}]}},"_links":{"self":[{"href":"https:\/\/dev.antudigital.cl\/sites\/vc\/wp-json\/wp\/v2\/posts\/21821","targetHints":{"allow":["GET"]}}],"collection":[{"href":"https:\/\/dev.antudigital.cl\/sites\/vc\/wp-json\/wp\/v2\/posts"}],"about":[{"href":"https:\/\/dev.antudigital.cl\/sites\/vc\/wp-json\/wp\/v2\/types\/post"}],"author":[{"embeddable":true,"href":"https:\/\/dev.antudigital.cl\/sites\/vc\/wp-json\/wp\/v2\/users\/1"}],"replies":[{"embeddable":true,"href":"https:\/\/dev.antudigital.cl\/sites\/vc\/wp-json\/wp\/v2\/comments?post=21821"}],"version-history":[{"count":1,"href":"https:\/\/dev.antudigital.cl\/sites\/vc\/wp-json\/wp\/v2\/posts\/21821\/revisions"}],"predecessor-version":[{"id":21824,"href":"https:\/\/dev.antudigital.cl\/sites\/vc\/wp-json\/wp\/v2\/posts\/21821\/revisions\/21824"}],"wp:featuredmedia":[{"embeddable":true,"href":"https:\/\/dev.antudigital.cl\/sites\/vc\/wp-json\/wp\/v2\/media\/21822"}],"wp:attachment":[{"href":"https:\/\/dev.antudigital.cl\/sites\/vc\/wp-json\/wp\/v2\/media?parent=21821"}],"wp:term":[{"taxonomy":"category","embeddable":true,"href":"https:\/\/dev.antudigital.cl\/sites\/vc\/wp-json\/wp\/v2\/categories?post=21821"},{"taxonomy":"post_tag","embeddable":true,"href":"https:\/\/dev.antudigital.cl\/sites\/vc\/wp-json\/wp\/v2\/tags?post=21821"}],"curies":[{"name":"wp","href":"https:\/\/api.w.org\/{rel}","templated":true}]}}