{"id":21887,"date":"2025-01-22T15:00:00","date_gmt":"2025-01-22T15:00:00","guid":{"rendered":"https:\/\/www.valparaisocreativo.cl\/?p=21887"},"modified":"2025-01-22T15:00:20","modified_gmt":"2025-01-22T15:00:20","slug":"el-drama-y-thriller-psicologico-llega-a-insomnia-con-el-estreno-nacional-patio-de-chacales-y-el-esperado-musical-emilia-perez","status":"publish","type":"post","link":"https:\/\/dev.antudigital.cl\/sites\/vc\/el-drama-y-thriller-psicologico-llega-a-insomnia-con-el-estreno-nacional-patio-de-chacales-y-el-esperado-musical-emilia-perez\/","title":{"rendered":"El drama y thriller psicol\u00f3gico llega a INSOMNIA con el estreno nacional \u201cPatio de chacales\u201d y el esperado musical \u201cEmilia P\u00e9rez\u201d"},"content":{"rendered":"\n<p>INSOMNIA Teatro Condell estrena esta semana dos pel\u00edculas de drama y thriller psicol\u00f3gico que van a remecer a la audiencia: la \u00f3pera prima del director chileno Diego Figueroa \u201cPatio de Chacales\u201d, protagonizada por N\u00e9stor Cantillana y Blanca Lewin y el esperado film del director&nbsp;Jacques Audiard \u201cEmilia P\u00e9rez\u201d, una co-producci\u00f3n entre Francia, M\u00e9xico y Espa\u00f1a que re\u00fane a&nbsp;Karla Sof\u00eda Gasc\u00f3n, Selena G\u00f3mez, Zoe Salda\u00f1a y que tuvo una incre\u00edble acogida en el Festival de Cannes, ganando de manera colectiva su reparto la Palma de Oro a mejor actriz y en los Globos de oro ganando como mejor pel\u00edcula.<\/p>\n\n\n\n<p>Patio de Chacales es el primer filme nacional en recibir el premio a Mejor Director en el Tallinn Black Nights Film Festival, la \u00f3pera prima del director&nbsp;<strong>Diego Figueroa<\/strong>, producida por&nbsp;<strong>Infractor Films<\/strong>, combina el drama con el terror psicol\u00f3gico, siendo aclamada en festivales internacionales y nacionales, consolidando a Figueroa como una de las nuevas promesas del cine chileno. Su elenco est\u00e1 compuesto por N\u00e9stor Cantillana, Blanca Lewin, Grimanesa Jim\u00e9nez, Consuelo Holzapfel, Juan Cano, Rodrigo P\u00e9rez, Mar\u00eda Jes\u00fas Marcone y Pablo Schwarz<\/p>\n\n\n\n<p>Tras su exitoso estreno mundial en el prestigioso Tallinn Black Nights Film Festival, donde Figueroa fue reconocido como Mejor Director en la categor\u00eda de \u00d3peras Primas \u2014siendo la primera vez que este galard\u00f3n se otorga a un director chileno\u2014, y su paso por FicVi\u00f1a, Patio de Chacales llega a la cartelera nacional para cautivar a los espectadores con una historia de suspenso, miedo y cr\u00edtica social.<\/p>\n\n\n\n<p>Ambientada en 1975, la pel\u00edcula cuenta la historia de Ra\u00fal, un maquetista que vive tranquilamente en un barrio aparentemente apacible. Sin embargo, la llegada de nuevos vecinos desata una espiral de eventos violentos que revelan los oscuros secretos que se ocultan tras las puertas cerradas. Con una propuesta visual y sonora que pone \u00e9nfasis en lo no visto, el filme desaf\u00eda al p\u00fablico a construir la narrativa junto al protagonista, sumergi\u00e9ndolos en un inquietante juego de percepci\u00f3n. El filme se estrenar\u00e1 con cine foro este jueves 23 de enero a las 19:00 horas y tendr\u00e1 otra funci\u00f3n en el mes de enero el mi\u00e9rcoles 29 a las 19:30 horas.<\/p>\n\n\n\n<p>\u201cEmilia P\u00e9rez\u201d es una pel\u00edcula del director franc\u00e9s Jacques Audiard que ha tenido un exitoso paso por los festivales de cine internacionales, obteniendo galardones en el Festival de Cannes (Mejor actriz de manera colectiva a todo el reparto femenino y el premio del jurado), en los Globos de Oro (Mejor pel\u00edcula, Mejor actriz de reparto, Mejor canci\u00f3n original y Mejor pel\u00edcula de habla no inglesa) y en los Premios de Cine Europeo EFA (Mejor pel\u00edcula, director, actriz, gui\u00f3n y montaje).<\/p>\n\n\n\n<figure class=\"wp-block-image size-large\"><img fetchpriority=\"high\" decoding=\"async\" width=\"1024\" height=\"682\" src=\"https:\/\/www.valparaisocreativo.cl\/wp-content\/uploads\/2025\/01\/EmiliaPerez-2-1024x682.jpeg\" alt=\"\" class=\"wp-image-21889\" srcset=\"https:\/\/dev.antudigital.cl\/sites\/vc\/wp-content\/uploads\/2025\/01\/EmiliaPerez-2-1024x682.jpeg 1024w, https:\/\/dev.antudigital.cl\/sites\/vc\/wp-content\/uploads\/2025\/01\/EmiliaPerez-2-300x200.jpeg 300w, https:\/\/dev.antudigital.cl\/sites\/vc\/wp-content\/uploads\/2025\/01\/EmiliaPerez-2-768x512.jpeg 768w, https:\/\/dev.antudigital.cl\/sites\/vc\/wp-content\/uploads\/2025\/01\/EmiliaPerez-2-1536x1023.jpeg 1536w, https:\/\/dev.antudigital.cl\/sites\/vc\/wp-content\/uploads\/2025\/01\/EmiliaPerez-2-1080x720.jpeg 1080w, https:\/\/dev.antudigital.cl\/sites\/vc\/wp-content\/uploads\/2025\/01\/EmiliaPerez-2-1280x853.jpeg 1280w, https:\/\/dev.antudigital.cl\/sites\/vc\/wp-content\/uploads\/2025\/01\/EmiliaPerez-2-980x653.jpeg 980w, https:\/\/dev.antudigital.cl\/sites\/vc\/wp-content\/uploads\/2025\/01\/EmiliaPerez-2-480x320.jpeg 480w, https:\/\/dev.antudigital.cl\/sites\/vc\/wp-content\/uploads\/2025\/01\/EmiliaPerez-2-24x16.jpeg 24w, https:\/\/dev.antudigital.cl\/sites\/vc\/wp-content\/uploads\/2025\/01\/EmiliaPerez-2-36x24.jpeg 36w, https:\/\/dev.antudigital.cl\/sites\/vc\/wp-content\/uploads\/2025\/01\/EmiliaPerez-2-48x32.jpeg 48w, https:\/\/dev.antudigital.cl\/sites\/vc\/wp-content\/uploads\/2025\/01\/EmiliaPerez-2.jpeg 1600w\" sizes=\"(max-width: 1024px) 100vw, 1024px\" \/><\/figure>\n\n\n\n<p>Con un destacado elenco compuesto por Karla Sof\u00eda Gasc\u00f3n,&nbsp;Selena Gomez, Zoe Salda\u00f1a y Edgar Ram\u00edrez, esta co-producci\u00f3n entre Francia, Espa\u00f1a y M\u00e9xico es un musical que mezcla el drama y el thriller psicol\u00f3gico. Ambientada en M\u00e9xico, cuenta la historia de&nbsp;la abogada Rita, quien trabaja para una gran firma que se dedica m\u00e1s a encubrir la basura criminal que a servir a la justicia. Pero aparece una salida inesperada, el tipo de ofertas que no puedes rechazar: ayudar al temido jefe del cartel Juan \u00abManitas\u00bb Del Monte a retirarse de su negocio y desaparecer para siempre. Manitas tiene un plan que ha estado perfeccionando en secreto durante a\u00f1os: convertirse, finalmente, en la mujer que siempre ha so\u00f1ado ser.<\/p>\n\n\n\n<p>\u201cEmilia P\u00e9rez\u201d se estrena este s\u00e1bado 25 de enero a las 21:30 horas y tendr\u00e1 m\u00e1s proyecciones el jueves 30 de enero (21:00) y en la primera quincena de febrero. La compra de entradas se realiza presencialmente en boleter\u00eda. Para m\u00e1s informaci\u00f3n, revisa&nbsp;<a href=\"http:\/\/www.insomniacine.cl\/\" target=\"_blank\" rel=\"noreferrer noopener\">www.insomniacine.cl<\/a><\/p>\n\n\n\n<figure class=\"wp-block-image size-large\"><img decoding=\"async\" width=\"1024\" height=\"682\" src=\"https:\/\/www.valparaisocreativo.cl\/wp-content\/uploads\/2025\/01\/Emilia-Perez-3-1024x682.jpeg\" alt=\"\" class=\"wp-image-21888\" srcset=\"https:\/\/dev.antudigital.cl\/sites\/vc\/wp-content\/uploads\/2025\/01\/Emilia-Perez-3-1024x682.jpeg 1024w, https:\/\/dev.antudigital.cl\/sites\/vc\/wp-content\/uploads\/2025\/01\/Emilia-Perez-3-300x200.jpeg 300w, https:\/\/dev.antudigital.cl\/sites\/vc\/wp-content\/uploads\/2025\/01\/Emilia-Perez-3-768x512.jpeg 768w, https:\/\/dev.antudigital.cl\/sites\/vc\/wp-content\/uploads\/2025\/01\/Emilia-Perez-3-1536x1023.jpeg 1536w, https:\/\/dev.antudigital.cl\/sites\/vc\/wp-content\/uploads\/2025\/01\/Emilia-Perez-3-1080x720.jpeg 1080w, https:\/\/dev.antudigital.cl\/sites\/vc\/wp-content\/uploads\/2025\/01\/Emilia-Perez-3-1280x853.jpeg 1280w, https:\/\/dev.antudigital.cl\/sites\/vc\/wp-content\/uploads\/2025\/01\/Emilia-Perez-3-980x653.jpeg 980w, https:\/\/dev.antudigital.cl\/sites\/vc\/wp-content\/uploads\/2025\/01\/Emilia-Perez-3-480x320.jpeg 480w, https:\/\/dev.antudigital.cl\/sites\/vc\/wp-content\/uploads\/2025\/01\/Emilia-Perez-3-24x16.jpeg 24w, https:\/\/dev.antudigital.cl\/sites\/vc\/wp-content\/uploads\/2025\/01\/Emilia-Perez-3-36x24.jpeg 36w, https:\/\/dev.antudigital.cl\/sites\/vc\/wp-content\/uploads\/2025\/01\/Emilia-Perez-3-48x32.jpeg 48w, https:\/\/dev.antudigital.cl\/sites\/vc\/wp-content\/uploads\/2025\/01\/Emilia-Perez-3.jpeg 1600w\" sizes=\"(max-width: 1024px) 100vw, 1024px\" \/><\/figure>\n","protected":false},"excerpt":{"rendered":"<p>INSOMNIA Teatro Condell estrena esta semana dos pel\u00edculas de drama y thriller psicol\u00f3gico que van a remecer a la audiencia: la \u00f3pera prima del director chileno Diego Figueroa \u201cPatio de Chacales\u201d, protagonizada por N\u00e9stor Cantillana y Blanca Lewin y el esperado film del director&nbsp;Jacques Audiard \u201cEmilia P\u00e9rez\u201d, una co-producci\u00f3n entre Francia, M\u00e9xico y Espa\u00f1a que [&hellip;]<\/p>\n","protected":false},"author":1,"featured_media":21890,"comment_status":"closed","ping_status":"closed","sticky":false,"template":"","format":"standard","meta":{"_acf_changed":false,"footnotes":""},"categories":[8],"tags":[],"class_list":["post-21887","post","type-post","status-publish","format-standard","has-post-thumbnail","hentry","category-noticia"],"acf":[],"yoast_head":"<!-- This site is optimized with the Yoast SEO plugin v27.1.1 - https:\/\/yoast.com\/product\/yoast-seo-wordpress\/ -->\n<title>El drama y thriller psicol\u00f3gico llega a INSOMNIA con el estreno nacional \u201cPatio de chacales\u201d y el esperado musical \u201cEmilia P\u00e9rez\u201d - Valpara\u00ed\u00adso Creativo<\/title>\n<meta name=\"robots\" content=\"index, follow, max-snippet:-1, max-image-preview:large, max-video-preview:-1\" \/>\n<link rel=\"canonical\" href=\"https:\/\/dev.antudigital.cl\/sites\/vc\/el-drama-y-thriller-psicologico-llega-a-insomnia-con-el-estreno-nacional-patio-de-chacales-y-el-esperado-musical-emilia-perez\/\" \/>\n<meta property=\"og:locale\" content=\"es_ES\" \/>\n<meta property=\"og:type\" content=\"article\" \/>\n<meta property=\"og:title\" content=\"El drama y thriller psicol\u00f3gico llega a INSOMNIA con el estreno nacional \u201cPatio de chacales\u201d y el esperado musical \u201cEmilia P\u00e9rez\u201d - Valpara\u00ed\u00adso Creativo\" \/>\n<meta property=\"og:description\" content=\"INSOMNIA Teatro Condell estrena esta semana dos pel\u00edculas de drama y thriller psicol\u00f3gico que van a remecer a la audiencia: la \u00f3pera prima del director chileno Diego Figueroa \u201cPatio de Chacales\u201d, protagonizada por N\u00e9stor Cantillana y Blanca Lewin y el esperado film del director&nbsp;Jacques Audiard \u201cEmilia P\u00e9rez\u201d, una co-producci\u00f3n entre Francia, M\u00e9xico y Espa\u00f1a que [&hellip;]\" \/>\n<meta property=\"og:url\" content=\"https:\/\/dev.antudigital.cl\/sites\/vc\/el-drama-y-thriller-psicologico-llega-a-insomnia-con-el-estreno-nacional-patio-de-chacales-y-el-esperado-musical-emilia-perez\/\" \/>\n<meta property=\"og:site_name\" content=\"Valpara\u00ed\u00adso Creativo\" \/>\n<meta property=\"article:published_time\" content=\"2025-01-22T15:00:00+00:00\" \/>\n<meta property=\"article:modified_time\" content=\"2025-01-22T15:00:20+00:00\" \/>\n<meta property=\"og:image\" content=\"https:\/\/dev.antudigital.cl\/sites\/vc\/wp-content\/uploads\/2025\/01\/PatioDeChacales-2.jpeg\" \/>\n\t<meta property=\"og:image:width\" content=\"1600\" \/>\n\t<meta property=\"og:image:height\" content=\"900\" \/>\n\t<meta property=\"og:image:type\" content=\"image\/jpeg\" \/>\n<meta name=\"author\" content=\"Valpara\u00edso Creativo\" \/>\n<meta name=\"twitter:card\" content=\"summary_large_image\" \/>\n<meta name=\"twitter:label1\" content=\"Escrito por\" \/>\n\t<meta name=\"twitter:data1\" content=\"Valpara\u00edso Creativo\" \/>\n\t<meta name=\"twitter:label2\" content=\"Tiempo de lectura\" \/>\n\t<meta name=\"twitter:data2\" content=\"4 minutos\" \/>\n<script type=\"application\/ld+json\" class=\"yoast-schema-graph\">{\"@context\":\"https:\/\/schema.org\",\"@graph\":[{\"@type\":\"Article\",\"@id\":\"https:\/\/dev.antudigital.cl\/sites\/vc\/el-drama-y-thriller-psicologico-llega-a-insomnia-con-el-estreno-nacional-patio-de-chacales-y-el-esperado-musical-emilia-perez\/#article\",\"isPartOf\":{\"@id\":\"https:\/\/dev.antudigital.cl\/sites\/vc\/el-drama-y-thriller-psicologico-llega-a-insomnia-con-el-estreno-nacional-patio-de-chacales-y-el-esperado-musical-emilia-perez\/\"},\"author\":{\"name\":\"Valpara\u00edso Creativo\",\"@id\":\"https:\/\/dev.antudigital.cl\/sites\/vc\/#\/schema\/person\/c2b9da8dd545e27166fc5ab232837318\"},\"headline\":\"El drama y thriller psicol\u00f3gico llega a INSOMNIA con el estreno nacional \u201cPatio de chacales\u201d y el esperado musical \u201cEmilia P\u00e9rez\u201d\",\"datePublished\":\"2025-01-22T15:00:00+00:00\",\"dateModified\":\"2025-01-22T15:00:20+00:00\",\"mainEntityOfPage\":{\"@id\":\"https:\/\/dev.antudigital.cl\/sites\/vc\/el-drama-y-thriller-psicologico-llega-a-insomnia-con-el-estreno-nacional-patio-de-chacales-y-el-esperado-musical-emilia-perez\/\"},\"wordCount\":680,\"image\":{\"@id\":\"https:\/\/dev.antudigital.cl\/sites\/vc\/el-drama-y-thriller-psicologico-llega-a-insomnia-con-el-estreno-nacional-patio-de-chacales-y-el-esperado-musical-emilia-perez\/#primaryimage\"},\"thumbnailUrl\":\"https:\/\/dev.antudigital.cl\/sites\/vc\/wp-content\/uploads\/2025\/01\/PatioDeChacales-2.jpeg\",\"articleSection\":[\"Noticia\"],\"inLanguage\":\"es\"},{\"@type\":\"WebPage\",\"@id\":\"https:\/\/dev.antudigital.cl\/sites\/vc\/el-drama-y-thriller-psicologico-llega-a-insomnia-con-el-estreno-nacional-patio-de-chacales-y-el-esperado-musical-emilia-perez\/\",\"url\":\"https:\/\/dev.antudigital.cl\/sites\/vc\/el-drama-y-thriller-psicologico-llega-a-insomnia-con-el-estreno-nacional-patio-de-chacales-y-el-esperado-musical-emilia-perez\/\",\"name\":\"El drama y thriller psicol\u00f3gico llega a INSOMNIA con el estreno nacional \u201cPatio de chacales\u201d y el esperado musical \u201cEmilia P\u00e9rez\u201d - Valpara\u00ed\u00adso Creativo\",\"isPartOf\":{\"@id\":\"https:\/\/dev.antudigital.cl\/sites\/vc\/#website\"},\"primaryImageOfPage\":{\"@id\":\"https:\/\/dev.antudigital.cl\/sites\/vc\/el-drama-y-thriller-psicologico-llega-a-insomnia-con-el-estreno-nacional-patio-de-chacales-y-el-esperado-musical-emilia-perez\/#primaryimage\"},\"image\":{\"@id\":\"https:\/\/dev.antudigital.cl\/sites\/vc\/el-drama-y-thriller-psicologico-llega-a-insomnia-con-el-estreno-nacional-patio-de-chacales-y-el-esperado-musical-emilia-perez\/#primaryimage\"},\"thumbnailUrl\":\"https:\/\/dev.antudigital.cl\/sites\/vc\/wp-content\/uploads\/2025\/01\/PatioDeChacales-2.jpeg\",\"datePublished\":\"2025-01-22T15:00:00+00:00\",\"dateModified\":\"2025-01-22T15:00:20+00:00\",\"author\":{\"@id\":\"https:\/\/dev.antudigital.cl\/sites\/vc\/#\/schema\/person\/c2b9da8dd545e27166fc5ab232837318\"},\"breadcrumb\":{\"@id\":\"https:\/\/dev.antudigital.cl\/sites\/vc\/el-drama-y-thriller-psicologico-llega-a-insomnia-con-el-estreno-nacional-patio-de-chacales-y-el-esperado-musical-emilia-perez\/#breadcrumb\"},\"inLanguage\":\"es\",\"potentialAction\":[{\"@type\":\"ReadAction\",\"target\":[\"https:\/\/dev.antudigital.cl\/sites\/vc\/el-drama-y-thriller-psicologico-llega-a-insomnia-con-el-estreno-nacional-patio-de-chacales-y-el-esperado-musical-emilia-perez\/\"]}]},{\"@type\":\"ImageObject\",\"inLanguage\":\"es\",\"@id\":\"https:\/\/dev.antudigital.cl\/sites\/vc\/el-drama-y-thriller-psicologico-llega-a-insomnia-con-el-estreno-nacional-patio-de-chacales-y-el-esperado-musical-emilia-perez\/#primaryimage\",\"url\":\"https:\/\/dev.antudigital.cl\/sites\/vc\/wp-content\/uploads\/2025\/01\/PatioDeChacales-2.jpeg\",\"contentUrl\":\"https:\/\/dev.antudigital.cl\/sites\/vc\/wp-content\/uploads\/2025\/01\/PatioDeChacales-2.jpeg\",\"width\":1600,\"height\":900},{\"@type\":\"BreadcrumbList\",\"@id\":\"https:\/\/dev.antudigital.cl\/sites\/vc\/el-drama-y-thriller-psicologico-llega-a-insomnia-con-el-estreno-nacional-patio-de-chacales-y-el-esperado-musical-emilia-perez\/#breadcrumb\",\"itemListElement\":[{\"@type\":\"ListItem\",\"position\":1,\"name\":\"Home\",\"item\":\"https:\/\/dev.antudigital.cl\/sites\/vc\/\"},{\"@type\":\"ListItem\",\"position\":2,\"name\":\"El drama y thriller psicol\u00f3gico llega a INSOMNIA con el estreno nacional \u201cPatio de chacales\u201d y el esperado musical \u201cEmilia P\u00e9rez\u201d\"}]},{\"@type\":\"WebSite\",\"@id\":\"https:\/\/dev.antudigital.cl\/sites\/vc\/#website\",\"url\":\"https:\/\/dev.antudigital.cl\/sites\/vc\/\",\"name\":\"Valpara\u00ed\u00adso Creativo\",\"description\":\"\",\"potentialAction\":[{\"@type\":\"SearchAction\",\"target\":{\"@type\":\"EntryPoint\",\"urlTemplate\":\"https:\/\/dev.antudigital.cl\/sites\/vc\/?s={search_term_string}\"},\"query-input\":{\"@type\":\"PropertyValueSpecification\",\"valueRequired\":true,\"valueName\":\"search_term_string\"}}],\"inLanguage\":\"es\"},{\"@type\":\"Person\",\"@id\":\"https:\/\/dev.antudigital.cl\/sites\/vc\/#\/schema\/person\/c2b9da8dd545e27166fc5ab232837318\",\"name\":\"Valpara\u00edso Creativo\",\"description\":\"Periodista de cultura en la Regi\u00f3n de Valpara\u00edso.\",\"url\":\"https:\/\/dev.antudigital.cl\/sites\/vc\/author\/valpoadmin\/\"}]}<\/script>\n<!-- \/ Yoast SEO plugin. -->","yoast_head_json":{"title":"El drama y thriller psicol\u00f3gico llega a INSOMNIA con el estreno nacional \u201cPatio de chacales\u201d y el esperado musical \u201cEmilia P\u00e9rez\u201d - Valpara\u00ed\u00adso Creativo","robots":{"index":"index","follow":"follow","max-snippet":"max-snippet:-1","max-image-preview":"max-image-preview:large","max-video-preview":"max-video-preview:-1"},"canonical":"https:\/\/dev.antudigital.cl\/sites\/vc\/el-drama-y-thriller-psicologico-llega-a-insomnia-con-el-estreno-nacional-patio-de-chacales-y-el-esperado-musical-emilia-perez\/","og_locale":"es_ES","og_type":"article","og_title":"El drama y thriller psicol\u00f3gico llega a INSOMNIA con el estreno nacional \u201cPatio de chacales\u201d y el esperado musical \u201cEmilia P\u00e9rez\u201d - Valpara\u00ed\u00adso Creativo","og_description":"INSOMNIA Teatro Condell estrena esta semana dos pel\u00edculas de drama y thriller psicol\u00f3gico que van a remecer a la audiencia: la \u00f3pera prima del director chileno Diego Figueroa \u201cPatio de Chacales\u201d, protagonizada por N\u00e9stor Cantillana y Blanca Lewin y el esperado film del director&nbsp;Jacques Audiard \u201cEmilia P\u00e9rez\u201d, una co-producci\u00f3n entre Francia, M\u00e9xico y Espa\u00f1a que [&hellip;]","og_url":"https:\/\/dev.antudigital.cl\/sites\/vc\/el-drama-y-thriller-psicologico-llega-a-insomnia-con-el-estreno-nacional-patio-de-chacales-y-el-esperado-musical-emilia-perez\/","og_site_name":"Valpara\u00ed\u00adso Creativo","article_published_time":"2025-01-22T15:00:00+00:00","article_modified_time":"2025-01-22T15:00:20+00:00","og_image":[{"width":1600,"height":900,"url":"https:\/\/dev.antudigital.cl\/sites\/vc\/wp-content\/uploads\/2025\/01\/PatioDeChacales-2.jpeg","type":"image\/jpeg"}],"author":"Valpara\u00edso Creativo","twitter_card":"summary_large_image","twitter_misc":{"Escrito por":"Valpara\u00edso Creativo","Tiempo de lectura":"4 minutos"},"schema":{"@context":"https:\/\/schema.org","@graph":[{"@type":"Article","@id":"https:\/\/dev.antudigital.cl\/sites\/vc\/el-drama-y-thriller-psicologico-llega-a-insomnia-con-el-estreno-nacional-patio-de-chacales-y-el-esperado-musical-emilia-perez\/#article","isPartOf":{"@id":"https:\/\/dev.antudigital.cl\/sites\/vc\/el-drama-y-thriller-psicologico-llega-a-insomnia-con-el-estreno-nacional-patio-de-chacales-y-el-esperado-musical-emilia-perez\/"},"author":{"name":"Valpara\u00edso Creativo","@id":"https:\/\/dev.antudigital.cl\/sites\/vc\/#\/schema\/person\/c2b9da8dd545e27166fc5ab232837318"},"headline":"El drama y thriller psicol\u00f3gico llega a INSOMNIA con el estreno nacional \u201cPatio de chacales\u201d y el esperado musical \u201cEmilia P\u00e9rez\u201d","datePublished":"2025-01-22T15:00:00+00:00","dateModified":"2025-01-22T15:00:20+00:00","mainEntityOfPage":{"@id":"https:\/\/dev.antudigital.cl\/sites\/vc\/el-drama-y-thriller-psicologico-llega-a-insomnia-con-el-estreno-nacional-patio-de-chacales-y-el-esperado-musical-emilia-perez\/"},"wordCount":680,"image":{"@id":"https:\/\/dev.antudigital.cl\/sites\/vc\/el-drama-y-thriller-psicologico-llega-a-insomnia-con-el-estreno-nacional-patio-de-chacales-y-el-esperado-musical-emilia-perez\/#primaryimage"},"thumbnailUrl":"https:\/\/dev.antudigital.cl\/sites\/vc\/wp-content\/uploads\/2025\/01\/PatioDeChacales-2.jpeg","articleSection":["Noticia"],"inLanguage":"es"},{"@type":"WebPage","@id":"https:\/\/dev.antudigital.cl\/sites\/vc\/el-drama-y-thriller-psicologico-llega-a-insomnia-con-el-estreno-nacional-patio-de-chacales-y-el-esperado-musical-emilia-perez\/","url":"https:\/\/dev.antudigital.cl\/sites\/vc\/el-drama-y-thriller-psicologico-llega-a-insomnia-con-el-estreno-nacional-patio-de-chacales-y-el-esperado-musical-emilia-perez\/","name":"El drama y thriller psicol\u00f3gico llega a INSOMNIA con el estreno nacional \u201cPatio de chacales\u201d y el esperado musical \u201cEmilia P\u00e9rez\u201d - Valpara\u00ed\u00adso Creativo","isPartOf":{"@id":"https:\/\/dev.antudigital.cl\/sites\/vc\/#website"},"primaryImageOfPage":{"@id":"https:\/\/dev.antudigital.cl\/sites\/vc\/el-drama-y-thriller-psicologico-llega-a-insomnia-con-el-estreno-nacional-patio-de-chacales-y-el-esperado-musical-emilia-perez\/#primaryimage"},"image":{"@id":"https:\/\/dev.antudigital.cl\/sites\/vc\/el-drama-y-thriller-psicologico-llega-a-insomnia-con-el-estreno-nacional-patio-de-chacales-y-el-esperado-musical-emilia-perez\/#primaryimage"},"thumbnailUrl":"https:\/\/dev.antudigital.cl\/sites\/vc\/wp-content\/uploads\/2025\/01\/PatioDeChacales-2.jpeg","datePublished":"2025-01-22T15:00:00+00:00","dateModified":"2025-01-22T15:00:20+00:00","author":{"@id":"https:\/\/dev.antudigital.cl\/sites\/vc\/#\/schema\/person\/c2b9da8dd545e27166fc5ab232837318"},"breadcrumb":{"@id":"https:\/\/dev.antudigital.cl\/sites\/vc\/el-drama-y-thriller-psicologico-llega-a-insomnia-con-el-estreno-nacional-patio-de-chacales-y-el-esperado-musical-emilia-perez\/#breadcrumb"},"inLanguage":"es","potentialAction":[{"@type":"ReadAction","target":["https:\/\/dev.antudigital.cl\/sites\/vc\/el-drama-y-thriller-psicologico-llega-a-insomnia-con-el-estreno-nacional-patio-de-chacales-y-el-esperado-musical-emilia-perez\/"]}]},{"@type":"ImageObject","inLanguage":"es","@id":"https:\/\/dev.antudigital.cl\/sites\/vc\/el-drama-y-thriller-psicologico-llega-a-insomnia-con-el-estreno-nacional-patio-de-chacales-y-el-esperado-musical-emilia-perez\/#primaryimage","url":"https:\/\/dev.antudigital.cl\/sites\/vc\/wp-content\/uploads\/2025\/01\/PatioDeChacales-2.jpeg","contentUrl":"https:\/\/dev.antudigital.cl\/sites\/vc\/wp-content\/uploads\/2025\/01\/PatioDeChacales-2.jpeg","width":1600,"height":900},{"@type":"BreadcrumbList","@id":"https:\/\/dev.antudigital.cl\/sites\/vc\/el-drama-y-thriller-psicologico-llega-a-insomnia-con-el-estreno-nacional-patio-de-chacales-y-el-esperado-musical-emilia-perez\/#breadcrumb","itemListElement":[{"@type":"ListItem","position":1,"name":"Home","item":"https:\/\/dev.antudigital.cl\/sites\/vc\/"},{"@type":"ListItem","position":2,"name":"El drama y thriller psicol\u00f3gico llega a INSOMNIA con el estreno nacional \u201cPatio de chacales\u201d y el esperado musical \u201cEmilia P\u00e9rez\u201d"}]},{"@type":"WebSite","@id":"https:\/\/dev.antudigital.cl\/sites\/vc\/#website","url":"https:\/\/dev.antudigital.cl\/sites\/vc\/","name":"Valpara\u00ed\u00adso Creativo","description":"","potentialAction":[{"@type":"SearchAction","target":{"@type":"EntryPoint","urlTemplate":"https:\/\/dev.antudigital.cl\/sites\/vc\/?s={search_term_string}"},"query-input":{"@type":"PropertyValueSpecification","valueRequired":true,"valueName":"search_term_string"}}],"inLanguage":"es"},{"@type":"Person","@id":"https:\/\/dev.antudigital.cl\/sites\/vc\/#\/schema\/person\/c2b9da8dd545e27166fc5ab232837318","name":"Valpara\u00edso Creativo","description":"Periodista de cultura en la Regi\u00f3n de Valpara\u00edso.","url":"https:\/\/dev.antudigital.cl\/sites\/vc\/author\/valpoadmin\/"}]}},"_links":{"self":[{"href":"https:\/\/dev.antudigital.cl\/sites\/vc\/wp-json\/wp\/v2\/posts\/21887","targetHints":{"allow":["GET"]}}],"collection":[{"href":"https:\/\/dev.antudigital.cl\/sites\/vc\/wp-json\/wp\/v2\/posts"}],"about":[{"href":"https:\/\/dev.antudigital.cl\/sites\/vc\/wp-json\/wp\/v2\/types\/post"}],"author":[{"embeddable":true,"href":"https:\/\/dev.antudigital.cl\/sites\/vc\/wp-json\/wp\/v2\/users\/1"}],"replies":[{"embeddable":true,"href":"https:\/\/dev.antudigital.cl\/sites\/vc\/wp-json\/wp\/v2\/comments?post=21887"}],"version-history":[{"count":1,"href":"https:\/\/dev.antudigital.cl\/sites\/vc\/wp-json\/wp\/v2\/posts\/21887\/revisions"}],"predecessor-version":[{"id":21891,"href":"https:\/\/dev.antudigital.cl\/sites\/vc\/wp-json\/wp\/v2\/posts\/21887\/revisions\/21891"}],"wp:featuredmedia":[{"embeddable":true,"href":"https:\/\/dev.antudigital.cl\/sites\/vc\/wp-json\/wp\/v2\/media\/21890"}],"wp:attachment":[{"href":"https:\/\/dev.antudigital.cl\/sites\/vc\/wp-json\/wp\/v2\/media?parent=21887"}],"wp:term":[{"taxonomy":"category","embeddable":true,"href":"https:\/\/dev.antudigital.cl\/sites\/vc\/wp-json\/wp\/v2\/categories?post=21887"},{"taxonomy":"post_tag","embeddable":true,"href":"https:\/\/dev.antudigital.cl\/sites\/vc\/wp-json\/wp\/v2\/tags?post=21887"}],"curies":[{"name":"wp","href":"https:\/\/api.w.org\/{rel}","templated":true}]}}