{"id":21968,"date":"2025-02-02T22:35:02","date_gmt":"2025-02-02T22:35:02","guid":{"rendered":"https:\/\/www.valparaisocreativo.cl\/?p=21968"},"modified":"2025-02-02T22:35:20","modified_gmt":"2025-02-02T22:35:20","slug":"el-color-del-grito-la-retrospectiva-del-disenador-uv-alvaro-tapia-que-se-presenta-en-el-centex","status":"publish","type":"post","link":"https:\/\/dev.antudigital.cl\/sites\/vc\/el-color-del-grito-la-retrospectiva-del-disenador-uv-alvaro-tapia-que-se-presenta-en-el-centex\/","title":{"rendered":"\u201cEl color del grito\u201d, la retrospectiva del Dise\u00f1ador UV \u00c1lvaro Tapia, que se presenta en el Centex"},"content":{"rendered":"\n<p>El dise\u00f1ador e ilustrador \u00c1lvaro Tapia se encuentra presentando parte de su obra en la retrospectiva \u201cEl color del grito\u201d, que se exhibe en el espacio Galer\u00eda Nacional del Centex, ubicado en Sotomayor 233, Barrio Puerto, Valpara\u00edso. Considerado uno de los ilustradores m\u00e1s destacados a nivel nacional, estudi\u00f3 Dise\u00f1o en la Universidad de Valpara\u00edso y Cine en la Escuela de Cine de Chile.<\/p>\n\n\n\n<p>Desde el a\u00f1o 2011, se dedica exclusivamente a la ilustraci\u00f3n, trabajando para importantes medios internacionales como The New Yorker, ESPN, Rolling Stone, Billboard, Newsweek, The Atlantic y New York Magazine, entre otros.<\/p>\n\n\n\n<p>Con proyectos creativos alrededor del mundo, su trabajo combina t\u00e9cnicas tradicionales y procesamiento digital de la imagen, a trav\u00e9s de los cuales rinde homenaje a personajes ic\u00f3nicos de la cultura popular, entre los que se cuentan Edgar Allan Poe, Johnny Cash, Andy Warhol y Luis Bu\u00f1uel, por nombrar algunos.<\/p>\n\n\n\n<figure class=\"wp-block-image size-large\"><img fetchpriority=\"high\" decoding=\"async\" width=\"1024\" height=\"683\" src=\"https:\/\/www.valparaisocreativo.cl\/wp-content\/uploads\/2025\/02\/Color-del-Grito_023-1024x683.jpeg\" alt=\"\" class=\"wp-image-21970\" srcset=\"https:\/\/dev.antudigital.cl\/sites\/vc\/wp-content\/uploads\/2025\/02\/Color-del-Grito_023-1024x683.jpeg 1024w, https:\/\/dev.antudigital.cl\/sites\/vc\/wp-content\/uploads\/2025\/02\/Color-del-Grito_023-300x200.jpeg 300w, https:\/\/dev.antudigital.cl\/sites\/vc\/wp-content\/uploads\/2025\/02\/Color-del-Grito_023-768x512.jpeg 768w, https:\/\/dev.antudigital.cl\/sites\/vc\/wp-content\/uploads\/2025\/02\/Color-del-Grito_023-1536x1024.jpeg 1536w, https:\/\/dev.antudigital.cl\/sites\/vc\/wp-content\/uploads\/2025\/02\/Color-del-Grito_023-1080x720.jpeg 1080w, https:\/\/dev.antudigital.cl\/sites\/vc\/wp-content\/uploads\/2025\/02\/Color-del-Grito_023-1280x853.jpeg 1280w, https:\/\/dev.antudigital.cl\/sites\/vc\/wp-content\/uploads\/2025\/02\/Color-del-Grito_023-980x653.jpeg 980w, https:\/\/dev.antudigital.cl\/sites\/vc\/wp-content\/uploads\/2025\/02\/Color-del-Grito_023-480x320.jpeg 480w, https:\/\/dev.antudigital.cl\/sites\/vc\/wp-content\/uploads\/2025\/02\/Color-del-Grito_023-24x16.jpeg 24w, https:\/\/dev.antudigital.cl\/sites\/vc\/wp-content\/uploads\/2025\/02\/Color-del-Grito_023-36x24.jpeg 36w, https:\/\/dev.antudigital.cl\/sites\/vc\/wp-content\/uploads\/2025\/02\/Color-del-Grito_023-48x32.jpeg 48w, https:\/\/dev.antudigital.cl\/sites\/vc\/wp-content\/uploads\/2025\/02\/Color-del-Grito_023.jpeg 1920w\" sizes=\"(max-width: 1024px) 100vw, 1024px\" \/><\/figure>\n\n\n\n<p>Ha participado en exposiciones colectivas e individuales en galer\u00edas y museos en Espa\u00f1a, Inglaterra, Colombia, Alemania, Estados Unidos, Pa\u00edses Bajos, Italia, Croacia, Rusia, Arabia Saudita y Chile.<\/p>\n\n\n\n<p>Kashka Pregowska-Czerw, senior creative director de Adobe, rese\u00f1\u00f3 su actual muestra se\u00f1alando que \u201cla variedad \u00fanica de estilos, hace que el trabajo de \u00c1lvaro Tapia sea inconfundible: rostros adustos y enfadados, colores que arden, ojos y venas a punto de estallar, rabia humana capaz de traspasar el rostro de los espectadores, retratos expresivos marcados por l\u00edneas din\u00e1micas, texturas y distorsiones que reflejan la represi\u00f3n de pensamientos profundos o que incorporan sentimientos intensos haciendo visible su interior\u201d.<\/p>\n\n\n\n<figure class=\"wp-block-image size-large\"><img decoding=\"async\" width=\"1024\" height=\"683\" src=\"https:\/\/www.valparaisocreativo.cl\/wp-content\/uploads\/2025\/02\/Color-del-Grito_061-1024x683.jpeg\" alt=\"\" class=\"wp-image-21971\" srcset=\"https:\/\/dev.antudigital.cl\/sites\/vc\/wp-content\/uploads\/2025\/02\/Color-del-Grito_061-1024x683.jpeg 1024w, https:\/\/dev.antudigital.cl\/sites\/vc\/wp-content\/uploads\/2025\/02\/Color-del-Grito_061-300x200.jpeg 300w, https:\/\/dev.antudigital.cl\/sites\/vc\/wp-content\/uploads\/2025\/02\/Color-del-Grito_061-768x512.jpeg 768w, https:\/\/dev.antudigital.cl\/sites\/vc\/wp-content\/uploads\/2025\/02\/Color-del-Grito_061-1536x1024.jpeg 1536w, https:\/\/dev.antudigital.cl\/sites\/vc\/wp-content\/uploads\/2025\/02\/Color-del-Grito_061-1080x720.jpeg 1080w, https:\/\/dev.antudigital.cl\/sites\/vc\/wp-content\/uploads\/2025\/02\/Color-del-Grito_061-1280x853.jpeg 1280w, https:\/\/dev.antudigital.cl\/sites\/vc\/wp-content\/uploads\/2025\/02\/Color-del-Grito_061-980x653.jpeg 980w, https:\/\/dev.antudigital.cl\/sites\/vc\/wp-content\/uploads\/2025\/02\/Color-del-Grito_061-480x320.jpeg 480w, https:\/\/dev.antudigital.cl\/sites\/vc\/wp-content\/uploads\/2025\/02\/Color-del-Grito_061-24x16.jpeg 24w, https:\/\/dev.antudigital.cl\/sites\/vc\/wp-content\/uploads\/2025\/02\/Color-del-Grito_061-36x24.jpeg 36w, https:\/\/dev.antudigital.cl\/sites\/vc\/wp-content\/uploads\/2025\/02\/Color-del-Grito_061-48x32.jpeg 48w, https:\/\/dev.antudigital.cl\/sites\/vc\/wp-content\/uploads\/2025\/02\/Color-del-Grito_061.jpeg 1920w\" sizes=\"(max-width: 1024px) 100vw, 1024px\" \/><\/figure>\n\n\n\n<p>Mientras, la artista e ilustradora Daria Hlazatova destac\u00f3 en su rese\u00f1a que \u201cresulta inevitable perderse en la obra ante el torbellino que provoca. Como espectadores no quedamos indiferentes ante la sinfon\u00eda hipnotizante de colores y formas que propone. Al contemplar su obra, podr\u00eda definirla como un estallido de energ\u00eda. Es ruidosa de una manera sofisticada. Es adictiva, vibrante, energizante y llena de vida\u201d.<\/p>\n\n\n\n<p>La exposici\u00f3n se puede visitar durante enero y febrero, de martes a viernes, de 10:00 a 18:00 horas, y s\u00e1bados y domingos, de 11:00 a 18:00 horas, con entrada liberada.<\/p>\n\n\n\n<p>Fuente: UV.cl<\/p>\n","protected":false},"excerpt":{"rendered":"<p>El dise\u00f1ador e ilustrador \u00c1lvaro Tapia se encuentra presentando parte de su obra en la retrospectiva \u201cEl color del grito\u201d, que se exhibe en el espacio Galer\u00eda Nacional del Centex, ubicado en Sotomayor 233, Barrio Puerto, Valpara\u00edso. Considerado uno de los ilustradores m\u00e1s destacados a nivel nacional, estudi\u00f3 Dise\u00f1o en la Universidad de Valpara\u00edso y [&hellip;]<\/p>\n","protected":false},"author":1,"featured_media":21969,"comment_status":"closed","ping_status":"closed","sticky":false,"template":"","format":"standard","meta":{"_acf_changed":false,"footnotes":""},"categories":[8],"tags":[],"class_list":["post-21968","post","type-post","status-publish","format-standard","has-post-thumbnail","hentry","category-noticia"],"acf":[],"yoast_head":"<!-- This site is optimized with the Yoast SEO plugin v27.1.1 - https:\/\/yoast.com\/product\/yoast-seo-wordpress\/ -->\n<title>\u201cEl color del grito\u201d, la retrospectiva del Dise\u00f1ador UV \u00c1lvaro Tapia, que se presenta en el Centex - Valpara\u00ed\u00adso Creativo<\/title>\n<meta name=\"robots\" content=\"index, follow, max-snippet:-1, max-image-preview:large, max-video-preview:-1\" \/>\n<link rel=\"canonical\" href=\"https:\/\/dev.antudigital.cl\/sites\/vc\/el-color-del-grito-la-retrospectiva-del-disenador-uv-alvaro-tapia-que-se-presenta-en-el-centex\/\" \/>\n<meta property=\"og:locale\" content=\"es_ES\" \/>\n<meta property=\"og:type\" content=\"article\" \/>\n<meta property=\"og:title\" content=\"\u201cEl color del grito\u201d, la retrospectiva del Dise\u00f1ador UV \u00c1lvaro Tapia, que se presenta en el Centex - Valpara\u00ed\u00adso Creativo\" \/>\n<meta property=\"og:description\" content=\"El dise\u00f1ador e ilustrador \u00c1lvaro Tapia se encuentra presentando parte de su obra en la retrospectiva \u201cEl color del grito\u201d, que se exhibe en el espacio Galer\u00eda Nacional del Centex, ubicado en Sotomayor 233, Barrio Puerto, Valpara\u00edso. Considerado uno de los ilustradores m\u00e1s destacados a nivel nacional, estudi\u00f3 Dise\u00f1o en la Universidad de Valpara\u00edso y [&hellip;]\" \/>\n<meta property=\"og:url\" content=\"https:\/\/dev.antudigital.cl\/sites\/vc\/el-color-del-grito-la-retrospectiva-del-disenador-uv-alvaro-tapia-que-se-presenta-en-el-centex\/\" \/>\n<meta property=\"og:site_name\" content=\"Valpara\u00ed\u00adso Creativo\" \/>\n<meta property=\"article:published_time\" content=\"2025-02-02T22:35:02+00:00\" \/>\n<meta property=\"article:modified_time\" content=\"2025-02-02T22:35:20+00:00\" \/>\n<meta property=\"og:image\" content=\"https:\/\/dev.antudigital.cl\/sites\/vc\/wp-content\/uploads\/2025\/02\/color-del-grito-01.jpeg\" \/>\n\t<meta property=\"og:image:width\" content=\"1027\" \/>\n\t<meta property=\"og:image:height\" content=\"563\" \/>\n\t<meta property=\"og:image:type\" content=\"image\/jpeg\" \/>\n<meta name=\"author\" content=\"Valpara\u00edso Creativo\" \/>\n<meta name=\"twitter:card\" content=\"summary_large_image\" \/>\n<meta name=\"twitter:label1\" content=\"Escrito por\" \/>\n\t<meta name=\"twitter:data1\" content=\"Valpara\u00edso Creativo\" \/>\n\t<meta name=\"twitter:label2\" content=\"Tiempo de lectura\" \/>\n\t<meta name=\"twitter:data2\" content=\"3 minutos\" \/>\n<script type=\"application\/ld+json\" class=\"yoast-schema-graph\">{\"@context\":\"https:\/\/schema.org\",\"@graph\":[{\"@type\":\"Article\",\"@id\":\"https:\/\/dev.antudigital.cl\/sites\/vc\/el-color-del-grito-la-retrospectiva-del-disenador-uv-alvaro-tapia-que-se-presenta-en-el-centex\/#article\",\"isPartOf\":{\"@id\":\"https:\/\/dev.antudigital.cl\/sites\/vc\/el-color-del-grito-la-retrospectiva-del-disenador-uv-alvaro-tapia-que-se-presenta-en-el-centex\/\"},\"author\":{\"name\":\"Valpara\u00edso Creativo\",\"@id\":\"https:\/\/dev.antudigital.cl\/sites\/vc\/#\/schema\/person\/c2b9da8dd545e27166fc5ab232837318\"},\"headline\":\"\u201cEl color del grito\u201d, la retrospectiva del Dise\u00f1ador UV \u00c1lvaro Tapia, que se presenta en el Centex\",\"datePublished\":\"2025-02-02T22:35:02+00:00\",\"dateModified\":\"2025-02-02T22:35:20+00:00\",\"mainEntityOfPage\":{\"@id\":\"https:\/\/dev.antudigital.cl\/sites\/vc\/el-color-del-grito-la-retrospectiva-del-disenador-uv-alvaro-tapia-que-se-presenta-en-el-centex\/\"},\"wordCount\":380,\"image\":{\"@id\":\"https:\/\/dev.antudigital.cl\/sites\/vc\/el-color-del-grito-la-retrospectiva-del-disenador-uv-alvaro-tapia-que-se-presenta-en-el-centex\/#primaryimage\"},\"thumbnailUrl\":\"https:\/\/dev.antudigital.cl\/sites\/vc\/wp-content\/uploads\/2025\/02\/color-del-grito-01.jpeg\",\"articleSection\":[\"Noticia\"],\"inLanguage\":\"es\"},{\"@type\":\"WebPage\",\"@id\":\"https:\/\/dev.antudigital.cl\/sites\/vc\/el-color-del-grito-la-retrospectiva-del-disenador-uv-alvaro-tapia-que-se-presenta-en-el-centex\/\",\"url\":\"https:\/\/dev.antudigital.cl\/sites\/vc\/el-color-del-grito-la-retrospectiva-del-disenador-uv-alvaro-tapia-que-se-presenta-en-el-centex\/\",\"name\":\"\u201cEl color del grito\u201d, la retrospectiva del Dise\u00f1ador UV \u00c1lvaro Tapia, que se presenta en el Centex - Valpara\u00ed\u00adso Creativo\",\"isPartOf\":{\"@id\":\"https:\/\/dev.antudigital.cl\/sites\/vc\/#website\"},\"primaryImageOfPage\":{\"@id\":\"https:\/\/dev.antudigital.cl\/sites\/vc\/el-color-del-grito-la-retrospectiva-del-disenador-uv-alvaro-tapia-que-se-presenta-en-el-centex\/#primaryimage\"},\"image\":{\"@id\":\"https:\/\/dev.antudigital.cl\/sites\/vc\/el-color-del-grito-la-retrospectiva-del-disenador-uv-alvaro-tapia-que-se-presenta-en-el-centex\/#primaryimage\"},\"thumbnailUrl\":\"https:\/\/dev.antudigital.cl\/sites\/vc\/wp-content\/uploads\/2025\/02\/color-del-grito-01.jpeg\",\"datePublished\":\"2025-02-02T22:35:02+00:00\",\"dateModified\":\"2025-02-02T22:35:20+00:00\",\"author\":{\"@id\":\"https:\/\/dev.antudigital.cl\/sites\/vc\/#\/schema\/person\/c2b9da8dd545e27166fc5ab232837318\"},\"breadcrumb\":{\"@id\":\"https:\/\/dev.antudigital.cl\/sites\/vc\/el-color-del-grito-la-retrospectiva-del-disenador-uv-alvaro-tapia-que-se-presenta-en-el-centex\/#breadcrumb\"},\"inLanguage\":\"es\",\"potentialAction\":[{\"@type\":\"ReadAction\",\"target\":[\"https:\/\/dev.antudigital.cl\/sites\/vc\/el-color-del-grito-la-retrospectiva-del-disenador-uv-alvaro-tapia-que-se-presenta-en-el-centex\/\"]}]},{\"@type\":\"ImageObject\",\"inLanguage\":\"es\",\"@id\":\"https:\/\/dev.antudigital.cl\/sites\/vc\/el-color-del-grito-la-retrospectiva-del-disenador-uv-alvaro-tapia-que-se-presenta-en-el-centex\/#primaryimage\",\"url\":\"https:\/\/dev.antudigital.cl\/sites\/vc\/wp-content\/uploads\/2025\/02\/color-del-grito-01.jpeg\",\"contentUrl\":\"https:\/\/dev.antudigital.cl\/sites\/vc\/wp-content\/uploads\/2025\/02\/color-del-grito-01.jpeg\",\"width\":1027,\"height\":563},{\"@type\":\"BreadcrumbList\",\"@id\":\"https:\/\/dev.antudigital.cl\/sites\/vc\/el-color-del-grito-la-retrospectiva-del-disenador-uv-alvaro-tapia-que-se-presenta-en-el-centex\/#breadcrumb\",\"itemListElement\":[{\"@type\":\"ListItem\",\"position\":1,\"name\":\"Home\",\"item\":\"https:\/\/dev.antudigital.cl\/sites\/vc\/\"},{\"@type\":\"ListItem\",\"position\":2,\"name\":\"\u201cEl color del grito\u201d, la retrospectiva del Dise\u00f1ador UV \u00c1lvaro Tapia, que se presenta en el Centex\"}]},{\"@type\":\"WebSite\",\"@id\":\"https:\/\/dev.antudigital.cl\/sites\/vc\/#website\",\"url\":\"https:\/\/dev.antudigital.cl\/sites\/vc\/\",\"name\":\"Valpara\u00ed\u00adso Creativo\",\"description\":\"\",\"potentialAction\":[{\"@type\":\"SearchAction\",\"target\":{\"@type\":\"EntryPoint\",\"urlTemplate\":\"https:\/\/dev.antudigital.cl\/sites\/vc\/?s={search_term_string}\"},\"query-input\":{\"@type\":\"PropertyValueSpecification\",\"valueRequired\":true,\"valueName\":\"search_term_string\"}}],\"inLanguage\":\"es\"},{\"@type\":\"Person\",\"@id\":\"https:\/\/dev.antudigital.cl\/sites\/vc\/#\/schema\/person\/c2b9da8dd545e27166fc5ab232837318\",\"name\":\"Valpara\u00edso Creativo\",\"description\":\"Periodista de cultura en la Regi\u00f3n de Valpara\u00edso.\",\"url\":\"https:\/\/dev.antudigital.cl\/sites\/vc\/author\/valpoadmin\/\"}]}<\/script>\n<!-- \/ Yoast SEO plugin. -->","yoast_head_json":{"title":"\u201cEl color del grito\u201d, la retrospectiva del Dise\u00f1ador UV \u00c1lvaro Tapia, que se presenta en el Centex - Valpara\u00ed\u00adso Creativo","robots":{"index":"index","follow":"follow","max-snippet":"max-snippet:-1","max-image-preview":"max-image-preview:large","max-video-preview":"max-video-preview:-1"},"canonical":"https:\/\/dev.antudigital.cl\/sites\/vc\/el-color-del-grito-la-retrospectiva-del-disenador-uv-alvaro-tapia-que-se-presenta-en-el-centex\/","og_locale":"es_ES","og_type":"article","og_title":"\u201cEl color del grito\u201d, la retrospectiva del Dise\u00f1ador UV \u00c1lvaro Tapia, que se presenta en el Centex - Valpara\u00ed\u00adso Creativo","og_description":"El dise\u00f1ador e ilustrador \u00c1lvaro Tapia se encuentra presentando parte de su obra en la retrospectiva \u201cEl color del grito\u201d, que se exhibe en el espacio Galer\u00eda Nacional del Centex, ubicado en Sotomayor 233, Barrio Puerto, Valpara\u00edso. Considerado uno de los ilustradores m\u00e1s destacados a nivel nacional, estudi\u00f3 Dise\u00f1o en la Universidad de Valpara\u00edso y [&hellip;]","og_url":"https:\/\/dev.antudigital.cl\/sites\/vc\/el-color-del-grito-la-retrospectiva-del-disenador-uv-alvaro-tapia-que-se-presenta-en-el-centex\/","og_site_name":"Valpara\u00ed\u00adso Creativo","article_published_time":"2025-02-02T22:35:02+00:00","article_modified_time":"2025-02-02T22:35:20+00:00","og_image":[{"width":1027,"height":563,"url":"https:\/\/dev.antudigital.cl\/sites\/vc\/wp-content\/uploads\/2025\/02\/color-del-grito-01.jpeg","type":"image\/jpeg"}],"author":"Valpara\u00edso Creativo","twitter_card":"summary_large_image","twitter_misc":{"Escrito por":"Valpara\u00edso Creativo","Tiempo de lectura":"3 minutos"},"schema":{"@context":"https:\/\/schema.org","@graph":[{"@type":"Article","@id":"https:\/\/dev.antudigital.cl\/sites\/vc\/el-color-del-grito-la-retrospectiva-del-disenador-uv-alvaro-tapia-que-se-presenta-en-el-centex\/#article","isPartOf":{"@id":"https:\/\/dev.antudigital.cl\/sites\/vc\/el-color-del-grito-la-retrospectiva-del-disenador-uv-alvaro-tapia-que-se-presenta-en-el-centex\/"},"author":{"name":"Valpara\u00edso Creativo","@id":"https:\/\/dev.antudigital.cl\/sites\/vc\/#\/schema\/person\/c2b9da8dd545e27166fc5ab232837318"},"headline":"\u201cEl color del grito\u201d, la retrospectiva del Dise\u00f1ador UV \u00c1lvaro Tapia, que se presenta en el Centex","datePublished":"2025-02-02T22:35:02+00:00","dateModified":"2025-02-02T22:35:20+00:00","mainEntityOfPage":{"@id":"https:\/\/dev.antudigital.cl\/sites\/vc\/el-color-del-grito-la-retrospectiva-del-disenador-uv-alvaro-tapia-que-se-presenta-en-el-centex\/"},"wordCount":380,"image":{"@id":"https:\/\/dev.antudigital.cl\/sites\/vc\/el-color-del-grito-la-retrospectiva-del-disenador-uv-alvaro-tapia-que-se-presenta-en-el-centex\/#primaryimage"},"thumbnailUrl":"https:\/\/dev.antudigital.cl\/sites\/vc\/wp-content\/uploads\/2025\/02\/color-del-grito-01.jpeg","articleSection":["Noticia"],"inLanguage":"es"},{"@type":"WebPage","@id":"https:\/\/dev.antudigital.cl\/sites\/vc\/el-color-del-grito-la-retrospectiva-del-disenador-uv-alvaro-tapia-que-se-presenta-en-el-centex\/","url":"https:\/\/dev.antudigital.cl\/sites\/vc\/el-color-del-grito-la-retrospectiva-del-disenador-uv-alvaro-tapia-que-se-presenta-en-el-centex\/","name":"\u201cEl color del grito\u201d, la retrospectiva del Dise\u00f1ador UV \u00c1lvaro Tapia, que se presenta en el Centex - Valpara\u00ed\u00adso Creativo","isPartOf":{"@id":"https:\/\/dev.antudigital.cl\/sites\/vc\/#website"},"primaryImageOfPage":{"@id":"https:\/\/dev.antudigital.cl\/sites\/vc\/el-color-del-grito-la-retrospectiva-del-disenador-uv-alvaro-tapia-que-se-presenta-en-el-centex\/#primaryimage"},"image":{"@id":"https:\/\/dev.antudigital.cl\/sites\/vc\/el-color-del-grito-la-retrospectiva-del-disenador-uv-alvaro-tapia-que-se-presenta-en-el-centex\/#primaryimage"},"thumbnailUrl":"https:\/\/dev.antudigital.cl\/sites\/vc\/wp-content\/uploads\/2025\/02\/color-del-grito-01.jpeg","datePublished":"2025-02-02T22:35:02+00:00","dateModified":"2025-02-02T22:35:20+00:00","author":{"@id":"https:\/\/dev.antudigital.cl\/sites\/vc\/#\/schema\/person\/c2b9da8dd545e27166fc5ab232837318"},"breadcrumb":{"@id":"https:\/\/dev.antudigital.cl\/sites\/vc\/el-color-del-grito-la-retrospectiva-del-disenador-uv-alvaro-tapia-que-se-presenta-en-el-centex\/#breadcrumb"},"inLanguage":"es","potentialAction":[{"@type":"ReadAction","target":["https:\/\/dev.antudigital.cl\/sites\/vc\/el-color-del-grito-la-retrospectiva-del-disenador-uv-alvaro-tapia-que-se-presenta-en-el-centex\/"]}]},{"@type":"ImageObject","inLanguage":"es","@id":"https:\/\/dev.antudigital.cl\/sites\/vc\/el-color-del-grito-la-retrospectiva-del-disenador-uv-alvaro-tapia-que-se-presenta-en-el-centex\/#primaryimage","url":"https:\/\/dev.antudigital.cl\/sites\/vc\/wp-content\/uploads\/2025\/02\/color-del-grito-01.jpeg","contentUrl":"https:\/\/dev.antudigital.cl\/sites\/vc\/wp-content\/uploads\/2025\/02\/color-del-grito-01.jpeg","width":1027,"height":563},{"@type":"BreadcrumbList","@id":"https:\/\/dev.antudigital.cl\/sites\/vc\/el-color-del-grito-la-retrospectiva-del-disenador-uv-alvaro-tapia-que-se-presenta-en-el-centex\/#breadcrumb","itemListElement":[{"@type":"ListItem","position":1,"name":"Home","item":"https:\/\/dev.antudigital.cl\/sites\/vc\/"},{"@type":"ListItem","position":2,"name":"\u201cEl color del grito\u201d, la retrospectiva del Dise\u00f1ador UV \u00c1lvaro Tapia, que se presenta en el Centex"}]},{"@type":"WebSite","@id":"https:\/\/dev.antudigital.cl\/sites\/vc\/#website","url":"https:\/\/dev.antudigital.cl\/sites\/vc\/","name":"Valpara\u00ed\u00adso Creativo","description":"","potentialAction":[{"@type":"SearchAction","target":{"@type":"EntryPoint","urlTemplate":"https:\/\/dev.antudigital.cl\/sites\/vc\/?s={search_term_string}"},"query-input":{"@type":"PropertyValueSpecification","valueRequired":true,"valueName":"search_term_string"}}],"inLanguage":"es"},{"@type":"Person","@id":"https:\/\/dev.antudigital.cl\/sites\/vc\/#\/schema\/person\/c2b9da8dd545e27166fc5ab232837318","name":"Valpara\u00edso Creativo","description":"Periodista de cultura en la Regi\u00f3n de Valpara\u00edso.","url":"https:\/\/dev.antudigital.cl\/sites\/vc\/author\/valpoadmin\/"}]}},"_links":{"self":[{"href":"https:\/\/dev.antudigital.cl\/sites\/vc\/wp-json\/wp\/v2\/posts\/21968","targetHints":{"allow":["GET"]}}],"collection":[{"href":"https:\/\/dev.antudigital.cl\/sites\/vc\/wp-json\/wp\/v2\/posts"}],"about":[{"href":"https:\/\/dev.antudigital.cl\/sites\/vc\/wp-json\/wp\/v2\/types\/post"}],"author":[{"embeddable":true,"href":"https:\/\/dev.antudigital.cl\/sites\/vc\/wp-json\/wp\/v2\/users\/1"}],"replies":[{"embeddable":true,"href":"https:\/\/dev.antudigital.cl\/sites\/vc\/wp-json\/wp\/v2\/comments?post=21968"}],"version-history":[{"count":1,"href":"https:\/\/dev.antudigital.cl\/sites\/vc\/wp-json\/wp\/v2\/posts\/21968\/revisions"}],"predecessor-version":[{"id":21972,"href":"https:\/\/dev.antudigital.cl\/sites\/vc\/wp-json\/wp\/v2\/posts\/21968\/revisions\/21972"}],"wp:featuredmedia":[{"embeddable":true,"href":"https:\/\/dev.antudigital.cl\/sites\/vc\/wp-json\/wp\/v2\/media\/21969"}],"wp:attachment":[{"href":"https:\/\/dev.antudigital.cl\/sites\/vc\/wp-json\/wp\/v2\/media?parent=21968"}],"wp:term":[{"taxonomy":"category","embeddable":true,"href":"https:\/\/dev.antudigital.cl\/sites\/vc\/wp-json\/wp\/v2\/categories?post=21968"},{"taxonomy":"post_tag","embeddable":true,"href":"https:\/\/dev.antudigital.cl\/sites\/vc\/wp-json\/wp\/v2\/tags?post=21968"}],"curies":[{"name":"wp","href":"https:\/\/api.w.org\/{rel}","templated":true}]}}