{"id":22074,"date":"2025-02-13T18:33:39","date_gmt":"2025-02-13T18:33:39","guid":{"rendered":"https:\/\/www.valparaisocreativo.cl\/?p=22074"},"modified":"2025-02-13T18:33:56","modified_gmt":"2025-02-13T18:33:56","slug":"trio-marabu-celebra-el-amor-y-la-amistad-con-un-concierto-gratuito-en-vina-del-mar","status":"publish","type":"post","link":"https:\/\/dev.antudigital.cl\/sites\/vc\/trio-marabu-celebra-el-amor-y-la-amistad-con-un-concierto-gratuito-en-vina-del-mar\/","title":{"rendered":"Tr\u00edo Marab\u00fa celebra el amor y la amistad con un concierto gratuito en Vi\u00f1a del Mar"},"content":{"rendered":"\n<p>Boleros y valses peruanos dar\u00e1n vida a una rom\u00e1ntica jornada este viernes 14 de febrero, a cargo de Tr\u00edo Marab\u00fa, que se presentar\u00e1 en un concierto gratuito, en el frontis del Palacio Rioja en Vi\u00f1a del Mar para celebrar el D\u00eda del Amor. La presentaci\u00f3n comenzar\u00e1 a las 18:00 horas, con un repertorio que durar\u00e1 cerca de 60 minutos y que tendr\u00e1 formato banda.<\/p>\n\n\n\n<p>Formado en Valpara\u00edso en 2016, Tr\u00edo Marab\u00fa est\u00e1 compuesto por Adolfo Alvarado (primera voz y percusiones menores), Samuel Barraza (guitarra y coros) y Carlos Borgo\u00f1o (requinto y coros). Adem\u00e1s, en esta ocasi\u00f3n se presentar\u00e1n junto a Mart\u00edn Le\u00f3n (contrabajo) y&nbsp; H\u00e9ctor Calder\u00f3n (bong\u00f3 y caj\u00f3n peruano).&nbsp;&nbsp;<\/p>\n\n\n\n<p>Su propuesta rescata la tradici\u00f3n de los grandes tr\u00edos de las d\u00e9cadas de los a\u00f1os 40, 50 y 60, como Los Panchos, Los Tres Caballeros y Los Tres Reyes, con un repertorio que incluye cl\u00e1sicos como \u00ab<em>Contigo<\/em>\u00ab, \u00ab<em>La Barca<\/em>\u00bb y \u00ab<em>La Hiedra<\/em>\u00ab, adem\u00e1s de valses peruanos como \u00ab<em>La Flor de la Canela<\/em>\u00bb y \u00ab<em>Nube Gris<\/em>\u00ab.&nbsp;&nbsp;<\/p>\n\n\n\n<p>El grupo, que fue finalista del Segundo Festival Jorge Far\u00edas en 2018, ha recorrido variados escenarios de la regi\u00f3n cultivando el bolero con un estilo aut\u00e9ntico y pasional, siempre en b\u00fasqueda de nuevas canciones y la creaci\u00f3n de composiciones propias.&nbsp;&nbsp;<\/p>\n\n\n\n<p>La invitaci\u00f3n es a disfrutar de una noche de romanticismo y nostalgia en un entorno patrimonial, con una propuesta musical que revive el encanto de la \u00e9poca dorada del bolero. La entrada es liberada y el acceso es por orden de llegada.&nbsp;&nbsp;<\/p>\n\n\n\n<p>Para conocer m\u00e1s sobre la banda, visita sus redes sociales en Instagram:&nbsp;<a href=\"https:\/\/www.instagram.com\/triomarabu\" target=\"_blank\" rel=\"noreferrer noopener\">@triomarabu<\/a>&nbsp;y&nbsp;YouTube:&nbsp;<a href=\"http:\/\/youtube.com\/triomarabu\" target=\"_blank\" rel=\"noreferrer noopener\">https:\/\/www.youtube.com\/triomarabu<\/a>&nbsp;. Contactos a&nbsp;<a href=\"mailto:contactomarabu@gmail.com\" target=\"_blank\" rel=\"noreferrer noopener\">contactomarabu@gmail.com<\/a><\/p>\n\n\n\n<figure class=\"wp-block-image size-large\"><img fetchpriority=\"high\" decoding=\"async\" width=\"711\" height=\"1024\" src=\"https:\/\/www.valparaisocreativo.cl\/wp-content\/uploads\/2025\/02\/Grafica-711x1024.jpg\" alt=\"\" class=\"wp-image-22075\" srcset=\"https:\/\/dev.antudigital.cl\/sites\/vc\/wp-content\/uploads\/2025\/02\/Grafica-711x1024.jpg 711w, https:\/\/dev.antudigital.cl\/sites\/vc\/wp-content\/uploads\/2025\/02\/Grafica-208x300.jpg 208w, https:\/\/dev.antudigital.cl\/sites\/vc\/wp-content\/uploads\/2025\/02\/Grafica-768x1106.jpg 768w, https:\/\/dev.antudigital.cl\/sites\/vc\/wp-content\/uploads\/2025\/02\/Grafica-1067x1536.jpg 1067w, https:\/\/dev.antudigital.cl\/sites\/vc\/wp-content\/uploads\/2025\/02\/Grafica-1423x2048.jpg 1423w, https:\/\/dev.antudigital.cl\/sites\/vc\/wp-content\/uploads\/2025\/02\/Grafica-1080x1555.jpg 1080w, https:\/\/dev.antudigital.cl\/sites\/vc\/wp-content\/uploads\/2025\/02\/Grafica-1280x1843.jpg 1280w, https:\/\/dev.antudigital.cl\/sites\/vc\/wp-content\/uploads\/2025\/02\/Grafica-980x1411.jpg 980w, https:\/\/dev.antudigital.cl\/sites\/vc\/wp-content\/uploads\/2025\/02\/Grafica-480x691.jpg 480w, https:\/\/dev.antudigital.cl\/sites\/vc\/wp-content\/uploads\/2025\/02\/Grafica-17x24.jpg 17w, https:\/\/dev.antudigital.cl\/sites\/vc\/wp-content\/uploads\/2025\/02\/Grafica-25x36.jpg 25w, https:\/\/dev.antudigital.cl\/sites\/vc\/wp-content\/uploads\/2025\/02\/Grafica-33x48.jpg 33w, https:\/\/dev.antudigital.cl\/sites\/vc\/wp-content\/uploads\/2025\/02\/Grafica-scaled.jpg 1778w\" sizes=\"(max-width: 711px) 100vw, 711px\" \/><\/figure>\n","protected":false},"excerpt":{"rendered":"<p>Boleros y valses peruanos dar\u00e1n vida a una rom\u00e1ntica jornada este viernes 14 de febrero, a cargo de Tr\u00edo Marab\u00fa, que se presentar\u00e1 en un concierto gratuito, en el frontis del Palacio Rioja en Vi\u00f1a del Mar para celebrar el D\u00eda del Amor. La presentaci\u00f3n comenzar\u00e1 a las 18:00 horas, con un repertorio que durar\u00e1 [&hellip;]<\/p>\n","protected":false},"author":1,"featured_media":22076,"comment_status":"closed","ping_status":"closed","sticky":false,"template":"","format":"standard","meta":{"_acf_changed":false,"footnotes":""},"categories":[8],"tags":[],"class_list":["post-22074","post","type-post","status-publish","format-standard","has-post-thumbnail","hentry","category-noticia"],"acf":[],"yoast_head":"<!-- This site is optimized with the Yoast SEO plugin v27.1.1 - https:\/\/yoast.com\/product\/yoast-seo-wordpress\/ -->\n<title>Tr\u00edo Marab\u00fa celebra el amor y la amistad con un concierto gratuito en Vi\u00f1a del Mar - Valpara\u00ed\u00adso Creativo<\/title>\n<meta name=\"robots\" content=\"index, follow, max-snippet:-1, max-image-preview:large, max-video-preview:-1\" \/>\n<link rel=\"canonical\" href=\"https:\/\/dev.antudigital.cl\/sites\/vc\/trio-marabu-celebra-el-amor-y-la-amistad-con-un-concierto-gratuito-en-vina-del-mar\/\" \/>\n<meta property=\"og:locale\" content=\"es_ES\" \/>\n<meta property=\"og:type\" content=\"article\" \/>\n<meta property=\"og:title\" content=\"Tr\u00edo Marab\u00fa celebra el amor y la amistad con un concierto gratuito en Vi\u00f1a del Mar - Valpara\u00ed\u00adso Creativo\" \/>\n<meta property=\"og:description\" content=\"Boleros y valses peruanos dar\u00e1n vida a una rom\u00e1ntica jornada este viernes 14 de febrero, a cargo de Tr\u00edo Marab\u00fa, que se presentar\u00e1 en un concierto gratuito, en el frontis del Palacio Rioja en Vi\u00f1a del Mar para celebrar el D\u00eda del Amor. La presentaci\u00f3n comenzar\u00e1 a las 18:00 horas, con un repertorio que durar\u00e1 [&hellip;]\" \/>\n<meta property=\"og:url\" content=\"https:\/\/dev.antudigital.cl\/sites\/vc\/trio-marabu-celebra-el-amor-y-la-amistad-con-un-concierto-gratuito-en-vina-del-mar\/\" \/>\n<meta property=\"og:site_name\" content=\"Valpara\u00ed\u00adso Creativo\" \/>\n<meta property=\"article:published_time\" content=\"2025-02-13T18:33:39+00:00\" \/>\n<meta property=\"article:modified_time\" content=\"2025-02-13T18:33:56+00:00\" \/>\n<meta property=\"og:image\" content=\"https:\/\/dev.antudigital.cl\/sites\/vc\/wp-content\/uploads\/2025\/02\/Trio-Marabu-1.jpg\" \/>\n\t<meta property=\"og:image:width\" content=\"1600\" \/>\n\t<meta property=\"og:image:height\" content=\"720\" \/>\n\t<meta property=\"og:image:type\" content=\"image\/jpeg\" \/>\n<meta name=\"author\" content=\"Valpara\u00edso Creativo\" \/>\n<meta name=\"twitter:card\" content=\"summary_large_image\" \/>\n<meta name=\"twitter:label1\" content=\"Escrito por\" \/>\n\t<meta name=\"twitter:data1\" content=\"Valpara\u00edso Creativo\" \/>\n\t<meta name=\"twitter:label2\" content=\"Tiempo de lectura\" \/>\n\t<meta name=\"twitter:data2\" content=\"2 minutos\" \/>\n<script type=\"application\/ld+json\" class=\"yoast-schema-graph\">{\"@context\":\"https:\/\/schema.org\",\"@graph\":[{\"@type\":\"Article\",\"@id\":\"https:\/\/dev.antudigital.cl\/sites\/vc\/trio-marabu-celebra-el-amor-y-la-amistad-con-un-concierto-gratuito-en-vina-del-mar\/#article\",\"isPartOf\":{\"@id\":\"https:\/\/dev.antudigital.cl\/sites\/vc\/trio-marabu-celebra-el-amor-y-la-amistad-con-un-concierto-gratuito-en-vina-del-mar\/\"},\"author\":{\"name\":\"Valpara\u00edso Creativo\",\"@id\":\"https:\/\/dev.antudigital.cl\/sites\/vc\/#\/schema\/person\/c2b9da8dd545e27166fc5ab232837318\"},\"headline\":\"Tr\u00edo Marab\u00fa celebra el amor y la amistad con un concierto gratuito en Vi\u00f1a del Mar\",\"datePublished\":\"2025-02-13T18:33:39+00:00\",\"dateModified\":\"2025-02-13T18:33:56+00:00\",\"mainEntityOfPage\":{\"@id\":\"https:\/\/dev.antudigital.cl\/sites\/vc\/trio-marabu-celebra-el-amor-y-la-amistad-con-un-concierto-gratuito-en-vina-del-mar\/\"},\"wordCount\":327,\"image\":{\"@id\":\"https:\/\/dev.antudigital.cl\/sites\/vc\/trio-marabu-celebra-el-amor-y-la-amistad-con-un-concierto-gratuito-en-vina-del-mar\/#primaryimage\"},\"thumbnailUrl\":\"https:\/\/dev.antudigital.cl\/sites\/vc\/wp-content\/uploads\/2025\/02\/Trio-Marabu-1.jpg\",\"articleSection\":[\"Noticia\"],\"inLanguage\":\"es\"},{\"@type\":\"WebPage\",\"@id\":\"https:\/\/dev.antudigital.cl\/sites\/vc\/trio-marabu-celebra-el-amor-y-la-amistad-con-un-concierto-gratuito-en-vina-del-mar\/\",\"url\":\"https:\/\/dev.antudigital.cl\/sites\/vc\/trio-marabu-celebra-el-amor-y-la-amistad-con-un-concierto-gratuito-en-vina-del-mar\/\",\"name\":\"Tr\u00edo Marab\u00fa celebra el amor y la amistad con un concierto gratuito en Vi\u00f1a del Mar - Valpara\u00ed\u00adso Creativo\",\"isPartOf\":{\"@id\":\"https:\/\/dev.antudigital.cl\/sites\/vc\/#website\"},\"primaryImageOfPage\":{\"@id\":\"https:\/\/dev.antudigital.cl\/sites\/vc\/trio-marabu-celebra-el-amor-y-la-amistad-con-un-concierto-gratuito-en-vina-del-mar\/#primaryimage\"},\"image\":{\"@id\":\"https:\/\/dev.antudigital.cl\/sites\/vc\/trio-marabu-celebra-el-amor-y-la-amistad-con-un-concierto-gratuito-en-vina-del-mar\/#primaryimage\"},\"thumbnailUrl\":\"https:\/\/dev.antudigital.cl\/sites\/vc\/wp-content\/uploads\/2025\/02\/Trio-Marabu-1.jpg\",\"datePublished\":\"2025-02-13T18:33:39+00:00\",\"dateModified\":\"2025-02-13T18:33:56+00:00\",\"author\":{\"@id\":\"https:\/\/dev.antudigital.cl\/sites\/vc\/#\/schema\/person\/c2b9da8dd545e27166fc5ab232837318\"},\"breadcrumb\":{\"@id\":\"https:\/\/dev.antudigital.cl\/sites\/vc\/trio-marabu-celebra-el-amor-y-la-amistad-con-un-concierto-gratuito-en-vina-del-mar\/#breadcrumb\"},\"inLanguage\":\"es\",\"potentialAction\":[{\"@type\":\"ReadAction\",\"target\":[\"https:\/\/dev.antudigital.cl\/sites\/vc\/trio-marabu-celebra-el-amor-y-la-amistad-con-un-concierto-gratuito-en-vina-del-mar\/\"]}]},{\"@type\":\"ImageObject\",\"inLanguage\":\"es\",\"@id\":\"https:\/\/dev.antudigital.cl\/sites\/vc\/trio-marabu-celebra-el-amor-y-la-amistad-con-un-concierto-gratuito-en-vina-del-mar\/#primaryimage\",\"url\":\"https:\/\/dev.antudigital.cl\/sites\/vc\/wp-content\/uploads\/2025\/02\/Trio-Marabu-1.jpg\",\"contentUrl\":\"https:\/\/dev.antudigital.cl\/sites\/vc\/wp-content\/uploads\/2025\/02\/Trio-Marabu-1.jpg\",\"width\":1600,\"height\":720},{\"@type\":\"BreadcrumbList\",\"@id\":\"https:\/\/dev.antudigital.cl\/sites\/vc\/trio-marabu-celebra-el-amor-y-la-amistad-con-un-concierto-gratuito-en-vina-del-mar\/#breadcrumb\",\"itemListElement\":[{\"@type\":\"ListItem\",\"position\":1,\"name\":\"Home\",\"item\":\"https:\/\/dev.antudigital.cl\/sites\/vc\/\"},{\"@type\":\"ListItem\",\"position\":2,\"name\":\"Tr\u00edo Marab\u00fa celebra el amor y la amistad con un concierto gratuito en Vi\u00f1a del Mar\"}]},{\"@type\":\"WebSite\",\"@id\":\"https:\/\/dev.antudigital.cl\/sites\/vc\/#website\",\"url\":\"https:\/\/dev.antudigital.cl\/sites\/vc\/\",\"name\":\"Valpara\u00ed\u00adso Creativo\",\"description\":\"\",\"potentialAction\":[{\"@type\":\"SearchAction\",\"target\":{\"@type\":\"EntryPoint\",\"urlTemplate\":\"https:\/\/dev.antudigital.cl\/sites\/vc\/?s={search_term_string}\"},\"query-input\":{\"@type\":\"PropertyValueSpecification\",\"valueRequired\":true,\"valueName\":\"search_term_string\"}}],\"inLanguage\":\"es\"},{\"@type\":\"Person\",\"@id\":\"https:\/\/dev.antudigital.cl\/sites\/vc\/#\/schema\/person\/c2b9da8dd545e27166fc5ab232837318\",\"name\":\"Valpara\u00edso Creativo\",\"description\":\"Periodista de cultura en la Regi\u00f3n de Valpara\u00edso.\",\"url\":\"https:\/\/dev.antudigital.cl\/sites\/vc\/author\/valpoadmin\/\"}]}<\/script>\n<!-- \/ Yoast SEO plugin. -->","yoast_head_json":{"title":"Tr\u00edo Marab\u00fa celebra el amor y la amistad con un concierto gratuito en Vi\u00f1a del Mar - Valpara\u00ed\u00adso Creativo","robots":{"index":"index","follow":"follow","max-snippet":"max-snippet:-1","max-image-preview":"max-image-preview:large","max-video-preview":"max-video-preview:-1"},"canonical":"https:\/\/dev.antudigital.cl\/sites\/vc\/trio-marabu-celebra-el-amor-y-la-amistad-con-un-concierto-gratuito-en-vina-del-mar\/","og_locale":"es_ES","og_type":"article","og_title":"Tr\u00edo Marab\u00fa celebra el amor y la amistad con un concierto gratuito en Vi\u00f1a del Mar - Valpara\u00ed\u00adso Creativo","og_description":"Boleros y valses peruanos dar\u00e1n vida a una rom\u00e1ntica jornada este viernes 14 de febrero, a cargo de Tr\u00edo Marab\u00fa, que se presentar\u00e1 en un concierto gratuito, en el frontis del Palacio Rioja en Vi\u00f1a del Mar para celebrar el D\u00eda del Amor. La presentaci\u00f3n comenzar\u00e1 a las 18:00 horas, con un repertorio que durar\u00e1 [&hellip;]","og_url":"https:\/\/dev.antudigital.cl\/sites\/vc\/trio-marabu-celebra-el-amor-y-la-amistad-con-un-concierto-gratuito-en-vina-del-mar\/","og_site_name":"Valpara\u00ed\u00adso Creativo","article_published_time":"2025-02-13T18:33:39+00:00","article_modified_time":"2025-02-13T18:33:56+00:00","og_image":[{"width":1600,"height":720,"url":"https:\/\/dev.antudigital.cl\/sites\/vc\/wp-content\/uploads\/2025\/02\/Trio-Marabu-1.jpg","type":"image\/jpeg"}],"author":"Valpara\u00edso Creativo","twitter_card":"summary_large_image","twitter_misc":{"Escrito por":"Valpara\u00edso Creativo","Tiempo de lectura":"2 minutos"},"schema":{"@context":"https:\/\/schema.org","@graph":[{"@type":"Article","@id":"https:\/\/dev.antudigital.cl\/sites\/vc\/trio-marabu-celebra-el-amor-y-la-amistad-con-un-concierto-gratuito-en-vina-del-mar\/#article","isPartOf":{"@id":"https:\/\/dev.antudigital.cl\/sites\/vc\/trio-marabu-celebra-el-amor-y-la-amistad-con-un-concierto-gratuito-en-vina-del-mar\/"},"author":{"name":"Valpara\u00edso Creativo","@id":"https:\/\/dev.antudigital.cl\/sites\/vc\/#\/schema\/person\/c2b9da8dd545e27166fc5ab232837318"},"headline":"Tr\u00edo Marab\u00fa celebra el amor y la amistad con un concierto gratuito en Vi\u00f1a del Mar","datePublished":"2025-02-13T18:33:39+00:00","dateModified":"2025-02-13T18:33:56+00:00","mainEntityOfPage":{"@id":"https:\/\/dev.antudigital.cl\/sites\/vc\/trio-marabu-celebra-el-amor-y-la-amistad-con-un-concierto-gratuito-en-vina-del-mar\/"},"wordCount":327,"image":{"@id":"https:\/\/dev.antudigital.cl\/sites\/vc\/trio-marabu-celebra-el-amor-y-la-amistad-con-un-concierto-gratuito-en-vina-del-mar\/#primaryimage"},"thumbnailUrl":"https:\/\/dev.antudigital.cl\/sites\/vc\/wp-content\/uploads\/2025\/02\/Trio-Marabu-1.jpg","articleSection":["Noticia"],"inLanguage":"es"},{"@type":"WebPage","@id":"https:\/\/dev.antudigital.cl\/sites\/vc\/trio-marabu-celebra-el-amor-y-la-amistad-con-un-concierto-gratuito-en-vina-del-mar\/","url":"https:\/\/dev.antudigital.cl\/sites\/vc\/trio-marabu-celebra-el-amor-y-la-amistad-con-un-concierto-gratuito-en-vina-del-mar\/","name":"Tr\u00edo Marab\u00fa celebra el amor y la amistad con un concierto gratuito en Vi\u00f1a del Mar - Valpara\u00ed\u00adso Creativo","isPartOf":{"@id":"https:\/\/dev.antudigital.cl\/sites\/vc\/#website"},"primaryImageOfPage":{"@id":"https:\/\/dev.antudigital.cl\/sites\/vc\/trio-marabu-celebra-el-amor-y-la-amistad-con-un-concierto-gratuito-en-vina-del-mar\/#primaryimage"},"image":{"@id":"https:\/\/dev.antudigital.cl\/sites\/vc\/trio-marabu-celebra-el-amor-y-la-amistad-con-un-concierto-gratuito-en-vina-del-mar\/#primaryimage"},"thumbnailUrl":"https:\/\/dev.antudigital.cl\/sites\/vc\/wp-content\/uploads\/2025\/02\/Trio-Marabu-1.jpg","datePublished":"2025-02-13T18:33:39+00:00","dateModified":"2025-02-13T18:33:56+00:00","author":{"@id":"https:\/\/dev.antudigital.cl\/sites\/vc\/#\/schema\/person\/c2b9da8dd545e27166fc5ab232837318"},"breadcrumb":{"@id":"https:\/\/dev.antudigital.cl\/sites\/vc\/trio-marabu-celebra-el-amor-y-la-amistad-con-un-concierto-gratuito-en-vina-del-mar\/#breadcrumb"},"inLanguage":"es","potentialAction":[{"@type":"ReadAction","target":["https:\/\/dev.antudigital.cl\/sites\/vc\/trio-marabu-celebra-el-amor-y-la-amistad-con-un-concierto-gratuito-en-vina-del-mar\/"]}]},{"@type":"ImageObject","inLanguage":"es","@id":"https:\/\/dev.antudigital.cl\/sites\/vc\/trio-marabu-celebra-el-amor-y-la-amistad-con-un-concierto-gratuito-en-vina-del-mar\/#primaryimage","url":"https:\/\/dev.antudigital.cl\/sites\/vc\/wp-content\/uploads\/2025\/02\/Trio-Marabu-1.jpg","contentUrl":"https:\/\/dev.antudigital.cl\/sites\/vc\/wp-content\/uploads\/2025\/02\/Trio-Marabu-1.jpg","width":1600,"height":720},{"@type":"BreadcrumbList","@id":"https:\/\/dev.antudigital.cl\/sites\/vc\/trio-marabu-celebra-el-amor-y-la-amistad-con-un-concierto-gratuito-en-vina-del-mar\/#breadcrumb","itemListElement":[{"@type":"ListItem","position":1,"name":"Home","item":"https:\/\/dev.antudigital.cl\/sites\/vc\/"},{"@type":"ListItem","position":2,"name":"Tr\u00edo Marab\u00fa celebra el amor y la amistad con un concierto gratuito en Vi\u00f1a del Mar"}]},{"@type":"WebSite","@id":"https:\/\/dev.antudigital.cl\/sites\/vc\/#website","url":"https:\/\/dev.antudigital.cl\/sites\/vc\/","name":"Valpara\u00ed\u00adso Creativo","description":"","potentialAction":[{"@type":"SearchAction","target":{"@type":"EntryPoint","urlTemplate":"https:\/\/dev.antudigital.cl\/sites\/vc\/?s={search_term_string}"},"query-input":{"@type":"PropertyValueSpecification","valueRequired":true,"valueName":"search_term_string"}}],"inLanguage":"es"},{"@type":"Person","@id":"https:\/\/dev.antudigital.cl\/sites\/vc\/#\/schema\/person\/c2b9da8dd545e27166fc5ab232837318","name":"Valpara\u00edso Creativo","description":"Periodista de cultura en la Regi\u00f3n de Valpara\u00edso.","url":"https:\/\/dev.antudigital.cl\/sites\/vc\/author\/valpoadmin\/"}]}},"_links":{"self":[{"href":"https:\/\/dev.antudigital.cl\/sites\/vc\/wp-json\/wp\/v2\/posts\/22074","targetHints":{"allow":["GET"]}}],"collection":[{"href":"https:\/\/dev.antudigital.cl\/sites\/vc\/wp-json\/wp\/v2\/posts"}],"about":[{"href":"https:\/\/dev.antudigital.cl\/sites\/vc\/wp-json\/wp\/v2\/types\/post"}],"author":[{"embeddable":true,"href":"https:\/\/dev.antudigital.cl\/sites\/vc\/wp-json\/wp\/v2\/users\/1"}],"replies":[{"embeddable":true,"href":"https:\/\/dev.antudigital.cl\/sites\/vc\/wp-json\/wp\/v2\/comments?post=22074"}],"version-history":[{"count":1,"href":"https:\/\/dev.antudigital.cl\/sites\/vc\/wp-json\/wp\/v2\/posts\/22074\/revisions"}],"predecessor-version":[{"id":22077,"href":"https:\/\/dev.antudigital.cl\/sites\/vc\/wp-json\/wp\/v2\/posts\/22074\/revisions\/22077"}],"wp:featuredmedia":[{"embeddable":true,"href":"https:\/\/dev.antudigital.cl\/sites\/vc\/wp-json\/wp\/v2\/media\/22076"}],"wp:attachment":[{"href":"https:\/\/dev.antudigital.cl\/sites\/vc\/wp-json\/wp\/v2\/media?parent=22074"}],"wp:term":[{"taxonomy":"category","embeddable":true,"href":"https:\/\/dev.antudigital.cl\/sites\/vc\/wp-json\/wp\/v2\/categories?post=22074"},{"taxonomy":"post_tag","embeddable":true,"href":"https:\/\/dev.antudigital.cl\/sites\/vc\/wp-json\/wp\/v2\/tags?post=22074"}],"curies":[{"name":"wp","href":"https:\/\/api.w.org\/{rel}","templated":true}]}}