{"id":22078,"date":"2025-02-13T18:44:25","date_gmt":"2025-02-13T18:44:25","guid":{"rendered":"https:\/\/www.valparaisocreativo.cl\/?p=22078"},"modified":"2025-02-13T18:44:42","modified_gmt":"2025-02-13T18:44:42","slug":"enaires-rinde-tributo-a-accidente-de-queronque-lanzando-nuevo-video-homenaje","status":"publish","type":"post","link":"https:\/\/dev.antudigital.cl\/sites\/vc\/enaires-rinde-tributo-a-accidente-de-queronque-lanzando-nuevo-video-homenaje\/","title":{"rendered":"EnAires rinde tributo a accidente de Queronque lanzando nuevo video homenaje"},"content":{"rendered":"\n<p><strong>El mayor accidente ferroviario ocurrido en el pa\u00eds se registr\u00f3 un 17 de febrero en esta localidad ubicada entre las comunas de Limache y Villa Alemana. Hoy, una compa\u00f1\u00eda de artes circenses porte\u00f1a se acerca a este drama estrenando un video arte realizado en los vagones protagonistas de este hecho.<\/strong><\/p>\n\n\n\n<p>A 39 a\u00f1os del accidente ferroviario m\u00e1s grande ocurrido en el pa\u00eds en el sector de Queronque, la compa\u00f1\u00eda de artes circenses EnAires de Valpara\u00edso sensibilizada con este drama estrena un video arte realizado en los vagones que a\u00fan se mantienen en la Tornamesa Bar\u00f3n, actual centro de investigaci\u00f3n de actividades circenses y artes esc\u00e9nicas en general.<\/p>\n\n\n\n<p>\u201cSucede que nosotros como compa\u00f1\u00eda que habita el espacio Tornamesa desde hace m\u00e1s de 10 a\u00f1os, que creamos y realizamos gran parte de nuestra vida en este lugar, no pod\u00edamos estar ajenos a este drama hist\u00f3rico de Queronque pues a diario convivimos y ocupamos estos vagones con alta carga de memoria y drama\u201d sostuvo Daniela Schuster, directora de la compa\u00f1\u00eda EnAires.<\/p>\n\n\n\n<figure class=\"wp-block-image size-large\"><img fetchpriority=\"high\" decoding=\"async\" width=\"1024\" height=\"576\" src=\"https:\/\/www.valparaisocreativo.cl\/wp-content\/uploads\/2025\/02\/LIRA-1-1024x576.jpg\" alt=\"\" class=\"wp-image-22079\" srcset=\"https:\/\/dev.antudigital.cl\/sites\/vc\/wp-content\/uploads\/2025\/02\/LIRA-1-1024x576.jpg 1024w, https:\/\/dev.antudigital.cl\/sites\/vc\/wp-content\/uploads\/2025\/02\/LIRA-1-300x169.jpg 300w, https:\/\/dev.antudigital.cl\/sites\/vc\/wp-content\/uploads\/2025\/02\/LIRA-1-768x432.jpg 768w, https:\/\/dev.antudigital.cl\/sites\/vc\/wp-content\/uploads\/2025\/02\/LIRA-1-1536x864.jpg 1536w, https:\/\/dev.antudigital.cl\/sites\/vc\/wp-content\/uploads\/2025\/02\/LIRA-1-2048x1152.jpg 2048w, https:\/\/dev.antudigital.cl\/sites\/vc\/wp-content\/uploads\/2025\/02\/LIRA-1-1080x608.jpg 1080w, https:\/\/dev.antudigital.cl\/sites\/vc\/wp-content\/uploads\/2025\/02\/LIRA-1-1280x720.jpg 1280w, https:\/\/dev.antudigital.cl\/sites\/vc\/wp-content\/uploads\/2025\/02\/LIRA-1-980x551.jpg 980w, https:\/\/dev.antudigital.cl\/sites\/vc\/wp-content\/uploads\/2025\/02\/LIRA-1-480x270.jpg 480w, https:\/\/dev.antudigital.cl\/sites\/vc\/wp-content\/uploads\/2025\/02\/LIRA-1-24x14.jpg 24w, https:\/\/dev.antudigital.cl\/sites\/vc\/wp-content\/uploads\/2025\/02\/LIRA-1-36x20.jpg 36w, https:\/\/dev.antudigital.cl\/sites\/vc\/wp-content\/uploads\/2025\/02\/LIRA-1-48x27.jpg 48w\" sizes=\"(max-width: 1024px) 100vw, 1024px\" \/><\/figure>\n\n\n\n<p><strong>Un 17 de febrero de 1986<\/strong><\/p>\n\n\n\n<p>Cuenta la lamentable historia que un tren expreso AES-16 acoplado con el AES-4 (con una formaci\u00f3n total de cuatro coches) que viajaba desde la ciudad de Valpara\u00edso hacia la Estaci\u00f3n Mapocho de Santiago (servicio n\u00ba 705) choc\u00f3 de frente con el automotor AES-9 Los Andes-Puerto (servicio n\u00ba 602) que iba con sus dos vagones. Ambos transportaban cerca de 1000 personas en total, con un saldo final fue de 58 muertos y 510 heridos (111 de ellos graves).<\/p>\n\n\n\n<p>Los primeros testigos que llegaron al lugar de accidente relataron que se encontraron con una imagen dantesca, con ambos trenes colisionados de frente, con los primeros vagones mutuamente triturados con fierros y cuerpos humanos destrozados.<\/p>\n\n\n\n<p><strong>La propuesta art\u00edstica<\/strong><\/p>\n\n\n\n<p>En virtud de la carga que conlleva convivir con estos vagones por a\u00f1os, la compa\u00f1\u00eda EnAires estrena este video arte que contempla el relato en audio de la \u00e9poca de la noticia del hecho y opiniones de sobrevivientes y testigos que dan cuenta del cruento atardecer.<\/p>\n\n\n\n<p>Adem\u00e1s, la propuesta art\u00edstica contempla un recorrido a\u00e9reo por el espacio Tornamesa y los vagones all\u00ed estacionados, que son ocupados con distintas expresiones art\u00edsticas. De este manera, fluye una muestra de Lira a cargo de Paulina Sanhueza Cabello, experimentaci\u00f3n en suspensi\u00f3n capilar con Ingrid Flores Moncada, premio nacional de artes esc\u00e9nicas a\u00f1o 2024; cuadro fijo y acrobacia piso con la int\u00e9rprete Lorena Garc\u00eda Medina, trapecio y danza vertical con la propia Daniela Schuster Manr\u00edquez, cuadro fijo y direcci\u00f3n t\u00e9cnica, Mario Nu\u00f1ez.<\/p>\n\n\n\n<p>El video en tanto, fue desarrollado por Marcelo Rojas en direcci\u00f3n, montaje y edici\u00f3n; Daniela Schuster a cargo de la direcci\u00f3n de arte y Constanza Cordero Onda en la direcci\u00f3n de fotograf\u00eda.<\/p>\n\n\n\n<figure class=\"wp-block-image size-large\"><img decoding=\"async\" width=\"1007\" height=\"1024\" src=\"https:\/\/www.valparaisocreativo.cl\/wp-content\/uploads\/2025\/02\/Captura-de-Pantalla-2025-02-12-a-las-14.50.02-1007x1024.png\" alt=\"\" class=\"wp-image-22081\" srcset=\"https:\/\/dev.antudigital.cl\/sites\/vc\/wp-content\/uploads\/2025\/02\/Captura-de-Pantalla-2025-02-12-a-las-14.50.02-1007x1024.png 1007w, https:\/\/dev.antudigital.cl\/sites\/vc\/wp-content\/uploads\/2025\/02\/Captura-de-Pantalla-2025-02-12-a-las-14.50.02-295x300.png 295w, https:\/\/dev.antudigital.cl\/sites\/vc\/wp-content\/uploads\/2025\/02\/Captura-de-Pantalla-2025-02-12-a-las-14.50.02-768x781.png 768w, https:\/\/dev.antudigital.cl\/sites\/vc\/wp-content\/uploads\/2025\/02\/Captura-de-Pantalla-2025-02-12-a-las-14.50.02-1080x1098.png 1080w, https:\/\/dev.antudigital.cl\/sites\/vc\/wp-content\/uploads\/2025\/02\/Captura-de-Pantalla-2025-02-12-a-las-14.50.02-980x997.png 980w, https:\/\/dev.antudigital.cl\/sites\/vc\/wp-content\/uploads\/2025\/02\/Captura-de-Pantalla-2025-02-12-a-las-14.50.02-480x488.png 480w, https:\/\/dev.antudigital.cl\/sites\/vc\/wp-content\/uploads\/2025\/02\/Captura-de-Pantalla-2025-02-12-a-las-14.50.02-24x24.png 24w, https:\/\/dev.antudigital.cl\/sites\/vc\/wp-content\/uploads\/2025\/02\/Captura-de-Pantalla-2025-02-12-a-las-14.50.02-36x36.png 36w, https:\/\/dev.antudigital.cl\/sites\/vc\/wp-content\/uploads\/2025\/02\/Captura-de-Pantalla-2025-02-12-a-las-14.50.02-48x48.png 48w, https:\/\/dev.antudigital.cl\/sites\/vc\/wp-content\/uploads\/2025\/02\/Captura-de-Pantalla-2025-02-12-a-las-14.50.02.png 1186w\" sizes=\"(max-width: 1007px) 100vw, 1007px\" \/><\/figure>\n\n\n\n<p><br>La pieza audiovisual ser\u00e1 estrenado el domingo 16 de febrero a las\u00a0 9 dela ma\u00f1ana en los canales de youtube de Enaires\u00a0 y Odronatafpv @enaires.cl y @odronatafpv.<\/p>\n","protected":false},"excerpt":{"rendered":"<p>El mayor accidente ferroviario ocurrido en el pa\u00eds se registr\u00f3 un 17 de febrero en esta localidad ubicada entre las comunas de Limache y Villa Alemana. Hoy, una compa\u00f1\u00eda de artes circenses porte\u00f1a se acerca a este drama estrenando un video arte realizado en los vagones protagonistas de este hecho. A 39 a\u00f1os del accidente [&hellip;]<\/p>\n","protected":false},"author":1,"featured_media":22080,"comment_status":"closed","ping_status":"closed","sticky":false,"template":"","format":"standard","meta":{"_acf_changed":false,"footnotes":""},"categories":[8],"tags":[],"class_list":["post-22078","post","type-post","status-publish","format-standard","has-post-thumbnail","hentry","category-noticia"],"acf":[],"yoast_head":"<!-- This site is optimized with the Yoast SEO plugin v27.1.1 - https:\/\/yoast.com\/product\/yoast-seo-wordpress\/ -->\n<title>EnAires rinde tributo a accidente de Queronque lanzando nuevo video homenaje - Valpara\u00ed\u00adso Creativo<\/title>\n<meta name=\"robots\" content=\"index, follow, max-snippet:-1, max-image-preview:large, max-video-preview:-1\" \/>\n<link rel=\"canonical\" href=\"https:\/\/dev.antudigital.cl\/sites\/vc\/enaires-rinde-tributo-a-accidente-de-queronque-lanzando-nuevo-video-homenaje\/\" \/>\n<meta property=\"og:locale\" content=\"es_ES\" \/>\n<meta property=\"og:type\" content=\"article\" \/>\n<meta property=\"og:title\" content=\"EnAires rinde tributo a accidente de Queronque lanzando nuevo video homenaje - Valpara\u00ed\u00adso Creativo\" \/>\n<meta property=\"og:description\" content=\"El mayor accidente ferroviario ocurrido en el pa\u00eds se registr\u00f3 un 17 de febrero en esta localidad ubicada entre las comunas de Limache y Villa Alemana. Hoy, una compa\u00f1\u00eda de artes circenses porte\u00f1a se acerca a este drama estrenando un video arte realizado en los vagones protagonistas de este hecho. A 39 a\u00f1os del accidente [&hellip;]\" \/>\n<meta property=\"og:url\" content=\"https:\/\/dev.antudigital.cl\/sites\/vc\/enaires-rinde-tributo-a-accidente-de-queronque-lanzando-nuevo-video-homenaje\/\" \/>\n<meta property=\"og:site_name\" content=\"Valpara\u00ed\u00adso Creativo\" \/>\n<meta property=\"article:published_time\" content=\"2025-02-13T18:44:25+00:00\" \/>\n<meta property=\"article:modified_time\" content=\"2025-02-13T18:44:42+00:00\" \/>\n<meta property=\"og:image\" content=\"https:\/\/dev.antudigital.cl\/sites\/vc\/wp-content\/uploads\/2025\/02\/CUADROFIJO-scaled.jpg\" \/>\n\t<meta property=\"og:image:width\" content=\"2560\" \/>\n\t<meta property=\"og:image:height\" content=\"1440\" \/>\n\t<meta property=\"og:image:type\" content=\"image\/jpeg\" \/>\n<meta name=\"author\" content=\"Valpara\u00edso Creativo\" \/>\n<meta name=\"twitter:card\" content=\"summary_large_image\" \/>\n<meta name=\"twitter:label1\" content=\"Escrito por\" \/>\n\t<meta name=\"twitter:data1\" content=\"Valpara\u00edso Creativo\" \/>\n\t<meta name=\"twitter:label2\" content=\"Tiempo de lectura\" \/>\n\t<meta name=\"twitter:data2\" content=\"3 minutos\" \/>\n<script type=\"application\/ld+json\" class=\"yoast-schema-graph\">{\"@context\":\"https:\/\/schema.org\",\"@graph\":[{\"@type\":\"Article\",\"@id\":\"https:\/\/dev.antudigital.cl\/sites\/vc\/enaires-rinde-tributo-a-accidente-de-queronque-lanzando-nuevo-video-homenaje\/#article\",\"isPartOf\":{\"@id\":\"https:\/\/dev.antudigital.cl\/sites\/vc\/enaires-rinde-tributo-a-accidente-de-queronque-lanzando-nuevo-video-homenaje\/\"},\"author\":{\"name\":\"Valpara\u00edso Creativo\",\"@id\":\"https:\/\/dev.antudigital.cl\/sites\/vc\/#\/schema\/person\/c2b9da8dd545e27166fc5ab232837318\"},\"headline\":\"EnAires rinde tributo a accidente de Queronque lanzando nuevo video homenaje\",\"datePublished\":\"2025-02-13T18:44:25+00:00\",\"dateModified\":\"2025-02-13T18:44:42+00:00\",\"mainEntityOfPage\":{\"@id\":\"https:\/\/dev.antudigital.cl\/sites\/vc\/enaires-rinde-tributo-a-accidente-de-queronque-lanzando-nuevo-video-homenaje\/\"},\"wordCount\":517,\"image\":{\"@id\":\"https:\/\/dev.antudigital.cl\/sites\/vc\/enaires-rinde-tributo-a-accidente-de-queronque-lanzando-nuevo-video-homenaje\/#primaryimage\"},\"thumbnailUrl\":\"https:\/\/dev.antudigital.cl\/sites\/vc\/wp-content\/uploads\/2025\/02\/CUADROFIJO-scaled.jpg\",\"articleSection\":[\"Noticia\"],\"inLanguage\":\"es\"},{\"@type\":\"WebPage\",\"@id\":\"https:\/\/dev.antudigital.cl\/sites\/vc\/enaires-rinde-tributo-a-accidente-de-queronque-lanzando-nuevo-video-homenaje\/\",\"url\":\"https:\/\/dev.antudigital.cl\/sites\/vc\/enaires-rinde-tributo-a-accidente-de-queronque-lanzando-nuevo-video-homenaje\/\",\"name\":\"EnAires rinde tributo a accidente de Queronque lanzando nuevo video homenaje - Valpara\u00ed\u00adso Creativo\",\"isPartOf\":{\"@id\":\"https:\/\/dev.antudigital.cl\/sites\/vc\/#website\"},\"primaryImageOfPage\":{\"@id\":\"https:\/\/dev.antudigital.cl\/sites\/vc\/enaires-rinde-tributo-a-accidente-de-queronque-lanzando-nuevo-video-homenaje\/#primaryimage\"},\"image\":{\"@id\":\"https:\/\/dev.antudigital.cl\/sites\/vc\/enaires-rinde-tributo-a-accidente-de-queronque-lanzando-nuevo-video-homenaje\/#primaryimage\"},\"thumbnailUrl\":\"https:\/\/dev.antudigital.cl\/sites\/vc\/wp-content\/uploads\/2025\/02\/CUADROFIJO-scaled.jpg\",\"datePublished\":\"2025-02-13T18:44:25+00:00\",\"dateModified\":\"2025-02-13T18:44:42+00:00\",\"author\":{\"@id\":\"https:\/\/dev.antudigital.cl\/sites\/vc\/#\/schema\/person\/c2b9da8dd545e27166fc5ab232837318\"},\"breadcrumb\":{\"@id\":\"https:\/\/dev.antudigital.cl\/sites\/vc\/enaires-rinde-tributo-a-accidente-de-queronque-lanzando-nuevo-video-homenaje\/#breadcrumb\"},\"inLanguage\":\"es\",\"potentialAction\":[{\"@type\":\"ReadAction\",\"target\":[\"https:\/\/dev.antudigital.cl\/sites\/vc\/enaires-rinde-tributo-a-accidente-de-queronque-lanzando-nuevo-video-homenaje\/\"]}]},{\"@type\":\"ImageObject\",\"inLanguage\":\"es\",\"@id\":\"https:\/\/dev.antudigital.cl\/sites\/vc\/enaires-rinde-tributo-a-accidente-de-queronque-lanzando-nuevo-video-homenaje\/#primaryimage\",\"url\":\"https:\/\/dev.antudigital.cl\/sites\/vc\/wp-content\/uploads\/2025\/02\/CUADROFIJO-scaled.jpg\",\"contentUrl\":\"https:\/\/dev.antudigital.cl\/sites\/vc\/wp-content\/uploads\/2025\/02\/CUADROFIJO-scaled.jpg\",\"width\":2560,\"height\":1440},{\"@type\":\"BreadcrumbList\",\"@id\":\"https:\/\/dev.antudigital.cl\/sites\/vc\/enaires-rinde-tributo-a-accidente-de-queronque-lanzando-nuevo-video-homenaje\/#breadcrumb\",\"itemListElement\":[{\"@type\":\"ListItem\",\"position\":1,\"name\":\"Home\",\"item\":\"https:\/\/dev.antudigital.cl\/sites\/vc\/\"},{\"@type\":\"ListItem\",\"position\":2,\"name\":\"EnAires rinde tributo a accidente de Queronque lanzando nuevo video homenaje\"}]},{\"@type\":\"WebSite\",\"@id\":\"https:\/\/dev.antudigital.cl\/sites\/vc\/#website\",\"url\":\"https:\/\/dev.antudigital.cl\/sites\/vc\/\",\"name\":\"Valpara\u00ed\u00adso Creativo\",\"description\":\"\",\"potentialAction\":[{\"@type\":\"SearchAction\",\"target\":{\"@type\":\"EntryPoint\",\"urlTemplate\":\"https:\/\/dev.antudigital.cl\/sites\/vc\/?s={search_term_string}\"},\"query-input\":{\"@type\":\"PropertyValueSpecification\",\"valueRequired\":true,\"valueName\":\"search_term_string\"}}],\"inLanguage\":\"es\"},{\"@type\":\"Person\",\"@id\":\"https:\/\/dev.antudigital.cl\/sites\/vc\/#\/schema\/person\/c2b9da8dd545e27166fc5ab232837318\",\"name\":\"Valpara\u00edso Creativo\",\"description\":\"Periodista de cultura en la Regi\u00f3n de Valpara\u00edso.\",\"url\":\"https:\/\/dev.antudigital.cl\/sites\/vc\/author\/valpoadmin\/\"}]}<\/script>\n<!-- \/ Yoast SEO plugin. -->","yoast_head_json":{"title":"EnAires rinde tributo a accidente de Queronque lanzando nuevo video homenaje - Valpara\u00ed\u00adso Creativo","robots":{"index":"index","follow":"follow","max-snippet":"max-snippet:-1","max-image-preview":"max-image-preview:large","max-video-preview":"max-video-preview:-1"},"canonical":"https:\/\/dev.antudigital.cl\/sites\/vc\/enaires-rinde-tributo-a-accidente-de-queronque-lanzando-nuevo-video-homenaje\/","og_locale":"es_ES","og_type":"article","og_title":"EnAires rinde tributo a accidente de Queronque lanzando nuevo video homenaje - Valpara\u00ed\u00adso Creativo","og_description":"El mayor accidente ferroviario ocurrido en el pa\u00eds se registr\u00f3 un 17 de febrero en esta localidad ubicada entre las comunas de Limache y Villa Alemana. Hoy, una compa\u00f1\u00eda de artes circenses porte\u00f1a se acerca a este drama estrenando un video arte realizado en los vagones protagonistas de este hecho. A 39 a\u00f1os del accidente [&hellip;]","og_url":"https:\/\/dev.antudigital.cl\/sites\/vc\/enaires-rinde-tributo-a-accidente-de-queronque-lanzando-nuevo-video-homenaje\/","og_site_name":"Valpara\u00ed\u00adso Creativo","article_published_time":"2025-02-13T18:44:25+00:00","article_modified_time":"2025-02-13T18:44:42+00:00","og_image":[{"width":2560,"height":1440,"url":"https:\/\/dev.antudigital.cl\/sites\/vc\/wp-content\/uploads\/2025\/02\/CUADROFIJO-scaled.jpg","type":"image\/jpeg"}],"author":"Valpara\u00edso Creativo","twitter_card":"summary_large_image","twitter_misc":{"Escrito por":"Valpara\u00edso Creativo","Tiempo de lectura":"3 minutos"},"schema":{"@context":"https:\/\/schema.org","@graph":[{"@type":"Article","@id":"https:\/\/dev.antudigital.cl\/sites\/vc\/enaires-rinde-tributo-a-accidente-de-queronque-lanzando-nuevo-video-homenaje\/#article","isPartOf":{"@id":"https:\/\/dev.antudigital.cl\/sites\/vc\/enaires-rinde-tributo-a-accidente-de-queronque-lanzando-nuevo-video-homenaje\/"},"author":{"name":"Valpara\u00edso Creativo","@id":"https:\/\/dev.antudigital.cl\/sites\/vc\/#\/schema\/person\/c2b9da8dd545e27166fc5ab232837318"},"headline":"EnAires rinde tributo a accidente de Queronque lanzando nuevo video homenaje","datePublished":"2025-02-13T18:44:25+00:00","dateModified":"2025-02-13T18:44:42+00:00","mainEntityOfPage":{"@id":"https:\/\/dev.antudigital.cl\/sites\/vc\/enaires-rinde-tributo-a-accidente-de-queronque-lanzando-nuevo-video-homenaje\/"},"wordCount":517,"image":{"@id":"https:\/\/dev.antudigital.cl\/sites\/vc\/enaires-rinde-tributo-a-accidente-de-queronque-lanzando-nuevo-video-homenaje\/#primaryimage"},"thumbnailUrl":"https:\/\/dev.antudigital.cl\/sites\/vc\/wp-content\/uploads\/2025\/02\/CUADROFIJO-scaled.jpg","articleSection":["Noticia"],"inLanguage":"es"},{"@type":"WebPage","@id":"https:\/\/dev.antudigital.cl\/sites\/vc\/enaires-rinde-tributo-a-accidente-de-queronque-lanzando-nuevo-video-homenaje\/","url":"https:\/\/dev.antudigital.cl\/sites\/vc\/enaires-rinde-tributo-a-accidente-de-queronque-lanzando-nuevo-video-homenaje\/","name":"EnAires rinde tributo a accidente de Queronque lanzando nuevo video homenaje - Valpara\u00ed\u00adso Creativo","isPartOf":{"@id":"https:\/\/dev.antudigital.cl\/sites\/vc\/#website"},"primaryImageOfPage":{"@id":"https:\/\/dev.antudigital.cl\/sites\/vc\/enaires-rinde-tributo-a-accidente-de-queronque-lanzando-nuevo-video-homenaje\/#primaryimage"},"image":{"@id":"https:\/\/dev.antudigital.cl\/sites\/vc\/enaires-rinde-tributo-a-accidente-de-queronque-lanzando-nuevo-video-homenaje\/#primaryimage"},"thumbnailUrl":"https:\/\/dev.antudigital.cl\/sites\/vc\/wp-content\/uploads\/2025\/02\/CUADROFIJO-scaled.jpg","datePublished":"2025-02-13T18:44:25+00:00","dateModified":"2025-02-13T18:44:42+00:00","author":{"@id":"https:\/\/dev.antudigital.cl\/sites\/vc\/#\/schema\/person\/c2b9da8dd545e27166fc5ab232837318"},"breadcrumb":{"@id":"https:\/\/dev.antudigital.cl\/sites\/vc\/enaires-rinde-tributo-a-accidente-de-queronque-lanzando-nuevo-video-homenaje\/#breadcrumb"},"inLanguage":"es","potentialAction":[{"@type":"ReadAction","target":["https:\/\/dev.antudigital.cl\/sites\/vc\/enaires-rinde-tributo-a-accidente-de-queronque-lanzando-nuevo-video-homenaje\/"]}]},{"@type":"ImageObject","inLanguage":"es","@id":"https:\/\/dev.antudigital.cl\/sites\/vc\/enaires-rinde-tributo-a-accidente-de-queronque-lanzando-nuevo-video-homenaje\/#primaryimage","url":"https:\/\/dev.antudigital.cl\/sites\/vc\/wp-content\/uploads\/2025\/02\/CUADROFIJO-scaled.jpg","contentUrl":"https:\/\/dev.antudigital.cl\/sites\/vc\/wp-content\/uploads\/2025\/02\/CUADROFIJO-scaled.jpg","width":2560,"height":1440},{"@type":"BreadcrumbList","@id":"https:\/\/dev.antudigital.cl\/sites\/vc\/enaires-rinde-tributo-a-accidente-de-queronque-lanzando-nuevo-video-homenaje\/#breadcrumb","itemListElement":[{"@type":"ListItem","position":1,"name":"Home","item":"https:\/\/dev.antudigital.cl\/sites\/vc\/"},{"@type":"ListItem","position":2,"name":"EnAires rinde tributo a accidente de Queronque lanzando nuevo video homenaje"}]},{"@type":"WebSite","@id":"https:\/\/dev.antudigital.cl\/sites\/vc\/#website","url":"https:\/\/dev.antudigital.cl\/sites\/vc\/","name":"Valpara\u00ed\u00adso Creativo","description":"","potentialAction":[{"@type":"SearchAction","target":{"@type":"EntryPoint","urlTemplate":"https:\/\/dev.antudigital.cl\/sites\/vc\/?s={search_term_string}"},"query-input":{"@type":"PropertyValueSpecification","valueRequired":true,"valueName":"search_term_string"}}],"inLanguage":"es"},{"@type":"Person","@id":"https:\/\/dev.antudigital.cl\/sites\/vc\/#\/schema\/person\/c2b9da8dd545e27166fc5ab232837318","name":"Valpara\u00edso Creativo","description":"Periodista de cultura en la Regi\u00f3n de Valpara\u00edso.","url":"https:\/\/dev.antudigital.cl\/sites\/vc\/author\/valpoadmin\/"}]}},"_links":{"self":[{"href":"https:\/\/dev.antudigital.cl\/sites\/vc\/wp-json\/wp\/v2\/posts\/22078","targetHints":{"allow":["GET"]}}],"collection":[{"href":"https:\/\/dev.antudigital.cl\/sites\/vc\/wp-json\/wp\/v2\/posts"}],"about":[{"href":"https:\/\/dev.antudigital.cl\/sites\/vc\/wp-json\/wp\/v2\/types\/post"}],"author":[{"embeddable":true,"href":"https:\/\/dev.antudigital.cl\/sites\/vc\/wp-json\/wp\/v2\/users\/1"}],"replies":[{"embeddable":true,"href":"https:\/\/dev.antudigital.cl\/sites\/vc\/wp-json\/wp\/v2\/comments?post=22078"}],"version-history":[{"count":1,"href":"https:\/\/dev.antudigital.cl\/sites\/vc\/wp-json\/wp\/v2\/posts\/22078\/revisions"}],"predecessor-version":[{"id":22082,"href":"https:\/\/dev.antudigital.cl\/sites\/vc\/wp-json\/wp\/v2\/posts\/22078\/revisions\/22082"}],"wp:featuredmedia":[{"embeddable":true,"href":"https:\/\/dev.antudigital.cl\/sites\/vc\/wp-json\/wp\/v2\/media\/22080"}],"wp:attachment":[{"href":"https:\/\/dev.antudigital.cl\/sites\/vc\/wp-json\/wp\/v2\/media?parent=22078"}],"wp:term":[{"taxonomy":"category","embeddable":true,"href":"https:\/\/dev.antudigital.cl\/sites\/vc\/wp-json\/wp\/v2\/categories?post=22078"},{"taxonomy":"post_tag","embeddable":true,"href":"https:\/\/dev.antudigital.cl\/sites\/vc\/wp-json\/wp\/v2\/tags?post=22078"}],"curies":[{"name":"wp","href":"https:\/\/api.w.org\/{rel}","templated":true}]}}